{"id":21049,"date":"2015-11-19T15:29:17","date_gmt":"2015-11-19T14:29:17","guid":{"rendered":"https:\/\/www.toutsurmesfinances.com\/retraite\/retraites-comment-fonctionne-la-decote.html"},"modified":"2021-12-08T15:24:55","modified_gmt":"2021-12-08T14:24:55","slug":"retraites-comment-fonctionne-la-decote","status":"publish","type":"post","link":"https:\/\/www.toutsurmesfinances.com\/retraite\/retraites-comment-fonctionne-la-decote.html","title":{"rendered":"Retraites : comment fonctionne la d\u00e9cote ?"},"content":{"rendered":"<section class=\"l-section wpb_row height_small\"><div class=\"l-section-h i-cf\"><div class=\"g-cols vc_row via_flex valign_top type_default stacking_default\"><div class=\"vc_col-sm-12 wpb_column vc_column_container\"><div class=\"vc_column-inner\"><div class=\"wpb_wrapper\"><div class=\"wpb_text_column\"><div class=\"wpb_wrapper\"><p>Pour partir \u00e0 la retraite, il faut atteindre un \u00e2ge minimum, d\u00e9nomm\u00e9 \u00ab \u00e2ge l\u00e9gal de d\u00e9part \u00bb dans le secteur priv\u00e9 et \u00ab \u00e2ge d&rsquo;ouverture des droits \u00bb dans le public. Toutefois, pour percevoir une pension pleine, c&rsquo;est-\u00e0-dire sans abattement, l&rsquo;assur\u00e9 doit \u00e9galement justifier d&rsquo;<a href=\"https:\/\/www.toutsurmesfinances.com\/retraite\/duree-de-cotisation-combien-de-trimestres-pour-partir-a-la-retraite.html\" target=\"_blank\" rel=\"noopener noreferrer\">un certain nombre de trimestres de cotisations d\u00e9fini en fonction de sa date de naissance<\/a>. Si cette dur\u00e9e de cotisation n&rsquo;est pas respect\u00e9e, une d\u00e9cote vient minorer le montant de sa retraite.<\/p>\n<p>&nbsp;<\/p>\n<h2><span class=\"ez-toc-section\" id=\"%E2%80%93_Qui_est_concerne\"><\/span>&#8211; Qui est concern\u00e9 ?<span class=\"ez-toc-section-end\"><\/span><\/h2>\n<p>Tous les actifs qui partent \u00e0 la retraite sans disposer du nombre de trimestres exig\u00e9 dans leur classe d&rsquo;\u00e2ge subissent un abattement. Les r\u00e8gles varient, toutefois, entre le public et le priv\u00e9. Un coefficient de minoration s&rsquo;applique \u00e9galement dans les r\u00e9gimes compl\u00e9mentaires <a href=\"https:\/\/www.toutsurmesfinances.com\/retraite\/arrco-la-retraite-complementaire-des-salaries.html\" target=\"_blank\" rel=\"noopener noreferrer\">Arrco<\/a> (pour l&rsquo;ensemble des salari\u00e9s) et<a href=\"https:\/\/www.toutsurmesfinances.com\/retraite\/agirc-la-retraite-complementaire-des-cadres.html\" target=\"_blank\" rel=\"noopener noreferrer\"> Agirc<\/a> (pour les seuls cadres) si la dur\u00e9e de cotisation requise dans le r\u00e9gime de base n&rsquo;est pas atteinte.<br \/>\nAttention, il s&rsquo;agit ici d&rsquo;une d\u00e9cote viag\u00e8re, c&rsquo;est-\u00e0-dire appliqu\u00e9e jusqu&rsquo;au d\u00e9c\u00e8s, contrairement au malus temporaire instaur\u00e9 par l&rsquo;accord Agirc-Arrco valid\u00e9 le 30 octobre 2015.<\/p>\n<h2><span class=\"ez-toc-section\" id=\"%E2%80%93_Comment_est_calculee_la_decote\"><\/span>&#8211; Comment est calcul\u00e9e la d\u00e9cote ?<span class=\"ez-toc-section-end\"><\/span><\/h2>\n<p>La minoration d\u00e9pend du nombre de trimestres manquants pour atteindre la dur\u00e9e de cotisation demand\u00e9e ou l&rsquo;\u00e2ge d&rsquo;annulation de la d\u00e9cote. Cet \u00e2ge varie de 65 \u00e0 67 ans selon les g\u00e9n\u00e9rations et de 60 \u00e0 62 ans, voire 55 \u00e0 57 ans, pour les agents de la cat\u00e9gorie dite \u00ab active \u00bb de la fonction publique (policiers, gendarmes, gardiens de prison, pompiers, aides-soignants, \u00e9ducateurs sp\u00e9cialis\u00e9s&#8230;).<br \/>\nLe nombre de trimestres manquants retenu correspond au plus petit des deux calculs. <a href=\"https:\/\/www.toutsurmesfinances.com\/retraite\/la-surcote-les-conditions-pour-beneficier-d-une-meilleure-retraite.html\" target=\"_blank\" rel=\"noopener noreferrer\">Contrairement \u00e0 la surcote qui n&rsquo;est pas plafonn\u00e9e<\/a>, la d\u00e9cote ne peut exc\u00e9der 20 trimestres. Le nombre de trimestres manquants est ensuite multipli\u00e9 par le coefficient de minoration. Le r\u00e9sultat d\u00e9finit le pourcentage d&rsquo;abattement appliqu\u00e9 au montant de la pension.<br \/>\nA noter : si la d\u00e9cote est automatiquement supprim\u00e9e \u00e0 65 ou 67 ans, la retraite est quand m\u00eame minor\u00e9e. En effet, la pension \u00e9tant calcul\u00e9e en fonction du nombre de trimestres cotis\u00e9s, un prorata est instaur\u00e9 si la condition de cotisation n&rsquo;est pas remplie. En revanche, le coefficient de minoration n&rsquo;est plus appliqu\u00e9.<\/p>\n<p>&nbsp;<\/p>\n<h2><span class=\"ez-toc-section\" id=\"%E2%80%93_Comment_est_defini_le_coefficient_de_minoration\"><\/span>&#8211; Comment est d\u00e9fini le coefficient de minoration ?<span class=\"ez-toc-section-end\"><\/span><\/h2>\n<p>Le coefficient varie en fonction de la date de naissance dans les r\u00e9gimes de retraite priv\u00e9e. Il s&rsquo;exprime en pourcentage dans les r\u00e9gimes de base et en points dans les r\u00e9gimes compl\u00e9mentaires.<\/p>\n<p>&nbsp;<\/p>\n<table style=\"width: 604px; border-collapse: collapse;\" border=\"0\" cellspacing=\"0\" cellpadding=\"0\">\n<tbody>\n<tr>\n<td style=\"width: 91.9pt; border: 1pt solid windowtext; padding: 0cm 5.4pt;\" valign=\"top\" width=\"123\">\n<p style=\"margin-bottom: 0.0001pt; line-height: 150%;\"><span style=\"font-size: 12pt; line-height: 150%; font-family: 'Times New Roman',serif;\">Ann\u00e9e de naissance <\/span><\/p>\n<\/td>\n<td style=\"width: 184.3pt; border-width: 1pt 1pt 1pt medium; border-style: solid solid solid none; border-color: windowtext windowtext windowtext -moz-use-text-color; padding: 0cm 5.4pt;\" valign=\"top\" width=\"246\">\n<p style=\"margin-bottom: 0.0001pt; line-height: 150%;\"><span style=\"font-size: 12pt; line-height: 150%; font-family: 'Times New Roman',serif;\">Coefficient de minoration en pourcentage (r\u00e9gime de base) <\/span><\/p>\n<\/td>\n<td style=\"width: 177.15pt; border-width: 1pt 1pt 1pt medium; border-style: solid solid solid none; border-color: windowtext windowtext windowtext -moz-use-text-color; padding: 0cm 5.4pt;\" valign=\"top\" width=\"236\">\n<p style=\"margin-bottom: 0.0001pt; line-height: 150%;\"><span style=\"font-size: 12pt; line-height: 150%; font-family: 'Times New Roman',serif;\">Coefficient de minoration en points (r\u00e9gime compl\u00e9mentaire)<\/span><\/p>\n<\/td>\n<\/tr>\n<tr>\n<td style=\"width: 91.9pt; border-width: medium 1pt 1pt; border-style: none solid solid; border-color: -moz-use-text-color windowtext windowtext; padding: 0cm 5.4pt;\" width=\"123\">\n<p style=\"text-align: justify; line-height: 150%;\">1946<\/p>\n<\/td>\n<td style=\"width: 184.3pt; border-width: medium 1pt 1pt medium; border-style: none solid solid none; border-color: -moz-use-text-color windowtext windowtext -moz-use-text-color; padding: 0cm 5.4pt;\" width=\"246\">\n<p style=\"text-align: justify; line-height: 150%;\">2,125%<\/p>\n<\/td>\n<td style=\"width: 177.15pt; border-width: medium 1pt 1pt medium; border-style: none solid solid none; border-color: -moz-use-text-color windowtext windowtext -moz-use-text-color; padding: 0cm 5.4pt;\" width=\"236\">\n<p style=\"text-align: justify; line-height: 150%;\">-1,125<\/p>\n<\/td>\n<\/tr>\n<tr>\n<td style=\"width: 91.9pt; border-width: medium 1pt 1pt; border-style: none solid solid; border-color: -moz-use-text-color windowtext windowtext; padding: 0cm 5.4pt;\" width=\"123\">\n<p style=\"text-align: justify; line-height: 150%;\">1947<\/p>\n<\/td>\n<td style=\"width: 184.3pt; border-width: medium 1pt 1pt medium; border-style: none solid solid none; border-color: -moz-use-text-color windowtext windowtext -moz-use-text-color; padding: 0cm 5.4pt;\" width=\"246\">\n<p style=\"text-align: justify; line-height: 150%;\">2%<\/p>\n<\/td>\n<td style=\"width: 177.15pt; border-width: medium 1pt 1pt medium; border-style: none solid solid none; border-color: -moz-use-text-color windowtext windowtext -moz-use-text-color; padding: 0cm 5.4pt;\" width=\"236\">\n<p style=\"text-align: justify; line-height: 150%;\">-1<\/p>\n<\/td>\n<\/tr>\n<tr>\n<td style=\"width: 91.9pt; border-width: medium 1pt 1pt; border-style: none solid solid; border-color: -moz-use-text-color windowtext windowtext; padding: 0cm 5.4pt;\" width=\"123\">\n<p style=\"text-align: justify; line-height: 150%;\">1948<\/p>\n<\/td>\n<td style=\"width: 184.3pt; border-width: medium 1pt 1pt medium; border-style: none solid solid none; border-color: -moz-use-text-color windowtext windowtext -moz-use-text-color; padding: 0cm 5.4pt;\" width=\"246\">\n<p style=\"text-align: justify; line-height: 150%;\">1,875%<\/p>\n<\/td>\n<td style=\"width: 177.15pt; border-width: medium 1pt 1pt medium; border-style: none solid solid none; border-color: -moz-use-text-color windowtext windowtext -moz-use-text-color; padding: 0cm 5.4pt;\" width=\"236\">\n<p style=\"text-align: justify; line-height: 150%;\">-0,9375<\/p>\n<\/td>\n<\/tr>\n<tr>\n<td style=\"width: 91.9pt; border-width: medium 1pt 1pt; border-style: none solid solid; border-color: -moz-use-text-color windowtext windowtext; padding: 0cm 5.4pt;\" width=\"123\">\n<p style=\"text-align: justify; line-height: 150%;\">1949<\/p>\n<\/td>\n<td style=\"width: 184.3pt; border-width: medium 1pt 1pt medium; border-style: none solid solid none; border-color: -moz-use-text-color windowtext windowtext -moz-use-text-color; padding: 0cm 5.4pt;\" width=\"246\">\n<p style=\"text-align: justify; line-height: 150%;\">1,75%<\/p>\n<\/td>\n<td style=\"width: 177.15pt; border-width: medium 1pt 1pt medium; border-style: none solid solid none; border-color: -moz-use-text-color windowtext windowtext -moz-use-text-color; padding: 0cm 5.4pt;\" width=\"236\">\n<p style=\"text-align: justify; line-height: 150%;\">-0,875<\/p>\n<\/td>\n<\/tr>\n<tr>\n<td style=\"width: 91.9pt; border-width: medium 1pt 1pt; border-style: none solid solid; border-color: -moz-use-text-color windowtext windowtext; padding: 0cm 5.4pt;\" width=\"123\">\n<p style=\"text-align: justify; line-height: 150%;\">1950<\/p>\n<\/td>\n<td style=\"width: 184.3pt; border-width: medium 1pt 1pt medium; border-style: none solid solid none; border-color: -moz-use-text-color windowtext windowtext -moz-use-text-color; padding: 0cm 5.4pt;\" width=\"246\">\n<p style=\"text-align: justify; line-height: 150%;\">1,625%<\/p>\n<\/td>\n<td style=\"width: 177.15pt; border-width: medium 1pt 1pt medium; border-style: none solid solid none; border-color: -moz-use-text-color windowtext windowtext -moz-use-text-color; padding: 0cm 5.4pt;\" width=\"236\">\n<p style=\"text-align: justify; line-height: 150%;\">-0,8125<\/p>\n<\/td>\n<\/tr>\n<tr>\n<td style=\"width: 91.9pt; border-width: medium 1pt 1pt; border-style: none solid solid; border-color: -moz-use-text-color windowtext windowtext; padding: 0cm 5.4pt;\" width=\"123\">\n<p style=\"text-align: justify; line-height: 150%;\">1951<\/p>\n<\/td>\n<td style=\"width: 184.3pt; border-width: medium 1pt 1pt medium; border-style: none solid solid none; border-color: -moz-use-text-color windowtext windowtext -moz-use-text-color; padding: 0cm 5.4pt;\" width=\"246\">\n<p style=\"text-align: justify; line-height: 150%;\">1,5%<\/p>\n<\/td>\n<td style=\"width: 177.15pt; border-width: medium 1pt 1pt medium; border-style: none solid solid none; border-color: -moz-use-text-color windowtext windowtext -moz-use-text-color; padding: 0cm 5.4pt;\" width=\"236\">\n<p style=\"text-align: justify; line-height: 150%;\">-0,75<\/p>\n<\/td>\n<\/tr>\n<tr>\n<td style=\"width: 91.9pt; border-width: medium 1pt 1pt; border-style: none solid solid; border-color: -moz-use-text-color windowtext windowtext; padding: 0cm 5.4pt;\" width=\"123\">\n<p style=\"text-align: justify; line-height: 150%;\">1952<\/p>\n<\/td>\n<td style=\"width: 184.3pt; border-width: medium 1pt 1pt medium; border-style: none solid solid none; border-color: -moz-use-text-color windowtext windowtext -moz-use-text-color; padding: 0cm 5.4pt;\" width=\"246\">\n<p style=\"text-align: justify; line-height: 150%;\">1,375%<\/p>\n<\/td>\n<td style=\"width: 177.15pt; border-width: medium 1pt 1pt medium; border-style: none solid solid none; border-color: -moz-use-text-color windowtext windowtext -moz-use-text-color; padding: 0cm 5.4pt;\" width=\"236\">\n<p style=\"text-align: justify; line-height: 150%;\">-0,6875<\/p>\n<\/td>\n<\/tr>\n<tr>\n<td style=\"width: 91.9pt; border-width: medium 1pt 1pt; border-style: none solid solid; border-color: -moz-use-text-color windowtext windowtext; padding: 0cm 5.4pt;\" width=\"123\">\n<p style=\"text-align: justify; line-height: 150%;\">1953 (et apr\u00e8s)<\/p>\n<\/td>\n<td style=\"width: 184.3pt; border-width: medium 1pt 1pt medium; border-style: none solid solid none; border-color: -moz-use-text-color windowtext windowtext -moz-use-text-color; padding: 0cm 5.4pt;\" width=\"246\">\n<p style=\"text-align: justify; line-height: 150%;\">1,25%<\/p>\n<\/td>\n<td style=\"width: 177.15pt; border-width: medium 1pt 1pt medium; border-style: none solid solid none; border-color: -moz-use-text-color windowtext windowtext -moz-use-text-color; padding: 0cm 5.4pt;\" width=\"236\">\n<p style=\"text-align: justify; line-height: 150%;\">-0,625<\/p>\n<\/td>\n<\/tr>\n<\/tbody>\n<\/table>\n<p>&nbsp;<\/p>\n<p>Dans les r\u00e9gimes de retraite publique, le coefficient d\u00e9pend de l&rsquo;ann\u00e9e de l&rsquo;atteinte de la condition d&rsquo;\u00e2ge. A titre d&rsquo;exemple, un fonctionnaire qui atteint l&rsquo;\u00e2ge d&rsquo;ouverture des droits en 2014 se voit appliquer le taux de d\u00e9cote de 1,125%, m\u00eame s&rsquo;il liquide sa retraite en 2015.<\/p>\n<p>&nbsp;<\/p>\n<table style=\"width: 595px; border-collapse: collapse;\" border=\"0\" cellspacing=\"0\" cellpadding=\"0\">\n<tbody>\n<tr>\n<td style=\"width: 169.85pt; border: 1pt solid windowtext; padding: 0cm 5.4pt;\" valign=\"top\" width=\"226\">\n<p style=\"margin-bottom: 0.0001pt; text-align: justify; line-height: 150%;\"><span style=\"font-size: 12pt; line-height: 150%; font-family: 'Times New Roman',serif;\">Ann\u00e9e d\u2019ouverture des droits\u00a0 <\/span><\/p>\n<\/td>\n<td style=\"width: 276.45pt; border-width: 1pt 1pt 1pt medium; border-style: solid solid solid none; border-color: windowtext windowtext windowtext -moz-use-text-color; padding: 0cm 5.4pt;\" valign=\"top\" width=\"369\">\n<p style=\"margin-bottom: 0.0001pt; text-align: justify; line-height: 150%;\"><span style=\"font-size: 12pt; line-height: 150%; font-family: 'Times New Roman',serif;\">Taux de d\u00e9cote applicable par trimestre manquant<\/span><\/p>\n<\/td>\n<\/tr>\n<tr>\n<td style=\"width: 169.85pt; border-width: medium 1pt 1pt; border-style: none solid solid; border-color: -moz-use-text-color windowtext windowtext; padding: 0cm 5.4pt;\" width=\"226\">\n<p style=\"text-align: justify; line-height: 150%;\">2011<\/p>\n<\/td>\n<td style=\"width: 276.45pt; border-width: medium 1pt 1pt medium; border-style: none solid solid none; border-color: -moz-use-text-color windowtext windowtext -moz-use-text-color; padding: 0cm 5.4pt;\" width=\"369\">\n<p style=\"text-align: justify; line-height: 150%;\">0,75%<\/p>\n<\/td>\n<\/tr>\n<tr>\n<td style=\"width: 169.85pt; border-width: medium 1pt 1pt; border-style: none solid solid; border-color: -moz-use-text-color windowtext windowtext; padding: 0cm 5.4pt;\" width=\"226\">\n<p style=\"text-align: justify; line-height: 150%;\">2012<\/p>\n<\/td>\n<td style=\"width: 276.45pt; border-width: medium 1pt 1pt medium; border-style: none solid solid none; border-color: -moz-use-text-color windowtext windowtext -moz-use-text-color; padding: 0cm 5.4pt;\" width=\"369\">\n<p style=\"text-align: justify; line-height: 150%;\">0,875%<\/p>\n<\/td>\n<\/tr>\n<tr>\n<td style=\"width: 169.85pt; border-width: medium 1pt 1pt; border-style: none solid solid; border-color: -moz-use-text-color windowtext windowtext; padding: 0cm 5.4pt;\" width=\"226\">\n<p style=\"text-align: justify; line-height: 150%;\">2013<\/p>\n<\/td>\n<td style=\"width: 276.45pt; border-width: medium 1pt 1pt medium; border-style: none solid solid none; border-color: -moz-use-text-color windowtext windowtext -moz-use-text-color; padding: 0cm 5.4pt;\" width=\"369\">\n<p style=\"text-align: justify; line-height: 150%;\">1%<\/p>\n<\/td>\n<\/tr>\n<tr>\n<td style=\"width: 169.85pt; border-width: medium 1pt 1pt; border-style: none solid solid; border-color: -moz-use-text-color windowtext windowtext; padding: 0cm 5.4pt;\" width=\"226\">\n<p style=\"text-align: justify; line-height: 150%;\">2014<\/p>\n<\/td>\n<td style=\"width: 276.45pt; border-width: medium 1pt 1pt medium; border-style: none solid solid none; border-color: -moz-use-text-color windowtext windowtext -moz-use-text-color; padding: 0cm 5.4pt;\" width=\"369\">\n<p style=\"text-align: justify; line-height: 150%;\">1,125%<\/p>\n<\/td>\n<\/tr>\n<tr>\n<td style=\"width: 169.85pt; border-width: medium 1pt 1pt; border-style: none solid solid; border-color: -moz-use-text-color windowtext windowtext; padding: 0cm 5.4pt;\" width=\"226\">\n<p style=\"text-align: justify; line-height: 150%;\">2015 et au-del\u00e0<\/p>\n<\/td>\n<td style=\"width: 276.45pt; border-width: medium 1pt 1pt medium; border-style: none solid solid none; border-color: -moz-use-text-color windowtext windowtext -moz-use-text-color; padding: 0cm 5.4pt;\" width=\"369\">\n<p style=\"text-align: justify; line-height: 150%;\">1,25%<\/p>\n<\/td>\n<\/tr>\n<\/tbody>\n<\/table>\n<p>&nbsp;<\/p>\n<h2><span class=\"ez-toc-section\" id=\"%E2%80%93_Existe-t-il_des_exemptions\"><\/span>&#8211; Existe-t-il des exemptions ?<span class=\"ez-toc-section-end\"><\/span><\/h2>\n<p>Les personnes pr\u00e9sentant un taux d&rsquo;incapacit\u00e9 permanente (IP) d&rsquo;au moins 50% peuvent partir \u00e0 la retraite \u00e0 l&rsquo;\u00e2ge l\u00e9gal sans minoration alors m\u00eame qu&rsquo;elle ne disposent pas de tous leurs trimestres. Les parents d&rsquo;enfants handicap\u00e9s qui ont arr\u00eat\u00e9 de travailler pendant au moins 30 mois cons\u00e9cutifs pour s&rsquo;en occuper ne supportent pas non plus de d\u00e9cote s&rsquo;ils prennent leur retraite \u00e0 65 ans.<\/p>\n<p>C&rsquo;est \u00e9galement le cas pour les fonctionnaires n\u00e9s entre le 1er juillet 1951 et le 31 d\u00e9cembre 1955, parents d&rsquo;au moins 3 enfants, justifiant d&rsquo;au moins 15 ans de service et ayant interrompu leur activit\u00e9 durant au moins 2 mois pour la naissance ou l&rsquo;adoption d&rsquo;au moins l&rsquo;un d&rsquo;entre eux.<\/p>\n<p>&nbsp;<\/p>\n<p><strong>A lire aussi :<\/strong><\/p>\n<p><a href=\"https:\/\/www.toutsurmesfinances.com\/retraite\/formation-professionnelle-des-trimestres-de-retraite-pour-les-chomeurs-en-fin-de-droit.html\" target=\"_blank\" rel=\"noopener noreferrer\">Formation professionnelle : des trimestres de retraite pour les ch\u00f4meurs en fin de droit<\/a><\/p>\n<\/div><\/div><\/div><\/div><\/div><\/div><\/div><\/section>\n","protected":false},"excerpt":{"rendered":"<p>Les assur\u00e9s qui partent \u00e0 la retraite sans disposer de tous leurs trimestres de cotisation se voient appliquer une minoration sur le montant de leurs pensions. Les r\u00e8gles d&rsquo;abattement sont diff\u00e9rentes dans le secteur public et le secteur priv\u00e9. \u00a0  \u00a0<\/p>\n","protected":false},"author":13713,"featured_media":21048,"comment_status":"closed","ping_status":"closed","sticky":false,"template":"","format":"standard","meta":{"footnotes":""},"categories":[30],"tags":[],"class_list":["post-21049","post","type-post","status-publish","format-standard","has-post-thumbnail","hentry","category-duree-d-assurance"],"acf":[],"yoast_head":"<!-- This site is optimized with the Yoast SEO plugin v24.9 - https:\/\/yoast.com\/wordpress\/plugins\/seo\/ -->\n<title>Retraites : comment fonctionne la d\u00e9cote ?<\/title>\n<meta name=\"description\" content=\"Les assur\u00e9s qui partent \u00e0 la retraite sans disposer de tous leurs trimestres de cotisation se voient appliquer une minoration sur le montant de leurs pensions. Les r\u00e8gles d&#039;abattement sont diff\u00e9rentes dans le secteur public et le secteur priv\u00e9.\" \/>\n<meta name=\"robots\" content=\"index, follow, max-snippet:-1, max-image-preview:large, max-video-preview:-1\" \/>\n<link rel=\"canonical\" href=\"https:\/\/www.toutsurmesfinances.com\/retraite\/retraites-comment-fonctionne-la-decote.html\" \/>\n<meta property=\"og:locale\" content=\"fr_FR\" \/>\n<meta property=\"og:type\" content=\"article\" \/>\n<meta property=\"og:title\" content=\"Retraites : comment fonctionne la d\u00e9cote ?\" \/>\n<meta property=\"og:description\" content=\"Les assur\u00e9s qui partent \u00e0 la retraite sans disposer de tous leurs trimestres de cotisation se voient appliquer une minoration sur le montant de leurs pensions. Les r\u00e8gles d&#039;abattement sont diff\u00e9rentes dans le secteur public et le secteur priv\u00e9.\" \/>\n<meta property=\"og:url\" content=\"https:\/\/www.toutsurmesfinances.com\/retraite\/retraites-comment-fonctionne-la-decote.html\" \/>\n<meta property=\"og:site_name\" content=\"Retraite\" \/>\n<meta property=\"article:published_time\" content=\"2015-11-19T14:29:17+00:00\" \/>\n<meta property=\"article:modified_time\" content=\"2021-12-08T14:24:55+00:00\" \/>\n<meta property=\"og:image\" content=\"https:\/\/www.toutsurmesfinances.com\/retraite\/wp-content\/uploads\/sites\/4\/2015\/11\/vieux-pensif-fotolia.jpg\" \/>\n\t<meta property=\"og:image:width\" content=\"823\" \/>\n\t<meta property=\"og:image:height\" content=\"463\" \/>\n\t<meta property=\"og:image:type\" content=\"image\/jpeg\" \/>\n<meta name=\"author\" content=\"Jean-Philippe Dubosc\" \/>\n<meta name=\"twitter:card\" content=\"summary_large_image\" \/>\n<meta name=\"twitter:creator\" content=\"@Toutsur\" \/>\n<meta name=\"twitter:site\" content=\"@Toutsur\" \/>\n<meta name=\"twitter:label1\" content=\"\u00c9crit par\" \/>\n\t<meta name=\"twitter:data1\" content=\"Jean-Philippe Dubosc\" \/>\n\t<meta name=\"twitter:label2\" content=\"Dur\u00e9e de lecture estim\u00e9e\" \/>\n\t<meta name=\"twitter:data2\" content=\"3 minutes\" \/>\n<script type=\"application\/ld+json\" class=\"yoast-schema-graph\">{\"@context\":\"https:\/\/schema.org\",\"@graph\":[{\"@type\":\"Article\",\"@id\":\"https:\/\/www.toutsurmesfinances.com\/retraite\/retraites-comment-fonctionne-la-decote.html#article\",\"isPartOf\":{\"@id\":\"https:\/\/www.toutsurmesfinances.com\/retraite\/retraites-comment-fonctionne-la-decote.html\"},\"author\":{\"name\":\"Jean-Philippe Dubosc\",\"@id\":\"https:\/\/www.toutsurmesfinances.com\/retraite\/#\/schema\/person\/addc9e9b3978fa7947ead71bab57694c\"},\"headline\":\"Retraites : comment fonctionne la d\u00e9cote ?\",\"dateModified\":\"2021-12-08T14:24:55+00:00\",\"mainEntityOfPage\":{\"@id\":\"https:\/\/www.toutsurmesfinances.com\/retraite\/retraites-comment-fonctionne-la-decote.html\"},\"wordCount\":711,\"publisher\":{\"@id\":\"https:\/\/www.toutsurmesfinances.com\/retraite\/#organization\"},\"image\":{\"@id\":\"https:\/\/www.toutsurmesfinances.com\/retraite\/retraites-comment-fonctionne-la-decote.html#primaryimage\"},\"thumbnailUrl\":\"https:\/\/www.toutsurmesfinances.com\/retraite\/wp-content\/uploads\/sites\/4\/2015\/11\/vieux-pensif-fotolia.jpg\",\"articleSection\":[\"Dur\u00e9e d'assurance\"],\"inLanguage\":\"fr-FR\"},{\"@type\":\"WebPage\",\"@id\":\"https:\/\/www.toutsurmesfinances.com\/retraite\/retraites-comment-fonctionne-la-decote.html\",\"url\":\"https:\/\/www.toutsurmesfinances.com\/retraite\/retraites-comment-fonctionne-la-decote.html\",\"name\":\"Retraites : comment fonctionne la d\u00e9cote ?\",\"isPartOf\":{\"@id\":\"https:\/\/www.toutsurmesfinances.com\/retraite\/#website\"},\"primaryImageOfPage\":{\"@id\":\"https:\/\/www.toutsurmesfinances.com\/retraite\/retraites-comment-fonctionne-la-decote.html#primaryimage\"},\"image\":{\"@id\":\"https:\/\/www.toutsurmesfinances.com\/retraite\/retraites-comment-fonctionne-la-decote.html#primaryimage\"},\"thumbnailUrl\":\"https:\/\/www.toutsurmesfinances.com\/retraite\/wp-content\/uploads\/sites\/4\/2015\/11\/vieux-pensif-fotolia.jpg\",\"dateModified\":\"2021-12-08T14:24:55+00:00\",\"description\":\"Les assur\u00e9s qui partent \u00e0 la retraite sans disposer de tous leurs trimestres de cotisation se voient appliquer une minoration sur le montant de leurs pensions. Les r\u00e8gles d'abattement sont diff\u00e9rentes dans le secteur public et le secteur priv\u00e9.\",\"breadcrumb\":{\"@id\":\"https:\/\/www.toutsurmesfinances.com\/retraite\/retraites-comment-fonctionne-la-decote.html#breadcrumb\"},\"inLanguage\":\"fr-FR\",\"potentialAction\":[{\"@type\":\"ReadAction\",\"target\":[\"https:\/\/www.toutsurmesfinances.com\/retraite\/retraites-comment-fonctionne-la-decote.html\"]}]},{\"@type\":\"ImageObject\",\"inLanguage\":\"fr-FR\",\"@id\":\"https:\/\/www.toutsurmesfinances.com\/retraite\/retraites-comment-fonctionne-la-decote.html#primaryimage\",\"url\":\"https:\/\/www.toutsurmesfinances.com\/retraite\/wp-content\/uploads\/sites\/4\/2015\/11\/vieux-pensif-fotolia.jpg\",\"contentUrl\":\"https:\/\/www.toutsurmesfinances.com\/retraite\/wp-content\/uploads\/sites\/4\/2015\/11\/vieux-pensif-fotolia.jpg\",\"width\":823,\"height\":463,\"caption\":\"Chaque trimestre de cotisation manquant vient minorer la retraite de 1,25, dans la limite de 25%\"},{\"@type\":\"BreadcrumbList\",\"@id\":\"https:\/\/www.toutsurmesfinances.com\/retraite\/retraites-comment-fonctionne-la-decote.html#breadcrumb\",\"itemListElement\":[{\"@type\":\"ListItem\",\"position\":1,\"name\":\"Accueil\",\"item\":\"https:\/\/www.toutsurmesfinances.com\/retraite\/\"},{\"@type\":\"ListItem\",\"position\":2,\"name\":\"Droits\",\"item\":\"https:\/\/www.toutsurmesfinances.com\/retraite\/c\/droits\"},{\"@type\":\"ListItem\",\"position\":3,\"name\":\"Dur\u00e9e d'assurance\",\"item\":\"https:\/\/www.toutsurmesfinances.com\/retraite\/c\/duree-d-assurance\"},{\"@type\":\"ListItem\",\"position\":4,\"name\":\"Retraites : comment fonctionne la d\u00e9cote ?\"}]},{\"@type\":\"WebSite\",\"@id\":\"https:\/\/www.toutsurmesfinances.com\/retraite\/#website\",\"url\":\"https:\/\/www.toutsurmesfinances.com\/retraite\/\",\"name\":\"Retraite\",\"description\":\"\",\"publisher\":{\"@id\":\"https:\/\/www.toutsurmesfinances.com\/retraite\/#organization\"},\"potentialAction\":[{\"@type\":\"SearchAction\",\"target\":{\"@type\":\"EntryPoint\",\"urlTemplate\":\"https:\/\/www.toutsurmesfinances.com\/retraite\/?s={search_term_string}\"},\"query-input\":{\"@type\":\"PropertyValueSpecification\",\"valueRequired\":true,\"valueName\":\"search_term_string\"}}],\"inLanguage\":\"fr-FR\"},{\"@type\":\"Organization\",\"@id\":\"https:\/\/www.toutsurmesfinances.com\/retraite\/#organization\",\"name\":\"Tout Sur Mes Finances\",\"url\":\"https:\/\/www.toutsurmesfinances.com\/retraite\/\",\"logo\":{\"@type\":\"ImageObject\",\"inLanguage\":\"fr-FR\",\"@id\":\"https:\/\/www.toutsurmesfinances.com\/retraite\/#\/schema\/logo\/image\/\",\"url\":\"https:\/\/www.toutsurmesfinances.com\/retraite\/wp-content\/uploads\/sites\/4\/2021\/01\/favicon.png\",\"contentUrl\":\"https:\/\/www.toutsurmesfinances.com\/retraite\/wp-content\/uploads\/sites\/4\/2021\/01\/favicon.png\",\"width\":512,\"height\":512,\"caption\":\"Tout Sur Mes Finances\"},\"image\":{\"@id\":\"https:\/\/www.toutsurmesfinances.com\/retraite\/#\/schema\/logo\/image\/\"},\"sameAs\":[\"https:\/\/x.com\/Toutsur\"]},{\"@type\":\"Person\",\"@id\":\"https:\/\/www.toutsurmesfinances.com\/retraite\/#\/schema\/person\/addc9e9b3978fa7947ead71bab57694c\",\"name\":\"Jean-Philippe Dubosc\",\"image\":{\"@type\":\"ImageObject\",\"inLanguage\":\"fr-FR\",\"@id\":\"https:\/\/www.toutsurmesfinances.com\/retraite\/#\/schema\/person\/image\/\",\"url\":\"https:\/\/secure.gravatar.com\/avatar\/a3cba30cdda1afe79f6ebffc6e952291?s=96&d=mm&r=g\",\"contentUrl\":\"https:\/\/secure.gravatar.com\/avatar\/a3cba30cdda1afe79f6ebffc6e952291?s=96&d=mm&r=g\",\"caption\":\"Jean-Philippe Dubosc\"},\"description\":\"Jean-Philippe Dubosc est r\u00e9dacteur en chef de ToutSurMesFinances.com et sp\u00e9cialiste des questions de retraite obligatoire et d\u2019\u00e9pargne. Pr\u00e9sent au sein du m\u00e9dia depuis plus de 13 ans, il analyse les r\u00e9formes, les dispositifs r\u00e9glementaires et les strat\u00e9gies de d\u00e9part \u00e0 la retraite, avec une approche fond\u00e9e sur une lecture rigoureuse des textes et une connaissance approfondie des diff\u00e9rents r\u00e9gimes de retraite.\",\"sameAs\":[\"https:\/\/www.toutsurmesfinances.com\/author\/jpdubosc\",\"https:\/\/fr.linkedin.com\/in\/jpdubosc\"]}]}<\/script>\n<!-- \/ Yoast SEO plugin. -->","yoast_head_json":{"title":"Retraites : comment fonctionne la d\u00e9cote ?","description":"Les assur\u00e9s qui partent \u00e0 la retraite sans disposer de tous leurs trimestres de cotisation se voient appliquer une minoration sur le montant de leurs pensions. Les r\u00e8gles d'abattement sont diff\u00e9rentes dans le secteur public et le secteur priv\u00e9.","robots":{"index":"index","follow":"follow","max-snippet":"max-snippet:-1","max-image-preview":"max-image-preview:large","max-video-preview":"max-video-preview:-1"},"canonical":"https:\/\/www.toutsurmesfinances.com\/retraite\/retraites-comment-fonctionne-la-decote.html","og_locale":"fr_FR","og_type":"article","og_title":"Retraites : comment fonctionne la d\u00e9cote ?","og_description":"Les assur\u00e9s qui partent \u00e0 la retraite sans disposer de tous leurs trimestres de cotisation se voient appliquer une minoration sur le montant de leurs pensions. Les r\u00e8gles d'abattement sont diff\u00e9rentes dans le secteur public et le secteur priv\u00e9.","og_url":"https:\/\/www.toutsurmesfinances.com\/retraite\/retraites-comment-fonctionne-la-decote.html","og_site_name":"Retraite","article_published_time":"2015-11-19T14:29:17+00:00","article_modified_time":"2021-12-08T14:24:55+00:00","og_image":[{"width":823,"height":463,"url":"https:\/\/www.toutsurmesfinances.com\/retraite\/wp-content\/uploads\/sites\/4\/2015\/11\/vieux-pensif-fotolia.jpg","type":"image\/jpeg"}],"author":"Jean-Philippe Dubosc","twitter_card":"summary_large_image","twitter_creator":"@Toutsur","twitter_site":"@Toutsur","twitter_misc":{"\u00c9crit par":"Jean-Philippe Dubosc","Dur\u00e9e de lecture estim\u00e9e":"3 minutes"},"schema":{"@context":"https:\/\/schema.org","@graph":[{"@type":"Article","@id":"https:\/\/www.toutsurmesfinances.com\/retraite\/retraites-comment-fonctionne-la-decote.html#article","isPartOf":{"@id":"https:\/\/www.toutsurmesfinances.com\/retraite\/retraites-comment-fonctionne-la-decote.html"},"author":{"name":"Jean-Philippe Dubosc","@id":"https:\/\/www.toutsurmesfinances.com\/retraite\/#\/schema\/person\/addc9e9b3978fa7947ead71bab57694c"},"headline":"Retraites : comment fonctionne la d\u00e9cote ?","dateModified":"2021-12-08T14:24:55+00:00","mainEntityOfPage":{"@id":"https:\/\/www.toutsurmesfinances.com\/retraite\/retraites-comment-fonctionne-la-decote.html"},"wordCount":711,"publisher":{"@id":"https:\/\/www.toutsurmesfinances.com\/retraite\/#organization"},"image":{"@id":"https:\/\/www.toutsurmesfinances.com\/retraite\/retraites-comment-fonctionne-la-decote.html#primaryimage"},"thumbnailUrl":"https:\/\/www.toutsurmesfinances.com\/retraite\/wp-content\/uploads\/sites\/4\/2015\/11\/vieux-pensif-fotolia.jpg","articleSection":["Dur\u00e9e d'assurance"],"inLanguage":"fr-FR"},{"@type":"WebPage","@id":"https:\/\/www.toutsurmesfinances.com\/retraite\/retraites-comment-fonctionne-la-decote.html","url":"https:\/\/www.toutsurmesfinances.com\/retraite\/retraites-comment-fonctionne-la-decote.html","name":"Retraites : comment fonctionne la d\u00e9cote ?","isPartOf":{"@id":"https:\/\/www.toutsurmesfinances.com\/retraite\/#website"},"primaryImageOfPage":{"@id":"https:\/\/www.toutsurmesfinances.com\/retraite\/retraites-comment-fonctionne-la-decote.html#primaryimage"},"image":{"@id":"https:\/\/www.toutsurmesfinances.com\/retraite\/retraites-comment-fonctionne-la-decote.html#primaryimage"},"thumbnailUrl":"https:\/\/www.toutsurmesfinances.com\/retraite\/wp-content\/uploads\/sites\/4\/2015\/11\/vieux-pensif-fotolia.jpg","dateModified":"2021-12-08T14:24:55+00:00","description":"Les assur\u00e9s qui partent \u00e0 la retraite sans disposer de tous leurs trimestres de cotisation se voient appliquer une minoration sur le montant de leurs pensions. Les r\u00e8gles d'abattement sont diff\u00e9rentes dans le secteur public et le secteur priv\u00e9.","breadcrumb":{"@id":"https:\/\/www.toutsurmesfinances.com\/retraite\/retraites-comment-fonctionne-la-decote.html#breadcrumb"},"inLanguage":"fr-FR","potentialAction":[{"@type":"ReadAction","target":["https:\/\/www.toutsurmesfinances.com\/retraite\/retraites-comment-fonctionne-la-decote.html"]}]},{"@type":"ImageObject","inLanguage":"fr-FR","@id":"https:\/\/www.toutsurmesfinances.com\/retraite\/retraites-comment-fonctionne-la-decote.html#primaryimage","url":"https:\/\/www.toutsurmesfinances.com\/retraite\/wp-content\/uploads\/sites\/4\/2015\/11\/vieux-pensif-fotolia.jpg","contentUrl":"https:\/\/www.toutsurmesfinances.com\/retraite\/wp-content\/uploads\/sites\/4\/2015\/11\/vieux-pensif-fotolia.jpg","width":823,"height":463,"caption":"Chaque trimestre de cotisation manquant vient minorer la retraite de 1,25, dans la limite de 25%"},{"@type":"BreadcrumbList","@id":"https:\/\/www.toutsurmesfinances.com\/retraite\/retraites-comment-fonctionne-la-decote.html#breadcrumb","itemListElement":[{"@type":"ListItem","position":1,"name":"Accueil","item":"https:\/\/www.toutsurmesfinances.com\/retraite\/"},{"@type":"ListItem","position":2,"name":"Droits","item":"https:\/\/www.toutsurmesfinances.com\/retraite\/c\/droits"},{"@type":"ListItem","position":3,"name":"Dur\u00e9e d'assurance","item":"https:\/\/www.toutsurmesfinances.com\/retraite\/c\/duree-d-assurance"},{"@type":"ListItem","position":4,"name":"Retraites : comment fonctionne la d\u00e9cote ?"}]},{"@type":"WebSite","@id":"https:\/\/www.toutsurmesfinances.com\/retraite\/#website","url":"https:\/\/www.toutsurmesfinances.com\/retraite\/","name":"Retraite","description":"","publisher":{"@id":"https:\/\/www.toutsurmesfinances.com\/retraite\/#organization"},"potentialAction":[{"@type":"SearchAction","target":{"@type":"EntryPoint","urlTemplate":"https:\/\/www.toutsurmesfinances.com\/retraite\/?s={search_term_string}"},"query-input":{"@type":"PropertyValueSpecification","valueRequired":true,"valueName":"search_term_string"}}],"inLanguage":"fr-FR"},{"@type":"Organization","@id":"https:\/\/www.toutsurmesfinances.com\/retraite\/#organization","name":"Tout Sur Mes Finances","url":"https:\/\/www.toutsurmesfinances.com\/retraite\/","logo":{"@type":"ImageObject","inLanguage":"fr-FR","@id":"https:\/\/www.toutsurmesfinances.com\/retraite\/#\/schema\/logo\/image\/","url":"https:\/\/www.toutsurmesfinances.com\/retraite\/wp-content\/uploads\/sites\/4\/2021\/01\/favicon.png","contentUrl":"https:\/\/www.toutsurmesfinances.com\/retraite\/wp-content\/uploads\/sites\/4\/2021\/01\/favicon.png","width":512,"height":512,"caption":"Tout Sur Mes Finances"},"image":{"@id":"https:\/\/www.toutsurmesfinances.com\/retraite\/#\/schema\/logo\/image\/"},"sameAs":["https:\/\/x.com\/Toutsur"]},{"@type":"Person","@id":"https:\/\/www.toutsurmesfinances.com\/retraite\/#\/schema\/person\/addc9e9b3978fa7947ead71bab57694c","name":"Jean-Philippe Dubosc","image":{"@type":"ImageObject","inLanguage":"fr-FR","@id":"https:\/\/www.toutsurmesfinances.com\/retraite\/#\/schema\/person\/image\/","url":"https:\/\/secure.gravatar.com\/avatar\/a3cba30cdda1afe79f6ebffc6e952291?s=96&d=mm&r=g","contentUrl":"https:\/\/secure.gravatar.com\/avatar\/a3cba30cdda1afe79f6ebffc6e952291?s=96&d=mm&r=g","caption":"Jean-Philippe Dubosc"},"description":"Jean-Philippe Dubosc est r\u00e9dacteur en chef de ToutSurMesFinances.com et sp\u00e9cialiste des questions de retraite obligatoire et d\u2019\u00e9pargne. Pr\u00e9sent au sein du m\u00e9dia depuis plus de 13 ans, il analyse les r\u00e9formes, les dispositifs r\u00e9glementaires et les strat\u00e9gies de d\u00e9part \u00e0 la retraite, avec une approche fond\u00e9e sur une lecture rigoureuse des textes et une connaissance approfondie des diff\u00e9rents r\u00e9gimes de retraite.","sameAs":["https:\/\/www.toutsurmesfinances.com\/author\/jpdubosc","https:\/\/fr.linkedin.com\/in\/jpdubosc"]}]}},"_links":{"self":[{"href":"https:\/\/www.toutsurmesfinances.com\/retraite\/wp-json\/wp\/v2\/posts\/21049","targetHints":{"allow":["GET"]}}],"collection":[{"href":"https:\/\/www.toutsurmesfinances.com\/retraite\/wp-json\/wp\/v2\/posts"}],"about":[{"href":"https:\/\/www.toutsurmesfinances.com\/retraite\/wp-json\/wp\/v2\/types\/post"}],"author":[{"embeddable":true,"href":"https:\/\/www.toutsurmesfinances.com\/retraite\/wp-json\/wp\/v2\/users\/13713"}],"replies":[{"embeddable":true,"href":"https:\/\/www.toutsurmesfinances.com\/retraite\/wp-json\/wp\/v2\/comments?post=21049"}],"version-history":[{"count":2,"href":"https:\/\/www.toutsurmesfinances.com\/retraite\/wp-json\/wp\/v2\/posts\/21049\/revisions"}],"predecessor-version":[{"id":30563,"href":"https:\/\/www.toutsurmesfinances.com\/retraite\/wp-json\/wp\/v2\/posts\/21049\/revisions\/30563"}],"wp:featuredmedia":[{"embeddable":true,"href":"https:\/\/www.toutsurmesfinances.com\/retraite\/wp-json\/wp\/v2\/media\/21048"}],"wp:attachment":[{"href":"https:\/\/www.toutsurmesfinances.com\/retraite\/wp-json\/wp\/v2\/media?parent=21049"}],"wp:term":[{"taxonomy":"category","embeddable":true,"href":"https:\/\/www.toutsurmesfinances.com\/retraite\/wp-json\/wp\/v2\/categories?post=21049"},{"taxonomy":"post_tag","embeddable":true,"href":"https:\/\/www.toutsurmesfinances.com\/retraite\/wp-json\/wp\/v2\/tags?post=21049"}],"curies":[{"name":"wp","href":"https:\/\/api.w.org\/{rel}","templated":true}]}}