{"id":21408,"date":"2016-05-31T13:45:31","date_gmt":"2016-05-31T11:45:31","guid":{"rendered":"https:\/\/www.toutsurmesfinances.com\/retraite\/bientot-moins-d-indemnites-pour-les-chomeurs-seniors.html"},"modified":"2016-06-24T09:45:42","modified_gmt":"2016-06-24T09:45:42","slug":"bientot-moins-d-indemnites-pour-les-chomeurs-seniors","status":"publish","type":"post","link":"https:\/\/www.toutsurmesfinances.com\/retraite\/bientot-moins-d-indemnites-pour-les-chomeurs-seniors.html","title":{"rendered":"Bient\u00f4t moins d&rsquo;indemnit\u00e9s pour les ch\u00f4meurs seniors ?"},"content":{"rendered":"\n<p>En mati\u00e8re d&#8217;emploi des seniors, le Conseil d&rsquo;analyse \u00e9conomique (<strong>CAE<\/strong>) n&rsquo;y va pas avec le dos de la cuill\u00e8re. Alors que les partenaires sociaux, gestionnaires de l&rsquo;<strong>Unedic<\/strong>, n\u00e9gocient actuellement une nouvelle convention sur l&rsquo;assurance ch\u00f4mage, cette institution plac\u00e9e sous l&rsquo;autorit\u00e9 du Premier ministre a pr\u00e9sent\u00e9 le 31 mai 2016 une s\u00e9rie de recommandations iconoclastes pour combattre le sous-emploi des quinquas et sexag\u00e9naires fran\u00e7ais.<\/p>\n<p>Certes, sous l&rsquo;effet de la suppression des pr\u00e9retraites et du recul progressif de l&rsquo;\u00e2ge l\u00e9gal de d\u00e9part de 60 \u00e0 62 ans, le taux d&rsquo;activit\u00e9 des 55-64 ans a sensiblement augment\u00e9 en France ces derni\u00e8res ann\u00e9es, reconna\u00eet le CAE. 47% de cette classe d&rsquo;\u00e2ge \u00e9taient en poste en 2014, contre 38% en 2008. Il n&#8217;emp\u00eache, ce pourcentage est inf\u00e9rieur de 10 points \u00e0 la moyenne des pays d\u00e9velopp\u00e9s et de 20 points \u00e0 celle des pays scandinaves, souligne le Conseil.<\/p>\n<h2><span class=\"ez-toc-section\" id=\"Duree_dindemnisation_abaissee_a_2_ans\"><\/span>Dur\u00e9e d&rsquo;indemnisation abaiss\u00e9e \u00e0 2 ans<span class=\"ez-toc-section-end\"><\/span><\/h2>\n<p>Pour cet a\u00e9ropage d&rsquo;\u00e9conomistes de tous bords, le probl\u00e8me est que le syst\u00e8me actuel d&rsquo;indemnisation ch\u00f4mage serait trop favorable aux demandeurs d&#8217;emploi seniors et ne les pousserait donc pas \u00e0 retrouver du travail. En cons\u00e9quence, le CAE propose de supprimer purement et simplement les dispositions sp\u00e9cifiquement mises en place pour cette population. Ainsi, la dur\u00e9e d&rsquo;indemnisation des ch\u00f4meurs de 50 ans et plus ne serait plus de trois ans, mais de deux ans comme pour les autres cat\u00e9gories de demandeurs d&#8217;emploi.<\/p>\n<p>En outre, il serait mis fin \u00e0 l&rsquo;extension des droits au ch\u00f4mage jusqu&rsquo;\u00e0 l&rsquo;\u00e2ge de retraite \u00e0 taux plein. Aujourd&rsquo;hui, un ch\u00f4meur indemnis\u00e9 qui atteint l&rsquo;\u00e2ge l\u00e9gal (62 ans) sans disposer de tous les trimestres de retraite requis pour percevoir une pension compl\u00e8te a la possibilit\u00e9 de toucher les Assedics jusqu&rsquo;\u00e0 l&rsquo;\u00e2ge d&rsquo;annulation de la d\u00e9cote (67 ans). Un dispositif qui compte seulement 20.000 b\u00e9n\u00e9ficiaires mais co\u00fbte la bagatelle de 360 millions d&rsquo;euros par an, a calcul\u00e9 le CAE.<\/p>\n<h2><span class=\"ez-toc-section\" id=\"Des_malus_pour_les_entreprises_qui_licencient\"><\/span>Des malus pour les entreprises qui licencient<span class=\"ez-toc-section-end\"><\/span><\/h2>\n<p>Des ch\u00f4meurs \u00e2g\u00e9s de 59 ans sont assur\u00e9s \u00e0 la fois d&rsquo;\u00eatre indemnis\u00e9s durant 8 ans par P\u00f4le Emploi et de partir \u00e0 la retraite \u00e0 67 ans sans abattement. <em>\u00ab Si ce m\u00e9canisme n&rsquo;est pas tr\u00e8s connu des Fran\u00e7ais, il l&rsquo;est des DRH (direction des ressources humaines, NDLR) qui l&rsquo;utilisent pour inciter les salari\u00e9s de 59 ans et plus \u00e0 partir de l&rsquo;entreprise \u00bb<\/em>, observe <strong>Corinne Prost<\/strong>, chef du d\u00e9partement des \u00e9tudes \u00e9conomiques \u00e0 l&rsquo;Insee et membre du CAE. Du coup, ces dispositifs qui visaient \u00e0 l&rsquo;origine \u00e0 compenser la grande difficult\u00e9 des ch\u00f4meurs seniors \u00e0 retrouver du travail g\u00e9n\u00e8reraient paradoxalement davantage de demandeurs d&#8217;emploi proches de la retraite, d&rsquo;apr\u00e8s le Conseil.<\/p>\n<p>Reste que les experts du CAE sont conscients qu&rsquo;une partie des entreprises souhaitent se d\u00e9barrasser de leurs salari\u00e9s quinquas aux motifs qu&rsquo;ils seraient moins productifs et surtout plus chers compar\u00e9s aux jeunes. C&rsquo;est pourquoi l&rsquo;institution souhaite l&rsquo;instauration d&rsquo;un \u00ab bonus-malus \u00bb pour les employeurs. Les entreprises dont le turn-over est \u00e9lev\u00e9 (y compris chez les jeunes salari\u00e9s) subiraient une majoration de leurs cotisations ch\u00f4mage et inversement. <em>\u00ab Ce syst\u00e8me est mis en place depuis longtemps dans certains Etats am\u00e9ricains et fonctionne tr\u00e8s bien \u00bb<\/em>, constate <strong>Jean-Olivier Hairault<\/strong>, professeur d&rsquo;\u00e9conomie \u00e0 la Sorbonne. Pas s\u00fbr que le patronat tricolore reprenne cette id\u00e9e dans la n\u00e9gociation Unedic&#8230;<\/p>\n<p><strong>A lire \u00e9galement :<\/strong><\/p>\n<p><a href=\"https:\/\/www.toutsurmesfinances.com\/retraite\/pour-la-retraite-il-peut-etre-plus-interessant-d-etre-au-chomage-que-de-continuer-a-travailler.html\" target=\"_blank\">\u00ab Pour la retraite, il peut \u00eatre plus int\u00e9ressant d&rsquo;\u00eatre au ch\u00f4mage que de continuer \u00e0 travailler \u00bb<\/a><\/p>\n","protected":false},"excerpt":{"rendered":"<p>Le Conseil d&rsquo;analyse \u00e9conomique, qui d\u00e9pend de Matignon, pr\u00e9conise de supprimer les dispositifs en faveur des demandeurs d&#8217;emploi proches de la retraite pour les inciter \u00e0 se maintenir en activit\u00e9. \u00a0  \u00a0<\/p>\n","protected":false},"author":13713,"featured_media":21407,"comment_status":"closed","ping_status":"closed","sticky":false,"template":"","format":"standard","meta":{"footnotes":""},"categories":[16],"tags":[],"class_list":["post-21408","post","type-post","status-publish","format-standard","has-post-thumbnail","hentry","category-seniors"],"acf":[],"yoast_head":"<!-- This site is optimized with the Yoast SEO plugin v24.9 - https:\/\/yoast.com\/wordpress\/plugins\/seo\/ -->\n<title>Bient\u00f4t moins d&#039;indemnit\u00e9s pour les ch\u00f4meurs seniors ?<\/title>\n<meta name=\"description\" content=\"Le Conseil d&#039;analyse \u00e9conomique, qui d\u00e9pend de Matignon, pr\u00e9conise de supprimer les dispositifs en faveur des demandeurs d&#039;emploi proches de la retraite pour les inciter \u00e0 se maintenir en activit\u00e9.\" \/>\n<meta name=\"robots\" content=\"index, follow, max-snippet:-1, max-image-preview:large, max-video-preview:-1\" \/>\n<link rel=\"canonical\" href=\"https:\/\/www.toutsurmesfinances.com\/retraite\/bientot-moins-d-indemnites-pour-les-chomeurs-seniors.html\" \/>\n<meta property=\"og:locale\" content=\"fr_FR\" \/>\n<meta property=\"og:type\" content=\"article\" \/>\n<meta property=\"og:title\" content=\"Bient\u00f4t moins d&#039;indemnit\u00e9s pour les ch\u00f4meurs seniors ?\" \/>\n<meta property=\"og:description\" content=\"Le Conseil d&#039;analyse \u00e9conomique, qui d\u00e9pend de Matignon, pr\u00e9conise de supprimer les dispositifs en faveur des demandeurs d&#039;emploi proches de la retraite pour les inciter \u00e0 se maintenir en activit\u00e9.\" \/>\n<meta property=\"og:url\" content=\"https:\/\/www.toutsurmesfinances.com\/retraite\/bientot-moins-d-indemnites-pour-les-chomeurs-seniors.html\" \/>\n<meta property=\"og:site_name\" content=\"Retraite\" \/>\n<meta property=\"article:published_time\" content=\"2016-05-31T11:45:31+00:00\" \/>\n<meta property=\"article:modified_time\" content=\"2016-06-24T09:45:42+00:00\" \/>\n<meta property=\"og:image\" content=\"https:\/\/www.toutsurmesfinances.com\/retraite\/wp-content\/uploads\/sites\/4\/2016\/05\/logo-pole-emploi.jpg\" \/>\n\t<meta property=\"og:image:width\" content=\"823\" \/>\n\t<meta property=\"og:image:height\" content=\"463\" \/>\n\t<meta property=\"og:image:type\" content=\"image\/jpeg\" \/>\n<meta name=\"author\" content=\"Jean-Philippe Dubosc\" \/>\n<meta name=\"twitter:card\" content=\"summary_large_image\" \/>\n<meta name=\"twitter:creator\" content=\"@Toutsur\" \/>\n<meta name=\"twitter:site\" content=\"@Toutsur\" \/>\n<meta name=\"twitter:label1\" content=\"\u00c9crit par\" \/>\n\t<meta name=\"twitter:data1\" content=\"Jean-Philippe Dubosc\" \/>\n\t<meta name=\"twitter:label2\" content=\"Dur\u00e9e de lecture estim\u00e9e\" \/>\n\t<meta name=\"twitter:data2\" content=\"3 minutes\" \/>\n<script type=\"application\/ld+json\" class=\"yoast-schema-graph\">{\"@context\":\"https:\/\/schema.org\",\"@graph\":[{\"@type\":\"Article\",\"@id\":\"https:\/\/www.toutsurmesfinances.com\/retraite\/bientot-moins-d-indemnites-pour-les-chomeurs-seniors.html#article\",\"isPartOf\":{\"@id\":\"https:\/\/www.toutsurmesfinances.com\/retraite\/bientot-moins-d-indemnites-pour-les-chomeurs-seniors.html\"},\"author\":{\"name\":\"Jean-Philippe Dubosc\",\"@id\":\"https:\/\/www.toutsurmesfinances.com\/retraite\/#\/schema\/person\/addc9e9b3978fa7947ead71bab57694c\"},\"headline\":\"Bient\u00f4t moins d&rsquo;indemnit\u00e9s pour les ch\u00f4meurs seniors ?\",\"dateModified\":\"2016-06-24T09:45:42+00:00\",\"mainEntityOfPage\":{\"@id\":\"https:\/\/www.toutsurmesfinances.com\/retraite\/bientot-moins-d-indemnites-pour-les-chomeurs-seniors.html\"},\"wordCount\":627,\"publisher\":{\"@id\":\"https:\/\/www.toutsurmesfinances.com\/retraite\/#organization\"},\"image\":{\"@id\":\"https:\/\/www.toutsurmesfinances.com\/retraite\/bientot-moins-d-indemnites-pour-les-chomeurs-seniors.html#primaryimage\"},\"thumbnailUrl\":\"https:\/\/www.toutsurmesfinances.com\/retraite\/wp-content\/uploads\/sites\/4\/2016\/05\/logo-pole-emploi.jpg\",\"articleSection\":[\"Seniors\"],\"inLanguage\":\"fr-FR\"},{\"@type\":\"WebPage\",\"@id\":\"https:\/\/www.toutsurmesfinances.com\/retraite\/bientot-moins-d-indemnites-pour-les-chomeurs-seniors.html\",\"url\":\"https:\/\/www.toutsurmesfinances.com\/retraite\/bientot-moins-d-indemnites-pour-les-chomeurs-seniors.html\",\"name\":\"Bient\u00f4t moins d'indemnit\u00e9s pour les ch\u00f4meurs seniors ?\",\"isPartOf\":{\"@id\":\"https:\/\/www.toutsurmesfinances.com\/retraite\/#website\"},\"primaryImageOfPage\":{\"@id\":\"https:\/\/www.toutsurmesfinances.com\/retraite\/bientot-moins-d-indemnites-pour-les-chomeurs-seniors.html#primaryimage\"},\"image\":{\"@id\":\"https:\/\/www.toutsurmesfinances.com\/retraite\/bientot-moins-d-indemnites-pour-les-chomeurs-seniors.html#primaryimage\"},\"thumbnailUrl\":\"https:\/\/www.toutsurmesfinances.com\/retraite\/wp-content\/uploads\/sites\/4\/2016\/05\/logo-pole-emploi.jpg\",\"dateModified\":\"2016-06-24T09:45:42+00:00\",\"description\":\"Le Conseil d'analyse \u00e9conomique, qui d\u00e9pend de Matignon, pr\u00e9conise de supprimer les dispositifs en faveur des demandeurs d'emploi proches de la retraite pour les inciter \u00e0 se maintenir en activit\u00e9.\",\"breadcrumb\":{\"@id\":\"https:\/\/www.toutsurmesfinances.com\/retraite\/bientot-moins-d-indemnites-pour-les-chomeurs-seniors.html#breadcrumb\"},\"inLanguage\":\"fr-FR\",\"potentialAction\":[{\"@type\":\"ReadAction\",\"target\":[\"https:\/\/www.toutsurmesfinances.com\/retraite\/bientot-moins-d-indemnites-pour-les-chomeurs-seniors.html\"]}]},{\"@type\":\"ImageObject\",\"inLanguage\":\"fr-FR\",\"@id\":\"https:\/\/www.toutsurmesfinances.com\/retraite\/bientot-moins-d-indemnites-pour-les-chomeurs-seniors.html#primaryimage\",\"url\":\"https:\/\/www.toutsurmesfinances.com\/retraite\/wp-content\/uploads\/sites\/4\/2016\/05\/logo-pole-emploi.jpg\",\"contentUrl\":\"https:\/\/www.toutsurmesfinances.com\/retraite\/wp-content\/uploads\/sites\/4\/2016\/05\/logo-pole-emploi.jpg\",\"width\":823,\"height\":463,\"caption\":\"Les ch\u00f4meurs de 50 ans et plus sont actuellement indemnis\u00e9s durant 3 ans\"},{\"@type\":\"BreadcrumbList\",\"@id\":\"https:\/\/www.toutsurmesfinances.com\/retraite\/bientot-moins-d-indemnites-pour-les-chomeurs-seniors.html#breadcrumb\",\"itemListElement\":[{\"@type\":\"ListItem\",\"position\":1,\"name\":\"Accueil\",\"item\":\"https:\/\/www.toutsurmesfinances.com\/retraite\/\"},{\"@type\":\"ListItem\",\"position\":2,\"name\":\"Retrait\u00e9\",\"item\":\"https:\/\/www.toutsurmesfinances.com\/retraite\/c\/retraite\"},{\"@type\":\"ListItem\",\"position\":3,\"name\":\"Seniors\",\"item\":\"https:\/\/www.toutsurmesfinances.com\/retraite\/c\/seniors\"},{\"@type\":\"ListItem\",\"position\":4,\"name\":\"Bient\u00f4t moins d&rsquo;indemnit\u00e9s pour les ch\u00f4meurs seniors ?\"}]},{\"@type\":\"WebSite\",\"@id\":\"https:\/\/www.toutsurmesfinances.com\/retraite\/#website\",\"url\":\"https:\/\/www.toutsurmesfinances.com\/retraite\/\",\"name\":\"Retraite\",\"description\":\"\",\"publisher\":{\"@id\":\"https:\/\/www.toutsurmesfinances.com\/retraite\/#organization\"},\"potentialAction\":[{\"@type\":\"SearchAction\",\"target\":{\"@type\":\"EntryPoint\",\"urlTemplate\":\"https:\/\/www.toutsurmesfinances.com\/retraite\/?s={search_term_string}\"},\"query-input\":{\"@type\":\"PropertyValueSpecification\",\"valueRequired\":true,\"valueName\":\"search_term_string\"}}],\"inLanguage\":\"fr-FR\"},{\"@type\":\"Organization\",\"@id\":\"https:\/\/www.toutsurmesfinances.com\/retraite\/#organization\",\"name\":\"Tout Sur Mes Finances\",\"url\":\"https:\/\/www.toutsurmesfinances.com\/retraite\/\",\"logo\":{\"@type\":\"ImageObject\",\"inLanguage\":\"fr-FR\",\"@id\":\"https:\/\/www.toutsurmesfinances.com\/retraite\/#\/schema\/logo\/image\/\",\"url\":\"https:\/\/www.toutsurmesfinances.com\/retraite\/wp-content\/uploads\/sites\/4\/2021\/01\/favicon.png\",\"contentUrl\":\"https:\/\/www.toutsurmesfinances.com\/retraite\/wp-content\/uploads\/sites\/4\/2021\/01\/favicon.png\",\"width\":512,\"height\":512,\"caption\":\"Tout Sur Mes Finances\"},\"image\":{\"@id\":\"https:\/\/www.toutsurmesfinances.com\/retraite\/#\/schema\/logo\/image\/\"},\"sameAs\":[\"https:\/\/x.com\/Toutsur\"]},{\"@type\":\"Person\",\"@id\":\"https:\/\/www.toutsurmesfinances.com\/retraite\/#\/schema\/person\/addc9e9b3978fa7947ead71bab57694c\",\"name\":\"Jean-Philippe Dubosc\",\"image\":{\"@type\":\"ImageObject\",\"inLanguage\":\"fr-FR\",\"@id\":\"https:\/\/www.toutsurmesfinances.com\/retraite\/#\/schema\/person\/image\/\",\"url\":\"https:\/\/secure.gravatar.com\/avatar\/a3cba30cdda1afe79f6ebffc6e952291?s=96&d=mm&r=g\",\"contentUrl\":\"https:\/\/secure.gravatar.com\/avatar\/a3cba30cdda1afe79f6ebffc6e952291?s=96&d=mm&r=g\",\"caption\":\"Jean-Philippe Dubosc\"},\"description\":\"Jean-Philippe Dubosc est r\u00e9dacteur en chef de ToutSurMesFinances.com et sp\u00e9cialiste des questions de retraite obligatoire et d\u2019\u00e9pargne. Pr\u00e9sent au sein du m\u00e9dia depuis plus de 13 ans, il analyse les r\u00e9formes, les dispositifs r\u00e9glementaires et les strat\u00e9gies de d\u00e9part \u00e0 la retraite, avec une approche fond\u00e9e sur une lecture rigoureuse des textes et une connaissance approfondie des diff\u00e9rents r\u00e9gimes de retraite.\",\"sameAs\":[\"https:\/\/www.toutsurmesfinances.com\/author\/jpdubosc\",\"https:\/\/fr.linkedin.com\/in\/jpdubosc\"]}]}<\/script>\n<!-- \/ Yoast SEO plugin. -->","yoast_head_json":{"title":"Bient\u00f4t moins d'indemnit\u00e9s pour les ch\u00f4meurs seniors ?","description":"Le Conseil d'analyse \u00e9conomique, qui d\u00e9pend de Matignon, pr\u00e9conise de supprimer les dispositifs en faveur des demandeurs d'emploi proches de la retraite pour les inciter \u00e0 se maintenir en activit\u00e9.","robots":{"index":"index","follow":"follow","max-snippet":"max-snippet:-1","max-image-preview":"max-image-preview:large","max-video-preview":"max-video-preview:-1"},"canonical":"https:\/\/www.toutsurmesfinances.com\/retraite\/bientot-moins-d-indemnites-pour-les-chomeurs-seniors.html","og_locale":"fr_FR","og_type":"article","og_title":"Bient\u00f4t moins d'indemnit\u00e9s pour les ch\u00f4meurs seniors ?","og_description":"Le Conseil d'analyse \u00e9conomique, qui d\u00e9pend de Matignon, pr\u00e9conise de supprimer les dispositifs en faveur des demandeurs d'emploi proches de la retraite pour les inciter \u00e0 se maintenir en activit\u00e9.","og_url":"https:\/\/www.toutsurmesfinances.com\/retraite\/bientot-moins-d-indemnites-pour-les-chomeurs-seniors.html","og_site_name":"Retraite","article_published_time":"2016-05-31T11:45:31+00:00","article_modified_time":"2016-06-24T09:45:42+00:00","og_image":[{"width":823,"height":463,"url":"https:\/\/www.toutsurmesfinances.com\/retraite\/wp-content\/uploads\/sites\/4\/2016\/05\/logo-pole-emploi.jpg","type":"image\/jpeg"}],"author":"Jean-Philippe Dubosc","twitter_card":"summary_large_image","twitter_creator":"@Toutsur","twitter_site":"@Toutsur","twitter_misc":{"\u00c9crit par":"Jean-Philippe Dubosc","Dur\u00e9e de lecture estim\u00e9e":"3 minutes"},"schema":{"@context":"https:\/\/schema.org","@graph":[{"@type":"Article","@id":"https:\/\/www.toutsurmesfinances.com\/retraite\/bientot-moins-d-indemnites-pour-les-chomeurs-seniors.html#article","isPartOf":{"@id":"https:\/\/www.toutsurmesfinances.com\/retraite\/bientot-moins-d-indemnites-pour-les-chomeurs-seniors.html"},"author":{"name":"Jean-Philippe Dubosc","@id":"https:\/\/www.toutsurmesfinances.com\/retraite\/#\/schema\/person\/addc9e9b3978fa7947ead71bab57694c"},"headline":"Bient\u00f4t moins d&rsquo;indemnit\u00e9s pour les ch\u00f4meurs seniors ?","dateModified":"2016-06-24T09:45:42+00:00","mainEntityOfPage":{"@id":"https:\/\/www.toutsurmesfinances.com\/retraite\/bientot-moins-d-indemnites-pour-les-chomeurs-seniors.html"},"wordCount":627,"publisher":{"@id":"https:\/\/www.toutsurmesfinances.com\/retraite\/#organization"},"image":{"@id":"https:\/\/www.toutsurmesfinances.com\/retraite\/bientot-moins-d-indemnites-pour-les-chomeurs-seniors.html#primaryimage"},"thumbnailUrl":"https:\/\/www.toutsurmesfinances.com\/retraite\/wp-content\/uploads\/sites\/4\/2016\/05\/logo-pole-emploi.jpg","articleSection":["Seniors"],"inLanguage":"fr-FR"},{"@type":"WebPage","@id":"https:\/\/www.toutsurmesfinances.com\/retraite\/bientot-moins-d-indemnites-pour-les-chomeurs-seniors.html","url":"https:\/\/www.toutsurmesfinances.com\/retraite\/bientot-moins-d-indemnites-pour-les-chomeurs-seniors.html","name":"Bient\u00f4t moins d'indemnit\u00e9s pour les ch\u00f4meurs seniors ?","isPartOf":{"@id":"https:\/\/www.toutsurmesfinances.com\/retraite\/#website"},"primaryImageOfPage":{"@id":"https:\/\/www.toutsurmesfinances.com\/retraite\/bientot-moins-d-indemnites-pour-les-chomeurs-seniors.html#primaryimage"},"image":{"@id":"https:\/\/www.toutsurmesfinances.com\/retraite\/bientot-moins-d-indemnites-pour-les-chomeurs-seniors.html#primaryimage"},"thumbnailUrl":"https:\/\/www.toutsurmesfinances.com\/retraite\/wp-content\/uploads\/sites\/4\/2016\/05\/logo-pole-emploi.jpg","dateModified":"2016-06-24T09:45:42+00:00","description":"Le Conseil d'analyse \u00e9conomique, qui d\u00e9pend de Matignon, pr\u00e9conise de supprimer les dispositifs en faveur des demandeurs d'emploi proches de la retraite pour les inciter \u00e0 se maintenir en activit\u00e9.","breadcrumb":{"@id":"https:\/\/www.toutsurmesfinances.com\/retraite\/bientot-moins-d-indemnites-pour-les-chomeurs-seniors.html#breadcrumb"},"inLanguage":"fr-FR","potentialAction":[{"@type":"ReadAction","target":["https:\/\/www.toutsurmesfinances.com\/retraite\/bientot-moins-d-indemnites-pour-les-chomeurs-seniors.html"]}]},{"@type":"ImageObject","inLanguage":"fr-FR","@id":"https:\/\/www.toutsurmesfinances.com\/retraite\/bientot-moins-d-indemnites-pour-les-chomeurs-seniors.html#primaryimage","url":"https:\/\/www.toutsurmesfinances.com\/retraite\/wp-content\/uploads\/sites\/4\/2016\/05\/logo-pole-emploi.jpg","contentUrl":"https:\/\/www.toutsurmesfinances.com\/retraite\/wp-content\/uploads\/sites\/4\/2016\/05\/logo-pole-emploi.jpg","width":823,"height":463,"caption":"Les ch\u00f4meurs de 50 ans et plus sont actuellement indemnis\u00e9s durant 3 ans"},{"@type":"BreadcrumbList","@id":"https:\/\/www.toutsurmesfinances.com\/retraite\/bientot-moins-d-indemnites-pour-les-chomeurs-seniors.html#breadcrumb","itemListElement":[{"@type":"ListItem","position":1,"name":"Accueil","item":"https:\/\/www.toutsurmesfinances.com\/retraite\/"},{"@type":"ListItem","position":2,"name":"Retrait\u00e9","item":"https:\/\/www.toutsurmesfinances.com\/retraite\/c\/retraite"},{"@type":"ListItem","position":3,"name":"Seniors","item":"https:\/\/www.toutsurmesfinances.com\/retraite\/c\/seniors"},{"@type":"ListItem","position":4,"name":"Bient\u00f4t moins d&rsquo;indemnit\u00e9s pour les ch\u00f4meurs seniors ?"}]},{"@type":"WebSite","@id":"https:\/\/www.toutsurmesfinances.com\/retraite\/#website","url":"https:\/\/www.toutsurmesfinances.com\/retraite\/","name":"Retraite","description":"","publisher":{"@id":"https:\/\/www.toutsurmesfinances.com\/retraite\/#organization"},"potentialAction":[{"@type":"SearchAction","target":{"@type":"EntryPoint","urlTemplate":"https:\/\/www.toutsurmesfinances.com\/retraite\/?s={search_term_string}"},"query-input":{"@type":"PropertyValueSpecification","valueRequired":true,"valueName":"search_term_string"}}],"inLanguage":"fr-FR"},{"@type":"Organization","@id":"https:\/\/www.toutsurmesfinances.com\/retraite\/#organization","name":"Tout Sur Mes Finances","url":"https:\/\/www.toutsurmesfinances.com\/retraite\/","logo":{"@type":"ImageObject","inLanguage":"fr-FR","@id":"https:\/\/www.toutsurmesfinances.com\/retraite\/#\/schema\/logo\/image\/","url":"https:\/\/www.toutsurmesfinances.com\/retraite\/wp-content\/uploads\/sites\/4\/2021\/01\/favicon.png","contentUrl":"https:\/\/www.toutsurmesfinances.com\/retraite\/wp-content\/uploads\/sites\/4\/2021\/01\/favicon.png","width":512,"height":512,"caption":"Tout Sur Mes Finances"},"image":{"@id":"https:\/\/www.toutsurmesfinances.com\/retraite\/#\/schema\/logo\/image\/"},"sameAs":["https:\/\/x.com\/Toutsur"]},{"@type":"Person","@id":"https:\/\/www.toutsurmesfinances.com\/retraite\/#\/schema\/person\/addc9e9b3978fa7947ead71bab57694c","name":"Jean-Philippe Dubosc","image":{"@type":"ImageObject","inLanguage":"fr-FR","@id":"https:\/\/www.toutsurmesfinances.com\/retraite\/#\/schema\/person\/image\/","url":"https:\/\/secure.gravatar.com\/avatar\/a3cba30cdda1afe79f6ebffc6e952291?s=96&d=mm&r=g","contentUrl":"https:\/\/secure.gravatar.com\/avatar\/a3cba30cdda1afe79f6ebffc6e952291?s=96&d=mm&r=g","caption":"Jean-Philippe Dubosc"},"description":"Jean-Philippe Dubosc est r\u00e9dacteur en chef de ToutSurMesFinances.com et sp\u00e9cialiste des questions de retraite obligatoire et d\u2019\u00e9pargne. Pr\u00e9sent au sein du m\u00e9dia depuis plus de 13 ans, il analyse les r\u00e9formes, les dispositifs r\u00e9glementaires et les strat\u00e9gies de d\u00e9part \u00e0 la retraite, avec une approche fond\u00e9e sur une lecture rigoureuse des textes et une connaissance approfondie des diff\u00e9rents r\u00e9gimes de retraite.","sameAs":["https:\/\/www.toutsurmesfinances.com\/author\/jpdubosc","https:\/\/fr.linkedin.com\/in\/jpdubosc"]}]}},"_links":{"self":[{"href":"https:\/\/www.toutsurmesfinances.com\/retraite\/wp-json\/wp\/v2\/posts\/21408","targetHints":{"allow":["GET"]}}],"collection":[{"href":"https:\/\/www.toutsurmesfinances.com\/retraite\/wp-json\/wp\/v2\/posts"}],"about":[{"href":"https:\/\/www.toutsurmesfinances.com\/retraite\/wp-json\/wp\/v2\/types\/post"}],"author":[{"embeddable":true,"href":"https:\/\/www.toutsurmesfinances.com\/retraite\/wp-json\/wp\/v2\/users\/13713"}],"replies":[{"embeddable":true,"href":"https:\/\/www.toutsurmesfinances.com\/retraite\/wp-json\/wp\/v2\/comments?post=21408"}],"version-history":[{"count":1,"href":"https:\/\/www.toutsurmesfinances.com\/retraite\/wp-json\/wp\/v2\/posts\/21408\/revisions"}],"predecessor-version":[{"id":24817,"href":"https:\/\/www.toutsurmesfinances.com\/retraite\/wp-json\/wp\/v2\/posts\/21408\/revisions\/24817"}],"wp:featuredmedia":[{"embeddable":true,"href":"https:\/\/www.toutsurmesfinances.com\/retraite\/wp-json\/wp\/v2\/media\/21407"}],"wp:attachment":[{"href":"https:\/\/www.toutsurmesfinances.com\/retraite\/wp-json\/wp\/v2\/media?parent=21408"}],"wp:term":[{"taxonomy":"category","embeddable":true,"href":"https:\/\/www.toutsurmesfinances.com\/retraite\/wp-json\/wp\/v2\/categories?post=21408"},{"taxonomy":"post_tag","embeddable":true,"href":"https:\/\/www.toutsurmesfinances.com\/retraite\/wp-json\/wp\/v2\/tags?post=21408"}],"curies":[{"name":"wp","href":"https:\/\/api.w.org\/{rel}","templated":true}]}}