{"id":21415,"date":"2016-06-27T11:12:30","date_gmt":"2016-06-27T09:12:30","guid":{"rendered":"https:\/\/www.toutsurmesfinances.com\/retraite\/qu-est-ce-que-la-retraite-complementaire.html"},"modified":"2021-12-08T14:56:13","modified_gmt":"2021-12-08T13:56:13","slug":"qu-est-ce-que-la-retraite-complementaire","status":"publish","type":"post","link":"https:\/\/www.toutsurmesfinances.com\/retraite\/qu-est-ce-que-la-retraite-complementaire.html","title":{"rendered":"Qu&rsquo;est-ce que la retraite compl\u00e9mentaire ?"},"content":{"rendered":"<section class=\"l-section wpb_row height_small\"><div class=\"l-section-h i-cf\"><div class=\"g-cols vc_row via_flex valign_top type_default stacking_default\"><div class=\"vc_col-sm-12 wpb_column vc_column_container\"><div class=\"vc_column-inner\"><div class=\"wpb_wrapper\"><div class=\"wpb_text_column\"><div class=\"wpb_wrapper\"><p>Dans le secteur priv\u00e9, les actifs sont affili\u00e9s \u00e0 un r\u00e9gime de retraite de base et \u00e0 un ou plusieurs r\u00e9gimes de retraite compl\u00e9mentaire. Mais qu&rsquo;est-ce que la retraite compl\u00e9mentaire ? A quoi sert-elle et pourquoi n&rsquo;y en a-t-il pas dans le secteur public ? Comment sont calcul\u00e9es les pensions compl\u00e9mentaires ? Quid de la retraite \u00ab surcompl\u00e9mentaire \u00bb ? Les r\u00e9ponses \u00e0 toutes ces questions.<\/p>\n<h2><span class=\"ez-toc-section\" id=\"Definition_de_la_retraite_complementaire\"><\/span>D\u00e9finition de la retraite compl\u00e9mentaire<span class=\"ez-toc-section-end\"><\/span><\/h2>\n<p>La retraite compl\u00e9mentaire permet aux actifs du secteur priv\u00e9 de b\u00e9n\u00e9ficier de pensions suppl\u00e9mentaires pour compl\u00e9ter la retraite de base. N&rsquo;\u00e9tant pas calcul\u00e9es sur l&rsquo;ensemble de la r\u00e9mun\u00e9ration, les pensions de base sont plafonn\u00e9es et donnent droit \u00e0 un montant maximum relativement limit\u00e9. Par exemple : chez les salari\u00e9s, elles ne peuvent pas exc\u00e9der 1.609 euros bruts par mois en 2016. Dans le secteur public, les cotisations de base des fonctionnaires et des agents des \u00e9tablissements et entreprises publics n&rsquo;ont, quant \u00e0 elles, pas de plafond maximum. Ils ne sont donc pas b\u00e9n\u00e9ficiaires d&rsquo;une retraite compl\u00e9mentaire.<\/p>\n<p>Comme pour la retraite de base, les cotisations de retraite compl\u00e9mentaire sont obligatoires. Leurs taux et assiette (la part de la r\u00e9mun\u00e9ration soumise \u00e0 cotisation) sont fix\u00e9s par chacune des caisses de retraite compl\u00e9mentaire. Une partie de ces cotisations compl\u00e9mentaires est support\u00e9e par l&#8217;employeur et une autre par le salari\u00e9. La prise en charge est totale pour les travailleurs non-salari\u00e9s (ind\u00e9pendants et professions lib\u00e9rales) qui doivent ainsi payer \u00e0 la fois la part patronale et la part salariale.<\/p>\n<h2><span class=\"ez-toc-section\" id=\"Les_beneficiaires_de_la_retraite_complementaire\"><\/span>Les b\u00e9n\u00e9ficiaires de la retraite compl\u00e9mentaire<span class=\"ez-toc-section-end\"><\/span><\/h2>\n<p>Seuls les actifs relevant du secteur priv\u00e9 sont affili\u00e9s \u00e0 un r\u00e9gime de retraite compl\u00e9mentaire. C&rsquo;est-\u00e0-dire les salari\u00e9s, les agents non titulaires de la fonction publique, les artisans, les commer\u00e7ants, les chefs d&rsquo;entreprise, les agriculteurs et les professions lib\u00e9rales (m\u00e9decins, avocats, notaires, experts-comptables, architectes&#8230;). Il existe des caisses compl\u00e9mentaires diff\u00e9rentes en fonction des statuts professionnels, voire des m\u00e9tiers.<\/p>\n<p>Les cadres (sup\u00e9rieurs et dirigeants inclus) cotisent, <a href=\"https:\/\/www.toutsurmesfinances.com\/retraite\/arrco-la-retraite-complementaire-des-salaries.html\" target=\"_blank\" rel=\"noopener noreferrer\">comme tous les salari\u00e9s<\/a>, \u00e0 l&rsquo;<strong>Arrco<\/strong> mais aussi \u00e0 <a href=\"https:\/\/www.toutsurmesfinances.com\/retraite\/agirc-la-retraite-complementaire-des-cadres.html\" target=\"_blank\" rel=\"noopener noreferrer\">une caisse sp\u00e9cifique<\/a>, l&rsquo;<strong>Agirc<\/strong>. Ils disposent donc de deux r\u00e9gimes compl\u00e9mentaires. La gestion op\u00e9rationnelle de l&rsquo;Arrco et de l&rsquo;Agirc a \u00e9t\u00e9 confi\u00e9e \u00e0 une quinzaine de groupes de protection sociale (AG2R La Mondiale, Humanis, Malakof M\u00e9d\u00e9ric, Kl\u00e9sia, Agrica, B2V, Audiens&#8230;). Ce sont eux qui s&rsquo;occupent du recouvrement des cotisations, de la liquidation des droits et du versement des pensions Arrco et Agirc.<\/p>\n<p style=\"line-height: 150%;\"><span style=\"font-size: 12pt; line-height: 150%; font-weight: normal;\">Les diff\u00e9rents r\u00e9gimes de retraite compl\u00e9mentaire<\/span><\/p>\n<table style=\"width: 604px; border-collapse: collapse;\" border=\"0\" cellspacing=\"0\" cellpadding=\"0\">\n<tbody>\n<tr>\n<td style=\"width: 190.9pt; border: 1pt solid windowtext; padding: 0cm 5.4pt;\" valign=\"top\" width=\"255\">\n<p style=\"margin-bottom: 0.0001pt; text-align: justify; line-height: 150%;\"><strong><span style=\"font-size: 12pt; line-height: 150%; font-family: 'Times New Roman',serif;\">R\u00e9gimes compl\u00e9mentaires <\/span><\/strong><\/p>\n<\/td>\n<td style=\"width: 262.2pt; border-width: 1pt 1pt 1pt medium; border-style: solid solid solid none; border-color: windowtext windowtext windowtext -moz-use-text-color; padding: 0cm 5.4pt;\" valign=\"top\" width=\"350\">\n<p style=\"margin-bottom: 0.0001pt; text-align: justify; line-height: 150%;\"><strong><span style=\"font-size: 12pt; line-height: 150%; font-family: 'Times New Roman',serif;\">Affili\u00e9s<\/span><\/strong><\/p>\n<\/td>\n<\/tr>\n<tr>\n<td style=\"width: 190.9pt; border-width: medium 1pt 1pt; border-style: none solid solid; border-color: -moz-use-text-color windowtext windowtext; padding: 0cm 5.4pt;\" valign=\"top\" width=\"255\">\n<p style=\"margin-bottom: 0.0001pt; line-height: 150%;\"><span style=\"font-size: 12pt; line-height: 150%; font-family: 'Times New Roman',serif;\">Association pour le r\u00e9gime de retraite compl\u00e9mentaire des salari\u00e9s (<strong>Arrco<\/strong>)<\/span><\/p>\n<\/td>\n<td style=\"width: 262.2pt; border-width: medium 1pt 1pt medium; border-style: none solid solid none; border-color: -moz-use-text-color windowtext windowtext -moz-use-text-color; padding: 0cm 5.4pt;\" valign=\"top\" width=\"350\">\n<p style=\"margin-bottom: 0.0001pt; text-align: justify; text-indent: -18pt; line-height: 150%;\"><span style=\"font-size: 12pt; line-height: 150%; font-family: 'Times New Roman',serif;\">&#8211;<span style=\"font: 7pt 'Times New Roman';\">\u00a0\u00a0\u00a0\u00a0\u00a0\u00a0\u00a0\u00a0\u00a0 <\/span><\/span><span style=\"font-size: 12pt; line-height: 150%; font-family: 'Times New Roman',serif;\">Cadres et non-cadres du secteur priv\u00e9<\/span><\/p>\n<p style=\"margin-bottom: 0.0001pt; text-align: justify; text-indent: -18pt; line-height: 150%;\"><span style=\"font-size: 12pt; line-height: 150%; font-family: 'Times New Roman',serif;\">&#8211;<span style=\"font: 7pt 'Times New Roman';\">\u00a0\u00a0\u00a0\u00a0\u00a0\u00a0\u00a0\u00a0\u00a0 <\/span><\/span><span style=\"font-size: 12pt; line-height: 150%; font-family: 'Times New Roman',serif;\">Cadres et non-cadres du secteur agricole<\/span><\/p>\n<p style=\"margin-bottom: 0.0001pt; text-align: justify; text-indent: -18pt; line-height: 150%;\"><span style=\"font-size: 12pt; line-height: 150%; font-family: 'Times New Roman',serif;\">&#8211;<span style=\"font: 7pt 'Times New Roman';\">\u00a0\u00a0\u00a0\u00a0\u00a0\u00a0\u00a0\u00a0\u00a0 <\/span><\/span><span style=\"font-size: 12pt; line-height: 150%; font-family: 'Times New Roman',serif;\">Membres des cultes<\/span><\/p>\n<\/td>\n<\/tr>\n<tr>\n<td style=\"width: 190.9pt; border-width: medium 1pt 1pt; border-style: none solid solid; border-color: -moz-use-text-color windowtext windowtext; padding: 0cm 5.4pt;\" valign=\"top\" width=\"255\">\n<p style=\"margin-bottom: 0.0001pt; line-height: 150%;\"><span style=\"font-size: 12pt; line-height: 150%; font-family: 'Times New Roman',serif;\">Association g\u00e9n\u00e9rale des institutions de retraite des cadres (<strong>Agirc<\/strong>)<\/span><\/p>\n<\/td>\n<td style=\"width: 262.2pt; border-width: medium 1pt 1pt medium; border-style: none solid solid none; border-color: -moz-use-text-color windowtext windowtext -moz-use-text-color; padding: 0cm 5.4pt;\" valign=\"top\" width=\"350\">\n<p style=\"margin-bottom: 0.0001pt; text-align: justify; text-indent: -18pt; line-height: 150%;\"><span style=\"font-size: 12pt; line-height: 150%; font-family: 'Times New Roman',serif;\">&#8211;<span style=\"font: 7pt 'Times New Roman';\">\u00a0\u00a0\u00a0\u00a0\u00a0\u00a0\u00a0\u00a0\u00a0 <\/span><\/span><span style=\"font-size: 12pt; line-height: 150%; font-family: 'Times New Roman',serif;\">Cadres du secteur priv\u00e9<\/span><\/p>\n<p style=\"margin-bottom: 0.0001pt; text-align: justify; text-indent: -18pt; line-height: 150%;\"><span style=\"font-size: 12pt; line-height: 150%; font-family: 'Times New Roman',serif;\">&#8211;<span style=\"font: 7pt 'Times New Roman';\">\u00a0\u00a0\u00a0\u00a0\u00a0\u00a0\u00a0\u00a0\u00a0 <\/span><\/span><span style=\"font-size: 12pt; line-height: 150%; font-family: 'Times New Roman',serif;\">Cadres du secteur agricole<\/span><\/p>\n<\/td>\n<\/tr>\n<tr>\n<td style=\"width: 190.9pt; border-width: medium 1pt 1pt; border-style: none solid solid; border-color: -moz-use-text-color windowtext windowtext; padding: 0cm 5.4pt;\" valign=\"top\" width=\"255\">\n<p style=\"margin-bottom: 0.0001pt; line-height: 150%;\"><span style=\"font-size: 12pt; line-height: 150%; font-family: 'Times New Roman',serif;\">R\u00e9gime compl\u00e9mentaire des ind\u00e9pendants (<strong>RCI<\/strong>)<\/span><\/p>\n<\/td>\n<td style=\"width: 262.2pt; border-width: medium 1pt 1pt medium; border-style: none solid solid none; border-color: -moz-use-text-color windowtext windowtext -moz-use-text-color; padding: 0cm 5.4pt;\" valign=\"top\" width=\"350\">\n<p style=\"margin-bottom: 0.0001pt; text-align: justify; text-indent: -18pt; line-height: 150%;\"><span style=\"font-size: 12pt; line-height: 150%; font-family: 'Times New Roman',serif;\">&#8211;<span style=\"font: 7pt 'Times New Roman';\">\u00a0\u00a0\u00a0\u00a0\u00a0\u00a0\u00a0\u00a0\u00a0 <\/span><\/span><span style=\"font-size: 12pt; line-height: 150%; font-family: 'Times New Roman',serif;\">Artisans<\/span><\/p>\n<p style=\"margin-bottom: 0.0001pt; text-align: justify; text-indent: -18pt; line-height: 150%;\"><span style=\"font-size: 12pt; line-height: 150%; font-family: 'Times New Roman',serif;\">&#8211;<span style=\"font: 7pt 'Times New Roman';\">\u00a0\u00a0\u00a0\u00a0\u00a0\u00a0\u00a0\u00a0\u00a0 <\/span><\/span><span style=\"font-size: 12pt; line-height: 150%; font-family: 'Times New Roman',serif;\">Commer\u00e7ants<\/span><\/p>\n<p style=\"margin-bottom: 0.0001pt; text-align: justify; text-indent: -18pt; line-height: 150%;\"><span style=\"font-size: 12pt; line-height: 150%; font-family: 'Times New Roman',serif;\">&#8211;<span style=\"font: 7pt 'Times New Roman';\">\u00a0\u00a0\u00a0\u00a0\u00a0\u00a0\u00a0\u00a0\u00a0 <\/span><\/span><span style=\"font-size: 12pt; line-height: 150%; font-family: 'Times New Roman',serif;\">Chefs d\u2019entreprise<\/span><\/p>\n<\/td>\n<\/tr>\n<tr>\n<td style=\"width: 190.9pt; border-width: medium 1pt 1pt; border-style: none solid solid; border-color: -moz-use-text-color windowtext windowtext; padding: 0cm 5.4pt;\" valign=\"top\" width=\"255\">\n<p style=\"margin-bottom: 0.0001pt; line-height: 150%;\"><span style=\"font-size: 12pt; line-height: 150%; font-family: 'Times New Roman',serif;\">R\u00e9gime compl\u00e9mentaire obligatoire (<strong>RCO<\/strong>)<\/span><\/p>\n<\/td>\n<td style=\"width: 262.2pt; border-width: medium 1pt 1pt medium; border-style: none solid solid none; border-color: -moz-use-text-color windowtext windowtext -moz-use-text-color; padding: 0cm 5.4pt;\" valign=\"top\" width=\"350\">\n<p style=\"margin-bottom: 0.0001pt; text-align: justify; text-indent: -18pt; line-height: 150%;\"><span style=\"font-size: 12pt; line-height: 150%; font-family: 'Times New Roman',serif;\">&#8211;<span style=\"font: 7pt 'Times New Roman';\">\u00a0\u00a0\u00a0\u00a0\u00a0\u00a0\u00a0\u00a0\u00a0 <\/span><\/span><span style=\"font-size: 12pt; line-height: 150%; font-family: 'Times New Roman',serif;\">Chefs d\u2019exploitation agricole<\/span><\/p>\n<p style=\"margin-bottom: 0.0001pt; text-align: justify; text-indent: -18pt; line-height: 150%;\"><span style=\"font-size: 12pt; line-height: 150%; font-family: 'Times New Roman',serif;\">&#8211;<span style=\"font: 7pt 'Times New Roman';\">\u00a0\u00a0\u00a0\u00a0\u00a0\u00a0\u00a0\u00a0\u00a0 <\/span><\/span><span style=\"font-size: 12pt; line-height: 150%; font-family: 'Times New Roman',serif;\">Conjoints ou concubins collaborateurs et aidants familiaux agricoles <\/span><\/p>\n<\/td>\n<\/tr>\n<tr>\n<td style=\"width: 190.9pt; border-width: medium 1pt 1pt; border-style: none solid solid; border-color: -moz-use-text-color windowtext windowtext; padding: 0cm 5.4pt;\" valign=\"top\" width=\"255\">\n<p style=\"margin-bottom: 0.0001pt; line-height: 150%;\"><span style=\"font-size: 12pt; line-height: 150%; font-family: 'Times New Roman',serif;\">Institution de retraite compl\u00e9mentaire des agents non titulaires de l&rsquo;\u00c9tat et des collectivit\u00e9s publiques (<strong>Ircantec<\/strong>)<\/span><\/p>\n<\/td>\n<td style=\"width: 262.2pt; border-width: medium 1pt 1pt medium; border-style: none solid solid none; border-color: -moz-use-text-color windowtext windowtext -moz-use-text-color; padding: 0cm 5.4pt;\" valign=\"top\" width=\"350\">\n<p style=\"margin-bottom: 0.0001pt; text-align: justify; text-indent: -18pt; line-height: 150%;\"><span style=\"font-size: 12pt; line-height: 150%; font-family: 'Times New Roman',serif;\">&#8211;<span style=\"font: 7pt 'Times New Roman';\">\u00a0\u00a0\u00a0\u00a0\u00a0\u00a0\u00a0\u00a0\u00a0 <\/span><\/span><span style=\"font-size: 12pt; line-height: 150%; font-family: 'Times New Roman',serif;\">Agents non titulaires de la fonction publique (d\u2019Etat, territoriale, hospitali\u00e8re)<\/span><\/p>\n<\/td>\n<\/tr>\n<tr style=\"height: 47.65pt;\">\n<td style=\"width: 190.9pt; border-width: medium 1pt 1pt; border-style: none solid solid; border-color: -moz-use-text-color windowtext windowtext; padding: 0cm 5.4pt; height: 47.65pt;\" valign=\"top\" width=\"255\">\n<p style=\"margin-bottom: 0.0001pt; line-height: 150%;\"><span style=\"font-size: 12pt; line-height: 150%; font-family: 'Times New Roman',serif;\">Caisse autonome de retraite des m\u00e9decins de France (<strong>CARMF<\/strong>)<\/span><\/p>\n<\/td>\n<td style=\"width: 262.2pt; border-width: medium 1pt 1pt medium; border-style: none solid solid none; border-color: -moz-use-text-color windowtext windowtext -moz-use-text-color; padding: 0cm 5.4pt; height: 47.65pt;\" valign=\"top\" width=\"350\">\n<p style=\"margin-bottom: 0.0001pt; text-align: justify; text-indent: -18pt; line-height: 150%;\"><span style=\"font-size: 12pt; line-height: 150%; font-family: 'Times New Roman',serif;\">&#8211;<span style=\"font: 7pt 'Times New Roman';\">\u00a0\u00a0\u00a0\u00a0\u00a0\u00a0\u00a0\u00a0\u00a0 <\/span><\/span><span style=\"font-size: 12pt; line-height: 150%; font-family: 'Times New Roman',serif;\">M\u00e9decins lib\u00e9raux<\/span><\/p>\n<\/td>\n<\/tr>\n<tr>\n<td style=\"width: 190.9pt; border-width: medium 1pt 1pt; border-style: none solid solid; border-color: -moz-use-text-color windowtext windowtext; padding: 0cm 5.4pt;\" valign=\"top\" width=\"255\">\n<p style=\"margin-bottom: 0.0001pt; line-height: 150%;\"><span style=\"font-size: 12pt; line-height: 150%; font-family: 'Times New Roman',serif;\">Caisse nationale des barreaux fran\u00e7ais (<strong>CNBF<\/strong>)<\/span><\/p>\n<\/td>\n<td style=\"width: 262.2pt; border-width: medium 1pt 1pt medium; border-style: none solid solid none; border-color: -moz-use-text-color windowtext windowtext -moz-use-text-color; padding: 0cm 5.4pt;\" valign=\"top\" width=\"350\">\n<p style=\"margin-bottom: 0.0001pt; text-align: justify; text-indent: -18pt; line-height: 150%;\"><span style=\"font-size: 12pt; line-height: 150%; font-family: 'Times New Roman',serif;\">&#8211;<span style=\"font: 7pt 'Times New Roman';\">\u00a0\u00a0\u00a0\u00a0\u00a0\u00a0\u00a0\u00a0\u00a0 <\/span><\/span><span style=\"font-size: 12pt; line-height: 150%; font-family: 'Times New Roman',serif;\">Avocats lib\u00e9raux<\/span><\/p>\n<p style=\"margin-bottom: 0.0001pt; text-align: justify; text-indent: -18pt; line-height: 150%;\"><span style=\"font-size: 12pt; line-height: 150%; font-family: 'Times New Roman',serif;\">&#8211;<span style=\"font: 7pt 'Times New Roman';\">\u00a0\u00a0\u00a0\u00a0\u00a0\u00a0\u00a0\u00a0\u00a0 <\/span><\/span><span style=\"font-size: 12pt; line-height: 150%; font-family: 'Times New Roman',serif;\">Avocats collaborateurs<\/span><\/p>\n<\/td>\n<\/tr>\n<tr>\n<td style=\"width: 190.9pt; border-width: medium 1pt 1pt; border-style: none solid solid; border-color: -moz-use-text-color windowtext windowtext; padding: 0cm 5.4pt;\" valign=\"top\" width=\"255\">\n<p style=\"margin-bottom: 0.0001pt; line-height: 150%;\"><em><span style=\"font-size: 12pt; line-height: 150%;\">Caisse de retraite des notaires (<strong>CRN<\/strong>)<\/span><\/em><\/p>\n<\/td>\n<td style=\"width: 262.2pt; border-width: medium 1pt 1pt medium; border-style: none solid solid none; border-color: -moz-use-text-color windowtext windowtext -moz-use-text-color; padding: 0cm 5.4pt;\" valign=\"top\" width=\"350\">\n<p style=\"margin-bottom: 0.0001pt; text-align: justify; text-indent: -18pt; line-height: 150%;\"><span style=\"font-size: 12pt; line-height: 150%; font-family: 'Times New Roman',serif;\">&#8211;<span style=\"font: 7pt 'Times New Roman';\">\u00a0\u00a0\u00a0\u00a0\u00a0\u00a0\u00a0\u00a0\u00a0 <\/span><\/span><span style=\"font-size: 12pt; line-height: 150%; font-family: 'Times New Roman',serif;\">Notaires<\/span><\/p>\n<\/td>\n<\/tr>\n<tr>\n<td style=\"width: 190.9pt; border-width: medium 1pt 1pt; border-style: none solid solid; border-color: -moz-use-text-color windowtext windowtext; padding: 0cm 5.4pt;\" valign=\"top\" width=\"255\">\n<p style=\"margin-bottom: 0.0001pt; line-height: 150%;\"><span style=\"font-size: 12pt; line-height: 150%; font-family: 'Times New Roman',serif;\">Caisse autonome de retraite des chirurgiens-dentistes et des sages-femmes (<strong>CARCDSF<\/strong>)<\/span><\/p>\n<\/td>\n<td style=\"width: 262.2pt; border-width: medium 1pt 1pt medium; border-style: none solid solid none; border-color: -moz-use-text-color windowtext windowtext -moz-use-text-color; padding: 0cm 5.4pt;\" valign=\"top\" width=\"350\">\n<p style=\"margin-bottom: 0.0001pt; text-align: justify; text-indent: -18pt; line-height: 150%;\"><span style=\"font-size: 12pt; line-height: 150%; font-family: 'Times New Roman',serif;\">&#8211;<span style=\"font: 7pt 'Times New Roman';\">\u00a0\u00a0\u00a0\u00a0\u00a0\u00a0\u00a0\u00a0\u00a0 <\/span><\/span><span style=\"font-size: 12pt; line-height: 150%; font-family: 'Times New Roman',serif;\">Dentistes lib\u00e9raux<\/span><\/p>\n<p style=\"margin-bottom: 0.0001pt; text-align: justify; text-indent: -18pt; line-height: 150%;\"><span style=\"font-size: 12pt; line-height: 150%; font-family: 'Times New Roman',serif;\">&#8211;<span style=\"font: 7pt 'Times New Roman';\">\u00a0\u00a0\u00a0\u00a0\u00a0\u00a0\u00a0\u00a0\u00a0 <\/span><\/span><span style=\"font-size: 12pt; line-height: 150%; font-family: 'Times New Roman',serif;\">Sages-femmes lib\u00e9rales<\/span><\/p>\n<\/td>\n<\/tr>\n<tr>\n<td style=\"width: 190.9pt; border-width: medium 1pt 1pt; border-style: none solid solid; border-color: -moz-use-text-color windowtext windowtext; padding: 0cm 5.4pt;\" valign=\"top\" width=\"255\">\n<p style=\"margin-bottom: 0.0001pt; line-height: 150%;\"><span style=\"font-size: 12pt; line-height: 150%; font-family: 'Times New Roman',serif;\">Caisse d\u2019assurance vieillesse des pharmaciens (<strong>CAVP<\/strong>)<\/span><\/p>\n<\/td>\n<td style=\"width: 262.2pt; border-width: medium 1pt 1pt medium; border-style: none solid solid none; border-color: -moz-use-text-color windowtext windowtext -moz-use-text-color; padding: 0cm 5.4pt;\" valign=\"top\" width=\"350\">\n<p style=\"margin-bottom: 0.0001pt; text-align: justify; text-indent: -18pt; line-height: 150%;\"><span style=\"font-size: 12pt; line-height: 150%; font-family: 'Times New Roman',serif;\">&#8211;<span style=\"font: 7pt 'Times New Roman';\">\u00a0\u00a0\u00a0\u00a0\u00a0\u00a0\u00a0\u00a0\u00a0 <\/span><\/span><span style=\"font-size: 12pt; line-height: 150%; font-family: 'Times New Roman',serif;\">Pharmaciens lib\u00e9raux<\/span><\/p>\n<\/td>\n<\/tr>\n<tr>\n<td style=\"width: 190.9pt; border-width: medium 1pt 1pt; border-style: none solid solid; border-color: -moz-use-text-color windowtext windowtext; padding: 0cm 5.4pt;\" valign=\"top\" width=\"255\">\n<p style=\"margin-bottom: 0.0001pt; line-height: 150%;\"><span style=\"font-size: 12pt; line-height: 150%; font-family: 'Times New Roman',serif;\">Caisse autonome de retraite et de pr\u00e9voyance des infirmiers, masseurs-kin\u00e9sith\u00e9rapeutes, p\u00e9dicures-podologues, orthophonistes et orthoptistes (<strong>Carpimko<\/strong>)<\/span><\/p>\n<\/td>\n<td style=\"width: 262.2pt; border-width: medium 1pt 1pt medium; border-style: none solid solid none; border-color: -moz-use-text-color windowtext windowtext -moz-use-text-color; padding: 0cm 5.4pt;\" valign=\"top\" width=\"350\">\n<p style=\"margin-bottom: 0.0001pt; text-align: justify; text-indent: -18pt; line-height: 150%;\"><span style=\"font-size: 12pt; line-height: 150%; font-family: 'Times New Roman',serif;\">&#8211;<span style=\"font: 7pt 'Times New Roman';\">\u00a0\u00a0\u00a0\u00a0\u00a0\u00a0\u00a0\u00a0\u00a0 <\/span><\/span><span style=\"font-size: 12pt; line-height: 150%; font-family: 'Times New Roman',serif;\">Infirmiers lib\u00e9raux<\/span><\/p>\n<p style=\"margin-bottom: 0.0001pt; text-align: justify; text-indent: -18pt; line-height: 150%;\"><span style=\"font-size: 12pt; line-height: 150%; font-family: 'Times New Roman',serif;\">&#8211;<span style=\"font: 7pt 'Times New Roman';\">\u00a0\u00a0\u00a0\u00a0\u00a0\u00a0\u00a0\u00a0\u00a0 <\/span><\/span><span style=\"font-size: 12pt; line-height: 150%; font-family: 'Times New Roman',serif;\">Masseurs-kin\u00e9sith\u00e9rapeutes lib\u00e9raux<\/span><\/p>\n<p style=\"margin-bottom: 0.0001pt; text-align: justify; text-indent: -18pt; line-height: 150%;\"><span style=\"font-size: 12pt; line-height: 150%; font-family: 'Times New Roman',serif;\">&#8211;<span style=\"font: 7pt 'Times New Roman';\">\u00a0\u00a0\u00a0\u00a0\u00a0\u00a0\u00a0\u00a0\u00a0 <\/span><\/span><span style=\"font-size: 12pt; line-height: 150%; font-family: 'Times New Roman',serif;\">P\u00e9dicures-podologues lib\u00e9raux<\/span><\/p>\n<p style=\"margin-bottom: 0.0001pt; text-align: justify; text-indent: -18pt; line-height: 150%;\"><span style=\"font-size: 12pt; line-height: 150%; font-family: 'Times New Roman',serif;\">&#8211;<span style=\"font: 7pt 'Times New Roman';\">\u00a0\u00a0\u00a0\u00a0\u00a0\u00a0\u00a0\u00a0\u00a0 <\/span><\/span><span style=\"font-size: 12pt; line-height: 150%; font-family: 'Times New Roman',serif;\">Orthophonistes lib\u00e9raux<\/span><\/p>\n<p style=\"margin-bottom: 0.0001pt; text-align: justify; text-indent: -18pt; line-height: 150%;\"><span style=\"font-size: 12pt; line-height: 150%; font-family: 'Times New Roman',serif;\">&#8211;<span style=\"font: 7pt 'Times New Roman';\">\u00a0\u00a0\u00a0\u00a0\u00a0\u00a0\u00a0\u00a0\u00a0 <\/span><\/span><span style=\"font-size: 12pt; line-height: 150%; font-family: 'Times New Roman',serif;\">Orthoptistes lib\u00e9raux<\/span><\/p>\n<\/td>\n<\/tr>\n<tr>\n<td style=\"width: 190.9pt; border-width: medium 1pt 1pt; border-style: none solid solid; border-color: -moz-use-text-color windowtext windowtext; padding: 0cm 5.4pt;\" valign=\"top\" width=\"255\">\n<p style=\"margin-bottom: 0.0001pt; line-height: 150%;\"><span style=\"font-size: 12pt; line-height: 150%; font-family: 'Times New Roman',serif;\">Caisse autonome de retraite et de pr\u00e9voyance des v\u00e9t\u00e9rinaires (<strong>CARPV<\/strong>)<\/span><\/p>\n<\/td>\n<td style=\"width: 262.2pt; border-width: medium 1pt 1pt medium; border-style: none solid solid none; border-color: -moz-use-text-color windowtext windowtext -moz-use-text-color; padding: 0cm 5.4pt;\" valign=\"top\" width=\"350\">\n<p style=\"margin-bottom: 0.0001pt; text-align: justify; text-indent: -18pt; line-height: 150%;\"><span style=\"font-size: 12pt; line-height: 150%; font-family: 'Times New Roman',serif;\">&#8211;<span style=\"font: 7pt 'Times New Roman';\">\u00a0\u00a0\u00a0\u00a0\u00a0\u00a0\u00a0\u00a0\u00a0 <\/span><\/span><span style=\"font-size: 12pt; line-height: 150%; font-family: 'Times New Roman',serif;\">V\u00e9t\u00e9rinaires lib\u00e9raux<\/span><\/p>\n<\/td>\n<\/tr>\n<tr>\n<td style=\"width: 190.9pt; border-width: medium 1pt 1pt; border-style: none solid solid; border-color: -moz-use-text-color windowtext windowtext; padding: 0cm 5.4pt;\" valign=\"top\" width=\"255\">\n<p style=\"margin-bottom: 0.0001pt; line-height: 150%;\"><span style=\"font-size: 12pt; line-height: 150%; font-family: 'Times New Roman',serif;\">Caisse d&rsquo;allocation vieillesse des agents g\u00e9n\u00e9raux et des mandataires non-salari\u00e9s d&rsquo;assurance et de capitalisation (<strong>Cavamac<\/strong>)<\/span><\/p>\n<\/td>\n<td style=\"width: 262.2pt; border-width: medium 1pt 1pt medium; border-style: none solid solid none; border-color: -moz-use-text-color windowtext windowtext -moz-use-text-color; padding: 0cm 5.4pt;\" valign=\"top\" width=\"350\">\n<p style=\"margin-bottom: 0.0001pt; text-align: justify; text-indent: -18pt; line-height: 150%;\"><span style=\"font-size: 12pt; line-height: 150%; font-family: 'Times New Roman',serif;\">&#8211;<span style=\"font: 7pt 'Times New Roman';\">\u00a0\u00a0\u00a0\u00a0\u00a0\u00a0\u00a0\u00a0\u00a0 <\/span><\/span><span style=\"font-size: 12pt; line-height: 150%; font-family: 'Times New Roman',serif;\">Agents g\u00e9n\u00e9raux d\u2019assurance<\/span><\/p>\n<\/td>\n<\/tr>\n<tr>\n<td style=\"width: 190.9pt; border-width: medium 1pt 1pt; border-style: none solid solid; border-color: -moz-use-text-color windowtext windowtext; padding: 0cm 5.4pt;\" valign=\"top\" width=\"255\">\n<p style=\"margin-bottom: 0.0001pt; line-height: 150%;\"><span style=\"font-size: 12pt; line-height: 150%; font-family: 'Times New Roman',serif;\">Caisse d&rsquo;assurance vieillesse des experts-comptables et des commissaires aux comptes (<strong>Cavec<\/strong>)<\/span><\/p>\n<\/td>\n<td style=\"width: 262.2pt; border-width: medium 1pt 1pt medium; border-style: none solid solid none; border-color: -moz-use-text-color windowtext windowtext -moz-use-text-color; padding: 0cm 5.4pt;\" valign=\"top\" width=\"350\">\n<p style=\"margin-bottom: 0.0001pt; text-align: justify; text-indent: -18pt; line-height: 150%;\"><span style=\"font-size: 12pt; line-height: 150%; font-family: 'Times New Roman',serif;\">&#8211;<span style=\"font: 7pt 'Times New Roman';\">\u00a0\u00a0\u00a0\u00a0\u00a0\u00a0\u00a0\u00a0\u00a0 <\/span><\/span><span style=\"font-size: 12pt; line-height: 150%; font-family: 'Times New Roman',serif;\">Experts-comptables lib\u00e9raux et salari\u00e9s<\/span><\/p>\n<p style=\"margin-bottom: 0.0001pt; text-align: justify; text-indent: -18pt; line-height: 150%;\"><span style=\"font-size: 12pt; line-height: 150%; font-family: 'Times New Roman',serif;\">&#8211;<span style=\"font: 7pt 'Times New Roman';\">\u00a0\u00a0\u00a0\u00a0\u00a0\u00a0\u00a0\u00a0\u00a0 <\/span><\/span><span style=\"font-size: 12pt; line-height: 150%; font-family: 'Times New Roman',serif;\">Commissaires aux comptes<\/span><\/p>\n<\/td>\n<\/tr>\n<tr>\n<td style=\"width: 190.9pt; border-width: medium 1pt 1pt; border-style: none solid solid; border-color: -moz-use-text-color windowtext windowtext; padding: 0cm 5.4pt;\" valign=\"top\" width=\"255\">\n<p style=\"margin-bottom: 0.0001pt; line-height: 150%;\"><span style=\"font-size: 12pt; line-height: 150%; font-family: 'Times New Roman',serif;\">Caisse interprofessionnelle de pr\u00e9voyance et d&rsquo;assurance vieillesse (<strong>Cipav<\/strong>)<\/span><\/p>\n<\/td>\n<td style=\"width: 262.2pt; border-width: medium 1pt 1pt medium; border-style: none solid solid none; border-color: -moz-use-text-color windowtext windowtext -moz-use-text-color; padding: 0cm 5.4pt;\" valign=\"top\" width=\"350\">\n<p style=\"margin-bottom: 0.0001pt; text-align: justify; text-indent: -18pt; line-height: 150%;\"><span style=\"font-size: 12pt; line-height: 150%; font-family: 'Times New Roman',serif;\">&#8211;<span style=\"font: 7pt 'Times New Roman';\">\u00a0\u00a0\u00a0\u00a0\u00a0\u00a0\u00a0\u00a0\u00a0 <\/span><\/span><span style=\"font-size: 12pt; line-height: 150%; font-family: 'Times New Roman',serif;\">Architectes<\/span><\/p>\n<p style=\"margin-bottom: 0.0001pt; text-align: justify; text-indent: -18pt; line-height: 150%;\"><span style=\"font-size: 12pt; line-height: 150%; font-family: 'Times New Roman',serif;\">&#8211;<span style=\"font: 7pt 'Times New Roman';\">\u00a0\u00a0\u00a0\u00a0\u00a0\u00a0\u00a0\u00a0\u00a0 <\/span><\/span><span style=\"font-size: 12pt; line-height: 150%; font-family: 'Times New Roman',serif;\">Conseils et techniciens du b\u00e2timent<\/span><\/p>\n<p style=\"margin-bottom: 0.0001pt; text-align: justify; text-indent: -18pt; line-height: 150%;\"><span style=\"font-size: 12pt; line-height: 150%; font-family: 'Times New Roman',serif;\">&#8211;<span style=\"font: 7pt 'Times New Roman';\">\u00a0\u00a0\u00a0\u00a0\u00a0\u00a0\u00a0\u00a0\u00a0 <\/span><\/span><span style=\"font-size: 12pt; line-height: 150%; font-family: 'Times New Roman',serif;\">G\u00e9om\u00e8tres<\/span><\/p>\n<p style=\"margin-bottom: 0.0001pt; text-align: justify; text-indent: -18pt; line-height: 150%;\"><span style=\"font-size: 12pt; line-height: 150%; font-family: 'Times New Roman',serif;\">&#8211;<span style=\"font: 7pt 'Times New Roman';\">\u00a0\u00a0\u00a0\u00a0\u00a0\u00a0\u00a0\u00a0\u00a0 <\/span><\/span><span style=\"font-size: 12pt; line-height: 150%; font-family: 'Times New Roman',serif;\">M\u00e9treurs<\/span><\/p>\n<p style=\"margin-bottom: 0.0001pt; text-align: justify; text-indent: -18pt; line-height: 150%;\"><span style=\"font-size: 12pt; line-height: 150%; font-family: 'Times New Roman',serif;\">&#8211;<span style=\"font: 7pt 'Times New Roman';\">\u00a0\u00a0\u00a0\u00a0\u00a0\u00a0\u00a0\u00a0\u00a0 <\/span><\/span><span style=\"font-size: 12pt; line-height: 150%; font-family: 'Times New Roman',serif;\">V\u00e9rificateurs<\/span><\/p>\n<p style=\"margin-bottom: 0.0001pt; text-align: justify; text-indent: -18pt; line-height: 150%;\"><span style=\"font-size: 12pt; line-height: 150%; font-family: 'Times New Roman',serif;\">&#8211;<span style=\"font: 7pt 'Times New Roman';\">\u00a0\u00a0\u00a0\u00a0\u00a0\u00a0\u00a0\u00a0\u00a0 <\/span><\/span><span style=\"font-size: 12pt; line-height: 150%; font-family: 'Times New Roman',serif;\">Dessinateurs techniques<\/span><\/p>\n<p style=\"margin-bottom: 0.0001pt; text-align: justify; text-indent: -18pt; line-height: 150%;\"><span style=\"font-size: 12pt; line-height: 150%; font-family: 'Times New Roman',serif;\">&#8211;<span style=\"font: 7pt 'Times New Roman';\">\u00a0\u00a0\u00a0\u00a0\u00a0\u00a0\u00a0\u00a0\u00a0 <\/span><\/span><span style=\"font-size: 12pt; line-height: 150%; font-family: 'Times New Roman',serif;\">Professions lib\u00e9rales non r\u00e9glement\u00e9es (moniteurs de ski, formateurs, consultants, nutritionnistes, di\u00e9t\u00e9ticiens, coaches\u2026)<\/span><\/p>\n<\/td>\n<\/tr>\n<tr>\n<td style=\"width: 190.9pt; border-width: medium 1pt 1pt; border-style: none solid solid; border-color: -moz-use-text-color windowtext windowtext; padding: 0cm 5.4pt;\" valign=\"top\" width=\"255\">\n<p style=\"margin-bottom: 0.0001pt; line-height: 150%;\"><span style=\"font-size: 12pt; line-height: 150%; font-family: 'Times New Roman',serif;\">Caisse d&rsquo;assurance vieillesse des officiers minist\u00e9riels (<strong>Cavom<\/strong>) <\/span><\/p>\n<\/td>\n<td style=\"width: 262.2pt; border-width: medium 1pt 1pt medium; border-style: none solid solid none; border-color: -moz-use-text-color windowtext windowtext -moz-use-text-color; padding: 0cm 5.4pt;\" valign=\"top\" width=\"350\">\n<p style=\"margin-bottom: 0.0001pt; text-align: justify; text-indent: -18pt; line-height: 150%;\"><span style=\"font-size: 12pt; line-height: 150%; font-family: 'Times New Roman',serif;\">&#8211;<span style=\"font: 7pt 'Times New Roman';\">\u00a0\u00a0\u00a0\u00a0\u00a0\u00a0\u00a0\u00a0\u00a0 <\/span><\/span><span style=\"font-size: 12pt; line-height: 150%; font-family: 'Times New Roman',serif;\">Huissiers<\/span><\/p>\n<p style=\"margin-bottom: 0.0001pt; text-align: justify; text-indent: -18pt; line-height: 150%;\"><span style=\"font-size: 12pt; line-height: 150%; font-family: 'Times New Roman',serif;\">&#8211;<span style=\"font: 7pt 'Times New Roman';\">\u00a0\u00a0\u00a0\u00a0\u00a0\u00a0\u00a0\u00a0\u00a0 <\/span><\/span><span style=\"font-size: 12pt; line-height: 150%; font-family: 'Times New Roman',serif;\">Avou\u00e9s pr\u00e8s les cours d&rsquo;appel<\/span><\/p>\n<p style=\"margin-bottom: 0.0001pt; text-align: justify; text-indent: -18pt; line-height: 150%;\"><span style=\"font-size: 12pt; line-height: 150%; font-family: 'Times New Roman',serif;\">&#8211;<span style=\"font: 7pt 'Times New Roman';\">\u00a0\u00a0\u00a0\u00a0\u00a0\u00a0\u00a0\u00a0\u00a0 <\/span><\/span><span style=\"font-size: 12pt; line-height: 150%; font-family: 'Times New Roman',serif;\">Commissaires-priseurs judiciaires<\/span><\/p>\n<p style=\"margin-bottom: 0.0001pt; text-align: justify; text-indent: -18pt; line-height: 150%;\"><span style=\"font-size: 12pt; line-height: 150%; font-family: 'Times New Roman',serif;\">&#8211;<span style=\"font: 7pt 'Times New Roman';\">\u00a0\u00a0\u00a0\u00a0\u00a0\u00a0\u00a0\u00a0\u00a0 <\/span><\/span><span style=\"font-size: 12pt; line-height: 150%; font-family: 'Times New Roman',serif;\">Commissaires-priseurs habilit\u00e9s<\/span><\/p>\n<p style=\"margin-bottom: 0.0001pt; text-align: justify; text-indent: -18pt; line-height: 150%;\"><span style=\"font-size: 12pt; line-height: 150%; font-family: 'Times New Roman',serif;\">&#8211;<span style=\"font: 7pt 'Times New Roman';\">\u00a0\u00a0\u00a0\u00a0\u00a0\u00a0\u00a0\u00a0\u00a0 <\/span><\/span><span style=\"font-size: 12pt; line-height: 150%; font-family: 'Times New Roman',serif;\">Administrateurs judiciaires<\/span><\/p>\n<p style=\"margin-bottom: 0.0001pt; text-align: justify; text-indent: -18pt; line-height: 150%;\"><span style=\"font-size: 12pt; line-height: 150%; font-family: 'Times New Roman',serif;\">&#8211;<span style=\"font: 7pt 'Times New Roman';\">\u00a0\u00a0\u00a0\u00a0\u00a0\u00a0\u00a0\u00a0\u00a0 <\/span><\/span><span style=\"font-size: 12pt; line-height: 150%; font-family: 'Times New Roman',serif;\">Mandataires judiciaires \u00e0 la liquidation des entreprises<\/span><\/p>\n<p style=\"margin-bottom: 0.0001pt; text-align: justify; text-indent: -18pt; line-height: 150%;\"><span style=\"font-size: 12pt; line-height: 150%; font-family: 'Times New Roman',serif;\">&#8211;<span style=\"font: 7pt 'Times New Roman';\">\u00a0\u00a0\u00a0\u00a0\u00a0\u00a0\u00a0\u00a0\u00a0 <\/span><\/span><span style=\"font-size: 12pt; line-height: 150%; font-family: 'Times New Roman',serif;\">Greffiers pr\u00e8s les tribunaux de commerce<\/span><\/p>\n<p style=\"margin-bottom: 0.0001pt; text-align: justify; text-indent: -18pt; line-height: 150%;\"><span style=\"font-size: 12pt; line-height: 150%; font-family: 'Times New Roman',serif;\">&#8211;<span style=\"font: 7pt 'Times New Roman';\">\u00a0\u00a0\u00a0\u00a0\u00a0\u00a0\u00a0\u00a0\u00a0 <\/span><\/span><span style=\"font-size: 12pt; line-height: 150%; font-family: 'Times New Roman',serif;\">Arbitres pr\u00e8s les tribunaux de commerce<\/span><\/p>\n<\/td>\n<\/tr>\n<tr>\n<td style=\"width: 190.9pt; border-width: medium 1pt 1pt; border-style: none solid solid; border-color: -moz-use-text-color windowtext windowtext; padding: 0cm 5.4pt;\" valign=\"top\" width=\"255\">\n<p style=\"margin-bottom: 0.0001pt; line-height: 150%;\"><span style=\"font-size: 12pt; line-height: 150%; font-family: 'Times New Roman',serif;\">Caisse de retraite compl\u00e9mentaire du personnel navigant professionnel de l\u2019a\u00e9ronautique civile (<strong>CRPN<\/strong>)<\/span><\/p>\n<\/td>\n<td style=\"width: 262.2pt; border-width: medium 1pt 1pt medium; border-style: none solid solid none; border-color: -moz-use-text-color windowtext windowtext -moz-use-text-color; padding: 0cm 5.4pt;\" valign=\"top\" width=\"350\">\n<p style=\"margin-bottom: 0.0001pt; text-align: justify; text-indent: -18pt; line-height: 150%;\"><span style=\"font-size: 12pt; line-height: 150%; font-family: 'Times New Roman',serif;\">&#8211;<span style=\"font: 7pt 'Times New Roman';\">\u00a0\u00a0\u00a0\u00a0\u00a0\u00a0\u00a0\u00a0\u00a0 <\/span><\/span><span style=\"font-size: 12pt; line-height: 150%; font-family: 'Times New Roman',serif;\">H\u00f4tesses<\/span><\/p>\n<p style=\"margin-bottom: 0.0001pt; text-align: justify; text-indent: -18pt; line-height: 150%;\"><span style=\"font-size: 12pt; line-height: 150%; font-family: 'Times New Roman',serif;\">&#8211;<span style=\"font: 7pt 'Times New Roman';\">\u00a0\u00a0\u00a0\u00a0\u00a0\u00a0\u00a0\u00a0\u00a0 <\/span><\/span><span style=\"font-size: 12pt; line-height: 150%; font-family: 'Times New Roman',serif;\">Stewards<\/span><\/p>\n<p style=\"margin-bottom: 0.0001pt; text-align: justify; text-indent: -18pt; line-height: 150%;\"><span style=\"font-size: 12pt; line-height: 150%; font-family: 'Times New Roman',serif;\">&#8211;<span style=\"font: 7pt 'Times New Roman';\">\u00a0\u00a0\u00a0\u00a0\u00a0\u00a0\u00a0\u00a0\u00a0 <\/span><\/span><span style=\"font-size: 12pt; line-height: 150%; font-family: 'Times New Roman',serif;\">Pilotes et co-pilotes<\/span><\/p>\n<\/td>\n<\/tr>\n<tr>\n<td style=\"width: 190.9pt; border-width: medium 1pt 1pt; border-style: none solid solid; border-color: -moz-use-text-color windowtext windowtext; padding: 0cm 5.4pt;\" valign=\"top\" width=\"255\">\n<p style=\"margin-bottom: 0.0001pt; line-height: 150%;\"><span style=\"font-size: 12pt; line-height: 150%; font-family: 'Times New Roman',serif;\">Institution de retraite compl\u00e9mentaire de l&rsquo;enseignement et de la cr\u00e9ation (<strong>Ircec<\/strong>)<\/span><\/p>\n<\/td>\n<td style=\"width: 262.2pt; border-width: medium 1pt 1pt medium; border-style: none solid solid none; border-color: -moz-use-text-color windowtext windowtext -moz-use-text-color; padding: 0cm 5.4pt;\" valign=\"top\" width=\"350\">\n<p style=\"margin-bottom: 0.0001pt; text-align: justify; text-indent: -18pt; line-height: 150%;\"><span style=\"font-size: 12pt; line-height: 150%; font-family: 'Times New Roman',serif;\">&#8211;<span style=\"font: 7pt 'Times New Roman';\">\u00a0\u00a0\u00a0\u00a0\u00a0\u00a0\u00a0\u00a0\u00a0 <\/span><\/span><span style=\"font-size: 12pt; line-height: 150%; font-family: 'Times New Roman',serif;\">Ecrivains<\/span><\/p>\n<p style=\"margin-bottom: 0.0001pt; text-align: justify; text-indent: -18pt; line-height: 150%;\"><span style=\"font-size: 12pt; line-height: 150%; font-family: 'Times New Roman',serif;\">&#8211;<span style=\"font: 7pt 'Times New Roman';\">\u00a0\u00a0\u00a0\u00a0\u00a0\u00a0\u00a0\u00a0\u00a0 <\/span><\/span><span style=\"font-size: 12pt; line-height: 150%; font-family: 'Times New Roman',serif;\">Traducteurs<\/span><\/p>\n<p style=\"margin-bottom: 0.0001pt; text-align: justify; text-indent: -18pt; line-height: 150%;\"><span style=\"font-size: 12pt; line-height: 150%; font-family: 'Times New Roman',serif;\">&#8211;<span style=\"font: 7pt 'Times New Roman';\">\u00a0\u00a0\u00a0\u00a0\u00a0\u00a0\u00a0\u00a0\u00a0 <\/span><\/span><span style=\"font-size: 12pt; line-height: 150%; font-family: 'Times New Roman',serif;\">Compositeurs<\/span><\/p>\n<p style=\"margin-bottom: 0.0001pt; text-align: justify; text-indent: -18pt; line-height: 150%;\"><span style=\"font-size: 12pt; line-height: 150%; font-family: 'Times New Roman',serif;\">&#8211;<span style=\"font: 7pt 'Times New Roman';\">\u00a0\u00a0\u00a0\u00a0\u00a0\u00a0\u00a0\u00a0\u00a0 <\/span><\/span><span style=\"font-size: 12pt; line-height: 150%; font-family: 'Times New Roman',serif;\">Sc\u00e9naristes<\/span><\/p>\n<p style=\"margin-bottom: 0.0001pt; text-align: justify; text-indent: -18pt; line-height: 150%;\"><span style=\"font-size: 12pt; line-height: 150%; font-family: 'Times New Roman',serif;\">&#8211;<span style=\"font: 7pt 'Times New Roman';\">\u00a0\u00a0\u00a0\u00a0\u00a0\u00a0\u00a0\u00a0\u00a0 <\/span><\/span><span style=\"font-size: 12pt; line-height: 150%; font-family: 'Times New Roman',serif;\">Photographes<\/span><\/p>\n<p style=\"margin-bottom: 0.0001pt; text-align: justify; text-indent: -18pt; line-height: 150%;\"><span style=\"font-size: 12pt; line-height: 150%; font-family: 'Times New Roman',serif;\">&#8211;<span style=\"font: 7pt 'Times New Roman';\">\u00a0\u00a0\u00a0\u00a0\u00a0\u00a0\u00a0\u00a0\u00a0 <\/span><\/span><span style=\"font-size: 12pt; line-height: 150%; font-family: 'Times New Roman',serif;\">Graphistes<\/span><\/p>\n<p style=\"margin-bottom: 0.0001pt; text-align: justify; text-indent: -18pt; line-height: 150%;\"><span style=\"font-size: 12pt; line-height: 150%; font-family: 'Times New Roman',serif;\">&#8211;<span style=\"font: 7pt 'Times New Roman';\">\u00a0\u00a0\u00a0\u00a0\u00a0\u00a0\u00a0\u00a0\u00a0 <\/span><\/span><span style=\"font-size: 12pt; line-height: 150%; font-family: 'Times New Roman',serif;\">Plasticiens<\/span><\/p>\n<\/td>\n<\/tr>\n<\/tbody>\n<\/table>\n<p style=\"text-align: justify; line-height: 150%;\"><span style=\"font-size: 10pt;\"><em><span style=\"line-height: 150%; font-family: 'Times New Roman',serif;\">Source\u00a0: GIP Union retraite, Toutsurmesfinances.com.<\/span><\/em><\/span><\/p>\n<p>&nbsp;<\/p>\n<h2><span class=\"ez-toc-section\" id=\"Le_calcul_de_la_retraite_complementaire\"><\/span>Le calcul de la retraite compl\u00e9mentaire<span class=\"ez-toc-section-end\"><\/span><\/h2>\n<p>La retraite compl\u00e9mentaire fonctionne en points. Durant sa carri\u00e8re, l&rsquo;assur\u00e9 acquiert, via ses cotisations, des points de retraite en fonction du niveau de ses revenus professionnels. Au moment de partir \u00e0 la retraite, les points qu&rsquo;il a cumul\u00e9s sont multipli\u00e9s par le prix du point du moment. Le r\u00e9sultat donne le montant de la pension compl\u00e9mentaire vers\u00e9e jusqu&rsquo;au d\u00e9c\u00e8s. La valeur d&rsquo;achat (le co\u00fbt) du point et la valeur de service (le prix) du point sont fix\u00e9es chaque ann\u00e9e par le conseil d&rsquo;administration de la caisse compl\u00e9mentaire.<\/p>\n<p style=\"text-align: center;\">La formule math\u00e9matique :<\/p>\n<p style=\"text-align: center;\">Nombre de points cumul\u00e9s durant la carri\u00e8re x valeur de service du point au moment de la liquidation des droits = montant de la pension compl\u00e9mentaire.<\/p>\n<p>Contrairement aux r\u00e9gimes de base, il n&rsquo;existe pas de dur\u00e9e minimum de cotisation \u00e0 respecter dans les r\u00e9gimes compl\u00e9mentaires. L&rsquo;assur\u00e9 peut m\u00eame partir avant l&rsquo;\u00e2ge de d\u00e9part fix\u00e9 dans les caisses compl\u00e9mentaires \u00e0 65 ou 67 ans (contre de 60 \u00e0 62 ans dans les r\u00e9gimes de base). Toutefois, un \u00ab coefficient de minoration \u00bb s&rsquo;applique sur la pension compl\u00e9mentaire. Il s&rsquo;ag\u00eet d&rsquo;un abattement dont le taux varie selon les caisses. Certains r\u00e9gimes compl\u00e9mentaires, dont l&rsquo;Arrco et l&rsquo;Agirc, ne minorent pas les pensions compl\u00e9mentaires si l&rsquo;assur\u00e9 part \u00e0 la retraite \u00e0 60 ou 62 ans en disposant de tous ses trimestres au r\u00e9gime de base.<\/p>\n<h2><span class=\"ez-toc-section\" id=\"Le_versement_des_retraites_complementaires\"><\/span>Le versement des retraites compl\u00e9mentaires<span class=\"ez-toc-section-end\"><\/span><\/h2>\n<p>Depuis 2014, la majorit\u00e9 des retraites compl\u00e9mentaires ne sont plus servies tous les trimestres, mais tous les mois. Le versement des pensions intervient en d\u00e9but de mois. Le paiement des pensions Arrco ou Agirc de janvier 2016 a, par exemple, \u00e9t\u00e9 cr\u00e9dit\u00e9 sur les comptes bancaires le 4 janvier 2016.<\/p>\n<p>En plus de la CSG, de la CRDS et de la contribution additionnelle de solidarit\u00e9 pour l&rsquo;autonomie (Casa) \u00e9galement pr\u00e9lev\u00e9es sur les pensions de base, les pensions compl\u00e9mentaires sont assujetties \u00e0 une contribution d&rsquo;assurance maladie de 1%. Comme les retraites de base, les retraites compl\u00e9mentaires sont imposables apr\u00e8s application d&rsquo;un abattement de 10%.<\/p>\n<p>L&rsquo;imposition est identique pour les pensions compl\u00e9mentaires de r\u00e9version vers\u00e9es aux conjoints survivants. Le veuf ou la veuve per\u00e7oit de 50% \u00e0 60% de la pension compl\u00e9mentaire que touchait le d\u00e9funt ou que ce dernier aurait d\u00fb toucher s&rsquo;il \u00e9tait parti \u00e0 la retraite. Certains r\u00e9gimes compl\u00e9mentaires de lib\u00e9raux permettent, en contrepartie d&rsquo;une cotisation suppl\u00e9mentaire facultative, une r\u00e9versibilit\u00e9 de 100%.<\/p>\n<h2><span class=\"ez-toc-section\" id=\"Quest-ce_que_la_retraite_%C2%AB_surcomplementaire_%C2%BB\"><\/span>Qu&rsquo;est-ce que la retraite \u00ab surcompl\u00e9mentaire \u00bb ?<span class=\"ez-toc-section-end\"><\/span><\/h2>\n<p>Certaines entreprises mettent en place pour leurs salari\u00e9s des dispositifs de retraite qui viennent compl\u00e9ter les r\u00e9gimes de base et compl\u00e9mentaires obligatoires. On parle alors de r\u00e9gimes suppl\u00e9mentaires ou \u00ab surcompl\u00e9mentaires \u00bb.<\/p>\n<p>Il peut s&rsquo;agir de r\u00e9gimes \u00e0 prestations d\u00e9finies, qui garantissent un niveau minimum de pensions \u00e0 la retraite. Le plus r\u00e9pandu est l&rsquo;<strong>article 39<\/strong> (du nom de l&rsquo;article du Code g\u00e9n\u00e9ral des imp\u00f4ts qui le r\u00e8glemente). Il est lui-m\u00eame compos\u00e9 d&rsquo;un r\u00e9gime \u00ab additionnel \u00bb (les rentes s&rsquo;additionnent aux pensions obligatoires) et d&rsquo;un r\u00e9gime \u00ab diff\u00e9rentiel \u00bb (les rentes permettent d&rsquo;assurer, en prenant en compte les pensions obligatoires, un certain niveau de revenu \u00e0 la retraite), plus connu sous l&rsquo;expression de \u00ab retraite chapeau \u00bb.<\/p>\n<p>Il existe \u00e9galement des r\u00e9gimes suppl\u00e9mentaires \u00e0 cotisations d\u00e9finies, dont le niveau de cotisation est fix\u00e9 \u00e0 l&rsquo;avance, comme l&rsquo;<strong>article 83<\/strong>. Enfin, les r\u00e9gimes suppl\u00e9mentaires en \u00ab sursalaire \u00bb (<strong>article 82<\/strong>) proposent le versement de primes \u00e0 la retraite.<\/p>\n<h2><span class=\"ez-toc-section\" id=\"Quelle_est_la_difference_entre_la_retraite_complementaire_et_les_complements_de_retraite\"><\/span>Quelle est la diff\u00e9rence entre la retraite compl\u00e9mentaire et les compl\u00e9ments de retraite ?<span class=\"ez-toc-section-end\"><\/span><\/h2>\n<p>Comme vu pr\u00e9c\u00e9demment, les retraites compl\u00e9mentaires viennent compl\u00e9ter les retraites de base. Elles sont issues de cotisations obligatoires. Les compl\u00e9ments de retraite d\u00e9signent, eux, des revenus per\u00e7us de mani\u00e8re r\u00e9guli\u00e8re \u00e0 la retraite en plus des pensions de base et compl\u00e9mentaires. Ces revenus sont issus de l&rsquo;investissement immobilier locatif et\/ou de placements, tels que l&rsquo;assurance vie via des rachats partiels programm\u00e9s ou une sortie en rentes viag\u00e8res.<\/p>\n<p>Il existe une multitude de produits d&rsquo;\u00e9pargne qui proposent le versement de rentes \u00e0 la retraite. Les plus connus sont <a href=\"https:\/\/www.toutsurmesfinances.com\/retraite\/le-perp-le-plan-d-epargne-retraite-populaire.html\" target=\"_blank\" rel=\"noopener noreferrer\">le plan d&rsquo;\u00e9pargne retraite populaire<\/a> (<strong>Perp<\/strong>), Pr\u00e9fon-Retraite r\u00e9serv\u00e9 aux fonctionnaires et ex-agents publics, et le <strong>contrat de retraite Madelin<\/strong> <a href=\"https:\/\/www.toutsurmesfinances.com\/retraite\/loi-madelin-avantages-et-inconvenients-du-contrat-retraite-des-tns.html\" target=\"_blank\" rel=\"noopener noreferrer\">destin\u00e9 aux travailleurs non-salari\u00e9s<\/a> (artisans, commer\u00e7ants, chefs d&rsquo;entreprise, professions lib\u00e9rales).<\/p>\n<\/div><\/div><\/div><\/div><\/div><\/div><\/div><\/section>\n","protected":false},"excerpt":{"rendered":"<p>La retraite compl\u00e9mentaire est obligatoire pour les travailleurs du secteur priv\u00e9 et permet de compl\u00e9ter, comme son nom l&rsquo;indique, la retraite de base.<\/p>\n","protected":false},"author":13713,"featured_media":21414,"comment_status":"closed","ping_status":"closed","sticky":false,"template":"","format":"standard","meta":{"footnotes":""},"categories":[11],"tags":[],"class_list":["post-21415","post","type-post","status-publish","format-standard","has-post-thumbnail","hentry","category-droits-a-la-retraite"],"acf":[],"yoast_head":"<!-- This site is optimized with the Yoast SEO plugin v24.9 - https:\/\/yoast.com\/wordpress\/plugins\/seo\/ -->\n<title>Qu&#039;est-ce que la retraite compl\u00e9mentaire ?<\/title>\n<meta name=\"description\" content=\"La retraite compl\u00e9mentaire est obligatoire pour les travailleurs du secteur priv\u00e9 et permet de compenser la retraite de base.\" \/>\n<meta name=\"robots\" content=\"index, follow, max-snippet:-1, max-image-preview:large, max-video-preview:-1\" \/>\n<link rel=\"canonical\" href=\"https:\/\/www.toutsurmesfinances.com\/retraite\/qu-est-ce-que-la-retraite-complementaire.html\" \/>\n<meta property=\"og:locale\" content=\"fr_FR\" \/>\n<meta property=\"og:type\" content=\"article\" \/>\n<meta property=\"og:title\" content=\"Qu&#039;est-ce que la retraite compl\u00e9mentaire ?\" \/>\n<meta property=\"og:description\" content=\"La retraite compl\u00e9mentaire est obligatoire pour les travailleurs du secteur priv\u00e9 et permet de compenser la retraite de base.\" \/>\n<meta property=\"og:url\" content=\"https:\/\/www.toutsurmesfinances.com\/retraite\/qu-est-ce-que-la-retraite-complementaire.html\" \/>\n<meta property=\"og:site_name\" content=\"Retraite\" \/>\n<meta property=\"article:published_time\" content=\"2016-06-27T09:12:30+00:00\" \/>\n<meta property=\"article:modified_time\" content=\"2021-12-08T13:56:13+00:00\" \/>\n<meta property=\"og:image\" content=\"https:\/\/www.toutsurmesfinances.com\/retraite\/wp-content\/uploads\/sites\/4\/2016\/06\/retraite-complementaire-bis.jpg\" \/>\n\t<meta property=\"og:image:width\" content=\"823\" \/>\n\t<meta property=\"og:image:height\" content=\"463\" \/>\n\t<meta property=\"og:image:type\" content=\"image\/jpeg\" \/>\n<meta name=\"author\" content=\"Jean-Philippe Dubosc\" \/>\n<meta name=\"twitter:card\" content=\"summary_large_image\" \/>\n<meta name=\"twitter:creator\" content=\"@Toutsur\" \/>\n<meta name=\"twitter:site\" content=\"@Toutsur\" \/>\n<meta name=\"twitter:label1\" content=\"\u00c9crit par\" \/>\n\t<meta name=\"twitter:data1\" content=\"Jean-Philippe Dubosc\" \/>\n\t<meta name=\"twitter:label2\" content=\"Dur\u00e9e de lecture estim\u00e9e\" \/>\n\t<meta name=\"twitter:data2\" content=\"8 minutes\" \/>\n<script type=\"application\/ld+json\" class=\"yoast-schema-graph\">{\"@context\":\"https:\/\/schema.org\",\"@graph\":[{\"@type\":\"Article\",\"@id\":\"https:\/\/www.toutsurmesfinances.com\/retraite\/qu-est-ce-que-la-retraite-complementaire.html#article\",\"isPartOf\":{\"@id\":\"https:\/\/www.toutsurmesfinances.com\/retraite\/qu-est-ce-que-la-retraite-complementaire.html\"},\"author\":{\"name\":\"Jean-Philippe Dubosc\",\"@id\":\"https:\/\/www.toutsurmesfinances.com\/retraite\/#\/schema\/person\/addc9e9b3978fa7947ead71bab57694c\"},\"headline\":\"Qu&rsquo;est-ce que la retraite compl\u00e9mentaire ?\",\"dateModified\":\"2021-12-08T13:56:13+00:00\",\"mainEntityOfPage\":{\"@id\":\"https:\/\/www.toutsurmesfinances.com\/retraite\/qu-est-ce-que-la-retraite-complementaire.html\"},\"wordCount\":1709,\"publisher\":{\"@id\":\"https:\/\/www.toutsurmesfinances.com\/retraite\/#organization\"},\"image\":{\"@id\":\"https:\/\/www.toutsurmesfinances.com\/retraite\/qu-est-ce-que-la-retraite-complementaire.html#primaryimage\"},\"thumbnailUrl\":\"https:\/\/www.toutsurmesfinances.com\/retraite\/wp-content\/uploads\/sites\/4\/2016\/06\/retraite-complementaire-bis.jpg\",\"articleSection\":[\"Droits \u00e0 la retraite\"],\"inLanguage\":\"fr-FR\"},{\"@type\":\"WebPage\",\"@id\":\"https:\/\/www.toutsurmesfinances.com\/retraite\/qu-est-ce-que-la-retraite-complementaire.html\",\"url\":\"https:\/\/www.toutsurmesfinances.com\/retraite\/qu-est-ce-que-la-retraite-complementaire.html\",\"name\":\"Qu'est-ce que la retraite compl\u00e9mentaire ?\",\"isPartOf\":{\"@id\":\"https:\/\/www.toutsurmesfinances.com\/retraite\/#website\"},\"primaryImageOfPage\":{\"@id\":\"https:\/\/www.toutsurmesfinances.com\/retraite\/qu-est-ce-que-la-retraite-complementaire.html#primaryimage\"},\"image\":{\"@id\":\"https:\/\/www.toutsurmesfinances.com\/retraite\/qu-est-ce-que-la-retraite-complementaire.html#primaryimage\"},\"thumbnailUrl\":\"https:\/\/www.toutsurmesfinances.com\/retraite\/wp-content\/uploads\/sites\/4\/2016\/06\/retraite-complementaire-bis.jpg\",\"dateModified\":\"2021-12-08T13:56:13+00:00\",\"description\":\"La retraite compl\u00e9mentaire est obligatoire pour les travailleurs du secteur priv\u00e9 et permet de compenser la retraite de base.\",\"breadcrumb\":{\"@id\":\"https:\/\/www.toutsurmesfinances.com\/retraite\/qu-est-ce-que-la-retraite-complementaire.html#breadcrumb\"},\"inLanguage\":\"fr-FR\",\"potentialAction\":[{\"@type\":\"ReadAction\",\"target\":[\"https:\/\/www.toutsurmesfinances.com\/retraite\/qu-est-ce-que-la-retraite-complementaire.html\"]}]},{\"@type\":\"ImageObject\",\"inLanguage\":\"fr-FR\",\"@id\":\"https:\/\/www.toutsurmesfinances.com\/retraite\/qu-est-ce-que-la-retraite-complementaire.html#primaryimage\",\"url\":\"https:\/\/www.toutsurmesfinances.com\/retraite\/wp-content\/uploads\/sites\/4\/2016\/06\/retraite-complementaire-bis.jpg\",\"contentUrl\":\"https:\/\/www.toutsurmesfinances.com\/retraite\/wp-content\/uploads\/sites\/4\/2016\/06\/retraite-complementaire-bis.jpg\",\"width\":823,\"height\":463,\"caption\":\"Les actifs du secteur priv\u00e9 sont contraints de cotiser \u00e0 un, voire deux r\u00e9gimes de retraite compl\u00e9mentaire\"},{\"@type\":\"BreadcrumbList\",\"@id\":\"https:\/\/www.toutsurmesfinances.com\/retraite\/qu-est-ce-que-la-retraite-complementaire.html#breadcrumb\",\"itemListElement\":[{\"@type\":\"ListItem\",\"position\":1,\"name\":\"Accueil\",\"item\":\"https:\/\/www.toutsurmesfinances.com\/retraite\/\"},{\"@type\":\"ListItem\",\"position\":2,\"name\":\"Droits\",\"item\":\"https:\/\/www.toutsurmesfinances.com\/retraite\/c\/droits\"},{\"@type\":\"ListItem\",\"position\":3,\"name\":\"Droits \u00e0 la retraite\",\"item\":\"https:\/\/www.toutsurmesfinances.com\/retraite\/c\/droits-a-la-retraite\"},{\"@type\":\"ListItem\",\"position\":4,\"name\":\"Qu&rsquo;est-ce que la retraite compl\u00e9mentaire ?\"}]},{\"@type\":\"WebSite\",\"@id\":\"https:\/\/www.toutsurmesfinances.com\/retraite\/#website\",\"url\":\"https:\/\/www.toutsurmesfinances.com\/retraite\/\",\"name\":\"Retraite\",\"description\":\"\",\"publisher\":{\"@id\":\"https:\/\/www.toutsurmesfinances.com\/retraite\/#organization\"},\"potentialAction\":[{\"@type\":\"SearchAction\",\"target\":{\"@type\":\"EntryPoint\",\"urlTemplate\":\"https:\/\/www.toutsurmesfinances.com\/retraite\/?s={search_term_string}\"},\"query-input\":{\"@type\":\"PropertyValueSpecification\",\"valueRequired\":true,\"valueName\":\"search_term_string\"}}],\"inLanguage\":\"fr-FR\"},{\"@type\":\"Organization\",\"@id\":\"https:\/\/www.toutsurmesfinances.com\/retraite\/#organization\",\"name\":\"Tout Sur Mes Finances\",\"url\":\"https:\/\/www.toutsurmesfinances.com\/retraite\/\",\"logo\":{\"@type\":\"ImageObject\",\"inLanguage\":\"fr-FR\",\"@id\":\"https:\/\/www.toutsurmesfinances.com\/retraite\/#\/schema\/logo\/image\/\",\"url\":\"https:\/\/www.toutsurmesfinances.com\/retraite\/wp-content\/uploads\/sites\/4\/2021\/01\/favicon.png\",\"contentUrl\":\"https:\/\/www.toutsurmesfinances.com\/retraite\/wp-content\/uploads\/sites\/4\/2021\/01\/favicon.png\",\"width\":512,\"height\":512,\"caption\":\"Tout Sur Mes Finances\"},\"image\":{\"@id\":\"https:\/\/www.toutsurmesfinances.com\/retraite\/#\/schema\/logo\/image\/\"},\"sameAs\":[\"https:\/\/x.com\/Toutsur\"]},{\"@type\":\"Person\",\"@id\":\"https:\/\/www.toutsurmesfinances.com\/retraite\/#\/schema\/person\/addc9e9b3978fa7947ead71bab57694c\",\"name\":\"Jean-Philippe Dubosc\",\"image\":{\"@type\":\"ImageObject\",\"inLanguage\":\"fr-FR\",\"@id\":\"https:\/\/www.toutsurmesfinances.com\/retraite\/#\/schema\/person\/image\/\",\"url\":\"https:\/\/secure.gravatar.com\/avatar\/a3cba30cdda1afe79f6ebffc6e952291?s=96&d=mm&r=g\",\"contentUrl\":\"https:\/\/secure.gravatar.com\/avatar\/a3cba30cdda1afe79f6ebffc6e952291?s=96&d=mm&r=g\",\"caption\":\"Jean-Philippe Dubosc\"},\"description\":\"Jean-Philippe Dubosc est r\u00e9dacteur en chef de ToutSurMesFinances.com et sp\u00e9cialiste des questions de retraite obligatoire et d\u2019\u00e9pargne. Pr\u00e9sent au sein du m\u00e9dia depuis plus de 13 ans, il analyse les r\u00e9formes, les dispositifs r\u00e9glementaires et les strat\u00e9gies de d\u00e9part \u00e0 la retraite, avec une approche fond\u00e9e sur une lecture rigoureuse des textes et une connaissance approfondie des diff\u00e9rents r\u00e9gimes de retraite.\",\"sameAs\":[\"https:\/\/www.toutsurmesfinances.com\/author\/jpdubosc\",\"https:\/\/fr.linkedin.com\/in\/jpdubosc\"]}]}<\/script>\n<!-- \/ Yoast SEO plugin. -->","yoast_head_json":{"title":"Qu'est-ce que la retraite compl\u00e9mentaire ?","description":"La retraite compl\u00e9mentaire est obligatoire pour les travailleurs du secteur priv\u00e9 et permet de compenser la retraite de base.","robots":{"index":"index","follow":"follow","max-snippet":"max-snippet:-1","max-image-preview":"max-image-preview:large","max-video-preview":"max-video-preview:-1"},"canonical":"https:\/\/www.toutsurmesfinances.com\/retraite\/qu-est-ce-que-la-retraite-complementaire.html","og_locale":"fr_FR","og_type":"article","og_title":"Qu'est-ce que la retraite compl\u00e9mentaire ?","og_description":"La retraite compl\u00e9mentaire est obligatoire pour les travailleurs du secteur priv\u00e9 et permet de compenser la retraite de base.","og_url":"https:\/\/www.toutsurmesfinances.com\/retraite\/qu-est-ce-que-la-retraite-complementaire.html","og_site_name":"Retraite","article_published_time":"2016-06-27T09:12:30+00:00","article_modified_time":"2021-12-08T13:56:13+00:00","og_image":[{"width":823,"height":463,"url":"https:\/\/www.toutsurmesfinances.com\/retraite\/wp-content\/uploads\/sites\/4\/2016\/06\/retraite-complementaire-bis.jpg","type":"image\/jpeg"}],"author":"Jean-Philippe Dubosc","twitter_card":"summary_large_image","twitter_creator":"@Toutsur","twitter_site":"@Toutsur","twitter_misc":{"\u00c9crit par":"Jean-Philippe Dubosc","Dur\u00e9e de lecture estim\u00e9e":"8 minutes"},"schema":{"@context":"https:\/\/schema.org","@graph":[{"@type":"Article","@id":"https:\/\/www.toutsurmesfinances.com\/retraite\/qu-est-ce-que-la-retraite-complementaire.html#article","isPartOf":{"@id":"https:\/\/www.toutsurmesfinances.com\/retraite\/qu-est-ce-que-la-retraite-complementaire.html"},"author":{"name":"Jean-Philippe Dubosc","@id":"https:\/\/www.toutsurmesfinances.com\/retraite\/#\/schema\/person\/addc9e9b3978fa7947ead71bab57694c"},"headline":"Qu&rsquo;est-ce que la retraite compl\u00e9mentaire ?","dateModified":"2021-12-08T13:56:13+00:00","mainEntityOfPage":{"@id":"https:\/\/www.toutsurmesfinances.com\/retraite\/qu-est-ce-que-la-retraite-complementaire.html"},"wordCount":1709,"publisher":{"@id":"https:\/\/www.toutsurmesfinances.com\/retraite\/#organization"},"image":{"@id":"https:\/\/www.toutsurmesfinances.com\/retraite\/qu-est-ce-que-la-retraite-complementaire.html#primaryimage"},"thumbnailUrl":"https:\/\/www.toutsurmesfinances.com\/retraite\/wp-content\/uploads\/sites\/4\/2016\/06\/retraite-complementaire-bis.jpg","articleSection":["Droits \u00e0 la retraite"],"inLanguage":"fr-FR"},{"@type":"WebPage","@id":"https:\/\/www.toutsurmesfinances.com\/retraite\/qu-est-ce-que-la-retraite-complementaire.html","url":"https:\/\/www.toutsurmesfinances.com\/retraite\/qu-est-ce-que-la-retraite-complementaire.html","name":"Qu'est-ce que la retraite compl\u00e9mentaire ?","isPartOf":{"@id":"https:\/\/www.toutsurmesfinances.com\/retraite\/#website"},"primaryImageOfPage":{"@id":"https:\/\/www.toutsurmesfinances.com\/retraite\/qu-est-ce-que-la-retraite-complementaire.html#primaryimage"},"image":{"@id":"https:\/\/www.toutsurmesfinances.com\/retraite\/qu-est-ce-que-la-retraite-complementaire.html#primaryimage"},"thumbnailUrl":"https:\/\/www.toutsurmesfinances.com\/retraite\/wp-content\/uploads\/sites\/4\/2016\/06\/retraite-complementaire-bis.jpg","dateModified":"2021-12-08T13:56:13+00:00","description":"La retraite compl\u00e9mentaire est obligatoire pour les travailleurs du secteur priv\u00e9 et permet de compenser la retraite de base.","breadcrumb":{"@id":"https:\/\/www.toutsurmesfinances.com\/retraite\/qu-est-ce-que-la-retraite-complementaire.html#breadcrumb"},"inLanguage":"fr-FR","potentialAction":[{"@type":"ReadAction","target":["https:\/\/www.toutsurmesfinances.com\/retraite\/qu-est-ce-que-la-retraite-complementaire.html"]}]},{"@type":"ImageObject","inLanguage":"fr-FR","@id":"https:\/\/www.toutsurmesfinances.com\/retraite\/qu-est-ce-que-la-retraite-complementaire.html#primaryimage","url":"https:\/\/www.toutsurmesfinances.com\/retraite\/wp-content\/uploads\/sites\/4\/2016\/06\/retraite-complementaire-bis.jpg","contentUrl":"https:\/\/www.toutsurmesfinances.com\/retraite\/wp-content\/uploads\/sites\/4\/2016\/06\/retraite-complementaire-bis.jpg","width":823,"height":463,"caption":"Les actifs du secteur priv\u00e9 sont contraints de cotiser \u00e0 un, voire deux r\u00e9gimes de retraite compl\u00e9mentaire"},{"@type":"BreadcrumbList","@id":"https:\/\/www.toutsurmesfinances.com\/retraite\/qu-est-ce-que-la-retraite-complementaire.html#breadcrumb","itemListElement":[{"@type":"ListItem","position":1,"name":"Accueil","item":"https:\/\/www.toutsurmesfinances.com\/retraite\/"},{"@type":"ListItem","position":2,"name":"Droits","item":"https:\/\/www.toutsurmesfinances.com\/retraite\/c\/droits"},{"@type":"ListItem","position":3,"name":"Droits \u00e0 la retraite","item":"https:\/\/www.toutsurmesfinances.com\/retraite\/c\/droits-a-la-retraite"},{"@type":"ListItem","position":4,"name":"Qu&rsquo;est-ce que la retraite compl\u00e9mentaire ?"}]},{"@type":"WebSite","@id":"https:\/\/www.toutsurmesfinances.com\/retraite\/#website","url":"https:\/\/www.toutsurmesfinances.com\/retraite\/","name":"Retraite","description":"","publisher":{"@id":"https:\/\/www.toutsurmesfinances.com\/retraite\/#organization"},"potentialAction":[{"@type":"SearchAction","target":{"@type":"EntryPoint","urlTemplate":"https:\/\/www.toutsurmesfinances.com\/retraite\/?s={search_term_string}"},"query-input":{"@type":"PropertyValueSpecification","valueRequired":true,"valueName":"search_term_string"}}],"inLanguage":"fr-FR"},{"@type":"Organization","@id":"https:\/\/www.toutsurmesfinances.com\/retraite\/#organization","name":"Tout Sur Mes Finances","url":"https:\/\/www.toutsurmesfinances.com\/retraite\/","logo":{"@type":"ImageObject","inLanguage":"fr-FR","@id":"https:\/\/www.toutsurmesfinances.com\/retraite\/#\/schema\/logo\/image\/","url":"https:\/\/www.toutsurmesfinances.com\/retraite\/wp-content\/uploads\/sites\/4\/2021\/01\/favicon.png","contentUrl":"https:\/\/www.toutsurmesfinances.com\/retraite\/wp-content\/uploads\/sites\/4\/2021\/01\/favicon.png","width":512,"height":512,"caption":"Tout Sur Mes Finances"},"image":{"@id":"https:\/\/www.toutsurmesfinances.com\/retraite\/#\/schema\/logo\/image\/"},"sameAs":["https:\/\/x.com\/Toutsur"]},{"@type":"Person","@id":"https:\/\/www.toutsurmesfinances.com\/retraite\/#\/schema\/person\/addc9e9b3978fa7947ead71bab57694c","name":"Jean-Philippe Dubosc","image":{"@type":"ImageObject","inLanguage":"fr-FR","@id":"https:\/\/www.toutsurmesfinances.com\/retraite\/#\/schema\/person\/image\/","url":"https:\/\/secure.gravatar.com\/avatar\/a3cba30cdda1afe79f6ebffc6e952291?s=96&d=mm&r=g","contentUrl":"https:\/\/secure.gravatar.com\/avatar\/a3cba30cdda1afe79f6ebffc6e952291?s=96&d=mm&r=g","caption":"Jean-Philippe Dubosc"},"description":"Jean-Philippe Dubosc est r\u00e9dacteur en chef de ToutSurMesFinances.com et sp\u00e9cialiste des questions de retraite obligatoire et d\u2019\u00e9pargne. Pr\u00e9sent au sein du m\u00e9dia depuis plus de 13 ans, il analyse les r\u00e9formes, les dispositifs r\u00e9glementaires et les strat\u00e9gies de d\u00e9part \u00e0 la retraite, avec une approche fond\u00e9e sur une lecture rigoureuse des textes et une connaissance approfondie des diff\u00e9rents r\u00e9gimes de retraite.","sameAs":["https:\/\/www.toutsurmesfinances.com\/author\/jpdubosc","https:\/\/fr.linkedin.com\/in\/jpdubosc"]}]}},"_links":{"self":[{"href":"https:\/\/www.toutsurmesfinances.com\/retraite\/wp-json\/wp\/v2\/posts\/21415","targetHints":{"allow":["GET"]}}],"collection":[{"href":"https:\/\/www.toutsurmesfinances.com\/retraite\/wp-json\/wp\/v2\/posts"}],"about":[{"href":"https:\/\/www.toutsurmesfinances.com\/retraite\/wp-json\/wp\/v2\/types\/post"}],"author":[{"embeddable":true,"href":"https:\/\/www.toutsurmesfinances.com\/retraite\/wp-json\/wp\/v2\/users\/13713"}],"replies":[{"embeddable":true,"href":"https:\/\/www.toutsurmesfinances.com\/retraite\/wp-json\/wp\/v2\/comments?post=21415"}],"version-history":[{"count":2,"href":"https:\/\/www.toutsurmesfinances.com\/retraite\/wp-json\/wp\/v2\/posts\/21415\/revisions"}],"predecessor-version":[{"id":30508,"href":"https:\/\/www.toutsurmesfinances.com\/retraite\/wp-json\/wp\/v2\/posts\/21415\/revisions\/30508"}],"wp:featuredmedia":[{"embeddable":true,"href":"https:\/\/www.toutsurmesfinances.com\/retraite\/wp-json\/wp\/v2\/media\/21414"}],"wp:attachment":[{"href":"https:\/\/www.toutsurmesfinances.com\/retraite\/wp-json\/wp\/v2\/media?parent=21415"}],"wp:term":[{"taxonomy":"category","embeddable":true,"href":"https:\/\/www.toutsurmesfinances.com\/retraite\/wp-json\/wp\/v2\/categories?post=21415"},{"taxonomy":"post_tag","embeddable":true,"href":"https:\/\/www.toutsurmesfinances.com\/retraite\/wp-json\/wp\/v2\/tags?post=21415"}],"curies":[{"name":"wp","href":"https:\/\/api.w.org\/{rel}","templated":true}]}}