{"id":21449,"date":"2016-09-05T13:52:21","date_gmt":"2016-09-05T11:52:21","guid":{"rendered":"https:\/\/www.toutsurmesfinances.com\/retraite\/cipav-la-retraite-obligatoire-des-professions-liberales-de-la-construction-et-non-reglementees.html"},"modified":"2017-10-09T11:46:32","modified_gmt":"2017-10-09T11:46:32","slug":"cipav-la-retraite-obligatoire-des-professions-liberales-de-la-construction-et-non-reglementees","status":"publish","type":"post","link":"https:\/\/www.toutsurmesfinances.com\/retraite\/cipav-la-retraite-obligatoire-des-professions-liberales-de-la-construction-et-non-reglementees.html","title":{"rendered":"CIPAV : la retraite obligatoire des professions lib\u00e9rales de la construction et non r\u00e9glement\u00e9es"},"content":{"rendered":"\n<p><a href=\"https:\/\/www.toutsurmesfinances.com\/retraite\/cipav-la-retraite-obligatoire-des-professions-liberales-de-la-construction-et-non-reglementees.html#liste-cipav\">&#8211; La liste des professions lib\u00e9rales affili\u00e9es \u00e0 la CIPAV<\/a><\/p>\n<p><a href=\"https:\/\/www.toutsurmesfinances.com\/retraite\/cipav-la-retraite-obligatoire-des-professions-liberales-de-la-construction-et-non-reglementees.html#base-cipav\">&#8211; Le r\u00e9gime de retraite de base de la CIPAV<\/a><\/p>\n<p><a href=\"https:\/\/www.toutsurmesfinances.com\/retraite\/cipav-la-retraite-obligatoire-des-professions-liberales-de-la-construction-et-non-reglementees.html#complementaire-cipav\">&#8211; Le r\u00e9gime de retraite compl\u00e9mentaire de la CIPAV<\/a><\/p>\n<ul>\n<li><a href=\"https:\/\/www.toutsurmesfinances.com\/retraite\/cipav-la-retraite-obligatoire-des-professions-liberales-de-la-construction-et-non-reglementees.html#cotisations-cipav\">Cotisations \u00e0 la CIPAV<\/a><\/li>\n<li><a href=\"https:\/\/www.toutsurmesfinances.com\/retraite\/cipav-la-retraite-obligatoire-des-professions-liberales-de-la-construction-et-non-reglementees.html#calcul-cipav\">Calcul de la pension compl\u00e9mentaire CIPAV<\/a><\/li>\n<li><a href=\"https:\/\/www.toutsurmesfinances.com\/retraite\/cipav-la-retraite-obligatoire-des-professions-liberales-de-la-construction-et-non-reglementees.html#revalo-cipav\">Revalorisation retraite compl\u00e9mentaire CIPAV<\/a><\/li>\n<li><a href=\"https:\/\/www.toutsurmesfinances.com\/retraite\/cipav-la-retraite-obligatoire-des-professions-liberales-de-la-construction-et-non-reglementees.html#reversion-cipav\">Retraite compl\u00e9mentaire CIPAV vers\u00e9e aux conjoint survivants.<\/a><\/li>\n<\/ul>\n<p>&nbsp;<\/p>\n<h2><span class=\"ez-toc-section\" id=\"La_liste_des_professions_liberales_affiliees_a_la_CIPAV\"><\/span><a name=\"liste-cipav\"><\/a>La liste des professions lib\u00e9rales affili\u00e9es \u00e0 la CIPAV<span class=\"ez-toc-section-end\"><\/span><\/h2>\n<p>Quelque 150 professions lib\u00e9rales diff\u00e9rentes sont affili\u00e9es, pour la retraite, \u00e0 la Caisse interprofessionnelle de pr\u00e9voyance et d&rsquo;assurance vieillesse (<strong>CIPAV<\/strong>). Pour l&rsquo;assurance maladie, elles cotisent au <a href=\"https:\/\/www.toutsurmesfinances.com\/retraite\/rsi-la-retraite-de-base-des-independants.html\" target=\"_blank\">R\u00e9gime social des ind\u00e9pendants<\/a> (<strong>RSI<\/strong>) comme tous les autres lib\u00e9raux. Parmi les 600.000 adh\u00e9rents de la CIPAV (ce qui en fait de loin la plus importante caisse de retraite des lib\u00e9raux), il faut distinguer les professions lib\u00e9rales r\u00e9glement\u00e9es, c&rsquo;est-\u00e0-dire r\u00e9gies par un Ordre professionnel, et les professions lib\u00e9rales non r\u00e9glement\u00e9es, g\u00e9n\u00e9ralement plus r\u00e9centes (qui repr\u00e9sentent 90% des affili\u00e9s de la caisse).<\/p>\n<p>&#8211; Les professions lib\u00e9rales r\u00e9glement\u00e9es : architectes, conseillers et techniciens du b\u00e2timent, g\u00e9om\u00e8tres, m\u00e9treurs, v\u00e9rificateurs, dessinateurs techniques.<\/p>\n<p>&#8211; Les professions lib\u00e9rales non r\u00e9glement\u00e9es : moniteurs de ski, formateurs, consultants, coaches, di\u00e9t\u00e9ticiens, nutritionnistes, d\u00e9corateurs, blogueurs professionnels (liste non exhaustive). On y trouve les <a href=\"https:\/\/www.toutsurmesfinances.com\/retraite\/autoentrepreneurs-la-retraite-obligatoire-des-micro-entrepreneurs.html\" target=\"_blank\">micro-entrepreneurs<\/a> (la nouvelle appellation des <strong>autoentrepreneurs<\/strong>) qui proposent des prestations intellectuelles ou de service (conseil, formation, communication, informatique&#8230;). Les micro-entrepreneurs exer\u00e7ant une activit\u00e9 artisanale ou commerciale cotisent, eux, pour l&rsquo;assurance vieillesse au RSI qui g\u00e8re la retraite de base et compl\u00e9mentaire des artisans, commer\u00e7ants et chefs d&rsquo;entreprise.<\/p>\n<p>Pr\u00e9sent\u00e9 \u00e0 la presse le 28 septembre 2017, le projet de loi de financement de la S\u00e9curit\u00e9 sociale (PLFSS) pour 2018 pr\u00e9voit <a href=\"https:\/\/www.toutsurmesfinances.com\/retraite\/suppression-du-rsi-quelles-consequences-pour-les-independants.html\" target=\"_blank\">la suppression du RSI <\/a>et un recentrage de la CIPAV sur les seules professions lib\u00e9rales r\u00e9glement\u00e9es. A compter du 1er janvier 2019, les professions lib\u00e9rales non r\u00e9glement\u00e9e qui d\u00e9buteront leur activit\u00e9 devront obligatoirement s&rsquo;affilier au r\u00e9gime g\u00e9n\u00e9ral de la S\u00e9curit\u00e9 sociale, le r\u00e9gime de protection sociale de base des salari\u00e9s, pour la maladie et la retraite de base. Celles d\u00e9j\u00e0 en activit\u00e9 pourront demander \u00e0 d\u00e9pendre du r\u00e9gime g\u00e9n\u00e9ral entre 1er janvier 2019 et le 31 d\u00e9cembre 2023. A compter du 1er janvier 2024, elles devront obligatoirement \u00eatre affili\u00e9es au r\u00e9gime g\u00e9n\u00e9ral. Les professions lib\u00e9rales r\u00e9glement\u00e9es continueront, elles, de cotiser \u00e0 la CIPAV pour la retraite de base et la retraite compl\u00e9mentaire.<\/p>\n<h2><span class=\"ez-toc-section\" id=\"Le_regime_de_retraite_de_base_de_la_CIPAV\"><\/span><a name=\"base-cipav\"><\/a>Le r\u00e9gime de retraite de base de la CIPAV<span class=\"ez-toc-section-end\"><\/span><\/h2>\n<p>Les r\u00e8gles de cotisation, de liquidation des droits, de calcul de la pension, de versement et <a href=\"https:\/\/www.toutsurmesfinances.com\/retraite\/fiche-pratique-de-la-revalorisation-des-retraites-2016.html\">de revalorisation <\/a>du r\u00e9gime de retraite de base de la CIPAV sont communes aux autres professions lib\u00e9rales. La retraite de base des lib\u00e9raux est en effet r\u00e9gie par la Caisse nationale d&rsquo;assurance vieillesse des professions lib\u00e9rales (<strong>CNAVPL<\/strong>), m\u00eame si sa gestion op\u00e9rationnelle (encaissement des cotisations, calcul des droits, <a href=\"https:\/\/www.toutsurmesfinances.com\/retraite\/retraites-calendrier-de-versements-2015-multi-caisses.html\">versement des pensions<\/a>, gestion du compte des adh\u00e9rents) est assur\u00e9e par chacune des 10 sections professionnelles, dont la CIPAV.<\/p>\n<p>Pour connaitre le fonctionnement du r\u00e9gime de base des lib\u00e9raux, consultez l&rsquo;article <a href=\"https:\/\/www.toutsurmesfinances.com\/retraite\/retraite-des-professions-liberales-le-regime-de-base-des-medecins-notaires-architectes-experts-comptables.html\" target=\"_blank\">\u00ab Retraite des professions lib\u00e9rales : le r\u00e9gime de base des m\u00e9decins, notaires, architectes, experts-comptables&#8230; \u00bb.<\/a><\/p>\n<h2><span class=\"ez-toc-section\" id=\"Le_regime_complementaire_de_la_CIPAV\"><\/span><a name=\"complementaire-cipav\"><\/a>Le r\u00e9gime compl\u00e9mentaire de la CIPAV<span class=\"ez-toc-section-end\"><\/span><\/h2>\n<p>Le r\u00e9gime de retraite compl\u00e9mentaire de la CIPAV est g\u00e9r\u00e9 de mani\u00e8re autonome par la caisse. Il est r\u00e9gi par des r\u00e8gles qui lui sont propres. Il s&rsquo;agit d&rsquo;un r\u00e9gime en points (comme pour le r\u00e9gime de base).<\/p>\n<h3><span class=\"ez-toc-section\" id=\"Cotisations_a_la_CIPAV\"><\/span><a name=\"cotisations-cipav\"><\/a>Cotisations \u00e0 la CIPAV<\/p>\n<span class=\"ez-toc-section-end\"><\/span><\/h3>\n<p>&#8211; Classes de cotisation 2017<\/p>\n<p>Il existe 8 classes de cotisation au r\u00e9gime de retraite compl\u00e9mentaire de la CIPAV. L&rsquo;appartenance \u00e0 la classe d\u00e9pend des revenus de l&rsquo;ann\u00e9e N-2 et de l&rsquo;ann\u00e9e N-1. L&rsquo;affili\u00e9 \u00e0 la possibilit\u00e9 de cotiser \u00e0 la classe sup\u00e9rieure et cumuler ainsi davantage de points. Plus la classe de cotisation est \u00e9lev\u00e9e et plus le montant des cotisations est cons\u00e9quent et plus le nombre de points attribu\u00e9s est important.<\/p>\n<p>A noter : la classe A correspond \u00e0 un montant de cotisation minimum pour les revenus d&rsquo;activit\u00e9 lib\u00e9rale dont les montants sont les plus faibles.<\/p>\n<table style=\"margin-left: auto; margin-right: auto; border: 2px solid #9f9d9d;\" border=\"2\">\n<thead>\n<tr>\n<td align=\"center\"><strong>Revenus professionnels de 2015 et de 2016<\/strong><\/td>\n<td align=\"center\" width=\"141\"><strong>Classes de cotisation&nbsp;<\/strong><\/td>\n<td align=\"center\" width=\"161\"><strong>Montant de la cotisation 2017<\/strong><\/td>\n<td align=\"center\" width=\"188\"><strong>Nombre de points attribu\u00e9s<\/strong><\/td>\n<\/tr>\n<tr>\n<td align=\"center\">De 0 euro \u00e0 26.580 euros<\/td>\n<td align=\"center\">A<\/td>\n<td align=\"center\">1.277 euros<\/td>\n<td align=\"center\">36 points<\/td>\n<\/tr>\n<tr>\n<td align=\"center\">De 26.581 euros \u00e0 49.280 euros&nbsp;<\/td>\n<td align=\"center\">B<\/td>\n<td align=\"center\">2.553 euros<\/td>\n<td align=\"center\">72 points<\/td>\n<\/tr>\n<tr>\n<td align=\"center\">De 49.281 euros \u00e0 57.850 euros<\/td>\n<td align=\"center\">C<\/td>\n<td align=\"center\">3.830 euros<\/td>\n<td align=\"center\">108 points<\/td>\n<\/tr>\n<tr>\n<td align=\"center\">De 57.851 euros \u00e0 66.400 euros<\/td>\n<td align=\"center\">D<\/td>\n<td align=\"center\">6.384 euros<\/td>\n<td align=\"center\">180 points<\/td>\n<\/tr>\n<tr>\n<td align=\"center\">De 66.401 euros \u00e0 83.060 euros<\/td>\n<td align=\"center\">E<\/td>\n<td align=\"center\">8.937 euros<\/td>\n<td align=\"center\">252 points<\/td>\n<\/tr>\n<tr>\n<td align=\"center\">De 83.061 euros \u00e0 103.180 euros<\/td>\n<td align=\"center\">F<\/td>\n<td align=\"center\">14.044 euros<\/td>\n<td align=\"center\">396 points<\/td>\n<\/tr>\n<tr>\n<td align=\"center\">De 103.181 euros \u00e0 123.300 euros<\/td>\n<td align=\"center\">G<\/td>\n<td align=\"center\">15.320 euros<\/td>\n<td align=\"center\">432 points<\/td>\n<\/tr>\n<tr>\n<td align=\"center\">Au-del\u00e0 de 123.300 euros<\/td>\n<td align=\"center\">H<\/td>\n<td align=\"center\">16.597 euros<\/td>\n<td align=\"center\">468 points<\/td>\n<\/tr>\n<tr>\n<td colspan=\"4\"><span style=\"font-size: 10pt;\"><em>Source: CIPAV<\/em><\/span><\/td>\n<\/tr>\n<\/thead>\n<\/table>\n<div>\n<p>&nbsp;<\/p>\n<p>&#8211; Cotisation en d\u00e9but d&rsquo;activit\u00e9 lib\u00e9rale<\/p>\n<\/p><\/div>\n<div>\n<p>La premi\u00e8re ann\u00e9e d&rsquo;exercice lib\u00e9ral, l&rsquo;affili\u00e9 au r\u00e9gime compl\u00e9mentaire de la CIPAV est inscrit d&rsquo;office en classe A. Il peut demander \u00e0 cotiser en classe B.<\/p>\n<\/p><\/div>\n<div>\n<p>&#8211; Cotisation r\u00e9duite<\/p>\n<\/p><\/div>\n<div>\n<p>Si les revenus professionnels r\u00e9alis\u00e9s en 2016 sont inf\u00e9rieurs ou \u00e9gaux \u00e0 23.537 euros, l&rsquo;affili\u00e9 b\u00e9n\u00e9ficie d&rsquo;abattement de cotisations. Ces r\u00e9ductions de 100%, 75%, 50% et 25% d\u00e9pendent du niveau de revenu. L&rsquo;attribution des points se fait sur le pourcentage restant en se basant sur le nombre de points de la classe A (36 points).<\/p>\n<table style=\"margin-left: auto; margin-right: auto; border: 2px solid #9f9d9d;\" border=\"2\">\n<thead>\n<tr>\n<td align=\"center\"><strong>Revenus professionnels de 2016<\/strong><\/td>\n<td align=\"center\" width=\"141\"><strong>Taux de r\u00e9duction<\/strong><\/td>\n<td align=\"center\" width=\"188\"><strong>Nombre de points attribu\u00e9s<\/strong><\/td>\n<\/tr>\n<tr>\n<td align=\"center\">Inf\u00e9rieurs ou \u00e9gaux \u00e0 5.884 euros<\/td>\n<td align=\"center\">100%<\/td>\n<td align=\"center\">0 point<\/td>\n<\/tr>\n<tr>\n<td align=\"center\">Inf\u00e9rieurs ou \u00e9gaux \u00e0 11.768 euros<\/td>\n<td align=\"center\">75%<\/td>\n<td align=\"center\">9 points<\/td>\n<\/tr>\n<tr>\n<td align=\"center\">Inf\u00e9rieurs ou \u00e9gaux \u00e0 17.653 euros<\/td>\n<td align=\"center\">50%<\/td>\n<td align=\"center\">18 points<\/td>\n<\/tr>\n<tr>\n<td align=\"center\">Inf\u00e9rieurs ou \u00e9gaux \u00e0 23.537 euros<\/td>\n<td align=\"center\">25%<\/td>\n<td align=\"center\">27 points<\/td>\n<\/tr>\n<tr>\n<td colspan=\"3\"><span style=\"font-size: 10pt;\"><em>Source: CIPAV<\/em><\/span><\/td>\n<\/tr>\n<\/thead>\n<\/table><\/div>\n<div>\n<h3><span class=\"ez-toc-section\" id=\"Calcul_de_la_retraite_complementaire_CIPAV\"><\/span><a name=\"calcul-cipav\"><\/a>Calcul de la retraite compl\u00e9mentaire CIPAV<\/p>\n<span class=\"ez-toc-section-end\"><\/span><\/h3>\n<p>Le montant de la pension compl\u00e9mentaire vers\u00e9e par la CIPAV correspond au nombre de points compl\u00e9mentaire CIPAV cumul\u00e9s multipli\u00e9 par la valeur de service du point (fix\u00e9e \u00e0 2,63 euros depuis le 1er janvier 2015).<\/p>\n<\/p><\/div>\n<div>\n<p>&nbsp;<\/p>\n<\/p><\/div>\n<div>\n<p>La formule de calcul est la suivante :<br \/>Pension compl\u00e9mentaire = Nombre de points acquis x Valeur du point<\/p>\n<\/p><\/div>\n<div>\n<p>Si au moment de la liquidation de<a href=\"https:\/\/www.toutsurmesfinances.com\/retraite\/qu-est-ce-que-la-retraite-complementaire.html\" target=\"_blank\"> la retraite compl\u00e9mentaire<\/a>, l&rsquo;affili\u00e9 ne dispose pas de tous ses trimestres au r\u00e9gime de base, une d\u00e9cote de 1,25% par <a href=\"https:\/\/www.toutsurmesfinances.com\/retraite\/duree-de-cotisation-combien-de-trimestres-pour-partir-a-la-retraite.html\" target=\"_blank\">trimestre manquant <\/a>est appliqu\u00e9e sur le montant de la pension compl\u00e9mentaire. La minoration est plafonn\u00e9e \u00e0 25% (au-del\u00e0 de 20 trimestres manquants, aucune <a href=\"https:\/\/www.toutsurmesfinances.com\/retraite\/retraites-comment-fonctionne-la-decote.html\" target=\"_blank\">d\u00e9cote<\/a> suppl\u00e9mentaire n&rsquo;est appliqu\u00e9e).<\/p>\n<h3><span class=\"ez-toc-section\" id=\"Revalorisation_des_retraites_complementaires_CIPAV_en_2016\"><\/span><a name=\"revalo-cipav\"><\/a>Revalorisation des retraites compl\u00e9mentaires CIPAV en 2016<\/p>\n<span class=\"ez-toc-section-end\"><\/span><\/h3>\n<p>Les pensions compl\u00e9mentaires servies par la CIPAV b\u00e9n\u00e9ficient en principe d&rsquo;une augmentation chaque ann\u00e9e au 1er janvier. Le taux de revalorisation est fix\u00e9 par le conseil d&rsquo;administration de la caisse.<\/p>\n<\/p><\/div>\n<div>\n<p>Suite \u00e0 une r\u00e9forme visant \u00e0 conforter la soutenabilit\u00e9 financi\u00e8re du r\u00e9gime compl\u00e9mentaire, le point a \u00e9t\u00e9 abaiss\u00e9 de pr\u00e8s de 90% en 2013. Pour compenser cette chute, les points acquis jusqu&rsquo;en 2012 sont multipli\u00e9s par 10 au moment de la liquidation.<\/p>\n<table style=\"margin-left: auto; margin-right: auto; border: 2px solid #9f9d9d;\" border=\"2\">\n<thead>\n<tr>\n<td align=\"center\"><strong>Ann\u00e9e&nbsp;<\/strong><\/td>\n<td align=\"center\" width=\"149\"><strong>Valeur du point<\/strong><\/td>\n<td align=\"center\" width=\"146\"><strong>Taux de revalorisation&nbsp;<\/strong><\/td>\n<\/tr>\n<tr>\n<td align=\"center\">2017<\/td>\n<td align=\"center\">2,63 euros<\/td>\n<td align=\"center\">0%<\/td>\n<\/tr>\n<tr>\n<td align=\"center\">2016<\/td>\n<td align=\"center\">2,63 euros<\/td>\n<td align=\"center\">0%<\/td>\n<\/tr>\n<tr>\n<td align=\"center\">2015<\/td>\n<td align=\"center\">2,63 euros<\/td>\n<td align=\"center\">0%<\/td>\n<\/tr>\n<tr>\n<td align=\"center\">2014<\/td>\n<td align=\"center\">2,63 euros<\/td>\n<td align=\"center\">+ 1,15%<\/td>\n<\/tr>\n<tr>\n<td align=\"center\">2013<\/td>\n<td align=\"center\">2,60 euros<\/td>\n<td align=\"center\">&#8211; 89,79%<\/td>\n<\/tr>\n<tr>\n<td align=\"center\">2012<\/td>\n<td align=\"center\">25,47 euros<\/td>\n<td align=\"center\">+ 1,59%<\/td>\n<\/tr>\n<tr>\n<td align=\"center\">2011<\/td>\n<td align=\"center\">25,07 euros<\/td>\n<td align=\"center\">&nbsp;<\/td>\n<\/tr>\n<tr>\n<td colspan=\"3\"><span style=\"font-size: 10pt;\"><em>Source : CIPAV<\/em><\/span><\/td>\n<\/tr>\n<\/thead>\n<\/table><\/div>\n<div>\n<h3><span class=\"ez-toc-section\" id=\"i\"><\/span>&nbsp;<span class=\"ez-toc-section-end\"><\/span><\/h3>\n<h3><span class=\"ez-toc-section\" id=\"Retraite_complementaire_CIPAV_versees_aux_conjoints_survivants\"><\/span><a name=\"reversion-cipav\"><\/a>Retraite compl\u00e9mentaire CIPAV vers\u00e9es aux conjoints survivants<\/p>\n<span class=\"ez-toc-section-end\"><\/span><\/h3><\/div>\n<div>\n<p>Les veufs et veuves des affili\u00e9s de la CIPAV ont droit \u00e0 60% de la retraite que l&rsquo;affili\u00e9 percevait ou aurait d\u00fb percevoir \u00e0 la retraite. Seuls les conjoints mari\u00e9s b\u00e9n\u00e9ficient de la pension compl\u00e9mentaire de r\u00e9version. Les partenaires de PACS et les concubins en sont exclus.<\/p>\n<\/p><\/div>\n<div>\n<p>Le conjoint survivant doit avoir \u00e9t\u00e9 mari\u00e9 au moins deux ans avec l&rsquo;assur\u00e9 d\u00e9c\u00e9d\u00e9, sauf s&rsquo;ils ont eu un enfant. La r\u00e9version est calcul\u00e9e au prorata de la dur\u00e9e de mariage. Le veuf ou la veuve doit \u00eatre \u00e2g\u00e9(e) d&rsquo;au moins 60 ans. Le conjoint survivant perd le b\u00e9n\u00e9fice de la r\u00e9version s&rsquo;il se remarie. Aucune condition de ressources n&rsquo;est exig\u00e9e pour percevoir la pension compl\u00e9mentaire de r\u00e9version.<\/p>\n<\/p><\/div>\n<div>\n<p>Le taux de r\u00e9version peut \u00eatre port\u00e9 \u00e0 100% si l&rsquo;affili\u00e9 a cotis\u00e9, de son vivant, \u00e0 la cotisation facultative de conjoint. Le montant de celle-ci d\u00e9pend de la classe de cotisation du professionnel lib\u00e9ral.<\/p>\n<table style=\"margin-left: auto; margin-right: auto; border: 2px solid #9f9d9d;\" border=\"2\">\n<thead>\n<tr>\n<td align=\"center\"><strong>Classes de cotisation de l&rsquo;affili\u00e9&nbsp;<\/strong><\/td>\n<td align=\"center\" width=\"305\"><strong>Montant de la cotisation facultative de conjoint&nbsp;<\/strong><\/td>\n<\/tr>\n<tr>\n<td align=\"center\">A<\/td>\n<td align=\"center\">319 euros<\/td>\n<\/tr>\n<tr>\n<td align=\"center\">B<\/td>\n<td align=\"center\">638 euros<\/td>\n<\/tr>\n<tr>\n<td align=\"center\">C<\/td>\n<td align=\"center\">958 euros<\/td>\n<\/tr>\n<tr>\n<td align=\"center\">D<\/td>\n<td align=\"center\">1.596 euros<\/td>\n<\/tr>\n<tr>\n<td align=\"center\">E<\/td>\n<td align=\"center\">2.234 euros<\/td>\n<\/tr>\n<tr>\n<td align=\"center\">F<\/td>\n<td align=\"center\">3.511 euros<\/td>\n<\/tr>\n<tr>\n<td align=\"center\">G<\/td>\n<td align=\"center\">3.830 euros<\/td>\n<\/tr>\n<tr>\n<td align=\"center\">H<\/td>\n<td align=\"center\">4.149 euros<\/td>\n<\/tr>\n<tr>\n<td colspan=\"2\">\n<p><span style=\"font-size: 10pt;\"><em>Source : CIPAV<\/em><\/span><\/p>\n<\/td>\n<\/tr>\n<\/thead>\n<\/table><\/div>\n<p>&nbsp;<\/p>\n<p><strong>A lire \u00e9galement :<\/strong><\/p>\n<p><a href=\"https:\/\/www.toutsurmesfinances.com\/retraite\/demande-de-retraite-quelle-est-la-demarche-a-suivre-pour-son-depart.html\" target=\"_blank\">Demande de retraite : Quelle est la d\u00e9marche \u00e0 suivre pour son d\u00e9part ?<\/a><\/p>\n","protected":false},"excerpt":{"rendered":"<p>Les architectes, g\u00e9om\u00e8tres mais aussi les moniteurs de ski, les formateurs, les consultants ou encore certains autoentrepreneurs versent leurs cotisations \u00e0 la CIPAV. Si les r\u00e8gles du r\u00e9gime de retraite de base de cette caisse sont align\u00e9es sur celles des r\u00e9gimes de base des autres professions lib\u00e9rales, les param\u00e8tres du r\u00e9gime compl\u00e9mentaire de la CIPAV sont particuliers.  \u00a0<\/p>\n","protected":false},"author":13713,"featured_media":21448,"comment_status":"closed","ping_status":"closed","sticky":false,"template":"","format":"standard","meta":{"footnotes":""},"categories":[11],"tags":[],"class_list":["post-21449","post","type-post","status-publish","format-standard","has-post-thumbnail","hentry","category-droits-a-la-retraite"],"acf":[],"yoast_head":"<!-- This site is optimized with the Yoast SEO plugin v24.9 - https:\/\/yoast.com\/wordpress\/plugins\/seo\/ -->\n<title>CIPAV : la retraite obligatoire des professions lib\u00e9rales de la construction et non r\u00e9glement\u00e9es<\/title>\n<meta name=\"description\" content=\"Les architectes, g\u00e9om\u00e8tres mais aussi les moniteurs de ski, les formateurs, les consultants ou encore certains autoentrepreneurs versent leurs cotisations \u00e0 la CIPAV. Si les r\u00e8gles du r\u00e9gime de retraite de base de cette caisse sont align\u00e9es sur celles des\" \/>\n<meta name=\"robots\" content=\"index, follow, max-snippet:-1, max-image-preview:large, max-video-preview:-1\" \/>\n<link rel=\"canonical\" href=\"https:\/\/www.toutsurmesfinances.com\/retraite\/cipav-la-retraite-obligatoire-des-professions-liberales-de-la-construction-et-non-reglementees.html\" \/>\n<meta property=\"og:locale\" content=\"fr_FR\" \/>\n<meta property=\"og:type\" content=\"article\" \/>\n<meta property=\"og:title\" content=\"CIPAV : la retraite obligatoire des professions lib\u00e9rales de la construction et non r\u00e9glement\u00e9es\" \/>\n<meta property=\"og:description\" content=\"Les architectes, g\u00e9om\u00e8tres mais aussi les moniteurs de ski, les formateurs, les consultants ou encore certains autoentrepreneurs versent leurs cotisations \u00e0 la CIPAV. Si les r\u00e8gles du r\u00e9gime de retraite de base de cette caisse sont align\u00e9es sur celles des\" \/>\n<meta property=\"og:url\" content=\"https:\/\/www.toutsurmesfinances.com\/retraite\/cipav-la-retraite-obligatoire-des-professions-liberales-de-la-construction-et-non-reglementees.html\" \/>\n<meta property=\"og:site_name\" content=\"Retraite\" \/>\n<meta property=\"article:published_time\" content=\"2016-09-05T11:52:21+00:00\" \/>\n<meta property=\"article:modified_time\" content=\"2017-10-09T11:46:32+00:00\" \/>\n<meta property=\"og:image\" content=\"https:\/\/www.toutsurmesfinances.com\/retraite\/wp-content\/uploads\/sites\/4\/2016\/09\/prof-liberales-cipav.jpg\" \/>\n\t<meta property=\"og:image:width\" content=\"823\" \/>\n\t<meta property=\"og:image:height\" content=\"463\" \/>\n\t<meta property=\"og:image:type\" content=\"image\/jpeg\" \/>\n<meta name=\"author\" content=\"Jean-Philippe Dubosc\" \/>\n<meta name=\"twitter:card\" content=\"summary_large_image\" \/>\n<meta name=\"twitter:creator\" content=\"@Toutsur\" \/>\n<meta name=\"twitter:site\" content=\"@Toutsur\" \/>\n<meta name=\"twitter:label1\" content=\"\u00c9crit par\" \/>\n\t<meta name=\"twitter:data1\" content=\"Jean-Philippe Dubosc\" \/>\n\t<meta name=\"twitter:label2\" content=\"Dur\u00e9e de lecture estim\u00e9e\" \/>\n\t<meta name=\"twitter:data2\" content=\"7 minutes\" \/>\n<script type=\"application\/ld+json\" class=\"yoast-schema-graph\">{\"@context\":\"https:\/\/schema.org\",\"@graph\":[{\"@type\":\"Article\",\"@id\":\"https:\/\/www.toutsurmesfinances.com\/retraite\/cipav-la-retraite-obligatoire-des-professions-liberales-de-la-construction-et-non-reglementees.html#article\",\"isPartOf\":{\"@id\":\"https:\/\/www.toutsurmesfinances.com\/retraite\/cipav-la-retraite-obligatoire-des-professions-liberales-de-la-construction-et-non-reglementees.html\"},\"author\":{\"name\":\"Jean-Philippe Dubosc\",\"@id\":\"https:\/\/www.toutsurmesfinances.com\/retraite\/#\/schema\/person\/addc9e9b3978fa7947ead71bab57694c\"},\"headline\":\"CIPAV : la retraite obligatoire des professions lib\u00e9rales de la construction et non r\u00e9glement\u00e9es\",\"dateModified\":\"2017-10-09T11:46:32+00:00\",\"mainEntityOfPage\":{\"@id\":\"https:\/\/www.toutsurmesfinances.com\/retraite\/cipav-la-retraite-obligatoire-des-professions-liberales-de-la-construction-et-non-reglementees.html\"},\"wordCount\":1425,\"publisher\":{\"@id\":\"https:\/\/www.toutsurmesfinances.com\/retraite\/#organization\"},\"image\":{\"@id\":\"https:\/\/www.toutsurmesfinances.com\/retraite\/cipav-la-retraite-obligatoire-des-professions-liberales-de-la-construction-et-non-reglementees.html#primaryimage\"},\"thumbnailUrl\":\"https:\/\/www.toutsurmesfinances.com\/retraite\/wp-content\/uploads\/sites\/4\/2016\/09\/prof-liberales-cipav.jpg\",\"articleSection\":[\"Droits \u00e0 la retraite\"],\"inLanguage\":\"fr-FR\"},{\"@type\":\"WebPage\",\"@id\":\"https:\/\/www.toutsurmesfinances.com\/retraite\/cipav-la-retraite-obligatoire-des-professions-liberales-de-la-construction-et-non-reglementees.html\",\"url\":\"https:\/\/www.toutsurmesfinances.com\/retraite\/cipav-la-retraite-obligatoire-des-professions-liberales-de-la-construction-et-non-reglementees.html\",\"name\":\"CIPAV : la retraite obligatoire des professions lib\u00e9rales de la construction et non r\u00e9glement\u00e9es\",\"isPartOf\":{\"@id\":\"https:\/\/www.toutsurmesfinances.com\/retraite\/#website\"},\"primaryImageOfPage\":{\"@id\":\"https:\/\/www.toutsurmesfinances.com\/retraite\/cipav-la-retraite-obligatoire-des-professions-liberales-de-la-construction-et-non-reglementees.html#primaryimage\"},\"image\":{\"@id\":\"https:\/\/www.toutsurmesfinances.com\/retraite\/cipav-la-retraite-obligatoire-des-professions-liberales-de-la-construction-et-non-reglementees.html#primaryimage\"},\"thumbnailUrl\":\"https:\/\/www.toutsurmesfinances.com\/retraite\/wp-content\/uploads\/sites\/4\/2016\/09\/prof-liberales-cipav.jpg\",\"dateModified\":\"2017-10-09T11:46:32+00:00\",\"description\":\"Les architectes, g\u00e9om\u00e8tres mais aussi les moniteurs de ski, les formateurs, les consultants ou encore certains autoentrepreneurs versent leurs cotisations \u00e0 la CIPAV. Si les r\u00e8gles du r\u00e9gime de retraite de base de cette caisse sont align\u00e9es sur celles des\",\"breadcrumb\":{\"@id\":\"https:\/\/www.toutsurmesfinances.com\/retraite\/cipav-la-retraite-obligatoire-des-professions-liberales-de-la-construction-et-non-reglementees.html#breadcrumb\"},\"inLanguage\":\"fr-FR\",\"potentialAction\":[{\"@type\":\"ReadAction\",\"target\":[\"https:\/\/www.toutsurmesfinances.com\/retraite\/cipav-la-retraite-obligatoire-des-professions-liberales-de-la-construction-et-non-reglementees.html\"]}]},{\"@type\":\"ImageObject\",\"inLanguage\":\"fr-FR\",\"@id\":\"https:\/\/www.toutsurmesfinances.com\/retraite\/cipav-la-retraite-obligatoire-des-professions-liberales-de-la-construction-et-non-reglementees.html#primaryimage\",\"url\":\"https:\/\/www.toutsurmesfinances.com\/retraite\/wp-content\/uploads\/sites\/4\/2016\/09\/prof-liberales-cipav.jpg\",\"contentUrl\":\"https:\/\/www.toutsurmesfinances.com\/retraite\/wp-content\/uploads\/sites\/4\/2016\/09\/prof-liberales-cipav.jpg\",\"width\":823,\"height\":463,\"caption\":\"La CIPAV constitue de loin la plus importante caisse de retraite de professions lib\u00e9rales\"},{\"@type\":\"BreadcrumbList\",\"@id\":\"https:\/\/www.toutsurmesfinances.com\/retraite\/cipav-la-retraite-obligatoire-des-professions-liberales-de-la-construction-et-non-reglementees.html#breadcrumb\",\"itemListElement\":[{\"@type\":\"ListItem\",\"position\":1,\"name\":\"Accueil\",\"item\":\"https:\/\/www.toutsurmesfinances.com\/retraite\/\"},{\"@type\":\"ListItem\",\"position\":2,\"name\":\"Droits\",\"item\":\"https:\/\/www.toutsurmesfinances.com\/retraite\/c\/droits\"},{\"@type\":\"ListItem\",\"position\":3,\"name\":\"Droits \u00e0 la retraite\",\"item\":\"https:\/\/www.toutsurmesfinances.com\/retraite\/c\/droits-a-la-retraite\"},{\"@type\":\"ListItem\",\"position\":4,\"name\":\"CIPAV : la retraite obligatoire des professions lib\u00e9rales de la construction et non r\u00e9glement\u00e9es\"}]},{\"@type\":\"WebSite\",\"@id\":\"https:\/\/www.toutsurmesfinances.com\/retraite\/#website\",\"url\":\"https:\/\/www.toutsurmesfinances.com\/retraite\/\",\"name\":\"Retraite\",\"description\":\"\",\"publisher\":{\"@id\":\"https:\/\/www.toutsurmesfinances.com\/retraite\/#organization\"},\"potentialAction\":[{\"@type\":\"SearchAction\",\"target\":{\"@type\":\"EntryPoint\",\"urlTemplate\":\"https:\/\/www.toutsurmesfinances.com\/retraite\/?s={search_term_string}\"},\"query-input\":{\"@type\":\"PropertyValueSpecification\",\"valueRequired\":true,\"valueName\":\"search_term_string\"}}],\"inLanguage\":\"fr-FR\"},{\"@type\":\"Organization\",\"@id\":\"https:\/\/www.toutsurmesfinances.com\/retraite\/#organization\",\"name\":\"Tout Sur Mes Finances\",\"url\":\"https:\/\/www.toutsurmesfinances.com\/retraite\/\",\"logo\":{\"@type\":\"ImageObject\",\"inLanguage\":\"fr-FR\",\"@id\":\"https:\/\/www.toutsurmesfinances.com\/retraite\/#\/schema\/logo\/image\/\",\"url\":\"https:\/\/www.toutsurmesfinances.com\/retraite\/wp-content\/uploads\/sites\/4\/2021\/01\/favicon.png\",\"contentUrl\":\"https:\/\/www.toutsurmesfinances.com\/retraite\/wp-content\/uploads\/sites\/4\/2021\/01\/favicon.png\",\"width\":512,\"height\":512,\"caption\":\"Tout Sur Mes Finances\"},\"image\":{\"@id\":\"https:\/\/www.toutsurmesfinances.com\/retraite\/#\/schema\/logo\/image\/\"},\"sameAs\":[\"https:\/\/x.com\/Toutsur\"]},{\"@type\":\"Person\",\"@id\":\"https:\/\/www.toutsurmesfinances.com\/retraite\/#\/schema\/person\/addc9e9b3978fa7947ead71bab57694c\",\"name\":\"Jean-Philippe Dubosc\",\"image\":{\"@type\":\"ImageObject\",\"inLanguage\":\"fr-FR\",\"@id\":\"https:\/\/www.toutsurmesfinances.com\/retraite\/#\/schema\/person\/image\/\",\"url\":\"https:\/\/secure.gravatar.com\/avatar\/a3cba30cdda1afe79f6ebffc6e952291?s=96&d=mm&r=g\",\"contentUrl\":\"https:\/\/secure.gravatar.com\/avatar\/a3cba30cdda1afe79f6ebffc6e952291?s=96&d=mm&r=g\",\"caption\":\"Jean-Philippe Dubosc\"},\"description\":\"Jean-Philippe Dubosc est r\u00e9dacteur en chef de ToutSurMesFinances.com et sp\u00e9cialiste des questions de retraite obligatoire et d\u2019\u00e9pargne. Pr\u00e9sent au sein du m\u00e9dia depuis plus de 13 ans, il analyse les r\u00e9formes, les dispositifs r\u00e9glementaires et les strat\u00e9gies de d\u00e9part \u00e0 la retraite, avec une approche fond\u00e9e sur une lecture rigoureuse des textes et une connaissance approfondie des diff\u00e9rents r\u00e9gimes de retraite.\",\"sameAs\":[\"https:\/\/www.toutsurmesfinances.com\/author\/jpdubosc\",\"https:\/\/fr.linkedin.com\/in\/jpdubosc\"]}]}<\/script>\n<!-- \/ Yoast SEO plugin. -->","yoast_head_json":{"title":"CIPAV : la retraite obligatoire des professions lib\u00e9rales de la construction et non r\u00e9glement\u00e9es","description":"Les architectes, g\u00e9om\u00e8tres mais aussi les moniteurs de ski, les formateurs, les consultants ou encore certains autoentrepreneurs versent leurs cotisations \u00e0 la CIPAV. Si les r\u00e8gles du r\u00e9gime de retraite de base de cette caisse sont align\u00e9es sur celles des","robots":{"index":"index","follow":"follow","max-snippet":"max-snippet:-1","max-image-preview":"max-image-preview:large","max-video-preview":"max-video-preview:-1"},"canonical":"https:\/\/www.toutsurmesfinances.com\/retraite\/cipav-la-retraite-obligatoire-des-professions-liberales-de-la-construction-et-non-reglementees.html","og_locale":"fr_FR","og_type":"article","og_title":"CIPAV : la retraite obligatoire des professions lib\u00e9rales de la construction et non r\u00e9glement\u00e9es","og_description":"Les architectes, g\u00e9om\u00e8tres mais aussi les moniteurs de ski, les formateurs, les consultants ou encore certains autoentrepreneurs versent leurs cotisations \u00e0 la CIPAV. Si les r\u00e8gles du r\u00e9gime de retraite de base de cette caisse sont align\u00e9es sur celles des","og_url":"https:\/\/www.toutsurmesfinances.com\/retraite\/cipav-la-retraite-obligatoire-des-professions-liberales-de-la-construction-et-non-reglementees.html","og_site_name":"Retraite","article_published_time":"2016-09-05T11:52:21+00:00","article_modified_time":"2017-10-09T11:46:32+00:00","og_image":[{"width":823,"height":463,"url":"https:\/\/www.toutsurmesfinances.com\/retraite\/wp-content\/uploads\/sites\/4\/2016\/09\/prof-liberales-cipav.jpg","type":"image\/jpeg"}],"author":"Jean-Philippe Dubosc","twitter_card":"summary_large_image","twitter_creator":"@Toutsur","twitter_site":"@Toutsur","twitter_misc":{"\u00c9crit par":"Jean-Philippe Dubosc","Dur\u00e9e de lecture estim\u00e9e":"7 minutes"},"schema":{"@context":"https:\/\/schema.org","@graph":[{"@type":"Article","@id":"https:\/\/www.toutsurmesfinances.com\/retraite\/cipav-la-retraite-obligatoire-des-professions-liberales-de-la-construction-et-non-reglementees.html#article","isPartOf":{"@id":"https:\/\/www.toutsurmesfinances.com\/retraite\/cipav-la-retraite-obligatoire-des-professions-liberales-de-la-construction-et-non-reglementees.html"},"author":{"name":"Jean-Philippe Dubosc","@id":"https:\/\/www.toutsurmesfinances.com\/retraite\/#\/schema\/person\/addc9e9b3978fa7947ead71bab57694c"},"headline":"CIPAV : la retraite obligatoire des professions lib\u00e9rales de la construction et non r\u00e9glement\u00e9es","dateModified":"2017-10-09T11:46:32+00:00","mainEntityOfPage":{"@id":"https:\/\/www.toutsurmesfinances.com\/retraite\/cipav-la-retraite-obligatoire-des-professions-liberales-de-la-construction-et-non-reglementees.html"},"wordCount":1425,"publisher":{"@id":"https:\/\/www.toutsurmesfinances.com\/retraite\/#organization"},"image":{"@id":"https:\/\/www.toutsurmesfinances.com\/retraite\/cipav-la-retraite-obligatoire-des-professions-liberales-de-la-construction-et-non-reglementees.html#primaryimage"},"thumbnailUrl":"https:\/\/www.toutsurmesfinances.com\/retraite\/wp-content\/uploads\/sites\/4\/2016\/09\/prof-liberales-cipav.jpg","articleSection":["Droits \u00e0 la retraite"],"inLanguage":"fr-FR"},{"@type":"WebPage","@id":"https:\/\/www.toutsurmesfinances.com\/retraite\/cipav-la-retraite-obligatoire-des-professions-liberales-de-la-construction-et-non-reglementees.html","url":"https:\/\/www.toutsurmesfinances.com\/retraite\/cipav-la-retraite-obligatoire-des-professions-liberales-de-la-construction-et-non-reglementees.html","name":"CIPAV : la retraite obligatoire des professions lib\u00e9rales de la construction et non r\u00e9glement\u00e9es","isPartOf":{"@id":"https:\/\/www.toutsurmesfinances.com\/retraite\/#website"},"primaryImageOfPage":{"@id":"https:\/\/www.toutsurmesfinances.com\/retraite\/cipav-la-retraite-obligatoire-des-professions-liberales-de-la-construction-et-non-reglementees.html#primaryimage"},"image":{"@id":"https:\/\/www.toutsurmesfinances.com\/retraite\/cipav-la-retraite-obligatoire-des-professions-liberales-de-la-construction-et-non-reglementees.html#primaryimage"},"thumbnailUrl":"https:\/\/www.toutsurmesfinances.com\/retraite\/wp-content\/uploads\/sites\/4\/2016\/09\/prof-liberales-cipav.jpg","dateModified":"2017-10-09T11:46:32+00:00","description":"Les architectes, g\u00e9om\u00e8tres mais aussi les moniteurs de ski, les formateurs, les consultants ou encore certains autoentrepreneurs versent leurs cotisations \u00e0 la CIPAV. Si les r\u00e8gles du r\u00e9gime de retraite de base de cette caisse sont align\u00e9es sur celles des","breadcrumb":{"@id":"https:\/\/www.toutsurmesfinances.com\/retraite\/cipav-la-retraite-obligatoire-des-professions-liberales-de-la-construction-et-non-reglementees.html#breadcrumb"},"inLanguage":"fr-FR","potentialAction":[{"@type":"ReadAction","target":["https:\/\/www.toutsurmesfinances.com\/retraite\/cipav-la-retraite-obligatoire-des-professions-liberales-de-la-construction-et-non-reglementees.html"]}]},{"@type":"ImageObject","inLanguage":"fr-FR","@id":"https:\/\/www.toutsurmesfinances.com\/retraite\/cipav-la-retraite-obligatoire-des-professions-liberales-de-la-construction-et-non-reglementees.html#primaryimage","url":"https:\/\/www.toutsurmesfinances.com\/retraite\/wp-content\/uploads\/sites\/4\/2016\/09\/prof-liberales-cipav.jpg","contentUrl":"https:\/\/www.toutsurmesfinances.com\/retraite\/wp-content\/uploads\/sites\/4\/2016\/09\/prof-liberales-cipav.jpg","width":823,"height":463,"caption":"La CIPAV constitue de loin la plus importante caisse de retraite de professions lib\u00e9rales"},{"@type":"BreadcrumbList","@id":"https:\/\/www.toutsurmesfinances.com\/retraite\/cipav-la-retraite-obligatoire-des-professions-liberales-de-la-construction-et-non-reglementees.html#breadcrumb","itemListElement":[{"@type":"ListItem","position":1,"name":"Accueil","item":"https:\/\/www.toutsurmesfinances.com\/retraite\/"},{"@type":"ListItem","position":2,"name":"Droits","item":"https:\/\/www.toutsurmesfinances.com\/retraite\/c\/droits"},{"@type":"ListItem","position":3,"name":"Droits \u00e0 la retraite","item":"https:\/\/www.toutsurmesfinances.com\/retraite\/c\/droits-a-la-retraite"},{"@type":"ListItem","position":4,"name":"CIPAV : la retraite obligatoire des professions lib\u00e9rales de la construction et non r\u00e9glement\u00e9es"}]},{"@type":"WebSite","@id":"https:\/\/www.toutsurmesfinances.com\/retraite\/#website","url":"https:\/\/www.toutsurmesfinances.com\/retraite\/","name":"Retraite","description":"","publisher":{"@id":"https:\/\/www.toutsurmesfinances.com\/retraite\/#organization"},"potentialAction":[{"@type":"SearchAction","target":{"@type":"EntryPoint","urlTemplate":"https:\/\/www.toutsurmesfinances.com\/retraite\/?s={search_term_string}"},"query-input":{"@type":"PropertyValueSpecification","valueRequired":true,"valueName":"search_term_string"}}],"inLanguage":"fr-FR"},{"@type":"Organization","@id":"https:\/\/www.toutsurmesfinances.com\/retraite\/#organization","name":"Tout Sur Mes Finances","url":"https:\/\/www.toutsurmesfinances.com\/retraite\/","logo":{"@type":"ImageObject","inLanguage":"fr-FR","@id":"https:\/\/www.toutsurmesfinances.com\/retraite\/#\/schema\/logo\/image\/","url":"https:\/\/www.toutsurmesfinances.com\/retraite\/wp-content\/uploads\/sites\/4\/2021\/01\/favicon.png","contentUrl":"https:\/\/www.toutsurmesfinances.com\/retraite\/wp-content\/uploads\/sites\/4\/2021\/01\/favicon.png","width":512,"height":512,"caption":"Tout Sur Mes Finances"},"image":{"@id":"https:\/\/www.toutsurmesfinances.com\/retraite\/#\/schema\/logo\/image\/"},"sameAs":["https:\/\/x.com\/Toutsur"]},{"@type":"Person","@id":"https:\/\/www.toutsurmesfinances.com\/retraite\/#\/schema\/person\/addc9e9b3978fa7947ead71bab57694c","name":"Jean-Philippe Dubosc","image":{"@type":"ImageObject","inLanguage":"fr-FR","@id":"https:\/\/www.toutsurmesfinances.com\/retraite\/#\/schema\/person\/image\/","url":"https:\/\/secure.gravatar.com\/avatar\/a3cba30cdda1afe79f6ebffc6e952291?s=96&d=mm&r=g","contentUrl":"https:\/\/secure.gravatar.com\/avatar\/a3cba30cdda1afe79f6ebffc6e952291?s=96&d=mm&r=g","caption":"Jean-Philippe Dubosc"},"description":"Jean-Philippe Dubosc est r\u00e9dacteur en chef de ToutSurMesFinances.com et sp\u00e9cialiste des questions de retraite obligatoire et d\u2019\u00e9pargne. Pr\u00e9sent au sein du m\u00e9dia depuis plus de 13 ans, il analyse les r\u00e9formes, les dispositifs r\u00e9glementaires et les strat\u00e9gies de d\u00e9part \u00e0 la retraite, avec une approche fond\u00e9e sur une lecture rigoureuse des textes et une connaissance approfondie des diff\u00e9rents r\u00e9gimes de retraite.","sameAs":["https:\/\/www.toutsurmesfinances.com\/author\/jpdubosc","https:\/\/fr.linkedin.com\/in\/jpdubosc"]}]}},"_links":{"self":[{"href":"https:\/\/www.toutsurmesfinances.com\/retraite\/wp-json\/wp\/v2\/posts\/21449","targetHints":{"allow":["GET"]}}],"collection":[{"href":"https:\/\/www.toutsurmesfinances.com\/retraite\/wp-json\/wp\/v2\/posts"}],"about":[{"href":"https:\/\/www.toutsurmesfinances.com\/retraite\/wp-json\/wp\/v2\/types\/post"}],"author":[{"embeddable":true,"href":"https:\/\/www.toutsurmesfinances.com\/retraite\/wp-json\/wp\/v2\/users\/13713"}],"replies":[{"embeddable":true,"href":"https:\/\/www.toutsurmesfinances.com\/retraite\/wp-json\/wp\/v2\/comments?post=21449"}],"version-history":[{"count":1,"href":"https:\/\/www.toutsurmesfinances.com\/retraite\/wp-json\/wp\/v2\/posts\/21449\/revisions"}],"predecessor-version":[{"id":24834,"href":"https:\/\/www.toutsurmesfinances.com\/retraite\/wp-json\/wp\/v2\/posts\/21449\/revisions\/24834"}],"wp:featuredmedia":[{"embeddable":true,"href":"https:\/\/www.toutsurmesfinances.com\/retraite\/wp-json\/wp\/v2\/media\/21448"}],"wp:attachment":[{"href":"https:\/\/www.toutsurmesfinances.com\/retraite\/wp-json\/wp\/v2\/media?parent=21449"}],"wp:term":[{"taxonomy":"category","embeddable":true,"href":"https:\/\/www.toutsurmesfinances.com\/retraite\/wp-json\/wp\/v2\/categories?post=21449"},{"taxonomy":"post_tag","embeddable":true,"href":"https:\/\/www.toutsurmesfinances.com\/retraite\/wp-json\/wp\/v2\/tags?post=21449"}],"curies":[{"name":"wp","href":"https:\/\/api.w.org\/{rel}","templated":true}]}}