{"id":21451,"date":"2016-09-12T09:02:06","date_gmt":"2016-09-12T07:02:06","guid":{"rendered":"https:\/\/www.toutsurmesfinances.com\/retraite\/autoentrepreneurs-la-retraite-obligatoire-des-micro-entrepreneurs.html"},"modified":"2021-12-08T13:48:09","modified_gmt":"2021-12-08T12:48:09","slug":"autoentrepreneurs-la-retraite-obligatoire-des-micro-entrepreneurs","status":"publish","type":"post","link":"https:\/\/www.toutsurmesfinances.com\/retraite\/autoentrepreneurs-la-retraite-obligatoire-des-micro-entrepreneurs.html","title":{"rendered":"Autoentrepreneurs : la retraite obligatoire des micro-entrepreneurs"},"content":{"rendered":"<section class=\"l-section wpb_row height_small\"><div class=\"l-section-h i-cf\"><div class=\"g-cols vc_row via_flex valign_top type_default stacking_default\"><div class=\"vc_col-sm-12 wpb_column vc_column_container\"><div class=\"vc_column-inner\"><div class=\"wpb_wrapper\"><div class=\"wpb_text_column\"><div class=\"wpb_wrapper\"><p><a href=\"https:\/\/www.toutsurmesfinances.com\/retraite\/autoentrepreneurs-la-retraite-obligatoire-des-micro-entrepreneurs.html#ae-who\">&#8211; Qui peut \u00eatre autoentrepreneur ?<\/a><\/p>\n<p><a href=\"https:\/\/www.toutsurmesfinances.com\/retraite\/autoentrepreneurs-la-retraite-obligatoire-des-micro-entrepreneurs.html#regimes-ae\">&#8211; Quels sont les r\u00e9gimes de retraite des autoentrepreneurs ?<\/a><\/p>\n<p><a href=\"https:\/\/www.toutsurmesfinances.com\/retraite\/autoentrepreneurs-la-retraite-obligatoire-des-micro-entrepreneurs.html#cotis-ae\">&#8211; Comment cotisent les autoentrepreneurs \u00e0 la retraite ?<\/a><\/p>\n<p><a href=\"https:\/\/www.toutsurmesfinances.com\/retraite\/autoentrepreneurs-la-retraite-obligatoire-des-micro-entrepreneurs.html#trimestres-ae\">&#8211; Comment les autoentrepreneurs valident-ils leurs trimestres de retraite ?<\/a><\/p>\n<p><a href=\"https:\/\/www.toutsurmesfinances.com\/retraite\/autoentrepreneurs-la-retraite-obligatoire-des-micro-entrepreneurs.html#points-ae\">&#8211; Comment les autoentrepreneurs acqui\u00e8rent-ils leurs points de retraite ?<\/a><\/p>\n<p><a href=\"https:\/\/www.toutsurmesfinances.com\/retraite\/autoentrepreneurs-la-retraite-obligatoire-des-micro-entrepreneurs.html#points-ae\">&#8211; Comment sont calcul\u00e9es les pensions des autoentrepreneurs ?<\/a><\/p>\n<p><a href=\"https:\/\/www.toutsurmesfinances.com\/retraite\/autoentrepreneurs-la-retraite-obligatoire-des-micro-entrepreneurs.html#versement-ae\">&#8211; Comment sont vers\u00e9es les retraites des autoentrepreneurs ?<\/a><\/p>\n<p><a href=\"https:\/\/www.toutsurmesfinances.com\/retraite\/autoentrepreneurs-la-retraite-obligatoire-des-micro-entrepreneurs.html#revalo-ae\">&#8211; Comment sont revaloris\u00e9es les retraites des autoentrepreneurs ?<\/a><\/p>\n<p><a href=\"https:\/\/www.toutsurmesfinances.com\/retraite\/autoentrepreneurs-la-retraite-obligatoire-des-micro-entrepreneurs.html#retraite-ae\">&#8211; Que se passe-t-il pour les retrait\u00e9s qui deviennent autoentrepreneurs ?<\/a><\/p>\n<h2><span class=\"ez-toc-section\" id=\"Qui_peut_etre_autoentrepreneur\"><\/span><a name=\"ae-who\"><\/a>Qui peut \u00eatre autoentrepreneur ?<span class=\"ez-toc-section-end\"><\/span><\/h2>\n<p>Statut instaur\u00e9 en 2009, <strong><a href=\"https:\/\/www.toutsurmesfinances.com\/argent\/a\/devenir-ou-etre-auto-entrepreneur-statut-cotisations-impots-inscription\" target=\"_blank\" rel=\"noopener noreferrer\">l&rsquo;auto-entrepreneur<\/a><\/strong> vise \u00e0 faciliter la cr\u00e9ation d&rsquo;entreprise individuelle. Les proc\u00e9dures administratives sont simplifi\u00e9es. Les micro-entrepreneurs (la nouvelle appellation des autoentrepreneurs depuis le 1er janvier 2016) sont impos\u00e9s et versent des charges sociales (dont les cotisations vieillesse) uniquement s&rsquo;ils r\u00e9alisent un chiffre d&rsquo;affaires dans l&rsquo;ann\u00e9e.<\/p>\n<p>En contrepartie, ils ne doivent pas d\u00e9passer un certain niveau de chiffre d&rsquo;affaires annuel. Celui-ci est fix\u00e9 pour 2017 \u00e0<strong> 82.800 euros<\/strong> pour les activit\u00e9s artisanales, de commerce, d&rsquo;h\u00f4tellerie et de restauration et \u00e0 <strong>33.200<\/strong> euros pour les prestations intellectuelles et de services (conseil, formation, traduction, communication, informatique&#8230;). A compter du 1er janvier 2018, ces plafonds seront respectivement port\u00e9s \u00e0 170.000 et 70.000 euros.<\/p>\n<p>La microentreprise peut constituer une activit\u00e9 professionnelle principale ou venir compl\u00e9ter une activit\u00e9 salari\u00e9e. Peuvent pr\u00e9tendre au statut de micro-entrepreneur :<\/p>\n<p>&#8211; Les porteurs de projet<br \/>\n&#8211; Les demandeurs d&#8217;emploi<br \/>\n&#8211; Les salari\u00e9s du secteur priv\u00e9<br \/>\n&#8211; Les fonctionnaires<br \/>\n&#8211; Les agents des entreprises et \u00e9tablissements publics (SNCF, RATP, Banque de France&#8230;)<br \/>\n&#8211; Les \u00e9tudiants<br \/>\n&#8211; Les retrait\u00e9s<\/p>\n<p>Les travailleurs ind\u00e9pendants (artisans, commer\u00e7ants, chefs d&rsquo;entreprise) ne sont pas autoris\u00e9s \u00e0 \u00eatre micro-entrepreneurs. Tout comme les professions lib\u00e9rales (m\u00e9decins, avocats, notaires, architectes, experts-comptables&#8230;). Les exploitants agricoles ont la possibilit\u00e9 de lancer une microentreprise \u00e0 condition que celle-ci ne soit pas li\u00e9e \u00e0 une activit\u00e9 agricole.<\/p>\n<p>Certaines activit\u00e9s ne peuvent pas \u00eatre exerc\u00e9es en tant que micro-entrepreneur, m\u00eame \u00e0 titre accessoire : agents immobiliers, marchands de biens, loueurs d&rsquo;immeubles nus \u00e0 usage professionnel, loueurs de mat\u00e9riel et de biens de consommation durable.<\/p>\n<h2><span class=\"ez-toc-section\" id=\"Quels_sont_les_regimes_de_retraite_des_autoentrepreneurs\"><\/span><a name=\"regimes-ae\"><\/a>Quels sont les r\u00e9gimes de retraite des autoentrepreneurs ?<span class=\"ez-toc-section-end\"><\/span><\/h2>\n<p>Si tous les micro-entrepreneurs sont affili\u00e9s au<a href=\"https:\/\/www.toutsurmesfinances.com\/retraite\/rsi-la-retraite-de-base-des-independants.html\" target=\"_blank\" rel=\"noopener noreferrer\"> R\u00e9gime social des ind\u00e9pendants<\/a> (<strong>RSI<\/strong>) pour l&rsquo;assurance maladie, leur r\u00e9gime de retraite d\u00e9pend de la nature de leur activit\u00e9.<\/p>\n<p>Ceux exer\u00e7ant des activit\u00e9s artisanales, de commerce, d&rsquo;h\u00f4tellerie ou de restauration cotisent \u00e9galement au RSI pour la retraite de base et la retraite compl\u00e9mentaire. Les micro-entrepreneurs proposant des prestations intellectuelles et de services sont, eux, affili\u00e9s au r\u00e9gime de base et au r\u00e9gime compl\u00e9mentaire de la <a href=\"https:\/\/www.toutsurmesfinances.com\/retraite\/cipav-la-retraite-obligatoire-des-professions-liberales-de-la-construction-et-non-reglementees.html\" target=\"_blank\" rel=\"noopener noreferrer\">Caisse interprofessionnelle de pr\u00e9voyance d&rsquo;assurance vieillesse <\/a>(<strong>CIPAV<\/strong>), la caisse de retraite des professions lib\u00e9rales r\u00e9glement\u00e9es de la construction (architectes, g\u00e9om\u00e8tres&#8230;) et non r\u00e9glement\u00e9es (moniteurs de ski, formateurs, consultants&#8230;).<\/p>\n<p>Qu&rsquo;ils soient affili\u00e9s au RSI ou \u00e0 la CIPAV, les micro-entrepreneurs sont soumis aux m\u00eames <a href=\"https:\/\/www.toutsurmesfinances.com\/retraite\/trimestre-cotise-trimestre-valide-quelle-difference.html\" target=\"_blank\" rel=\"noopener noreferrer\">r\u00e8gles de validation de trimestres<\/a> et de points, de calcul de la pension, de liquidation des droits, <a href=\"https:\/\/www.toutsurmesfinances.com\/retraite\/retraites-calendrier-de-versements-2015-multi-caisses.html\" target=\"_blank\" rel=\"noopener noreferrer\">de versement <\/a>et <a href=\"https:\/\/www.toutsurmesfinances.com\/retraite\/fiche-pratique-de-la-revalorisation-des-retraites-2016.html\" target=\"_blank\" rel=\"noopener noreferrer\">de revalorisation des retraites<\/a> que les autres affili\u00e9s \u00e0 ces r\u00e9gimes.<\/p>\n<p style=\"background-color: #e5e5e5;\"><strong>A noter :<\/strong> les micro-entrepreneurs peuvent valider jusqu&rsquo;\u00e0 4 trimestres de retraite par an (soit une annuit\u00e9 compl\u00e8te) au r\u00e9gime de base du RSI ou de la CIPAV. Toutefois, s&rsquo;ils sont salari\u00e9s et qu&rsquo;ils acqui\u00e8rent parall\u00e8lement 4 trimestres dans le cadre de leur activit\u00e9 salari\u00e9e, leurs trimestres RSI ou CIPAV ne sont pas pris en compte, sachant qu&rsquo;il n&rsquo;est pas possible de valider plus d&rsquo;une annuit\u00e9 dans l&rsquo;ann\u00e9e.<\/p>\n<h2><\/h2>\n<h2><span class=\"ez-toc-section\" id=\"Comment_cotisent_les_autoentrepreneurs_a_la_retraite\"><\/span><a name=\"cotis-ae\"><\/a>Comment cotisent les autoentrepreneurs \u00e0 la retraite ?<span class=\"ez-toc-section-end\"><\/span><\/h2>\n<p>Au moment de la cr\u00e9ation de leur microentreprise, les micro-entrepreneurs choisissent de d\u00e9clarer leur chiffre d&rsquo;affaires mensuellement (\u00e0 la fin du mois suivant) ou trimestriellement (les 30 avril, 31 juillet, 31 octobre et 31 janvier). Ils doivent le faire m\u00eame si le chiffre d&rsquo;affaires est nul. En cas d&rsquo;absence ou de retard de d\u00e9claration, ils encourent une p\u00e9nalit\u00e9 de 49 euros.<\/p>\n<p>La d\u00e9claration mensuelle ou trimestrielle peut \u00eatre r\u00e9alis\u00e9e en ligne (sur les sites <a href=\"http:\/\/www.lautoentrepreneur.fr\/\" target=\"_blank\" rel=\"nofollow noopener noreferrer\">lautoentrepreneur.fr <\/a>ou <a href=\"http:\/\/net-entreprises.fr\/\" target=\"_blank\" rel=\"nofollow noopener noreferrer\">net-entreprises.fr<\/a>) ou par courrier (au centre de paiement du RSI pour les micro-entrepreneurs artisans ou commer\u00e7ants, \u00e0 l&rsquo;Urssaf pour les autres). Si le micro-entrepreneur d\u00e9clare sur Internet, le montant des cotisations \u00e0 payer est imm\u00e9diatement calcul\u00e9.<\/p>\n<p><strong>&gt; A lire \u00e9galement <a href=\"https:\/\/www.toutsurmesfinances.com\/impots\/auto-entrepreneur-et-impot-comment-remplir-sa-declaration-2042-c-pro.html\" target=\"_blank\" rel=\"noopener noreferrer\">Auto-entrepreneur et imp\u00f4t : comment remplir sa d\u00e9claration de revenus<\/a><\/strong><\/p>\n<p style=\"background-color: #e5e5e5;\"><strong>Important :<\/strong> Le paiement des charges en ligne est obligatoire si le chiffre d&rsquo;affaires de l&rsquo;ann\u00e9e N-1 du micro-entrepreneur est sup\u00e9rieur \u00e0 41.100 euros pour les activit\u00e9s artisanales et commerciales ou \u00e0 16.450 euros pour les prestations de services.<\/p>\n<p>&nbsp;<\/p>\n<p>Les charges sociales sont calcul\u00e9es en fonction du chiffre d&rsquo;affaires brut. Elles comprennent notamment les cotisations vieillesse qui sont revers\u00e9es ensuite aux r\u00e9gimes de retraite de base et compl\u00e9mentaire du RSI ou de la CIPAV. Le taux des charges sociales varie en fonction de l&rsquo;activit\u00e9 et de la localisation du micro-entrepreneur.<\/p>\n<table style=\"margin-left: auto; margin-right: auto; border: 2px solid #9f9d9d;\" border=\"2\">\n<thead>\n<tr>\n<th style=\"text-align: center;\" colspan=\"4\" align=\"center\">Taux de charges sociales des micro-entrepreneurs en 2017<\/th>\n<\/tr>\n<tr>\n<td width=\"422\"><strong>Type d&rsquo;activit\u00e9<\/strong><\/td>\n<td width=\"112\"><strong>M\u00e9tropole<\/strong><\/td>\n<td width=\"112\"><strong>Outre-Mer<\/strong><\/td>\n<\/tr>\n<tr>\n<td>Activit\u00e9s artisanales, de commerce, d\u2019h\u00f4tellerie ou de restauration<\/td>\n<td width=\"112\">13,1%<\/td>\n<td width=\"112\">8,8 %<\/td>\n<\/tr>\n<tr>\n<td width=\"422\">Location de locaux d&rsquo;h\u00e9bergements meubl\u00e9s<\/td>\n<td width=\"112\">22,7%<\/td>\n<td width=\"112\">15,2 %<\/td>\n<\/tr>\n<tr>\n<td width=\"422\">Prestations de services<\/td>\n<td width=\"112\">22,7%<\/td>\n<td width=\"112\">15,2 %<\/td>\n<\/tr>\n<tr>\n<td width=\"422\">Prestations intellectuelles<\/td>\n<td width=\"112\">22,5%<\/td>\n<td width=\"112\">15 %<\/td>\n<\/tr>\n<tr>\n<td style=\"text-align: right;\" colspan=\"3\" width=\"646\"><span style=\"font-size: 10pt;\"><em>Source : RSI<\/em><\/span><\/td>\n<\/tr>\n<\/thead>\n<\/table>\n<p>&nbsp;<\/p>\n<p>Des taux r\u00e9duits sont octroy\u00e9s durant les deux premi\u00e8res ann\u00e9es d&rsquo;activit\u00e9 pour les micro-entrepreneurs b\u00e9n\u00e9ficiaires de l&rsquo;aide aux ch\u00f4meurs cr\u00e9ateurs ou repreneurs d&rsquo;entreprise (<strong>Accre<\/strong>), octroy\u00e9e aux demandeurs d&#8217;emploi ou allocataires des minimum sociaux qui cr\u00e9ent leur entreprise.<\/p>\n<h2><span class=\"ez-toc-section\" id=\"Comment_les_autoentrepreneurs_valident-ils_leurs_trimestres_de_retraite\"><\/span><a name=\"trimestres-ae\"><\/a>Comment les autoentrepreneurs valident-ils leurs trimestres de retraite ?<span class=\"ez-toc-section-end\"><\/span><\/h2>\n<p>Pour valider des trimestres de retraite au r\u00e9gime de base du RSI ou de la CIPAV, le micro-entrepreneur doit avoir r\u00e9alis\u00e9 des montants minimum de chiffre d&rsquo;affaires dans l&rsquo;ann\u00e9e. Ces seuils d\u00e9pendent de la nature de l&rsquo;activit\u00e9 exerc\u00e9e.<\/p>\n<table style=\"margin-left: auto; margin-right: auto; border: 2px solid #9f9d9d;\" border=\"2\">\n<thead>\n<tr>\n<th style=\"text-align: center;\" colspan=\"4\" align=\"center\">Montants minimum de chiffre d&rsquo;affaires en 2017 pour valider des trimestres d&rsquo;assurance vieillesse<\/th>\n<\/tr>\n<tr>\n<td><strong>Type d&rsquo;activit\u00e9<\/strong><\/td>\n<td><strong>CA pour 1 trimestre<\/strong><\/td>\n<td><strong>CA pour 2 trimestres<\/strong><\/td>\n<td><strong>CA pour 3 trimestres<\/strong><\/td>\n<td><strong>CA pour 4 trimestres<\/strong><\/td>\n<\/tr>\n<tr>\n<td>Activit\u00e9 commerciale, y compris h\u00e9bergement et restauration BIC (caisse de retraite : RSI)<\/td>\n<td>3.510 euros<\/td>\n<td>6.305 euros<\/td>\n<td>9.120 euros<\/td>\n<td>20.195 euros<\/td>\n<\/tr>\n<tr>\n<td>Prestation de services commerciale ou artisanale BIC (caisse de retraite : RSI)<\/td>\n<td>2.020 euros<\/td>\n<td>3.635 euros<\/td>\n<td>5.245 euros<\/td>\n<td>11.715 euros<\/td>\n<\/tr>\n<tr>\n<td>Prestations de services commerciale ou artisanale BNC (caisse de retraite : RSI)<\/td>\n<td>2.320 euros<\/td>\n<td>4.190 euros<\/td>\n<td>6.090 euros<\/td>\n<td>8.875 euros<\/td>\n<\/tr>\n<tr>\n<td>Activit\u00e9 lib\u00e9rale BNC (caisse de retraite : CIPAV)<\/td>\n<td>2.218 euros<\/td>\n<td>4.436 euros<\/td>\n<td>6.655 euros<\/td>\n<td>8.873 euros<\/td>\n<\/tr>\n<tr>\n<td style=\"text-align: right;\" colspan=\"5\"><span style=\"font-size: 10pt;\"><em>Source : RSI<\/em><\/span><\/td>\n<\/tr>\n<\/thead>\n<\/table>\n<div>\n<p>&nbsp;<\/p>\n<p>Si au moment de son d\u00e9part \u00e0 la retraite, le micro-entrepreneur ne justifie pas du nombre de trimestres cotis\u00e9s exig\u00e9 dans sa classe d&rsquo;\u00e2ge, ses pensions de base (dont celles per\u00e7ues en tant qu&rsquo;autoentrepreneur) subissent <a href=\"https:\/\/www.toutsurmesfinances.com\/retraite\/retraites-comment-fonctionne-la-decote.html\" target=\"_blank\" rel=\"noopener noreferrer\">une d\u00e9cote<\/a> de 1,25% par trimestre manquant dans la limite de 25% (20 trimestres).<\/p>\n<\/div>\n<div>\n<h2><span class=\"ez-toc-section\" id=\"Comment_les_autoentrepreneurs_acquierent-ils_leurs_points_de_retraite\"><\/span><a name=\"points-ae\"><\/a>Comment les autoentrepreneurs acqui\u00e8rent-ils leurs points de retraite ?<span class=\"ez-toc-section-end\"><\/span><\/h2>\n<\/div>\n<div>\n<p>Les r\u00e9gimes de base et compl\u00e9mentaire de la CIPAV ainsi que le r\u00e9gime compl\u00e9mentaire du RSI (\u00e9galement appel\u00e9 r\u00e9gime compl\u00e9mentaire des ind\u00e9pendants) sont des r\u00e9gimes en points. Les micro-entrepreneurs acqui\u00e8rent des points en fonction de leur niveau de cotisation au m\u00eame titre que les autres affili\u00e9s des deux caisses.<\/p>\n<\/div>\n<div>\n<h2><span class=\"ez-toc-section\" id=\"Comment_sont_calculees_les_pensions_des_autoentrepreneurs\"><\/span><a name=\"calcul-ae\"><\/a>Comment sont calcul\u00e9es les pensions des autoentrepreneurs ?<span class=\"ez-toc-section-end\"><\/span><\/h2>\n<\/div>\n<div>\n<p>L\u00e0 aussi, les formules de calcul ne diff\u00e8rent pas selon que l&rsquo;assur\u00e9 est micro-entrepreneur ou non.<\/p>\n<\/div>\n<div>\n<p>Les pensions de base et compl\u00e9mentaires de la CIPAV et celles du r\u00e9gime compl\u00e9mentaire des ind\u00e9pendants (<strong>RCI<\/strong>) sont calcul\u00e9es en fonction du nombre de points de base et compl\u00e9mentaire CIPAV ou du nombre de points RCI acquis multipli\u00e9 par la valeur de service du point de chacun de ces r\u00e9gimes.<\/p>\n<\/div>\n<div>\n<p>La pension de base du RSI est, elle, calcul\u00e9e en fonction du revenu annuel moyen (RAM) qui \u00e9quivaut \u00e0 la moyenne des 25 meilleures ann\u00e9es de carri\u00e8re de l&rsquo;ind\u00e9pendant multipli\u00e9e par le taux de pension (50% \u00e0 taux plein) et par le nombre de trimestres cotis\u00e9s divis\u00e9 par la dur\u00e9e d&rsquo;assurance demand\u00e9e.<\/p>\n<\/div>\n<div>\n<p>Lorsqu&rsquo;il prend sa retraite, c&rsquo;est \u00e0 l&rsquo;autoentrepreneur de contacter le RSI ou la CIPAV pour demander au r\u00e9gime concerner de liquider ses droits.<\/p>\n<\/div>\n<div>\n<h2><span class=\"ez-toc-section\" id=\"Comment_sont_versees_les_retraites_des_autoentrepreneurs\"><\/span><a name=\"versement-ae\"><\/a>Comment sont vers\u00e9es les retraites des autoentrepreneurs ?<span class=\"ez-toc-section-end\"><\/span><\/h2>\n<\/div>\n<div>\n<p>Les pensions de base et compl\u00e9mentaires du RSI sont servies \u00e0 terme \u00ab \u00e9chu \u00bb, c&rsquo;est-\u00e0-dire une fois le mois pass\u00e9. Elles sont vers\u00e9es entre le 8 et le 10 du mois suivant.<\/p>\n<\/div>\n<div>\n<p>Les pensions de base et compl\u00e9mentaires de la CIPAV sont pay\u00e9es \u00e0 terme \u00ab \u00e0 \u00e9choir \u00bb, soit \u00e0 la fin du mois concern\u00e9.<\/p>\n<\/div>\n<div>\n<p>Dans les deux cas, ces retraites s&rsquo;ajoutent \u00e0 celles per\u00e7ues par le micro-entrepreneur au titre de son activit\u00e9 professionnelle principale.<\/p>\n<\/div>\n<div>\n<p><strong>A noter :<\/strong> \u00e0 partir <a href=\"https:\/\/www.toutsurmesfinances.com\/retraite\/liquidation-et-paiement-uniques-des-retraites-pour-les-polypensionnes-comment-ca-marche.html\" target=\"_blank\" rel=\"noopener noreferrer\">des retraites liquid\u00e9es \u00e0 compter du 1er juillet 2017<\/a>, les micro-entrepreneurs, affili\u00e9s au r\u00e9gime de retraite de base du RSI et qui ont \u00e9t\u00e9 salari\u00e9s et\/ou salari\u00e9s agricoles, percevront une seule pension de base. Dans ce cas, c&rsquo;est le dernier r\u00e9gime de base d&rsquo;affiliation qui versera la pension unique. Pour les micro-entrepreneurs, ce sera celui qui prend \u00e9galement en charge la couverture maladie.<\/p>\n<\/div>\n<div>\n<p>&nbsp;<\/p>\n<\/div>\n<div>\n<h2><span class=\"ez-toc-section\" id=\"Comment_sont_revalorisees_les_retraites_des_autoentrepreneurs\"><\/span><a name=\"revalo-ae\"><\/a>Comment sont revaloris\u00e9es les retraites des autoentrepreneurs ?<span class=\"ez-toc-section-end\"><\/span><\/h2>\n<\/div>\n<div>\n<p>Au 1er octobre, pour les pensions de base et compl\u00e9mentaires du RSI et pour les pensions de base de la CIPAV. Au 1er janvier poures pensions compl\u00e9mentaires de la CIPAV.<\/p>\n<\/div>\n<div>\n<h2><span class=\"ez-toc-section\" id=\"Que_se_passe-t-il_pour_les_retraites_qui_deviennent_autoentrepreneurs\"><\/span><a name=\"retraite-ae\"><\/a>Que se passe-t-il pour les retrait\u00e9s qui deviennent autoentrepreneurs ?<span class=\"ez-toc-section-end\"><\/span><\/h2>\n<\/div>\n<div>\n<p>Afin de compenser leur perte de revenu \u00e0 la retraite, de plus en plus de retrait\u00e9s exercent une activit\u00e9 sous le statut de micro-entrepreneur. Ils s&rsquo;appuient pour cela sur le dispositif de <a href=\"https:\/\/www.toutsurmesfinances.com\/retraite\/cumul-emploi-retraite-un-dispositif-pour-cumuler-sa-retraite-avec-un-revenu-d-activite.html\" target=\"_blank\" rel=\"noopener noreferrer\">cumul emploi-retraite <\/a>(<strong>CER<\/strong>).<\/p>\n<\/div>\n<div>\n<p>Si le retrait\u00e9 a liquid\u00e9 ses droits <a href=\"https:\/\/www.toutsurmesfinances.com\/retraite\/retraite-a-taux-plein-les-conditions-pour-toucher-une-pension-sans-decote.html\" target=\"_blank\" rel=\"noopener noreferrer\">\u00e0 taux plein<\/a>, c&rsquo;est-\u00e0-dire qu&rsquo;il est parti <a href=\"https:\/\/www.toutsurmesfinances.com\/retraite\/age-de-depart-a-la-retraite-quand-partir.html\" target=\"_blank\" rel=\"noopener noreferrer\">\u00e0 l&rsquo;\u00e2ge l\u00e9gal<\/a> (62 ans) en disposant de tous ses trimestres ou \u00e0 l&rsquo;\u00e2ge d&rsquo;annulation de la d\u00e9cote (67 ans), il peut cumuler sans limitation ses pensions (de base et compl\u00e9mentaires) et ses revenus de micro-entrepreneurs.<\/p>\n<\/div>\n<div>\n<p>Dans le cas contraire, tout d\u00e9pend de son ancien statut professionnel. Si, dans le cadre de ses nouvelles activit\u00e9s de micro-entrepreneur, il cotise \u00e0 un nouveau r\u00e9gime, le CER n&rsquo;est pas non plus limit\u00e9. S&rsquo;il cotise \u00e0 son ancien r\u00e9gime, le cumul ne doit pas d\u00e9passer un certain seuil.<\/p>\n<\/div>\n<div>\n<p>Celui-ci est fix\u00e9 \u00e0 la moiti\u00e9 du plafond annuel de la S\u00e9curit\u00e9 sociale (PASS), soit 19.308 euros en 2016, pour les anciens artisans ou commer\u00e7ants affili\u00e9s au RSI \u00e0 la retraite pour leur activit\u00e9 de micro-entrepreneur. Le seuil est port\u00e9 \u00e0 un PASS (38.616 euros en 2016) pour ceux dont la microentreprise est situ\u00e9e dans une zone de revitalisation rurale (ZRR) ou dans une zone urbaine sensible (ZUS). Si le plafond est d\u00e9pass\u00e9, le montant de la pension de base RSI est r\u00e9duit d&rsquo;autant.<\/p>\n<\/div>\n<div>\n<p>Dans le cas des anciens affili\u00e9s \u00e0 la CIPAV (les architectes, par exemple) qui continuent \u00e0 cotiser \u00e0 cette caisse comme micro-entrepreneur sans disposer d&rsquo;une retraite \u00e0 taux plein, le montant cumul\u00e9 ne doit pas exc\u00e9der un PASS. En cas de d\u00e9passement, la pension de base CIPAV est purement et simplement supprim\u00e9e.<\/p>\n<p><strong>Pour en savoir plus :<\/strong><\/p>\n<\/div>\n<div>\n<p><a href=\"https:\/\/www.toutsurmesfinances.com\/retraite\/retraites-des-artisans-et-des-commercants-regimes-de-base-et-complementaires.html\" target=\"_blank\" rel=\"noopener noreferrer\">Retraites des artisans et des commer\u00e7ants : r\u00e9gimes de base et compl\u00e9mentaires<\/a><\/p>\n<\/div>\n<div>\n<p><a href=\"https:\/\/www.toutsurmesfinances.com\/retraite\/retraite-des-professions-liberales-le-regime-de-base-des-medecins-notaires-architectes-experts-comptables.html\" target=\"_blank\" rel=\"noopener noreferrer\">Retraite des professions lib\u00e9rales : le r\u00e9gime de base des m\u00e9decins, notaires, architectes, experts-comptables&#8230;<\/a><\/p>\n<\/div>\n<\/div><\/div><\/div><\/div><\/div><\/div><\/div><\/section>\n","protected":false},"excerpt":{"rendered":"<p>Selon son activit\u00e9, l&rsquo;autoentrepreneur (rebaptis\u00e9 micro-entrepreneur) cotise pour la retraite au RSI ou \u00e0 la CIPAV. Cotisations, calcul, paiement.. tout savoir sur la retraite de base et compl\u00e9mentaire des micro-entrepreneurs.<\/p>\n","protected":false},"author":13713,"featured_media":26528,"comment_status":"closed","ping_status":"closed","sticky":false,"template":"","format":"standard","meta":{"footnotes":""},"categories":[11],"tags":[],"class_list":["post-21451","post","type-post","status-publish","format-standard","has-post-thumbnail","hentry","category-droits-a-la-retraite"],"acf":[],"yoast_head":"<!-- This site is optimized with the Yoast SEO plugin v24.9 - https:\/\/yoast.com\/wordpress\/plugins\/seo\/ -->\n<title>Autoentrepreneurs : la retraite obligatoire des micro-entrepreneurs<\/title>\n<meta name=\"description\" content=\"Selon son activit\u00e9, l&#039;autoentrepreneur (rebaptis\u00e9 micro-entrepreneur) cotise pour la retraite au RSI ou \u00e0 la CIPAV. Cotisations, calcul, paiement.. tout savoir sur la retraite de base et compl\u00e9mentaire des micro-entrepreneurs.\" \/>\n<meta name=\"robots\" content=\"index, follow, max-snippet:-1, max-image-preview:large, max-video-preview:-1\" \/>\n<link rel=\"canonical\" href=\"https:\/\/www.toutsurmesfinances.com\/retraite\/autoentrepreneurs-la-retraite-obligatoire-des-micro-entrepreneurs.html\" \/>\n<meta property=\"og:locale\" content=\"fr_FR\" \/>\n<meta property=\"og:type\" content=\"article\" \/>\n<meta property=\"og:title\" content=\"Autoentrepreneurs : la retraite obligatoire des micro-entrepreneurs\" \/>\n<meta property=\"og:description\" content=\"Selon son activit\u00e9, l&#039;autoentrepreneur (rebaptis\u00e9 micro-entrepreneur) cotise pour la retraite au RSI ou \u00e0 la CIPAV. Cotisations, calcul, paiement.. tout savoir sur la retraite de base et compl\u00e9mentaire des micro-entrepreneurs.\" \/>\n<meta property=\"og:url\" content=\"https:\/\/www.toutsurmesfinances.com\/retraite\/autoentrepreneurs-la-retraite-obligatoire-des-micro-entrepreneurs.html\" \/>\n<meta property=\"og:site_name\" content=\"Retraite\" \/>\n<meta property=\"article:published_time\" content=\"2016-09-12T07:02:06+00:00\" \/>\n<meta property=\"article:modified_time\" content=\"2021-12-08T12:48:09+00:00\" \/>\n<meta property=\"og:image\" content=\"https:\/\/www.toutsurmesfinances.com\/retraite\/wp-content\/uploads\/sites\/4\/2019\/04\/auto-entrepreneursBIS.jpg\" \/>\n\t<meta property=\"og:image:width\" content=\"823\" \/>\n\t<meta property=\"og:image:height\" content=\"463\" \/>\n\t<meta property=\"og:image:type\" content=\"image\/jpeg\" \/>\n<meta name=\"author\" content=\"Jean-Philippe Dubosc\" \/>\n<meta name=\"twitter:card\" content=\"summary_large_image\" \/>\n<meta name=\"twitter:creator\" content=\"@Toutsur\" \/>\n<meta name=\"twitter:site\" content=\"@Toutsur\" \/>\n<meta name=\"twitter:label1\" content=\"\u00c9crit par\" \/>\n\t<meta name=\"twitter:data1\" content=\"Jean-Philippe Dubosc\" \/>\n\t<meta name=\"twitter:label2\" content=\"Dur\u00e9e de lecture estim\u00e9e\" \/>\n\t<meta name=\"twitter:data2\" content=\"9 minutes\" \/>\n<script type=\"application\/ld+json\" class=\"yoast-schema-graph\">{\"@context\":\"https:\/\/schema.org\",\"@graph\":[{\"@type\":\"Article\",\"@id\":\"https:\/\/www.toutsurmesfinances.com\/retraite\/autoentrepreneurs-la-retraite-obligatoire-des-micro-entrepreneurs.html#article\",\"isPartOf\":{\"@id\":\"https:\/\/www.toutsurmesfinances.com\/retraite\/autoentrepreneurs-la-retraite-obligatoire-des-micro-entrepreneurs.html\"},\"author\":{\"name\":\"Jean-Philippe Dubosc\",\"@id\":\"https:\/\/www.toutsurmesfinances.com\/retraite\/#\/schema\/person\/addc9e9b3978fa7947ead71bab57694c\"},\"headline\":\"Autoentrepreneurs : la retraite obligatoire des micro-entrepreneurs\",\"dateModified\":\"2021-12-08T12:48:09+00:00\",\"mainEntityOfPage\":{\"@id\":\"https:\/\/www.toutsurmesfinances.com\/retraite\/autoentrepreneurs-la-retraite-obligatoire-des-micro-entrepreneurs.html\"},\"wordCount\":1915,\"publisher\":{\"@id\":\"https:\/\/www.toutsurmesfinances.com\/retraite\/#organization\"},\"image\":{\"@id\":\"https:\/\/www.toutsurmesfinances.com\/retraite\/autoentrepreneurs-la-retraite-obligatoire-des-micro-entrepreneurs.html#primaryimage\"},\"thumbnailUrl\":\"https:\/\/www.toutsurmesfinances.com\/retraite\/wp-content\/uploads\/sites\/4\/2019\/04\/auto-entrepreneursBIS.jpg\",\"articleSection\":[\"Droits \u00e0 la retraite\"],\"inLanguage\":\"fr-FR\"},{\"@type\":\"WebPage\",\"@id\":\"https:\/\/www.toutsurmesfinances.com\/retraite\/autoentrepreneurs-la-retraite-obligatoire-des-micro-entrepreneurs.html\",\"url\":\"https:\/\/www.toutsurmesfinances.com\/retraite\/autoentrepreneurs-la-retraite-obligatoire-des-micro-entrepreneurs.html\",\"name\":\"Autoentrepreneurs : la retraite obligatoire des micro-entrepreneurs\",\"isPartOf\":{\"@id\":\"https:\/\/www.toutsurmesfinances.com\/retraite\/#website\"},\"primaryImageOfPage\":{\"@id\":\"https:\/\/www.toutsurmesfinances.com\/retraite\/autoentrepreneurs-la-retraite-obligatoire-des-micro-entrepreneurs.html#primaryimage\"},\"image\":{\"@id\":\"https:\/\/www.toutsurmesfinances.com\/retraite\/autoentrepreneurs-la-retraite-obligatoire-des-micro-entrepreneurs.html#primaryimage\"},\"thumbnailUrl\":\"https:\/\/www.toutsurmesfinances.com\/retraite\/wp-content\/uploads\/sites\/4\/2019\/04\/auto-entrepreneursBIS.jpg\",\"dateModified\":\"2021-12-08T12:48:09+00:00\",\"description\":\"Selon son activit\u00e9, l'autoentrepreneur (rebaptis\u00e9 micro-entrepreneur) cotise pour la retraite au RSI ou \u00e0 la CIPAV. Cotisations, calcul, paiement.. tout savoir sur la retraite de base et compl\u00e9mentaire des micro-entrepreneurs.\",\"breadcrumb\":{\"@id\":\"https:\/\/www.toutsurmesfinances.com\/retraite\/autoentrepreneurs-la-retraite-obligatoire-des-micro-entrepreneurs.html#breadcrumb\"},\"inLanguage\":\"fr-FR\",\"potentialAction\":[{\"@type\":\"ReadAction\",\"target\":[\"https:\/\/www.toutsurmesfinances.com\/retraite\/autoentrepreneurs-la-retraite-obligatoire-des-micro-entrepreneurs.html\"]}]},{\"@type\":\"ImageObject\",\"inLanguage\":\"fr-FR\",\"@id\":\"https:\/\/www.toutsurmesfinances.com\/retraite\/autoentrepreneurs-la-retraite-obligatoire-des-micro-entrepreneurs.html#primaryimage\",\"url\":\"https:\/\/www.toutsurmesfinances.com\/retraite\/wp-content\/uploads\/sites\/4\/2019\/04\/auto-entrepreneursBIS.jpg\",\"contentUrl\":\"https:\/\/www.toutsurmesfinances.com\/retraite\/wp-content\/uploads\/sites\/4\/2019\/04\/auto-entrepreneursBIS.jpg\",\"width\":823,\"height\":463},{\"@type\":\"BreadcrumbList\",\"@id\":\"https:\/\/www.toutsurmesfinances.com\/retraite\/autoentrepreneurs-la-retraite-obligatoire-des-micro-entrepreneurs.html#breadcrumb\",\"itemListElement\":[{\"@type\":\"ListItem\",\"position\":1,\"name\":\"Accueil\",\"item\":\"https:\/\/www.toutsurmesfinances.com\/retraite\/\"},{\"@type\":\"ListItem\",\"position\":2,\"name\":\"Droits\",\"item\":\"https:\/\/www.toutsurmesfinances.com\/retraite\/c\/droits\"},{\"@type\":\"ListItem\",\"position\":3,\"name\":\"Droits \u00e0 la retraite\",\"item\":\"https:\/\/www.toutsurmesfinances.com\/retraite\/c\/droits-a-la-retraite\"},{\"@type\":\"ListItem\",\"position\":4,\"name\":\"Autoentrepreneurs : la retraite obligatoire des micro-entrepreneurs\"}]},{\"@type\":\"WebSite\",\"@id\":\"https:\/\/www.toutsurmesfinances.com\/retraite\/#website\",\"url\":\"https:\/\/www.toutsurmesfinances.com\/retraite\/\",\"name\":\"Retraite\",\"description\":\"\",\"publisher\":{\"@id\":\"https:\/\/www.toutsurmesfinances.com\/retraite\/#organization\"},\"potentialAction\":[{\"@type\":\"SearchAction\",\"target\":{\"@type\":\"EntryPoint\",\"urlTemplate\":\"https:\/\/www.toutsurmesfinances.com\/retraite\/?s={search_term_string}\"},\"query-input\":{\"@type\":\"PropertyValueSpecification\",\"valueRequired\":true,\"valueName\":\"search_term_string\"}}],\"inLanguage\":\"fr-FR\"},{\"@type\":\"Organization\",\"@id\":\"https:\/\/www.toutsurmesfinances.com\/retraite\/#organization\",\"name\":\"Tout Sur Mes Finances\",\"url\":\"https:\/\/www.toutsurmesfinances.com\/retraite\/\",\"logo\":{\"@type\":\"ImageObject\",\"inLanguage\":\"fr-FR\",\"@id\":\"https:\/\/www.toutsurmesfinances.com\/retraite\/#\/schema\/logo\/image\/\",\"url\":\"https:\/\/www.toutsurmesfinances.com\/retraite\/wp-content\/uploads\/sites\/4\/2021\/01\/favicon.png\",\"contentUrl\":\"https:\/\/www.toutsurmesfinances.com\/retraite\/wp-content\/uploads\/sites\/4\/2021\/01\/favicon.png\",\"width\":512,\"height\":512,\"caption\":\"Tout Sur Mes Finances\"},\"image\":{\"@id\":\"https:\/\/www.toutsurmesfinances.com\/retraite\/#\/schema\/logo\/image\/\"},\"sameAs\":[\"https:\/\/x.com\/Toutsur\"]},{\"@type\":\"Person\",\"@id\":\"https:\/\/www.toutsurmesfinances.com\/retraite\/#\/schema\/person\/addc9e9b3978fa7947ead71bab57694c\",\"name\":\"Jean-Philippe Dubosc\",\"image\":{\"@type\":\"ImageObject\",\"inLanguage\":\"fr-FR\",\"@id\":\"https:\/\/www.toutsurmesfinances.com\/retraite\/#\/schema\/person\/image\/\",\"url\":\"https:\/\/secure.gravatar.com\/avatar\/a3cba30cdda1afe79f6ebffc6e952291?s=96&d=mm&r=g\",\"contentUrl\":\"https:\/\/secure.gravatar.com\/avatar\/a3cba30cdda1afe79f6ebffc6e952291?s=96&d=mm&r=g\",\"caption\":\"Jean-Philippe Dubosc\"},\"description\":\"Jean-Philippe Dubosc est r\u00e9dacteur en chef de ToutSurMesFinances.com et sp\u00e9cialiste des questions de retraite obligatoire et d\u2019\u00e9pargne. Pr\u00e9sent au sein du m\u00e9dia depuis plus de 13 ans, il analyse les r\u00e9formes, les dispositifs r\u00e9glementaires et les strat\u00e9gies de d\u00e9part \u00e0 la retraite, avec une approche fond\u00e9e sur une lecture rigoureuse des textes et une connaissance approfondie des diff\u00e9rents r\u00e9gimes de retraite.\",\"sameAs\":[\"https:\/\/www.toutsurmesfinances.com\/author\/jpdubosc\",\"https:\/\/fr.linkedin.com\/in\/jpdubosc\"]}]}<\/script>\n<!-- \/ Yoast SEO plugin. -->","yoast_head_json":{"title":"Autoentrepreneurs : la retraite obligatoire des micro-entrepreneurs","description":"Selon son activit\u00e9, l'autoentrepreneur (rebaptis\u00e9 micro-entrepreneur) cotise pour la retraite au RSI ou \u00e0 la CIPAV. Cotisations, calcul, paiement.. tout savoir sur la retraite de base et compl\u00e9mentaire des micro-entrepreneurs.","robots":{"index":"index","follow":"follow","max-snippet":"max-snippet:-1","max-image-preview":"max-image-preview:large","max-video-preview":"max-video-preview:-1"},"canonical":"https:\/\/www.toutsurmesfinances.com\/retraite\/autoentrepreneurs-la-retraite-obligatoire-des-micro-entrepreneurs.html","og_locale":"fr_FR","og_type":"article","og_title":"Autoentrepreneurs : la retraite obligatoire des micro-entrepreneurs","og_description":"Selon son activit\u00e9, l'autoentrepreneur (rebaptis\u00e9 micro-entrepreneur) cotise pour la retraite au RSI ou \u00e0 la CIPAV. Cotisations, calcul, paiement.. tout savoir sur la retraite de base et compl\u00e9mentaire des micro-entrepreneurs.","og_url":"https:\/\/www.toutsurmesfinances.com\/retraite\/autoentrepreneurs-la-retraite-obligatoire-des-micro-entrepreneurs.html","og_site_name":"Retraite","article_published_time":"2016-09-12T07:02:06+00:00","article_modified_time":"2021-12-08T12:48:09+00:00","og_image":[{"width":823,"height":463,"url":"https:\/\/www.toutsurmesfinances.com\/retraite\/wp-content\/uploads\/sites\/4\/2019\/04\/auto-entrepreneursBIS.jpg","type":"image\/jpeg"}],"author":"Jean-Philippe Dubosc","twitter_card":"summary_large_image","twitter_creator":"@Toutsur","twitter_site":"@Toutsur","twitter_misc":{"\u00c9crit par":"Jean-Philippe Dubosc","Dur\u00e9e de lecture estim\u00e9e":"9 minutes"},"schema":{"@context":"https:\/\/schema.org","@graph":[{"@type":"Article","@id":"https:\/\/www.toutsurmesfinances.com\/retraite\/autoentrepreneurs-la-retraite-obligatoire-des-micro-entrepreneurs.html#article","isPartOf":{"@id":"https:\/\/www.toutsurmesfinances.com\/retraite\/autoentrepreneurs-la-retraite-obligatoire-des-micro-entrepreneurs.html"},"author":{"name":"Jean-Philippe Dubosc","@id":"https:\/\/www.toutsurmesfinances.com\/retraite\/#\/schema\/person\/addc9e9b3978fa7947ead71bab57694c"},"headline":"Autoentrepreneurs : la retraite obligatoire des micro-entrepreneurs","dateModified":"2021-12-08T12:48:09+00:00","mainEntityOfPage":{"@id":"https:\/\/www.toutsurmesfinances.com\/retraite\/autoentrepreneurs-la-retraite-obligatoire-des-micro-entrepreneurs.html"},"wordCount":1915,"publisher":{"@id":"https:\/\/www.toutsurmesfinances.com\/retraite\/#organization"},"image":{"@id":"https:\/\/www.toutsurmesfinances.com\/retraite\/autoentrepreneurs-la-retraite-obligatoire-des-micro-entrepreneurs.html#primaryimage"},"thumbnailUrl":"https:\/\/www.toutsurmesfinances.com\/retraite\/wp-content\/uploads\/sites\/4\/2019\/04\/auto-entrepreneursBIS.jpg","articleSection":["Droits \u00e0 la retraite"],"inLanguage":"fr-FR"},{"@type":"WebPage","@id":"https:\/\/www.toutsurmesfinances.com\/retraite\/autoentrepreneurs-la-retraite-obligatoire-des-micro-entrepreneurs.html","url":"https:\/\/www.toutsurmesfinances.com\/retraite\/autoentrepreneurs-la-retraite-obligatoire-des-micro-entrepreneurs.html","name":"Autoentrepreneurs : la retraite obligatoire des micro-entrepreneurs","isPartOf":{"@id":"https:\/\/www.toutsurmesfinances.com\/retraite\/#website"},"primaryImageOfPage":{"@id":"https:\/\/www.toutsurmesfinances.com\/retraite\/autoentrepreneurs-la-retraite-obligatoire-des-micro-entrepreneurs.html#primaryimage"},"image":{"@id":"https:\/\/www.toutsurmesfinances.com\/retraite\/autoentrepreneurs-la-retraite-obligatoire-des-micro-entrepreneurs.html#primaryimage"},"thumbnailUrl":"https:\/\/www.toutsurmesfinances.com\/retraite\/wp-content\/uploads\/sites\/4\/2019\/04\/auto-entrepreneursBIS.jpg","dateModified":"2021-12-08T12:48:09+00:00","description":"Selon son activit\u00e9, l'autoentrepreneur (rebaptis\u00e9 micro-entrepreneur) cotise pour la retraite au RSI ou \u00e0 la CIPAV. Cotisations, calcul, paiement.. tout savoir sur la retraite de base et compl\u00e9mentaire des micro-entrepreneurs.","breadcrumb":{"@id":"https:\/\/www.toutsurmesfinances.com\/retraite\/autoentrepreneurs-la-retraite-obligatoire-des-micro-entrepreneurs.html#breadcrumb"},"inLanguage":"fr-FR","potentialAction":[{"@type":"ReadAction","target":["https:\/\/www.toutsurmesfinances.com\/retraite\/autoentrepreneurs-la-retraite-obligatoire-des-micro-entrepreneurs.html"]}]},{"@type":"ImageObject","inLanguage":"fr-FR","@id":"https:\/\/www.toutsurmesfinances.com\/retraite\/autoentrepreneurs-la-retraite-obligatoire-des-micro-entrepreneurs.html#primaryimage","url":"https:\/\/www.toutsurmesfinances.com\/retraite\/wp-content\/uploads\/sites\/4\/2019\/04\/auto-entrepreneursBIS.jpg","contentUrl":"https:\/\/www.toutsurmesfinances.com\/retraite\/wp-content\/uploads\/sites\/4\/2019\/04\/auto-entrepreneursBIS.jpg","width":823,"height":463},{"@type":"BreadcrumbList","@id":"https:\/\/www.toutsurmesfinances.com\/retraite\/autoentrepreneurs-la-retraite-obligatoire-des-micro-entrepreneurs.html#breadcrumb","itemListElement":[{"@type":"ListItem","position":1,"name":"Accueil","item":"https:\/\/www.toutsurmesfinances.com\/retraite\/"},{"@type":"ListItem","position":2,"name":"Droits","item":"https:\/\/www.toutsurmesfinances.com\/retraite\/c\/droits"},{"@type":"ListItem","position":3,"name":"Droits \u00e0 la retraite","item":"https:\/\/www.toutsurmesfinances.com\/retraite\/c\/droits-a-la-retraite"},{"@type":"ListItem","position":4,"name":"Autoentrepreneurs : la retraite obligatoire des micro-entrepreneurs"}]},{"@type":"WebSite","@id":"https:\/\/www.toutsurmesfinances.com\/retraite\/#website","url":"https:\/\/www.toutsurmesfinances.com\/retraite\/","name":"Retraite","description":"","publisher":{"@id":"https:\/\/www.toutsurmesfinances.com\/retraite\/#organization"},"potentialAction":[{"@type":"SearchAction","target":{"@type":"EntryPoint","urlTemplate":"https:\/\/www.toutsurmesfinances.com\/retraite\/?s={search_term_string}"},"query-input":{"@type":"PropertyValueSpecification","valueRequired":true,"valueName":"search_term_string"}}],"inLanguage":"fr-FR"},{"@type":"Organization","@id":"https:\/\/www.toutsurmesfinances.com\/retraite\/#organization","name":"Tout Sur Mes Finances","url":"https:\/\/www.toutsurmesfinances.com\/retraite\/","logo":{"@type":"ImageObject","inLanguage":"fr-FR","@id":"https:\/\/www.toutsurmesfinances.com\/retraite\/#\/schema\/logo\/image\/","url":"https:\/\/www.toutsurmesfinances.com\/retraite\/wp-content\/uploads\/sites\/4\/2021\/01\/favicon.png","contentUrl":"https:\/\/www.toutsurmesfinances.com\/retraite\/wp-content\/uploads\/sites\/4\/2021\/01\/favicon.png","width":512,"height":512,"caption":"Tout Sur Mes Finances"},"image":{"@id":"https:\/\/www.toutsurmesfinances.com\/retraite\/#\/schema\/logo\/image\/"},"sameAs":["https:\/\/x.com\/Toutsur"]},{"@type":"Person","@id":"https:\/\/www.toutsurmesfinances.com\/retraite\/#\/schema\/person\/addc9e9b3978fa7947ead71bab57694c","name":"Jean-Philippe Dubosc","image":{"@type":"ImageObject","inLanguage":"fr-FR","@id":"https:\/\/www.toutsurmesfinances.com\/retraite\/#\/schema\/person\/image\/","url":"https:\/\/secure.gravatar.com\/avatar\/a3cba30cdda1afe79f6ebffc6e952291?s=96&d=mm&r=g","contentUrl":"https:\/\/secure.gravatar.com\/avatar\/a3cba30cdda1afe79f6ebffc6e952291?s=96&d=mm&r=g","caption":"Jean-Philippe Dubosc"},"description":"Jean-Philippe Dubosc est r\u00e9dacteur en chef de ToutSurMesFinances.com et sp\u00e9cialiste des questions de retraite obligatoire et d\u2019\u00e9pargne. Pr\u00e9sent au sein du m\u00e9dia depuis plus de 13 ans, il analyse les r\u00e9formes, les dispositifs r\u00e9glementaires et les strat\u00e9gies de d\u00e9part \u00e0 la retraite, avec une approche fond\u00e9e sur une lecture rigoureuse des textes et une connaissance approfondie des diff\u00e9rents r\u00e9gimes de retraite.","sameAs":["https:\/\/www.toutsurmesfinances.com\/author\/jpdubosc","https:\/\/fr.linkedin.com\/in\/jpdubosc"]}]}},"_links":{"self":[{"href":"https:\/\/www.toutsurmesfinances.com\/retraite\/wp-json\/wp\/v2\/posts\/21451","targetHints":{"allow":["GET"]}}],"collection":[{"href":"https:\/\/www.toutsurmesfinances.com\/retraite\/wp-json\/wp\/v2\/posts"}],"about":[{"href":"https:\/\/www.toutsurmesfinances.com\/retraite\/wp-json\/wp\/v2\/types\/post"}],"author":[{"embeddable":true,"href":"https:\/\/www.toutsurmesfinances.com\/retraite\/wp-json\/wp\/v2\/users\/13713"}],"replies":[{"embeddable":true,"href":"https:\/\/www.toutsurmesfinances.com\/retraite\/wp-json\/wp\/v2\/comments?post=21451"}],"version-history":[{"count":3,"href":"https:\/\/www.toutsurmesfinances.com\/retraite\/wp-json\/wp\/v2\/posts\/21451\/revisions"}],"predecessor-version":[{"id":30378,"href":"https:\/\/www.toutsurmesfinances.com\/retraite\/wp-json\/wp\/v2\/posts\/21451\/revisions\/30378"}],"wp:featuredmedia":[{"embeddable":true,"href":"https:\/\/www.toutsurmesfinances.com\/retraite\/wp-json\/wp\/v2\/media\/26528"}],"wp:attachment":[{"href":"https:\/\/www.toutsurmesfinances.com\/retraite\/wp-json\/wp\/v2\/media?parent=21451"}],"wp:term":[{"taxonomy":"category","embeddable":true,"href":"https:\/\/www.toutsurmesfinances.com\/retraite\/wp-json\/wp\/v2\/categories?post=21451"},{"taxonomy":"post_tag","embeddable":true,"href":"https:\/\/www.toutsurmesfinances.com\/retraite\/wp-json\/wp\/v2\/tags?post=21451"}],"curies":[{"name":"wp","href":"https:\/\/api.w.org\/{rel}","templated":true}]}}