{"id":21519,"date":"2017-05-12T15:59:06","date_gmt":"2017-05-12T13:59:06","guid":{"rendered":"https:\/\/www.toutsurmesfinances.com\/retraite\/retraite-anticipee-peut-on-prendre-sa-retraite-avant-60-ans.html"},"modified":"2019-06-25T16:16:53","modified_gmt":"2019-06-25T14:16:53","slug":"retraite-anticipee-peut-on-prendre-sa-retraite-avant-60-ans","status":"publish","type":"post","link":"https:\/\/www.toutsurmesfinances.com\/retraite\/retraite-anticipee-peut-on-prendre-sa-retraite-avant-60-ans.html","title":{"rendered":"Retraite anticip\u00e9e : peut-on prendre sa retraite avant 60 ans ?"},"content":{"rendered":"<h2><span class=\"ez-toc-section\" id=\"Le_principe_pas_de_depart_avant_lage_legal\"><\/span><a name=\"principe\"><\/a>Le principe : pas de d\u00e9part avant l&rsquo;\u00e2ge l\u00e9gal<span class=\"ez-toc-section-end\"><\/span><\/h2>\n<p>En France, les assur\u00e9s ne sont pas autoris\u00e9s \u00e0 liquider leurs droits \u00e0 la retraite avant d&rsquo;avoir atteint <a href=\"https:\/\/www.toutsurmesfinances.com\/retraite\/age-de-depart-a-la-retraite-quand-partir.html\" target=\"_blank\" rel=\"noopener\">un certain \u00e2ge<\/a>. D\u00e9nomm\u00e9 \u00ab \u00e2ge l\u00e9gal de d\u00e9part \u00e0 la retraite \u00bb dans le secteur priv\u00e9 ou \u00ab \u00e2ge d&rsquo;ouverture des droits \u00bb dans le secteur public, il a \u00e9t\u00e9 d\u00e9cal\u00e9 de deux ans par la loi Woerth de 2010. Pour les assur\u00e9s n\u00e9s \u00e0 partir de 1955, l&rsquo;\u00e2ge l\u00e9gal est fix\u00e9 \u00e0 62 ans.<\/p>\n<p>Ainsi, il ne sert \u00e0 rien de d\u00e9poser une demande de liquidation aupr\u00e8s de sa ou de ses caisses de retraite avant 60 ans, puisque le dossier sera automatiquement rejet\u00e9. Du moins en th\u00e9orie, parce qu&rsquo;en pratique, il existe une multitude de situations permettant de prendre sa retraite avant l&rsquo;\u00e2ge minimum l\u00e9gal.<\/p>\n<h2><span class=\"ez-toc-section\" id=\"Les_exceptions_qui_permettent_de_demander_une_retraite_anticipee\"><\/span><a name=\"exceptions\"><\/a>Les exceptions qui permettent de demander une retraite anticip\u00e9e<span class=\"ez-toc-section-end\"><\/span><\/h2>\n<p>S&rsquo;ils occupent certains emplois, s&rsquo;ils sont fonctionnaires ou affili\u00e9s \u00e0 un r\u00e9gime sp\u00e9cial, s&rsquo;ils ont commenc\u00e9 \u00e0 travailler jeune et disposent de tous leurs trimestres, s&rsquo;ils sont handicap\u00e9s, expos\u00e9s \u00e0 l&rsquo;amiante ou victimes d&rsquo;une maladie professionnelle, s&rsquo;ils ont cumul\u00e9 assez de points sur leur compte p\u00e9nibilit\u00e9, les actifs b\u00e9n\u00e9ficient d&rsquo;un d\u00e9part anticip\u00e9 \u00e0 la retraite.<\/p>\n<h3><span class=\"ez-toc-section\" id=\"Mise_a_la_retraite_doffice_avant_60_ans\"><\/span>Mise \u00e0 la retraite d&rsquo;office avant 60 ans<span class=\"ez-toc-section-end\"><\/span><\/h3>\n<p>Des m\u00e9tiers n\u00e9cessitant des aptitudes physiques particuli\u00e8res pr\u00e9voient une mise \u00e0 la retraite d&rsquo;office. Ce qui signifie que les personnes occupant ces postes sont contraintes, qu&rsquo;elles le veulent ou non, \u00e0 liquider leurs droits \u00e0 la retraite \u00e0 compter d&rsquo;un certain \u00e2ge. C&rsquo;est le cas des contr\u00f4leurs a\u00e9riens qui ne peuvent exercer au-del\u00e0 de 57 ans, des militaires \u00e0 partir de 52 ans ou des danseurs de l&rsquo;Op\u00e9ra de Paris \u00e0 partir de&#8230; 40 ans !<\/p>\n<p>Ils sont autoris\u00e9s \u00e0 reprendre une activit\u00e9 (diff\u00e9rente de leur pr\u00e9c\u00e9dente), tout en percevant leur pension de retraite. Ils peuvent se constituer de nouveaux droits \u00e0 la retraite via les cotisations vieillesse vers\u00e9es dans le cadre de leur nouveau statut professionnel et ainsi toucher, une fois atteint l&rsquo;\u00e2ge l\u00e9gal de d\u00e9part, une pension suppl\u00e9mentaire. A noter : cette facult\u00e9 de se cr\u00e9er une nouvelle retraite n&rsquo;est plus possible, depuis le 1er janvier 2015, pour les retrait\u00e9s qui, apr\u00e8s avoir liquid\u00e9 leurs droits \u00e0 l&rsquo;\u00e2ge l\u00e9gal, exercent une activit\u00e9 dans le cadre du dispositif de <a href=\"https:\/\/www.toutsurmesfinances.com\/retraite\/cumul-emploi-retraite-un-dispositif-pour-cumuler-sa-retraite-avec-un-revenu-d-activite.html\" target=\"_blank\" rel=\"noopener\">cumul emploi retraite<\/a> (<strong>CER<\/strong>) mis en place depuis 2004.<\/p>\n<h3><span class=\"ez-toc-section\" id=\"Retraite_anticipee_pour_les_fonctionnaires_%C2%AB_actifs_%C2%BB\"><\/span>Retraite anticip\u00e9e pour les fonctionnaires \u00ab actifs \u00bb<span class=\"ez-toc-section-end\"><\/span><\/h3>\n<p>Les agents titulaires relevant de <a href=\"https:\/\/www.toutsurmesfinances.com\/retraite\/retraites-des-fonctionnaires-regime-de-base-de-la-fonction-publique.html\" target=\"_blank\" rel=\"noopener\">la cat\u00e9gorie dite \u00ab active \u00bb de la fonction publique<\/a>, c&rsquo;est-\u00e0-dire dont les emplois pr\u00e9sentent <em>\u00ab un risque particulier ou des fatigues exceptionnelles \u00bb,<\/em> peuvent partir plus t\u00f4t \u00e0 la retraite. Font partie des fonctionnaires \u00ab actifs \u00bb : les policiers, les surveillants de prison, les pompiers, les \u00e9goutiers, les aides-soignants, certaines infirmi\u00e8res ou encore certains \u00e9ducateurs sp\u00e9cialis\u00e9s. Ils peuvent liquider leurs droits \u00e0 57 ans, voire pour certains d\u00e8s 52 ans.<\/p>\n<p>Pour cela, les agents actifs doivent justifier d&rsquo;une dur\u00e9e de services effectifs de 12 \u00e0 32 ans, selon les postes occup\u00e9s. En d&rsquo;autres termes, ils doivent avoir rempli leur mission de service public durant un temps donn\u00e9 et sans coupure. Ils ont la possibilit\u00e9 de partir plus tard s&rsquo;ils le souhaitent et si leur employeur public (administration, collectivit\u00e9, h\u00f4pital) accepte leur demande.<\/p>\n<h3><span class=\"ez-toc-section\" id=\"Retraite_anticipee_pour_les_agents_des_%C2%AB_regimes_speciaux_%C2%BB\"><\/span>Retraite anticip\u00e9e pour les agents des \u00ab r\u00e9gimes sp\u00e9ciaux \u00bb<span class=\"ez-toc-section-end\"><\/span><\/h3>\n<p>Les affili\u00e9s de certains r\u00e9gimes de retraite dit \u00ab sp\u00e9ciaux \u00bb, c&rsquo;est-\u00e0-dire disposant de r\u00e8gles de fonctionnement sp\u00e9cifiques, peuvent prendre leur retraite avant l&rsquo;\u00e2ge l\u00e9gal. A titre d&rsquo;exemple, les agents de la <a href=\"https:\/\/www.toutsurmesfinances.com\/retraite\/regime-special-de-la-ratp-la-retraite-des-cheminots.html\" target=\"_blank\" rel=\"noopener\">RATP<\/a>, qui travaillent sur le terrain, peuvent partir \u00e0 52 ou 57 ans, \u00e0 condition de justifier de 27 ann\u00e9es de services. \u00c0 la <a href=\"regimes-speciaux-la-retraite-de-la-sncf.html\" target=\"_blank\" rel=\"noopener\">SNCF<\/a>, les conducteurs de locomotives sont autoris\u00e9s \u00e0 liquider leurs droits \u00e0 52 ans avec 17 ans de services et les agents \u00ab s\u00e9dentaires \u00bb (hors conducteurs) \u00e0 57 ans avec 27 ans de services.<\/p>\n<h3><span class=\"ez-toc-section\" id=\"Retraite_anticipee_pour_%C2%AB_carriere_longue_%C2%BB\"><\/span>Retraite anticip\u00e9e pour \u00ab carri\u00e8re longue \u00bb<span class=\"ez-toc-section-end\"><\/span><\/h3>\n<p>Depuis 2004, les assur\u00e9s, qui ont d\u00e9but\u00e9 leur carri\u00e8re professionnelle avant 20 ans et qui disposent du nombre de trimestres de cotisations vieillesse requis dans leur g\u00e9n\u00e9ration pour percevoir une pension de base compl\u00e8te (sans d\u00e9cote), ont la possibilit\u00e9 de partir avant l&rsquo;\u00e2ge l\u00e9gal.<\/p>\n<p>Selon leur ann\u00e9e de naissance, leur \u00e2ge au premier emploi et le nombre total de trimestres qu&rsquo;ils ont valid\u00e9s, ils peuvent tirer leur r\u00e9v\u00e9rence \u00e0 60, 59, 58, voire dans certains cas 57 ans. Quoi qu&rsquo;il en soit, <a href=\"https:\/\/www.toutsurmesfinances.com\/retraite\/retraite-anticipee-pour-carriere-longue-comment-en-profiter.html\" target=\"_blank\" rel=\"noopener\">la retraite anticip\u00e9e au titre de la carri\u00e8re longue <\/a>(<strong>RACL<\/strong>) doit \u00eatre accept\u00e9e, au pr\u00e9alable, par la derni\u00e8re caisse de retraite de base d&rsquo;affiliation.<\/p>\n<h3><span class=\"ez-toc-section\" id=\"Retraite_anticipee_pour_handicap_amiante_penibilite\"><\/span>Retraite anticip\u00e9e pour handicap, amiante, p\u00e9nibilit\u00e9<span class=\"ez-toc-section-end\"><\/span><\/h3>\n<p>Les personnes pr\u00e9sentant un handicap peuvent prendre leur retraite \u00e0 55, 56, 57, 58 ou 59 ans. A condition de remplir deux conditions : justifier d&rsquo;un taux d&rsquo;incapacit\u00e9 permanente (IP) d&rsquo;au moins 80% et d&rsquo;un certain nombre de trimestres cotis\u00e9s qui varie selon l&rsquo;ann\u00e9e de naissance.<\/p>\n<p>Les personnes expos\u00e9es ou qui ont \u00e9t\u00e9 expos\u00e9es \u00e0 l&rsquo;amiante peuvent partir \u00e0 50 ans si elles souffrent d&rsquo;une maladie professionnelle li\u00e9e \u00e0 l&rsquo;exposition \u00e0 la fibre canc\u00e9rig\u00e8ne ou entre 50 et 60 ans en l&rsquo;absence de reconnaissance d&rsquo;une maladie professionnelle. Jusqu&rsquo;ici r\u00e9serv\u00e9e aux salari\u00e9s du secteur priv\u00e9, la pr\u00e9retraite au titre de l&rsquo;amiante est d\u00e9sormais \u00e9tendue aux agents publics.<\/p>\n<p>Depuis 2011, les personnes justifiant d&rsquo;un taux d&rsquo;IP d&rsquo;au moins 20% li\u00e9 \u00e0 une maladie professionnelle ou \u00e0 un accident du travail peuvent quitter la vie active \u00e0 60 ans. Le taux est abaiss\u00e9 \u00e0 10% avec l&rsquo;accord d&rsquo;une commission m\u00e9dicale. Ce dispositif est d\u00e9nomm\u00e9 \u00ab retraite anticip\u00e9e au titre de la p\u00e9nibilit\u00e9 \u00bb. Il ne doit pas \u00eatre confondu avec le d\u00e9part anticip\u00e9 dans le cadre du compte p\u00e9nibilit\u00e9.<\/p>\n<h3><span class=\"ez-toc-section\" id=\"Retraite_anticipee_avec_le_compte_penibilite\"><\/span>Retraite anticip\u00e9e avec le compte p\u00e9nibilit\u00e9<span class=\"ez-toc-section-end\"><\/span><\/h3>\n<p>Depuis le 1er janvier 2015, les salari\u00e9s expos\u00e9s \u00e0 des risques professionnels (travail de nuit, travail \u00e0 la cha\u00eene, travail en 3&#215;8&#8230;) disposent d&rsquo;un <a href=\"https:\/\/www.toutsurmesfinances.com\/retraite\/retraites-tout-savoir-sur-le-compte-penibilite.html\" target=\"_blank\" rel=\"noopener\">compte personnel de pr\u00e9vention de la p\u00e9nibilit\u00e9 <\/a>(<strong>C3P)<\/strong> sur lequel ils cumulent des points en fonction de leur exposition. Dix points de p\u00e9nibilit\u00e9 permettent de baisser l&rsquo;\u00e2ge de d\u00e9part \u00e0 la retraite d&rsquo;un trimestre. Il n&rsquo;est pas possible d&rsquo;acqu\u00e9rir plus de huit trimestres, soit deux ans. Le C3P permet donc de partir \u00e0 la retraite au mieux \u00e0 60 ans.<\/p>\n<p><strong>\u00c0 lire aussi :\u00a0<\/strong><a href=\"https:\/\/www.toutsurmesfinances.com\/retraite\/peut-on-avoir-une-retraite-sans-avoir-travaille.html\" target=\"_blank\" rel=\"noopener\">Peut-on avoir une retraite sans avoir travaill\u00e9 ?<\/a><\/p>\n","protected":false},"excerpt":{"rendered":"<p>FAQ Retraite &#8211; Les Fran\u00e7ais se demandent souvent s&rsquo;ils peuvent partir \u00e0 la retraite plus t\u00f4t. En th\u00e9orie, il n&rsquo;est pas possible de quitter la vie active avant l&rsquo;\u00e2ge l\u00e9gal de d\u00e9part \u00e0 la retraite, fix\u00e9 d\u00e9sormais \u00e0 62 ans. Cependant, dans les faits, il existe plusieurs cas d\u00e9rogatoires.<\/p>\n","protected":false},"author":13713,"featured_media":21518,"comment_status":"closed","ping_status":"closed","sticky":false,"template":"","format":"standard","meta":{"footnotes":""},"categories":[13],"tags":[],"class_list":["post-21519","post","type-post","status-publish","format-standard","has-post-thumbnail","hentry","category-depart-a-la-retraite"],"acf":[],"yoast_head":"<!-- This site is optimized with the Yoast SEO plugin v24.9 - https:\/\/yoast.com\/wordpress\/plugins\/seo\/ -->\n<title>Retraite anticip\u00e9e : peut-on prendre sa retraite avant 60 ans ?<\/title>\n<meta name=\"description\" content=\"FAQ Retraite \u2013 Les Fran\u00e7ais se demandent souvent s&#039;ils peuvent partir \u00e0 la retraite plus t\u00f4t. En th\u00e9orie, il n&#039;est pas possible de quitter la vie active avant l&#039;\u00e2ge l\u00e9gal de d\u00e9part \u00e0 la retraite, fix\u00e9 d\u00e9sormais \u00e0 62 ans. Cependant, dans les faits,\" \/>\n<meta name=\"robots\" content=\"index, follow, max-snippet:-1, max-image-preview:large, max-video-preview:-1\" \/>\n<link rel=\"canonical\" href=\"https:\/\/www.toutsurmesfinances.com\/retraite\/retraite-anticipee-peut-on-prendre-sa-retraite-avant-60-ans.html\" \/>\n<meta property=\"og:locale\" content=\"fr_FR\" \/>\n<meta property=\"og:type\" content=\"article\" \/>\n<meta property=\"og:title\" content=\"Retraite anticip\u00e9e : peut-on prendre sa retraite avant 60 ans ?\" \/>\n<meta property=\"og:description\" content=\"FAQ Retraite \u2013 Les Fran\u00e7ais se demandent souvent s&#039;ils peuvent partir \u00e0 la retraite plus t\u00f4t. En th\u00e9orie, il n&#039;est pas possible de quitter la vie active avant l&#039;\u00e2ge l\u00e9gal de d\u00e9part \u00e0 la retraite, fix\u00e9 d\u00e9sormais \u00e0 62 ans. Cependant, dans les faits,\" \/>\n<meta property=\"og:url\" content=\"https:\/\/www.toutsurmesfinances.com\/retraite\/retraite-anticipee-peut-on-prendre-sa-retraite-avant-60-ans.html\" \/>\n<meta property=\"og:site_name\" content=\"Retraite\" \/>\n<meta property=\"article:published_time\" content=\"2017-05-12T13:59:06+00:00\" \/>\n<meta property=\"article:modified_time\" content=\"2019-06-25T14:16:53+00:00\" \/>\n<meta property=\"og:image\" content=\"https:\/\/www.toutsurmesfinances.com\/retraite\/wp-content\/uploads\/sites\/4\/2017\/05\/depart.jpg\" \/>\n\t<meta property=\"og:image:width\" content=\"823\" \/>\n\t<meta property=\"og:image:height\" content=\"463\" \/>\n\t<meta property=\"og:image:type\" content=\"image\/jpeg\" \/>\n<meta name=\"author\" content=\"Jean-Philippe Dubosc\" \/>\n<meta name=\"twitter:card\" content=\"summary_large_image\" \/>\n<meta name=\"twitter:creator\" content=\"@Toutsur\" \/>\n<meta name=\"twitter:site\" content=\"@Toutsur\" \/>\n<meta name=\"twitter:label1\" content=\"\u00c9crit par\" \/>\n\t<meta name=\"twitter:data1\" content=\"Jean-Philippe Dubosc\" \/>\n\t<meta name=\"twitter:label2\" content=\"Dur\u00e9e de lecture estim\u00e9e\" \/>\n\t<meta name=\"twitter:data2\" content=\"5 minutes\" \/>\n<script type=\"application\/ld+json\" class=\"yoast-schema-graph\">{\"@context\":\"https:\/\/schema.org\",\"@graph\":[{\"@type\":\"Article\",\"@id\":\"https:\/\/www.toutsurmesfinances.com\/retraite\/retraite-anticipee-peut-on-prendre-sa-retraite-avant-60-ans.html#article\",\"isPartOf\":{\"@id\":\"https:\/\/www.toutsurmesfinances.com\/retraite\/retraite-anticipee-peut-on-prendre-sa-retraite-avant-60-ans.html\"},\"author\":{\"name\":\"Jean-Philippe Dubosc\",\"@id\":\"https:\/\/www.toutsurmesfinances.com\/retraite\/#\/schema\/person\/addc9e9b3978fa7947ead71bab57694c\"},\"headline\":\"Retraite anticip\u00e9e : peut-on prendre sa retraite avant 60 ans ?\",\"dateModified\":\"2019-06-25T14:16:53+00:00\",\"mainEntityOfPage\":{\"@id\":\"https:\/\/www.toutsurmesfinances.com\/retraite\/retraite-anticipee-peut-on-prendre-sa-retraite-avant-60-ans.html\"},\"wordCount\":1101,\"publisher\":{\"@id\":\"https:\/\/www.toutsurmesfinances.com\/retraite\/#organization\"},\"image\":{\"@id\":\"https:\/\/www.toutsurmesfinances.com\/retraite\/retraite-anticipee-peut-on-prendre-sa-retraite-avant-60-ans.html#primaryimage\"},\"thumbnailUrl\":\"https:\/\/www.toutsurmesfinances.com\/retraite\/wp-content\/uploads\/sites\/4\/2017\/05\/depart.jpg\",\"articleSection\":[\"D\u00e9part \u00e0 la retraite\"],\"inLanguage\":\"fr-FR\"},{\"@type\":\"WebPage\",\"@id\":\"https:\/\/www.toutsurmesfinances.com\/retraite\/retraite-anticipee-peut-on-prendre-sa-retraite-avant-60-ans.html\",\"url\":\"https:\/\/www.toutsurmesfinances.com\/retraite\/retraite-anticipee-peut-on-prendre-sa-retraite-avant-60-ans.html\",\"name\":\"Retraite anticip\u00e9e : peut-on prendre sa retraite avant 60 ans ?\",\"isPartOf\":{\"@id\":\"https:\/\/www.toutsurmesfinances.com\/retraite\/#website\"},\"primaryImageOfPage\":{\"@id\":\"https:\/\/www.toutsurmesfinances.com\/retraite\/retraite-anticipee-peut-on-prendre-sa-retraite-avant-60-ans.html#primaryimage\"},\"image\":{\"@id\":\"https:\/\/www.toutsurmesfinances.com\/retraite\/retraite-anticipee-peut-on-prendre-sa-retraite-avant-60-ans.html#primaryimage\"},\"thumbnailUrl\":\"https:\/\/www.toutsurmesfinances.com\/retraite\/wp-content\/uploads\/sites\/4\/2017\/05\/depart.jpg\",\"dateModified\":\"2019-06-25T14:16:53+00:00\",\"description\":\"FAQ Retraite \u2013 Les Fran\u00e7ais se demandent souvent s'ils peuvent partir \u00e0 la retraite plus t\u00f4t. En th\u00e9orie, il n'est pas possible de quitter la vie active avant l'\u00e2ge l\u00e9gal de d\u00e9part \u00e0 la retraite, fix\u00e9 d\u00e9sormais \u00e0 62 ans. Cependant, dans les faits,\",\"breadcrumb\":{\"@id\":\"https:\/\/www.toutsurmesfinances.com\/retraite\/retraite-anticipee-peut-on-prendre-sa-retraite-avant-60-ans.html#breadcrumb\"},\"inLanguage\":\"fr-FR\",\"potentialAction\":[{\"@type\":\"ReadAction\",\"target\":[\"https:\/\/www.toutsurmesfinances.com\/retraite\/retraite-anticipee-peut-on-prendre-sa-retraite-avant-60-ans.html\"]}]},{\"@type\":\"ImageObject\",\"inLanguage\":\"fr-FR\",\"@id\":\"https:\/\/www.toutsurmesfinances.com\/retraite\/retraite-anticipee-peut-on-prendre-sa-retraite-avant-60-ans.html#primaryimage\",\"url\":\"https:\/\/www.toutsurmesfinances.com\/retraite\/wp-content\/uploads\/sites\/4\/2017\/05\/depart.jpg\",\"contentUrl\":\"https:\/\/www.toutsurmesfinances.com\/retraite\/wp-content\/uploads\/sites\/4\/2017\/05\/depart.jpg\",\"width\":823,\"height\":463,\"caption\":\"Il n'est th\u00e9oriquement pas possible en France de partir \u00e0 la retraite avant l'\u00e2ge l\u00e9gal\"},{\"@type\":\"BreadcrumbList\",\"@id\":\"https:\/\/www.toutsurmesfinances.com\/retraite\/retraite-anticipee-peut-on-prendre-sa-retraite-avant-60-ans.html#breadcrumb\",\"itemListElement\":[{\"@type\":\"ListItem\",\"position\":1,\"name\":\"Accueil\",\"item\":\"https:\/\/www.toutsurmesfinances.com\/retraite\/\"},{\"@type\":\"ListItem\",\"position\":2,\"name\":\"Liquidation\",\"item\":\"https:\/\/www.toutsurmesfinances.com\/retraite\/c\/liquidation\"},{\"@type\":\"ListItem\",\"position\":3,\"name\":\"D\u00e9part \u00e0 la retraite\",\"item\":\"https:\/\/www.toutsurmesfinances.com\/retraite\/c\/depart-a-la-retraite\"},{\"@type\":\"ListItem\",\"position\":4,\"name\":\"Retraite anticip\u00e9e : peut-on prendre sa retraite avant 60 ans ?\"}]},{\"@type\":\"WebSite\",\"@id\":\"https:\/\/www.toutsurmesfinances.com\/retraite\/#website\",\"url\":\"https:\/\/www.toutsurmesfinances.com\/retraite\/\",\"name\":\"Retraite\",\"description\":\"\",\"publisher\":{\"@id\":\"https:\/\/www.toutsurmesfinances.com\/retraite\/#organization\"},\"potentialAction\":[{\"@type\":\"SearchAction\",\"target\":{\"@type\":\"EntryPoint\",\"urlTemplate\":\"https:\/\/www.toutsurmesfinances.com\/retraite\/?s={search_term_string}\"},\"query-input\":{\"@type\":\"PropertyValueSpecification\",\"valueRequired\":true,\"valueName\":\"search_term_string\"}}],\"inLanguage\":\"fr-FR\"},{\"@type\":\"Organization\",\"@id\":\"https:\/\/www.toutsurmesfinances.com\/retraite\/#organization\",\"name\":\"Tout Sur Mes Finances\",\"url\":\"https:\/\/www.toutsurmesfinances.com\/retraite\/\",\"logo\":{\"@type\":\"ImageObject\",\"inLanguage\":\"fr-FR\",\"@id\":\"https:\/\/www.toutsurmesfinances.com\/retraite\/#\/schema\/logo\/image\/\",\"url\":\"https:\/\/www.toutsurmesfinances.com\/retraite\/wp-content\/uploads\/sites\/4\/2021\/01\/favicon.png\",\"contentUrl\":\"https:\/\/www.toutsurmesfinances.com\/retraite\/wp-content\/uploads\/sites\/4\/2021\/01\/favicon.png\",\"width\":512,\"height\":512,\"caption\":\"Tout Sur Mes Finances\"},\"image\":{\"@id\":\"https:\/\/www.toutsurmesfinances.com\/retraite\/#\/schema\/logo\/image\/\"},\"sameAs\":[\"https:\/\/x.com\/Toutsur\"]},{\"@type\":\"Person\",\"@id\":\"https:\/\/www.toutsurmesfinances.com\/retraite\/#\/schema\/person\/addc9e9b3978fa7947ead71bab57694c\",\"name\":\"Jean-Philippe Dubosc\",\"image\":{\"@type\":\"ImageObject\",\"inLanguage\":\"fr-FR\",\"@id\":\"https:\/\/www.toutsurmesfinances.com\/retraite\/#\/schema\/person\/image\/\",\"url\":\"https:\/\/secure.gravatar.com\/avatar\/a3cba30cdda1afe79f6ebffc6e952291?s=96&d=mm&r=g\",\"contentUrl\":\"https:\/\/secure.gravatar.com\/avatar\/a3cba30cdda1afe79f6ebffc6e952291?s=96&d=mm&r=g\",\"caption\":\"Jean-Philippe Dubosc\"},\"description\":\"Jean-Philippe Dubosc est r\u00e9dacteur en chef de ToutSurMesFinances.com et sp\u00e9cialiste des questions de retraite obligatoire et d\u2019\u00e9pargne. Pr\u00e9sent au sein du m\u00e9dia depuis plus de 13 ans, il analyse les r\u00e9formes, les dispositifs r\u00e9glementaires et les strat\u00e9gies de d\u00e9part \u00e0 la retraite, avec une approche fond\u00e9e sur une lecture rigoureuse des textes et une connaissance approfondie des diff\u00e9rents r\u00e9gimes de retraite.\",\"sameAs\":[\"https:\/\/www.toutsurmesfinances.com\/author\/jpdubosc\",\"https:\/\/fr.linkedin.com\/in\/jpdubosc\"]}]}<\/script>\n<!-- \/ Yoast SEO plugin. -->","yoast_head_json":{"title":"Retraite anticip\u00e9e : peut-on prendre sa retraite avant 60 ans ?","description":"FAQ Retraite \u2013 Les Fran\u00e7ais se demandent souvent s'ils peuvent partir \u00e0 la retraite plus t\u00f4t. En th\u00e9orie, il n'est pas possible de quitter la vie active avant l'\u00e2ge l\u00e9gal de d\u00e9part \u00e0 la retraite, fix\u00e9 d\u00e9sormais \u00e0 62 ans. Cependant, dans les faits,","robots":{"index":"index","follow":"follow","max-snippet":"max-snippet:-1","max-image-preview":"max-image-preview:large","max-video-preview":"max-video-preview:-1"},"canonical":"https:\/\/www.toutsurmesfinances.com\/retraite\/retraite-anticipee-peut-on-prendre-sa-retraite-avant-60-ans.html","og_locale":"fr_FR","og_type":"article","og_title":"Retraite anticip\u00e9e : peut-on prendre sa retraite avant 60 ans ?","og_description":"FAQ Retraite \u2013 Les Fran\u00e7ais se demandent souvent s'ils peuvent partir \u00e0 la retraite plus t\u00f4t. En th\u00e9orie, il n'est pas possible de quitter la vie active avant l'\u00e2ge l\u00e9gal de d\u00e9part \u00e0 la retraite, fix\u00e9 d\u00e9sormais \u00e0 62 ans. Cependant, dans les faits,","og_url":"https:\/\/www.toutsurmesfinances.com\/retraite\/retraite-anticipee-peut-on-prendre-sa-retraite-avant-60-ans.html","og_site_name":"Retraite","article_published_time":"2017-05-12T13:59:06+00:00","article_modified_time":"2019-06-25T14:16:53+00:00","og_image":[{"width":823,"height":463,"url":"https:\/\/www.toutsurmesfinances.com\/retraite\/wp-content\/uploads\/sites\/4\/2017\/05\/depart.jpg","type":"image\/jpeg"}],"author":"Jean-Philippe Dubosc","twitter_card":"summary_large_image","twitter_creator":"@Toutsur","twitter_site":"@Toutsur","twitter_misc":{"\u00c9crit par":"Jean-Philippe Dubosc","Dur\u00e9e de lecture estim\u00e9e":"5 minutes"},"schema":{"@context":"https:\/\/schema.org","@graph":[{"@type":"Article","@id":"https:\/\/www.toutsurmesfinances.com\/retraite\/retraite-anticipee-peut-on-prendre-sa-retraite-avant-60-ans.html#article","isPartOf":{"@id":"https:\/\/www.toutsurmesfinances.com\/retraite\/retraite-anticipee-peut-on-prendre-sa-retraite-avant-60-ans.html"},"author":{"name":"Jean-Philippe Dubosc","@id":"https:\/\/www.toutsurmesfinances.com\/retraite\/#\/schema\/person\/addc9e9b3978fa7947ead71bab57694c"},"headline":"Retraite anticip\u00e9e : peut-on prendre sa retraite avant 60 ans ?","dateModified":"2019-06-25T14:16:53+00:00","mainEntityOfPage":{"@id":"https:\/\/www.toutsurmesfinances.com\/retraite\/retraite-anticipee-peut-on-prendre-sa-retraite-avant-60-ans.html"},"wordCount":1101,"publisher":{"@id":"https:\/\/www.toutsurmesfinances.com\/retraite\/#organization"},"image":{"@id":"https:\/\/www.toutsurmesfinances.com\/retraite\/retraite-anticipee-peut-on-prendre-sa-retraite-avant-60-ans.html#primaryimage"},"thumbnailUrl":"https:\/\/www.toutsurmesfinances.com\/retraite\/wp-content\/uploads\/sites\/4\/2017\/05\/depart.jpg","articleSection":["D\u00e9part \u00e0 la retraite"],"inLanguage":"fr-FR"},{"@type":"WebPage","@id":"https:\/\/www.toutsurmesfinances.com\/retraite\/retraite-anticipee-peut-on-prendre-sa-retraite-avant-60-ans.html","url":"https:\/\/www.toutsurmesfinances.com\/retraite\/retraite-anticipee-peut-on-prendre-sa-retraite-avant-60-ans.html","name":"Retraite anticip\u00e9e : peut-on prendre sa retraite avant 60 ans ?","isPartOf":{"@id":"https:\/\/www.toutsurmesfinances.com\/retraite\/#website"},"primaryImageOfPage":{"@id":"https:\/\/www.toutsurmesfinances.com\/retraite\/retraite-anticipee-peut-on-prendre-sa-retraite-avant-60-ans.html#primaryimage"},"image":{"@id":"https:\/\/www.toutsurmesfinances.com\/retraite\/retraite-anticipee-peut-on-prendre-sa-retraite-avant-60-ans.html#primaryimage"},"thumbnailUrl":"https:\/\/www.toutsurmesfinances.com\/retraite\/wp-content\/uploads\/sites\/4\/2017\/05\/depart.jpg","dateModified":"2019-06-25T14:16:53+00:00","description":"FAQ Retraite \u2013 Les Fran\u00e7ais se demandent souvent s'ils peuvent partir \u00e0 la retraite plus t\u00f4t. En th\u00e9orie, il n'est pas possible de quitter la vie active avant l'\u00e2ge l\u00e9gal de d\u00e9part \u00e0 la retraite, fix\u00e9 d\u00e9sormais \u00e0 62 ans. Cependant, dans les faits,","breadcrumb":{"@id":"https:\/\/www.toutsurmesfinances.com\/retraite\/retraite-anticipee-peut-on-prendre-sa-retraite-avant-60-ans.html#breadcrumb"},"inLanguage":"fr-FR","potentialAction":[{"@type":"ReadAction","target":["https:\/\/www.toutsurmesfinances.com\/retraite\/retraite-anticipee-peut-on-prendre-sa-retraite-avant-60-ans.html"]}]},{"@type":"ImageObject","inLanguage":"fr-FR","@id":"https:\/\/www.toutsurmesfinances.com\/retraite\/retraite-anticipee-peut-on-prendre-sa-retraite-avant-60-ans.html#primaryimage","url":"https:\/\/www.toutsurmesfinances.com\/retraite\/wp-content\/uploads\/sites\/4\/2017\/05\/depart.jpg","contentUrl":"https:\/\/www.toutsurmesfinances.com\/retraite\/wp-content\/uploads\/sites\/4\/2017\/05\/depart.jpg","width":823,"height":463,"caption":"Il n'est th\u00e9oriquement pas possible en France de partir \u00e0 la retraite avant l'\u00e2ge l\u00e9gal"},{"@type":"BreadcrumbList","@id":"https:\/\/www.toutsurmesfinances.com\/retraite\/retraite-anticipee-peut-on-prendre-sa-retraite-avant-60-ans.html#breadcrumb","itemListElement":[{"@type":"ListItem","position":1,"name":"Accueil","item":"https:\/\/www.toutsurmesfinances.com\/retraite\/"},{"@type":"ListItem","position":2,"name":"Liquidation","item":"https:\/\/www.toutsurmesfinances.com\/retraite\/c\/liquidation"},{"@type":"ListItem","position":3,"name":"D\u00e9part \u00e0 la retraite","item":"https:\/\/www.toutsurmesfinances.com\/retraite\/c\/depart-a-la-retraite"},{"@type":"ListItem","position":4,"name":"Retraite anticip\u00e9e : peut-on prendre sa retraite avant 60 ans ?"}]},{"@type":"WebSite","@id":"https:\/\/www.toutsurmesfinances.com\/retraite\/#website","url":"https:\/\/www.toutsurmesfinances.com\/retraite\/","name":"Retraite","description":"","publisher":{"@id":"https:\/\/www.toutsurmesfinances.com\/retraite\/#organization"},"potentialAction":[{"@type":"SearchAction","target":{"@type":"EntryPoint","urlTemplate":"https:\/\/www.toutsurmesfinances.com\/retraite\/?s={search_term_string}"},"query-input":{"@type":"PropertyValueSpecification","valueRequired":true,"valueName":"search_term_string"}}],"inLanguage":"fr-FR"},{"@type":"Organization","@id":"https:\/\/www.toutsurmesfinances.com\/retraite\/#organization","name":"Tout Sur Mes Finances","url":"https:\/\/www.toutsurmesfinances.com\/retraite\/","logo":{"@type":"ImageObject","inLanguage":"fr-FR","@id":"https:\/\/www.toutsurmesfinances.com\/retraite\/#\/schema\/logo\/image\/","url":"https:\/\/www.toutsurmesfinances.com\/retraite\/wp-content\/uploads\/sites\/4\/2021\/01\/favicon.png","contentUrl":"https:\/\/www.toutsurmesfinances.com\/retraite\/wp-content\/uploads\/sites\/4\/2021\/01\/favicon.png","width":512,"height":512,"caption":"Tout Sur Mes Finances"},"image":{"@id":"https:\/\/www.toutsurmesfinances.com\/retraite\/#\/schema\/logo\/image\/"},"sameAs":["https:\/\/x.com\/Toutsur"]},{"@type":"Person","@id":"https:\/\/www.toutsurmesfinances.com\/retraite\/#\/schema\/person\/addc9e9b3978fa7947ead71bab57694c","name":"Jean-Philippe Dubosc","image":{"@type":"ImageObject","inLanguage":"fr-FR","@id":"https:\/\/www.toutsurmesfinances.com\/retraite\/#\/schema\/person\/image\/","url":"https:\/\/secure.gravatar.com\/avatar\/a3cba30cdda1afe79f6ebffc6e952291?s=96&d=mm&r=g","contentUrl":"https:\/\/secure.gravatar.com\/avatar\/a3cba30cdda1afe79f6ebffc6e952291?s=96&d=mm&r=g","caption":"Jean-Philippe Dubosc"},"description":"Jean-Philippe Dubosc est r\u00e9dacteur en chef de ToutSurMesFinances.com et sp\u00e9cialiste des questions de retraite obligatoire et d\u2019\u00e9pargne. Pr\u00e9sent au sein du m\u00e9dia depuis plus de 13 ans, il analyse les r\u00e9formes, les dispositifs r\u00e9glementaires et les strat\u00e9gies de d\u00e9part \u00e0 la retraite, avec une approche fond\u00e9e sur une lecture rigoureuse des textes et une connaissance approfondie des diff\u00e9rents r\u00e9gimes de retraite.","sameAs":["https:\/\/www.toutsurmesfinances.com\/author\/jpdubosc","https:\/\/fr.linkedin.com\/in\/jpdubosc"]}]}},"_links":{"self":[{"href":"https:\/\/www.toutsurmesfinances.com\/retraite\/wp-json\/wp\/v2\/posts\/21519","targetHints":{"allow":["GET"]}}],"collection":[{"href":"https:\/\/www.toutsurmesfinances.com\/retraite\/wp-json\/wp\/v2\/posts"}],"about":[{"href":"https:\/\/www.toutsurmesfinances.com\/retraite\/wp-json\/wp\/v2\/types\/post"}],"author":[{"embeddable":true,"href":"https:\/\/www.toutsurmesfinances.com\/retraite\/wp-json\/wp\/v2\/users\/13713"}],"replies":[{"embeddable":true,"href":"https:\/\/www.toutsurmesfinances.com\/retraite\/wp-json\/wp\/v2\/comments?post=21519"}],"version-history":[{"count":5,"href":"https:\/\/www.toutsurmesfinances.com\/retraite\/wp-json\/wp\/v2\/posts\/21519\/revisions"}],"predecessor-version":[{"id":26700,"href":"https:\/\/www.toutsurmesfinances.com\/retraite\/wp-json\/wp\/v2\/posts\/21519\/revisions\/26700"}],"wp:featuredmedia":[{"embeddable":true,"href":"https:\/\/www.toutsurmesfinances.com\/retraite\/wp-json\/wp\/v2\/media\/21518"}],"wp:attachment":[{"href":"https:\/\/www.toutsurmesfinances.com\/retraite\/wp-json\/wp\/v2\/media?parent=21519"}],"wp:term":[{"taxonomy":"category","embeddable":true,"href":"https:\/\/www.toutsurmesfinances.com\/retraite\/wp-json\/wp\/v2\/categories?post=21519"},{"taxonomy":"post_tag","embeddable":true,"href":"https:\/\/www.toutsurmesfinances.com\/retraite\/wp-json\/wp\/v2\/tags?post=21519"}],"curies":[{"name":"wp","href":"https:\/\/api.w.org\/{rel}","templated":true}]}}