{"id":21529,"date":"2017-07-20T07:34:06","date_gmt":"2017-07-20T05:34:06","guid":{"rendered":"https:\/\/www.toutsurmesfinances.com\/retraite\/suppression-du-rsi-quelles-consequences-pour-les-independants.html"},"modified":"2021-12-15T11:42:22","modified_gmt":"2021-12-15T10:42:22","slug":"suppression-du-rsi-quelles-consequences-pour-les-independants","status":"publish","type":"post","link":"https:\/\/www.toutsurmesfinances.com\/retraite\/suppression-du-rsi-quelles-consequences-pour-les-independants.html","title":{"rendered":"Suppression du RSI : quelles cons\u00e9quences pour les ind\u00e9pendants  ?"},"content":{"rendered":"<p>La<a href=\"https:\/\/www.toutsurmesfinances.com\/argent\/a\/plfss-dates-et-explications-du-texte\" target=\"_blank\" rel=\"noopener noreferrer\"> loi de financement de la S\u00e9curit\u00e9 sociale<\/a> <strong>(LFSS<\/strong>) pour 2018 a supprim\u00e9 le R\u00e9gime social des ind\u00e9pendants (<strong>RSI<\/strong>) pour le remplacer par la S\u00e9curit\u00e9 sociale des ind\u00e9pendants (<strong>SSI<\/strong>), un r\u00e9gime adoss\u00e9 au r\u00e9gime g\u00e9n\u00e9ral de la S\u00e9curit\u00e9 sociale qui g\u00e8re la protection sociale de base des salari\u00e9s du secteur priv\u00e9 et des agents non titulaires de la fonction publique. Cette suppression avait \u00e9t\u00e9 promise par <strong>Emmanuel Macron<\/strong> <a href=\"https:\/\/www.toutsurmesfinances.com\/retraite\/presidentielle-2017-le-programme-d-emmanuel-macron-pour-les-retraites.html\" target=\"_blank\" rel=\"noopener noreferrer\">lors de la campagne pr\u00e9sidentielle<\/a>, le RSI \u00e9tant tr\u00e8s d\u00e9cri\u00e9 depuis sa cr\u00e9ation en 2006. La SSI a \u00e9t\u00e9 totalement int\u00e9gr\u00e9e au r\u00e9gime g\u00e9n\u00e9ral depuis le 1er janvier 2020.<\/p>\n<h2><span class=\"ez-toc-section\" id=\"Le_RSI_cetait_quoi\"><\/span><a name=\"definition\"><\/a>Le RSI, c&rsquo;\u00e9tait quoi ?<span class=\"ez-toc-section-end\"><\/span><\/h2>\n<p>Le R\u00e9gime social des ind\u00e9pendants est n\u00e9 le 1er juillet 2006 de la fusion de trois caisses de protection sociale : la Caisse nationale d&rsquo;assurance maladie des artisans (<strong>Canam<\/strong>), la Caisse nationale d&rsquo;assurance vieillesse des artisans (<strong>Cancava<\/strong>) et l&rsquo;Organisation autonome nationale de l&rsquo;industrie et du commerce (<strong>Organic<\/strong>). L&rsquo;objectif \u00e9tait de cr\u00e9er un \u00ab guichet unique \u00bb pour les travailleurs non-salari\u00e9s (<strong>TNS<\/strong>) concernant leur protection sociale.<\/p>\n<p>Concr\u00e8tement, le RSI g\u00e9rait la couverture maladie et maternit\u00e9 des travailleurs ind\u00e9pendants (artisans, commer\u00e7ants et chefs d&rsquo;entreprise), des professions lib\u00e9rales (<a href=\"https:\/\/www.toutsurmesfinances.com\/retraite\/suppression-du-rsi-quelles-consequences-pour-les-independants.html#retraites\" target=\"_blank\" rel=\"noopener noreferrer\">m\u00e9decins<\/a>, notaires, pharmaciens, architectes, experts-comptables&#8230;), <a href=\"https:\/\/www.toutsurmesfinances.com\/retraite\/autoentrepreneurs-la-retraite-obligatoire-des-micro-entrepreneurs.html\" target=\"_blank\" rel=\"noopener noreferrer\">des micro-entrepreneurs<\/a> (la nouvelle appellation des autoentrepreneurs) et <a href=\"https:\/\/www.toutsurmesfinances.com\/retraite\/retraite-du-conjoint-collaborateur-conditions-calcul-et-demarches.html\" target=\"_blank\" rel=\"noopener noreferrer\">des conjoints-collaborateurs<\/a>.<\/p>\n<p>Ce dernier statut est r\u00e9serv\u00e9 aux conjoints mari\u00e9s ou aux partenaires de <a href=\"https:\/\/www.toutsurmesfinances.com\/vie-pratique\/a\/pacs-demarches-documents-cout-impots-et-rupture\" target=\"_blank\" rel=\"noopener noreferrer\">Pacs<\/a> des TNS qui travaillent pour eux sans \u00eatre r\u00e9mun\u00e9r\u00e9s, ni d\u00e9tenir des parts dans l&rsquo;entreprise. Les conjoints-collaborateurs acqui\u00e8rent des droits, \u00e0 condition que le chef d&rsquo;entreprise verse des cotisations sociales forfaitaires en leur nom.<\/p>\n<p>Le RSI assurait le remboursement des d\u00e9penses de soins (<a href=\"https:\/\/www.toutsurmesfinances.com\/argent\/a\/medecins-prise-en-charge-et-base-de-remboursement-de-la-securite-sociale\" target=\"_blank\" rel=\"noopener noreferrer\">consultations<\/a>, analyses m\u00e9dicales, m\u00e9dicaments, hospitalisation) et le versement des<a href=\"https:\/\/www.toutsurmesfinances.com\/argent\/a\/indemnites-journalieres-montants-calcul-plafond-duree-et-versement\" target=\"_blank\" rel=\"noopener noreferrer\"> indemnit\u00e9s journali\u00e8res<\/a> (<strong>IJ<\/strong>) au titre de la maternit\u00e9 des TNS et \u00e9ventuellement de leurs conjoints-collaborateurs, comme le fait l&rsquo;Assurance maladie pour les salari\u00e9s.<\/p>\n<p>Par ailleurs, le RSI constituait le r\u00e9gime de pr\u00e9voyance et de retraite, cette fois-ci uniquement des travailleurs ind\u00e9pendants et de leurs conjoints-collaborateurs (toujours en contrepartie du versement de cotisations aff\u00e9rentes), ainsi que des micro-entrepreneurs exer\u00e7ant une activit\u00e9 artisanale ou commerciale. <a href=\"https:\/\/www.toutsurmesfinances.com\/retraite\/retraite-des-professions-liberales-le-regime-de-base-des-medecins-notaires-architectes-experts-comptables.html\" target=\"_blank\" rel=\"noopener noreferrer\">Les professions lib\u00e9rales <\/a>(et leurs conjoints-collaborateurs) et les micro-entrepreneurs proposant des prestations intellectuelles ou de services cotisent \u00e0 des caisses sp\u00e9cifiques pour l&rsquo;invalidit\u00e9-d\u00e9c\u00e8s et l&rsquo;assurance vieillesse obligatoires. Il existe 11 caisses lib\u00e9rales de pr\u00e9voyance et de retraite.<\/p>\n<p>Le RSI versait aux travailleurs ind\u00e9pendants, aux conjoints-collaborateurs des artisans et commer\u00e7ants et aux micro-entrepreneurs artisans ou commer\u00e7ants une pension en cas d&rsquo;invalidit\u00e9 cons\u00e9cutive \u00e0 une maladie ou un accident. Il attribuait \u00e9galement un capital-d\u00e9c\u00e8s au conjoint survivant mari\u00e9 \u00e0 un artisan ou un commer\u00e7ant (retrait\u00e9 ou non) \u00e0 la suite de la disparition de ce dernier.<\/p>\n<p>Le RSI servait aux ind\u00e9pendants l<a href=\"https:\/\/www.toutsurmesfinances.com\/retraite\/retraites-des-artisans-et-des-commercants-regimes-de-base-et-complementaires.html\" target=\"_blank\" rel=\"noopener noreferrer\">eur retraite de base<\/a>. Depuis 2013, les artisans et commer\u00e7ants disposent d&rsquo;un r\u00e9gime unique de retraite compl\u00e9mentaire, le R\u00e9gime compl\u00e9mentaire des ind\u00e9pendants (<strong>RCI<\/strong>), g\u00e9r\u00e9 par le RSI et qui verse des pensions de vieillesse compl\u00e9mentaires qui s&rsquo;ajoutent aux pensions de vieillesse de base. Au d\u00e9c\u00e8s des travailleurs ind\u00e9pendants, le RSI octroyait aux veufs et veuves <a href=\"https:\/\/www.toutsurmesfinances.com\/retraite\/pension-de-reversion-definition-conditions-montant-et-calendrier-de-versement.html\" target=\"_blank\" rel=\"noopener noreferrer\">des pensions de r\u00e9version<\/a>, c&rsquo;est-\u00e0-dire une part de la retraite de base et de la retraite compl\u00e9mentaire que l&rsquo;artisan ou le commer\u00e7ant touchait ou aurait d\u00fb toucher s&rsquo;il avait quitt\u00e9 la vie active de son vivant. Depuis le 1er janvier 2020, le RCI a \u00e9t\u00e9 plac\u00e9 sous la tutelle de l&rsquo;Assurance retraite.<\/p>\n<h2><span class=\"ez-toc-section\" id=\"Pourquoi_le_RSI_a-t-il_ete_supprime\"><\/span><a name=\"suppression\"><\/a>Pourquoi le RSI a-t-il \u00e9t\u00e9 supprim\u00e9 ?<span class=\"ez-toc-section-end\"><\/span><\/h2>\n<p>Depuis sa cr\u00e9ation, le RSI a \u00e9t\u00e9 fortement d\u00e9cri\u00e9 par les travailleurs ind\u00e9pendants et les professions lib\u00e9rales pour sa pi\u00e8tre qualit\u00e9 de services. En septembre 2012, la Cour des comptes a publi\u00e9 un rapport au vitriol d\u00e9non\u00e7ant notamment les difficult\u00e9s d&rsquo;affiliation, les nombreuses erreurs dans les appels de cotisations et les retards r\u00e9currents dans le versement des pensions de vieillesse. Les Sages de la rue Cambon n&rsquo;ont pas h\u00e9sit\u00e9 \u00e0 parler de<em> \u00ab catastrophe industrielle \u00bb. <\/em><\/p>\n<p>Suite aux rapports des d\u00e9put\u00e9s socialistes <strong>Sylviane Bulteau<\/strong> et <strong>Fabrice Verdier<\/strong> en juin et septembre 2015, plusieurs mesures ont \u00e9t\u00e9 mises en place pour r\u00e9duire les dysfonctionnements. Les efforts mis en \u0153uvre n&rsquo;ont, semble-t-il, pas suffi. Outre Emmanuel Macron, d&rsquo;autres candidats \u00e0 la pr\u00e9sidentielle de 2017 (dont Marine Le Pen et <a href=\"https:\/\/www.toutsurmesfinances.com\/retraite\/presidentielle-2017-le-programme-de-francois-fillon-sur-la-retraite.html\" target=\"_blank\" rel=\"noopener noreferrer\">Fran\u00e7ois Fillon<\/a>) avaient d&rsquo;ailleurs propos\u00e9 de supprimer le RSI.<\/p>\n<h2><span class=\"ez-toc-section\" id=\"Quel_regime_remplace_le_RSI\"><\/span><a name=\"remplacement\"><\/a>Quel r\u00e9gime remplace le RSI ?<span class=\"ez-toc-section-end\"><\/span><\/h2>\n<p>La LFSS pour 2018 a instaur\u00e9 l&rsquo;adossement du RSI au r\u00e9gime g\u00e9n\u00e9ral. A partir du 1er janvier 2018, il a \u00e9t\u00e9 rebaptis\u00e9 S\u00e9curit\u00e9 sociale des ind\u00e9pendants (SSI). La SSI n&rsquo;existe plus aujourd&rsquo;hui puisqu&rsquo;elle a \u00e9t\u00e9 totalement absorb\u00e9e par le r\u00e9gime g\u00e9n\u00e9ral le 1er janvier 2020.<\/p>\n<h2><span class=\"ez-toc-section\" id=\"Quand_est_prevue_la_suppression_totale_du_RSI\"><\/span><a name=\"quand\"><\/a>Quand est pr\u00e9vue la suppression totale du RSI ?<span class=\"ez-toc-section-end\"><\/span><\/h2>\n<p>Si la fin du RSI est officiellement entr\u00e9e en vigueur le 1er janvier 2018, la suppression s&rsquo;est, en r\u00e9alit\u00e9, \u00e9tal\u00e9e sur une p\u00e9riode transitoire de deux ans. Depuis le 1er janvier 2019, les travailleurs ind\u00e9pendants nouvellement install\u00e9s et pr\u00e9c\u00e9demment salari\u00e9s sont affili\u00e9s \u00e0 l&rsquo;Assurance maladie. Depuis le 1er janvier 2020, l&rsquo;ensemble des artisans, commer\u00e7ants, entrepreneurs et\u00a0 professions lib\u00e9rales d\u00e9pendent du r\u00e9gime g\u00e9n\u00e9ral pour la couverture maladie et, pour les ind\u00e9pendants, pour la retraite de base.<\/p>\n<h2><span class=\"ez-toc-section\" id=\"Quelles_sont_les_consequences_de_la_suppression_du_RSI\"><\/span><a name=\"consequences\"><\/a><span lang=\"fr\" style=\"background-color: #ffffff\">Quelles sont les cons\u00e9quences de la suppression du RSI\u00a0 ?<\/span><span class=\"ez-toc-section-end\"><\/span><\/h2>\n<h2><span class=\"ez-toc-section\" id=\"%E2%80%93_Pour_les_cotisations_des_travailleurs_non-salaries\"><\/span>&#8211; Pour<a name=\"cotisations\"><\/a> les cotisations des travailleurs non-salari\u00e9s<span class=\"ez-toc-section-end\"><\/span><\/h2>\n<p>L&rsquo;affiliation des travailleurs non-salari\u00e9s au r\u00e9gime g\u00e9n\u00e9ral n&rsquo;a pas entra\u00een\u00e9 un alignement des cotisations sociales des TNS sur celles vers\u00e9es par les salari\u00e9s. Si tel avait \u00e9t\u00e9 le cas, les cotisations des TNS auraient augmenter en moyenne de 30%, sachant qu&rsquo;ils cotisent proportionnellement moins (\u00e0 r\u00e9mun\u00e9ration \u00e9quivalente) que les salari\u00e9s.<\/p>\n<h3><span class=\"ez-toc-section\" id=\"%E2%80%93_Pour_la_couverture_maladie_des_TNS\"><\/span>&#8211; <a name=\"maladie\"><\/a>Pour la couverture maladie des TNS<span class=\"ez-toc-section-end\"><\/span><\/h3>\n<p>Pour se faire rembourser leurs d\u00e9penses de sant\u00e9, les travailleurs ind\u00e9pendants et les professions lib\u00e9rales doivent d\u00e9sormais s&rsquo;adresser \u00e0 la caisse primaire d&rsquo;assurance maladie (<strong>CPAM<\/strong>) de leur lieu de r\u00e9sidence. C&rsquo;est notamment aupr\u00e8s de leur CPAM qu&rsquo;ils doivent demander leur <a href=\"https:\/\/www.toutsurmesfinances.com\/vie-pratique\/a\/carte-vitale-demarches-demande-attestation\" target=\"_blank\" rel=\"noopener noreferrer\">carte Vitale<\/a> ou leur attestation d&rsquo;assurance maladie.<\/p>\n<h3><span class=\"ez-toc-section\" id=\"%E2%80%93_Pour_la_prevoyance_et_la_retraite_des_TNS\"><\/span>&#8211; <a name=\"retraite\"><\/a>Pour la pr\u00e9voyance et la retraite des TNS<span class=\"ez-toc-section-end\"><\/span><\/h3>\n<p>Les impacts en mati\u00e8re d&rsquo;invalidit\u00e9-d\u00e9c\u00e8s et d&rsquo;assurance vieillesse ne sont pas les m\u00eames selon l&rsquo;activit\u00e9 du travailleur non-salari\u00e9.<\/p>\n<h4>* Des<a name=\"artisans\"><\/a> artisans, commer\u00e7ants et chefs d&rsquo;entreprise<\/h4>\n<p>Les r\u00e8gles de pr\u00e9voyance diff\u00e9rentes par rapport \u00e0 celles des salari\u00e9s sont maintenues. A titre d&rsquo;exemple, le capital-d\u00e9c\u00e8s vers\u00e9 aux conjoints survivants des affili\u00e9s au r\u00e9gime g\u00e9n\u00e9ral est attribu\u00e9 sans conditions de ressources et de mani\u00e8re forfaitaire (identique quel que soit le niveau de salaire du salari\u00e9 d\u00e9funt). Il s&rsquo;\u00e9l\u00e8ve \u00e0 3.476 euros en 2021. Pour les artisans et commer\u00e7ants, le veuf ou la veuve touche l&rsquo;\u00e9quivalent de 20% du <a href=\"https:\/\/www.toutsurmesfinances.com\/argent\/a\/plafond-de-la-securite-sociale-pss-definition-montants-et-revalorisation\" target=\"_blank\" rel=\"noopener noreferrer\">plafond annuel de la S\u00e9curit\u00e9 sociale <\/a>(8.227,20 euros en 2021) si le d\u00e9funt \u00e9tait en activit\u00e9 au moment de son d\u00e9c\u00e8s ou 8% du Pass (3.290,88 euros en 2021) s&rsquo;il \u00e9tait retrait\u00e9, \u00e0 condition de ne pas d\u00e9passer le plafond annuel de revenus demand\u00e9 (identique pour b\u00e9n\u00e9ficier <a href=\"https:\/\/www.toutsurmesfinances.com\/argent\/a\/aspa-ex-minimum-vieillesse-conditions-demarches-montant\" target=\"_blank\" rel=\"noopener noreferrer\">du minimum vieillesse<\/a>, soit 10.836 euros en 2021).<\/p>\n<p>En revanche, les r\u00e8gles de calcul de la retraite de base (\u00e2ges de d\u00e9part, dur\u00e9e d&rsquo;assurance, taux de pension&#8230;) sont les m\u00eames pour les salari\u00e9s et les travailleurs ind\u00e9pendants depuis 1973. Seuls les appels de cotisations sont diff\u00e9rents, sachant que les cotisations vieillesse des salari\u00e9s sont pr\u00e9lev\u00e9es directement sur leur salaire, tandis que celles des artisans et commer\u00e7ants sont appel\u00e9es deux fois par an et sont calcul\u00e9es en fonction du chiffre d&rsquo;affaires r\u00e9alis\u00e9 deux ans avant. Par ailleurs, la dur\u00e9e d&rsquo;indemnisation du cong\u00e9 de maternit\u00e9 des ind\u00e9pendantes et des lib\u00e9rales ont \u00e9t\u00e9 align\u00e9es sur celles des salari\u00e9es depuis le 1er janvier 2019.<\/p>\n<p>En ce qui concerne la retraite compl\u00e9mentaire des artisans et des commer\u00e7ants, le R\u00e9gime compl\u00e9mentaire des ind\u00e9pendants (RCI) est maintenu. Les cotisations, les r\u00e8gles de liquidation et les prestations demeure les m\u00eames. Le RCI est g\u00e9r\u00e9 de mani\u00e8re autonome au sein du r\u00e9gime g\u00e9n\u00e9ral. Les pensions compl\u00e9mentaires sont calcul\u00e9es et vers\u00e9es par l&rsquo;Assurance retraite depuis le 1er janvier 2020.<\/p>\n<h4>* Des<a name=\"liberaux\"><\/a> professions lib\u00e9rales<\/h4>\n<p>Les professionnels lib\u00e9raux cotisent, comme avant le 1er janvier 2018, \u00e0 leur caisse de pr\u00e9voyance et de retraite lib\u00e9rale que ce soit pour eux ou pour leur conjoint-collaborateur.<\/p>\n<p>A savoir : depuis le 1er juillet 2021, les professionnels lib\u00e9raux disposent d&rsquo;un r\u00e9gime commun d&rsquo;indemnit\u00e9s journali\u00e8res (<strong>IJ<\/strong>). En cas d&rsquo;arr\u00eat de travail \u00e0 la suite d&rsquo;un accident ou d&rsquo;une maladie, ils per\u00e7oivent des IJ \u00e0 partir du 4\u00e8me et jusqu&rsquo;au 90\u00e8me jour d&rsquo;arr\u00eat. L&rsquo;indemnit\u00e9 est vers\u00e9e par leur CPAM. Les caisses de retraite et de pr\u00e9voyance des m\u00e9decins, des avocats, des chirurgiens-dentistes, des sages-femmes, des experts-comptables et des auxiliaires m\u00e9dicaux (infirmiers, masseurs-kin\u00e9sith\u00e9rapeutes, p\u00e9dicures-podologues, orthophonistes, orthoptistes) continuent de verser des IJ \u00e0 leurs affili\u00e9s \u00e0 compter du 91<sup>\u00e8me<\/sup> jour d\u2019arr\u00eat.<\/p>\n<h4>* Des<a name=\"micro\"><\/a>micro-entrepreneurs (ex-autoentrepreneurs)<\/h4>\n<p>La pr\u00e9voyance et la retraite des micro-entrepreneurs exer\u00e7ant une activit\u00e9 artisanale ou commerciale rel\u00e8vent d\u00e9sormais de la S\u00e9curit\u00e9 sociale des ind\u00e9pendants. Les cotisations et prestations sont rest\u00e9es inchang\u00e9es.<\/p>\n<p>En revanche, il y a du nouveau pour les micro-entrepreneurs exer\u00e7ant des activit\u00e9s intellectuelles ou de services (r\u00e9daction, traduction, formation, conseil, coaching&#8230;). Ceux qui ont d\u00e9marr\u00e9 leur activit\u00e9 depuis le 1er janvier 2018 ne cotisent plus \u00e0 la <a href=\"https:\/\/www.toutsurmesfinances.com\/retraite\/cipav-la-retraite-obligatoire-des-professions-liberales-de-la-construction-et-non-reglementees.html\" target=\"_blank\" rel=\"noopener noreferrer\">Caisse interprofessionnelle de pr\u00e9voyance et d&rsquo;assurance vieillesse <\/a>(<strong>Cipav<\/strong>) pour l&rsquo;invalidit\u00e9-d\u00e9c\u00e8s, la retraite de base et la retraite compl\u00e9mentaire, mais \u00e0 la S\u00e9curit\u00e9 sociale des ind\u00e9pendants. Depuis le 1er janvier 2019, les micro-entrepreneurs lib\u00e9raux, qui ont cr\u00e9\u00e9 leur entreprise avant 2018, sont autoris\u00e9s \u00e0 quitter la Cipav pour rejoindre le r\u00e9gime g\u00e9n\u00e9ral d&rsquo;ici 2023.<\/p>\n<h4>* Des <a name=\"retraites\"><\/a>retrait\u00e9s<\/h4>\n<p>La suppression du RSI ne bouleverse pas le quotidien des artisans et commer\u00e7ants retrait\u00e9s. Le montant de leurs pensions de base et compl\u00e9mentaires ne change pas. La seule diff\u00e9rence est qu&rsquo;ils ne doivent plus s&rsquo;adresser, depuis le 1er janvier 2020, \u00e0 leur caisse de RSI, mais \u00e0 la caisse nationale d&rsquo;assurance vieillesse (<strong>Cnav<\/strong>) s&rsquo;ils sont franciliens, \u00e0 la caisse d&rsquo;assurance retraite et de sant\u00e9 au travail (<strong>Carsat<\/strong>) s&rsquo;ils vivent en r\u00e9gion ou \u00e0 la caisse g\u00e9n\u00e9rale de S\u00e9curit\u00e9 sociale (<strong>CGSS<\/strong>) s&rsquo;ils habitent \u00e0 la Martinique, en Guadeloupe, \u00e0 La R\u00e9union ou en Guyane.<\/p>\n<p>Les professions lib\u00e9rales retrait\u00e9s doivent eux-aussi contacter leur CPAM pour leurs d\u00e9penses de sant\u00e9. En revanche, ils d\u00e9pendent toujours de leur caisse de pr\u00e9voyance et de retraite lib\u00e9rale en ce qui concerne l&rsquo;invalidit\u00e9 et les pensions de vieillesse, y compris depuis 2020.<\/p>\n","protected":false},"excerpt":{"rendered":"<p>Depuis le 1er janvier 2018, le R\u00e9gime social des ind\u00e9pendants a \u00e9t\u00e9 remplac\u00e9 par la S\u00e9curit\u00e9 sociale des ind\u00e9pendants, un r\u00e9gime absorb\u00e9 depuis par le r\u00e9gime g\u00e9n\u00e9ral de la S\u00e9curit\u00e9 sociale. Les impacts du changement pour les artisans, les commer\u00e7ants, les chefs d&rsquo;entreprise et les professions lib\u00e9rales.<\/p>\n<p>&nbsp;<\/p>\n","protected":false},"author":13713,"featured_media":26555,"comment_status":"closed","ping_status":"closed","sticky":false,"template":"","format":"standard","meta":{"footnotes":""},"categories":[11],"tags":[],"class_list":["post-21529","post","type-post","status-publish","format-standard","has-post-thumbnail","hentry","category-droits-a-la-retraite"],"acf":[],"yoast_head":"<!-- This site is optimized with the Yoast SEO plugin v24.9 - https:\/\/yoast.com\/wordpress\/plugins\/seo\/ -->\n<title>Suppression du RSI 2022 : quelles cons\u00e9quences pour les ind\u00e9pendants ?<\/title>\n<meta name=\"description\" content=\"Le R\u00e9gime social des ind\u00e9pendants, qui g\u00e8rait la protection sociale des artisans, des commer\u00e7ants, des entrepreneurs et, en partie, des professions lib\u00e9rales, a \u00e9t\u00e9 supprim\u00e9 le 1er janvier 2018.\" \/>\n<meta name=\"robots\" content=\"index, follow, max-snippet:-1, max-image-preview:large, max-video-preview:-1\" \/>\n<link rel=\"canonical\" href=\"https:\/\/www.toutsurmesfinances.com\/retraite\/suppression-du-rsi-quelles-consequences-pour-les-independants.html\" \/>\n<meta property=\"og:locale\" content=\"fr_FR\" \/>\n<meta property=\"og:type\" content=\"article\" \/>\n<meta property=\"og:title\" content=\"Suppression du RSI 2022 : quelles cons\u00e9quences pour les ind\u00e9pendants ?\" \/>\n<meta property=\"og:description\" content=\"Le R\u00e9gime social des ind\u00e9pendants, qui g\u00e8rait la protection sociale des artisans, des commer\u00e7ants, des entrepreneurs et, en partie, des professions lib\u00e9rales, a \u00e9t\u00e9 supprim\u00e9 le 1er janvier 2018.\" \/>\n<meta property=\"og:url\" content=\"https:\/\/www.toutsurmesfinances.com\/retraite\/suppression-du-rsi-quelles-consequences-pour-les-independants.html\" \/>\n<meta property=\"og:site_name\" content=\"Retraite\" \/>\n<meta property=\"article:published_time\" content=\"2017-07-20T05:34:06+00:00\" \/>\n<meta property=\"article:modified_time\" content=\"2021-12-15T10:42:22+00:00\" \/>\n<meta property=\"og:image\" content=\"https:\/\/www.toutsurmesfinances.com\/retraite\/wp-content\/uploads\/sites\/4\/2019\/04\/artisan-etabli.jpg\" \/>\n\t<meta property=\"og:image:width\" content=\"823\" \/>\n\t<meta property=\"og:image:height\" content=\"463\" \/>\n\t<meta property=\"og:image:type\" content=\"image\/jpeg\" \/>\n<meta name=\"author\" content=\"Jean-Philippe Dubosc\" \/>\n<meta name=\"twitter:card\" content=\"summary_large_image\" \/>\n<meta name=\"twitter:creator\" content=\"@Toutsur\" \/>\n<meta name=\"twitter:site\" content=\"@Toutsur\" \/>\n<meta name=\"twitter:label1\" content=\"\u00c9crit par\" \/>\n\t<meta name=\"twitter:data1\" content=\"Jean-Philippe Dubosc\" \/>\n\t<meta name=\"twitter:label2\" content=\"Dur\u00e9e de lecture estim\u00e9e\" \/>\n\t<meta name=\"twitter:data2\" content=\"9 minutes\" \/>\n<script type=\"application\/ld+json\" class=\"yoast-schema-graph\">{\"@context\":\"https:\/\/schema.org\",\"@graph\":[{\"@type\":\"Article\",\"@id\":\"https:\/\/www.toutsurmesfinances.com\/retraite\/suppression-du-rsi-quelles-consequences-pour-les-independants.html#article\",\"isPartOf\":{\"@id\":\"https:\/\/www.toutsurmesfinances.com\/retraite\/suppression-du-rsi-quelles-consequences-pour-les-independants.html\"},\"author\":{\"name\":\"Jean-Philippe Dubosc\",\"@id\":\"https:\/\/www.toutsurmesfinances.com\/retraite\/#\/schema\/person\/addc9e9b3978fa7947ead71bab57694c\"},\"headline\":\"Suppression du RSI : quelles cons\u00e9quences pour les ind\u00e9pendants ?\",\"dateModified\":\"2021-12-15T10:42:22+00:00\",\"mainEntityOfPage\":{\"@id\":\"https:\/\/www.toutsurmesfinances.com\/retraite\/suppression-du-rsi-quelles-consequences-pour-les-independants.html\"},\"wordCount\":1901,\"publisher\":{\"@id\":\"https:\/\/www.toutsurmesfinances.com\/retraite\/#organization\"},\"image\":{\"@id\":\"https:\/\/www.toutsurmesfinances.com\/retraite\/suppression-du-rsi-quelles-consequences-pour-les-independants.html#primaryimage\"},\"thumbnailUrl\":\"https:\/\/www.toutsurmesfinances.com\/retraite\/wp-content\/uploads\/sites\/4\/2019\/04\/artisan-etabli.jpg\",\"articleSection\":[\"Droits \u00e0 la retraite\"],\"inLanguage\":\"fr-FR\"},{\"@type\":\"WebPage\",\"@id\":\"https:\/\/www.toutsurmesfinances.com\/retraite\/suppression-du-rsi-quelles-consequences-pour-les-independants.html\",\"url\":\"https:\/\/www.toutsurmesfinances.com\/retraite\/suppression-du-rsi-quelles-consequences-pour-les-independants.html\",\"name\":\"Suppression du RSI 2022 : quelles cons\u00e9quences pour les ind\u00e9pendants ?\",\"isPartOf\":{\"@id\":\"https:\/\/www.toutsurmesfinances.com\/retraite\/#website\"},\"primaryImageOfPage\":{\"@id\":\"https:\/\/www.toutsurmesfinances.com\/retraite\/suppression-du-rsi-quelles-consequences-pour-les-independants.html#primaryimage\"},\"image\":{\"@id\":\"https:\/\/www.toutsurmesfinances.com\/retraite\/suppression-du-rsi-quelles-consequences-pour-les-independants.html#primaryimage\"},\"thumbnailUrl\":\"https:\/\/www.toutsurmesfinances.com\/retraite\/wp-content\/uploads\/sites\/4\/2019\/04\/artisan-etabli.jpg\",\"dateModified\":\"2021-12-15T10:42:22+00:00\",\"description\":\"Le R\u00e9gime social des ind\u00e9pendants, qui g\u00e8rait la protection sociale des artisans, des commer\u00e7ants, des entrepreneurs et, en partie, des professions lib\u00e9rales, a \u00e9t\u00e9 supprim\u00e9 le 1er janvier 2018.\",\"breadcrumb\":{\"@id\":\"https:\/\/www.toutsurmesfinances.com\/retraite\/suppression-du-rsi-quelles-consequences-pour-les-independants.html#breadcrumb\"},\"inLanguage\":\"fr-FR\",\"potentialAction\":[{\"@type\":\"ReadAction\",\"target\":[\"https:\/\/www.toutsurmesfinances.com\/retraite\/suppression-du-rsi-quelles-consequences-pour-les-independants.html\"]}]},{\"@type\":\"ImageObject\",\"inLanguage\":\"fr-FR\",\"@id\":\"https:\/\/www.toutsurmesfinances.com\/retraite\/suppression-du-rsi-quelles-consequences-pour-les-independants.html#primaryimage\",\"url\":\"https:\/\/www.toutsurmesfinances.com\/retraite\/wp-content\/uploads\/sites\/4\/2019\/04\/artisan-etabli.jpg\",\"contentUrl\":\"https:\/\/www.toutsurmesfinances.com\/retraite\/wp-content\/uploads\/sites\/4\/2019\/04\/artisan-etabli.jpg\",\"width\":823,\"height\":463},{\"@type\":\"BreadcrumbList\",\"@id\":\"https:\/\/www.toutsurmesfinances.com\/retraite\/suppression-du-rsi-quelles-consequences-pour-les-independants.html#breadcrumb\",\"itemListElement\":[{\"@type\":\"ListItem\",\"position\":1,\"name\":\"Accueil\",\"item\":\"https:\/\/www.toutsurmesfinances.com\/retraite\/\"},{\"@type\":\"ListItem\",\"position\":2,\"name\":\"Droits\",\"item\":\"https:\/\/www.toutsurmesfinances.com\/retraite\/c\/droits\"},{\"@type\":\"ListItem\",\"position\":3,\"name\":\"Droits \u00e0 la retraite\",\"item\":\"https:\/\/www.toutsurmesfinances.com\/retraite\/c\/droits-a-la-retraite\"},{\"@type\":\"ListItem\",\"position\":4,\"name\":\"Suppression du RSI : quelles cons\u00e9quences pour les ind\u00e9pendants ?\"}]},{\"@type\":\"WebSite\",\"@id\":\"https:\/\/www.toutsurmesfinances.com\/retraite\/#website\",\"url\":\"https:\/\/www.toutsurmesfinances.com\/retraite\/\",\"name\":\"Retraite\",\"description\":\"\",\"publisher\":{\"@id\":\"https:\/\/www.toutsurmesfinances.com\/retraite\/#organization\"},\"potentialAction\":[{\"@type\":\"SearchAction\",\"target\":{\"@type\":\"EntryPoint\",\"urlTemplate\":\"https:\/\/www.toutsurmesfinances.com\/retraite\/?s={search_term_string}\"},\"query-input\":{\"@type\":\"PropertyValueSpecification\",\"valueRequired\":true,\"valueName\":\"search_term_string\"}}],\"inLanguage\":\"fr-FR\"},{\"@type\":\"Organization\",\"@id\":\"https:\/\/www.toutsurmesfinances.com\/retraite\/#organization\",\"name\":\"Tout Sur Mes Finances\",\"url\":\"https:\/\/www.toutsurmesfinances.com\/retraite\/\",\"logo\":{\"@type\":\"ImageObject\",\"inLanguage\":\"fr-FR\",\"@id\":\"https:\/\/www.toutsurmesfinances.com\/retraite\/#\/schema\/logo\/image\/\",\"url\":\"https:\/\/www.toutsurmesfinances.com\/retraite\/wp-content\/uploads\/sites\/4\/2021\/01\/favicon.png\",\"contentUrl\":\"https:\/\/www.toutsurmesfinances.com\/retraite\/wp-content\/uploads\/sites\/4\/2021\/01\/favicon.png\",\"width\":512,\"height\":512,\"caption\":\"Tout Sur Mes Finances\"},\"image\":{\"@id\":\"https:\/\/www.toutsurmesfinances.com\/retraite\/#\/schema\/logo\/image\/\"},\"sameAs\":[\"https:\/\/x.com\/Toutsur\"]},{\"@type\":\"Person\",\"@id\":\"https:\/\/www.toutsurmesfinances.com\/retraite\/#\/schema\/person\/addc9e9b3978fa7947ead71bab57694c\",\"name\":\"Jean-Philippe Dubosc\",\"image\":{\"@type\":\"ImageObject\",\"inLanguage\":\"fr-FR\",\"@id\":\"https:\/\/www.toutsurmesfinances.com\/retraite\/#\/schema\/person\/image\/\",\"url\":\"https:\/\/secure.gravatar.com\/avatar\/a3cba30cdda1afe79f6ebffc6e952291?s=96&d=mm&r=g\",\"contentUrl\":\"https:\/\/secure.gravatar.com\/avatar\/a3cba30cdda1afe79f6ebffc6e952291?s=96&d=mm&r=g\",\"caption\":\"Jean-Philippe Dubosc\"},\"description\":\"Jean-Philippe Dubosc est r\u00e9dacteur en chef de ToutSurMesFinances.com et sp\u00e9cialiste des questions de retraite obligatoire et d\u2019\u00e9pargne. Pr\u00e9sent au sein du m\u00e9dia depuis plus de 13 ans, il analyse les r\u00e9formes, les dispositifs r\u00e9glementaires et les strat\u00e9gies de d\u00e9part \u00e0 la retraite, avec une approche fond\u00e9e sur une lecture rigoureuse des textes et une connaissance approfondie des diff\u00e9rents r\u00e9gimes de retraite.\",\"sameAs\":[\"https:\/\/www.toutsurmesfinances.com\/author\/jpdubosc\",\"https:\/\/fr.linkedin.com\/in\/jpdubosc\"]}]}<\/script>\n<!-- \/ Yoast SEO plugin. -->","yoast_head_json":{"title":"Suppression du RSI 2022 : quelles cons\u00e9quences pour les ind\u00e9pendants ?","description":"Le R\u00e9gime social des ind\u00e9pendants, qui g\u00e8rait la protection sociale des artisans, des commer\u00e7ants, des entrepreneurs et, en partie, des professions lib\u00e9rales, a \u00e9t\u00e9 supprim\u00e9 le 1er janvier 2018.","robots":{"index":"index","follow":"follow","max-snippet":"max-snippet:-1","max-image-preview":"max-image-preview:large","max-video-preview":"max-video-preview:-1"},"canonical":"https:\/\/www.toutsurmesfinances.com\/retraite\/suppression-du-rsi-quelles-consequences-pour-les-independants.html","og_locale":"fr_FR","og_type":"article","og_title":"Suppression du RSI 2022 : quelles cons\u00e9quences pour les ind\u00e9pendants ?","og_description":"Le R\u00e9gime social des ind\u00e9pendants, qui g\u00e8rait la protection sociale des artisans, des commer\u00e7ants, des entrepreneurs et, en partie, des professions lib\u00e9rales, a \u00e9t\u00e9 supprim\u00e9 le 1er janvier 2018.","og_url":"https:\/\/www.toutsurmesfinances.com\/retraite\/suppression-du-rsi-quelles-consequences-pour-les-independants.html","og_site_name":"Retraite","article_published_time":"2017-07-20T05:34:06+00:00","article_modified_time":"2021-12-15T10:42:22+00:00","og_image":[{"width":823,"height":463,"url":"https:\/\/www.toutsurmesfinances.com\/retraite\/wp-content\/uploads\/sites\/4\/2019\/04\/artisan-etabli.jpg","type":"image\/jpeg"}],"author":"Jean-Philippe Dubosc","twitter_card":"summary_large_image","twitter_creator":"@Toutsur","twitter_site":"@Toutsur","twitter_misc":{"\u00c9crit par":"Jean-Philippe Dubosc","Dur\u00e9e de lecture estim\u00e9e":"9 minutes"},"schema":{"@context":"https:\/\/schema.org","@graph":[{"@type":"Article","@id":"https:\/\/www.toutsurmesfinances.com\/retraite\/suppression-du-rsi-quelles-consequences-pour-les-independants.html#article","isPartOf":{"@id":"https:\/\/www.toutsurmesfinances.com\/retraite\/suppression-du-rsi-quelles-consequences-pour-les-independants.html"},"author":{"name":"Jean-Philippe Dubosc","@id":"https:\/\/www.toutsurmesfinances.com\/retraite\/#\/schema\/person\/addc9e9b3978fa7947ead71bab57694c"},"headline":"Suppression du RSI : quelles cons\u00e9quences pour les ind\u00e9pendants ?","dateModified":"2021-12-15T10:42:22+00:00","mainEntityOfPage":{"@id":"https:\/\/www.toutsurmesfinances.com\/retraite\/suppression-du-rsi-quelles-consequences-pour-les-independants.html"},"wordCount":1901,"publisher":{"@id":"https:\/\/www.toutsurmesfinances.com\/retraite\/#organization"},"image":{"@id":"https:\/\/www.toutsurmesfinances.com\/retraite\/suppression-du-rsi-quelles-consequences-pour-les-independants.html#primaryimage"},"thumbnailUrl":"https:\/\/www.toutsurmesfinances.com\/retraite\/wp-content\/uploads\/sites\/4\/2019\/04\/artisan-etabli.jpg","articleSection":["Droits \u00e0 la retraite"],"inLanguage":"fr-FR"},{"@type":"WebPage","@id":"https:\/\/www.toutsurmesfinances.com\/retraite\/suppression-du-rsi-quelles-consequences-pour-les-independants.html","url":"https:\/\/www.toutsurmesfinances.com\/retraite\/suppression-du-rsi-quelles-consequences-pour-les-independants.html","name":"Suppression du RSI 2022 : quelles cons\u00e9quences pour les ind\u00e9pendants ?","isPartOf":{"@id":"https:\/\/www.toutsurmesfinances.com\/retraite\/#website"},"primaryImageOfPage":{"@id":"https:\/\/www.toutsurmesfinances.com\/retraite\/suppression-du-rsi-quelles-consequences-pour-les-independants.html#primaryimage"},"image":{"@id":"https:\/\/www.toutsurmesfinances.com\/retraite\/suppression-du-rsi-quelles-consequences-pour-les-independants.html#primaryimage"},"thumbnailUrl":"https:\/\/www.toutsurmesfinances.com\/retraite\/wp-content\/uploads\/sites\/4\/2019\/04\/artisan-etabli.jpg","dateModified":"2021-12-15T10:42:22+00:00","description":"Le R\u00e9gime social des ind\u00e9pendants, qui g\u00e8rait la protection sociale des artisans, des commer\u00e7ants, des entrepreneurs et, en partie, des professions lib\u00e9rales, a \u00e9t\u00e9 supprim\u00e9 le 1er janvier 2018.","breadcrumb":{"@id":"https:\/\/www.toutsurmesfinances.com\/retraite\/suppression-du-rsi-quelles-consequences-pour-les-independants.html#breadcrumb"},"inLanguage":"fr-FR","potentialAction":[{"@type":"ReadAction","target":["https:\/\/www.toutsurmesfinances.com\/retraite\/suppression-du-rsi-quelles-consequences-pour-les-independants.html"]}]},{"@type":"ImageObject","inLanguage":"fr-FR","@id":"https:\/\/www.toutsurmesfinances.com\/retraite\/suppression-du-rsi-quelles-consequences-pour-les-independants.html#primaryimage","url":"https:\/\/www.toutsurmesfinances.com\/retraite\/wp-content\/uploads\/sites\/4\/2019\/04\/artisan-etabli.jpg","contentUrl":"https:\/\/www.toutsurmesfinances.com\/retraite\/wp-content\/uploads\/sites\/4\/2019\/04\/artisan-etabli.jpg","width":823,"height":463},{"@type":"BreadcrumbList","@id":"https:\/\/www.toutsurmesfinances.com\/retraite\/suppression-du-rsi-quelles-consequences-pour-les-independants.html#breadcrumb","itemListElement":[{"@type":"ListItem","position":1,"name":"Accueil","item":"https:\/\/www.toutsurmesfinances.com\/retraite\/"},{"@type":"ListItem","position":2,"name":"Droits","item":"https:\/\/www.toutsurmesfinances.com\/retraite\/c\/droits"},{"@type":"ListItem","position":3,"name":"Droits \u00e0 la retraite","item":"https:\/\/www.toutsurmesfinances.com\/retraite\/c\/droits-a-la-retraite"},{"@type":"ListItem","position":4,"name":"Suppression du RSI : quelles cons\u00e9quences pour les ind\u00e9pendants ?"}]},{"@type":"WebSite","@id":"https:\/\/www.toutsurmesfinances.com\/retraite\/#website","url":"https:\/\/www.toutsurmesfinances.com\/retraite\/","name":"Retraite","description":"","publisher":{"@id":"https:\/\/www.toutsurmesfinances.com\/retraite\/#organization"},"potentialAction":[{"@type":"SearchAction","target":{"@type":"EntryPoint","urlTemplate":"https:\/\/www.toutsurmesfinances.com\/retraite\/?s={search_term_string}"},"query-input":{"@type":"PropertyValueSpecification","valueRequired":true,"valueName":"search_term_string"}}],"inLanguage":"fr-FR"},{"@type":"Organization","@id":"https:\/\/www.toutsurmesfinances.com\/retraite\/#organization","name":"Tout Sur Mes Finances","url":"https:\/\/www.toutsurmesfinances.com\/retraite\/","logo":{"@type":"ImageObject","inLanguage":"fr-FR","@id":"https:\/\/www.toutsurmesfinances.com\/retraite\/#\/schema\/logo\/image\/","url":"https:\/\/www.toutsurmesfinances.com\/retraite\/wp-content\/uploads\/sites\/4\/2021\/01\/favicon.png","contentUrl":"https:\/\/www.toutsurmesfinances.com\/retraite\/wp-content\/uploads\/sites\/4\/2021\/01\/favicon.png","width":512,"height":512,"caption":"Tout Sur Mes Finances"},"image":{"@id":"https:\/\/www.toutsurmesfinances.com\/retraite\/#\/schema\/logo\/image\/"},"sameAs":["https:\/\/x.com\/Toutsur"]},{"@type":"Person","@id":"https:\/\/www.toutsurmesfinances.com\/retraite\/#\/schema\/person\/addc9e9b3978fa7947ead71bab57694c","name":"Jean-Philippe Dubosc","image":{"@type":"ImageObject","inLanguage":"fr-FR","@id":"https:\/\/www.toutsurmesfinances.com\/retraite\/#\/schema\/person\/image\/","url":"https:\/\/secure.gravatar.com\/avatar\/a3cba30cdda1afe79f6ebffc6e952291?s=96&d=mm&r=g","contentUrl":"https:\/\/secure.gravatar.com\/avatar\/a3cba30cdda1afe79f6ebffc6e952291?s=96&d=mm&r=g","caption":"Jean-Philippe Dubosc"},"description":"Jean-Philippe Dubosc est r\u00e9dacteur en chef de ToutSurMesFinances.com et sp\u00e9cialiste des questions de retraite obligatoire et d\u2019\u00e9pargne. Pr\u00e9sent au sein du m\u00e9dia depuis plus de 13 ans, il analyse les r\u00e9formes, les dispositifs r\u00e9glementaires et les strat\u00e9gies de d\u00e9part \u00e0 la retraite, avec une approche fond\u00e9e sur une lecture rigoureuse des textes et une connaissance approfondie des diff\u00e9rents r\u00e9gimes de retraite.","sameAs":["https:\/\/www.toutsurmesfinances.com\/author\/jpdubosc","https:\/\/fr.linkedin.com\/in\/jpdubosc"]}]}},"_links":{"self":[{"href":"https:\/\/www.toutsurmesfinances.com\/retraite\/wp-json\/wp\/v2\/posts\/21529","targetHints":{"allow":["GET"]}}],"collection":[{"href":"https:\/\/www.toutsurmesfinances.com\/retraite\/wp-json\/wp\/v2\/posts"}],"about":[{"href":"https:\/\/www.toutsurmesfinances.com\/retraite\/wp-json\/wp\/v2\/types\/post"}],"author":[{"embeddable":true,"href":"https:\/\/www.toutsurmesfinances.com\/retraite\/wp-json\/wp\/v2\/users\/13713"}],"replies":[{"embeddable":true,"href":"https:\/\/www.toutsurmesfinances.com\/retraite\/wp-json\/wp\/v2\/comments?post=21529"}],"version-history":[{"count":3,"href":"https:\/\/www.toutsurmesfinances.com\/retraite\/wp-json\/wp\/v2\/posts\/21529\/revisions"}],"predecessor-version":[{"id":30629,"href":"https:\/\/www.toutsurmesfinances.com\/retraite\/wp-json\/wp\/v2\/posts\/21529\/revisions\/30629"}],"wp:featuredmedia":[{"embeddable":true,"href":"https:\/\/www.toutsurmesfinances.com\/retraite\/wp-json\/wp\/v2\/media\/26555"}],"wp:attachment":[{"href":"https:\/\/www.toutsurmesfinances.com\/retraite\/wp-json\/wp\/v2\/media?parent=21529"}],"wp:term":[{"taxonomy":"category","embeddable":true,"href":"https:\/\/www.toutsurmesfinances.com\/retraite\/wp-json\/wp\/v2\/categories?post=21529"},{"taxonomy":"post_tag","embeddable":true,"href":"https:\/\/www.toutsurmesfinances.com\/retraite\/wp-json\/wp\/v2\/tags?post=21529"}],"curies":[{"name":"wp","href":"https:\/\/api.w.org\/{rel}","templated":true}]}}