{"id":21534,"date":"2017-09-20T15:52:08","date_gmt":"2017-09-20T13:52:08","guid":{"rendered":"https:\/\/www.toutsurmesfinances.com\/retraite\/plafond-epargne-retraite-et-impot-calcul-et-deduction-des-cotisations.html"},"modified":"2025-04-25T17:47:30","modified_gmt":"2025-04-25T15:47:30","slug":"plafond-epargne-retraite-et-impot-calcul-et-deduction-des-cotisations","status":"publish","type":"post","link":"https:\/\/www.toutsurmesfinances.com\/retraite\/plafond-epargne-retraite-et-impot-calcul-et-deduction-des-cotisations.html","title":{"rendered":"Plafond \u00e9pargne retraite et imp\u00f4t : calcul et d\u00e9duction des cotisations"},"content":{"rendered":"<h2><span class=\"ez-toc-section\" id=\"Principe_du_plafond_depargne_retraite\"><\/span><a name=\"principe\"><\/a>Principe du plafond d&rsquo;\u00e9pargne retraite<span class=\"ez-toc-section-end\"><\/span><\/h2>\n<p>Les produits d&rsquo;\u00e9pargne retraite b\u00e9n\u00e9ficient d&rsquo;un avantage fiscal \u00ab \u00e0 l&rsquo;entr\u00e9e \u00bb, c&rsquo;est-\u00e0-dire au titre de l&rsquo;ann\u00e9e durant laquelle les versements sont effectu\u00e9s. Une fa\u00e7on pour les pouvoirs publics d&rsquo;inciter les Fran\u00e7ais \u00e0 se constituer des revenus de compl\u00e9ment une fois qu&rsquo;ils ont quitt\u00e9 la vie professionnelle et alors que le taux de remplacement (la diff\u00e9rence entre la pension de vieillesse servie et le dernier salaire per\u00e7u) ne cesse de baisser sous l&rsquo;effet des diff\u00e9rentes r\u00e9formes des retraites.<\/p>\n<p>Les cotisations vers\u00e9es sur ces placements, proposant le versement de rentes viag\u00e8res (servies jusqu&rsquo;au d\u00e9c\u00e8s) ou d&rsquo;un capital \u00e0 compter du d\u00e9part \u00e0 la retraite, sont d\u00e9ductibles des revenus \u00e0 d\u00e9clarer \u00e0 l&rsquo;administration fiscale. Ces d\u00e9ductions viennent ainsi r\u00e9duire la base taxable des souscripteurs et permettent, <em>in fine<\/em>, de r\u00e9duire leur imp\u00f4t sur le revenu (<strong>IR<\/strong>) \u00e0 payer.<\/p>\n<p>Pour limiter l&rsquo;effet d&rsquo;aubaine, la d\u00e9ductibilit\u00e9 des cotisations d&rsquo;\u00e9pargne retraite ne peut toutefois exc\u00e9der un montant maximum qui \u00e9volue chaque ann\u00e9e : c&rsquo;est le plafond d&rsquo;\u00e9pargne retraite. Ce plafond diff\u00e8re si le souscripteur est actif ou inactif. Enfin, il peut \u00eatre \u00ab reportable \u00bb et \u00ab cumulable \u00bb sous certaines conditions.<\/p>\n<div class=\"td-paragraph-padding-1\">\n<p><strong>\u00c0 noter :<\/strong> commercialis\u00e9 depuis le 1er octobre 2019, le <a href=\"https:\/\/www.toutsurmesfinances.com\/retraite\/plan-epargne-retraite-per.html\" target=\"_blank\" rel=\"noopener noreferrer\">plan d&rsquo;\u00e9pargne retraite<\/a> (<strong>PER<\/strong>) a remplac\u00e9, depuis le 1er octobre 2020, la plupart des contrats individuels et collectifs d&rsquo;\u00e9pargne retraite. S&rsquo;il n&rsquo;est plus possible d&rsquo;ouvrir un plan d&rsquo;\u00e9pargne retraite populaire (PERP) ou contrat de retraite Madelin, il est toujours possible d&rsquo;alimenter ces contrats s&rsquo;ils ont \u00e9t\u00e9 souscrits avant le 1er octobre 2020 et profiter des d\u00e9ductions fiscales qu&rsquo;ils offrent.<\/p>\n<\/div>\n<h2><span class=\"ez-toc-section\" id=\"Plafond_depargne_retraite_calcul_du_plafond_de_deduction_maximum\"><\/span><a name=\"calcul\"><\/a>Plafond d&rsquo;\u00e9pargne retraite : calcul du plafond de d\u00e9duction maximum<span class=\"ez-toc-section-end\"><\/span><\/h2>\n<p>Il existe deux formules de calcul du plafond d&rsquo;\u00e9pargne retraite bas\u00e9es toutes les deux sur <a href=\"https:\/\/www.toutsurmesfinances.com\/argent\/a\/plafond-de-la-securite-sociale-pss-definition-montants-et-revalorisation\" target=\"_blank\" rel=\"noopener noreferrer\">le plafond annuel de la S\u00e9curit\u00e9 sociale<\/a> (<strong>PASS<\/strong>). Le PASS est fix\u00e9 tous les ans au 1er janvier. Le plafond d&rsquo;\u00e9pargne retraite correspond \u00e0 :<\/p>\n<ul>\n<li>10% du PASS de l&rsquo;ann\u00e9e N-1 (l&rsquo;ann\u00e9e pr\u00e9c\u00e9dant l&rsquo;ann\u00e9e du versement)<\/li>\n<li>10% des revenus professionnels de l&rsquo;ann\u00e9e pr\u00e9c\u00e9dente dans la limite de huit fois le PASS de l&rsquo;ann\u00e9e N-1<\/li>\n<\/ul>\n<p>C&rsquo;est la formule la plus favorable qui est retenue par l&rsquo;administration fiscale. En l&rsquo;absence de revenus professionnels (dans le cas des \u00e9tudiants, des demandeurs d&#8217;emploi, des parents au foyer et des retrait\u00e9s), les 10% du PASS de l&rsquo;ann\u00e9e N-1 sont choisis par d\u00e9faut.<\/p>\n<p>A savoir : \u00e0 cause du Covid, le PASS a \u00e9t\u00e9 gel\u00e9 en 2021 et en 2022. C&rsquo;est le montant du PASS fix\u00e9 en 2019 (41.136 euros) qui, en cons\u00e9quence, s&rsquo;est appliqu\u00e9 ces deux ann\u00e9es-l\u00e0.<\/p>\n<h3><span class=\"ez-toc-section\" id=\"Plafond_pour_les_cotisations_versees_en_2025\"><\/span>Plafond pour les cotisations vers\u00e9es en 2025<span class=\"ez-toc-section-end\"><\/span><\/h3>\n<p>Sachant que le PASS a \u00e9t\u00e9 fix\u00e9 \u00e0 46.368 euros en 2024, les cotisations vers\u00e9es en 2025 sur les produits d&rsquo;\u00e9pargne retraite peuvent \u00eatre d\u00e9duites des revenus per\u00e7us en 2025 et d\u00e9clar\u00e9s au printemps 2026 dans la limite, au choix, de :<\/p>\n<ul>\n<li><strong>4.636 euros<\/strong> (10% x 46.368)<\/li>\n<li><strong>37.094 euros<\/strong> maximum (10% x 8 x 46.368).<\/li>\n<\/ul>\n<h3><span class=\"ez-toc-section\" id=\"Plafond_pour_les_cotisations_versees_en_2024\"><\/span>Plafond pour les cotisations vers\u00e9es en 2024<span class=\"ez-toc-section-end\"><\/span><\/h3>\n<p>Sachant que le PASS a \u00e9t\u00e9 fix\u00e9 \u00e0 43.992 euros en 2023, les cotisations vers\u00e9es en 2024 sur les produits d&rsquo;\u00e9pargne retraite peuvent \u00eatre d\u00e9duites des revenus per\u00e7us en 2024 et d\u00e9clar\u00e9s au printemps 2025 dans la limite, au choix, de :<\/p>\n<ul>\n<li><strong>4.399 euros<\/strong> (10% x 43.992)<\/li>\n<li><strong>35.193 euros<\/strong> maximum (10% x 8 x 43.992).<\/li>\n<\/ul>\n<h3><span class=\"ez-toc-section\" id=\"Plafond_pour_les_cotisations_versees_en_2023\"><\/span>Plafond pour les cotisations vers\u00e9es en 2023<span class=\"ez-toc-section-end\"><\/span><\/h3>\n<p>Sachant que le PASS a \u00e9t\u00e9 fix\u00e9 \u00e0 41.136 euros en 2022, les cotisations vers\u00e9es en 2023 sur les produits d&rsquo;\u00e9pargne retraite peuvent \u00eatre d\u00e9duites des revenus per\u00e7us en 2023 et d\u00e9clar\u00e9s au printemps 2024 dans la limite, au choix, de :<\/p>\n<ul>\n<li><strong>4.113 euros<\/strong> (10% x 41.136)<\/li>\n<li><strong>32.908 euros<\/strong> maximum (10% x 8 x 41.136).<\/li>\n<\/ul>\n<h3><span class=\"ez-toc-section\" id=\"Plafond_pour_les_cotisations_versees_en_2022\"><\/span>Plafond pour les cotisations vers\u00e9es en 2022<span class=\"ez-toc-section-end\"><\/span><\/h3>\n<p>Sachant que le PASS a \u00e9t\u00e9 fix\u00e9 \u00e0 41.136 euros en 2021, les cotisations vers\u00e9es en 2022 sur les produits d&rsquo;\u00e9pargne retraite peuvent \u00eatre d\u00e9duites des revenus per\u00e7us en 2022 et d\u00e9clar\u00e9s au printemps 2023 dans la limite, au choix, de :<\/p>\n<ul>\n<li>4.113 euros (10% x 41.136)<\/li>\n<li>32.908 euros maximum (10% x 8 x 41.136).<\/li>\n<\/ul>\n<h3><span class=\"ez-toc-section\" id=\"Historique_du_calcul_du_plafond_depargne_retraite\"><\/span><a name=\"historique\"><\/a>Historique du calcul du plafond d&rsquo;\u00e9pargne retraite<span class=\"ez-toc-section-end\"><\/span><\/h3>\n<div id=\"tablepress-15-scroll-wrapper\" class=\"tablepress-scroll-wrapper\">\n\n<table id=\"tablepress-15\" class=\"tablepress tablepress-id-15 tablepress-responsive\">\n<thead>\n<tr class=\"row-1 odd\">\n\t<th class=\"column-1\"><strong>Ann\u00e9e de d\u00e9claration<strong \/><\/th><th class=\"column-2\"><strong>Ann\u00e9e de versement<strong \/><\/th><th class=\"column-3\"><strong>Ann\u00e9e du PASS pris en compte<strong \/><\/th><th class=\"column-4\"><strong>Montant du PASS<strong \/><\/th><th class=\"column-5\"><strong>Montant minimum de la d\u00e9duction fiscale<strong \/><\/th><th class=\"column-6\"><strong>Montant maximum de la d\u00e9duction fiscale<strong \/><\/th>\n<\/tr>\n<\/thead>\n<tbody class=\"row-hover\">\n<tr class=\"row-2 even\">\n\t<td class=\"column-1\">2025<\/td><td class=\"column-2\">2024<\/td><td class=\"column-3\">2023<\/td><td class=\"column-4\">43.992 euros<\/td><td class=\"column-5\">4.399 euros<\/td><td class=\"column-6\">35.193 euros<\/td>\n<\/tr>\n<tr class=\"row-3 odd\">\n\t<td class=\"column-1\">2024<\/td><td class=\"column-2\">2023<\/td><td class=\"column-3\">2021<\/td><td class=\"column-4\">41.136 euros<\/td><td class=\"column-5\">4.113 euros<\/td><td class=\"column-6\">32.904 euros<\/td>\n<\/tr>\n<tr class=\"row-4 even\">\n\t<td class=\"column-1\">2023<\/td><td class=\"column-2\">2022<\/td><td class=\"column-3\">2021<\/td><td class=\"column-4\">41.136 euros<\/td><td class=\"column-5\">4.113 euros<\/td><td class=\"column-6\">32.904 euros<\/td>\n<\/tr>\n<tr class=\"row-5 odd\">\n\t<td class=\"column-1\">2022<\/td><td class=\"column-2\">2021<\/td><td class=\"column-3\">2020<\/td><td class=\"column-4\">41.136 euros<\/td><td class=\"column-5\">4.113 euros<\/td><td class=\"column-6\">32.904 euros<\/td>\n<\/tr>\n<tr class=\"row-6 even\">\n\t<td class=\"column-1\">2021<\/td><td class=\"column-2\">2020<\/td><td class=\"column-3\">2019<\/td><td class=\"column-4\">40.524 euros<\/td><td class=\"column-5\">4.052 euros<\/td><td class=\"column-6\">32.419 euros<\/td>\n<\/tr>\n<tr class=\"row-7 odd\">\n\t<td class=\"column-1\">2020<\/td><td class=\"column-2\">2019<\/td><td class=\"column-3\">2018<\/td><td class=\"column-4\">39.732 euros<\/td><td class=\"column-5\">3.973 euros<\/td><td class=\"column-6\">31.785 euros<\/td>\n<\/tr>\n<tr class=\"row-8 even\">\n\t<td class=\"column-1\">2019<\/td><td class=\"column-2\">2018<\/td><td class=\"column-3\">2017<\/td><td class=\"column-4\">39.228 euros<\/td><td class=\"column-5\">3.922 euros<\/td><td class=\"column-6\">31.382 euros<\/td>\n<\/tr>\n<tr class=\"row-9 odd\">\n\t<td class=\"column-1\">2018<\/td><td class=\"column-2\">2017<\/td><td class=\"column-3\">2016<\/td><td class=\"column-4\">38.616 euros<\/td><td class=\"column-5\">3.861 euros<\/td><td class=\"column-6\">30.893 euros<\/td>\n<\/tr>\n<tr class=\"row-10 even\">\n\t<td class=\"column-1\">2017<\/td><td class=\"column-2\">2016<\/td><td class=\"column-3\">2015<\/td><td class=\"column-4\">38.040 euros<\/td><td class=\"column-5\">3.804 euros<\/td><td class=\"column-6\">30.432 euros<\/td>\n<\/tr>\n<tr class=\"row-11 odd\">\n\t<td class=\"column-1\">2016<\/td><td class=\"column-2\">2015<\/td><td class=\"column-3\">2014<\/td><td class=\"column-4\">37.548 euros<\/td><td class=\"column-5\">3.755 euros<\/td><td class=\"column-6\">30.038 euros<\/td>\n<\/tr>\n<tr class=\"row-12 even\">\n\t<td class=\"column-1\">2015<\/td><td class=\"column-2\">2014<\/td><td class=\"column-3\">2013<\/td><td class=\"column-4\">37.032 euros<\/td><td class=\"column-5\">3.703 euros<\/td><td class=\"column-6\">29.626 euros<\/td>\n<\/tr>\n<tr class=\"row-13 odd\">\n\t<td class=\"column-1\">2014<\/td><td class=\"column-2\">2013<\/td><td class=\"column-3\">2012<\/td><td class=\"column-4\">36.372 euros<\/td><td class=\"column-5\">3.637 euros<\/td><td class=\"column-6\">29.098 euros<\/td>\n<\/tr>\n<\/tbody>\n<\/table>\n\n<\/div><!-- #tablepress-15 from cache -->\n<h2><span class=\"ez-toc-section\" id=\"Les_cotisations_depargne_retraite_deductibles\"><\/span><a name=\"cotisations\"><\/a>Les cotisations d&rsquo;\u00e9pargne retraite d\u00e9ductibles<span class=\"ez-toc-section-end\"><\/span><\/h2>\n<p>Peuvent \u00eatre d\u00e9duites, dans la limite du plafond d&rsquo;\u00e9pargne retraite, des revenus \u00e0 d\u00e9clarer \u00e0 l&rsquo;administration fiscale :<\/p>\n<ul>\n<li>les versements volontaires de l&rsquo;ann\u00e9e \u00e9coul\u00e9e sur un <a href=\"https:\/\/www.toutsurmesfinances.com\/retraite\/plan-epargne-retraite-per.html\">plan d&rsquo;\u00e9pargne retraite (PER)<\/a>, sauf option contraire<\/li>\n<li>les cotisations vers\u00e9es dans l&rsquo;ann\u00e9e dans <a href=\"https:\/\/www.toutsurmesfinances.com\/retraite\/le-perp-le-plan-d-epargne-retraite-populaire.html\" target=\"_blank\" rel=\"noopener noreferrer\">un plan d&rsquo;\u00e9pargne retraite populaire <\/a>(<strong>PERP)<\/strong><\/li>\n<li>les cotisations vers\u00e9es dans l&rsquo;ann\u00e9e dans un contrat <strong>Pr\u00e9fon-Retraite<\/strong> (devenu un PER au 1er d\u00e9cembre 2019, NDLR), r\u00e9serv\u00e9 aux fonctionnaires, aux ex-agents publics, \u00e0 leurs conjoints mari\u00e9s ou partenaires de PACS et distribu\u00e9 par l&rsquo;association Pr\u00e9fon<\/li>\n<li>les cotisations vers\u00e9es dans l&rsquo;ann\u00e9e dans le compl\u00e9ment de retraite mutualiste (<strong>COREM<\/strong>) distribu\u00e9 par l&rsquo;Union mutualiste retraite (UMR)<\/li>\n<li>les cotisations vers\u00e9es dans l&rsquo;ann\u00e9e dans le compl\u00e9mentaire retraite des hospitaliers (<strong>CRH<\/strong>), r\u00e9serv\u00e9 aux agents de la fonction publique hospitali\u00e8re, aux praticiens hospitaliers, ainsi qu&rsquo;\u00e0 leurs conjoints mari\u00e9s, pacs\u00e9s ou concubins et distribu\u00e9 par le Comit\u00e9 de gestion des \u0153uvres sociales des \u00e9tablissements hospitaliers publics (<strong>CGOS<\/strong>)<\/li>\n<li>les versements individuels facultatifs (VIF) effectu\u00e9s dans l&rsquo;ann\u00e9e sur un plan d&rsquo;\u00e9pargne retraite d&rsquo;entreprise (<strong>PERE<\/strong>), plus commun\u00e9ment appel\u00e9 \u00ab article 83 \u00bb (en r\u00e9f\u00e9rence \u00e0 l&rsquo;article du Code g\u00e9n\u00e9ral des imp\u00f4t qui le r\u00e9glemente).<\/li>\n<\/ul>\n<h2><span class=\"ez-toc-section\" id=\"Les_sommes_a_soustraire_du_plafond_depargne_retraite\"><\/span>Les sommes \u00e0 soustraire du plafond d&rsquo;\u00e9pargne retraite<span class=\"ez-toc-section-end\"><\/span><\/h2>\n<p>Le plafond d&rsquo;\u00e9pargne retraite, qui est appliqu\u00e9 aux cotisations volontaires d&rsquo;\u00e9pargne retraite, est r\u00e9duit des \u00e9ventuelles cotisations et\/ou primes d&rsquo;\u00e9pargne retraite vers\u00e9es dans le cadre professionnel. Il s&rsquo;agit :<\/p>\n<ul>\n<li>des cotisations obligatoires (patronales et salariales) vers\u00e9es dans l&rsquo;ann\u00e9e sur un PERE<\/li>\n<li>des cotisations vers\u00e9es dans l&rsquo;ann\u00e9e sur un <strong>contrat de retraite Madelin<\/strong> <a href=\"https:\/\/www.toutsurmesfinances.com\/retraite\/loi-madelin-avantages-et-inconvenients-du-contrat-retraite-des-tns.html\" target=\"_blank\" rel=\"noopener noreferrer\">r\u00e9serv\u00e9 aux travailleurs non-salari\u00e9s (artisans, commer\u00e7ants, chefs d&rsquo;entreprise, professions lib\u00e9rales)<\/a>. Ces derni\u00e8res sont d\u00e9ductibles selon un plafond qui leur est propre et qui correspond \u00e0 10% du PASS de l&rsquo;ann\u00e9e N (l&rsquo;ann\u00e9e en cours) ou \u00e0 10% des revenus professionnels imposables de l&rsquo;ann\u00e9e dans la limite de huit PASS de l&rsquo;ann\u00e9e N, major\u00e9s de 15% de la fraction des revenus professionnels imposables comprise entre un et huit PASS de l&rsquo;ann\u00e9e N. Seules les cotisations vers\u00e9es dans la limite du plafond Madelin sont imputables au plafond d&rsquo;\u00e9pargne retraite (pas celles de la majoration de 15%)<\/li>\n<li>de l&rsquo;abondement de l&#8217;employeur vers\u00e9 dans l&rsquo;ann\u00e9e au plan d&rsquo;\u00e9pargne pour la retraite collectif (<strong>PERCO<\/strong>) qui ne peut exc\u00e9der 16% du PASS (7.038,72 euros en 2023)<\/li>\n<li>des jours de cong\u00e9s pay\u00e9s (<strong>CP<\/strong>) et\/ou <a href=\"https:\/\/www.toutsurmesfinances.com\/argent\/a\/reduction-du-temps-de-travail-le-nombre-de-rtt\" target=\"_blank\" rel=\"noopener noreferrer\">de r\u00e9duction du temps de travail <\/a>(<strong>RTT<\/strong>) non pris, mon\u00e9tis\u00e9s par l&#8217;employeur et vers\u00e9s dans l&rsquo;ann\u00e9e dans un PERE ou dans un PERCO, dans la limite de 10 jours.<\/li>\n<\/ul>\n<p>Le montant de ces cotisations ou primes est indiqu\u00e9 en lignes 6QS, 6QT ou 6QU de la rubrique 6 de la d\u00e9claration des revenus n\u00b0 2042<\/p>\n<h2><span class=\"ez-toc-section\" id=\"Les_revenus_professionnels_pris_en_compte_dans_le_plafond_depargne_retraite\"><\/span><a name=\"revenus\"><\/a>Les revenus professionnels pris en compte dans le plafond d&rsquo;\u00e9pargne retraite<span class=\"ez-toc-section-end\"><\/span><\/h2>\n<ul>\n<li>Le salaire annuel des salari\u00e9s du secteur priv\u00e9<\/li>\n<li>Le traitement annuel des agents de la fonction publique<\/li>\n<li>Les allocations de ch\u00f4mage des demandeurs d&#8217;emploi<\/li>\n<li>Les indemnit\u00e9s de fonction des \u00e9lus locaux (maires, conseillers d\u00e9partementaux, conseillers r\u00e9gionaux&#8230;)<\/li>\n<li>Les b\u00e9n\u00e9fices industriels et commerciaux (<strong>BIC<\/strong>) professionnels des travailleurs non-salari\u00e9s (<strong>TNS<\/strong>), soit les artisans, les commer\u00e7ants, les chefs d&rsquo;entreprise et les professions lib\u00e9rales (m\u00e9decins, avocats, notaires, pharmaciens, architectes, experts-comptables&#8230;)<\/li>\n<li>Les b\u00e9n\u00e9fices non commerciaux (<strong>BNC<\/strong>) professionnels des TNS<\/li>\n<li>Les revenus BIC ou BNC <a href=\"https:\/\/www.toutsurmesfinances.com\/argent\/a\/plafond-auto-entrepreneur-seuil-de-ca-tva-et-augmentation\" target=\"_blank\" rel=\"noopener noreferrer\">des micro-entrepreneurs<\/a> (la nouvelle appellation des auto-entrepreneurs) soumis au versement lib\u00e9ratoire<\/li>\n<li>Les b\u00e9n\u00e9fices agricoles (<strong>BA<\/strong>) des travailleurs non-salari\u00e9s agricoles (chefs d&rsquo;exploitation, collaborateurs agricoles, aides familiaux)<\/li>\n<li>Les b\u00e9n\u00e9fices exon\u00e9r\u00e9s des entreprises nouvelles, des jeunes entreprises innovantes (<strong>JEI<\/strong>), des entreprises implant\u00e9es en zones franches urbaines (<strong>ZFU<\/strong>), en Corse ou dans une zone de recherche et de d\u00e9veloppement.<\/li>\n<\/ul>\n<p>A savoir : les revenus professionnels pris en compte sont ceux issus de l&rsquo;activit\u00e9 professionnelle imposables, c&rsquo;est-\u00e0-dire une fois qu&rsquo;a \u00e9t\u00e9 appliqu\u00e9 <a href=\"https:\/\/www.toutsurmesfinances.com\/impots\/impots-2014-seuils-et-plafonds-de-l-abattement-de-10-pour-frais-professionnels.html\" target=\"_blank\" rel=\"noopener noreferrer\">l&rsquo;abattement forfaitaire de 10%<\/a> au titre des frais professionnels ou de l&rsquo;abattement des frais r\u00e9els d\u00e9ductibles.<\/p>\n<div id=\"export\" style=\"padding:10px;color:#333333; background:#f5f5f5; display:block; margin:0 0 1.5rem; width:100%; height:auto;\">\n<span class=\"alt-h2\">L&rsquo;avis de l&rsquo;expert : optimisez votre imp\u00f4t sur le revenu gr\u00e2ce au PER<\/span><br \/>\nLe Plan d\u2019\u00c9pargne Retraite permet de <strong>b\u00e9n\u00e9ficier d&rsquo;un avantage fiscal sp\u00e9cifique<\/strong>\u00a0: les versements r\u00e9alis\u00e9s sur un PER sont d\u00e9ductibles de vos revenus imposables, dans la limite d&rsquo;un plafond annuel (10% de vos revenus ou du Plafond Annuel de la S\u00e9curit\u00e9 Sociale, selon la formule la plus favorable).<\/p>\n<p>Pour maximiser cet avantage fiscal, il est <strong>essentiel de calibrer ses versements de mani\u00e8re personnalis\u00e9e<\/strong>. Un conseil sur mesure peut aider \u00e0 d\u00e9terminer les montants \u00e0 verser, en fonction de votre situation fiscale et de votre capacit\u00e9 d\u2019\u00e9pargne retraite.<\/p>\n<p class=\"p1\"><strong>Nos conseillers sont disponibles gratuitement et sans engagement pour r\u00e9pondre \u00e0 vos questions\u00a0: <\/strong><\/p>\n<p class=\"p1\"><div class=\"w-btn-wrapper align_center\"><a class=\"w-btn us-btn-style_1\" target=\"_blank\" rel=\"nofollow\" href=\"https:\/\/monpartenairepatrimoine.zohobookings.eu\/#\/110664000002683014?pageparente=\/retraite\/plafond-epargne-retraite-et-impot-calcul-et-deduction-des-cotisations\"><span class=\"w-btn-label\">Je profite d&rsquo;un rendez-vous gratuit<\/span><\/a><\/div>\n<\/div>\n<h2><span class=\"ez-toc-section\" id=\"Declaration_du_plafond_depargne_retraite\"><\/span><a name=\"decla\"><\/a>D\u00e9claration du plafond d&rsquo;\u00e9pargne retraite<span class=\"ez-toc-section-end\"><\/span><\/h2>\n<p>Le plafond d&rsquo;\u00e9pargne retraite est normalement pr\u00e9rempli par le fisc dans la d\u00e9claration de revenu n\u00b02042. Son montant est th\u00e9oriquement mentionn\u00e9 dans l&rsquo;avis d&rsquo;imp\u00f4t de l&rsquo;ann\u00e9e pr\u00e9c\u00e9dente qui indique le plafond d&rsquo;\u00e9pargne retraite que le contribuable peut utiliser dans l&rsquo;ann\u00e9e en cours. Si le montant pr\u00e9rempli dans la d\u00e9claration s&rsquo;av\u00e8re inexact, il peut \u00eatre modifi\u00e9 dans les cases 6PS, 6PT ou 6PQ.<\/p>\n<p>Attention : le plafond d&rsquo;\u00e9pargne retraite mentionn\u00e9 correspond au plafond de d\u00e9duction applicable aux cotisations vers\u00e9es dans l&rsquo;ann\u00e9e N (10% du PASS de l&rsquo;ann\u00e9e N-1 ou 10% des revenus de l&rsquo;ann\u00e9e N-1 dans la limite de huit PASS de l&rsquo;ann\u00e9e N-1) auquel ont \u00e9t\u00e9 \u00e9ventuellement retranch\u00e9es les primes et cotisations d&rsquo;\u00e9pargne retraite professionnelle (PERE, contrat Madelin&#8230;) et auquel ont \u00e9t\u00e9 \u00e9ventuellement ajout\u00e9s les reliquats des plafonds de d\u00e9duction des ann\u00e9es ant\u00e9rieures non utilis\u00e9es (voir plus loin).<\/p>\n<h2><span class=\"ez-toc-section\" id=\"Plafond_depargne_retraite_non_utilise_comment_deduire_les_cotisations_versees\"><\/span><a name=\"report\"><\/a>Plafond d&rsquo;\u00e9pargne retraite non utilis\u00e9 : comment d\u00e9duire les cotisations vers\u00e9es<span class=\"ez-toc-section-end\"><\/span><\/h2>\n<p>Il arrive souvent que les versements effectu\u00e9s sur un dispositif d&rsquo;\u00e9pargne retraite soient inf\u00e9rieurs au plafond d&rsquo;\u00e9pargne retraite. Dans ce cas, la part du plafond non utilis\u00e9e est reportable sur les trois ann\u00e9es suivantes. Les fractions restantes s&rsquo;ajoutent ainsi au plafond de l&rsquo;\u00e9pargne retraite de l&rsquo;ann\u00e9e N (calcul\u00e9 sur le PASS de l&rsquo;ann\u00e9e N-1 ou sur les revenus professionnels de l&rsquo;ann\u00e9e N-1).<\/p>\n<p>Si le plafond de l&rsquo;\u00e9pargne retraite de l&rsquo;ann\u00e9e N (calcul\u00e9s sur le PASS ou les revenus de l&rsquo;ann\u00e9e N-1) n&rsquo;est pas enti\u00e8rement utilis\u00e9, est ajout\u00e9 en priorit\u00e9 le solde non consomm\u00e9 de l&rsquo;ann\u00e9e N-1 (calcul\u00e9 sur le PASS ou les revenus de l&rsquo;ann\u00e9e N-2), puis \u00e9ventuellement les reliquats non utilis\u00e9s de l&rsquo;ann\u00e9e N-2 (calcul\u00e9s sur l&rsquo;ann\u00e9e N-3) et de l&rsquo;ann\u00e9e N-3 (calcul\u00e9s sur l&rsquo;ann\u00e9e N-4).<\/p>\n<blockquote class=\"td_quote_box td_box_center\">\n<p style=\"text-align: left\"><strong>Exemple :<\/strong> Le d\u00e9tenteur d&rsquo;un PERP est \u00e9ligible au plafond d&rsquo;\u00e9pargne retraite maximum au titre de 2024 (35.193 euros). Or, il lui reste un reliquat de plafond d&rsquo;\u00e9pargne retraite de 5.000 euros au titre de 2023, de 5.000 euros au titre de 2022 et de 5.000 euros au titre de 2021. Il pourra d\u00e9duire de ses revenus per\u00e7us en 2024 et d\u00e9clar\u00e9s en 2025 jusqu&rsquo;\u00e0 50.193 (35.193 + 5.000 + 5.000 + 5.000).<\/p>\n<\/blockquote>\n<h2><span class=\"ez-toc-section\" id=\"Plafond_depargne_retraite_pour_un_couple\"><\/span><a name=\"couple\"><\/a>Plafond d&rsquo;\u00e9pargne retraite pour un couple<span class=\"ez-toc-section-end\"><\/span><\/h2>\n<p>Les couples mari\u00e9s ou pacs\u00e9s, d\u00e9clarant en commun leurs revenus, peuvent cumuler leur plafond d&rsquo;\u00e9pargne retraite respectif. Le conjoint mari\u00e9 ou le partenaire de PACS peut ainsi b\u00e9n\u00e9ficier de la fraction du plafond de d\u00e9duction que l&rsquo;autre membre du couple n&rsquo;a pas utilis\u00e9e.<\/p>\n<p>Pour mutualiser leurs plafonds d&rsquo;\u00e9pargne retraite, les \u00e9poux ou partenaires doivent cocher la case 6QR de la rubrique 6 de la d\u00e9claration n\u00b0 2042 des revenus. Cette option de mutualisation ne vaut que pour un an. La case 6QR doit \u00eatre syst\u00e9matiquement coch\u00e9e pour en b\u00e9n\u00e9ficier.<\/p>\n<h2><span class=\"ez-toc-section\" id=\"Plafond_depargne_retraite_en_cas_de_premiere_declaration_de_revenu\"><\/span><a name=\"primo\"><\/a>Plafond d&rsquo;\u00e9pargne retraite en cas de premi\u00e8re d\u00e9claration de revenu<span class=\"ez-toc-section-end\"><\/span><\/h2>\n<p>Les primo-d\u00e9clarants, n&rsquo;ayant pas encore re\u00e7u d&rsquo;avis d&rsquo;imp\u00f4t sur lequel figure leur plafond de d\u00e9duction d&rsquo;\u00e9pargne retraite, doivent le calculer sur la base de leurs revenus d&rsquo;activit\u00e9 ou, \u00e0 d\u00e9faut, des planchers de d\u00e9duction (10% du PASS de l&rsquo;ann\u00e9e N-1) des trois derni\u00e8res ann\u00e9es en d\u00e9duisant les \u00e9ventuelles cotisations aux PERE, au contrat de retraite Madelin ou l&rsquo;abondement de l&rsquo;entreprise au PERCO. Ils doivent ensuite l&rsquo;indiquer sur leur premi\u00e8re d\u00e9claration de revenu.<\/p>\n<h2><span class=\"ez-toc-section\" id=\"Plafond_depargne_retraite_pour_les_retraites\"><\/span><a name=\"retraites\"><\/a>Plafond d&rsquo;\u00e9pargne retraite pour les retrait\u00e9s<span class=\"ez-toc-section-end\"><\/span><\/h2>\n<p>La plupart des produits d&rsquo;\u00e9pargne retraite individuelle peuvent \u00eatre aliment\u00e9s jusqu&rsquo;\u00e0 65 ans, voire 70 ans. Certains souscripteurs, qui sont partis \u00e0 la retraite, peuvent ainsi pr\u00e9f\u00e9rer continuer \u00e0 cotiser pour se constituer une rente viag\u00e8re ou un capital plus \u00e9lev\u00e9(e) plut\u00f4t que d\u00e9nouer leur contrat et percevoir les rentes ou la somme cumul\u00e9e des versements major\u00e9e des int\u00e9r\u00eats et \u00e9ventuelles plus-values.<\/p>\n<p>Toutefois, ne disposant plus de revenus professionnels, leur PER correspondra obligatoirement \u00e0 10% du PASS de l&rsquo;ann\u00e9e N-1, soit 4.636 euros pour les versements effectu\u00e9s au titre de 2025.<\/p>\n<p>Pour la m\u00eame raison, les parents au foyer, les demandeurs d&#8217;emploi non indemnis\u00e9s et les \u00e9tudiants ne travaillant pas durant leurs \u00e9tudes doivent \u00e9galement se contenter de la valeur minimum du plafond de d\u00e9duction.<\/p>\n<h2><span class=\"ez-toc-section\" id=\"Plafond_depargne_retraite_pour_les_personnes_nouvellement_domiciliees_en_France\"><\/span><a name=\"domicilie\"><\/a>Plafond d&rsquo;\u00e9pargne retraite pour les personnes nouvellement domicili\u00e9es en France<span class=\"ez-toc-section-end\"><\/span><\/h2>\n<p>Les souscripteurs qui n&rsquo;ont pas \u00e9t\u00e9 domicili\u00e9s fiscalement en France durant les trois derni\u00e8res ann\u00e9es pr\u00e9c\u00e9dant leur domiciliation peuvent b\u00e9n\u00e9ficier du plafond de d\u00e9duction de cotisations d&rsquo;\u00e9pargne retraite. Seule diff\u00e9rence : la formule de calcul est diff\u00e9rente pour eux la premi\u00e8re ann\u00e9e de d\u00e9claration des revenus.<\/p>\n<p>Elle correspond \u00e0 10% du PASS de l&rsquo;ann\u00e9e N (et non de l&rsquo;ann\u00e9e N-1) ou de 10% des revenus de l&rsquo;ann\u00e9e N (et non de l&rsquo;ann\u00e9e N-1) dans la limite de huit PASS de l&rsquo;ann\u00e9e N (et non de l&rsquo;ann\u00e9e N-1). Le plafond est r\u00e9duit des \u00e9ventuelles cotisations PERE, Madelin et abondement PERCO. A compter de la deuxi\u00e8me d\u00e9claration, le r\u00e9gime commun de d\u00e9duction s&rsquo;applique.<\/p>\n<p><strong>A lire \u00e9galement :<\/strong><\/p>\n<p class=\"entry-title\"><a href=\"https:\/\/www.toutsurmesfinances.com\/impots\/declaration-de-revenus-et-per.html\" target=\"_blank\" rel=\"noopener noreferrer\">D\u00e9claration de revenus et PER : quelles cases \u00e0 remplir ou \u00e0 v\u00e9rifier ?<\/a><\/p>\n","protected":false},"excerpt":{"rendered":"<p>Les cotisations vers\u00e9es sur les produits d&rsquo;\u00e9pargne retraite, comme l&rsquo;ancien PERP, Pr\u00e9fon-Retraite ou le nouveau PER, peuvent \u00eatre d\u00e9duites des revenus \u00e0 d\u00e9clarer au fisc. Cet important avantage fiscal est soumis \u00e0 un plafond, dont le calcul est un peu complexe. Explications.<\/p>\n","protected":false},"author":13713,"featured_media":32230,"comment_status":"closed","ping_status":"closed","sticky":false,"template":"","format":"standard","meta":{"footnotes":""},"categories":[20],"tags":[],"class_list":["post-21534","post","type-post","status-publish","format-standard","has-post-thumbnail","hentry","category-epargne-retraite"],"acf":[],"yoast_head":"<!-- This site is optimized with the Yoast SEO plugin v24.9 - https:\/\/yoast.com\/wordpress\/plugins\/seo\/ -->\n<title>Plafond \u00e9pargne retraite et imp\u00f4t : calcul et d\u00e9duction des cotisations 2025<\/title>\n<meta name=\"description\" content=\"Les cotisations vers\u00e9es sur les produits d&#039;\u00e9pargne retraite, comme le PERP, Pr\u00e9fon-Retraite ou le nouveau PER, peuvent \u00eatre d\u00e9duites des revenus \u00e0 d\u00e9clarer au fisc. Cet important avantage fiscal est soumis \u00e0 un plafond. Explications.\" \/>\n<meta name=\"robots\" content=\"index, follow, max-snippet:-1, max-image-preview:large, max-video-preview:-1\" \/>\n<link rel=\"canonical\" href=\"https:\/\/www.toutsurmesfinances.com\/retraite\/plafond-epargne-retraite-et-impot-calcul-et-deduction-des-cotisations.html\" \/>\n<meta property=\"og:locale\" content=\"fr_FR\" \/>\n<meta property=\"og:type\" content=\"article\" \/>\n<meta property=\"og:title\" content=\"Plafond \u00e9pargne retraite et imp\u00f4t : calcul et d\u00e9duction des cotisations 2025\" \/>\n<meta property=\"og:description\" content=\"Les cotisations vers\u00e9es sur les produits d&#039;\u00e9pargne retraite, comme le PERP, Pr\u00e9fon-Retraite ou le nouveau PER, peuvent \u00eatre d\u00e9duites des revenus \u00e0 d\u00e9clarer au fisc. Cet important avantage fiscal est soumis \u00e0 un plafond. Explications.\" \/>\n<meta property=\"og:url\" content=\"https:\/\/www.toutsurmesfinances.com\/retraite\/plafond-epargne-retraite-et-impot-calcul-et-deduction-des-cotisations.html\" \/>\n<meta property=\"og:site_name\" content=\"Retraite\" \/>\n<meta property=\"article:published_time\" content=\"2017-09-20T13:52:08+00:00\" \/>\n<meta property=\"article:modified_time\" content=\"2025-04-25T15:47:30+00:00\" \/>\n<meta property=\"og:image\" content=\"https:\/\/www.toutsurmesfinances.com\/retraite\/wp-content\/uploads\/sites\/4\/2025\/04\/image-retraite-preparation.jpg\" \/>\n\t<meta property=\"og:image:width\" content=\"600\" \/>\n\t<meta property=\"og:image:height\" content=\"400\" \/>\n\t<meta property=\"og:image:type\" content=\"image\/jpeg\" \/>\n<meta name=\"author\" content=\"Jean-Philippe Dubosc\" \/>\n<meta name=\"twitter:card\" content=\"summary_large_image\" \/>\n<meta name=\"twitter:creator\" content=\"@Toutsur\" \/>\n<meta name=\"twitter:site\" content=\"@Toutsur\" \/>\n<meta name=\"twitter:label1\" content=\"\u00c9crit par\" \/>\n\t<meta name=\"twitter:data1\" content=\"Jean-Philippe Dubosc\" \/>\n\t<meta name=\"twitter:label2\" content=\"Dur\u00e9e de lecture estim\u00e9e\" \/>\n\t<meta name=\"twitter:data2\" content=\"12 minutes\" \/>\n<script type=\"application\/ld+json\" class=\"yoast-schema-graph\">{\"@context\":\"https:\/\/schema.org\",\"@graph\":[{\"@type\":\"Article\",\"@id\":\"https:\/\/www.toutsurmesfinances.com\/retraite\/plafond-epargne-retraite-et-impot-calcul-et-deduction-des-cotisations.html#article\",\"isPartOf\":{\"@id\":\"https:\/\/www.toutsurmesfinances.com\/retraite\/plafond-epargne-retraite-et-impot-calcul-et-deduction-des-cotisations.html\"},\"author\":{\"name\":\"Jean-Philippe Dubosc\",\"@id\":\"https:\/\/www.toutsurmesfinances.com\/retraite\/#\/schema\/person\/addc9e9b3978fa7947ead71bab57694c\"},\"headline\":\"Plafond \u00e9pargne retraite et imp\u00f4t : calcul et d\u00e9duction des cotisations\",\"dateModified\":\"2025-04-25T15:47:30+00:00\",\"mainEntityOfPage\":{\"@id\":\"https:\/\/www.toutsurmesfinances.com\/retraite\/plafond-epargne-retraite-et-impot-calcul-et-deduction-des-cotisations.html\"},\"wordCount\":2522,\"publisher\":{\"@id\":\"https:\/\/www.toutsurmesfinances.com\/retraite\/#organization\"},\"image\":{\"@id\":\"https:\/\/www.toutsurmesfinances.com\/retraite\/plafond-epargne-retraite-et-impot-calcul-et-deduction-des-cotisations.html#primaryimage\"},\"thumbnailUrl\":\"https:\/\/www.toutsurmesfinances.com\/retraite\/wp-content\/uploads\/sites\/4\/2025\/04\/image-retraite-preparation.jpg\",\"articleSection\":[\"Epargne retraite\"],\"inLanguage\":\"fr-FR\"},{\"@type\":\"WebPage\",\"@id\":\"https:\/\/www.toutsurmesfinances.com\/retraite\/plafond-epargne-retraite-et-impot-calcul-et-deduction-des-cotisations.html\",\"url\":\"https:\/\/www.toutsurmesfinances.com\/retraite\/plafond-epargne-retraite-et-impot-calcul-et-deduction-des-cotisations.html\",\"name\":\"Plafond \u00e9pargne retraite et imp\u00f4t : calcul et d\u00e9duction des cotisations 2025\",\"isPartOf\":{\"@id\":\"https:\/\/www.toutsurmesfinances.com\/retraite\/#website\"},\"primaryImageOfPage\":{\"@id\":\"https:\/\/www.toutsurmesfinances.com\/retraite\/plafond-epargne-retraite-et-impot-calcul-et-deduction-des-cotisations.html#primaryimage\"},\"image\":{\"@id\":\"https:\/\/www.toutsurmesfinances.com\/retraite\/plafond-epargne-retraite-et-impot-calcul-et-deduction-des-cotisations.html#primaryimage\"},\"thumbnailUrl\":\"https:\/\/www.toutsurmesfinances.com\/retraite\/wp-content\/uploads\/sites\/4\/2025\/04\/image-retraite-preparation.jpg\",\"dateModified\":\"2025-04-25T15:47:30+00:00\",\"description\":\"Les cotisations vers\u00e9es sur les produits d'\u00e9pargne retraite, comme le PERP, Pr\u00e9fon-Retraite ou le nouveau PER, peuvent \u00eatre d\u00e9duites des revenus \u00e0 d\u00e9clarer au fisc. Cet important avantage fiscal est soumis \u00e0 un plafond. Explications.\",\"breadcrumb\":{\"@id\":\"https:\/\/www.toutsurmesfinances.com\/retraite\/plafond-epargne-retraite-et-impot-calcul-et-deduction-des-cotisations.html#breadcrumb\"},\"inLanguage\":\"fr-FR\",\"potentialAction\":[{\"@type\":\"ReadAction\",\"target\":[\"https:\/\/www.toutsurmesfinances.com\/retraite\/plafond-epargne-retraite-et-impot-calcul-et-deduction-des-cotisations.html\"]}]},{\"@type\":\"ImageObject\",\"inLanguage\":\"fr-FR\",\"@id\":\"https:\/\/www.toutsurmesfinances.com\/retraite\/plafond-epargne-retraite-et-impot-calcul-et-deduction-des-cotisations.html#primaryimage\",\"url\":\"https:\/\/www.toutsurmesfinances.com\/retraite\/wp-content\/uploads\/sites\/4\/2025\/04\/image-retraite-preparation.jpg\",\"contentUrl\":\"https:\/\/www.toutsurmesfinances.com\/retraite\/wp-content\/uploads\/sites\/4\/2025\/04\/image-retraite-preparation.jpg\",\"width\":600,\"height\":400},{\"@type\":\"BreadcrumbList\",\"@id\":\"https:\/\/www.toutsurmesfinances.com\/retraite\/plafond-epargne-retraite-et-impot-calcul-et-deduction-des-cotisations.html#breadcrumb\",\"itemListElement\":[{\"@type\":\"ListItem\",\"position\":1,\"name\":\"Accueil\",\"item\":\"https:\/\/www.toutsurmesfinances.com\/retraite\/\"},{\"@type\":\"ListItem\",\"position\":2,\"name\":\"Pr\u00e9paration\",\"item\":\"https:\/\/www.toutsurmesfinances.com\/retraite\/c\/preparation\"},{\"@type\":\"ListItem\",\"position\":3,\"name\":\"Epargne retraite\",\"item\":\"https:\/\/www.toutsurmesfinances.com\/retraite\/c\/epargne-retraite\"},{\"@type\":\"ListItem\",\"position\":4,\"name\":\"Plafond \u00e9pargne retraite et imp\u00f4t : calcul et d\u00e9duction des cotisations\"}]},{\"@type\":\"WebSite\",\"@id\":\"https:\/\/www.toutsurmesfinances.com\/retraite\/#website\",\"url\":\"https:\/\/www.toutsurmesfinances.com\/retraite\/\",\"name\":\"Retraite\",\"description\":\"\",\"publisher\":{\"@id\":\"https:\/\/www.toutsurmesfinances.com\/retraite\/#organization\"},\"potentialAction\":[{\"@type\":\"SearchAction\",\"target\":{\"@type\":\"EntryPoint\",\"urlTemplate\":\"https:\/\/www.toutsurmesfinances.com\/retraite\/?s={search_term_string}\"},\"query-input\":{\"@type\":\"PropertyValueSpecification\",\"valueRequired\":true,\"valueName\":\"search_term_string\"}}],\"inLanguage\":\"fr-FR\"},{\"@type\":\"Organization\",\"@id\":\"https:\/\/www.toutsurmesfinances.com\/retraite\/#organization\",\"name\":\"Tout Sur Mes Finances\",\"url\":\"https:\/\/www.toutsurmesfinances.com\/retraite\/\",\"logo\":{\"@type\":\"ImageObject\",\"inLanguage\":\"fr-FR\",\"@id\":\"https:\/\/www.toutsurmesfinances.com\/retraite\/#\/schema\/logo\/image\/\",\"url\":\"https:\/\/www.toutsurmesfinances.com\/retraite\/wp-content\/uploads\/sites\/4\/2021\/01\/favicon.png\",\"contentUrl\":\"https:\/\/www.toutsurmesfinances.com\/retraite\/wp-content\/uploads\/sites\/4\/2021\/01\/favicon.png\",\"width\":512,\"height\":512,\"caption\":\"Tout Sur Mes Finances\"},\"image\":{\"@id\":\"https:\/\/www.toutsurmesfinances.com\/retraite\/#\/schema\/logo\/image\/\"},\"sameAs\":[\"https:\/\/x.com\/Toutsur\"]},{\"@type\":\"Person\",\"@id\":\"https:\/\/www.toutsurmesfinances.com\/retraite\/#\/schema\/person\/addc9e9b3978fa7947ead71bab57694c\",\"name\":\"Jean-Philippe Dubosc\",\"image\":{\"@type\":\"ImageObject\",\"inLanguage\":\"fr-FR\",\"@id\":\"https:\/\/www.toutsurmesfinances.com\/retraite\/#\/schema\/person\/image\/\",\"url\":\"https:\/\/secure.gravatar.com\/avatar\/a3cba30cdda1afe79f6ebffc6e952291?s=96&d=mm&r=g\",\"contentUrl\":\"https:\/\/secure.gravatar.com\/avatar\/a3cba30cdda1afe79f6ebffc6e952291?s=96&d=mm&r=g\",\"caption\":\"Jean-Philippe Dubosc\"},\"description\":\"Jean-Philippe Dubosc est r\u00e9dacteur en chef de ToutSurMesFinances.com et sp\u00e9cialiste des questions de retraite obligatoire et d\u2019\u00e9pargne. Pr\u00e9sent au sein du m\u00e9dia depuis plus de 13 ans, il analyse les r\u00e9formes, les dispositifs r\u00e9glementaires et les strat\u00e9gies de d\u00e9part \u00e0 la retraite, avec une approche fond\u00e9e sur une lecture rigoureuse des textes et une connaissance approfondie des diff\u00e9rents r\u00e9gimes de retraite.\",\"sameAs\":[\"https:\/\/www.toutsurmesfinances.com\/author\/jpdubosc\",\"https:\/\/fr.linkedin.com\/in\/jpdubosc\"]}]}<\/script>\n<!-- \/ Yoast SEO plugin. -->","yoast_head_json":{"title":"Plafond \u00e9pargne retraite et imp\u00f4t : calcul et d\u00e9duction des cotisations 2025","description":"Les cotisations vers\u00e9es sur les produits d'\u00e9pargne retraite, comme le PERP, Pr\u00e9fon-Retraite ou le nouveau PER, peuvent \u00eatre d\u00e9duites des revenus \u00e0 d\u00e9clarer au fisc. Cet important avantage fiscal est soumis \u00e0 un plafond. Explications.","robots":{"index":"index","follow":"follow","max-snippet":"max-snippet:-1","max-image-preview":"max-image-preview:large","max-video-preview":"max-video-preview:-1"},"canonical":"https:\/\/www.toutsurmesfinances.com\/retraite\/plafond-epargne-retraite-et-impot-calcul-et-deduction-des-cotisations.html","og_locale":"fr_FR","og_type":"article","og_title":"Plafond \u00e9pargne retraite et imp\u00f4t : calcul et d\u00e9duction des cotisations 2025","og_description":"Les cotisations vers\u00e9es sur les produits d'\u00e9pargne retraite, comme le PERP, Pr\u00e9fon-Retraite ou le nouveau PER, peuvent \u00eatre d\u00e9duites des revenus \u00e0 d\u00e9clarer au fisc. Cet important avantage fiscal est soumis \u00e0 un plafond. Explications.","og_url":"https:\/\/www.toutsurmesfinances.com\/retraite\/plafond-epargne-retraite-et-impot-calcul-et-deduction-des-cotisations.html","og_site_name":"Retraite","article_published_time":"2017-09-20T13:52:08+00:00","article_modified_time":"2025-04-25T15:47:30+00:00","og_image":[{"width":600,"height":400,"url":"https:\/\/www.toutsurmesfinances.com\/retraite\/wp-content\/uploads\/sites\/4\/2025\/04\/image-retraite-preparation.jpg","type":"image\/jpeg"}],"author":"Jean-Philippe Dubosc","twitter_card":"summary_large_image","twitter_creator":"@Toutsur","twitter_site":"@Toutsur","twitter_misc":{"\u00c9crit par":"Jean-Philippe Dubosc","Dur\u00e9e de lecture estim\u00e9e":"12 minutes"},"schema":{"@context":"https:\/\/schema.org","@graph":[{"@type":"Article","@id":"https:\/\/www.toutsurmesfinances.com\/retraite\/plafond-epargne-retraite-et-impot-calcul-et-deduction-des-cotisations.html#article","isPartOf":{"@id":"https:\/\/www.toutsurmesfinances.com\/retraite\/plafond-epargne-retraite-et-impot-calcul-et-deduction-des-cotisations.html"},"author":{"name":"Jean-Philippe Dubosc","@id":"https:\/\/www.toutsurmesfinances.com\/retraite\/#\/schema\/person\/addc9e9b3978fa7947ead71bab57694c"},"headline":"Plafond \u00e9pargne retraite et imp\u00f4t : calcul et d\u00e9duction des cotisations","dateModified":"2025-04-25T15:47:30+00:00","mainEntityOfPage":{"@id":"https:\/\/www.toutsurmesfinances.com\/retraite\/plafond-epargne-retraite-et-impot-calcul-et-deduction-des-cotisations.html"},"wordCount":2522,"publisher":{"@id":"https:\/\/www.toutsurmesfinances.com\/retraite\/#organization"},"image":{"@id":"https:\/\/www.toutsurmesfinances.com\/retraite\/plafond-epargne-retraite-et-impot-calcul-et-deduction-des-cotisations.html#primaryimage"},"thumbnailUrl":"https:\/\/www.toutsurmesfinances.com\/retraite\/wp-content\/uploads\/sites\/4\/2025\/04\/image-retraite-preparation.jpg","articleSection":["Epargne retraite"],"inLanguage":"fr-FR"},{"@type":"WebPage","@id":"https:\/\/www.toutsurmesfinances.com\/retraite\/plafond-epargne-retraite-et-impot-calcul-et-deduction-des-cotisations.html","url":"https:\/\/www.toutsurmesfinances.com\/retraite\/plafond-epargne-retraite-et-impot-calcul-et-deduction-des-cotisations.html","name":"Plafond \u00e9pargne retraite et imp\u00f4t : calcul et d\u00e9duction des cotisations 2025","isPartOf":{"@id":"https:\/\/www.toutsurmesfinances.com\/retraite\/#website"},"primaryImageOfPage":{"@id":"https:\/\/www.toutsurmesfinances.com\/retraite\/plafond-epargne-retraite-et-impot-calcul-et-deduction-des-cotisations.html#primaryimage"},"image":{"@id":"https:\/\/www.toutsurmesfinances.com\/retraite\/plafond-epargne-retraite-et-impot-calcul-et-deduction-des-cotisations.html#primaryimage"},"thumbnailUrl":"https:\/\/www.toutsurmesfinances.com\/retraite\/wp-content\/uploads\/sites\/4\/2025\/04\/image-retraite-preparation.jpg","dateModified":"2025-04-25T15:47:30+00:00","description":"Les cotisations vers\u00e9es sur les produits d'\u00e9pargne retraite, comme le PERP, Pr\u00e9fon-Retraite ou le nouveau PER, peuvent \u00eatre d\u00e9duites des revenus \u00e0 d\u00e9clarer au fisc. Cet important avantage fiscal est soumis \u00e0 un plafond. Explications.","breadcrumb":{"@id":"https:\/\/www.toutsurmesfinances.com\/retraite\/plafond-epargne-retraite-et-impot-calcul-et-deduction-des-cotisations.html#breadcrumb"},"inLanguage":"fr-FR","potentialAction":[{"@type":"ReadAction","target":["https:\/\/www.toutsurmesfinances.com\/retraite\/plafond-epargne-retraite-et-impot-calcul-et-deduction-des-cotisations.html"]}]},{"@type":"ImageObject","inLanguage":"fr-FR","@id":"https:\/\/www.toutsurmesfinances.com\/retraite\/plafond-epargne-retraite-et-impot-calcul-et-deduction-des-cotisations.html#primaryimage","url":"https:\/\/www.toutsurmesfinances.com\/retraite\/wp-content\/uploads\/sites\/4\/2025\/04\/image-retraite-preparation.jpg","contentUrl":"https:\/\/www.toutsurmesfinances.com\/retraite\/wp-content\/uploads\/sites\/4\/2025\/04\/image-retraite-preparation.jpg","width":600,"height":400},{"@type":"BreadcrumbList","@id":"https:\/\/www.toutsurmesfinances.com\/retraite\/plafond-epargne-retraite-et-impot-calcul-et-deduction-des-cotisations.html#breadcrumb","itemListElement":[{"@type":"ListItem","position":1,"name":"Accueil","item":"https:\/\/www.toutsurmesfinances.com\/retraite\/"},{"@type":"ListItem","position":2,"name":"Pr\u00e9paration","item":"https:\/\/www.toutsurmesfinances.com\/retraite\/c\/preparation"},{"@type":"ListItem","position":3,"name":"Epargne retraite","item":"https:\/\/www.toutsurmesfinances.com\/retraite\/c\/epargne-retraite"},{"@type":"ListItem","position":4,"name":"Plafond \u00e9pargne retraite et imp\u00f4t : calcul et d\u00e9duction des cotisations"}]},{"@type":"WebSite","@id":"https:\/\/www.toutsurmesfinances.com\/retraite\/#website","url":"https:\/\/www.toutsurmesfinances.com\/retraite\/","name":"Retraite","description":"","publisher":{"@id":"https:\/\/www.toutsurmesfinances.com\/retraite\/#organization"},"potentialAction":[{"@type":"SearchAction","target":{"@type":"EntryPoint","urlTemplate":"https:\/\/www.toutsurmesfinances.com\/retraite\/?s={search_term_string}"},"query-input":{"@type":"PropertyValueSpecification","valueRequired":true,"valueName":"search_term_string"}}],"inLanguage":"fr-FR"},{"@type":"Organization","@id":"https:\/\/www.toutsurmesfinances.com\/retraite\/#organization","name":"Tout Sur Mes Finances","url":"https:\/\/www.toutsurmesfinances.com\/retraite\/","logo":{"@type":"ImageObject","inLanguage":"fr-FR","@id":"https:\/\/www.toutsurmesfinances.com\/retraite\/#\/schema\/logo\/image\/","url":"https:\/\/www.toutsurmesfinances.com\/retraite\/wp-content\/uploads\/sites\/4\/2021\/01\/favicon.png","contentUrl":"https:\/\/www.toutsurmesfinances.com\/retraite\/wp-content\/uploads\/sites\/4\/2021\/01\/favicon.png","width":512,"height":512,"caption":"Tout Sur Mes Finances"},"image":{"@id":"https:\/\/www.toutsurmesfinances.com\/retraite\/#\/schema\/logo\/image\/"},"sameAs":["https:\/\/x.com\/Toutsur"]},{"@type":"Person","@id":"https:\/\/www.toutsurmesfinances.com\/retraite\/#\/schema\/person\/addc9e9b3978fa7947ead71bab57694c","name":"Jean-Philippe Dubosc","image":{"@type":"ImageObject","inLanguage":"fr-FR","@id":"https:\/\/www.toutsurmesfinances.com\/retraite\/#\/schema\/person\/image\/","url":"https:\/\/secure.gravatar.com\/avatar\/a3cba30cdda1afe79f6ebffc6e952291?s=96&d=mm&r=g","contentUrl":"https:\/\/secure.gravatar.com\/avatar\/a3cba30cdda1afe79f6ebffc6e952291?s=96&d=mm&r=g","caption":"Jean-Philippe Dubosc"},"description":"Jean-Philippe Dubosc est r\u00e9dacteur en chef de ToutSurMesFinances.com et sp\u00e9cialiste des questions de retraite obligatoire et d\u2019\u00e9pargne. Pr\u00e9sent au sein du m\u00e9dia depuis plus de 13 ans, il analyse les r\u00e9formes, les dispositifs r\u00e9glementaires et les strat\u00e9gies de d\u00e9part \u00e0 la retraite, avec une approche fond\u00e9e sur une lecture rigoureuse des textes et une connaissance approfondie des diff\u00e9rents r\u00e9gimes de retraite.","sameAs":["https:\/\/www.toutsurmesfinances.com\/author\/jpdubosc","https:\/\/fr.linkedin.com\/in\/jpdubosc"]}]}},"_links":{"self":[{"href":"https:\/\/www.toutsurmesfinances.com\/retraite\/wp-json\/wp\/v2\/posts\/21534","targetHints":{"allow":["GET"]}}],"collection":[{"href":"https:\/\/www.toutsurmesfinances.com\/retraite\/wp-json\/wp\/v2\/posts"}],"about":[{"href":"https:\/\/www.toutsurmesfinances.com\/retraite\/wp-json\/wp\/v2\/types\/post"}],"author":[{"embeddable":true,"href":"https:\/\/www.toutsurmesfinances.com\/retraite\/wp-json\/wp\/v2\/users\/13713"}],"replies":[{"embeddable":true,"href":"https:\/\/www.toutsurmesfinances.com\/retraite\/wp-json\/wp\/v2\/comments?post=21534"}],"version-history":[{"count":6,"href":"https:\/\/www.toutsurmesfinances.com\/retraite\/wp-json\/wp\/v2\/posts\/21534\/revisions"}],"predecessor-version":[{"id":32236,"href":"https:\/\/www.toutsurmesfinances.com\/retraite\/wp-json\/wp\/v2\/posts\/21534\/revisions\/32236"}],"wp:featuredmedia":[{"embeddable":true,"href":"https:\/\/www.toutsurmesfinances.com\/retraite\/wp-json\/wp\/v2\/media\/32230"}],"wp:attachment":[{"href":"https:\/\/www.toutsurmesfinances.com\/retraite\/wp-json\/wp\/v2\/media?parent=21534"}],"wp:term":[{"taxonomy":"category","embeddable":true,"href":"https:\/\/www.toutsurmesfinances.com\/retraite\/wp-json\/wp\/v2\/categories?post=21534"},{"taxonomy":"post_tag","embeddable":true,"href":"https:\/\/www.toutsurmesfinances.com\/retraite\/wp-json\/wp\/v2\/tags?post=21534"}],"curies":[{"name":"wp","href":"https:\/\/api.w.org\/{rel}","templated":true}]}}