{"id":26479,"date":"2019-02-25T17:31:14","date_gmt":"2019-02-25T17:31:14","guid":{"rendered":"https:\/\/www.toutsurmesfinances.com\/retraite\/?p=26479"},"modified":"2025-08-20T15:51:28","modified_gmt":"2025-08-20T13:51:28","slug":"retraite-les-taux-des-cotisations-des-salaries","status":"publish","type":"post","link":"https:\/\/www.toutsurmesfinances.com\/retraite\/retraite-les-taux-des-cotisations-des-salaries.html","title":{"rendered":"Retraite : les taux des cotisations des salari\u00e9s"},"content":{"rendered":"<h2><span class=\"ez-toc-section\" id=\"Cotisations_vieillesse_obligatoires_en_France\"><\/span>Cotisations vieillesse obligatoires en France<span class=\"ez-toc-section-end\"><\/span><\/h2>\n<p>En France, toute activit\u00e9 (salari\u00e9e ou non salari\u00e9e) d\u00e9clar\u00e9e est obligatoirement assujettie \u00e0 des cotisations sociales qui financent le syst\u00e8me de protection sociale, dont les cotisations vieillesse pour la retraite. En ce qui concerne les salari\u00e9s employ\u00e9s par des entreprises et des associations, elles sont pr\u00e9lev\u00e9es par leur employeur, tous les mois, directement sur leur salaire. Celui-ci reverse les cotisations aux diff\u00e9rents organismes concern\u00e9s (Assurance maladie, Cnav, Agirc-Arrco&#8230;). Le salari\u00e9 n&rsquo;a donc aucune d\u00e9marche \u00e0 effectuer.<\/p>\n<p>Les cotisations vieillesse obligatoires servent \u00e0 financer imm\u00e9diatement les pensions des retrait\u00e9s selon le principe de la solidarit\u00e9 interg\u00e9n\u00e9rationnelle (r\u00e9partition). Elles permettent \u00e9galement aux cotisants de se constituer des droits \u00e0 la retraite.<\/p>\n<p><a href=\"https:\/\/www.toutsurmesfinances.com\/retraite\/retraites-des-salaries-regimes-de-base-et-complementaires.html\">Chez les salari\u00e9s du priv\u00e9<\/a>, les cotisations vieillesse de base vers\u00e9es leur permettent de valider des trimestres de retraite, dans la limite de quatre trimestres par an. Dans les r\u00e9gimes de retraite de base en annuit\u00e9s, l&rsquo;assur\u00e9 doit en effet respecter sa\u00a0<a href=\"https:\/\/www.toutsurmesfinances.com\/retraite\/retraite-a-taux-plein-les-conditions-pour-toucher-une-pension-sans-decote.html\" target=\"_blank\" rel=\"noopener noreferrer\">dur\u00e9e d&rsquo;assurance<\/a>, soit un certain nombre de trimestres de cotisations, qui varie selon son ann\u00e9e de naissance, pour percevoir \u00e0 la retraite une pension de base compl\u00e8te (<a href=\"https:\/\/www.toutsurmesfinances.com\/retraite\/retraites-comment-fonctionne-la-decote.html\" target=\"_blank\" rel=\"noopener noreferrer\">sans d\u00e9cote<\/a>).<\/p>\n<p>Les cotisations vieillesse compl\u00e9mentaires permettent, elles, d&rsquo;acqu\u00e9rir des points de retraite qui seront convertis, \u00e0 la liquidation des droits, en pensions compl\u00e9mentaires (qui viendront compl\u00e9ter les pensions de base).<\/p>\n<p>Que ce soit pour les cotisations vieillesse de base ou compl\u00e9mentaires, il existe une part salariale (due par le salari\u00e9) et une part patronale (due par l&#8217;employeur). Les taux des deux parts sont diff\u00e9rents. La part patronale des cotisations est prise en compte dans le calcul des droits \u00e0 la retraite du salari\u00e9.<\/p>\n<h2><span class=\"ez-toc-section\" id=\"Taux_des_cotisations_retraite_de_base_2025\"><\/span><a name=\"RG\"><\/a>Taux des cotisations retraite de base 2025<span class=\"ez-toc-section-end\"><\/span><\/h2>\n<p>Pour la retraite de base, les salari\u00e9s du priv\u00e9 (ainsi que les artisans, les commer\u00e7ants, les chefs d&rsquo;entreprises et les agents non titulaires de la fonction publique) sont affili\u00e9s \u00e0 l&rsquo;Assurance retraite, la branche d&rsquo;assurance vieillesse du r\u00e9gime g\u00e9n\u00e9ral (<strong>RG<\/strong>) de la S\u00e9curit\u00e9 sociale. Il existe deux sortes de cotisations vieillesse au r\u00e9gime g\u00e9n\u00e9ral : les cotisations d&rsquo;assurance vieillesse \u00ab plafonn\u00e9es \u00bb et celles \u00ab d\u00e9plafonn\u00e9es \u00bb.<\/p>\n<p>Les premi\u00e8res portent sur le salaire brut \u00e0 hauteur d&rsquo;<a href=\"https:\/\/www.toutsurmesfinances.com\/argent\/a\/plafond-de-la-securite-sociale-pss-definition-montants-et-revalorisation\" target=\"_blank\" rel=\"noopener noreferrer\">un plafond de la S\u00e9curit\u00e9 sociale<\/a> (<strong>PSS<\/strong>). Le montant du PSS est revaloris\u00e9 chaque ann\u00e9e au 1er janvier. Au-del\u00e0 de ce plafond, le salaire brut n&rsquo;est pas soumis \u00e0 cotisations. La fraction sup\u00e9rieure au PSS ne g\u00e9n\u00e8re donc pas de droits \u00e0 la retraite.<\/p>\n<p>Les cotisations d&rsquo;assurance vieillesse \u00ab d\u00e9plafonn\u00e9es \u00bb s&rsquo;appliquent, elles, sur la totalit\u00e9 du salaire brut. Elles ne cr\u00e9ent aucun droit \u00e0 la retraite et servent uniquement \u00e0 financer le syst\u00e8me de retraite.<\/p>\n<p>Que ce pour les cotisations \u00ab plafonn\u00e9es \u00bb ou \u00ab d\u00e9plafonn\u00e9es \u00bb, l&rsquo;assiette de cotisation comprend la r\u00e9mun\u00e9ration, mais aussi les indemnit\u00e9s de cong\u00e9s pay\u00e9s ainsi que les \u00e9ventuelles primes (d&rsquo;anciennet\u00e9, de 13\u00e8me mois, de performance&#8230;) et avantages.<\/p>\n<p>Les taux de cotisation au RG n&rsquo;ont pas \u00e9volu\u00e9 depuis le 1er janvier 2017. En revanche, l&rsquo;assiette des cotisations vieillesse \u00ab plafonn\u00e9es \u00bb varie compte tenu de la revalorisation annuelle du PSS.<\/p>\n<p><strong>\u00c0 noter :<\/strong> les salari\u00e9s \u00e0 temps partiel ont la possibilit\u00e9, avec l&rsquo;accord de leur employeur, de cotiser sur une assiette \u00e9quivalente \u00e0 celle dont ils disposeraient s&rsquo;ils travaillaient \u00e0 temps plein. Par ailleurs, il faut savoir que certaines professions &#8211; artiste de spectacle, mannequin, acteur de compl\u00e9ment (figurant, silhouette, doublure), journaliste et profession m\u00e9dicale salari\u00e9e \u00e0 temps partiel &#8211; se voient appliquer des taux de cotisation de vieillesse de base sp\u00e9cifiques.<\/p>\n<h3><span class=\"ez-toc-section\" id=\"Taux_des_cotisations_au_regime_general_2025\"><\/span><a name=\"RG-2019\"><\/a>Taux des cotisations au r\u00e9gime g\u00e9n\u00e9ral 2025<span class=\"ez-toc-section-end\"><\/span><\/h3>\n<h4>Taux de cotisation 2025 \u00e0 l&rsquo;assurance vieillesse plafonn\u00e9e<\/h4>\n<div id=\"tablepress-52-scroll-wrapper\" class=\"tablepress-scroll-wrapper\">\n\n<table id=\"tablepress-52\" class=\"tablepress tablepress-id-52 tablepress-responsive\">\n<thead>\n<tr class=\"row-1 odd\">\n\t<th class=\"column-1\"><b><span data-contrast=\"auto\">Cat\u00e9gorie<\/span><\/b><b><span data-contrast=\"auto\">\u00a0de\u00a0salari\u00e9s<\/span><\/b><span data-ccp-props=\"{&quot;201341983&quot;:0,&quot;335559740&quot;:259}\">\u00a0<\/span><\/th><th class=\"column-2\"><b><span data-contrast=\"auto\">Taux\u00a0de la part\u00a0salariale<\/span><\/b><span data-ccp-props=\"{&quot;201341983&quot;:0,&quot;335559740&quot;:259}\">\u00a0<\/span><\/th><th class=\"column-3\"><b><span data-contrast=\"auto\">Taux\u00a0de la part\u00a0patronale<\/span><\/b><span data-ccp-props=\"{&quot;201341983&quot;:0,&quot;335559740&quot;:259}\">\u00a0<\/span><\/th><th class=\"column-4\"><b><span data-contrast=\"auto\">Assiette de\u00a0cotisation<\/span><\/b><span data-ccp-props=\"{&quot;201341983&quot;:0,&quot;335559740&quot;:259}\">\u00a0<\/span><\/th>\n<\/tr>\n<\/thead>\n<tbody class=\"row-hover\">\n<tr class=\"row-2 even\">\n\t<td class=\"column-1\"><span data-contrast=\"auto\">Salari\u00e9s<\/span><span data-ccp-props=\"{&quot;201341983&quot;:0,&quot;335559740&quot;:259}\">\u00a0<\/span><\/td><td class=\"column-2\"><span data-contrast=\"auto\">6,90%<\/span><span data-ccp-props=\"{&quot;201341983&quot;:0,&quot;335559740&quot;:259}\">\u00a0<\/span><\/td><td class=\"column-3\"><span data-contrast=\"auto\">8,55%<\/span><span data-ccp-props=\"{&quot;201341983&quot;:0,&quot;335559740&quot;:259}\">\u00a0<\/span><\/td><td class=\"column-4\"><span data-contrast=\"auto\">Entre 1 et 3.925 euros\u00a0brut par\u00a0mois<\/span><span data-ccp-props=\"{&quot;201341983&quot;:0,&quot;335559740&quot;:259}\">\u00a0<\/span><\/td>\n<\/tr>\n<tr class=\"row-3 odd\">\n\t<td class=\"column-1\"><span data-contrast=\"auto\">Artistes de spectacle, mannequins,\u00a0acteurs\u00a0de\u00a0compl\u00e9ment<\/span><span data-ccp-props=\"{&quot;201341983&quot;:0,&quot;335559740&quot;:259}\">\u00a0<\/span><\/td><td class=\"column-2\"><span data-contrast=\"auto\">4,83%<\/span><span data-ccp-props=\"{&quot;201341983&quot;:0,&quot;335559740&quot;:259}\">\u00a0<\/span><\/td><td class=\"column-3\"><span data-contrast=\"auto\">5,99%<\/span><span data-ccp-props=\"{&quot;201341983&quot;:0,&quot;335559740&quot;:259}\">\u00a0<\/span><\/td><td class=\"column-4\"><span data-contrast=\"auto\">Entre 1 et 3.925 euros\u00a0brut par\u00a0mois<\/span><span data-ccp-props=\"{&quot;201341983&quot;:0,&quot;335559740&quot;:259}\">\u00a0<\/span><br \/>\n<br \/>\n<span data-ccp-props=\"{&quot;201341983&quot;:0,&quot;335559740&quot;:259}\">\u00a0<\/span><\/td>\n<\/tr>\n<tr class=\"row-4 even\">\n\t<td class=\"column-1\"><span data-contrast=\"auto\">Journalistes<\/span><span data-ccp-props=\"{&quot;201341983&quot;:0,&quot;335559740&quot;:259}\">\u00a0<\/span><\/td><td class=\"column-2\"><span data-contrast=\"auto\">5,52%<\/span><span data-ccp-props=\"{&quot;201341983&quot;:0,&quot;335559740&quot;:259}\">\u00a0<\/span><\/td><td class=\"column-3\"><span data-contrast=\"auto\">6,84%<\/span><span data-ccp-props=\"{&quot;201341983&quot;:0,&quot;335559740&quot;:259}\">\u00a0<\/span><\/td><td class=\"column-4\"><span data-contrast=\"auto\">Entre 1 et 3.925 euros\u00a0brut\u00a0par\u00a0mois<\/span><span data-ccp-props=\"{&quot;201341983&quot;:0,&quot;335559740&quot;:259}\">\u00a0<\/span><br \/>\n<br \/>\n<span data-ccp-props=\"{&quot;201341983&quot;:0,&quot;335559740&quot;:259}\">\u00a0<\/span><\/td>\n<\/tr>\n<tr class=\"row-5 odd\">\n\t<td class=\"column-1\"><span data-contrast=\"auto\">Professions\u00a0m\u00e9dicales\u00a0\u00e0 temps\u00a0partiel<\/span><span data-ccp-props=\"{&quot;201341983&quot;:0,&quot;335559740&quot;:259}\">\u00a0<\/span><\/td><td class=\"column-2\"><span data-contrast=\"auto\">4,83%<\/span><span data-ccp-props=\"{&quot;201341983&quot;:0,&quot;335559740&quot;:259}\">\u00a0<\/span><\/td><td class=\"column-3\"><span data-contrast=\"auto\">5,99%<\/span><span data-ccp-props=\"{&quot;201341983&quot;:0,&quot;335559740&quot;:259}\">\u00a0<\/span><\/td><td class=\"column-4\"><span data-contrast=\"auto\">Entre 1 et 3.925 euros\u00a0brut\u00a0par\u00a0mois<\/span><span data-ccp-props=\"{&quot;201341983&quot;:0,&quot;335559740&quot;:259}\">\u00a0<\/span><br \/>\n<br \/>\n<span data-ccp-props=\"{&quot;201341983&quot;:0,&quot;335559740&quot;:259}\">\u00a0<\/span><\/td>\n<\/tr>\n<\/tbody>\n<\/table>\n\n<\/div><!-- #tablepress-52 from cache -->\n<h4>Taux de cotisation 2025 \u00e0 l&rsquo;assurance vieillesse d\u00e9plafonn\u00e9e<\/h4>\n<div id=\"tablepress-53-scroll-wrapper\" class=\"tablepress-scroll-wrapper\">\n\n<table id=\"tablepress-53\" class=\"tablepress tablepress-id-53 tablepress-responsive\">\n<thead>\n<tr class=\"row-1 odd\">\n\t<th class=\"column-1\"><b><span data-contrast=\"auto\">Cat\u00e9gorie<\/span><\/b><b><span data-contrast=\"auto\">\u00a0de\u00a0salari\u00e9s<\/span><\/b><span data-ccp-props=\"{&quot;201341983&quot;:0,&quot;335559740&quot;:259}\">\u00a0<\/span><\/th><th class=\"column-2\"><b><span data-contrast=\"auto\">Taux\u00a0de la part\u00a0salariale<\/span><\/b><span data-ccp-props=\"{&quot;201341983&quot;:0,&quot;335559740&quot;:259}\">\u00a0<\/span><\/th><th class=\"column-3\"><b><span data-contrast=\"auto\">Taux\u00a0de la part\u00a0patronale<\/span><\/b><span data-ccp-props=\"{&quot;201341983&quot;:0,&quot;335559740&quot;:259}\">\u00a0<\/span><\/th><th class=\"column-4\"><b><span data-contrast=\"auto\">Assiette de\u00a0cotisation<\/span><\/b><span data-ccp-props=\"{&quot;201341983&quot;:0,&quot;335559740&quot;:259}\">\u00a0<\/span><\/th>\n<\/tr>\n<\/thead>\n<tbody class=\"row-hover\">\n<tr class=\"row-2 even\">\n\t<td class=\"column-1\"><span data-contrast=\"auto\">Salari\u00e9s<\/span><span data-ccp-props=\"{&quot;201341983&quot;:0,&quot;335559740&quot;:259}\">\u00a0<\/span><\/td><td class=\"column-2\"><span data-contrast=\"auto\">0,40%<\/span><span data-ccp-props=\"{&quot;201341983&quot;:0,&quot;335559740&quot;:259}\">\u00a0<\/span><\/td><td class=\"column-3\"><span data-contrast=\"auto\">1,90%<\/span><span data-ccp-props=\"{&quot;201341983&quot;:0,&quot;335559740&quot;:259}\">\u00a0<\/span><\/td><td class=\"column-4\"><span data-contrast=\"auto\">Sur la\u00a0totalit\u00e9\u00a0du\u00a0salaire\u00a0brut<\/span><span data-ccp-props=\"{&quot;201341983&quot;:0,&quot;335551550&quot;:1,&quot;335551620&quot;:1,&quot;335559740&quot;:259}\">\u00a0<\/span><\/td>\n<\/tr>\n<tr class=\"row-3 odd\">\n\t<td class=\"column-1\"><span data-contrast=\"auto\">Artistes de spectacle, mannequins,\u00a0acteurs\u00a0de\u00a0compl\u00e9ment<\/span><span data-ccp-props=\"{&quot;201341983&quot;:0,&quot;335559740&quot;:259}\">\u00a0<\/span><\/td><td class=\"column-2\"><span data-contrast=\"auto\">0,28%<\/span><span data-ccp-props=\"{&quot;201341983&quot;:0,&quot;335559740&quot;:259}\">\u00a0<\/span><\/td><td class=\"column-3\"><span data-contrast=\"auto\">1,33%<\/span><span data-ccp-props=\"{&quot;201341983&quot;:0,&quot;335559740&quot;:259}\">\u00a0<\/span><\/td><td class=\"column-4\"><span data-contrast=\"auto\">Sur la\u00a0totalit\u00e9\u00a0du\u00a0salaire\u00a0brut<\/span><span data-ccp-props=\"{&quot;201341983&quot;:0,&quot;335559740&quot;:259}\">\u00a0<\/span><br \/>\n<br \/>\n<span data-ccp-props=\"{&quot;201341983&quot;:0,&quot;335559740&quot;:259}\">\u00a0<\/span><\/td>\n<\/tr>\n<tr class=\"row-4 even\">\n\t<td class=\"column-1\"><span data-contrast=\"auto\">Journalistes<\/span><span data-ccp-props=\"{&quot;201341983&quot;:0,&quot;335559740&quot;:259}\">\u00a0<\/span><\/td><td class=\"column-2\"><span data-contrast=\"auto\">0,40%<\/span><span data-ccp-props=\"{&quot;201341983&quot;:0,&quot;335559740&quot;:259}\">\u00a0<\/span><\/td><td class=\"column-3\"><span data-contrast=\"auto\">1,52%<\/span><span data-ccp-props=\"{&quot;201341983&quot;:0,&quot;335559740&quot;:259}\">\u00a0<\/span><\/td><td class=\"column-4\"><span data-contrast=\"auto\">Sur la\u00a0totalit\u00e9\u00a0du\u00a0salaire\u00a0brut<\/span><span data-ccp-props=\"{&quot;201341983&quot;:0,&quot;335559740&quot;:259}\">\u00a0<\/span><br \/>\n<br \/>\n<span data-ccp-props=\"{&quot;201341983&quot;:0,&quot;335559740&quot;:259}\">\u00a0<\/span><\/td>\n<\/tr>\n<tr class=\"row-5 odd\">\n\t<td class=\"column-1\"><span data-contrast=\"auto\">Professions\u00a0m\u00e9dicales\u00a0\u00e0 temps\u00a0partiel<\/span><span data-ccp-props=\"{&quot;201341983&quot;:0,&quot;335559740&quot;:259}\">\u00a0<\/span><\/td><td class=\"column-2\"><span data-contrast=\"auto\">0,40%<\/span><span data-ccp-props=\"{&quot;201341983&quot;:0,&quot;335559740&quot;:259}\">\u00a0<\/span><\/td><td class=\"column-3\"><span data-contrast=\"auto\">1,90%<\/span><span data-ccp-props=\"{&quot;201341983&quot;:0,&quot;335559740&quot;:259}\">\u00a0<\/span><\/td><td class=\"column-4\"><span data-contrast=\"auto\">Sur la\u00a0totalit\u00e9\u00a0du\u00a0salaire\u00a0brut<\/span><span data-ccp-props=\"{&quot;201341983&quot;:0,&quot;335559740&quot;:259}\">\u00a0<\/span><\/td>\n<\/tr>\n<\/tbody>\n<\/table>\n\n<\/div><!-- #tablepress-53 from cache -->\n<h2><span class=\"ez-toc-section\" id=\"Taux_des_cotisations_retraite_complementaire_2025\"><\/span><a name=\"RC\"><\/a>Taux des cotisations retraite compl\u00e9mentaire 2025<span class=\"ez-toc-section-end\"><\/span><\/h2>\n<p>Jusqu&rsquo;au 31 d\u00e9cembre 2018, les non-cadres et les cadres \u00e9taient affili\u00e9s \u00e0 l&rsquo;Association pour le r\u00e9gime de retraite compl\u00e9mentaire des salari\u00e9s (<strong>Arrco<\/strong>). Les cadres cotisaient, en plus, \u00e0 l&rsquo;Association g\u00e9n\u00e9rale des institutions de retraite des cadres (<strong>Agirc<\/strong>).<\/p>\n<p><a href=\"https:\/\/www.toutsurmesfinances.com\/retraite\/retraites-complementaires-agirc-et-arrco-ce-qui-va-changer-pour-les-salaries-en-2019.html\" target=\"_blank\" rel=\"noopener noreferrer\">Le 1er janvier 2019, les deux r\u00e9gimes de retraite compl\u00e9mentaire ont fusionn\u00e9<\/a> en vue de mutualiser leurs r\u00e9serves financi\u00e8res et sauver ainsi l&rsquo;Agirc au bord de la faillite \u00e0 cause du vieillissement de la population et d&rsquo;une politique d&rsquo;attribution des droits un peu trop g\u00e9n\u00e9reuse par le pass\u00e9. Le nouveau r\u00e9gime compl\u00e9mentaire unifi\u00e9 a \u00e9t\u00e9 baptis\u00e9 <strong>Agirc-Arrco<\/strong>.<\/p>\n<p>D\u00e9sormais, les non-cadres et les cadres disposent des m\u00eames tranches de cotisation. Les taux, \u00e9galement identiques, ont \u00e9t\u00e9 augment\u00e9s. La fusion a aussi entra\u00een\u00e9 la suppression et la transformation des autres cotisations.<\/p>\n<p>Attention : le taux de cotisation porte sur le taux de calcul des points multipli\u00e9 par le taux d&rsquo;appel. Celui-ci est pass\u00e9 au 1er janvier 2019 de 125% \u00e0 127%. En d&rsquo;autres termes : sur 127 euros cotis\u00e9s, 100 euros servent \u00e0 l&rsquo;achat de points. Les 27 euros restants sont destin\u00e9s au financement du r\u00e9gime.<\/p>\n<p>Les cotisations sont support\u00e9es \u00e0 40% par les salari\u00e9s et \u00e0 60% par les employeurs. Toutefois, ces derniers peuvent d\u00e9cider de cotiser davantage si leur convention de branche professionnelle ou leur accord d&rsquo;entreprise le pr\u00e9voit.<\/p>\n<p>Comme pour la retraite de base, les salari\u00e9s \u00e0 temps partiel peuvent demander, avec l&rsquo;aval de l&#8217;employeur, \u00e0 cotiser sur une assiette correspond \u00e0 un temps plein.<\/p>\n<h3><span class=\"ez-toc-section\" id=\"Taux_de_cotisation_Agirc-Arrco_2025\"><\/span>Taux de cotisation Agirc-Arrco 2025<span class=\"ez-toc-section-end\"><\/span><\/h3>\n<p>La tranche 1 correspond au salaire \u00e0 hauteur d&rsquo;un PSS. La tranche 2 \u00e9quivaut \u00e0 la fraction du salaire comprise entre un et huit PSS.<\/p>\n<ul>\n<li>Taux de la tranche 1 (entre 1 euro brut et 3.925 euros brut par mois en 2025) : <strong>3,15%<\/strong> pour la part salariale, <strong>4,72%<\/strong> pour la part patronale<\/li>\n<li>Taux de la tranche 2 (entre 3.925 euros brut et 31.400 euros brut par mois en 2025) : <strong style=\"background-color: transparent\">8,64%<\/strong><span style=\"background-color: transparent\"> pour la part salariale, <\/span><strong style=\"background-color: transparent\">12,95%<\/strong><span style=\"background-color: transparent\"> pour la part patronale.<\/span><\/li>\n<\/ul>\n<h3><span class=\"ez-toc-section\" id=\"Taux_de_cotisation_CEG_2025\"><\/span>Taux de cotisation CEG 2025<span class=\"ez-toc-section-end\"><\/span><\/h3>\n<p>La contribution d&rsquo;\u00e9quilibre g\u00e9n\u00e9ral (<strong>CEG<\/strong>) a remplac\u00e9 le 1er janvier 2019 la contribution \u00e0 l&rsquo;Association pour la gestion du fonds de financement de l&rsquo;Agirc et de l&rsquo;Arrco (<strong>AGFF<\/strong>) qui finan\u00e7ait les pensions compl\u00e9mentaires \u00e0 taux plein (sans coefficient de minoration) avant l&rsquo;\u00e2ge de d\u00e9part de l&rsquo;Agirc-Arrco (fix\u00e9 entre 65 et 67 ans selon l&rsquo;ann\u00e9e de naissance de l&rsquo;assur\u00e9), la contribution d&rsquo;\u00e9quilibre temporaire (<strong>CET<\/strong>) destin\u00e9e \u00e0 la r\u00e9sorption du d\u00e9ficit de l&rsquo;ex-Agirc et la contribution \u00e0 <a href=\"https:\/\/www.toutsurmesfinances.com\/retraite\/retraites-complementaires-agirc-arrco-les-regles-a-connaitre-pour-les-salaries.html#La_garantie_minimale_des_points_GMP\" target=\"_blank\" rel=\"noopener noreferrer\">la garantie minimum de points<\/a> (<strong>GMP<\/strong>) qui permettait aux cadres qui percevaient des salaires \u00e0 peine sup\u00e9rieurs au PSS (jusqu&rsquo;\u00e0 3.664,82 euros par mois en 2018) d&rsquo;acqu\u00e9rir 120 points Agirc par an.<\/p>\n<ul>\n<li>Taux CEG de la tranche 1 (entre 1 euro brut et 3.925 euros brut par mois en 2025) : 0,86% pour la part salariale, 1,29% pour la part patronale<\/li>\n<li>Taux CEG de la tranche 2 (entre 3.925 euros brut et 31.400 euros brut par mois en 2025) : 1,08% pour la part salariale, 1,62% pour la part patronale.<\/li>\n<\/ul>\n<h3><span class=\"ez-toc-section\" id=\"Taux_de_cotisation_CET_2025\"><\/span>Taux de cotisation CET 2025<span class=\"ez-toc-section-end\"><\/span><\/h3>\n<p>La contribution d&rsquo;\u00e9quilibre technique (<strong>CET<\/strong>) a \u00e9t\u00e9 instaur\u00e9e depuis le 1er janvier 2019. Contrairement \u00e0 l&rsquo;ex-contribution d&rsquo;\u00e9quilibre temporaire (<strong>CET<\/strong>) qui a \u00e9t\u00e9 supprim\u00e9e, la nouvelle CET n&rsquo;est pas support\u00e9e uniquement par les cadres, mais aussi par les non-cadres. En revanche, elle est redevable seulement par les salari\u00e9s dont le salaire exc\u00e8de le PSS. Attention : la CET s&rsquo;applique sur la totalit\u00e9 du salaire dans la limite de huit PSS.<\/p>\n<p>Taux CET (entre 1 euro brut et 31.400 euros brut par mois en 2025) : 0,14% pour la part salariale, 0,21% pour la part salariale.<\/p>\n<h3><span class=\"ez-toc-section\" id=\"Taux_de_cotisation_Apec_2025\"><\/span>Taux de cotisation Apec 2025<span class=\"ez-toc-section-end\"><\/span><\/h3>\n<p>La cotisation Apec est destin\u00e9e au financement de l&rsquo;Association pour l&#8217;emploi des cadres (<strong>Apec<\/strong>). Elle est vers\u00e9e uniquement par les salari\u00e9s ayant le statut cadre. Elle s&rsquo;applique sur la totalit\u00e9 du salaire dans la limite de quatre PSS.<\/p>\n<p>Taux Apec (entre 1 euro brut et 15.700 euros brut par mois en 2025) :<\/p>\n<ul>\n<li>0,024% de part salariale<\/li>\n<li>0,036% de part patronale.<\/li>\n<\/ul>\n<h2><span class=\"ez-toc-section\" id=\"Tableau_des_taux_de_cotisation_retraite_2025\"><\/span><a name=\"tablo-2019\"><\/a>Tableau des taux de cotisation retraite 2025<span class=\"ez-toc-section-end\"><\/span><\/h2>\n<div id=\"tablepress-7-scroll-wrapper\" class=\"tablepress-scroll-wrapper\">\n\n<table id=\"tablepress-7\" class=\"tablepress tablepress-id-7 tablepress-responsive\">\n<thead>\n<tr class=\"row-1 odd\">\n\t<th class=\"column-1\">Cotisation<\/th><th class=\"column-2\">Assiette<\/th><th class=\"column-3\">Part salariale<\/th><th class=\"column-4\">Part patronale<\/th><th class=\"column-5\">Total<\/th>\n<\/tr>\n<\/thead>\n<tfoot>\n<tr class=\"row-10 even\">\n\t<th colspan=\"5\" class=\"column-1\"><em>Sources\u00a0: Cnav, Agirc-Arrco<\/em><\/th>\n<\/tr>\n<\/tfoot>\n<tbody class=\"row-hover\">\n<tr class=\"row-2 even\">\n\t<td class=\"column-1\">Assurance vieillesse plafonn\u00e9e<\/td><td class=\"column-2\">De 1 \u00e0 3.925 euros<\/td><td class=\"column-3\">6,90%<\/td><td class=\"column-4\">8,55%<\/td><td class=\"column-5\">15,45%<\/td>\n<\/tr>\n<tr class=\"row-3 odd\">\n\t<td class=\"column-1\">Assurance vieillesse d\u00e9plafonn\u00e9e<\/td><td class=\"column-2\">Totalit\u00e9 du salaire<\/td><td class=\"column-3\">0,40%<\/td><td class=\"column-4\">1,90%<\/td><td class=\"column-5\">2,30%<\/td>\n<\/tr>\n<tr class=\"row-4 even\">\n\t<td class=\"column-1\">Agirc-Arrco tranche 1<\/td><td class=\"column-2\">De 1 \u00e0 3.925 euros<\/td><td class=\"column-3\">3,15%<\/td><td class=\"column-4\">4,72%<\/td><td class=\"column-5\">7,87%<\/td>\n<\/tr>\n<tr class=\"row-5 odd\">\n\t<td class=\"column-1\">Agirc-Arrco tranche 2<\/td><td class=\"column-2\">De 3.925 \u00e0 31.400 euros<\/td><td class=\"column-3\">8,64%<\/td><td class=\"column-4\">12,95%<\/td><td class=\"column-5\">21,59%<\/td>\n<\/tr>\n<tr class=\"row-6 even\">\n\t<td class=\"column-1\">CEG tranche 1<\/td><td class=\"column-2\">De 1 \u00e0 3.925 euros<\/td><td class=\"column-3\">0,86%<\/td><td class=\"column-4\">1,29%<\/td><td class=\"column-5\">2,15%<\/td>\n<\/tr>\n<tr class=\"row-7 odd\">\n\t<td class=\"column-1\">CEG tranche 2<\/td><td class=\"column-2\">De 3.925 \u00e0 31.400 euros<\/td><td class=\"column-3\">1,08%<\/td><td class=\"column-4\">1,62%<\/td><td class=\"column-5\">2,70%<\/td>\n<\/tr>\n<tr class=\"row-8 even\">\n\t<td class=\"column-1\">CET<\/td><td class=\"column-2\">De 1 \u00e0 31.400 euros<\/td><td class=\"column-3\">0,14%<\/td><td class=\"column-4\">0,21%<\/td><td class=\"column-5\">0,35%<\/td>\n<\/tr>\n<tr class=\"row-9 odd\">\n\t<td class=\"column-1\">Apec<\/td><td class=\"column-2\">De 1 et 15.700 euros<\/td><td class=\"column-3\">0,024%<\/td><td class=\"column-4\">0,036%<\/td><td class=\"column-5\">0,06%<\/td>\n<\/tr>\n<\/tbody>\n<\/table>\n\n<\/div><!-- #tablepress-7 from cache -->\n<p>&nbsp;<\/p>\n","protected":false},"excerpt":{"rendered":"<p>Comme tous les actifs, les salari\u00e9s du secteur priv\u00e9 doivent obligatoirement verser des cotisations vieillesse. Les taux et assiettes de cotisation ne sont pas les m\u00eames entre les r\u00e9gimes de retraite de base et de retraite compl\u00e9mentaire.<\/p>\n","protected":false},"author":13709,"featured_media":32227,"comment_status":"closed","ping_status":"closed","sticky":false,"template":"","format":"standard","meta":{"footnotes":""},"categories":[24],"tags":[],"class_list":["post-26479","post","type-post","status-publish","format-standard","has-post-thumbnail","hentry","category-cotisations-retraite"],"acf":[],"yoast_head":"<!-- This site is optimized with the Yoast SEO plugin v24.9 - https:\/\/yoast.com\/wordpress\/plugins\/seo\/ -->\n<title>Taux des cotisations retraite 2025 des salari\u00e9s : r\u00e9gime g\u00e9n\u00e9ral, Agirc-Arrco, tableau<\/title>\n<meta name=\"description\" content=\"Comme tous les actifs, les salari\u00e9s du secteur priv\u00e9 doivent obligatoirement verser des cotisations vieillesse. Les taux et assiettes de cotisation ne sont pas les m\u00eames entre les r\u00e9gimes de retraite de base et de retraite compl\u00e9mentaire.\" \/>\n<meta name=\"robots\" content=\"index, follow, max-snippet:-1, max-image-preview:large, max-video-preview:-1\" \/>\n<link rel=\"canonical\" href=\"https:\/\/www.toutsurmesfinances.com\/retraite\/retraite-les-taux-des-cotisations-des-salaries.html\" \/>\n<meta property=\"og:locale\" content=\"fr_FR\" \/>\n<meta property=\"og:type\" content=\"article\" \/>\n<meta property=\"og:title\" content=\"Taux des cotisations retraite 2025 des salari\u00e9s : r\u00e9gime g\u00e9n\u00e9ral, Agirc-Arrco, tableau\" \/>\n<meta property=\"og:description\" content=\"Comme tous les actifs, les salari\u00e9s du secteur priv\u00e9 doivent obligatoirement verser des cotisations vieillesse. Les taux et assiettes de cotisation ne sont pas les m\u00eames entre les r\u00e9gimes de retraite de base et de retraite compl\u00e9mentaire.\" \/>\n<meta property=\"og:url\" content=\"https:\/\/www.toutsurmesfinances.com\/retraite\/retraite-les-taux-des-cotisations-des-salaries.html\" \/>\n<meta property=\"og:site_name\" content=\"Retraite\" \/>\n<meta property=\"article:published_time\" content=\"2019-02-25T17:31:14+00:00\" \/>\n<meta property=\"article:modified_time\" content=\"2025-08-20T13:51:28+00:00\" \/>\n<meta property=\"og:image\" content=\"https:\/\/www.toutsurmesfinances.com\/retraite\/wp-content\/uploads\/sites\/4\/2025\/04\/image-retraite-droits.jpg\" \/>\n\t<meta property=\"og:image:width\" content=\"600\" \/>\n\t<meta property=\"og:image:height\" content=\"400\" \/>\n\t<meta property=\"og:image:type\" content=\"image\/jpeg\" \/>\n<meta name=\"author\" content=\"Olivier Brunet\" \/>\n<meta name=\"twitter:card\" content=\"summary_large_image\" \/>\n<meta name=\"twitter:creator\" content=\"@Toutsur\" \/>\n<meta name=\"twitter:site\" content=\"@Toutsur\" \/>\n<meta name=\"twitter:label1\" content=\"\u00c9crit par\" \/>\n\t<meta name=\"twitter:data1\" content=\"Olivier Brunet\" \/>\n\t<meta name=\"twitter:label2\" content=\"Dur\u00e9e de lecture estim\u00e9e\" \/>\n\t<meta name=\"twitter:data2\" content=\"7 minutes\" \/>\n<script type=\"application\/ld+json\" class=\"yoast-schema-graph\">{\"@context\":\"https:\/\/schema.org\",\"@graph\":[{\"@type\":\"Article\",\"@id\":\"https:\/\/www.toutsurmesfinances.com\/retraite\/retraite-les-taux-des-cotisations-des-salaries.html#article\",\"isPartOf\":{\"@id\":\"https:\/\/www.toutsurmesfinances.com\/retraite\/retraite-les-taux-des-cotisations-des-salaries.html\"},\"author\":{\"name\":\"Olivier Brunet\",\"@id\":\"https:\/\/www.toutsurmesfinances.com\/retraite\/#\/schema\/person\/f3692b3163890cd1408bd0dc68a1b55a\"},\"headline\":\"Retraite : les taux des cotisations des salari\u00e9s\",\"dateModified\":\"2025-08-20T13:51:28+00:00\",\"mainEntityOfPage\":{\"@id\":\"https:\/\/www.toutsurmesfinances.com\/retraite\/retraite-les-taux-des-cotisations-des-salaries.html\"},\"wordCount\":1331,\"publisher\":{\"@id\":\"https:\/\/www.toutsurmesfinances.com\/retraite\/#organization\"},\"image\":{\"@id\":\"https:\/\/www.toutsurmesfinances.com\/retraite\/retraite-les-taux-des-cotisations-des-salaries.html#primaryimage\"},\"thumbnailUrl\":\"https:\/\/www.toutsurmesfinances.com\/retraite\/wp-content\/uploads\/sites\/4\/2025\/04\/image-retraite-droits.jpg\",\"articleSection\":[\"Cotisations retraite\"],\"inLanguage\":\"fr-FR\"},{\"@type\":\"WebPage\",\"@id\":\"https:\/\/www.toutsurmesfinances.com\/retraite\/retraite-les-taux-des-cotisations-des-salaries.html\",\"url\":\"https:\/\/www.toutsurmesfinances.com\/retraite\/retraite-les-taux-des-cotisations-des-salaries.html\",\"name\":\"Taux des cotisations retraite 2025 des salari\u00e9s : r\u00e9gime g\u00e9n\u00e9ral, Agirc-Arrco, tableau\",\"isPartOf\":{\"@id\":\"https:\/\/www.toutsurmesfinances.com\/retraite\/#website\"},\"primaryImageOfPage\":{\"@id\":\"https:\/\/www.toutsurmesfinances.com\/retraite\/retraite-les-taux-des-cotisations-des-salaries.html#primaryimage\"},\"image\":{\"@id\":\"https:\/\/www.toutsurmesfinances.com\/retraite\/retraite-les-taux-des-cotisations-des-salaries.html#primaryimage\"},\"thumbnailUrl\":\"https:\/\/www.toutsurmesfinances.com\/retraite\/wp-content\/uploads\/sites\/4\/2025\/04\/image-retraite-droits.jpg\",\"dateModified\":\"2025-08-20T13:51:28+00:00\",\"description\":\"Comme tous les actifs, les salari\u00e9s du secteur priv\u00e9 doivent obligatoirement verser des cotisations vieillesse. Les taux et assiettes de cotisation ne sont pas les m\u00eames entre les r\u00e9gimes de retraite de base et de retraite compl\u00e9mentaire.\",\"breadcrumb\":{\"@id\":\"https:\/\/www.toutsurmesfinances.com\/retraite\/retraite-les-taux-des-cotisations-des-salaries.html#breadcrumb\"},\"inLanguage\":\"fr-FR\",\"potentialAction\":[{\"@type\":\"ReadAction\",\"target\":[\"https:\/\/www.toutsurmesfinances.com\/retraite\/retraite-les-taux-des-cotisations-des-salaries.html\"]}]},{\"@type\":\"ImageObject\",\"inLanguage\":\"fr-FR\",\"@id\":\"https:\/\/www.toutsurmesfinances.com\/retraite\/retraite-les-taux-des-cotisations-des-salaries.html#primaryimage\",\"url\":\"https:\/\/www.toutsurmesfinances.com\/retraite\/wp-content\/uploads\/sites\/4\/2025\/04\/image-retraite-droits.jpg\",\"contentUrl\":\"https:\/\/www.toutsurmesfinances.com\/retraite\/wp-content\/uploads\/sites\/4\/2025\/04\/image-retraite-droits.jpg\",\"width\":600,\"height\":400},{\"@type\":\"BreadcrumbList\",\"@id\":\"https:\/\/www.toutsurmesfinances.com\/retraite\/retraite-les-taux-des-cotisations-des-salaries.html#breadcrumb\",\"itemListElement\":[{\"@type\":\"ListItem\",\"position\":1,\"name\":\"Accueil\",\"item\":\"https:\/\/www.toutsurmesfinances.com\/retraite\/\"},{\"@type\":\"ListItem\",\"position\":2,\"name\":\"Droits\",\"item\":\"https:\/\/www.toutsurmesfinances.com\/retraite\/c\/droits\"},{\"@type\":\"ListItem\",\"position\":3,\"name\":\"Cotisations retraite\",\"item\":\"https:\/\/www.toutsurmesfinances.com\/retraite\/c\/cotisations-retraite\"},{\"@type\":\"ListItem\",\"position\":4,\"name\":\"Retraite : les taux des cotisations des salari\u00e9s\"}]},{\"@type\":\"WebSite\",\"@id\":\"https:\/\/www.toutsurmesfinances.com\/retraite\/#website\",\"url\":\"https:\/\/www.toutsurmesfinances.com\/retraite\/\",\"name\":\"Retraite\",\"description\":\"\",\"publisher\":{\"@id\":\"https:\/\/www.toutsurmesfinances.com\/retraite\/#organization\"},\"potentialAction\":[{\"@type\":\"SearchAction\",\"target\":{\"@type\":\"EntryPoint\",\"urlTemplate\":\"https:\/\/www.toutsurmesfinances.com\/retraite\/?s={search_term_string}\"},\"query-input\":{\"@type\":\"PropertyValueSpecification\",\"valueRequired\":true,\"valueName\":\"search_term_string\"}}],\"inLanguage\":\"fr-FR\"},{\"@type\":\"Organization\",\"@id\":\"https:\/\/www.toutsurmesfinances.com\/retraite\/#organization\",\"name\":\"Tout Sur Mes Finances\",\"url\":\"https:\/\/www.toutsurmesfinances.com\/retraite\/\",\"logo\":{\"@type\":\"ImageObject\",\"inLanguage\":\"fr-FR\",\"@id\":\"https:\/\/www.toutsurmesfinances.com\/retraite\/#\/schema\/logo\/image\/\",\"url\":\"https:\/\/www.toutsurmesfinances.com\/retraite\/wp-content\/uploads\/sites\/4\/2021\/01\/favicon.png\",\"contentUrl\":\"https:\/\/www.toutsurmesfinances.com\/retraite\/wp-content\/uploads\/sites\/4\/2021\/01\/favicon.png\",\"width\":512,\"height\":512,\"caption\":\"Tout Sur Mes Finances\"},\"image\":{\"@id\":\"https:\/\/www.toutsurmesfinances.com\/retraite\/#\/schema\/logo\/image\/\"},\"sameAs\":[\"https:\/\/x.com\/Toutsur\"]},{\"@type\":\"Person\",\"@id\":\"https:\/\/www.toutsurmesfinances.com\/retraite\/#\/schema\/person\/f3692b3163890cd1408bd0dc68a1b55a\",\"name\":\"Olivier Brunet\",\"image\":{\"@type\":\"ImageObject\",\"inLanguage\":\"fr-FR\",\"@id\":\"https:\/\/www.toutsurmesfinances.com\/retraite\/#\/schema\/person\/image\/\",\"url\":\"https:\/\/secure.gravatar.com\/avatar\/59a19214b7bb3163a27d873fa61f9a80?s=96&d=mm&r=g\",\"contentUrl\":\"https:\/\/secure.gravatar.com\/avatar\/59a19214b7bb3163a27d873fa61f9a80?s=96&d=mm&r=g\",\"caption\":\"Olivier Brunet\"},\"description\":\"Olivier Brunet est cofondateur de\u00a0ToutSurMesFinances.com\u00a0et r\u00e9dacteur en chef sp\u00e9cialis\u00e9 en placements et fiscalit\u00e9\u00a0des particuliers. Pr\u00e9sent\u00a0au sein du\u00a0m\u00e9dia\u00a0depuis sa cr\u00e9ation, il en est l\u2019un des piliers \u00e9ditoriaux. Il analyse les strat\u00e9gies d\u2019investissement,\u00a0suit\u00a0les \u00e9volutions fiscales et les\u00a0probl\u00e9matiques\u00a0patrimoniales\u00a0avec une vision long terme, forg\u00e9e par des ann\u00e9es de pratique et de suivi des march\u00e9s.\u00a0\",\"sameAs\":[\"https:\/\/www.toutsurmesfinances.com\/author\/olivier\",\"https:\/\/www.linkedin.com\/in\/obrunet\/\"]}]}<\/script>\n<!-- \/ Yoast SEO plugin. -->","yoast_head_json":{"title":"Taux des cotisations retraite 2025 des salari\u00e9s : r\u00e9gime g\u00e9n\u00e9ral, Agirc-Arrco, tableau","description":"Comme tous les actifs, les salari\u00e9s du secteur priv\u00e9 doivent obligatoirement verser des cotisations vieillesse. Les taux et assiettes de cotisation ne sont pas les m\u00eames entre les r\u00e9gimes de retraite de base et de retraite compl\u00e9mentaire.","robots":{"index":"index","follow":"follow","max-snippet":"max-snippet:-1","max-image-preview":"max-image-preview:large","max-video-preview":"max-video-preview:-1"},"canonical":"https:\/\/www.toutsurmesfinances.com\/retraite\/retraite-les-taux-des-cotisations-des-salaries.html","og_locale":"fr_FR","og_type":"article","og_title":"Taux des cotisations retraite 2025 des salari\u00e9s : r\u00e9gime g\u00e9n\u00e9ral, Agirc-Arrco, tableau","og_description":"Comme tous les actifs, les salari\u00e9s du secteur priv\u00e9 doivent obligatoirement verser des cotisations vieillesse. Les taux et assiettes de cotisation ne sont pas les m\u00eames entre les r\u00e9gimes de retraite de base et de retraite compl\u00e9mentaire.","og_url":"https:\/\/www.toutsurmesfinances.com\/retraite\/retraite-les-taux-des-cotisations-des-salaries.html","og_site_name":"Retraite","article_published_time":"2019-02-25T17:31:14+00:00","article_modified_time":"2025-08-20T13:51:28+00:00","og_image":[{"width":600,"height":400,"url":"https:\/\/www.toutsurmesfinances.com\/retraite\/wp-content\/uploads\/sites\/4\/2025\/04\/image-retraite-droits.jpg","type":"image\/jpeg"}],"author":"Olivier Brunet","twitter_card":"summary_large_image","twitter_creator":"@Toutsur","twitter_site":"@Toutsur","twitter_misc":{"\u00c9crit par":"Olivier Brunet","Dur\u00e9e de lecture estim\u00e9e":"7 minutes"},"schema":{"@context":"https:\/\/schema.org","@graph":[{"@type":"Article","@id":"https:\/\/www.toutsurmesfinances.com\/retraite\/retraite-les-taux-des-cotisations-des-salaries.html#article","isPartOf":{"@id":"https:\/\/www.toutsurmesfinances.com\/retraite\/retraite-les-taux-des-cotisations-des-salaries.html"},"author":{"name":"Olivier Brunet","@id":"https:\/\/www.toutsurmesfinances.com\/retraite\/#\/schema\/person\/f3692b3163890cd1408bd0dc68a1b55a"},"headline":"Retraite : les taux des cotisations des salari\u00e9s","dateModified":"2025-08-20T13:51:28+00:00","mainEntityOfPage":{"@id":"https:\/\/www.toutsurmesfinances.com\/retraite\/retraite-les-taux-des-cotisations-des-salaries.html"},"wordCount":1331,"publisher":{"@id":"https:\/\/www.toutsurmesfinances.com\/retraite\/#organization"},"image":{"@id":"https:\/\/www.toutsurmesfinances.com\/retraite\/retraite-les-taux-des-cotisations-des-salaries.html#primaryimage"},"thumbnailUrl":"https:\/\/www.toutsurmesfinances.com\/retraite\/wp-content\/uploads\/sites\/4\/2025\/04\/image-retraite-droits.jpg","articleSection":["Cotisations retraite"],"inLanguage":"fr-FR"},{"@type":"WebPage","@id":"https:\/\/www.toutsurmesfinances.com\/retraite\/retraite-les-taux-des-cotisations-des-salaries.html","url":"https:\/\/www.toutsurmesfinances.com\/retraite\/retraite-les-taux-des-cotisations-des-salaries.html","name":"Taux des cotisations retraite 2025 des salari\u00e9s : r\u00e9gime g\u00e9n\u00e9ral, Agirc-Arrco, tableau","isPartOf":{"@id":"https:\/\/www.toutsurmesfinances.com\/retraite\/#website"},"primaryImageOfPage":{"@id":"https:\/\/www.toutsurmesfinances.com\/retraite\/retraite-les-taux-des-cotisations-des-salaries.html#primaryimage"},"image":{"@id":"https:\/\/www.toutsurmesfinances.com\/retraite\/retraite-les-taux-des-cotisations-des-salaries.html#primaryimage"},"thumbnailUrl":"https:\/\/www.toutsurmesfinances.com\/retraite\/wp-content\/uploads\/sites\/4\/2025\/04\/image-retraite-droits.jpg","dateModified":"2025-08-20T13:51:28+00:00","description":"Comme tous les actifs, les salari\u00e9s du secteur priv\u00e9 doivent obligatoirement verser des cotisations vieillesse. Les taux et assiettes de cotisation ne sont pas les m\u00eames entre les r\u00e9gimes de retraite de base et de retraite compl\u00e9mentaire.","breadcrumb":{"@id":"https:\/\/www.toutsurmesfinances.com\/retraite\/retraite-les-taux-des-cotisations-des-salaries.html#breadcrumb"},"inLanguage":"fr-FR","potentialAction":[{"@type":"ReadAction","target":["https:\/\/www.toutsurmesfinances.com\/retraite\/retraite-les-taux-des-cotisations-des-salaries.html"]}]},{"@type":"ImageObject","inLanguage":"fr-FR","@id":"https:\/\/www.toutsurmesfinances.com\/retraite\/retraite-les-taux-des-cotisations-des-salaries.html#primaryimage","url":"https:\/\/www.toutsurmesfinances.com\/retraite\/wp-content\/uploads\/sites\/4\/2025\/04\/image-retraite-droits.jpg","contentUrl":"https:\/\/www.toutsurmesfinances.com\/retraite\/wp-content\/uploads\/sites\/4\/2025\/04\/image-retraite-droits.jpg","width":600,"height":400},{"@type":"BreadcrumbList","@id":"https:\/\/www.toutsurmesfinances.com\/retraite\/retraite-les-taux-des-cotisations-des-salaries.html#breadcrumb","itemListElement":[{"@type":"ListItem","position":1,"name":"Accueil","item":"https:\/\/www.toutsurmesfinances.com\/retraite\/"},{"@type":"ListItem","position":2,"name":"Droits","item":"https:\/\/www.toutsurmesfinances.com\/retraite\/c\/droits"},{"@type":"ListItem","position":3,"name":"Cotisations retraite","item":"https:\/\/www.toutsurmesfinances.com\/retraite\/c\/cotisations-retraite"},{"@type":"ListItem","position":4,"name":"Retraite : les taux des cotisations des salari\u00e9s"}]},{"@type":"WebSite","@id":"https:\/\/www.toutsurmesfinances.com\/retraite\/#website","url":"https:\/\/www.toutsurmesfinances.com\/retraite\/","name":"Retraite","description":"","publisher":{"@id":"https:\/\/www.toutsurmesfinances.com\/retraite\/#organization"},"potentialAction":[{"@type":"SearchAction","target":{"@type":"EntryPoint","urlTemplate":"https:\/\/www.toutsurmesfinances.com\/retraite\/?s={search_term_string}"},"query-input":{"@type":"PropertyValueSpecification","valueRequired":true,"valueName":"search_term_string"}}],"inLanguage":"fr-FR"},{"@type":"Organization","@id":"https:\/\/www.toutsurmesfinances.com\/retraite\/#organization","name":"Tout Sur Mes Finances","url":"https:\/\/www.toutsurmesfinances.com\/retraite\/","logo":{"@type":"ImageObject","inLanguage":"fr-FR","@id":"https:\/\/www.toutsurmesfinances.com\/retraite\/#\/schema\/logo\/image\/","url":"https:\/\/www.toutsurmesfinances.com\/retraite\/wp-content\/uploads\/sites\/4\/2021\/01\/favicon.png","contentUrl":"https:\/\/www.toutsurmesfinances.com\/retraite\/wp-content\/uploads\/sites\/4\/2021\/01\/favicon.png","width":512,"height":512,"caption":"Tout Sur Mes Finances"},"image":{"@id":"https:\/\/www.toutsurmesfinances.com\/retraite\/#\/schema\/logo\/image\/"},"sameAs":["https:\/\/x.com\/Toutsur"]},{"@type":"Person","@id":"https:\/\/www.toutsurmesfinances.com\/retraite\/#\/schema\/person\/f3692b3163890cd1408bd0dc68a1b55a","name":"Olivier Brunet","image":{"@type":"ImageObject","inLanguage":"fr-FR","@id":"https:\/\/www.toutsurmesfinances.com\/retraite\/#\/schema\/person\/image\/","url":"https:\/\/secure.gravatar.com\/avatar\/59a19214b7bb3163a27d873fa61f9a80?s=96&d=mm&r=g","contentUrl":"https:\/\/secure.gravatar.com\/avatar\/59a19214b7bb3163a27d873fa61f9a80?s=96&d=mm&r=g","caption":"Olivier Brunet"},"description":"Olivier Brunet est cofondateur de\u00a0ToutSurMesFinances.com\u00a0et r\u00e9dacteur en chef sp\u00e9cialis\u00e9 en placements et fiscalit\u00e9\u00a0des particuliers. Pr\u00e9sent\u00a0au sein du\u00a0m\u00e9dia\u00a0depuis sa cr\u00e9ation, il en est l\u2019un des piliers \u00e9ditoriaux. Il analyse les strat\u00e9gies d\u2019investissement,\u00a0suit\u00a0les \u00e9volutions fiscales et les\u00a0probl\u00e9matiques\u00a0patrimoniales\u00a0avec une vision long terme, forg\u00e9e par des ann\u00e9es de pratique et de suivi des march\u00e9s.\u00a0","sameAs":["https:\/\/www.toutsurmesfinances.com\/author\/olivier","https:\/\/www.linkedin.com\/in\/obrunet\/"]}]}},"_links":{"self":[{"href":"https:\/\/www.toutsurmesfinances.com\/retraite\/wp-json\/wp\/v2\/posts\/26479","targetHints":{"allow":["GET"]}}],"collection":[{"href":"https:\/\/www.toutsurmesfinances.com\/retraite\/wp-json\/wp\/v2\/posts"}],"about":[{"href":"https:\/\/www.toutsurmesfinances.com\/retraite\/wp-json\/wp\/v2\/types\/post"}],"author":[{"embeddable":true,"href":"https:\/\/www.toutsurmesfinances.com\/retraite\/wp-json\/wp\/v2\/users\/13709"}],"replies":[{"embeddable":true,"href":"https:\/\/www.toutsurmesfinances.com\/retraite\/wp-json\/wp\/v2\/comments?post=26479"}],"version-history":[{"count":5,"href":"https:\/\/www.toutsurmesfinances.com\/retraite\/wp-json\/wp\/v2\/posts\/26479\/revisions"}],"predecessor-version":[{"id":32320,"href":"https:\/\/www.toutsurmesfinances.com\/retraite\/wp-json\/wp\/v2\/posts\/26479\/revisions\/32320"}],"wp:featuredmedia":[{"embeddable":true,"href":"https:\/\/www.toutsurmesfinances.com\/retraite\/wp-json\/wp\/v2\/media\/32227"}],"wp:attachment":[{"href":"https:\/\/www.toutsurmesfinances.com\/retraite\/wp-json\/wp\/v2\/media?parent=26479"}],"wp:term":[{"taxonomy":"category","embeddable":true,"href":"https:\/\/www.toutsurmesfinances.com\/retraite\/wp-json\/wp\/v2\/categories?post=26479"},{"taxonomy":"post_tag","embeddable":true,"href":"https:\/\/www.toutsurmesfinances.com\/retraite\/wp-json\/wp\/v2\/tags?post=26479"}],"curies":[{"name":"wp","href":"https:\/\/api.w.org\/{rel}","templated":true}]}}