{"id":26750,"date":"2019-07-29T17:27:09","date_gmt":"2019-07-29T15:27:09","guid":{"rendered":"https:\/\/www.toutsurmesfinances.com\/retraite\/?p=26750"},"modified":"2021-12-15T15:20:33","modified_gmt":"2021-12-15T14:20:33","slug":"reforme-des-retraites-ce-qui-attend-les-militaires-en-2025","status":"publish","type":"post","link":"https:\/\/www.toutsurmesfinances.com\/retraite\/reforme-des-retraites-ce-qui-attend-les-militaires-en-2025.html","title":{"rendered":"R\u00e9forme des retraites : ce qui devait se passer pour les militaires"},"content":{"rendered":"<h2><span class=\"ez-toc-section\" id=\"Reforme_des_retraites_quels_seraient_les_militaires_concernes\"><\/span>R\u00e9forme des retraites\u00a0: quels seraient les militaires concern\u00e9s\u00a0?<span class=\"ez-toc-section-end\"><\/span><\/h2>\n<p>\u00c0 l\u2019image des autres actifs, les militaires du rang, sous-officiers et officiers devraient \u00eatre impact\u00e9s par la r\u00e9forme des retraites promise par <strong>Emmanuel Macron<\/strong> lors de la campagne pr\u00e9sidentielle de 2017, du moins si celle-ci est mise en place un jour (la r\u00e9forme a \u00e9t\u00e9 repouss\u00e9e apr\u00e8s la pr\u00e9sidentielle de 2022 \u00e0 cause de la crise sanitaire engendr\u00e9e par le Covid-19). Dans son programme \u00e9lectoral, l\u2019ex-ministre de l\u2019\u00c9conomie, devenu le plus jeune pr\u00e9sident de la R\u00e9publique fran\u00e7aise, avait propos\u00e9 la mise en place d\u2019<a href=\"https:\/\/www.toutsurmesfinances.com\/retraite\/reforme-des-retraites-macron-2017-programme-calendrier.html\">un syst\u00e8me \u00ab\u00a0universel\u00a0\u00bb de retraite dans lequel \u00ab\u00a0chaque euro cotis\u00e9 donnera les m\u00eames droits\u00a0\u00bb<\/a> quel que soit le statut professionnel (salari\u00e9, fonctionnaire, ind\u00e9pendant) de l\u2019assur\u00e9.<\/p>\n<p>Ce syst\u00e8me devait entrer en vigueur le 1<sup>er<\/sup> janvier 2025. Il ne concernerait pas les retrait\u00e9s, ni les actifs n\u00e9s avant le 1er janvier 1975, a annonc\u00e9 l&rsquo;ex-premier ministre <strong>\u00c9douard\u00a0Philippe<\/strong> lors de la pr\u00e9sentation du projet du gouvernement le 11 d\u00e9cembre 2019 au Conseil \u00e9conomique, social et environnemental (Cese). Ainsi, seuls les militaires de la Marine nationale, de l\u2019Arm\u00e9e de l\u2019air, de l\u2019Arm\u00e9e de terre et de la Gendarmerie, n\u00e9s \u00e0 partir du 1<sup>er<\/sup> janvier 1975, se verraient appliquer la r\u00e9forme. Ceux n\u00e9s avant cette date liquideraient leurs droits \u00e0 la retraite dans les m\u00eames conditions qu\u2019actuellement, y compris s\u2019ils partent apr\u00e8s 2025.<\/p>\n<p>\u00c0 noter : \u00c9douard Philippe avait pr\u00e9cis\u00e9 que les premiers assur\u00e9s qui se verraient appliquer pleinement les r\u00e8gles du nouveau syst\u00e8me seraient ceux n\u00e9s \u00e0 compter du 1er janvier 2004. Pour les autres, le calcul de la pension serait effectu\u00e9 \u00e0 due proportion. Ainsi, 70% de la retraite des assur\u00e9s n\u00e9s en 1975 (soit les premiers \u00e0 \u00eatre concern\u00e9s par la r\u00e9forme) serait calcul\u00e9e selon les r\u00e8gles actuelles et les 30% restants selon les futures r\u00e8gles.<\/p>\n<p>Il s\u2019agirait d\u2019un syst\u00e8me par r\u00e9partition. C\u2019est-\u00e0-dire que, comme aujourd\u2019hui, les cotisations vieillesse vers\u00e9es par les actifs serviront \u00e0 financer imm\u00e9diatement les pensions des retrait\u00e9s, sachant que les pensions des premiers seront elles-m\u00eames pay\u00e9es par les g\u00e9n\u00e9rations suivantes. Ce sera un syst\u00e8me en points. Les militaires ne valideront plus de trimestres de cotisations tous les 90 jours travaill\u00e9s, mais acquerront des points de retraite en fonction de leur r\u00e9mun\u00e9ration.<\/p>\n<p><a href=\"https:\/\/www.toutsurmesfinances.com\/retraite\/reforme-des-retraites-les-preconisations-de-delevoye-sur-le-systeme-universel.html\">Dans son rapport remis le 18 juillet 2019<\/a>\u00a0\u00e0\u00a0\u00c9douard Philippe, <strong>Jean-Paul Delevoye<\/strong>, l&rsquo;ancien Haut-commissaire aux retraites, a propos\u00e9 que 10 euros cotis\u00e9s g\u00e9n\u00e8rent 1 point. En prenant comme hypoth\u00e8se un rendement de 5,5% (correspondant \u00e0 celui actuellement en vigueur pour le r\u00e9gime de retraite de base des salari\u00e9s du secteur priv\u00e9), 100 euros cotis\u00e9s permettraient ainsi de percevoir 5,50 euros de pension chaque ann\u00e9e.<\/p>\n<h2><span class=\"ez-toc-section\" id=\"Quelles_cotisations_pour_les_militaires\"><\/span>Quelles cotisations pour les militaires\u00a0?<span class=\"ez-toc-section-end\"><\/span><\/h2>\n<p>Les militaires devraient, <em>a priori<\/em>, \u00eatre soumis aux m\u00eames cotisations vieillesse que les salari\u00e9s des entreprises, les salari\u00e9s agricoles, les agents des r\u00e9gimes \u00ab\u00a0sp\u00e9ciaux\u00a0\u00bb (<a href=\"https:\/\/www.toutsurmesfinances.com\/retraite\/regimes-speciaux-la-retraite-de-la-sncf.html\">SNCF<\/a>, <a href=\"https:\/\/www.toutsurmesfinances.com\/retraite\/regime-special-de-la-ratp-la-retraite-des-cheminots.html\">RATP<\/a>, Banque de France\u2026) et les fonctionnaires civils. Ils seraient assujettis \u00e0 une cotisation de 28,12% pris en charge \u00e0 60% par le minist\u00e8re des Arm\u00e9es.<\/p>\n<p>Sur ces 28,12%, 90% (25,31%) permettraient d\u2019acqu\u00e9rir des points dans la limite de trois fois <a href=\"https:\/\/www.toutsurmesfinances.com\/argent\/a\/plafond-de-la-securite-sociale-pss-definition-montants-et-revalorisation\">le plafond annuel de la S\u00e9curit\u00e9 sociale<\/a> (<strong>Pass<\/strong>), soit 120.000 euros. Au-del\u00e0 de cette somme, les cotisations seront vers\u00e9es \u00ab\u00a0\u00e0 fonds perdus\u00a0\u00bb (pour rien). En revanche, la cotisation de 2,81%, non g\u00e9n\u00e9ratrice de droits et destin\u00e9e \u00e0 financer les dispositifs de solidarit\u00e9 (points pour la maternit\u00e9 ou la maladie, retraite minimum&#8230;) s&rsquo;appliquera sur l&rsquo;ensemble de la r\u00e9mun\u00e9ration.<\/p>\n<p>L\u2019assiette de cotisation de trois Pass inclura les primes. Ces r\u00e9mun\u00e9rations variables ouvriront donc des droits \u00e0 la retraite, ce qui n\u2019est pas le cas aujourd\u2019hui. Ce nouveau mode de cotisation devrait donc plut\u00f4t avantager les militaires qui touchent traditionnellement de nombreuses primes.<\/p>\n<p>\u00c0 noter\u00a0: le Service des retraites de l\u2019\u00c9tat (<strong>SRE<\/strong>), qui g\u00e8re les pensions des militaires (mais aussi celles des fonctionnaires civils d\u2019\u00c9tat et des magistrats), devrait perdurer dans le syst\u00e8me \u00ab\u00a0universel\u00a0\u00bb. En revanche, le SRE ne serait plus un service d\u00e9pendant de la Direction g\u00e9n\u00e9rale des finances publiques (DGFiP), mais deviendrait une vraie caisse de retraite \u00e0 part enti\u00e8re. Il sera alors plus facile d\u2019en d\u00e9terminer les flux financiers (cotisations et prestations).<\/p>\n<h2><span class=\"ez-toc-section\" id=\"Quels_ages_de_depart_pour_les_militaires\"><\/span>Quels \u00e2ges de d\u00e9part pour les militaires\u00a0?<span class=\"ez-toc-section-end\"><\/span><\/h2>\n<p>Les r\u00e8gles actuelles devraient peu ou prou \u00eatre maintenues. Une fois atteint le nombre d\u2019ann\u00e9es de service requis, les militaires pourront, comme aujourd\u2019hui, demander \u00e0 liquider leurs droits \u00e0 la retraite. Ils continueront alors \u00e0 percevoir leurs pensions imm\u00e9diatement. Ils profiteront du m\u00eame cumul emploi-retraite, c\u2019est-\u00e0-dire que les cotisations vieillesse vers\u00e9es dans le cadre de leur nouvelle activit\u00e9 professionnelle leur permettront de se constituer une pension suppl\u00e9mentaire.<\/p>\n<h3><span class=\"ez-toc-section\" id=\"Pour_les_militaires_de_rang_et_les_sous-officiers\"><\/span>Pour les militaires de rang et les sous-officiers<span class=\"ez-toc-section-end\"><\/span><\/h3>\n<p>Le droit au d\u00e9part sera toujours ouvert \u00e0 compter de 17 ans de service et permettra une liquidation imm\u00e9diate de la retraite. Pour les d\u00e9parts intervenant avant d\u2019avoir atteint 19,5 ann\u00e9es de service, une d\u00e9cote sera appliqu\u00e9e, comme aujourd&rsquo;hui.<\/p>\n<h3><span class=\"ez-toc-section\" id=\"Pour_les_officiers\"><\/span>Pour les officiers<span class=\"ez-toc-section-end\"><\/span><\/h3>\n<p>Les officiers devront justifier d\u2019au moins 27 ans de service pour liquider leurs droits. Pour ceux dont la limite d\u2019\u00e2ge (l\u2019\u00e2ge \u00e0 partir duquel ils ne sont plus autoris\u00e9s \u00e0 occuper leur poste) est inf\u00e9rieure \u00e0 57 ans, une d\u00e9cote sera appliqu\u00e9e pour tous les d\u00e9parts intervenant avant 29,5 ann\u00e9es de service. Pour ceux dont la limite d\u2019\u00e2ge est comprise entre 57 et 62 ans, il sera fix\u00e9 un \u00e2ge du taux plein correspondant \u00e0 l\u2019\u00e2ge moyen de d\u00e9part constat\u00e9 pour ces cat\u00e9gories de militaires<\/p>\n<p>Pour les militaires dont la limite d\u2019\u00e2ge est sup\u00e9rieure \u00e0 62 ans, les r\u00e8gles de droit commun s\u2019appliqueront. Ils disposent alors du m\u00eame \u00e2ge de taux plein que les autres assur\u00e9s. Celui-ci devrait \u00eatre fix\u00e9 \u00e0 64 ans, sachant qu\u2019il sera amen\u00e9 \u00e0 \u00e9voluer en fonction des gains d\u2019esp\u00e9rance de vie. S\u2019ils partent avant 64 ans, ces officiers subiront <a href=\"https:\/\/www.toutsurmesfinances.com\/retraite\/retraites-comment-fonctionne-la-decote.html\">une d\u00e9cote<\/a>. S\u2019ils prennent leur retraite apr\u00e8s 64 ans, ils b\u00e9n\u00e9ficieront d\u2019<a href=\"https:\/\/www.toutsurmesfinances.com\/retraite\/la-surcote-les-conditions-pour-beneficier-d-une-meilleure-retraite.html\">une surcote<\/a>.<\/p>\n<h2><span class=\"ez-toc-section\" id=\"Comment_les_pensions_des_militaires_seraient-elles_calculees\"><\/span>Comment les pensions des militaires seraient-elles calcul\u00e9es\u00a0?<span class=\"ez-toc-section-end\"><\/span><\/h2>\n<p>Les pensions des militaires devraient \u00eatre calcul\u00e9es comme celles des autres actifs. Les points qu\u2019ils auront cumul\u00e9s durant leur engagement seront multipli\u00e9s par la valeur du service du point \u00e0 l\u2019instant T pour donner le montant annuel de la retraite militaire \u00e0 servir.<\/p>\n<p>Sur le mod\u00e8le des \u00ab\u00a0bonifications de campagne\u00a0\u00bb, des points \u00ab\u00a0gratuits\u00a0\u00bb seront octroy\u00e9s <em>\u00ab\u00a0dans des situations qui seront d\u00e9finies en \u00e9troite concertation avec le minist\u00e8re des Arm\u00e9es\u00a0\u00bb. <\/em>L\u2019id\u00e9e est que le militaire ne soit pas perdant <em>in fine<\/em>. \u00ab\u00a0<em>Un objectif de maintien des niveaux globaux actuels de retraite sera poursuivi avec, le cas \u00e9ch\u00e9ant, un m\u00e9canisme de sur-cotisation de l\u2019employeur\u00a0\u00bb, <\/em>annonce le rapport Delevoye.<\/p>\n<p>Par ailleurs,\u00a0\u00c9douard\u00a0Philippe a indiqu\u00e9 le 11 d\u00e9cembre 2019 que la bonification du\u00a0\u00ab\u00a01\/5\u00e8me \u00bb sera maintenu. Ce dispositif permet aux militaire de se voir octroyer une annuit\u00e9 de retraite suppl\u00e9mentaire tous les 5 ans de services effectifs.<\/p>\n<h2><span class=\"ez-toc-section\" id=\"Ce_qui_est_prevu_pour_les_militaires_parents\"><\/span>Ce qui est pr\u00e9vu pour les militaires parents<span class=\"ez-toc-section-end\"><\/span><\/h2>\n<p>Comme les fonctionnaires civils, les militaires per\u00e7oivent aujourd\u2019hui une majoration de 10% de leur retraite s\u2019ils ont \u00e9lev\u00e9 trois enfants. Ce bonus est major\u00e9 de 5% par enfant \u00e0 partir du quatri\u00e8me. Un officier, p\u00e8re de cinq enfants, voit sa pension \u00eatre major\u00e9e de 20% (10% + 5% +5%).<\/p>\n<p>Dans le nouveau syst\u00e8me, la majoration familiale sera attribu\u00e9e d\u00e8s le premier enfant. Elle s\u2019\u00e9l\u00e8vera \u00e0 5% par enfant. \u00c9douard\u00a0Philippe a annonc\u00e9 qu&rsquo;un bonus de 2% sera octroy\u00e9 \u00e0 partir du 3\u00e8me enfant. Quoi qu&rsquo;il en soit, la majoration ne sera plus vers\u00e9e au p\u00e8re et \u00e0 la m\u00e8re, mais uniquement \u00e0 cette derni\u00e8re sauf si, aux quatre ans de l\u2019enfant, le couple d\u00e9cide de la partager (2,5% chacun) ou demande le versement au p\u00e8re.<\/p>\n<p>Les effectifs des arm\u00e9es \u00e9tant tr\u00e8s majoritairement masculins, peu de militaires p\u00e8re de famille devrait, au final, toucher la majoration pour enfant.<\/p>\n<h2><span class=\"ez-toc-section\" id=\"Ce_qui_est_prevu_pour_les_veufs_et_veuves_de_militaires\"><\/span>Ce qui est pr\u00e9vu pour les veufs et veuves de militaires<span class=\"ez-toc-section-end\"><\/span><\/h2>\n<p>Comme pour les conjoints survivants des fonctionnaires civils, <a href=\"https:\/\/www.toutsurmesfinances.com\/retraite\/pension-de-reversion-definition-conditions-montant-et-calendrier-de-versement.html\">les veuves et veufs de militaires per\u00e7oivent actuellement 50% de la retraite de leur \u00e9poux ou \u00e9pouse<\/a> \u00e0 son d\u00e9c\u00e8s. Il n\u2019y a pas de condition d\u2019\u00e2ge ou de niveau de ressources \u00e0 remplir. En revanche, le conjoint survivant doit avoir \u00e9t\u00e9 mari\u00e9 pendant au moins quatre ans avec le militaire ou pendant au moins deux ans avant son d\u00e9part \u00e0 la retraite. Cette condition de mariage est supprim\u00e9e en pr\u00e9sence d\u2019un enfant. Les conjoints divorc\u00e9s ou s\u00e9par\u00e9s du militaire touchent eux aussi une part de sa retraite au prorata de la dur\u00e9e de mariage d\u2019avec le d\u00e9funt, sauf s\u2019ils se sont remari\u00e9s, pacs\u00e9s ou vivent en couple.<\/p>\n<p>Dans le syst\u00e8me \u00ab\u00a0universel\u00a0\u00bb, la veuve ou le veuf du militaire percevra l\u2019\u00e9quivalent de 70% du montant des retraites cumul\u00e9es du couple. Ce qui implique que le conjoint survivant soit retrait\u00e9 et donc le plus souvent \u00e2g\u00e9 d\u2019au moins 62 ans (l\u2019\u00e2ge minimum de d\u00e9part \u00e0 la retraite pour la grande majorit\u00e9 des actifs). Les ex-conjoints n\u2019auront, eux, droit \u00e0 rien.<\/p>\n","protected":false},"excerpt":{"rendered":"<p>Si les militaires sont concern\u00e9s, comme les autres actifs, par l\u2019instauration du syst\u00e8me \u00ab universel \u00bb promis par Emmanuel Macron, ils devraient garder la plupart de leurs avantages. La r\u00e9forme des retraites a \u00e9t\u00e9 repouss\u00e9e apr\u00e8s la pr\u00e9sidentielle de 2022.<\/p>\n","protected":false},"author":13713,"featured_media":26751,"comment_status":"closed","ping_status":"closed","sticky":false,"template":"","format":"standard","meta":{"footnotes":""},"categories":[7],"tags":[],"class_list":["post-26750","post","type-post","status-publish","format-standard","has-post-thumbnail","hentry","category-reforme-des-retraites"],"acf":[],"yoast_head":"<!-- This site is optimized with the Yoast SEO plugin v24.9 - https:\/\/yoast.com\/wordpress\/plugins\/seo\/ -->\n<title>R\u00e9forme des retraites 2022 et militaires : \u00e2ge de d\u00e9part, calcul<\/title>\n<meta name=\"description\" content=\"Si les militaires sont concern\u00e9s, comme les autres actifs, par l\u2019instauration du syst\u00e8me \u00ab universel \u00bb promis par Emmanuel Macron, ils devraient garder la plupart de leurs avantages. La r\u00e9forme des retraites a \u00e9t\u00e9 repouss\u00e9e apr\u00e8s la pr\u00e9sidentielle de 2022.\" \/>\n<meta name=\"robots\" content=\"index, follow, max-snippet:-1, max-image-preview:large, max-video-preview:-1\" \/>\n<link rel=\"canonical\" href=\"https:\/\/www.toutsurmesfinances.com\/retraite\/reforme-des-retraites-ce-qui-attend-les-militaires-en-2025.html\" \/>\n<meta property=\"og:locale\" content=\"fr_FR\" \/>\n<meta property=\"og:type\" content=\"article\" \/>\n<meta property=\"og:title\" content=\"R\u00e9forme des retraites 2022 et militaires : \u00e2ge de d\u00e9part, calcul\" \/>\n<meta property=\"og:description\" content=\"Si les militaires sont concern\u00e9s, comme les autres actifs, par l\u2019instauration du syst\u00e8me \u00ab universel \u00bb promis par Emmanuel Macron, ils devraient garder la plupart de leurs avantages. La r\u00e9forme des retraites a \u00e9t\u00e9 repouss\u00e9e apr\u00e8s la pr\u00e9sidentielle de 2022.\" \/>\n<meta property=\"og:url\" content=\"https:\/\/www.toutsurmesfinances.com\/retraite\/reforme-des-retraites-ce-qui-attend-les-militaires-en-2025.html\" \/>\n<meta property=\"og:site_name\" content=\"Retraite\" \/>\n<meta property=\"article:published_time\" content=\"2019-07-29T15:27:09+00:00\" \/>\n<meta property=\"article:modified_time\" content=\"2021-12-15T14:20:33+00:00\" \/>\n<meta property=\"og:image\" content=\"https:\/\/www.toutsurmesfinances.com\/retraite\/wp-content\/uploads\/sites\/4\/2019\/07\/militaires.jpg\" \/>\n\t<meta property=\"og:image:width\" content=\"823\" \/>\n\t<meta property=\"og:image:height\" content=\"463\" \/>\n\t<meta property=\"og:image:type\" content=\"image\/jpeg\" \/>\n<meta name=\"author\" content=\"Jean-Philippe Dubosc\" \/>\n<meta name=\"twitter:card\" content=\"summary_large_image\" \/>\n<meta name=\"twitter:creator\" content=\"@Toutsur\" \/>\n<meta name=\"twitter:site\" content=\"@Toutsur\" \/>\n<meta name=\"twitter:label1\" content=\"\u00c9crit par\" \/>\n\t<meta name=\"twitter:data1\" content=\"Jean-Philippe Dubosc\" \/>\n\t<meta name=\"twitter:label2\" content=\"Dur\u00e9e de lecture estim\u00e9e\" \/>\n\t<meta name=\"twitter:data2\" content=\"8 minutes\" \/>\n<script type=\"application\/ld+json\" class=\"yoast-schema-graph\">{\"@context\":\"https:\/\/schema.org\",\"@graph\":[{\"@type\":\"Article\",\"@id\":\"https:\/\/www.toutsurmesfinances.com\/retraite\/reforme-des-retraites-ce-qui-attend-les-militaires-en-2025.html#article\",\"isPartOf\":{\"@id\":\"https:\/\/www.toutsurmesfinances.com\/retraite\/reforme-des-retraites-ce-qui-attend-les-militaires-en-2025.html\"},\"author\":{\"name\":\"Jean-Philippe Dubosc\",\"@id\":\"https:\/\/www.toutsurmesfinances.com\/retraite\/#\/schema\/person\/addc9e9b3978fa7947ead71bab57694c\"},\"headline\":\"R\u00e9forme des retraites : ce qui devait se passer pour les militaires\",\"dateModified\":\"2021-12-15T14:20:33+00:00\",\"mainEntityOfPage\":{\"@id\":\"https:\/\/www.toutsurmesfinances.com\/retraite\/reforme-des-retraites-ce-qui-attend-les-militaires-en-2025.html\"},\"wordCount\":1592,\"publisher\":{\"@id\":\"https:\/\/www.toutsurmesfinances.com\/retraite\/#organization\"},\"image\":{\"@id\":\"https:\/\/www.toutsurmesfinances.com\/retraite\/reforme-des-retraites-ce-qui-attend-les-militaires-en-2025.html#primaryimage\"},\"thumbnailUrl\":\"https:\/\/www.toutsurmesfinances.com\/retraite\/wp-content\/uploads\/sites\/4\/2019\/07\/militaires.jpg\",\"articleSection\":[\"R\u00e9forme des retraites\"],\"inLanguage\":\"fr-FR\"},{\"@type\":\"WebPage\",\"@id\":\"https:\/\/www.toutsurmesfinances.com\/retraite\/reforme-des-retraites-ce-qui-attend-les-militaires-en-2025.html\",\"url\":\"https:\/\/www.toutsurmesfinances.com\/retraite\/reforme-des-retraites-ce-qui-attend-les-militaires-en-2025.html\",\"name\":\"R\u00e9forme des retraites 2022 et militaires : \u00e2ge de d\u00e9part, calcul\",\"isPartOf\":{\"@id\":\"https:\/\/www.toutsurmesfinances.com\/retraite\/#website\"},\"primaryImageOfPage\":{\"@id\":\"https:\/\/www.toutsurmesfinances.com\/retraite\/reforme-des-retraites-ce-qui-attend-les-militaires-en-2025.html#primaryimage\"},\"image\":{\"@id\":\"https:\/\/www.toutsurmesfinances.com\/retraite\/reforme-des-retraites-ce-qui-attend-les-militaires-en-2025.html#primaryimage\"},\"thumbnailUrl\":\"https:\/\/www.toutsurmesfinances.com\/retraite\/wp-content\/uploads\/sites\/4\/2019\/07\/militaires.jpg\",\"dateModified\":\"2021-12-15T14:20:33+00:00\",\"description\":\"Si les militaires sont concern\u00e9s, comme les autres actifs, par l\u2019instauration du syst\u00e8me \u00ab universel \u00bb promis par Emmanuel Macron, ils devraient garder la plupart de leurs avantages. La r\u00e9forme des retraites a \u00e9t\u00e9 repouss\u00e9e apr\u00e8s la pr\u00e9sidentielle de 2022.\",\"breadcrumb\":{\"@id\":\"https:\/\/www.toutsurmesfinances.com\/retraite\/reforme-des-retraites-ce-qui-attend-les-militaires-en-2025.html#breadcrumb\"},\"inLanguage\":\"fr-FR\",\"potentialAction\":[{\"@type\":\"ReadAction\",\"target\":[\"https:\/\/www.toutsurmesfinances.com\/retraite\/reforme-des-retraites-ce-qui-attend-les-militaires-en-2025.html\"]}]},{\"@type\":\"ImageObject\",\"inLanguage\":\"fr-FR\",\"@id\":\"https:\/\/www.toutsurmesfinances.com\/retraite\/reforme-des-retraites-ce-qui-attend-les-militaires-en-2025.html#primaryimage\",\"url\":\"https:\/\/www.toutsurmesfinances.com\/retraite\/wp-content\/uploads\/sites\/4\/2019\/07\/militaires.jpg\",\"contentUrl\":\"https:\/\/www.toutsurmesfinances.com\/retraite\/wp-content\/uploads\/sites\/4\/2019\/07\/militaires.jpg\",\"width\":823,\"height\":463},{\"@type\":\"BreadcrumbList\",\"@id\":\"https:\/\/www.toutsurmesfinances.com\/retraite\/reforme-des-retraites-ce-qui-attend-les-militaires-en-2025.html#breadcrumb\",\"itemListElement\":[{\"@type\":\"ListItem\",\"position\":1,\"name\":\"Accueil\",\"item\":\"https:\/\/www.toutsurmesfinances.com\/retraite\/\"},{\"@type\":\"ListItem\",\"position\":2,\"name\":\"R\u00e9forme\",\"item\":\"https:\/\/www.toutsurmesfinances.com\/retraite\/c\/reforme\"},{\"@type\":\"ListItem\",\"position\":3,\"name\":\"R\u00e9forme des retraites\",\"item\":\"https:\/\/www.toutsurmesfinances.com\/retraite\/c\/reforme-des-retraites\"},{\"@type\":\"ListItem\",\"position\":4,\"name\":\"R\u00e9forme des retraites : ce qui devait se passer pour les militaires\"}]},{\"@type\":\"WebSite\",\"@id\":\"https:\/\/www.toutsurmesfinances.com\/retraite\/#website\",\"url\":\"https:\/\/www.toutsurmesfinances.com\/retraite\/\",\"name\":\"Retraite\",\"description\":\"\",\"publisher\":{\"@id\":\"https:\/\/www.toutsurmesfinances.com\/retraite\/#organization\"},\"potentialAction\":[{\"@type\":\"SearchAction\",\"target\":{\"@type\":\"EntryPoint\",\"urlTemplate\":\"https:\/\/www.toutsurmesfinances.com\/retraite\/?s={search_term_string}\"},\"query-input\":{\"@type\":\"PropertyValueSpecification\",\"valueRequired\":true,\"valueName\":\"search_term_string\"}}],\"inLanguage\":\"fr-FR\"},{\"@type\":\"Organization\",\"@id\":\"https:\/\/www.toutsurmesfinances.com\/retraite\/#organization\",\"name\":\"Tout Sur Mes Finances\",\"url\":\"https:\/\/www.toutsurmesfinances.com\/retraite\/\",\"logo\":{\"@type\":\"ImageObject\",\"inLanguage\":\"fr-FR\",\"@id\":\"https:\/\/www.toutsurmesfinances.com\/retraite\/#\/schema\/logo\/image\/\",\"url\":\"https:\/\/www.toutsurmesfinances.com\/retraite\/wp-content\/uploads\/sites\/4\/2021\/01\/favicon.png\",\"contentUrl\":\"https:\/\/www.toutsurmesfinances.com\/retraite\/wp-content\/uploads\/sites\/4\/2021\/01\/favicon.png\",\"width\":512,\"height\":512,\"caption\":\"Tout Sur Mes Finances\"},\"image\":{\"@id\":\"https:\/\/www.toutsurmesfinances.com\/retraite\/#\/schema\/logo\/image\/\"},\"sameAs\":[\"https:\/\/x.com\/Toutsur\"]},{\"@type\":\"Person\",\"@id\":\"https:\/\/www.toutsurmesfinances.com\/retraite\/#\/schema\/person\/addc9e9b3978fa7947ead71bab57694c\",\"name\":\"Jean-Philippe Dubosc\",\"image\":{\"@type\":\"ImageObject\",\"inLanguage\":\"fr-FR\",\"@id\":\"https:\/\/www.toutsurmesfinances.com\/retraite\/#\/schema\/person\/image\/\",\"url\":\"https:\/\/secure.gravatar.com\/avatar\/a3cba30cdda1afe79f6ebffc6e952291?s=96&d=mm&r=g\",\"contentUrl\":\"https:\/\/secure.gravatar.com\/avatar\/a3cba30cdda1afe79f6ebffc6e952291?s=96&d=mm&r=g\",\"caption\":\"Jean-Philippe Dubosc\"},\"description\":\"Jean-Philippe Dubosc est r\u00e9dacteur en chef de ToutSurMesFinances.com et sp\u00e9cialiste des questions de retraite obligatoire et d\u2019\u00e9pargne. Pr\u00e9sent au sein du m\u00e9dia depuis plus de 13 ans, il analyse les r\u00e9formes, les dispositifs r\u00e9glementaires et les strat\u00e9gies de d\u00e9part \u00e0 la retraite, avec une approche fond\u00e9e sur une lecture rigoureuse des textes et une connaissance approfondie des diff\u00e9rents r\u00e9gimes de retraite.\",\"sameAs\":[\"https:\/\/www.toutsurmesfinances.com\/author\/jpdubosc\",\"https:\/\/fr.linkedin.com\/in\/jpdubosc\"]}]}<\/script>\n<!-- \/ Yoast SEO plugin. -->","yoast_head_json":{"title":"R\u00e9forme des retraites 2022 et militaires : \u00e2ge de d\u00e9part, calcul","description":"Si les militaires sont concern\u00e9s, comme les autres actifs, par l\u2019instauration du syst\u00e8me \u00ab universel \u00bb promis par Emmanuel Macron, ils devraient garder la plupart de leurs avantages. La r\u00e9forme des retraites a \u00e9t\u00e9 repouss\u00e9e apr\u00e8s la pr\u00e9sidentielle de 2022.","robots":{"index":"index","follow":"follow","max-snippet":"max-snippet:-1","max-image-preview":"max-image-preview:large","max-video-preview":"max-video-preview:-1"},"canonical":"https:\/\/www.toutsurmesfinances.com\/retraite\/reforme-des-retraites-ce-qui-attend-les-militaires-en-2025.html","og_locale":"fr_FR","og_type":"article","og_title":"R\u00e9forme des retraites 2022 et militaires : \u00e2ge de d\u00e9part, calcul","og_description":"Si les militaires sont concern\u00e9s, comme les autres actifs, par l\u2019instauration du syst\u00e8me \u00ab universel \u00bb promis par Emmanuel Macron, ils devraient garder la plupart de leurs avantages. La r\u00e9forme des retraites a \u00e9t\u00e9 repouss\u00e9e apr\u00e8s la pr\u00e9sidentielle de 2022.","og_url":"https:\/\/www.toutsurmesfinances.com\/retraite\/reforme-des-retraites-ce-qui-attend-les-militaires-en-2025.html","og_site_name":"Retraite","article_published_time":"2019-07-29T15:27:09+00:00","article_modified_time":"2021-12-15T14:20:33+00:00","og_image":[{"width":823,"height":463,"url":"https:\/\/www.toutsurmesfinances.com\/retraite\/wp-content\/uploads\/sites\/4\/2019\/07\/militaires.jpg","type":"image\/jpeg"}],"author":"Jean-Philippe Dubosc","twitter_card":"summary_large_image","twitter_creator":"@Toutsur","twitter_site":"@Toutsur","twitter_misc":{"\u00c9crit par":"Jean-Philippe Dubosc","Dur\u00e9e de lecture estim\u00e9e":"8 minutes"},"schema":{"@context":"https:\/\/schema.org","@graph":[{"@type":"Article","@id":"https:\/\/www.toutsurmesfinances.com\/retraite\/reforme-des-retraites-ce-qui-attend-les-militaires-en-2025.html#article","isPartOf":{"@id":"https:\/\/www.toutsurmesfinances.com\/retraite\/reforme-des-retraites-ce-qui-attend-les-militaires-en-2025.html"},"author":{"name":"Jean-Philippe Dubosc","@id":"https:\/\/www.toutsurmesfinances.com\/retraite\/#\/schema\/person\/addc9e9b3978fa7947ead71bab57694c"},"headline":"R\u00e9forme des retraites : ce qui devait se passer pour les militaires","dateModified":"2021-12-15T14:20:33+00:00","mainEntityOfPage":{"@id":"https:\/\/www.toutsurmesfinances.com\/retraite\/reforme-des-retraites-ce-qui-attend-les-militaires-en-2025.html"},"wordCount":1592,"publisher":{"@id":"https:\/\/www.toutsurmesfinances.com\/retraite\/#organization"},"image":{"@id":"https:\/\/www.toutsurmesfinances.com\/retraite\/reforme-des-retraites-ce-qui-attend-les-militaires-en-2025.html#primaryimage"},"thumbnailUrl":"https:\/\/www.toutsurmesfinances.com\/retraite\/wp-content\/uploads\/sites\/4\/2019\/07\/militaires.jpg","articleSection":["R\u00e9forme des retraites"],"inLanguage":"fr-FR"},{"@type":"WebPage","@id":"https:\/\/www.toutsurmesfinances.com\/retraite\/reforme-des-retraites-ce-qui-attend-les-militaires-en-2025.html","url":"https:\/\/www.toutsurmesfinances.com\/retraite\/reforme-des-retraites-ce-qui-attend-les-militaires-en-2025.html","name":"R\u00e9forme des retraites 2022 et militaires : \u00e2ge de d\u00e9part, calcul","isPartOf":{"@id":"https:\/\/www.toutsurmesfinances.com\/retraite\/#website"},"primaryImageOfPage":{"@id":"https:\/\/www.toutsurmesfinances.com\/retraite\/reforme-des-retraites-ce-qui-attend-les-militaires-en-2025.html#primaryimage"},"image":{"@id":"https:\/\/www.toutsurmesfinances.com\/retraite\/reforme-des-retraites-ce-qui-attend-les-militaires-en-2025.html#primaryimage"},"thumbnailUrl":"https:\/\/www.toutsurmesfinances.com\/retraite\/wp-content\/uploads\/sites\/4\/2019\/07\/militaires.jpg","dateModified":"2021-12-15T14:20:33+00:00","description":"Si les militaires sont concern\u00e9s, comme les autres actifs, par l\u2019instauration du syst\u00e8me \u00ab universel \u00bb promis par Emmanuel Macron, ils devraient garder la plupart de leurs avantages. La r\u00e9forme des retraites a \u00e9t\u00e9 repouss\u00e9e apr\u00e8s la pr\u00e9sidentielle de 2022.","breadcrumb":{"@id":"https:\/\/www.toutsurmesfinances.com\/retraite\/reforme-des-retraites-ce-qui-attend-les-militaires-en-2025.html#breadcrumb"},"inLanguage":"fr-FR","potentialAction":[{"@type":"ReadAction","target":["https:\/\/www.toutsurmesfinances.com\/retraite\/reforme-des-retraites-ce-qui-attend-les-militaires-en-2025.html"]}]},{"@type":"ImageObject","inLanguage":"fr-FR","@id":"https:\/\/www.toutsurmesfinances.com\/retraite\/reforme-des-retraites-ce-qui-attend-les-militaires-en-2025.html#primaryimage","url":"https:\/\/www.toutsurmesfinances.com\/retraite\/wp-content\/uploads\/sites\/4\/2019\/07\/militaires.jpg","contentUrl":"https:\/\/www.toutsurmesfinances.com\/retraite\/wp-content\/uploads\/sites\/4\/2019\/07\/militaires.jpg","width":823,"height":463},{"@type":"BreadcrumbList","@id":"https:\/\/www.toutsurmesfinances.com\/retraite\/reforme-des-retraites-ce-qui-attend-les-militaires-en-2025.html#breadcrumb","itemListElement":[{"@type":"ListItem","position":1,"name":"Accueil","item":"https:\/\/www.toutsurmesfinances.com\/retraite\/"},{"@type":"ListItem","position":2,"name":"R\u00e9forme","item":"https:\/\/www.toutsurmesfinances.com\/retraite\/c\/reforme"},{"@type":"ListItem","position":3,"name":"R\u00e9forme des retraites","item":"https:\/\/www.toutsurmesfinances.com\/retraite\/c\/reforme-des-retraites"},{"@type":"ListItem","position":4,"name":"R\u00e9forme des retraites : ce qui devait se passer pour les militaires"}]},{"@type":"WebSite","@id":"https:\/\/www.toutsurmesfinances.com\/retraite\/#website","url":"https:\/\/www.toutsurmesfinances.com\/retraite\/","name":"Retraite","description":"","publisher":{"@id":"https:\/\/www.toutsurmesfinances.com\/retraite\/#organization"},"potentialAction":[{"@type":"SearchAction","target":{"@type":"EntryPoint","urlTemplate":"https:\/\/www.toutsurmesfinances.com\/retraite\/?s={search_term_string}"},"query-input":{"@type":"PropertyValueSpecification","valueRequired":true,"valueName":"search_term_string"}}],"inLanguage":"fr-FR"},{"@type":"Organization","@id":"https:\/\/www.toutsurmesfinances.com\/retraite\/#organization","name":"Tout Sur Mes Finances","url":"https:\/\/www.toutsurmesfinances.com\/retraite\/","logo":{"@type":"ImageObject","inLanguage":"fr-FR","@id":"https:\/\/www.toutsurmesfinances.com\/retraite\/#\/schema\/logo\/image\/","url":"https:\/\/www.toutsurmesfinances.com\/retraite\/wp-content\/uploads\/sites\/4\/2021\/01\/favicon.png","contentUrl":"https:\/\/www.toutsurmesfinances.com\/retraite\/wp-content\/uploads\/sites\/4\/2021\/01\/favicon.png","width":512,"height":512,"caption":"Tout Sur Mes Finances"},"image":{"@id":"https:\/\/www.toutsurmesfinances.com\/retraite\/#\/schema\/logo\/image\/"},"sameAs":["https:\/\/x.com\/Toutsur"]},{"@type":"Person","@id":"https:\/\/www.toutsurmesfinances.com\/retraite\/#\/schema\/person\/addc9e9b3978fa7947ead71bab57694c","name":"Jean-Philippe Dubosc","image":{"@type":"ImageObject","inLanguage":"fr-FR","@id":"https:\/\/www.toutsurmesfinances.com\/retraite\/#\/schema\/person\/image\/","url":"https:\/\/secure.gravatar.com\/avatar\/a3cba30cdda1afe79f6ebffc6e952291?s=96&d=mm&r=g","contentUrl":"https:\/\/secure.gravatar.com\/avatar\/a3cba30cdda1afe79f6ebffc6e952291?s=96&d=mm&r=g","caption":"Jean-Philippe Dubosc"},"description":"Jean-Philippe Dubosc est r\u00e9dacteur en chef de ToutSurMesFinances.com et sp\u00e9cialiste des questions de retraite obligatoire et d\u2019\u00e9pargne. Pr\u00e9sent au sein du m\u00e9dia depuis plus de 13 ans, il analyse les r\u00e9formes, les dispositifs r\u00e9glementaires et les strat\u00e9gies de d\u00e9part \u00e0 la retraite, avec une approche fond\u00e9e sur une lecture rigoureuse des textes et une connaissance approfondie des diff\u00e9rents r\u00e9gimes de retraite.","sameAs":["https:\/\/www.toutsurmesfinances.com\/author\/jpdubosc","https:\/\/fr.linkedin.com\/in\/jpdubosc"]}]}},"_links":{"self":[{"href":"https:\/\/www.toutsurmesfinances.com\/retraite\/wp-json\/wp\/v2\/posts\/26750","targetHints":{"allow":["GET"]}}],"collection":[{"href":"https:\/\/www.toutsurmesfinances.com\/retraite\/wp-json\/wp\/v2\/posts"}],"about":[{"href":"https:\/\/www.toutsurmesfinances.com\/retraite\/wp-json\/wp\/v2\/types\/post"}],"author":[{"embeddable":true,"href":"https:\/\/www.toutsurmesfinances.com\/retraite\/wp-json\/wp\/v2\/users\/13713"}],"replies":[{"embeddable":true,"href":"https:\/\/www.toutsurmesfinances.com\/retraite\/wp-json\/wp\/v2\/comments?post=26750"}],"version-history":[{"count":3,"href":"https:\/\/www.toutsurmesfinances.com\/retraite\/wp-json\/wp\/v2\/posts\/26750\/revisions"}],"predecessor-version":[{"id":30638,"href":"https:\/\/www.toutsurmesfinances.com\/retraite\/wp-json\/wp\/v2\/posts\/26750\/revisions\/30638"}],"wp:featuredmedia":[{"embeddable":true,"href":"https:\/\/www.toutsurmesfinances.com\/retraite\/wp-json\/wp\/v2\/media\/26751"}],"wp:attachment":[{"href":"https:\/\/www.toutsurmesfinances.com\/retraite\/wp-json\/wp\/v2\/media?parent=26750"}],"wp:term":[{"taxonomy":"category","embeddable":true,"href":"https:\/\/www.toutsurmesfinances.com\/retraite\/wp-json\/wp\/v2\/categories?post=26750"},{"taxonomy":"post_tag","embeddable":true,"href":"https:\/\/www.toutsurmesfinances.com\/retraite\/wp-json\/wp\/v2\/tags?post=26750"}],"curies":[{"name":"wp","href":"https:\/\/api.w.org\/{rel}","templated":true}]}}