{"id":31450,"date":"2023-07-28T10:19:49","date_gmt":"2023-07-28T08:19:49","guid":{"rendered":"https:\/\/www.toutsurmesfinances.com\/retraite\/?p=31450"},"modified":"2023-12-28T18:11:41","modified_gmt":"2023-12-28T17:11:41","slug":"reforme-des-retraites-2023-ce-qui-attend-les-fonctionnaires","status":"publish","type":"post","link":"https:\/\/www.toutsurmesfinances.com\/retraite\/reforme-des-retraites-2023-ce-qui-attend-les-fonctionnaires.html","title":{"rendered":"R\u00e9forme des retraites, ce qui change pour les fonctionnaires"},"content":{"rendered":"<h2><span class=\"ez-toc-section\" id=\"Quel_sont_les_fonctionnaires_concernes_par_la_reforme_des_retraites\"><\/span>Quel sont les fonctionnaires concern\u00e9s par la r\u00e9forme des retraites ?<span class=\"ez-toc-section-end\"><\/span><\/h2>\n<p><span data-contrast=\"none\"><a href=\"https:\/\/www.toutsurmesfinances.com\/retraite\/reforme-des-retraites-macron-2017-programme-calendrier.html\" target=\"_blank\" rel=\"noopener noreferrer\">La r\u00e9forme des retraites<\/a>, promulgu\u00e9e dans le\u00a0<\/span><i><span data-contrast=\"none\">Journal Officiel<\/span><\/i><span data-contrast=\"none\">\u00a0dat\u00e9 du 15 avril 2023, concerne tous les actifs, y compris les fonctionnaires. Au m\u00eame titre que pour les salari\u00e9s du secteur priv\u00e9 et les travailleurs non-salari\u00e9s (artisans, commer\u00e7ants, chefs d\u2019entreprise, professions lib\u00e9rales),\u00a0<\/span><b><span data-contrast=\"none\">le texte modifie l\u2019\u00e2ge minimum de d\u00e9part \u00e0 la retraite, ainsi que la dur\u00e9e de cotisation requise pour percevoir une pension de vieillesse compl\u00e8te (c\u2019est-\u00e0-dire sans minoration) des agents des trois fonctions publiques (d\u2019\u00c9tat, territoriale et hospitali\u00e8re).<\/span><\/b><span data-ccp-props=\"{&quot;134233117&quot;:false,&quot;134233118&quot;:false,&quot;201341983&quot;:1,&quot;335551550&quot;:6,&quot;335551620&quot;:6,&quot;335559738&quot;:0,&quot;335559739&quot;:0,&quot;335559740&quot;:360}\">\u00a0<\/span><\/p>\n<p><span data-contrast=\"none\">En d\u00e9calant progressivement <a href=\"https:\/\/www.toutsurmesfinances.com\/retraite\/age-de-depart-a-la-retraite-quand-partir.html\" target=\"_blank\" rel=\"noopener noreferrer\">l\u2019\u00e2ge l\u00e9gal <\/a>de 62 \u00e0 64 ans et en acc\u00e9l\u00e9rant le calendrier d\u2019allongement de <a href=\"https:\/\/www.toutsurmesfinances.com\/retraite\/duree-de-cotisation-combien-de-trimestres-pour-partir-a-la-retraite.html\" target=\"_blank\" rel=\"noopener noreferrer\">la dur\u00e9e de cotisation \u00e0 43 ans<\/a>, la derni\u00e8re r\u00e9forme des retraites oblige les Fran\u00e7ais \u00e0 travailler, et donc \u00e0 cotiser, plus longtemps. Selon le gouvernement, ces recettes suppl\u00e9mentaires vont permettre de r\u00e9sorber le d\u00e9ficit du syst\u00e8me fran\u00e7ais des retraites d\u2019ici 2030, qui aurait atteint, selon les sc\u00e9narios \u00e9conomiques, entre 10 et 16 milliards d\u2019euros \u00e0 cet horizon, sans la r\u00e9forme, sous l\u2019effet de la baisse du nombre de cotisants par rapport au nombre de retrait\u00e9s engendr\u00e9e par le vieillissement de la population.<\/span><span data-ccp-props=\"{&quot;134233117&quot;:false,&quot;134233118&quot;:false,&quot;201341983&quot;:1,&quot;335551550&quot;:6,&quot;335551620&quot;:6,&quot;335559738&quot;:0,&quot;335559739&quot;:0,&quot;335559740&quot;:360}\">\u00a0<\/span><\/p>\n<p><span data-contrast=\"none\">La r\u00e9forme des retraites est entr\u00e9e en vigueur le 1<\/span><span data-contrast=\"none\">er<\/span><span data-contrast=\"none\">\u00a0septembre 2023.\u00a0<\/span><b><span data-contrast=\"none\">L\u2019essentiel des mesures concerne les actifs (fonctionnaires compris) n\u00e9s \u00e0 compter du 1<\/span><\/b><b><span data-contrast=\"none\">er<\/span><\/b><b><span data-contrast=\"none\">\u00a0septembre 1961. Certaines dispositions sont sp\u00e9cifiques aux fonctionnaires titularis\u00e9s, comme l\u2019acc\u00e8s \u00e0 la retraite progressive ou le maintien des d\u00e9parts anticip\u00e9s pour les agents actifs devenus s\u00e9dentaires\u00a0<\/span><\/b><b><i><span data-contrast=\"none\">(voir plus loin)<\/span><\/i><\/b><i><span data-contrast=\"none\">.<\/span><\/i><span data-ccp-props=\"{&quot;134233117&quot;:false,&quot;134233118&quot;:false,&quot;201341983&quot;:1,&quot;335551550&quot;:6,&quot;335551620&quot;:6,&quot;335559738&quot;:0,&quot;335559739&quot;:0,&quot;335559740&quot;:360}\">\u00a0<\/span><\/p>\n<p><span data-contrast=\"none\">Les agents non titulaires de la fonction publique (contractuels, vacataires) ayant des contrats de travail de droit priv\u00e9 (et non de droit public), ils sont assimil\u00e9s \u00e0 des salari\u00e9s du priv\u00e9 et connaissent, \u00e0 ce titre, les m\u00eames changements que ces derniers. Le pr\u00e9sent article n\u2019aborde pas leur situation et traite uniquement des nouveaux param\u00e8tres instaur\u00e9s par la r\u00e9forme des retraites \u00e0 l\u2019\u00e9gard des agents publics titulaires de leur poste (g\u00e9n\u00e9ralement \u00e0 l\u2019issue de la r\u00e9ussite \u00e0 un concours de la fonction publique).<\/span><span data-ccp-props=\"{&quot;134233117&quot;:false,&quot;134233118&quot;:false,&quot;201341983&quot;:1,&quot;335551550&quot;:6,&quot;335551620&quot;:6,&quot;335559738&quot;:0,&quot;335559739&quot;:0,&quot;335559740&quot;:360}\">\u00a0<\/span><\/p>\n<h2><span class=\"ez-toc-section\" id=\"Reforme_des_retraites_les_principaux_changements_pour_les_fonctionnaires\"><\/span>R\u00e9forme des retraites, les principaux changements pour les fonctionnaires<span class=\"ez-toc-section-end\"><\/span><\/h2>\n<h3><span class=\"ez-toc-section\" id=\"Age_douverture_des_droits_AOD_pour_les_fonctionnaires_sedentaires\"><\/span><span data-contrast=\"none\">\u00c2ge d\u2019ouverture des droits\u00a0<\/span><span data-contrast=\"none\">(AOD)<\/span><span data-contrast=\"none\"> pour les fonctionnaires s\u00e9dentaires\u00a0<\/span><span class=\"ez-toc-section-end\"><\/span><\/h3>\n<p><span data-contrast=\"none\">L\u2019\u00e2ge l\u00e9gal de d\u00e9part, c\u2019est-\u00e0-dire l\u2019\u00e2ge \u00e0 partir duquel les Fran\u00e7ais sont autoris\u00e9s \u00e0 liquider leurs droits \u00e0 la retraite obligatoire, est appel\u00e9 \u00ab\u00a0\u00e2ge d\u2019ouverture des droits\u00a0\u00bb dans la fonction publique. L\u2019\u00e2ge d\u2019ouverture des droits (AOD) des agents titularis\u00e9s appartenant \u00e0 la cat\u00e9gorie \u00ab\u00a0s\u00e9dentaire\u00a0\u00bb de la fonction publique est align\u00e9 sur l\u2019\u00e2ge l\u00e9gal du secteur priv\u00e9.\u00a0<\/span><b><span data-contrast=\"none\">L\u2019AOD des fonctionnaires s\u00e9dentaires est repouss\u00e9 de trois mois par g\u00e9n\u00e9ration \u00e0 partir des agents n\u00e9s le 1<\/span><\/b><b><span data-contrast=\"none\">er<\/span><\/b><b><span data-contrast=\"none\">\u00a0septembre 1961, pour atteindre 64 ans pour les agents n\u00e9s \u00e0 compter du 1<\/span><\/b><b><span data-contrast=\"none\">er<\/span><\/b><b><span data-contrast=\"none\">\u00a0janvier 1968\u00a0<\/span><\/b><b><i><span data-contrast=\"none\">(voir tableau)<\/span><\/i><\/b><b><span data-contrast=\"none\">.<\/span><\/b><span data-ccp-props=\"{&quot;134233117&quot;:false,&quot;134233118&quot;:false,&quot;201341983&quot;:1,&quot;335551550&quot;:6,&quot;335551620&quot;:6,&quot;335559738&quot;:0,&quot;335559739&quot;:0,&quot;335559740&quot;:360}\">\u00a0<\/span><\/p>\n<p><span data-contrast=\"none\">La cat\u00e9gorie s\u00e9dentaire de la fonction publique regroupe l\u2019ensemble des emplois ne relevant pas de la cat\u00e9gorie \u00ab\u00a0active\u00a0\u00bb, qui rassemble les emplois \u00ab\u00a0pr\u00e9sentant un risque particulier ou des fatigues exceptionnelles\u00a0\u00bb. On estime qu\u2019environ 80% des fonctionnaires sont s\u00e9dentaires.\u00a0<\/span><i><span data-contrast=\"none\">Grosso modo<\/span><\/i><span data-contrast=\"none\">, il s\u2019agit d\u2019emplois \u00ab\u00a0de bureau\u00a0\u00bb, alors que les fonctionnaires actifs exercent essentiellement des emplois \u00ab\u00a0sur le terrain\u00a0\u00bb\u00a0<\/span><i><span data-contrast=\"none\">(voir plus loin)<\/span><\/i><span data-contrast=\"none\">. \u00c0 titre d\u2019exemple, les enseignants, qui constituent la plus importante cohorte d\u2019agents titulaires de la fonction publique, font partie de la cat\u00e9gorie s\u00e9dentaire.<\/span><span data-ccp-props=\"{&quot;134233117&quot;:false,&quot;134233118&quot;:false,&quot;201341983&quot;:1,&quot;335551550&quot;:6,&quot;335551620&quot;:6,&quot;335559738&quot;:0,&quot;335559739&quot;:0,&quot;335559740&quot;:360}\">\u00a0<\/span><\/p>\n<p><span data-contrast=\"none\">\u00c0 noter : depuis le 1<\/span><span data-contrast=\"none\">er<\/span><span data-contrast=\"none\"> septembre 2023, les professeurs du premier degr\u00e9 (\u00e9coles maternelles et primaires) peuvent, \u00e0 l\u2019image des professeurs du second degr\u00e9 (coll\u00e8ges et lyc\u00e9es), partir \u00e0 la retraite quand ils le souhaitent, une fois qu\u2019ils ont atteint l\u2019AOD. Jusque-l\u00e0, ils devaient attendre la fin de l\u2019ann\u00e9e scolaire.<\/span><span data-ccp-props=\"{&quot;134233117&quot;:false,&quot;134233118&quot;:false,&quot;201341983&quot;:1,&quot;335551550&quot;:6,&quot;335551620&quot;:6,&quot;335559738&quot;:0,&quot;335559739&quot;:0,&quot;335559740&quot;:360}\">\u00a0<\/span><\/p>\n<p><span data-ccp-props=\"{&quot;134233117&quot;:false,&quot;134233118&quot;:false,&quot;201341983&quot;:1,&quot;335551550&quot;:6,&quot;335551620&quot;:6,&quot;335559738&quot;:0,&quot;335559739&quot;:0,&quot;335559740&quot;:360}\"><div id=\"tablepress-72-scroll-wrapper\" class=\"tablepress-scroll-wrapper\">\n\n<table id=\"tablepress-72\" class=\"tablepress tablepress-id-72 tablepress-responsive\">\n<thead>\n<tr class=\"row-1 odd\">\n\t<th colspan=\"2\" class=\"column-1\"><b><span data-contrast=\"none\">\u00c2ge d\u2019ouverture des droits des fonctionnaires s\u00e9dentaires, apr\u00e8s r\u00e9forme<\/span><\/b><span data-ccp-props=\"{&quot;134233117&quot;:false,&quot;134233118&quot;:false,&quot;201341983&quot;:1,&quot;335551550&quot;:6,&quot;335551620&quot;:6,&quot;335559738&quot;:0,&quot;335559739&quot;:0,&quot;335559740&quot;:360}\">\u00a0<\/span><\/th>\n<\/tr>\n<\/thead>\n<tfoot>\n<tr class=\"row-12 even\">\n\t<th colspan=\"2\" class=\"column-1\">Sources : d\u00e9cret n\u00b02023-435 du 3 juin 2023 et ToutSurMesFinances <\/th>\n<\/tr>\n<\/tfoot>\n<tbody class=\"row-hover\">\n<tr class=\"row-2 even\">\n\t<td class=\"column-1\"><b><span data-contrast=\"none\">Date de naissance<\/span><\/b><span data-ccp-props=\"{&quot;134233117&quot;:false,&quot;134233118&quot;:false,&quot;201341983&quot;:1,&quot;335551550&quot;:6,&quot;335551620&quot;:6,&quot;335559738&quot;:0,&quot;335559739&quot;:0,&quot;335559740&quot;:360}\">\u00a0<\/span><\/td><td class=\"column-2\"><b><span data-contrast=\"none\">\u00c2ge de d\u00e9part<\/span><\/b><span data-ccp-props=\"{&quot;134233117&quot;:false,&quot;134233118&quot;:false,&quot;201341983&quot;:1,&quot;335551550&quot;:6,&quot;335551620&quot;:6,&quot;335559738&quot;:0,&quot;335559739&quot;:0,&quot;335559740&quot;:360}\">\u00a0<\/span><\/td>\n<\/tr>\n<tr class=\"row-3 odd\">\n\t<td class=\"column-1\"><span data-contrast=\"none\">Du 1<\/span><span data-contrast=\"none\">er<\/span><span data-contrast=\"none\">\u00a0janvier 1955 au 31 ao\u00fbt 1961<\/span><span data-ccp-props=\"{&quot;134233117&quot;:false,&quot;134233118&quot;:false,&quot;201341983&quot;:1,&quot;335551550&quot;:6,&quot;335551620&quot;:6,&quot;335559738&quot;:0,&quot;335559739&quot;:0,&quot;335559740&quot;:360}\">\u00a0<\/span><\/td><td class=\"column-2\"><span data-contrast=\"none\">62 ans<\/span><span data-ccp-props=\"{&quot;134233117&quot;:false,&quot;134233118&quot;:false,&quot;201341983&quot;:1,&quot;335551550&quot;:6,&quot;335551620&quot;:6,&quot;335559738&quot;:0,&quot;335559739&quot;:0,&quot;335559740&quot;:360}\">\u00a0<\/span><\/td>\n<\/tr>\n<tr class=\"row-4 even\">\n\t<td class=\"column-1\"><span data-contrast=\"none\">Du 1<\/span><span data-contrast=\"none\">er<\/span><span data-contrast=\"none\">\u00a0septembre au 31 d\u00e9cembre 1961<\/span><span data-ccp-props=\"{&quot;134233117&quot;:false,&quot;134233118&quot;:false,&quot;201341983&quot;:1,&quot;335551550&quot;:6,&quot;335551620&quot;:6,&quot;335559738&quot;:0,&quot;335559739&quot;:0,&quot;335559740&quot;:360}\">\u00a0<\/span><\/td><td class=\"column-2\"><span data-contrast=\"none\">62 ans et 3 mois<\/span><span data-ccp-props=\"{&quot;134233117&quot;:false,&quot;134233118&quot;:false,&quot;201341983&quot;:1,&quot;335551550&quot;:6,&quot;335551620&quot;:6,&quot;335559738&quot;:0,&quot;335559739&quot;:0,&quot;335559740&quot;:360}\">\u00a0<\/span><\/td>\n<\/tr>\n<tr class=\"row-5 odd\">\n\t<td class=\"column-1\"><span data-contrast=\"none\">Du 1<\/span><span data-contrast=\"none\">er<\/span><span data-contrast=\"none\">\u00a0janvier au 31 d\u00e9cembre 1962<\/span><span data-ccp-props=\"{&quot;134233117&quot;:false,&quot;134233118&quot;:false,&quot;201341983&quot;:1,&quot;335551550&quot;:6,&quot;335551620&quot;:6,&quot;335559738&quot;:0,&quot;335559739&quot;:0,&quot;335559740&quot;:360}\">\u00a0<\/span><\/td><td class=\"column-2\"><span data-contrast=\"none\">62 ans et 6 mois<\/span><span data-ccp-props=\"{&quot;134233117&quot;:false,&quot;134233118&quot;:false,&quot;201341983&quot;:1,&quot;335551550&quot;:6,&quot;335551620&quot;:6,&quot;335559738&quot;:0,&quot;335559739&quot;:0,&quot;335559740&quot;:360}\">\u00a0<\/span><\/td>\n<\/tr>\n<tr class=\"row-6 even\">\n\t<td class=\"column-1\"><span data-contrast=\"none\">Du 1<\/span><span data-contrast=\"none\">er<\/span><span data-contrast=\"none\">\u00a0janvier au 31 d\u00e9cembre 1963<\/span><span data-ccp-props=\"{&quot;134233117&quot;:false,&quot;134233118&quot;:false,&quot;201341983&quot;:1,&quot;335551550&quot;:6,&quot;335551620&quot;:6,&quot;335559738&quot;:0,&quot;335559739&quot;:0,&quot;335559740&quot;:360}\">\u00a0<\/span><\/td><td class=\"column-2\"><span data-contrast=\"none\">62 ans et 9 mois<\/span><span data-ccp-props=\"{&quot;134233117&quot;:false,&quot;134233118&quot;:false,&quot;201341983&quot;:1,&quot;335551550&quot;:6,&quot;335551620&quot;:6,&quot;335559738&quot;:0,&quot;335559739&quot;:0,&quot;335559740&quot;:360}\">\u00a0<\/span><\/td>\n<\/tr>\n<tr class=\"row-7 odd\">\n\t<td class=\"column-1\"><span data-contrast=\"none\">Du 1<\/span><span data-contrast=\"none\">er<\/span><span data-contrast=\"none\">\u00a0janvier au 31 d\u00e9cembre 1964<\/span><span data-ccp-props=\"{&quot;134233117&quot;:false,&quot;134233118&quot;:false,&quot;201341983&quot;:1,&quot;335551550&quot;:6,&quot;335551620&quot;:6,&quot;335559738&quot;:0,&quot;335559739&quot;:0,&quot;335559740&quot;:360}\">\u00a0<\/span><\/td><td class=\"column-2\"><span data-contrast=\"none\">63 ans<\/span><span data-ccp-props=\"{&quot;134233117&quot;:false,&quot;134233118&quot;:false,&quot;201341983&quot;:1,&quot;335551550&quot;:6,&quot;335551620&quot;:6,&quot;335559738&quot;:0,&quot;335559739&quot;:0,&quot;335559740&quot;:360}\">\u00a0<\/span><\/td>\n<\/tr>\n<tr class=\"row-8 even\">\n\t<td class=\"column-1\"><span data-contrast=\"none\">Du 1<\/span><span data-contrast=\"none\">er<\/span><span data-contrast=\"none\">\u00a0janvier au 31 d\u00e9cembre 1965<\/span><span data-ccp-props=\"{&quot;134233117&quot;:false,&quot;134233118&quot;:false,&quot;201341983&quot;:1,&quot;335551550&quot;:6,&quot;335551620&quot;:6,&quot;335559738&quot;:0,&quot;335559739&quot;:0,&quot;335559740&quot;:360}\">\u00a0<\/span><\/td><td class=\"column-2\"><span data-contrast=\"none\">63 ans et 3 mois<\/span><span data-ccp-props=\"{&quot;134233117&quot;:false,&quot;134233118&quot;:false,&quot;201341983&quot;:1,&quot;335551550&quot;:6,&quot;335551620&quot;:6,&quot;335559738&quot;:0,&quot;335559739&quot;:0,&quot;335559740&quot;:360}\">\u00a0<\/span><\/td>\n<\/tr>\n<tr class=\"row-9 odd\">\n\t<td class=\"column-1\"><span data-contrast=\"none\">Du 1<\/span><span data-contrast=\"none\">er<\/span><span data-contrast=\"none\">\u00a0janvier au 31 d\u00e9cembre 1966<\/span><span data-ccp-props=\"{&quot;134233117&quot;:false,&quot;134233118&quot;:false,&quot;201341983&quot;:1,&quot;335551550&quot;:6,&quot;335551620&quot;:6,&quot;335559738&quot;:0,&quot;335559739&quot;:0,&quot;335559740&quot;:360}\">\u00a0<\/span><\/td><td class=\"column-2\"><span data-contrast=\"none\">63 ans et 6 mois<\/span><span data-ccp-props=\"{&quot;134233117&quot;:false,&quot;134233118&quot;:false,&quot;201341983&quot;:1,&quot;335551550&quot;:6,&quot;335551620&quot;:6,&quot;335559738&quot;:0,&quot;335559739&quot;:0,&quot;335559740&quot;:360}\">\u00a0<\/span><\/td>\n<\/tr>\n<tr class=\"row-10 even\">\n\t<td class=\"column-1\"><span data-contrast=\"none\">Du 1<\/span><span data-contrast=\"none\">er<\/span><span data-contrast=\"none\">\u00a0janvier au 31 d\u00e9cembre 1967<\/span><span data-ccp-props=\"{&quot;134233117&quot;:false,&quot;134233118&quot;:false,&quot;201341983&quot;:1,&quot;335551550&quot;:6,&quot;335551620&quot;:6,&quot;335559738&quot;:0,&quot;335559739&quot;:0,&quot;335559740&quot;:360}\">\u00a0<\/span><\/td><td class=\"column-2\"><span data-contrast=\"none\">63 ans et 9 mois<\/span><span data-ccp-props=\"{&quot;134233117&quot;:false,&quot;134233118&quot;:false,&quot;201341983&quot;:1,&quot;335551550&quot;:6,&quot;335551620&quot;:6,&quot;335559738&quot;:0,&quot;335559739&quot;:0,&quot;335559740&quot;:360}\">\u00a0<\/span><\/td>\n<\/tr>\n<tr class=\"row-11 odd\">\n\t<td class=\"column-1\"><span data-contrast=\"none\">\u00c0 partir du 1<\/span><span data-contrast=\"none\">er<\/span><span data-contrast=\"none\">\u00a0janvier 1968<\/span><span data-ccp-props=\"{&quot;134233117&quot;:false,&quot;134233118&quot;:false,&quot;201341983&quot;:1,&quot;335551550&quot;:6,&quot;335551620&quot;:6,&quot;335559738&quot;:0,&quot;335559739&quot;:0,&quot;335559740&quot;:360}\">\u00a0<\/span><\/td><td class=\"column-2\"><span data-contrast=\"none\">64 ans<\/span><span data-ccp-props=\"{&quot;134233117&quot;:false,&quot;134233118&quot;:false,&quot;201341983&quot;:1,&quot;335551550&quot;:6,&quot;335551620&quot;:6,&quot;335559738&quot;:0,&quot;335559739&quot;:0,&quot;335559740&quot;:360}\">\u00a0<\/span><\/td>\n<\/tr>\n<\/tbody>\n<\/table>\n\n<\/div><!-- #tablepress-72 from cache --><\/span><\/p>\n<h3><span class=\"ez-toc-section\" id=\"Age_douverture_des_droits_pour_les_fonctionnaires_actifs\"><\/span><span data-contrast=\"none\">\u00c2ge d\u2019ouverture des droits pour les fonctionnaires actifs<\/span><span class=\"ez-toc-section-end\"><\/span><\/h3>\n<p><span data-contrast=\"none\">Comme pour les fonctionnaires \u00ab s\u00e9dentaires \u00bb, l\u2019\u00e2ge d\u2019ouverture des droits des 20% des fonctionnaires dits \u00ab actifs \u00bb (qui occupent un emploi \u00ab pr\u00e9sentant un risque particulier ou des fatigues exceptionnelles \u00bb) est progressivement repouss\u00e9 de deux ans. Il faut distinguer la cat\u00e9gorie \u00ab active \u00bb de la fonction publique et les cat\u00e9gories \u00ab super active<\/span><span data-contrast=\"none\">\u00a0\u00bb et \u00ab\u00a0insalubre\u00a0\u00bb de la fonction publique.\u00a0<\/span><b><span data-contrast=\"none\">L\u2019AOD des fonctionnaires \u00ab actifs \u00bb est report\u00e9 de 55 \u00e0 57 ans, tandis que celui des fonctionnaires \u00ab super actifs \u00bb et \u00ab insalubres \u00bb est d\u00e9cal\u00e9 de 52 \u00e0 54 ans.<\/span><\/b><span data-ccp-props=\"{&quot;134233117&quot;:false,&quot;134233118&quot;:false,&quot;201341983&quot;:1,&quot;335551550&quot;:6,&quot;335551620&quot;:6,&quot;335559738&quot;:0,&quot;335559739&quot;:0,&quot;335559740&quot;:360}\">\u00a0<\/span><\/p>\n<p><b><span data-contrast=\"none\">Important<\/span><\/b><span data-contrast=\"none\">\u00a0: pour b\u00e9n\u00e9ficier du d\u00e9part anticip\u00e9, les agents publics des cat\u00e9gories \u00ab\u00a0active\u00a0\u00bb, \u00ab\u00a0super active\u00a0\u00bb et \u00ab\u00a0insalubre\u00a0\u00bb doivent justifier d\u2019un certain nombre d\u2019ann\u00e9es de services. Ce nombre n\u2019a pas \u00e9t\u00e9 modifi\u00e9 par la r\u00e9forme des retraites de 2023. Il s\u2019\u00e9l\u00e8ve \u00e0\u00a0:<\/span><span data-ccp-props=\"{&quot;134233117&quot;:false,&quot;134233118&quot;:false,&quot;201341983&quot;:1,&quot;335551550&quot;:6,&quot;335551620&quot;:6,&quot;335559738&quot;:0,&quot;335559739&quot;:0,&quot;335559740&quot;:360}\">\u00a0<\/span><\/p>\n<ul>\n<li data-leveltext=\"\uf0b7\" data-font=\"Symbol\" data-listid=\"1\" data-list-defn-props=\"{&quot;335552541&quot;:1,&quot;335559683&quot;:0,&quot;335559684&quot;:-2,&quot;335559685&quot;:720,&quot;335559991&quot;:360,&quot;469769226&quot;:&quot;Symbol&quot;,&quot;469769242&quot;:[8226],&quot;469777803&quot;:&quot;left&quot;,&quot;469777804&quot;:&quot;\uf0b7&quot;,&quot;469777815&quot;:&quot;hybridMultilevel&quot;}\" data-aria-posinset=\"3\" data-aria-level=\"1\"><span data-contrast=\"none\">17 ans pour les fonctionnaires \u00ab\u00a0actifs\u00a0\u00bb<\/span><span data-ccp-props=\"{&quot;134233117&quot;:false,&quot;134233118&quot;:false,&quot;201341983&quot;:1,&quot;335551550&quot;:6,&quot;335551620&quot;:6,&quot;335559738&quot;:0,&quot;335559739&quot;:0,&quot;335559740&quot;:360}\">\u00a0<\/span><\/li>\n<li data-leveltext=\"\uf0b7\" data-font=\"Symbol\" data-listid=\"1\" data-list-defn-props=\"{&quot;335552541&quot;:1,&quot;335559683&quot;:0,&quot;335559684&quot;:-2,&quot;335559685&quot;:720,&quot;335559991&quot;:360,&quot;469769226&quot;:&quot;Symbol&quot;,&quot;469769242&quot;:[8226],&quot;469777803&quot;:&quot;left&quot;,&quot;469777804&quot;:&quot;\uf0b7&quot;,&quot;469777815&quot;:&quot;hybridMultilevel&quot;}\" data-aria-posinset=\"4\" data-aria-level=\"1\"><span data-contrast=\"none\">27 ans pour les fonctionnaires \u00ab\u00a0super actifs\u00a0\u00bb<\/span><span data-ccp-props=\"{&quot;134233117&quot;:false,&quot;134233118&quot;:false,&quot;201341983&quot;:1,&quot;335551550&quot;:6,&quot;335551620&quot;:6,&quot;335559738&quot;:0,&quot;335559739&quot;:0,&quot;335559740&quot;:360}\">\u00a0<\/span><\/li>\n<li data-leveltext=\"\uf0b7\" data-font=\"Symbol\" data-listid=\"1\" data-list-defn-props=\"{&quot;335552541&quot;:1,&quot;335559683&quot;:0,&quot;335559684&quot;:-2,&quot;335559685&quot;:720,&quot;335559991&quot;:360,&quot;469769226&quot;:&quot;Symbol&quot;,&quot;469769242&quot;:[8226],&quot;469777803&quot;:&quot;left&quot;,&quot;469777804&quot;:&quot;\uf0b7&quot;,&quot;469777815&quot;:&quot;hybridMultilevel&quot;}\" data-aria-posinset=\"5\" data-aria-level=\"1\"><span data-contrast=\"none\">12 ans pour les fonctionnaires \u00ab insalubres \u00bb, dont au moins 6 ans en continu. L\u2019agent doit, par ailleurs, avoir pass\u00e9 au moins 32 ans dans la fonction publique.<\/span><\/li>\n<\/ul>\n<p><span data-ccp-props=\"{&quot;134233117&quot;:false,&quot;134233118&quot;:false,&quot;201341983&quot;:1,&quot;335551550&quot;:6,&quot;335551620&quot;:6,&quot;335559738&quot;:0,&quot;335559739&quot;:0,&quot;335559740&quot;:360}\"><div id=\"tablepress-74-scroll-wrapper\" class=\"tablepress-scroll-wrapper\">\n\n<table id=\"tablepress-74\" class=\"tablepress tablepress-id-74 tablepress-responsive\">\n<thead>\n<tr class=\"row-1 odd\">\n\t<th colspan=\"2\" class=\"column-1\"><b><span data-contrast=\"none\">\u00c2ge d\u2019ouverture des droits des fonctionnaires actifs, apr\u00e8s r\u00e9forme<\/span><\/b><span data-ccp-props=\"{&quot;134233117&quot;:false,&quot;134233118&quot;:false,&quot;201341983&quot;:1,&quot;335551550&quot;:6,&quot;335551620&quot;:6,&quot;335559738&quot;:0,&quot;335559739&quot;:0,&quot;335559740&quot;:360}\">\u00a0<\/span><\/th>\n<\/tr>\n<\/thead>\n<tfoot>\n<tr class=\"row-12 even\">\n\t<th colspan=\"2\" class=\"column-1\">Sources\u00a0: d\u00e9cret n\u00b02023-435 du 3 juin 2023 et ToutSurMesFinances<\/th>\n<\/tr>\n<\/tfoot>\n<tbody class=\"row-hover\">\n<tr class=\"row-2 even\">\n\t<td class=\"column-1\"><b><span data-contrast=\"none\">Date de naissance<\/span><\/b><span data-ccp-props=\"{&quot;134233117&quot;:false,&quot;134233118&quot;:false,&quot;201341983&quot;:1,&quot;335551550&quot;:6,&quot;335551620&quot;:6,&quot;335559738&quot;:0,&quot;335559739&quot;:0,&quot;335559740&quot;:360}\">\u00a0<\/span><\/td><td class=\"column-2\"><b><span data-contrast=\"none\">\u00c2ge de d\u00e9part<\/span><\/b><span data-ccp-props=\"{&quot;134233117&quot;:false,&quot;134233118&quot;:false,&quot;201341983&quot;:1,&quot;335551550&quot;:6,&quot;335551620&quot;:6,&quot;335559738&quot;:0,&quot;335559739&quot;:0,&quot;335559740&quot;:360}\">\u00a0<\/span><\/td>\n<\/tr>\n<tr class=\"row-3 odd\">\n\t<td class=\"column-1\"><span data-contrast=\"none\">Du 1<\/span><span data-contrast=\"none\">er<\/span><span data-contrast=\"none\">\u00a0janvier 1960 au 31 ao\u00fbt 1966<\/span><span data-ccp-props=\"{&quot;134233117&quot;:false,&quot;134233118&quot;:false,&quot;201341983&quot;:1,&quot;335551550&quot;:6,&quot;335551620&quot;:6,&quot;335559738&quot;:0,&quot;335559739&quot;:0,&quot;335559740&quot;:360}\">\u00a0<\/span><\/td><td class=\"column-2\"><span data-contrast=\"none\">57 ans<\/span><span data-ccp-props=\"{&quot;134233117&quot;:false,&quot;134233118&quot;:false,&quot;201341983&quot;:1,&quot;335551550&quot;:6,&quot;335551620&quot;:6,&quot;335559738&quot;:0,&quot;335559739&quot;:0,&quot;335559740&quot;:360}\">\u00a0<\/span><\/td>\n<\/tr>\n<tr class=\"row-4 even\">\n\t<td class=\"column-1\"><span data-contrast=\"none\">Du 1<\/span><span data-contrast=\"none\">er<\/span><span data-contrast=\"none\">\u00a0septembre au 31 d\u00e9cembre 1966<\/span><span data-ccp-props=\"{&quot;134233117&quot;:false,&quot;134233118&quot;:false,&quot;201341983&quot;:1,&quot;335551550&quot;:6,&quot;335551620&quot;:6,&quot;335559738&quot;:0,&quot;335559739&quot;:0,&quot;335559740&quot;:360}\">\u00a0<\/span><\/td><td class=\"column-2\"><span data-contrast=\"none\">57 ans et 3 mois<\/span><span data-ccp-props=\"{&quot;134233117&quot;:false,&quot;134233118&quot;:false,&quot;201341983&quot;:1,&quot;335551550&quot;:6,&quot;335551620&quot;:6,&quot;335559738&quot;:0,&quot;335559739&quot;:0,&quot;335559740&quot;:360}\">\u00a0<\/span><\/td>\n<\/tr>\n<tr class=\"row-5 odd\">\n\t<td class=\"column-1\"><span data-contrast=\"none\">Du 1<\/span><span data-contrast=\"none\">er<\/span><span data-contrast=\"none\">\u00a0janvier au 31 d\u00e9cembre 1967<\/span><span data-ccp-props=\"{&quot;134233117&quot;:false,&quot;134233118&quot;:false,&quot;201341983&quot;:1,&quot;335551550&quot;:6,&quot;335551620&quot;:6,&quot;335559738&quot;:0,&quot;335559739&quot;:0,&quot;335559740&quot;:360}\">\u00a0<\/span><\/td><td class=\"column-2\"><span data-contrast=\"none\">57 ans et 6 mois<\/span><span data-ccp-props=\"{&quot;134233117&quot;:false,&quot;134233118&quot;:false,&quot;201341983&quot;:1,&quot;335551550&quot;:6,&quot;335551620&quot;:6,&quot;335559738&quot;:0,&quot;335559739&quot;:0,&quot;335559740&quot;:360}\">\u00a0<\/span><\/td>\n<\/tr>\n<tr class=\"row-6 even\">\n\t<td class=\"column-1\"><span data-contrast=\"none\">Du 1<\/span><span data-contrast=\"none\">er<\/span><span data-contrast=\"none\">\u00a0janvier au 31 d\u00e9cembre 1968<\/span><span data-ccp-props=\"{&quot;134233117&quot;:false,&quot;134233118&quot;:false,&quot;201341983&quot;:1,&quot;335551550&quot;:6,&quot;335551620&quot;:6,&quot;335559738&quot;:0,&quot;335559739&quot;:0,&quot;335559740&quot;:360}\">\u00a0<\/span><\/td><td class=\"column-2\"><span data-contrast=\"none\">57 ans et 9 mois<\/span><span data-ccp-props=\"{&quot;134233117&quot;:false,&quot;134233118&quot;:false,&quot;201341983&quot;:1,&quot;335551550&quot;:6,&quot;335551620&quot;:6,&quot;335559738&quot;:0,&quot;335559739&quot;:0,&quot;335559740&quot;:360}\">\u00a0<\/span><\/td>\n<\/tr>\n<tr class=\"row-7 odd\">\n\t<td class=\"column-1\"><span data-contrast=\"none\">Du 1<\/span><span data-contrast=\"none\">er<\/span><span data-contrast=\"none\">\u00a0janvier au 31 d\u00e9cembre 1969<\/span><span data-ccp-props=\"{&quot;134233117&quot;:false,&quot;134233118&quot;:false,&quot;201341983&quot;:1,&quot;335551550&quot;:6,&quot;335551620&quot;:6,&quot;335559738&quot;:0,&quot;335559739&quot;:0,&quot;335559740&quot;:360}\">\u00a0<\/span><\/td><td class=\"column-2\"><span data-contrast=\"none\">58 ans<\/span><span data-ccp-props=\"{&quot;134233117&quot;:false,&quot;134233118&quot;:false,&quot;201341983&quot;:1,&quot;335551550&quot;:6,&quot;335551620&quot;:6,&quot;335559738&quot;:0,&quot;335559739&quot;:0,&quot;335559740&quot;:360}\">\u00a0<\/span><\/td>\n<\/tr>\n<tr class=\"row-8 even\">\n\t<td class=\"column-1\"><span data-contrast=\"none\">Du 1<\/span><span data-contrast=\"none\">er<\/span><span data-contrast=\"none\">\u00a0janvier au 31 d\u00e9cembre 1970<\/span><span data-ccp-props=\"{&quot;134233117&quot;:false,&quot;134233118&quot;:false,&quot;201341983&quot;:1,&quot;335551550&quot;:6,&quot;335551620&quot;:6,&quot;335559738&quot;:0,&quot;335559739&quot;:0,&quot;335559740&quot;:360}\">\u00a0<\/span><\/td><td class=\"column-2\"><span data-contrast=\"none\">58 ans et 3 mois<\/span><span data-ccp-props=\"{&quot;134233117&quot;:false,&quot;134233118&quot;:false,&quot;201341983&quot;:1,&quot;335551550&quot;:6,&quot;335551620&quot;:6,&quot;335559738&quot;:0,&quot;335559739&quot;:0,&quot;335559740&quot;:360}\">\u00a0<\/span><\/td>\n<\/tr>\n<tr class=\"row-9 odd\">\n\t<td class=\"column-1\"><span data-contrast=\"none\">Du 1<\/span><span data-contrast=\"none\">er<\/span><span data-contrast=\"none\">\u00a0janvier au 31 d\u00e9cembre 1971<\/span><span data-ccp-props=\"{&quot;134233117&quot;:false,&quot;134233118&quot;:false,&quot;201341983&quot;:1,&quot;335551550&quot;:6,&quot;335551620&quot;:6,&quot;335559738&quot;:0,&quot;335559739&quot;:0,&quot;335559740&quot;:360}\">\u00a0<\/span><\/td><td class=\"column-2\"><span data-contrast=\"none\">58 ans et 6 mois<\/span><span data-ccp-props=\"{&quot;134233117&quot;:false,&quot;134233118&quot;:false,&quot;201341983&quot;:1,&quot;335551550&quot;:6,&quot;335551620&quot;:6,&quot;335559738&quot;:0,&quot;335559739&quot;:0,&quot;335559740&quot;:360}\">\u00a0<\/span><\/td>\n<\/tr>\n<tr class=\"row-10 even\">\n\t<td class=\"column-1\"><span data-contrast=\"none\">Du 1<\/span><span data-contrast=\"none\">er<\/span><span data-contrast=\"none\">\u00a0janvier au 31 d\u00e9cembre 1972<\/span><span data-ccp-props=\"{&quot;134233117&quot;:false,&quot;134233118&quot;:false,&quot;201341983&quot;:1,&quot;335551550&quot;:6,&quot;335551620&quot;:6,&quot;335559738&quot;:0,&quot;335559739&quot;:0,&quot;335559740&quot;:360}\">\u00a0<\/span><\/td><td class=\"column-2\"><span data-contrast=\"none\">58 ans et 9 mois<\/span><span data-ccp-props=\"{&quot;134233117&quot;:false,&quot;134233118&quot;:false,&quot;201341983&quot;:1,&quot;335551550&quot;:6,&quot;335551620&quot;:6,&quot;335559738&quot;:0,&quot;335559739&quot;:0,&quot;335559740&quot;:360}\">\u00a0<\/span><\/td>\n<\/tr>\n<tr class=\"row-11 odd\">\n\t<td class=\"column-1\"><span data-contrast=\"none\">\u00c0 partir du 1<\/span><span data-contrast=\"none\">er<\/span><span data-contrast=\"none\">\u00a0janvier 1973<\/span><span data-ccp-props=\"{&quot;134233117&quot;:false,&quot;134233118&quot;:false,&quot;201341983&quot;:1,&quot;335551550&quot;:6,&quot;335551620&quot;:6,&quot;335559738&quot;:0,&quot;335559739&quot;:0,&quot;335559740&quot;:360}\">\u00a0<\/span><\/td><td class=\"column-2\"><span data-contrast=\"none\">59 ans<\/span><span data-ccp-props=\"{&quot;134233117&quot;:false,&quot;134233118&quot;:false,&quot;201341983&quot;:1,&quot;335551550&quot;:6,&quot;335551620&quot;:6,&quot;335559738&quot;:0,&quot;335559739&quot;:0,&quot;335559740&quot;:360}\">\u00a0<\/span><\/td>\n<\/tr>\n<\/tbody>\n<\/table>\n\n<\/div><!-- #tablepress-74 from cache --><\/span><\/p>\n<p>&nbsp;<\/p>\n<div id=\"tablepress-75-scroll-wrapper\" class=\"tablepress-scroll-wrapper\">\n\n<table id=\"tablepress-75\" class=\"tablepress tablepress-id-75 tablepress-responsive\">\n<thead>\n<tr class=\"row-1 odd\">\n\t<th colspan=\"2\" class=\"column-1\"><b><span data-contrast=\"none\">\u00c2ge d\u2019ouverture des droits des fonctionnaires super actifs et insalubres, apr\u00e8s r\u00e9forme<\/span><\/b><span data-ccp-props=\"{&quot;134233117&quot;:false,&quot;134233118&quot;:false,&quot;201341983&quot;:1,&quot;335551550&quot;:6,&quot;335551620&quot;:6,&quot;335559738&quot;:0,&quot;335559739&quot;:0,&quot;335559740&quot;:360}\">\u00a0<\/span><\/th>\n<\/tr>\n<\/thead>\n<tfoot>\n<tr class=\"row-12 even\">\n\t<th colspan=\"2\" class=\"column-1\">Sources : d\u00e9cret n\u00b02023-435 du 3 juin 2023 et ToutSurMesFinances <\/th>\n<\/tr>\n<\/tfoot>\n<tbody class=\"row-hover\">\n<tr class=\"row-2 even\">\n\t<td class=\"column-1\"><b><span data-contrast=\"none\">Date de naissance<\/span><\/b><span data-ccp-props=\"{&quot;134233117&quot;:false,&quot;134233118&quot;:false,&quot;201341983&quot;:1,&quot;335551550&quot;:6,&quot;335551620&quot;:6,&quot;335559738&quot;:0,&quot;335559739&quot;:0,&quot;335559740&quot;:360}\">\u00a0<\/span><\/td><td class=\"column-2\"><b><span data-contrast=\"none\">\u00c2ge de d\u00e9part<\/span><\/b><span data-ccp-props=\"{&quot;134233117&quot;:false,&quot;134233118&quot;:false,&quot;201341983&quot;:1,&quot;335551550&quot;:6,&quot;335551620&quot;:6,&quot;335559738&quot;:0,&quot;335559739&quot;:0,&quot;335559740&quot;:360}\">\u00a0<\/span><\/td>\n<\/tr>\n<tr class=\"row-3 odd\">\n\t<td class=\"column-1\"><span data-contrast=\"none\">Du 1<\/span><span data-contrast=\"none\">er<\/span><span data-contrast=\"none\">\u00a0janvier 1960 au 31 ao\u00fbt 1971<\/span><span data-ccp-props=\"{&quot;134233117&quot;:false,&quot;134233118&quot;:false,&quot;201341983&quot;:1,&quot;335551550&quot;:6,&quot;335551620&quot;:6,&quot;335559738&quot;:0,&quot;335559739&quot;:0,&quot;335559740&quot;:360}\">\u00a0<\/span><\/td><td class=\"column-2\"><span data-contrast=\"none\">52 ans<\/span><span data-ccp-props=\"{&quot;134233117&quot;:false,&quot;134233118&quot;:false,&quot;201341983&quot;:1,&quot;335551550&quot;:6,&quot;335551620&quot;:6,&quot;335559738&quot;:0,&quot;335559739&quot;:0,&quot;335559740&quot;:360}\">\u00a0<\/span><\/td>\n<\/tr>\n<tr class=\"row-4 even\">\n\t<td class=\"column-1\"><span data-contrast=\"none\">Du 1<\/span><span data-contrast=\"none\">er<\/span><span data-contrast=\"none\">\u00a0septembre au 31 d\u00e9cembre 1971<\/span><span data-ccp-props=\"{&quot;134233117&quot;:false,&quot;134233118&quot;:false,&quot;201341983&quot;:1,&quot;335551550&quot;:6,&quot;335551620&quot;:6,&quot;335559738&quot;:0,&quot;335559739&quot;:0,&quot;335559740&quot;:360}\">\u00a0<\/span><\/td><td class=\"column-2\"><span data-contrast=\"none\">52 ans et 3 mois<\/span><span data-ccp-props=\"{&quot;134233117&quot;:false,&quot;134233118&quot;:false,&quot;201341983&quot;:1,&quot;335551550&quot;:6,&quot;335551620&quot;:6,&quot;335559738&quot;:0,&quot;335559739&quot;:0,&quot;335559740&quot;:360}\">\u00a0<\/span><\/td>\n<\/tr>\n<tr class=\"row-5 odd\">\n\t<td class=\"column-1\"><span data-contrast=\"none\">Du 1<\/span><span data-contrast=\"none\">er<\/span><span data-contrast=\"none\">\u00a0janvier au 31 d\u00e9cembre 1972<\/span><span data-ccp-props=\"{&quot;134233117&quot;:false,&quot;134233118&quot;:false,&quot;201341983&quot;:1,&quot;335551550&quot;:6,&quot;335551620&quot;:6,&quot;335559738&quot;:0,&quot;335559739&quot;:0,&quot;335559740&quot;:360}\">\u00a0<\/span><\/td><td class=\"column-2\"><span data-contrast=\"none\">52 ans et 6 mois<\/span><span data-ccp-props=\"{&quot;134233117&quot;:false,&quot;134233118&quot;:false,&quot;201341983&quot;:1,&quot;335551550&quot;:6,&quot;335551620&quot;:6,&quot;335559738&quot;:0,&quot;335559739&quot;:0,&quot;335559740&quot;:360}\">\u00a0<\/span><\/td>\n<\/tr>\n<tr class=\"row-6 even\">\n\t<td class=\"column-1\"><span data-contrast=\"none\">Du 1<\/span><span data-contrast=\"none\">er<\/span><span data-contrast=\"none\">\u00a0janvier au 31 d\u00e9cembre 1973<\/span><span data-ccp-props=\"{&quot;134233117&quot;:false,&quot;134233118&quot;:false,&quot;201341983&quot;:1,&quot;335551550&quot;:6,&quot;335551620&quot;:6,&quot;335559738&quot;:0,&quot;335559739&quot;:0,&quot;335559740&quot;:360}\">\u00a0<\/span><\/td><td class=\"column-2\"><span data-contrast=\"none\">52 ans et 9 mois<\/span><span data-ccp-props=\"{&quot;134233117&quot;:false,&quot;134233118&quot;:false,&quot;201341983&quot;:1,&quot;335551550&quot;:6,&quot;335551620&quot;:6,&quot;335559738&quot;:0,&quot;335559739&quot;:0,&quot;335559740&quot;:360}\">\u00a0<\/span><\/td>\n<\/tr>\n<tr class=\"row-7 odd\">\n\t<td class=\"column-1\"><span data-contrast=\"none\">Du 1<\/span><span data-contrast=\"none\">er<\/span><span data-contrast=\"none\">\u00a0janvier au 31 d\u00e9cembre 1974<\/span><span data-ccp-props=\"{&quot;134233117&quot;:false,&quot;134233118&quot;:false,&quot;201341983&quot;:1,&quot;335551550&quot;:6,&quot;335551620&quot;:6,&quot;335559738&quot;:0,&quot;335559739&quot;:0,&quot;335559740&quot;:360}\">\u00a0<\/span><\/td><td class=\"column-2\"><span data-contrast=\"none\">53 ans<\/span><span data-ccp-props=\"{&quot;134233117&quot;:false,&quot;134233118&quot;:false,&quot;201341983&quot;:1,&quot;335551550&quot;:6,&quot;335551620&quot;:6,&quot;335559738&quot;:0,&quot;335559739&quot;:0,&quot;335559740&quot;:360}\">\u00a0<\/span><\/td>\n<\/tr>\n<tr class=\"row-8 even\">\n\t<td class=\"column-1\"><span data-contrast=\"none\">Du 1<\/span><span data-contrast=\"none\">er<\/span><span data-contrast=\"none\">\u00a0janvier au 31 d\u00e9cembre 1975<\/span><span data-ccp-props=\"{&quot;134233117&quot;:false,&quot;134233118&quot;:false,&quot;201341983&quot;:1,&quot;335551550&quot;:6,&quot;335551620&quot;:6,&quot;335559738&quot;:0,&quot;335559739&quot;:0,&quot;335559740&quot;:360}\">\u00a0<\/span><\/td><td class=\"column-2\"><span data-contrast=\"none\">53 ans et 3 mois<\/span><span data-ccp-props=\"{&quot;134233117&quot;:false,&quot;134233118&quot;:false,&quot;201341983&quot;:1,&quot;335551550&quot;:6,&quot;335551620&quot;:6,&quot;335559738&quot;:0,&quot;335559739&quot;:0,&quot;335559740&quot;:360}\">\u00a0<\/span><\/td>\n<\/tr>\n<tr class=\"row-9 odd\">\n\t<td class=\"column-1\"><span data-contrast=\"none\">Du 1<\/span><span data-contrast=\"none\">er<\/span><span data-contrast=\"none\">\u00a0janvier au 31 d\u00e9cembre 1976<\/span><span data-ccp-props=\"{&quot;134233117&quot;:false,&quot;134233118&quot;:false,&quot;201341983&quot;:1,&quot;335551550&quot;:6,&quot;335551620&quot;:6,&quot;335559738&quot;:0,&quot;335559739&quot;:0,&quot;335559740&quot;:360}\">\u00a0<\/span><\/td><td class=\"column-2\"><span data-contrast=\"none\">53 ans et 6 mois<\/span><span data-ccp-props=\"{&quot;134233117&quot;:false,&quot;134233118&quot;:false,&quot;201341983&quot;:1,&quot;335551550&quot;:6,&quot;335551620&quot;:6,&quot;335559738&quot;:0,&quot;335559739&quot;:0,&quot;335559740&quot;:360}\">\u00a0<\/span><\/td>\n<\/tr>\n<tr class=\"row-10 even\">\n\t<td class=\"column-1\"><span data-contrast=\"none\">Du 1<\/span><span data-contrast=\"none\">er<\/span><span data-contrast=\"none\">\u00a0janvier au 31 d\u00e9cembre 1977<\/span><span data-ccp-props=\"{&quot;134233117&quot;:false,&quot;134233118&quot;:false,&quot;201341983&quot;:1,&quot;335551550&quot;:6,&quot;335551620&quot;:6,&quot;335559738&quot;:0,&quot;335559739&quot;:0,&quot;335559740&quot;:360}\">\u00a0<\/span><\/td><td class=\"column-2\"><span data-contrast=\"none\">53 ans et 9 mois<\/span><span data-ccp-props=\"{&quot;134233117&quot;:false,&quot;134233118&quot;:false,&quot;201341983&quot;:1,&quot;335551550&quot;:6,&quot;335551620&quot;:6,&quot;335559738&quot;:0,&quot;335559739&quot;:0,&quot;335559740&quot;:360}\">\u00a0<\/span><\/td>\n<\/tr>\n<tr class=\"row-11 odd\">\n\t<td class=\"column-1\"><span data-contrast=\"none\">\u00c0 partir du 1<\/span><span data-contrast=\"none\">er<\/span><span data-contrast=\"none\">\u00a0janvier 1978<\/span><span data-ccp-props=\"{&quot;134233117&quot;:false,&quot;134233118&quot;:false,&quot;201341983&quot;:1,&quot;335551550&quot;:6,&quot;335551620&quot;:6,&quot;335559738&quot;:0,&quot;335559739&quot;:0,&quot;335559740&quot;:360}\">\u00a0<\/span><\/td><td class=\"column-2\"><span data-contrast=\"none\">54 ans<\/span><span data-ccp-props=\"{&quot;134233117&quot;:false,&quot;134233118&quot;:false,&quot;201341983&quot;:1,&quot;335551550&quot;:6,&quot;335551620&quot;:6,&quot;335559738&quot;:0,&quot;335559739&quot;:0,&quot;335559740&quot;:360}\">\u00a0<\/span><\/td>\n<\/tr>\n<\/tbody>\n<\/table>\n\n<\/div><!-- #tablepress-75 from cache -->\n<p>&nbsp;<\/p>\n<p><span data-contrast=\"none\">\u00a0Les principaux emplois \u00ab\u00a0actifs\u00a0\u00bb\u00a0:<\/span><span data-ccp-props=\"{&quot;134233117&quot;:false,&quot;134233118&quot;:false,&quot;201341983&quot;:1,&quot;335551550&quot;:6,&quot;335551620&quot;:6,&quot;335559738&quot;:0,&quot;335559739&quot;:0,&quot;335559740&quot;:360}\">\u00a0<\/span><\/p>\n<p><span data-contrast=\"none\">&#8211; Dans la fonction publique d\u2019\u00c9tat (FPE)\u00a0<\/span><span data-ccp-props=\"{&quot;134233117&quot;:false,&quot;134233118&quot;:false,&quot;201341983&quot;:1,&quot;335551550&quot;:6,&quot;335551620&quot;:6,&quot;335559738&quot;:0,&quot;335559739&quot;:0,&quot;335559740&quot;:360}\">\u00a0<\/span><\/p>\n<ul>\n<li data-leveltext=\"\uf0b7\" data-font=\"Symbol\" data-listid=\"1\" data-list-defn-props=\"{&quot;335552541&quot;:1,&quot;335559683&quot;:0,&quot;335559684&quot;:-2,&quot;335559685&quot;:720,&quot;335559991&quot;:360,&quot;469769226&quot;:&quot;Symbol&quot;,&quot;469769242&quot;:[8226],&quot;469777803&quot;:&quot;left&quot;,&quot;469777804&quot;:&quot;\uf0b7&quot;,&quot;469777815&quot;:&quot;hybridMultilevel&quot;}\" data-aria-posinset=\"6\" data-aria-level=\"1\"><span data-contrast=\"none\">Douaniers<\/span><span data-ccp-props=\"{&quot;134233117&quot;:false,&quot;134233118&quot;:false,&quot;201341983&quot;:1,&quot;335551550&quot;:6,&quot;335551620&quot;:6,&quot;335559738&quot;:0,&quot;335559739&quot;:0,&quot;335559740&quot;:360}\">\u00a0<\/span><\/li>\n<li data-leveltext=\"\uf0b7\" data-font=\"Symbol\" data-listid=\"1\" data-list-defn-props=\"{&quot;335552541&quot;:1,&quot;335559683&quot;:0,&quot;335559684&quot;:-2,&quot;335559685&quot;:720,&quot;335559991&quot;:360,&quot;469769226&quot;:&quot;Symbol&quot;,&quot;469769242&quot;:[8226],&quot;469777803&quot;:&quot;left&quot;,&quot;469777804&quot;:&quot;\uf0b7&quot;,&quot;469777815&quot;:&quot;hybridMultilevel&quot;}\" data-aria-posinset=\"7\" data-aria-level=\"1\"><span data-contrast=\"none\">Instituteurs de cat\u00e9gorie B (employ\u00e9s), remplac\u00e9s depuis 2010 par les professeurs des \u00e9coles de cat\u00e9gorie A (cadres)<\/span><span data-ccp-props=\"{&quot;134233117&quot;:false,&quot;134233118&quot;:false,&quot;201341983&quot;:1,&quot;335551550&quot;:6,&quot;335551620&quot;:6,&quot;335559738&quot;:0,&quot;335559739&quot;:0,&quot;335559740&quot;:360}\">\u00a0<\/span><\/li>\n<li data-leveltext=\"\uf0b7\" data-font=\"Symbol\" data-listid=\"1\" data-list-defn-props=\"{&quot;335552541&quot;:1,&quot;335559683&quot;:0,&quot;335559684&quot;:-2,&quot;335559685&quot;:720,&quot;335559991&quot;:360,&quot;469769226&quot;:&quot;Symbol&quot;,&quot;469769242&quot;:[8226],&quot;469777803&quot;:&quot;left&quot;,&quot;469777804&quot;:&quot;\uf0b7&quot;,&quot;469777815&quot;:&quot;hybridMultilevel&quot;}\" data-aria-posinset=\"8\" data-aria-level=\"1\"><span data-contrast=\"none\">Agents d\u2019exploitation des travaux publics de l\u2019\u00c9tat<\/span><span data-ccp-props=\"{&quot;134233117&quot;:false,&quot;134233118&quot;:false,&quot;201341983&quot;:1,&quot;335551550&quot;:6,&quot;335551620&quot;:6,&quot;335559738&quot;:0,&quot;335559739&quot;:0,&quot;335559740&quot;:360}\">\u00a0<\/span><\/li>\n<li data-leveltext=\"\uf0b7\" data-font=\"Symbol\" data-listid=\"1\" data-list-defn-props=\"{&quot;335552541&quot;:1,&quot;335559683&quot;:0,&quot;335559684&quot;:-2,&quot;335559685&quot;:720,&quot;335559991&quot;:360,&quot;469769226&quot;:&quot;Symbol&quot;,&quot;469769242&quot;:[8226],&quot;469777803&quot;:&quot;left&quot;,&quot;469777804&quot;:&quot;\uf0b7&quot;,&quot;469777815&quot;:&quot;hybridMultilevel&quot;}\" data-aria-posinset=\"9\" data-aria-level=\"1\"><span data-contrast=\"none\">\u00c9ducateurs et infirmiers de la protection judiciaire de la jeunesse<\/span><span data-ccp-props=\"{&quot;134233117&quot;:false,&quot;134233118&quot;:false,&quot;201341983&quot;:1,&quot;335551550&quot;:6,&quot;335551620&quot;:6,&quot;335559738&quot;:0,&quot;335559739&quot;:0,&quot;335559740&quot;:360}\">\u00a0<\/span><\/li>\n<\/ul>\n<p><span data-contrast=\"none\">&#8211; Dans la fonction publique territoriale (FPT)\u00a0:<\/span><span data-ccp-props=\"{&quot;134233117&quot;:false,&quot;134233118&quot;:false,&quot;201341983&quot;:1,&quot;335551550&quot;:6,&quot;335551620&quot;:6,&quot;335559738&quot;:0,&quot;335559739&quot;:0,&quot;335559740&quot;:360}\">\u00a0<\/span><\/p>\n<ul>\n<li data-leveltext=\"\uf0b7\" data-font=\"Symbol\" data-listid=\"1\" data-list-defn-props=\"{&quot;335552541&quot;:1,&quot;335559683&quot;:0,&quot;335559684&quot;:-2,&quot;335559685&quot;:720,&quot;335559991&quot;:360,&quot;469769226&quot;:&quot;Symbol&quot;,&quot;469769242&quot;:[8226],&quot;469777803&quot;:&quot;left&quot;,&quot;469777804&quot;:&quot;\uf0b7&quot;,&quot;469777815&quot;:&quot;hybridMultilevel&quot;}\" data-aria-posinset=\"10\" data-aria-level=\"1\"><span data-contrast=\"none\">Policiers municipaux<\/span><span data-ccp-props=\"{&quot;134233117&quot;:false,&quot;134233118&quot;:false,&quot;201341983&quot;:1,&quot;335551550&quot;:6,&quot;335551620&quot;:6,&quot;335559738&quot;:0,&quot;335559739&quot;:0,&quot;335559740&quot;:360}\">\u00a0<\/span><\/li>\n<li data-leveltext=\"\uf0b7\" data-font=\"Symbol\" data-listid=\"1\" data-list-defn-props=\"{&quot;335552541&quot;:1,&quot;335559683&quot;:0,&quot;335559684&quot;:-2,&quot;335559685&quot;:720,&quot;335559991&quot;:360,&quot;469769226&quot;:&quot;Symbol&quot;,&quot;469769242&quot;:[8226],&quot;469777803&quot;:&quot;left&quot;,&quot;469777804&quot;:&quot;\uf0b7&quot;,&quot;469777815&quot;:&quot;hybridMultilevel&quot;}\" data-aria-posinset=\"11\" data-aria-level=\"1\"><span data-contrast=\"none\">Pompiers professionnels<\/span><span data-ccp-props=\"{&quot;134233117&quot;:false,&quot;134233118&quot;:false,&quot;201341983&quot;:1,&quot;335551550&quot;:6,&quot;335551620&quot;:6,&quot;335559738&quot;:0,&quot;335559739&quot;:0,&quot;335559740&quot;:360}\">\u00a0<\/span><\/li>\n<li data-leveltext=\"\uf0b7\" data-font=\"Symbol\" data-listid=\"1\" data-list-defn-props=\"{&quot;335552541&quot;:1,&quot;335559683&quot;:0,&quot;335559684&quot;:-2,&quot;335559685&quot;:720,&quot;335559991&quot;:360,&quot;469769226&quot;:&quot;Symbol&quot;,&quot;469769242&quot;:[8226],&quot;469777803&quot;:&quot;left&quot;,&quot;469777804&quot;:&quot;\uf0b7&quot;,&quot;469777815&quot;:&quot;hybridMultilevel&quot;}\" data-aria-posinset=\"12\" data-aria-level=\"1\"><span data-contrast=\"none\">Agents d\u2019entretien (\u00ab\u00a0cantonniers\u00a0\u00bb\u2026)<\/span><span data-ccp-props=\"{&quot;134233117&quot;:false,&quot;134233118&quot;:false,&quot;201341983&quot;:1,&quot;335551550&quot;:6,&quot;335551620&quot;:6,&quot;335559738&quot;:0,&quot;335559739&quot;:0,&quot;335559740&quot;:360}\">\u00a0<\/span><\/li>\n<\/ul>\n<p><span data-contrast=\"none\">&#8211; Dans la fonction publique hospitali\u00e8re (FPH)<\/span><span data-ccp-props=\"{&quot;134233117&quot;:false,&quot;134233118&quot;:false,&quot;201341983&quot;:1,&quot;335551550&quot;:6,&quot;335551620&quot;:6,&quot;335559738&quot;:0,&quot;335559739&quot;:0,&quot;335559740&quot;:360}\">\u00a0<\/span><\/p>\n<ul>\n<li data-leveltext=\"\uf0b7\" data-font=\"Symbol\" data-listid=\"1\" data-list-defn-props=\"{&quot;335552541&quot;:1,&quot;335559683&quot;:0,&quot;335559684&quot;:-2,&quot;335559685&quot;:720,&quot;335559991&quot;:360,&quot;469769226&quot;:&quot;Symbol&quot;,&quot;469769242&quot;:[8226],&quot;469777803&quot;:&quot;left&quot;,&quot;469777804&quot;:&quot;\uf0b7&quot;,&quot;469777815&quot;:&quot;hybridMultilevel&quot;}\" data-aria-posinset=\"13\" data-aria-level=\"1\"><span data-contrast=\"none\">Infirmiers et infirmi\u00e8res de cat\u00e9gorie B<\/span><span data-ccp-props=\"{&quot;134233117&quot;:false,&quot;134233118&quot;:false,&quot;201341983&quot;:1,&quot;335551550&quot;:6,&quot;335551620&quot;:6,&quot;335559738&quot;:0,&quot;335559739&quot;:0,&quot;335559740&quot;:360}\">\u00a0<\/span><\/li>\n<li data-leveltext=\"\uf0b7\" data-font=\"Symbol\" data-listid=\"1\" data-list-defn-props=\"{&quot;335552541&quot;:1,&quot;335559683&quot;:0,&quot;335559684&quot;:-2,&quot;335559685&quot;:720,&quot;335559991&quot;:360,&quot;469769226&quot;:&quot;Symbol&quot;,&quot;469769242&quot;:[8226],&quot;469777803&quot;:&quot;left&quot;,&quot;469777804&quot;:&quot;\uf0b7&quot;,&quot;469777815&quot;:&quot;hybridMultilevel&quot;}\" data-aria-posinset=\"14\" data-aria-level=\"1\"><span data-contrast=\"none\">Aides-soignants<\/span><span data-ccp-props=\"{&quot;134233117&quot;:false,&quot;134233118&quot;:false,&quot;201341983&quot;:1,&quot;335551550&quot;:6,&quot;335551620&quot;:6,&quot;335559738&quot;:0,&quot;335559739&quot;:0,&quot;335559740&quot;:360}\">\u00a0<\/span><\/li>\n<li data-leveltext=\"\uf0b7\" data-font=\"Symbol\" data-listid=\"1\" data-list-defn-props=\"{&quot;335552541&quot;:1,&quot;335559683&quot;:0,&quot;335559684&quot;:-2,&quot;335559685&quot;:720,&quot;335559991&quot;:360,&quot;469769226&quot;:&quot;Symbol&quot;,&quot;469769242&quot;:[8226],&quot;469777803&quot;:&quot;left&quot;,&quot;469777804&quot;:&quot;\uf0b7&quot;,&quot;469777815&quot;:&quot;hybridMultilevel&quot;}\" data-aria-posinset=\"15\" data-aria-level=\"1\"><span data-contrast=\"none\">Sages-femmes<\/span><span data-ccp-props=\"{&quot;134233117&quot;:false,&quot;134233118&quot;:false,&quot;201341983&quot;:1,&quot;335551550&quot;:6,&quot;335551620&quot;:6,&quot;335559738&quot;:0,&quot;335559739&quot;:0,&quot;335559740&quot;:360}\">\u00a0<\/span><\/li>\n<li data-leveltext=\"\uf0b7\" data-font=\"Symbol\" data-listid=\"1\" data-list-defn-props=\"{&quot;335552541&quot;:1,&quot;335559683&quot;:0,&quot;335559684&quot;:-2,&quot;335559685&quot;:720,&quot;335559991&quot;:360,&quot;469769226&quot;:&quot;Symbol&quot;,&quot;469769242&quot;:[8226],&quot;469777803&quot;:&quot;left&quot;,&quot;469777804&quot;:&quot;\uf0b7&quot;,&quot;469777815&quot;:&quot;hybridMultilevel&quot;}\" data-aria-posinset=\"16\" data-aria-level=\"1\"><span data-contrast=\"none\">Pu\u00e9ricultrices de service p\u00e9diatrique de cat\u00e9gorie B<\/span><span data-ccp-props=\"{&quot;134233117&quot;:false,&quot;134233118&quot;:false,&quot;201341983&quot;:1,&quot;335551550&quot;:6,&quot;335551620&quot;:6,&quot;335559738&quot;:0,&quot;335559739&quot;:0,&quot;335559740&quot;:360}\">\u00a0<\/span><\/li>\n<\/ul>\n<p><span data-contrast=\"none\">Les principaux emplois \u00ab\u00a0super actifs\u00a0\u00bb\u00a0:<\/span><span data-ccp-props=\"{&quot;134233117&quot;:false,&quot;134233118&quot;:false,&quot;201341983&quot;:1,&quot;335551550&quot;:6,&quot;335551620&quot;:6,&quot;335559738&quot;:0,&quot;335559739&quot;:0,&quot;335559740&quot;:360}\">\u00a0<\/span><\/p>\n<ul>\n<li data-leveltext=\"\uf0b7\" data-font=\"Symbol\" data-listid=\"1\" data-list-defn-props=\"{&quot;335552541&quot;:1,&quot;335559683&quot;:0,&quot;335559684&quot;:-2,&quot;335559685&quot;:720,&quot;335559991&quot;:360,&quot;469769226&quot;:&quot;Symbol&quot;,&quot;469769242&quot;:[8226],&quot;469777803&quot;:&quot;left&quot;,&quot;469777804&quot;:&quot;\uf0b7&quot;,&quot;469777815&quot;:&quot;hybridMultilevel&quot;}\" data-aria-posinset=\"17\" data-aria-level=\"1\"><span data-contrast=\"none\">Policiers<\/span><span data-ccp-props=\"{&quot;134233117&quot;:false,&quot;134233118&quot;:false,&quot;201341983&quot;:1,&quot;335551550&quot;:6,&quot;335551620&quot;:6,&quot;335559738&quot;:0,&quot;335559739&quot;:0,&quot;335559740&quot;:360}\">\u00a0<\/span><\/li>\n<li data-leveltext=\"\uf0b7\" data-font=\"Symbol\" data-listid=\"1\" data-list-defn-props=\"{&quot;335552541&quot;:1,&quot;335559683&quot;:0,&quot;335559684&quot;:-2,&quot;335559685&quot;:720,&quot;335559991&quot;:360,&quot;469769226&quot;:&quot;Symbol&quot;,&quot;469769242&quot;:[8226],&quot;469777803&quot;:&quot;left&quot;,&quot;469777804&quot;:&quot;\uf0b7&quot;,&quot;469777815&quot;:&quot;hybridMultilevel&quot;}\" data-aria-posinset=\"18\" data-aria-level=\"1\"><span data-contrast=\"none\">Gardiens de prison<\/span><span data-ccp-props=\"{&quot;134233117&quot;:false,&quot;134233118&quot;:false,&quot;201341983&quot;:1,&quot;335551550&quot;:6,&quot;335551620&quot;:6,&quot;335559738&quot;:0,&quot;335559739&quot;:0,&quot;335559740&quot;:360}\">\u00a0<\/span><\/li>\n<li data-leveltext=\"\uf0b7\" data-font=\"Symbol\" data-listid=\"1\" data-list-defn-props=\"{&quot;335552541&quot;:1,&quot;335559683&quot;:0,&quot;335559684&quot;:-2,&quot;335559685&quot;:720,&quot;335559991&quot;:360,&quot;469769226&quot;:&quot;Symbol&quot;,&quot;469769242&quot;:[8226],&quot;469777803&quot;:&quot;left&quot;,&quot;469777804&quot;:&quot;\uf0b7&quot;,&quot;469777815&quot;:&quot;hybridMultilevel&quot;}\" data-aria-posinset=\"19\" data-aria-level=\"1\"><span data-contrast=\"none\">Contr\u00f4leurs a\u00e9riens<\/span><span data-ccp-props=\"{&quot;134233117&quot;:false,&quot;134233118&quot;:false,&quot;201341983&quot;:1,&quot;335551550&quot;:6,&quot;335551620&quot;:6,&quot;335559738&quot;:0,&quot;335559739&quot;:0,&quot;335559740&quot;:360}\">\u00a0<\/span><\/li>\n<\/ul>\n<p><span data-contrast=\"none\">Les emplois insalubres\u00a0:<\/span><span data-ccp-props=\"{&quot;134233117&quot;:false,&quot;134233118&quot;:false,&quot;201341983&quot;:1,&quot;335551550&quot;:6,&quot;335551620&quot;:6,&quot;335559738&quot;:0,&quot;335559739&quot;:0,&quot;335559740&quot;:360}\">\u00a0<\/span><\/p>\n<ul>\n<li data-leveltext=\"\uf0b7\" data-font=\"Symbol\" data-listid=\"1\" data-list-defn-props=\"{&quot;335552541&quot;:1,&quot;335559683&quot;:0,&quot;335559684&quot;:-2,&quot;335559685&quot;:720,&quot;335559991&quot;:360,&quot;469769226&quot;:&quot;Symbol&quot;,&quot;469769242&quot;:[8226],&quot;469777803&quot;:&quot;left&quot;,&quot;469777804&quot;:&quot;\uf0b7&quot;,&quot;469777815&quot;:&quot;hybridMultilevel&quot;}\" data-aria-posinset=\"20\" data-aria-level=\"1\"><span data-contrast=\"none\">Agents d\u2019entretien des r\u00e9seaux souterrain des \u00e9gouts (\u00ab\u00a0\u00e9goutiers\u00a0\u00bb)<\/span><span data-ccp-props=\"{&quot;134233117&quot;:false,&quot;134233118&quot;:false,&quot;201341983&quot;:1,&quot;335551550&quot;:6,&quot;335551620&quot;:6,&quot;335559738&quot;:0,&quot;335559739&quot;:0,&quot;335559740&quot;:360}\">\u00a0<\/span><\/li>\n<li data-leveltext=\"\uf0b7\" data-font=\"Symbol\" data-listid=\"1\" data-list-defn-props=\"{&quot;335552541&quot;:1,&quot;335559683&quot;:0,&quot;335559684&quot;:-2,&quot;335559685&quot;:720,&quot;335559991&quot;:360,&quot;469769226&quot;:&quot;Symbol&quot;,&quot;469769242&quot;:[8226],&quot;469777803&quot;:&quot;left&quot;,&quot;469777804&quot;:&quot;\uf0b7&quot;,&quot;469777815&quot;:&quot;hybridMultilevel&quot;}\" data-aria-posinset=\"21\" data-aria-level=\"1\"><span data-contrast=\"none\">Agents du corps des identificateurs de l&rsquo;institut m\u00e9dico-l\u00e9gal de la pr\u00e9fecture de police<\/span><span data-ccp-props=\"{&quot;134233117&quot;:false,&quot;134233118&quot;:false,&quot;201341983&quot;:1,&quot;335551550&quot;:6,&quot;335551620&quot;:6,&quot;335559738&quot;:0,&quot;335559739&quot;:0,&quot;335559740&quot;:360}\">\u00a0<\/span><\/li>\n<\/ul>\n<h3><span class=\"ez-toc-section\" id=\"_Age_limite_de_retraite_pour_les_fonctionnaires\"><\/span><span data-ccp-props=\"{&quot;134233117&quot;:false,&quot;134233118&quot;:false,&quot;201341983&quot;:1,&quot;335551550&quot;:6,&quot;335551620&quot;:6,&quot;335559738&quot;:0,&quot;335559739&quot;:0,&quot;335559740&quot;:360}\">\u00a0<\/span><span data-contrast=\"none\">\u00c2ge limite de retraite pour les fonctionnaires\u00a0<\/span><span class=\"ez-toc-section-end\"><\/span><\/h3>\n<p><span data-contrast=\"none\">L\u2019\u00e2ge limite dans la fonction publique correspond \u00e0 l\u2019\u00e2ge \u00e0 partir duquel le fonctionnaire n\u2019est plus autoris\u00e9 \u00e0 occuper un emploi. Avant la r\u00e9forme des retraites de 2023, il \u00e9tait fix\u00e9 \u00e0 67 ans pour les agents de la cat\u00e9gorie s\u00e9dentaire et pouvait \u00eatre repouss\u00e9 jusqu\u2019\u00e0 70 ans pour ceux qui avaient des enfants \u00e0 charge ou qui n\u2019avaient pas valid\u00e9 le nombre de trimestres n\u00e9cessaire pour percevoir une retraite sans d\u00e9cote.<\/span><span data-ccp-props=\"{&quot;134233117&quot;:false,&quot;134233118&quot;:false,&quot;201341983&quot;:1,&quot;335551550&quot;:6,&quot;335551620&quot;:6,&quot;335559738&quot;:0,&quot;335559739&quot;:0,&quot;335559740&quot;:360}\">\u00a0<\/span><\/p>\n<p><b><span data-contrast=\"none\">Depuis le 1<\/span><\/b><b><span data-contrast=\"none\">er<\/span><\/b><b><span data-contrast=\"none\"> septembre 2023, la limite d\u2019\u00e2ge est fix\u00e9e \u00e0 70 ans pour les fonctionnaires \u00ab s\u00e9dentaires \u00bb (mais pas pour les fonctionnaires \u00ab actifs \u00bb qui continueront \u00e0 devoir partir \u00e0 62 ans au maximum).<\/span><\/b><b><span data-contrast=\"none\">\u00a0<\/span><\/b><span data-contrast=\"none\">Il s\u2019agit d\u2019un alignement de la r\u00e8gle d\u00e9j\u00e0 en vigueur dans le secteur priv\u00e9. \u00c0 compter de 70 ans, un salari\u00e9 doit demander \u00e0 son employeur l\u2019autorisation de continuer \u00e0 travailler. S\u2019il ne n\u2019obtient pas, il est mis \u00e0 la retraite.<\/span><span data-ccp-props=\"{&quot;134233117&quot;:false,&quot;134233118&quot;:false,&quot;201341983&quot;:1,&quot;335551550&quot;:6,&quot;335551620&quot;:6,&quot;335559738&quot;:0,&quot;335559739&quot;:0,&quot;335559740&quot;:360}\">\u00a0<\/span><\/p>\n<p><b><span data-contrast=\"none\">Attention<\/span><\/b><b><span data-contrast=\"none\">\u00a0<\/span><\/b><b><span data-contrast=\"none\">: il ne faut pas confondre l\u2019\u00e2ge limite et l\u2019\u00e2ge d\u2019annulation de la d\u00e9cote. Appel\u00e9 \u00ab\u00a0\u00e2ge de retraite \u00e0 taux plein\u00a0\u00bb dans le secteur priv\u00e9, cette derni\u00e8re borne d\u2019\u00e2ge correspond \u00e0 l\u2019\u00e2ge \u00e0 partir duquel le fonctionnaire ne subit plus de minoration sur sa retraite, m\u00eame s\u2019il ne dispose pas de tous ses trimestres. Comme pour le priv\u00e9, la r\u00e9forme des retraites de 2023 ne modifie pas les \u00e2ges d\u2019annulation de la d\u00e9cote dans le public.<\/span><\/b><span data-ccp-props=\"{&quot;134233117&quot;:false,&quot;134233118&quot;:false,&quot;201341983&quot;:1,&quot;335551550&quot;:6,&quot;335551620&quot;:6,&quot;335559738&quot;:0,&quot;335559739&quot;:0,&quot;335559740&quot;:360}\">\u00a0<\/span><\/p>\n<p><span data-contrast=\"none\">Ils demeurent \u00e0\u00a0:<\/span><span data-ccp-props=\"{&quot;134233117&quot;:false,&quot;134233118&quot;:false,&quot;201341983&quot;:1,&quot;335551550&quot;:6,&quot;335551620&quot;:6,&quot;335559738&quot;:0,&quot;335559739&quot;:0,&quot;335559740&quot;:360}\">\u00a0<\/span><\/p>\n<ul>\n<li><span data-contrast=\"none\">67 ans pour les fonctionnaires s\u00e9dentaires<\/span><\/li>\n<li>62 ans pour les fonctionnaires actifs<\/li>\n<li>57 ans pour les fonctionnaires super actifs et insalubres.<span style=\"background-color: transparent\" data-ccp-props=\"{&quot;134233117&quot;:false,&quot;134233118&quot;:false,&quot;201341983&quot;:1,&quot;335551550&quot;:6,&quot;335551620&quot;:6,&quot;335559738&quot;:0,&quot;335559739&quot;:0,&quot;335559740&quot;:360}\">\u00a0<\/span><\/li>\n<\/ul>\n<h3><span class=\"ez-toc-section\" id=\"Duree_de_cotisation_pour_les_fonctionnaires\"><\/span><span data-contrast=\"none\">Dur\u00e9e de cotisation pour les fonctionnaires\u00a0<\/span><span class=\"ez-toc-section-end\"><\/span><\/h3>\n<p><span data-contrast=\"none\">La dur\u00e9e de cotisation \u00e9quivaut au nombre de trimestres que les assur\u00e9s (dont les fonctionnaires) doivent valider pour percevoir une retraite compl\u00e8te (c\u2019est-\u00e0-dire sans d\u00e9cote). Ce nombre varie selon l\u2019ann\u00e9e de naissance. La r\u00e9forme des retraites de 2014, dite \u00ab\u00a0r\u00e9forme Touraine\u00a0\u00bb (du nom de l\u2019ex-ministre des Solidarit\u00e9s et de la Sant\u00e9, Marisol Touraine), a augment\u00e9, au rythme d\u2019un trimestre tous les trois ans, la dur\u00e9e de cotisation de 166 trimestres (41,5 ans) pour les assur\u00e9s n\u00e9s en 1955 \u00e0 172 trimestres (43 ans) pour les assur\u00e9s n\u00e9s \u00e0 partir de 1973.<\/span><span data-ccp-props=\"{&quot;134233117&quot;:false,&quot;134233118&quot;:false,&quot;201341983&quot;:1,&quot;335551550&quot;:6,&quot;335551620&quot;:6,&quot;335559738&quot;:0,&quot;335559739&quot;:0,&quot;335559740&quot;:360}\">\u00a0<\/span><\/p>\n<p><span data-contrast=\"none\">Toujours dans le but de d\u00e9gager des \u00e9conomies, la r\u00e9forme des retraites de 2023 acc\u00e9l\u00e8re le calendrier d\u2019allongement instaur\u00e9 par la r\u00e9forme Touraine.\u00a0<\/span><b><span data-contrast=\"none\">La dur\u00e9e de cotisation est augment\u00e9e d\u2019un trimestre tous les ans \u00e0 compter des assur\u00e9s n\u00e9s \u00e0 partir du 1<\/span><\/b><b><span data-contrast=\"none\">er<\/span><\/b><b><span data-contrast=\"none\">\u00a0septembre 1961 pour atteindre 43 ans d\u00e8s les assur\u00e9s n\u00e9s \u00e0 partir du 1<\/span><\/b><b><span data-contrast=\"none\">er<\/span><\/b><b><span data-contrast=\"none\">\u00a0janvier 1965.<\/span><\/b><span data-ccp-props=\"{&quot;134233117&quot;:false,&quot;134233118&quot;:false,&quot;201341983&quot;:1,&quot;335551550&quot;:6,&quot;335551620&quot;:6,&quot;335559738&quot;:0,&quot;335559739&quot;:0,&quot;335559740&quot;:360}\">\u00a0<\/span><\/p>\n<p><span data-contrast=\"none\">Cette acc\u00e9l\u00e9ration concerne l\u2019ensemble des actifs, y compris les agents titulaires de la fonction publique. \u00c0 noter\u00a0: si les fonctionnaires \u00ab\u00a0actifs\u00a0\u00bb, \u00ab\u00a0super actifs\u00a0\u00bb et \u00ab\u00a0insalubres\u00a0\u00bb ont la possibilit\u00e9 de partir avant l\u2019\u00e2ge d\u2019ouverture des droits (AOD), ils sont soumis \u00e0 la m\u00eame dur\u00e9e de cotisation que les fonctionnaires \u00ab\u00a0s\u00e9dentaires\u00a0\u00bb. En cas de d\u00e9part anticip\u00e9, ils sont susceptibles de subir une d\u00e9cote sur leur retraite\u00a0<\/span><i><span data-contrast=\"none\">(voir plus loin)<\/span><\/i><span data-contrast=\"none\">.<\/span><span data-ccp-props=\"{&quot;134233117&quot;:false,&quot;134233118&quot;:false,&quot;201341983&quot;:1,&quot;335551550&quot;:6,&quot;335551620&quot;:6,&quot;335559738&quot;:0,&quot;335559739&quot;:0,&quot;335559740&quot;:360}\">\u00a0<\/span><\/p>\n<p><span data-ccp-props=\"{&quot;134233117&quot;:false,&quot;134233118&quot;:false,&quot;201341983&quot;:1,&quot;335551550&quot;:6,&quot;335551620&quot;:6,&quot;335559738&quot;:0,&quot;335559739&quot;:0,&quot;335559740&quot;:360}\"><div id=\"tablepress-77-scroll-wrapper\" class=\"tablepress-scroll-wrapper\">\n\n<table id=\"tablepress-77\" class=\"tablepress tablepress-id-77 tablepress-responsive\">\n<thead>\n<tr class=\"row-1 odd\">\n\t<th colspan=\"2\" class=\"column-1\"><b><span data-contrast=\"none\">Dur\u00e9e de cotisation des fonctionnaires, apr\u00e8s r\u00e9forme<\/span><\/b><span data-ccp-props=\"{&quot;134233117&quot;:false,&quot;134233118&quot;:false,&quot;201341983&quot;:1,&quot;335551550&quot;:6,&quot;335551620&quot;:6,&quot;335559738&quot;:0,&quot;335559739&quot;:0,&quot;335559740&quot;:360}\">\u00a0<\/span><\/th>\n<\/tr>\n<\/thead>\n<tfoot>\n<tr class=\"row-9 odd\">\n\t<th colspan=\"2\" class=\"column-1\">Sources : d\u00e9cret n\u00b02023-435 du 3 juin 2023 et ToutSurMesFinances <\/th>\n<\/tr>\n<\/tfoot>\n<tbody class=\"row-hover\">\n<tr class=\"row-2 even\">\n\t<td class=\"column-1\"><b><span data-contrast=\"none\">Date de naissance<\/span><\/b><span data-ccp-props=\"{&quot;134233117&quot;:false,&quot;134233118&quot;:false,&quot;201341983&quot;:1,&quot;335551550&quot;:6,&quot;335551620&quot;:6,&quot;335559738&quot;:0,&quot;335559739&quot;:0,&quot;335559740&quot;:360}\">\u00a0<\/span><\/td><td class=\"column-2\"><b><span data-contrast=\"none\">Nombre de trimestres<\/span><\/b><span data-ccp-props=\"{&quot;134233117&quot;:false,&quot;134233118&quot;:false,&quot;201341983&quot;:1,&quot;335551550&quot;:6,&quot;335551620&quot;:6,&quot;335559738&quot;:0,&quot;335559739&quot;:0,&quot;335559740&quot;:360}\">\u00a0<\/span><\/td>\n<\/tr>\n<tr class=\"row-3 odd\">\n\t<td class=\"column-1\"><span data-contrast=\"none\">Du 1<\/span><span data-contrast=\"none\">er<\/span><span data-contrast=\"none\">\u00a0janvier 1958 au 31 d\u00e9cembre 1960<\/span><span data-ccp-props=\"{&quot;134233117&quot;:false,&quot;134233118&quot;:false,&quot;201341983&quot;:1,&quot;335551550&quot;:6,&quot;335551620&quot;:6,&quot;335559738&quot;:0,&quot;335559739&quot;:0,&quot;335559740&quot;:360}\">\u00a0<\/span><\/td><td class=\"column-2\"><span data-contrast=\"none\">167 trimestres<\/span><span data-ccp-props=\"{&quot;134233117&quot;:false,&quot;134233118&quot;:false,&quot;201341983&quot;:1,&quot;335551550&quot;:6,&quot;335551620&quot;:6,&quot;335559738&quot;:0,&quot;335559739&quot;:0,&quot;335559740&quot;:360}\">\u00a0<\/span><\/td>\n<\/tr>\n<tr class=\"row-4 even\">\n\t<td class=\"column-1\"><span data-contrast=\"none\">Du 1<\/span><span data-contrast=\"none\">er<\/span><span data-contrast=\"none\">\u00a0janvier 1961 au 31 ao\u00fbt 1961<\/span><span data-ccp-props=\"{&quot;134233117&quot;:false,&quot;134233118&quot;:false,&quot;201341983&quot;:1,&quot;335551550&quot;:6,&quot;335551620&quot;:6,&quot;335559738&quot;:0,&quot;335559739&quot;:0,&quot;335559740&quot;:360}\">\u00a0<\/span><\/td><td class=\"column-2\"><span data-contrast=\"none\">168 trimestres<\/span><span data-ccp-props=\"{&quot;134233117&quot;:false,&quot;134233118&quot;:false,&quot;201341983&quot;:1,&quot;335551550&quot;:6,&quot;335551620&quot;:6,&quot;335559738&quot;:0,&quot;335559739&quot;:0,&quot;335559740&quot;:360}\">\u00a0<\/span><\/td>\n<\/tr>\n<tr class=\"row-5 odd\">\n\t<td class=\"column-1\"><span data-contrast=\"none\">Du 1<\/span><span data-contrast=\"none\">er<\/span><span data-contrast=\"none\">\u00a0septembre 1961 au 31 d\u00e9cembre 1962<\/span><span data-ccp-props=\"{&quot;134233117&quot;:false,&quot;134233118&quot;:false,&quot;201341983&quot;:1,&quot;335551550&quot;:6,&quot;335551620&quot;:6,&quot;335559738&quot;:0,&quot;335559739&quot;:0,&quot;335559740&quot;:360}\">\u00a0<\/span><\/td><td class=\"column-2\"><span data-contrast=\"none\">169 trimestres<\/span><span data-ccp-props=\"{&quot;134233117&quot;:false,&quot;134233118&quot;:false,&quot;201341983&quot;:1,&quot;335551550&quot;:6,&quot;335551620&quot;:6,&quot;335559738&quot;:0,&quot;335559739&quot;:0,&quot;335559740&quot;:360}\">\u00a0<\/span><\/td>\n<\/tr>\n<tr class=\"row-6 even\">\n\t<td class=\"column-1\"><span data-contrast=\"none\">Du 1<\/span><span data-contrast=\"none\">er<\/span><span data-contrast=\"none\">\u00a0janvier au 31 d\u00e9cembre 1963<\/span><span data-ccp-props=\"{&quot;134233117&quot;:false,&quot;134233118&quot;:false,&quot;201341983&quot;:1,&quot;335551550&quot;:6,&quot;335551620&quot;:6,&quot;335559738&quot;:0,&quot;335559739&quot;:0,&quot;335559740&quot;:360}\">\u00a0<\/span><\/td><td class=\"column-2\"><span data-contrast=\"none\">170 trimestres<\/span><span data-ccp-props=\"{&quot;134233117&quot;:false,&quot;134233118&quot;:false,&quot;201341983&quot;:1,&quot;335551550&quot;:6,&quot;335551620&quot;:6,&quot;335559738&quot;:0,&quot;335559739&quot;:0,&quot;335559740&quot;:360}\">\u00a0<\/span><\/td>\n<\/tr>\n<tr class=\"row-7 odd\">\n\t<td class=\"column-1\"><span data-contrast=\"none\">Du 1<\/span><span data-contrast=\"none\">er<\/span><span data-contrast=\"none\">\u00a0janvier au 31 d\u00e9cembre 1964<\/span><span data-ccp-props=\"{&quot;134233117&quot;:false,&quot;134233118&quot;:false,&quot;201341983&quot;:1,&quot;335551550&quot;:6,&quot;335551620&quot;:6,&quot;335559738&quot;:0,&quot;335559739&quot;:0,&quot;335559740&quot;:360}\">\u00a0<\/span><\/td><td class=\"column-2\"><span data-contrast=\"none\">171 trimestres<\/span><span data-ccp-props=\"{&quot;134233117&quot;:false,&quot;134233118&quot;:false,&quot;201341983&quot;:1,&quot;335551550&quot;:6,&quot;335551620&quot;:6,&quot;335559738&quot;:0,&quot;335559739&quot;:0,&quot;335559740&quot;:360}\">\u00a0<\/span><\/td>\n<\/tr>\n<tr class=\"row-8 even\">\n\t<td class=\"column-1\"><span data-contrast=\"none\">\u00c2 partir du 1<\/span><span data-contrast=\"none\">er<\/span><span data-contrast=\"none\">\u00a0janvier 1965<\/span><span data-ccp-props=\"{&quot;134233117&quot;:false,&quot;134233118&quot;:false,&quot;201341983&quot;:1,&quot;335551550&quot;:6,&quot;335551620&quot;:6,&quot;335559738&quot;:0,&quot;335559739&quot;:0,&quot;335559740&quot;:360}\">\u00a0<\/span><\/td><td class=\"column-2\"><span data-contrast=\"none\">172 trimestres<\/span><span data-ccp-props=\"{&quot;134233117&quot;:false,&quot;134233118&quot;:false,&quot;201341983&quot;:1,&quot;335551550&quot;:6,&quot;335551620&quot;:6,&quot;335559738&quot;:0,&quot;335559739&quot;:0,&quot;335559740&quot;:360}\">\u00a0<\/span><\/td>\n<\/tr>\n<\/tbody>\n<\/table>\n\n<\/div><!-- #tablepress-77 from cache --><\/span><\/p>\n<h2><span class=\"ez-toc-section\" id=\"Reforme_des_retraites_ce_qui_ne_change_pas_pour_les_fonctionnaires\"><\/span>R\u00e9forme des retraites, ce qui ne change pas pour les fonctionnaires<span class=\"ez-toc-section-end\"><\/span><\/h2>\n<p><span data-contrast=\"none\">De nombreux param\u00e8tres de la retraite des agents de la fonction publique restent inchang\u00e9s.<\/span><span data-ccp-props=\"{&quot;134233117&quot;:false,&quot;134233118&quot;:false,&quot;201341983&quot;:1,&quot;335551550&quot;:6,&quot;335551620&quot;:6,&quot;335559738&quot;:0,&quot;335559739&quot;:0,&quot;335559740&quot;:360}\">\u00a0<\/span><\/p>\n<h3><span class=\"ez-toc-section\" id=\"Calcul_de_la_retraite_sur_les_six_derniers_mois_de_traitement\"><\/span><span data-contrast=\"none\">Calcul de la retraite sur les six derniers mois de traitement<\/span><span class=\"ez-toc-section-end\"><\/span><\/h3>\n<p><span data-contrast=\"none\">La formule de calcul de la retraite des fonctionnaires est la suivante\u00a0:<\/span><span data-ccp-props=\"{&quot;134233117&quot;:false,&quot;134233118&quot;:false,&quot;201341983&quot;:1,&quot;335551550&quot;:6,&quot;335551620&quot;:6,&quot;335559738&quot;:0,&quot;335559739&quot;:0,&quot;335559740&quot;:360}\">\u00a0<\/span><\/p>\n<p><span data-contrast=\"none\">Traitement indiciaire x taux de pension x (nombre de trimestres valid\u00e9s \/ dur\u00e9e de cotisation) = montant de la pension<\/span><span data-ccp-props=\"{&quot;134233117&quot;:false,&quot;134233118&quot;:false,&quot;201341983&quot;:1,&quot;335551550&quot;:6,&quot;335551620&quot;:6,&quot;335559738&quot;:0,&quot;335559739&quot;:0,&quot;335559740&quot;:360}\">\u00a0<\/span><\/p>\n<p><span data-contrast=\"none\">&#8211; Le dernier traitement indiciaire brut correspond \u00e0 la r\u00e9mun\u00e9ration brute (hors primes) per\u00e7u par le fonctionnaire durant les six mois pr\u00e9c\u00e9dent son d\u00e9part \u00e0 la retraite<\/span><span data-ccp-props=\"{&quot;134233117&quot;:false,&quot;134233118&quot;:false,&quot;201341983&quot;:1,&quot;335551550&quot;:6,&quot;335551620&quot;:6,&quot;335559738&quot;:0,&quot;335559739&quot;:0,&quot;335559740&quot;:360}\">\u00a0<\/span><\/p>\n<p><span data-contrast=\"none\">&#8211; Le taux de pension est fix\u00e9 \u00e0 75%. Il peut \u00eatre port\u00e9 \u00e0 80% si l\u2019agent public b\u00e9n\u00e9ficie de bonifications, comme celle octroy\u00e9e pour la naissance des enfants.<\/span><span data-ccp-props=\"{&quot;134233117&quot;:false,&quot;134233118&quot;:false,&quot;201341983&quot;:1,&quot;335551550&quot;:6,&quot;335551620&quot;:6,&quot;335559738&quot;:0,&quot;335559739&quot;:0,&quot;335559740&quot;:360}\">\u00a0<\/span><\/p>\n<p><span data-contrast=\"none\">&#8211; Le nombre de trimestres valid\u00e9s\u00a0correspond au nombre cumul\u00e9 de trimestres cotis\u00e9s et de trimestres \u00ab\u00a0assimil\u00e9s\u00a0\u00bb (octroy\u00e9s gratuitement au titre du service militaire, du cong\u00e9 maternit\u00e9, des arr\u00eats maladie\u2026)<\/span><span data-ccp-props=\"{&quot;134233117&quot;:false,&quot;134233118&quot;:false,&quot;201341983&quot;:1,&quot;335551550&quot;:6,&quot;335551620&quot;:6,&quot;335559738&quot;:0,&quot;335559739&quot;:0,&quot;335559740&quot;:360}\">\u00a0<\/span><\/p>\n<p><span data-contrast=\"none\">&#8211; La dur\u00e9e de cotisation correspond au nombre de trimestres que le fonctionnaire doit valider pour toucher une retraite sans d\u00e9cote<\/span><span data-ccp-props=\"{&quot;134233117&quot;:false,&quot;134233118&quot;:false,&quot;201341983&quot;:1,&quot;335551550&quot;:6,&quot;335551620&quot;:6,&quot;335559738&quot;:0,&quot;335559739&quot;:0,&quot;335559740&quot;:360}\">\u00a0<\/span><\/p>\n<p><span data-contrast=\"none\">Dans le secteur priv\u00e9, la formule de calcul de la retraite de base est <a href=\"https:\/\/www.toutsurmesfinances.com\/retraite\/retraites-des-salaries-regimes-de-base-et-complementaires.html#Le_calcul_de_la_retraite_de_base_des_salaries)\" target=\"_blank\" rel=\"noopener noreferrer\">l\u00e9g\u00e8rement diff\u00e9rente.<\/a><\/span><\/p>\n<h3><span class=\"ez-toc-section\" id=\"La_decote\"><\/span><span data-contrast=\"none\">La d\u00e9cote\u00a0<\/span><span class=\"ez-toc-section-end\"><\/span><\/h3>\n<p><b><span data-contrast=\"none\">Comme avant la r\u00e9forme des retraites de 2023, <a href=\"https:\/\/www.toutsurmesfinances.com\/retraite\/retraites-comment-fonctionne-la-decote.html\" target=\"_blank\" rel=\"noopener noreferrer\">la d\u00e9cote<\/a> correspond \u00e0 une minoration de 1,25% par trimestre manquant. Prenons l\u2019exemple d\u2019un fonctionnaire n\u00e9 en 1962.<\/span><\/b><span data-contrast=\"none\">\u00a0\u00c0 la suite de la r\u00e9forme, sa dur\u00e9e de cotisation (son nombre de trimestres exig\u00e9s pour percevoir une retraite compl\u00e8te) est de 169 trimestres. Il part \u00e0 la retraite d\u00e8s qu\u2019il a atteint l\u2019\u00e2ge d\u2019ouverture des droits (63 ans dans sa g\u00e9n\u00e9ration) en ayant valid\u00e9 161 trimestres, soit 8 trimestres de moins que sa dur\u00e9e de cotisation.<\/span><span data-ccp-props=\"{&quot;134233117&quot;:false,&quot;134233118&quot;:false,&quot;201341983&quot;:1,&quot;335551550&quot;:6,&quot;335551620&quot;:6,&quot;335559738&quot;:0,&quot;335559739&quot;:0,&quot;335559740&quot;:360}\">\u00a0<\/span><\/p>\n<p><span data-contrast=\"none\">Son traitement indiciaire est de 2.000 euros par mois. Selon la formule de calcul, sa retraite mensuelle \u00e9quivaut \u00e0 2.000 x 75% x (161\u00a0\/ 169) = 1.425 euros. Sa d\u00e9cote s\u2019\u00e9l\u00e8ve \u00e0 8 x 1,25% = 10%. Le montant de sa d\u00e9cote est donc de 1.425 x 10% = 142,50 euros. Au final, le fonctionnaire touchera 1.282,50 (1.450 \u2013 142,50) euros de retraite d\u00e9cot\u00e9e par mois.<\/span><span data-ccp-props=\"{&quot;134233117&quot;:false,&quot;134233118&quot;:false,&quot;201341983&quot;:1,&quot;335551550&quot;:6,&quot;335551620&quot;:6,&quot;335559738&quot;:0,&quot;335559739&quot;:0,&quot;335559740&quot;:360}\">\u00a0<\/span><\/p>\n<p><span data-contrast=\"none\">\u00c0 savoir\u00a0: la d\u00e9cote est plafonn\u00e9e \u00e0 20 trimestres manquants, soit 25% (20 x 1,25%).<\/span><span data-ccp-props=\"{&quot;134233117&quot;:false,&quot;134233118&quot;:false,&quot;201341983&quot;:1,&quot;335551550&quot;:6,&quot;335551620&quot;:6,&quot;335559738&quot;:0,&quot;335559739&quot;:0,&quot;335559740&quot;:360}\">\u00a0<\/span><\/p>\n<p><span data-contrast=\"none\">Si le fonctionnaire liquide ses droits \u00e0 l\u2019\u00e2ge d\u2019annulation de la d\u00e9cote (67 ans pour les agents s\u00e9dentaires, 62 ans pour les agents actifs, 57 ans pour les agents super actifs et insalubres), la minoration ne s\u2019applique pas. En revanche, le nombre de trimestres valid\u00e9s demeurant inf\u00e9rieur \u00e0 la dur\u00e9e de cotisation requise, le montant de la pension sera moindre que si le fonctionnaire b\u00e9n\u00e9ficiait du taux plein. En reprenant l\u2019exemple du fonctionnaire cit\u00e9 plus haut, sa retraite sera de 1.425 euros au lieu de 1.500 euros s\u2019il avait tous ses trimestres.<\/span><span data-ccp-props=\"{&quot;134233117&quot;:false,&quot;134233118&quot;:false,&quot;201341983&quot;:1,&quot;335551550&quot;:6,&quot;335551620&quot;:6,&quot;335559738&quot;:0,&quot;335559739&quot;:0,&quot;335559740&quot;:360}\">\u00a0<\/span><\/p>\n<h3><span class=\"ez-toc-section\" id=\"La_surcote\"><\/span><span data-contrast=\"none\">La surcote<\/span><span class=\"ez-toc-section-end\"><\/span><\/h3>\n<p><b><span data-contrast=\"none\">La r\u00e9forme des retraites de 2023 n\u2019a pas modifi\u00e9 <a href=\"https:\/\/www.toutsurmesfinances.com\/retraite\/la-surcote-les-conditions-pour-beneficier-d-une-meilleure-retraite.html\" target=\"_blank\" rel=\"noopener noreferrer\">la surcote<\/a> de retraite des fonctionnaires. Cette majoration est de 1,25% par trimestre suppl\u00e9mentaire travaill\u00e9 au-del\u00e0 de la dur\u00e9e de cotisation.<\/span><\/b><span data-ccp-props=\"{&quot;134233117&quot;:false,&quot;134233118&quot;:false,&quot;201341983&quot;:1,&quot;335551550&quot;:6,&quot;335551620&quot;:6,&quot;335559738&quot;:0,&quot;335559739&quot;:0,&quot;335559740&quot;:360}\">\u00a0<\/span><\/p>\n<p><span data-contrast=\"none\">Prenons l\u2019exemple d\u2019un fonctionnaire n\u00e9 en 1962 et dont le traitement indiciaire s\u2019\u00e9l\u00e8ve \u00e0 2.000 euros par mois. \u00c0 63 ans (son \u00e2ge d\u2019ouverture des droits), il d\u00e9cide de travailler un an de plus alors qu\u2019il justifie de sa dur\u00e9e de cotisation. Il valide 4 trimestres qui viennent s\u2019ajouter aux 169 trimestres d\u00e9j\u00e0 valid\u00e9s (soit 173 trimestres). Le montant de sa retraite sera de 2.000 x 75% x (173 \/ 169) = 1.530 euros. Sa surcote va s\u2019\u00e9lever \u00e0 4 x 1,25% = 5%. Le montant de la majoration va donc \u00eatre de 1.530 x 5% = 76,50 euros. Au final, le fonctionnaire touchera 1.606,50 (1.530 + 76,50) euros par mois de retraite surcot\u00e9e par mois.<\/span><span data-ccp-props=\"{&quot;134233117&quot;:false,&quot;134233118&quot;:false,&quot;201341983&quot;:1,&quot;335551550&quot;:6,&quot;335551620&quot;:6,&quot;335559738&quot;:0,&quot;335559739&quot;:0,&quot;335559740&quot;:360}\">\u00a0<\/span><\/p>\n<h3><span class=\"ez-toc-section\" id=\"Les_rachats_de_trimestres\"><\/span><span data-contrast=\"none\">Les rachats de trimestres<\/span><span class=\"ez-toc-section-end\"><\/span><\/h3>\n<p><b><span data-contrast=\"none\">La r\u00e9forme de 2023 ne change pas les r\u00e8gles de <a href=\"https:\/\/www.toutsurmesfinances.com\/retraite\/rachat-de-trimestres-de-retraite-comment-proceder.html\" target=\"_blank\" rel=\"noopener noreferrer\">rachat de trimestres de retraite<\/a> dans la fonction publique. Le fonctionnaire peut racheter jusqu\u2019\u00e0 12 trimestres au titre des \u00e9tudes sup\u00e9rieures.<\/span><\/b><b><span data-contrast=\"none\">\u00a0<\/span><\/b><span data-contrast=\"none\">Les trimestres rachet\u00e9s permettent \u00e0 l\u2019agent public, qui ne respecte pas sa dur\u00e9e de cotisation (le nombre de trimestres n\u00e9cessaires pour toucher une retraite sans minoration), de r\u00e9duire, voire d\u2019annuler, sa d\u00e9cote <em>(voir plus haut)<\/em>. En revanche, ils ne permettent pas d\u2019obtenir une surcote <em>(idem)<\/em>, ni de b\u00e9n\u00e9ficier d\u2019une retraite anticip\u00e9e pour carri\u00e8re longue (voir plus loin).<\/span><span data-ccp-props=\"{&quot;134233117&quot;:false,&quot;134233118&quot;:false,&quot;201341983&quot;:1,&quot;335551550&quot;:6,&quot;335551620&quot;:6,&quot;335559738&quot;:0,&quot;335559739&quot;:0,&quot;335559740&quot;:360}\">\u00a0<\/span><\/p>\n<p><span data-contrast=\"none\">Les rachats portent sur les ann\u00e9es d\u2019\u00e9tudes dans un \u00e9tablissement d\u2019enseignement sup\u00e9rieur sanctionn\u00e9es par un dipl\u00f4me reconnu pat l\u2019\u00c9tat et\/ou sur les ann\u00e9es non dipl\u00f4mantes de classes pr\u00e9paratoires aux concours d\u2019admission aux grandes \u00e9coles (\u00e0 condition d\u2019avoir r\u00e9ussi un concours). Les ann\u00e9es d\u2019\u00e9tudes dipl\u00f4mantes effectu\u00e9es dans un pays de l\u2019Espace \u00e9conomique europ\u00e9en (les 27 \u00c9tats membres de l\u2019Union europ\u00e9enne + la Norv\u00e8ge + l\u2019Islande + le Liechtenstein), en Suisse ou dans un pays ayant sign\u00e9 une convention internationale de S\u00e9curit\u00e9 sociale avec la France (les ex-colonies fran\u00e7aises et la plupart des pays d\u00e9velopp\u00e9s) sont \u00e9galement prises en compte.<\/span><span data-ccp-props=\"{&quot;134233117&quot;:false,&quot;134233118&quot;:false,&quot;201341983&quot;:1,&quot;335551550&quot;:6,&quot;335551620&quot;:6,&quot;335559738&quot;:0,&quot;335559739&quot;:0,&quot;335559740&quot;:360}\">\u00a0<\/span><\/p>\n<p><span data-contrast=\"none\">Le rachat peut permettre d\u2019augmenter le nombre de trimestres valid\u00e9s ou le taux de pension ou, \u00e0 la fois, le nombre de trimestres valid\u00e9s et le taux de pension. Le montant d\u2019un trimestre rachet\u00e9 d\u00e9pend de l\u2019option de rachat choisie, du traitement indiciaire et de l\u2019\u00e2ge du fonctionnaire, sachant que la demande de rachat doit \u00eatre r\u00e9alis\u00e9e au plus t\u00f4t apr\u00e8s 20 et avant 60 ans au plus tard. Le Service des retraites de l\u2019\u00c9tat (SRE), le r\u00e9gime de retraite des fonctionnaires civils de l\u2019\u00c9tat, des militaires et des magistrats, propose <a href=\"https:\/\/retraitesdeletat.gouv.fr\/RachatEtudes\/\" target=\"_blank\" rel=\"nofollow noopener noreferrer\">un simulateur en ligne<\/a> <\/span><span data-contrast=\"none\">pour avoir une estimation du montant du ou des trimestres rachet\u00e9s.<\/span><span data-ccp-props=\"{&quot;134233117&quot;:false,&quot;134233118&quot;:false,&quot;201341983&quot;:1,&quot;335551550&quot;:6,&quot;335551620&quot;:6,&quot;335559738&quot;:0,&quot;335559739&quot;:0,&quot;335559740&quot;:360}\">\u00a0<\/span><\/p>\n<p><span data-contrast=\"none\">Pour effectuer un rachat, les fonctionnaires d\u2019\u00c9tat doivent s\u2019adresser \u00e0 la direction des ressources humaines de leur administration. Les fonctionnaires territoriaux et hospitaliers doivent, eux, prendre contact aupr\u00e8s de la Caisse nationale de retraites des agents des collectivit\u00e9s locales (CNRACL).\u00a0 Le paiement peut se faire en une ou plusieurs fois. Le montant des trimestres rachet\u00e9s sont enti\u00e8rement d\u00e9ductibles des revenus imposables.<\/span><span data-ccp-props=\"{&quot;134233117&quot;:false,&quot;134233118&quot;:false,&quot;201341983&quot;:1,&quot;335551550&quot;:6,&quot;335551620&quot;:6,&quot;335559738&quot;:0,&quot;335559739&quot;:0,&quot;335559740&quot;:360}\">\u00a0<\/span><\/p>\n<p><span data-contrast=\"none\">\u00c0 noter : un abattement de 440 euros, de 930 euros ou de 1.380 euros par trimestre, selon l\u2019option de rachat choisie, s\u2019applique si le fonctionnaire proc\u00e8de au rachat jusqu&rsquo;au 31 d\u00e9cembre de l&rsquo;ann\u00e9e du 40\u00e8me anniversaire de l&rsquo;agent public (10 ans suivants la fin de ses \u00e9tudes avant le 1er septembre 2023). La r\u00e9duction est plafonn\u00e9e \u00e0 quatre trimestres.<\/span><span data-ccp-props=\"{&quot;134233117&quot;:false,&quot;134233118&quot;:false,&quot;201341983&quot;:1,&quot;335551550&quot;:6,&quot;335551620&quot;:6,&quot;335559738&quot;:0,&quot;335559739&quot;:0,&quot;335559740&quot;:360}\">\u00a0<\/span><\/p>\n<p><span data-contrast=\"none\">\u00c0 savoir : compte tenu des changements introduits par la r\u00e9forme des retraites, les fonctionnaires, n\u00e9s\u00a0 entre le 1<\/span><span data-contrast=\"none\">er<\/span><span data-contrast=\"none\"> septembre 1961 et le 31 d\u00e9cembre 1963, peuvent demander le remboursement des trimestres rachet\u00e9s, \u00e0 condition qu\u2019ils n\u2019aient pas liquid\u00e9 leurs droits \u00e0 la retraite. La demande doit \u00eatre envoy\u00e9e au plus tard le 15 avril 2025.<\/span><span data-ccp-props=\"{&quot;134233117&quot;:false,&quot;134233118&quot;:false,&quot;201341983&quot;:1,&quot;335551550&quot;:6,&quot;335551620&quot;:6,&quot;335559738&quot;:0,&quot;335559739&quot;:0,&quot;335559740&quot;:360}\">\u00a0<\/span><span data-contrast=\"none\">\u00a0<\/span><span data-ccp-props=\"{&quot;134233117&quot;:false,&quot;134233118&quot;:false,&quot;201341983&quot;:1,&quot;335551550&quot;:6,&quot;335551620&quot;:6,&quot;335559738&quot;:0,&quot;335559739&quot;:0,&quot;335559740&quot;:360}\">\u00a0<\/span><\/p>\n<h2><span class=\"ez-toc-section\" id=\"Reforme_des_retraites_et_fonction_publique_territoriale\"><\/span>R\u00e9forme des retraites et fonction publique territoriale<span class=\"ez-toc-section-end\"><\/span><\/h2>\n<h3><span class=\"ez-toc-section\" id=\"Maintien_des_retraites_anticipees_des_anciens_agents_actifs_devenus_sedentaires\"><\/span><span data-contrast=\"none\">Maintien des retraites anticip\u00e9es des anciens agents actifs devenus s\u00e9dentaires<\/span><span class=\"ez-toc-section-end\"><\/span><\/h3>\n<p><b><span data-contrast=\"none\">Avant la r\u00e9forme de 2023, les fonctionnaires territoriaux relevant de la cat\u00e9gorie \u00ab active \u00bb qui finissaient leur carri\u00e8re dans la cat\u00e9gorie s\u00e9dentaire perdaient leur droit au d\u00e9part anticip\u00e9 r\u00e9serv\u00e9 aux agents publics \u00ab actifs \u00bb. Depuis le 1<\/span><\/b><b><span data-contrast=\"none\">er <\/span><\/b><b><span data-contrast=\"none\">septembre 2023, ce n&rsquo;est plus le cas pour les agents \u00ab actifs \u00bb de la fonction publique territoriale n\u00e9s \u00e0 compter du 1<\/span><\/b><b><span data-contrast=\"none\">er<\/span><\/b><b><span data-contrast=\"none\">\u00a0septembre 1961 et \u00e0 condition de justifier de la dur\u00e9e de services requise (17, 27 ou 12 ans de services actifs).<\/span><\/b><b><span data-contrast=\"none\">\u00a0<\/span><\/b><span data-contrast=\"none\">Cette mesure concerne \u00e9galement les agents \u00ab actifs \u00bbde la fonction publique d\u2019\u00c9tat et de la fonction publique hospitali\u00e8re.<\/span><span data-ccp-props=\"{&quot;134233117&quot;:false,&quot;134233118&quot;:false,&quot;201341983&quot;:1,&quot;335551550&quot;:6,&quot;335551620&quot;:6,&quot;335559738&quot;:0,&quot;335559739&quot;:0,&quot;335559740&quot;:360}\">\u00a0<\/span><\/p>\n<h3><span class=\"ez-toc-section\" id=\"Des_trimestres_de_retraite_supplementaire_pour_les_pompiers_professionnels\"><\/span><span data-contrast=\"none\">Des trimestres de retraite suppl\u00e9mentaire pour les pompiers professionnels<\/span><span class=\"ez-toc-section-end\"><\/span><\/h3>\n<p><b><span data-contrast=\"none\">Depuis le 1<\/span><\/b><b><span data-contrast=\"none\">er<\/span><\/b><b><span data-contrast=\"none\"> septembre 2023, les sapeurs-pompiers professionnels (SPP), employ\u00e9s par les collectivit\u00e9s locales, b\u00e9n\u00e9ficient d\u2019une bonification d\u20191\/5<\/span><\/b><b><span data-contrast=\"none\">\u00e8me<\/span><\/b><b><span data-contrast=\"none\">.<\/span><\/b><span data-contrast=\"none\"> Cela signifie qu\u2019ils se voient attribu\u00e9s un trimestre suppl\u00e9mentaire tous les cinq ans de services. Cette bonification est plafonn\u00e9e \u00e0 20 trimestres. Pour en b\u00e9n\u00e9ficier, le SPP doit justifier d\u2019au moins 27 ans de services dans la fonction publique.<\/span><span data-ccp-props=\"{&quot;134233117&quot;:false,&quot;134233118&quot;:false,&quot;201341983&quot;:1,&quot;335551550&quot;:6,&quot;335551620&quot;:6,&quot;335559738&quot;:0,&quot;335559739&quot;:0,&quot;335559740&quot;:360}\">\u00a0<\/span><\/p>\n<h2><span class=\"ez-toc-section\" id=\"Reforme_des_retraites_2023_et_fonction_publique_hospitaliere\"><\/span>R\u00e9forme des retraites 2023 et fonction publique hospitali\u00e8re<span class=\"ez-toc-section-end\"><\/span><\/h2>\n<p><b><span data-contrast=\"none\">Les agents de la fonction publique hospitali\u00e8re (FPH) sont soumis aux m\u00eames changements que leurs homologues de la fonction publique d\u2019\u00c9tat (FPE) et de la fonction publique territoriale (FPT). Seule sp\u00e9cificit\u00e9 introduite par la r\u00e9forme des retraites de 2023\u00a0: la cr\u00e9ation d\u2019un fonds de pr\u00e9vention de l\u2019usure professionnelle pour le secteur hospitalier et m\u00e9dico-social.<\/span><\/b><span data-contrast=\"none\"> Ce fonds sera dot\u00e9 de 100 millions d\u2019euros.\u00a0<\/span><\/p>\n<h2><span class=\"ez-toc-section\" id=\"Retraite_carriere_longue_et_fonctionnaires\"><\/span>Retraite carri\u00e8re longue et fonctionnaires<span class=\"ez-toc-section-end\"><\/span><\/h2>\n<p><b><span data-contrast=\"none\">\u00c0 l\u2019image des salari\u00e9s et ind\u00e9pendants du secteur priv\u00e9, les agents de la fonction publique sont \u00e9ligibles \u00e0 <a href=\"https:\/\/www.toutsurmesfinances.com\/retraite\/retraite-anticipee-principe-conditions-demarches.html#Retraite_anticipee_pour_carriere_longue\" target=\"_blank\" rel=\"noopener noreferrer\">la retraite anticip\u00e9e pour carri\u00e8re longue (RACL)<\/a>. Ce dispositif permet aux actifs, qui ont commenc\u00e9 \u00e0 travailler jeune et qui ont tous leurs trimestres, de partir \u00e0 la retraite avant l\u2019\u00e2ge l\u00e9gal.<\/span><\/b><span data-ccp-props=\"{&quot;134233117&quot;:false,&quot;134233118&quot;:false,&quot;201341983&quot;:1,&quot;335551550&quot;:6,&quot;335551620&quot;:6,&quot;335559738&quot;:0,&quot;335559739&quot;:0,&quot;335559740&quot;:360}\">\u00a0<\/span><\/p>\n<p><span data-contrast=\"none\">Avant la r\u00e9forme des retraites de 2023, les fonctionnaires qui respectaient leur dur\u00e9e de cotisation pouvaient liquider leurs droits \u00e0 58 ans ou \u00e0 60 ans (au lieu de 62 ans) s\u2019ils avaient valid\u00e9 cinq trimestres (pour ceux n\u00e9s entre le 1<\/span><span data-contrast=\"none\">er<\/span><span data-contrast=\"none\">\u00a0janvier et le 31 septembre) ou quatre trimestres (pour ceux n\u00e9s entre le 1<\/span><span data-contrast=\"none\">er<\/span><span data-contrast=\"none\">\u00a0octobre et le 31 d\u00e9cembre) avant respectivement leur 16<\/span><span data-contrast=\"none\">\u00e8me<\/span><span data-contrast=\"none\">\u00a0anniversaire ou leur 20<\/span><span data-contrast=\"none\">\u00e8me<\/span><span data-contrast=\"none\">\u00a0anniversaire.<\/span><span data-ccp-props=\"{&quot;134233117&quot;:false,&quot;134233118&quot;:false,&quot;201341983&quot;:1,&quot;335551550&quot;:6,&quot;335551620&quot;:6,&quot;335559738&quot;:0,&quot;335559739&quot;:0,&quot;335559740&quot;:360}\">\u00a0<\/span><\/p>\n<p><span data-contrast=\"none\">Depuis le 1er septembre 2023 et sachant que l\u2019\u00e2ge d\u2019ouverture des droits va \u00eatre progressivement d\u00e9cal\u00e9 de 62 \u00e0 64 ans, les fonctionnaires s\u00e9dentaire<\/span><span data-contrast=\"none\"> qui disposent de tous leurs trimestres peuvent partir \u00e0 58 ans avec quatre ou cinq trimestres valid\u00e9s avant 16 ans, \u00e0 60 ans avec quatre ou cinq trimestres valid\u00e9s avant 18 ans, \u00e0 62 ans avec quatre ou cinq trimestres valid\u00e9s avant 20 ans ou \u00e0 63 ans (d&rsquo;ici 2032) avec quatre ou cinq trimestres valid\u00e9s avant 21 ans.<\/span><span data-ccp-props=\"{&quot;134233117&quot;:false,&quot;134233118&quot;:false,&quot;201341983&quot;:1,&quot;335551550&quot;:6,&quot;335551620&quot;:6,&quot;335559738&quot;:0,&quot;335559739&quot;:0,&quot;335559740&quot;:360}\">\u00a0<\/span><span data-ccp-props=\"{&quot;134233117&quot;:false,&quot;134233118&quot;:false,&quot;201341983&quot;:1,&quot;335551550&quot;:6,&quot;335551620&quot;:6,&quot;335559738&quot;:0,&quot;335559739&quot;:0,&quot;335559740&quot;:360}\"><div id=\"tablepress-71-scroll-wrapper\" class=\"tablepress-scroll-wrapper\">\n\n<table id=\"tablepress-71\" class=\"tablepress tablepress-id-71 tablepress-responsive\">\n<thead>\n<tr class=\"row-1 odd\">\n\t<th colspan=\"4\" class=\"column-1\"><strong>Conditions pour partir en retraite anticip\u00e9e pour carri\u00e8re longue \u00e0 partir du 1<sup>er<\/sup> septembre 2023<\/strong><\/th>\n<\/tr>\n<\/thead>\n<tfoot>\n<tr class=\"row-39 odd\">\n\t<th colspan=\"4\" class=\"column-1\">Sources : d\u00e9cret n\u00b02023-436 du 3 juin 2023 et ToutSurMesFinances.com<\/th>\n<\/tr>\n<\/tfoot>\n<tbody class=\"row-hover\">\n<tr class=\"row-2 even\">\n\t<td class=\"column-1\"><strong>Date de naissance<\/strong><\/td><td class=\"column-2\"><strong>D\u00e9but d\u2019activit\u00e9<\/strong><\/td><td class=\"column-3\"><strong>Dur\u00e9e de cotisation<\/strong><\/td><td class=\"column-4\"><strong>\u00c2ge de d\u00e9part anticip\u00e9<\/strong><\/td>\n<\/tr>\n<tr class=\"row-3 odd\">\n\t<td rowspan=\"2\" class=\"column-1\"><br \/>\nDu 1<sup>er<\/sup> septembre au 31 d\u00e9cembre 1961<\/td><td class=\"column-2\">Avant 16 ans<\/td><td rowspan=\"2\" class=\"column-3\"><br \/>\n169 trimestres<\/td><td class=\"column-4\">58 ans<\/td>\n<\/tr>\n<tr class=\"row-4 even\">\n\t<td class=\"column-2\">Avant 20 ans<\/td><td class=\"column-4\">60 ans<\/td>\n<\/tr>\n<tr class=\"row-5 odd\">\n\t<td rowspan=\"2\" class=\"column-1\"><br \/>\nDu 1<sup>er<\/sup> janvier au 31 d\u00e9cembre 1962<\/td><td class=\"column-2\">Avant 16 ans<\/td><td rowspan=\"2\" class=\"column-3\"><br \/>\n169 trimestres<\/td><td class=\"column-4\">58 ans<\/td>\n<\/tr>\n<tr class=\"row-6 even\">\n\t<td class=\"column-2\">Avant 20 ans<\/td><td class=\"column-4\">60 ans<\/td>\n<\/tr>\n<tr class=\"row-7 odd\">\n\t<td rowspan=\"2\" class=\"column-1\"><br \/>\nDu 1<sup>er<\/sup> janvier au 31 ao\u00fbt 1963<\/td><td class=\"column-2\">Avant 16 ans<\/td><td rowspan=\"2\" class=\"column-3\"><br \/>\n170 trimestres<\/td><td class=\"column-4\">58 ans<\/td>\n<\/tr>\n<tr class=\"row-8 even\">\n\t<td class=\"column-2\">Avant 20 ans<\/td><td class=\"column-4\">60 ans<\/td>\n<\/tr>\n<tr class=\"row-9 odd\">\n\t<td rowspan=\"3\" class=\"column-1\"><br \/>\n<br \/>\nDu 1<sup>er<\/sup> septembre au 31 d\u00e9cembre 1963<\/td><td class=\"column-2\">Avant 16 ans<\/td><td rowspan=\"3\" class=\"column-3\"><br \/>\n<br \/>\n170 trimestres<\/td><td class=\"column-4\">58 ans<\/td>\n<\/tr>\n<tr class=\"row-10 even\">\n\t<td class=\"column-2\">Avant 18 ans<\/td><td class=\"column-4\">60 ans<\/td>\n<\/tr>\n<tr class=\"row-11 odd\">\n\t<td class=\"column-2\">Avant 20 ans<\/td><td class=\"column-4\">60 ans et 3 mois<\/td>\n<\/tr>\n<tr class=\"row-12 even\">\n\t<td rowspan=\"3\" class=\"column-1\"><br \/>\n<br \/>\nDu 1<sup>er<\/sup> janvier au 31 d\u00e9cembre 1964<\/td><td class=\"column-2\">Avant 16 ans<\/td><td rowspan=\"3\" class=\"column-3\"><br \/>\n<br \/>\n171 trimestres<\/td><td class=\"column-4\">58 ans<\/td>\n<\/tr>\n<tr class=\"row-13 odd\">\n\t<td class=\"column-2\">Avant 18 ans<\/td><td class=\"column-4\">60 ans<\/td>\n<\/tr>\n<tr class=\"row-14 even\">\n\t<td class=\"column-2\">Avant 20 ans<\/td><td class=\"column-4\">60 ans et 6 mois<\/td>\n<\/tr>\n<tr class=\"row-15 odd\">\n\t<td rowspan=\"4\" class=\"column-1\"><br \/>\n<br \/>\nDu 1<sup>er<\/sup> janvier au 31 d\u00e9cembre 1965<\/td><td class=\"column-2\">Avant 16 ans<\/td><td rowspan=\"4\" class=\"column-3\"><br \/>\n<br \/>\n172 trimestres<\/td><td class=\"column-4\">58 ans<\/td>\n<\/tr>\n<tr class=\"row-16 even\">\n\t<td class=\"column-2\">Avant 18 ans<\/td><td class=\"column-4\">60 ans<\/td>\n<\/tr>\n<tr class=\"row-17 odd\">\n\t<td class=\"column-2\">Avant 20 ans<\/td><td class=\"column-4\">60 ans et 9 mois<\/td>\n<\/tr>\n<tr class=\"row-18 even\">\n\t<td class=\"column-2\">Avant 21 ans<\/td><td class=\"column-4\">63 ans<\/td>\n<\/tr>\n<tr class=\"row-19 odd\">\n\t<td rowspan=\"4\" class=\"column-1\"><br \/>\n<br \/>\nDu 1<sup>er<\/sup> janvier au 31 d\u00e9cembre 1966<\/td><td class=\"column-2\">Avant 16 ans<\/td><td rowspan=\"4\" class=\"column-3\"><br \/>\n<br \/>\n172 trimestres<\/td><td class=\"column-4\">58 ans<\/td>\n<\/tr>\n<tr class=\"row-20 even\">\n\t<td class=\"column-2\">Avant 18 ans<\/td><td class=\"column-4\">60 ans<\/td>\n<\/tr>\n<tr class=\"row-21 odd\">\n\t<td class=\"column-2\">Avant 20 ans<\/td><td class=\"column-4\">61 ans<\/td>\n<\/tr>\n<tr class=\"row-22 even\">\n\t<td class=\"column-2\">Avant 21 ans<\/td><td class=\"column-4\">63 ans<\/td>\n<\/tr>\n<tr class=\"row-23 odd\">\n\t<td rowspan=\"4\" class=\"column-1\"><br \/>\n<br \/>\nDu 1<sup>er<\/sup> janvier au 31 d\u00e9cembre 1967<\/td><td class=\"column-2\">Avant 16 ans<\/td><td rowspan=\"4\" class=\"column-3\"><br \/>\n<br \/>\n172 trimestres<\/td><td class=\"column-4\">58 ans<\/td>\n<\/tr>\n<tr class=\"row-24 even\">\n\t<td class=\"column-2\">Avant 18 ans<\/td><td class=\"column-4\">60 ans<\/td>\n<\/tr>\n<tr class=\"row-25 odd\">\n\t<td class=\"column-2\">Avant 20 ans<\/td><td class=\"column-4\">61 ans et 3 mois<\/td>\n<\/tr>\n<tr class=\"row-26 even\">\n\t<td class=\"column-2\">Avant 21 ans<\/td><td class=\"column-4\">63 ans<\/td>\n<\/tr>\n<tr class=\"row-27 odd\">\n\t<td rowspan=\"4\" class=\"column-1\"><br \/>\n<br \/>\nDu 1<sup>er<\/sup> janvier au 31 d\u00e9cembre 1968<\/td><td class=\"column-2\">Avant 16 ans<\/td><td rowspan=\"4\" class=\"column-3\"><br \/>\n<br \/>\n172 trimestres<\/td><td class=\"column-4\">58 ans<\/td>\n<\/tr>\n<tr class=\"row-28 even\">\n\t<td class=\"column-2\">Avant 18 ans<\/td><td class=\"column-4\">60 ans<\/td>\n<\/tr>\n<tr class=\"row-29 odd\">\n\t<td class=\"column-2\">Avant 20 ans<\/td><td class=\"column-4\">61 ans et 6 mois<\/td>\n<\/tr>\n<tr class=\"row-30 even\">\n\t<td class=\"column-2\">Avant 21 ans<\/td><td class=\"column-4\">63 ans<\/td>\n<\/tr>\n<tr class=\"row-31 odd\">\n\t<td rowspan=\"4\" class=\"column-1\"><br \/>\n<br \/>\nDu 1<sup>er<\/sup> janvier au 31 d\u00e9cembre 1969<\/td><td class=\"column-2\">Avant 16 ans<\/td><td rowspan=\"4\" class=\"column-3\"><br \/>\n<br \/>\n172 trimestres<\/td><td class=\"column-4\">58 ans<\/td>\n<\/tr>\n<tr class=\"row-32 even\">\n\t<td class=\"column-2\">Avant 18 ans<\/td><td class=\"column-4\">60 ans<\/td>\n<\/tr>\n<tr class=\"row-33 odd\">\n\t<td class=\"column-2\">Avant 20 ans<\/td><td class=\"column-4\">61 ans et 9 mois<\/td>\n<\/tr>\n<tr class=\"row-34 even\">\n\t<td class=\"column-2\">Avant 21 ans<\/td><td class=\"column-4\">63 ans<\/td>\n<\/tr>\n<tr class=\"row-35 odd\">\n\t<td rowspan=\"4\" class=\"column-1\"><br \/>\n<br \/>\n\u00c0 partir du 1<sup>er<\/sup> janvier 1970<\/td><td class=\"column-2\">Avant 16 ans<\/td><td rowspan=\"4\" class=\"column-3\"><br \/>\n<br \/>\n172 trimestres<\/td><td class=\"column-4\">58 ans<\/td>\n<\/tr>\n<tr class=\"row-36 even\">\n\t<td class=\"column-2\">Avant 18 ans<\/td><td class=\"column-4\">60 ans<\/td>\n<\/tr>\n<tr class=\"row-37 odd\">\n\t<td class=\"column-2\">Avant 20 ans<\/td><td class=\"column-4\">62 ans<\/td>\n<\/tr>\n<tr class=\"row-38 even\">\n\t<td class=\"column-2\">Avant 21 ans<\/td><td class=\"column-4\">63 ans<\/td>\n<\/tr>\n<\/tbody>\n<\/table>\n\n<\/div><!-- #tablepress-71 from cache --><\/span><\/p>\n<h2><span class=\"ez-toc-section\" id=\"Retraite_progressive_et_fonction_publique\"><\/span>Retraite progressive et fonction publique<span class=\"ez-toc-section-end\"><\/span><\/h2>\n<p><b><span data-contrast=\"none\">La r\u00e9forme des retraites de 2023 \u00e9tend <a href=\"https:\/\/www.toutsurmesfinances.com\/retraite\/la-retraite-progressive-comment-ca-marche.html\" target=\"_blank\" rel=\"noopener noreferrer\">la retraite progressive<\/a> aux fonctionnaires. Jusqu\u2019\u00e0 pr\u00e9sent, seuls les salari\u00e9s, les artisans, les commer\u00e7ants et les agriculteurs avaient acc\u00e8s \u00e0 ce dispositif qui permet, deux ans avant l\u2019\u00e2ge l\u00e9gal, de travailler \u00e0 temps partiel, tout en percevant une fraction de sa retraite.<\/span><\/b><span data-ccp-props=\"{&quot;134233117&quot;:false,&quot;134233118&quot;:false,&quot;201341983&quot;:1,&quot;335551550&quot;:6,&quot;335551620&quot;:6,&quot;335559738&quot;:0,&quot;335559739&quot;:0,&quot;335559740&quot;:360}\">\u00a0<\/span><\/p>\n<p><span data-contrast=\"none\">Depuis le 1<\/span><span data-contrast=\"none\">er<\/span><span data-contrast=\"none\"> septembre 2023, les agents des trois fonctions publiques (d\u2019\u00c9tat, territoriale et hospitali\u00e8re) peuvent, eux aussi, b\u00e9n\u00e9ficier de ce passage en douceur de la vie professionnelle \u00e0 la retraite. En revanche, seuls les fonctionnaires \u00ab s\u00e9dentaires \u00bb ont acc\u00e8s \u00e0 la retraite progressive.<\/span><span data-ccp-props=\"{&quot;134233117&quot;:false,&quot;134233118&quot;:false,&quot;201341983&quot;:1,&quot;335551550&quot;:6,&quot;335551620&quot;:6,&quot;335559738&quot;:0,&quot;335559739&quot;:0,&quot;335559740&quot;:360}\">\u00a0<\/span><\/p>\n<p><span data-contrast=\"none\">Comme pour les actifs du priv\u00e9, les agents publics doivent \u00eatre \u00e0 deux ans de l\u2019\u00e2ge d\u2019ouverture des droits progressivement repouss\u00e9 de 62 \u00e0 64 ans (soit entre 60 et 62 ans), avoir valid\u00e9 au moins 150 trimestres (37,5 ans de cotisation) et travailler entre 50% et 90% d\u2019un temps complet. Les fonctionnaires d\u00e9j\u00e0 \u00e0 temps partiel sont \u00e9ligibles \u00e0 la retraite progressive (\u00e0 condition de remplir les crit\u00e8res).<\/span><span data-ccp-props=\"{&quot;134233117&quot;:false,&quot;134233118&quot;:false,&quot;201341983&quot;:1,&quot;335551550&quot;:6,&quot;335551620&quot;:6,&quot;335559738&quot;:0,&quot;335559739&quot;:0,&quot;335559740&quot;:360}\">\u00a0<\/span><\/p>\n<p><span data-contrast=\"none\">La fraction de la retraite est vers\u00e9e au prorata du temps travaill\u00e9. Par exemple, si le fonctionnaire travaille l\u2019\u00e9quivalent de 60% d\u2019un temps plein, il re\u00e7oit 40% de sa retraite. La pension est calcul\u00e9e en fonction des droits de retraite acquis au moment de la demande de retraite progressive. Lorsque le fonctionnaire s\u00e9dentaire partira \u00e0 la retraite, sa pension sera recalcul\u00e9e pour prendre en compte les trimestres valid\u00e9s durant sa retraite progressive. Il ne sera pas oblig\u00e9 de prendre sa retraite \u00e0 l\u2019\u00e2ge d\u2019ouverture des droits.<\/span><span data-ccp-props=\"{&quot;134233117&quot;:false,&quot;134233118&quot;:false,&quot;201341983&quot;:1,&quot;335551550&quot;:6,&quot;335551620&quot;:6,&quot;335559738&quot;:0,&quot;335559739&quot;:0,&quot;335559740&quot;:360}\">\u00a0<\/span><\/p>\n<div id=\"tablepress-66-scroll-wrapper\" class=\"tablepress-scroll-wrapper\">\n\n<table id=\"tablepress-66\" class=\"tablepress tablepress-id-66 tablepress-responsive\">\n<thead>\n<tr class=\"row-1 odd\">\n\t<th class=\"column-1\"><strong>Date de naissance de l\u2019assur\u00e9<\/strong><\/th><th class=\"column-2\"><strong>Age d\u2019acc\u00e8s \u00e0 la retraite progressive<\/strong><\/th>\n<\/tr>\n<\/thead>\n<tbody class=\"row-hover\">\n<tr class=\"row-2 even\">\n\t<td class=\"column-1\">Jusqu\u2019au 31 ao\u00fbt 1961<\/td><td class=\"column-2\">60 ans<\/td>\n<\/tr>\n<tr class=\"row-3 odd\">\n\t<td class=\"column-1\">Du 1<sup>er<\/sup> septembre 1961 au 31 d\u00e9cembre 1961<\/td><td class=\"column-2\">60 ans et 3 mois<\/td>\n<\/tr>\n<tr class=\"row-4 even\">\n\t<td class=\"column-1\">Du 1<sup>er<\/sup> janvier au 31 d\u00e9cembre 1962<\/td><td class=\"column-2\">60 ans et 6 mois<\/td>\n<\/tr>\n<tr class=\"row-5 odd\">\n\t<td class=\"column-1\">Du 1<sup>er<\/sup> janvier au 31 d\u00e9cembre 1963<\/td><td class=\"column-2\">60 ans et 9 mois<\/td>\n<\/tr>\n<tr class=\"row-6 even\">\n\t<td class=\"column-1\">Du 1<sup>er<\/sup> janvier au 31 d\u00e9cembre 1964<\/td><td class=\"column-2\">61 ans<\/td>\n<\/tr>\n<tr class=\"row-7 odd\">\n\t<td class=\"column-1\">Du 1<sup>er<\/sup> janvier au 31 d\u00e9cembre 1965<\/td><td class=\"column-2\">61 ans et 3 mois<\/td>\n<\/tr>\n<tr class=\"row-8 even\">\n\t<td class=\"column-1\">Du 1<sup>er<\/sup> janvier au 31 d\u00e9cembre 1966<\/td><td class=\"column-2\">61 ans et 6 mois<\/td>\n<\/tr>\n<tr class=\"row-9 odd\">\n\t<td class=\"column-1\">Du 1<sup>er<\/sup> janvier au 31 d\u00e9cembre 1967<\/td><td class=\"column-2\">61 ans et 9 mois<\/td>\n<\/tr>\n<tr class=\"row-10 even\">\n\t<td class=\"column-1\">A partir du 1<sup>er<\/sup> janvier 1968<\/td><td class=\"column-2\">62 ans<\/td>\n<\/tr>\n<\/tbody>\n<\/table>\n\n<\/div><!-- #tablepress-66 from cache -->\n<h2><span class=\"ez-toc-section\" id=\"La_retraite_des_fonctionnaires_va-t-elle_augmenter\"><\/span>La retraite des fonctionnaires va-t-elle augmenter ?<span class=\"ez-toc-section-end\"><\/span><\/h2>\n<p><b><span data-contrast=\"none\">Avec le d\u00e9calage de deux ans de l\u2019\u00e2ge d\u2019ouverture des droits, les fonctionnaires s\u00e9dentaires et actifs vont travailler, et donc, cotiser plus longtemps \u00e0 la retraite. Pour autant, leur pension ne sera pas forc\u00e9ment augment\u00e9e, puisqu\u2019elle continuera \u00e0 repr\u00e9senter 75% de leur traitement indiciaire per\u00e7u six mois avant leur d\u00e9part.<\/span><\/b><span data-ccp-props=\"{&quot;134233117&quot;:false,&quot;134233118&quot;:false,&quot;201341983&quot;:1,&quot;335551550&quot;:6,&quot;335551620&quot;:6,&quot;335559738&quot;:0,&quot;335559739&quot;:0,&quot;335559740&quot;:360}\">\u00a0<\/span><\/p>\n<p><span data-contrast=\"none\">Sous l\u2019effet de l\u2019anciennet\u00e9, leur traitement peut augmenter et, par ricochet, le montant de leur retraite. Mais certains fonctionnaires pourraient percevoir une pension moins \u00e9lev\u00e9e que celle qu\u2019ils auraient touch\u00e9e avant la r\u00e9forme. Outre le report de 62 \u00e0 64 ans de l\u2019\u00e2ge d\u2019ouverture des droits, la r\u00e9forme des retraites de 2023 instaure une acc\u00e9l\u00e9ration de l\u2019allongement de la dur\u00e9e de cotisation \u00e0 43 ans. Pour percevoir une retraite compl\u00e8te, les agents publics (comme les autres actifs) devront justifier d\u2019au moins 172 trimestres de cotisation d\u00e8s 2027, au lieu de 2035, comme pr\u00e9vu avant la r\u00e9forme. Dans le cas contraire, le montant de leur pension sera minor\u00e9 de 1,25% par trimestre manquant (d\u00e9cote).<\/span><span data-ccp-props=\"{&quot;134233117&quot;:false,&quot;134233118&quot;:false,&quot;201341983&quot;:1,&quot;335551550&quot;:6,&quot;335551620&quot;:6,&quot;335559738&quot;:0,&quot;335559739&quot;:0,&quot;335559740&quot;:360}\">\u00a0<\/span><\/p>\n","protected":false},"excerpt":{"rendered":"<p>\u00c2ge de d\u00e9part, dur\u00e9e de cotisation\u2026 Les agents de la fonction publique sont, \u00e0 l\u2019image des autres actifs, impact\u00e9s par la derni\u00e8re r\u00e9forme des retraites entr\u00e9e en vigueur le 1er septembre 2023. Certains changements concernent sp\u00e9cifiquement les fonctionnaires titularis\u00e9s. <\/p>\n","protected":false},"author":13713,"featured_media":31492,"comment_status":"closed","ping_status":"closed","sticky":false,"template":"","format":"standard","meta":{"footnotes":""},"categories":[6,7],"tags":[],"class_list":["post-31450","post","type-post","status-publish","format-standard","has-post-thumbnail","hentry","category-reforme","category-reforme-des-retraites"],"acf":[],"yoast_head":"<!-- This site is optimized with the Yoast SEO plugin v24.9 - https:\/\/yoast.com\/wordpress\/plugins\/seo\/ -->\n<title>R\u00e9forme des retraites et fonction publique\u00a0: \u00e2ge de d\u00e9part, carri\u00e8re longue, retraite progressive<\/title>\n<meta name=\"description\" content=\"\u00c2ge de d\u00e9part, dur\u00e9e de cotisation\u2026 Les agents de la fonction publique sont impact\u00e9s par la derni\u00e8re r\u00e9forme des retraites.\" \/>\n<meta name=\"robots\" content=\"index, follow, max-snippet:-1, max-image-preview:large, max-video-preview:-1\" \/>\n<link rel=\"canonical\" href=\"https:\/\/www.toutsurmesfinances.com\/retraite\/reforme-des-retraites-2023-ce-qui-attend-les-fonctionnaires.html\" \/>\n<meta property=\"og:locale\" content=\"fr_FR\" \/>\n<meta property=\"og:type\" content=\"article\" \/>\n<meta property=\"og:title\" content=\"R\u00e9forme des retraites et fonction publique\u00a0: \u00e2ge de d\u00e9part, carri\u00e8re longue, retraite progressive\" \/>\n<meta property=\"og:description\" content=\"\u00c2ge de d\u00e9part, dur\u00e9e de cotisation\u2026 Les agents de la fonction publique sont impact\u00e9s par la derni\u00e8re r\u00e9forme des retraites.\" \/>\n<meta property=\"og:url\" content=\"https:\/\/www.toutsurmesfinances.com\/retraite\/reforme-des-retraites-2023-ce-qui-attend-les-fonctionnaires.html\" \/>\n<meta property=\"og:site_name\" content=\"Retraite\" \/>\n<meta property=\"article:published_time\" content=\"2023-07-28T08:19:49+00:00\" \/>\n<meta property=\"article:modified_time\" content=\"2023-12-28T17:11:41+00:00\" \/>\n<meta property=\"og:image\" content=\"https:\/\/www.toutsurmesfinances.com\/retraite\/wp-content\/uploads\/sites\/4\/2023\/07\/fonctionnaire-reforme-2023.jpg\" \/>\n\t<meta property=\"og:image:width\" content=\"823\" \/>\n\t<meta property=\"og:image:height\" content=\"463\" \/>\n\t<meta property=\"og:image:type\" content=\"image\/jpeg\" \/>\n<meta name=\"author\" content=\"Jean-Philippe Dubosc\" \/>\n<meta name=\"twitter:card\" content=\"summary_large_image\" \/>\n<meta name=\"twitter:creator\" content=\"@Toutsur\" \/>\n<meta name=\"twitter:site\" content=\"@Toutsur\" \/>\n<meta name=\"twitter:label1\" content=\"\u00c9crit par\" \/>\n\t<meta name=\"twitter:data1\" content=\"Jean-Philippe Dubosc\" \/>\n\t<meta name=\"twitter:label2\" content=\"Dur\u00e9e de lecture estim\u00e9e\" \/>\n\t<meta name=\"twitter:data2\" content=\"18 minutes\" \/>\n<script type=\"application\/ld+json\" class=\"yoast-schema-graph\">{\"@context\":\"https:\/\/schema.org\",\"@graph\":[{\"@type\":\"Article\",\"@id\":\"https:\/\/www.toutsurmesfinances.com\/retraite\/reforme-des-retraites-2023-ce-qui-attend-les-fonctionnaires.html#article\",\"isPartOf\":{\"@id\":\"https:\/\/www.toutsurmesfinances.com\/retraite\/reforme-des-retraites-2023-ce-qui-attend-les-fonctionnaires.html\"},\"author\":{\"name\":\"Jean-Philippe Dubosc\",\"@id\":\"https:\/\/www.toutsurmesfinances.com\/retraite\/#\/schema\/person\/addc9e9b3978fa7947ead71bab57694c\"},\"headline\":\"R\u00e9forme des retraites, ce qui change pour les fonctionnaires\",\"dateModified\":\"2023-12-28T17:11:41+00:00\",\"mainEntityOfPage\":{\"@id\":\"https:\/\/www.toutsurmesfinances.com\/retraite\/reforme-des-retraites-2023-ce-qui-attend-les-fonctionnaires.html\"},\"wordCount\":3523,\"publisher\":{\"@id\":\"https:\/\/www.toutsurmesfinances.com\/retraite\/#organization\"},\"image\":{\"@id\":\"https:\/\/www.toutsurmesfinances.com\/retraite\/reforme-des-retraites-2023-ce-qui-attend-les-fonctionnaires.html#primaryimage\"},\"thumbnailUrl\":\"https:\/\/www.toutsurmesfinances.com\/retraite\/wp-content\/uploads\/sites\/4\/2023\/07\/fonctionnaire-reforme-2023.jpg\",\"articleSection\":[\"R\u00e9forme\",\"R\u00e9forme des retraites\"],\"inLanguage\":\"fr-FR\"},{\"@type\":\"WebPage\",\"@id\":\"https:\/\/www.toutsurmesfinances.com\/retraite\/reforme-des-retraites-2023-ce-qui-attend-les-fonctionnaires.html\",\"url\":\"https:\/\/www.toutsurmesfinances.com\/retraite\/reforme-des-retraites-2023-ce-qui-attend-les-fonctionnaires.html\",\"name\":\"R\u00e9forme des retraites et fonction publique\u00a0: \u00e2ge de d\u00e9part, carri\u00e8re longue, retraite progressive\",\"isPartOf\":{\"@id\":\"https:\/\/www.toutsurmesfinances.com\/retraite\/#website\"},\"primaryImageOfPage\":{\"@id\":\"https:\/\/www.toutsurmesfinances.com\/retraite\/reforme-des-retraites-2023-ce-qui-attend-les-fonctionnaires.html#primaryimage\"},\"image\":{\"@id\":\"https:\/\/www.toutsurmesfinances.com\/retraite\/reforme-des-retraites-2023-ce-qui-attend-les-fonctionnaires.html#primaryimage\"},\"thumbnailUrl\":\"https:\/\/www.toutsurmesfinances.com\/retraite\/wp-content\/uploads\/sites\/4\/2023\/07\/fonctionnaire-reforme-2023.jpg\",\"dateModified\":\"2023-12-28T17:11:41+00:00\",\"description\":\"\u00c2ge de d\u00e9part, dur\u00e9e de cotisation\u2026 Les agents de la fonction publique sont impact\u00e9s par la derni\u00e8re r\u00e9forme des retraites.\",\"breadcrumb\":{\"@id\":\"https:\/\/www.toutsurmesfinances.com\/retraite\/reforme-des-retraites-2023-ce-qui-attend-les-fonctionnaires.html#breadcrumb\"},\"inLanguage\":\"fr-FR\",\"potentialAction\":[{\"@type\":\"ReadAction\",\"target\":[\"https:\/\/www.toutsurmesfinances.com\/retraite\/reforme-des-retraites-2023-ce-qui-attend-les-fonctionnaires.html\"]}]},{\"@type\":\"ImageObject\",\"inLanguage\":\"fr-FR\",\"@id\":\"https:\/\/www.toutsurmesfinances.com\/retraite\/reforme-des-retraites-2023-ce-qui-attend-les-fonctionnaires.html#primaryimage\",\"url\":\"https:\/\/www.toutsurmesfinances.com\/retraite\/wp-content\/uploads\/sites\/4\/2023\/07\/fonctionnaire-reforme-2023.jpg\",\"contentUrl\":\"https:\/\/www.toutsurmesfinances.com\/retraite\/wp-content\/uploads\/sites\/4\/2023\/07\/fonctionnaire-reforme-2023.jpg\",\"width\":823,\"height\":463,\"caption\":\"People receiving services and consultations in the hall of the municipal office. Government agency for paperwork.\"},{\"@type\":\"BreadcrumbList\",\"@id\":\"https:\/\/www.toutsurmesfinances.com\/retraite\/reforme-des-retraites-2023-ce-qui-attend-les-fonctionnaires.html#breadcrumb\",\"itemListElement\":[{\"@type\":\"ListItem\",\"position\":1,\"name\":\"Accueil\",\"item\":\"https:\/\/www.toutsurmesfinances.com\/retraite\/\"},{\"@type\":\"ListItem\",\"position\":2,\"name\":\"R\u00e9forme\",\"item\":\"https:\/\/www.toutsurmesfinances.com\/retraite\/c\/reforme\"},{\"@type\":\"ListItem\",\"position\":3,\"name\":\"R\u00e9forme des retraites, ce qui change pour les fonctionnaires\"}]},{\"@type\":\"WebSite\",\"@id\":\"https:\/\/www.toutsurmesfinances.com\/retraite\/#website\",\"url\":\"https:\/\/www.toutsurmesfinances.com\/retraite\/\",\"name\":\"Retraite\",\"description\":\"\",\"publisher\":{\"@id\":\"https:\/\/www.toutsurmesfinances.com\/retraite\/#organization\"},\"potentialAction\":[{\"@type\":\"SearchAction\",\"target\":{\"@type\":\"EntryPoint\",\"urlTemplate\":\"https:\/\/www.toutsurmesfinances.com\/retraite\/?s={search_term_string}\"},\"query-input\":{\"@type\":\"PropertyValueSpecification\",\"valueRequired\":true,\"valueName\":\"search_term_string\"}}],\"inLanguage\":\"fr-FR\"},{\"@type\":\"Organization\",\"@id\":\"https:\/\/www.toutsurmesfinances.com\/retraite\/#organization\",\"name\":\"Tout Sur Mes Finances\",\"url\":\"https:\/\/www.toutsurmesfinances.com\/retraite\/\",\"logo\":{\"@type\":\"ImageObject\",\"inLanguage\":\"fr-FR\",\"@id\":\"https:\/\/www.toutsurmesfinances.com\/retraite\/#\/schema\/logo\/image\/\",\"url\":\"https:\/\/www.toutsurmesfinances.com\/retraite\/wp-content\/uploads\/sites\/4\/2021\/01\/favicon.png\",\"contentUrl\":\"https:\/\/www.toutsurmesfinances.com\/retraite\/wp-content\/uploads\/sites\/4\/2021\/01\/favicon.png\",\"width\":512,\"height\":512,\"caption\":\"Tout Sur Mes Finances\"},\"image\":{\"@id\":\"https:\/\/www.toutsurmesfinances.com\/retraite\/#\/schema\/logo\/image\/\"},\"sameAs\":[\"https:\/\/x.com\/Toutsur\"]},{\"@type\":\"Person\",\"@id\":\"https:\/\/www.toutsurmesfinances.com\/retraite\/#\/schema\/person\/addc9e9b3978fa7947ead71bab57694c\",\"name\":\"Jean-Philippe Dubosc\",\"image\":{\"@type\":\"ImageObject\",\"inLanguage\":\"fr-FR\",\"@id\":\"https:\/\/www.toutsurmesfinances.com\/retraite\/#\/schema\/person\/image\/\",\"url\":\"https:\/\/secure.gravatar.com\/avatar\/a3cba30cdda1afe79f6ebffc6e952291?s=96&d=mm&r=g\",\"contentUrl\":\"https:\/\/secure.gravatar.com\/avatar\/a3cba30cdda1afe79f6ebffc6e952291?s=96&d=mm&r=g\",\"caption\":\"Jean-Philippe Dubosc\"},\"description\":\"Jean-Philippe Dubosc est r\u00e9dacteur en chef de ToutSurMesFinances.com et sp\u00e9cialiste des questions de retraite obligatoire et d\u2019\u00e9pargne. Pr\u00e9sent au sein du m\u00e9dia depuis plus de 13 ans, il analyse les r\u00e9formes, les dispositifs r\u00e9glementaires et les strat\u00e9gies de d\u00e9part \u00e0 la retraite, avec une approche fond\u00e9e sur une lecture rigoureuse des textes et une connaissance approfondie des diff\u00e9rents r\u00e9gimes de retraite.\",\"sameAs\":[\"https:\/\/www.toutsurmesfinances.com\/author\/jpdubosc\",\"https:\/\/fr.linkedin.com\/in\/jpdubosc\"]}]}<\/script>\n<!-- \/ Yoast SEO plugin. -->","yoast_head_json":{"title":"R\u00e9forme des retraites et fonction publique\u00a0: \u00e2ge de d\u00e9part, carri\u00e8re longue, retraite progressive","description":"\u00c2ge de d\u00e9part, dur\u00e9e de cotisation\u2026 Les agents de la fonction publique sont impact\u00e9s par la derni\u00e8re r\u00e9forme des retraites.","robots":{"index":"index","follow":"follow","max-snippet":"max-snippet:-1","max-image-preview":"max-image-preview:large","max-video-preview":"max-video-preview:-1"},"canonical":"https:\/\/www.toutsurmesfinances.com\/retraite\/reforme-des-retraites-2023-ce-qui-attend-les-fonctionnaires.html","og_locale":"fr_FR","og_type":"article","og_title":"R\u00e9forme des retraites et fonction publique\u00a0: \u00e2ge de d\u00e9part, carri\u00e8re longue, retraite progressive","og_description":"\u00c2ge de d\u00e9part, dur\u00e9e de cotisation\u2026 Les agents de la fonction publique sont impact\u00e9s par la derni\u00e8re r\u00e9forme des retraites.","og_url":"https:\/\/www.toutsurmesfinances.com\/retraite\/reforme-des-retraites-2023-ce-qui-attend-les-fonctionnaires.html","og_site_name":"Retraite","article_published_time":"2023-07-28T08:19:49+00:00","article_modified_time":"2023-12-28T17:11:41+00:00","og_image":[{"width":823,"height":463,"url":"https:\/\/www.toutsurmesfinances.com\/retraite\/wp-content\/uploads\/sites\/4\/2023\/07\/fonctionnaire-reforme-2023.jpg","type":"image\/jpeg"}],"author":"Jean-Philippe Dubosc","twitter_card":"summary_large_image","twitter_creator":"@Toutsur","twitter_site":"@Toutsur","twitter_misc":{"\u00c9crit par":"Jean-Philippe Dubosc","Dur\u00e9e de lecture estim\u00e9e":"18 minutes"},"schema":{"@context":"https:\/\/schema.org","@graph":[{"@type":"Article","@id":"https:\/\/www.toutsurmesfinances.com\/retraite\/reforme-des-retraites-2023-ce-qui-attend-les-fonctionnaires.html#article","isPartOf":{"@id":"https:\/\/www.toutsurmesfinances.com\/retraite\/reforme-des-retraites-2023-ce-qui-attend-les-fonctionnaires.html"},"author":{"name":"Jean-Philippe Dubosc","@id":"https:\/\/www.toutsurmesfinances.com\/retraite\/#\/schema\/person\/addc9e9b3978fa7947ead71bab57694c"},"headline":"R\u00e9forme des retraites, ce qui change pour les fonctionnaires","dateModified":"2023-12-28T17:11:41+00:00","mainEntityOfPage":{"@id":"https:\/\/www.toutsurmesfinances.com\/retraite\/reforme-des-retraites-2023-ce-qui-attend-les-fonctionnaires.html"},"wordCount":3523,"publisher":{"@id":"https:\/\/www.toutsurmesfinances.com\/retraite\/#organization"},"image":{"@id":"https:\/\/www.toutsurmesfinances.com\/retraite\/reforme-des-retraites-2023-ce-qui-attend-les-fonctionnaires.html#primaryimage"},"thumbnailUrl":"https:\/\/www.toutsurmesfinances.com\/retraite\/wp-content\/uploads\/sites\/4\/2023\/07\/fonctionnaire-reforme-2023.jpg","articleSection":["R\u00e9forme","R\u00e9forme des retraites"],"inLanguage":"fr-FR"},{"@type":"WebPage","@id":"https:\/\/www.toutsurmesfinances.com\/retraite\/reforme-des-retraites-2023-ce-qui-attend-les-fonctionnaires.html","url":"https:\/\/www.toutsurmesfinances.com\/retraite\/reforme-des-retraites-2023-ce-qui-attend-les-fonctionnaires.html","name":"R\u00e9forme des retraites et fonction publique\u00a0: \u00e2ge de d\u00e9part, carri\u00e8re longue, retraite progressive","isPartOf":{"@id":"https:\/\/www.toutsurmesfinances.com\/retraite\/#website"},"primaryImageOfPage":{"@id":"https:\/\/www.toutsurmesfinances.com\/retraite\/reforme-des-retraites-2023-ce-qui-attend-les-fonctionnaires.html#primaryimage"},"image":{"@id":"https:\/\/www.toutsurmesfinances.com\/retraite\/reforme-des-retraites-2023-ce-qui-attend-les-fonctionnaires.html#primaryimage"},"thumbnailUrl":"https:\/\/www.toutsurmesfinances.com\/retraite\/wp-content\/uploads\/sites\/4\/2023\/07\/fonctionnaire-reforme-2023.jpg","dateModified":"2023-12-28T17:11:41+00:00","description":"\u00c2ge de d\u00e9part, dur\u00e9e de cotisation\u2026 Les agents de la fonction publique sont impact\u00e9s par la derni\u00e8re r\u00e9forme des retraites.","breadcrumb":{"@id":"https:\/\/www.toutsurmesfinances.com\/retraite\/reforme-des-retraites-2023-ce-qui-attend-les-fonctionnaires.html#breadcrumb"},"inLanguage":"fr-FR","potentialAction":[{"@type":"ReadAction","target":["https:\/\/www.toutsurmesfinances.com\/retraite\/reforme-des-retraites-2023-ce-qui-attend-les-fonctionnaires.html"]}]},{"@type":"ImageObject","inLanguage":"fr-FR","@id":"https:\/\/www.toutsurmesfinances.com\/retraite\/reforme-des-retraites-2023-ce-qui-attend-les-fonctionnaires.html#primaryimage","url":"https:\/\/www.toutsurmesfinances.com\/retraite\/wp-content\/uploads\/sites\/4\/2023\/07\/fonctionnaire-reforme-2023.jpg","contentUrl":"https:\/\/www.toutsurmesfinances.com\/retraite\/wp-content\/uploads\/sites\/4\/2023\/07\/fonctionnaire-reforme-2023.jpg","width":823,"height":463,"caption":"People receiving services and consultations in the hall of the municipal office. Government agency for paperwork."},{"@type":"BreadcrumbList","@id":"https:\/\/www.toutsurmesfinances.com\/retraite\/reforme-des-retraites-2023-ce-qui-attend-les-fonctionnaires.html#breadcrumb","itemListElement":[{"@type":"ListItem","position":1,"name":"Accueil","item":"https:\/\/www.toutsurmesfinances.com\/retraite\/"},{"@type":"ListItem","position":2,"name":"R\u00e9forme","item":"https:\/\/www.toutsurmesfinances.com\/retraite\/c\/reforme"},{"@type":"ListItem","position":3,"name":"R\u00e9forme des retraites, ce qui change pour les fonctionnaires"}]},{"@type":"WebSite","@id":"https:\/\/www.toutsurmesfinances.com\/retraite\/#website","url":"https:\/\/www.toutsurmesfinances.com\/retraite\/","name":"Retraite","description":"","publisher":{"@id":"https:\/\/www.toutsurmesfinances.com\/retraite\/#organization"},"potentialAction":[{"@type":"SearchAction","target":{"@type":"EntryPoint","urlTemplate":"https:\/\/www.toutsurmesfinances.com\/retraite\/?s={search_term_string}"},"query-input":{"@type":"PropertyValueSpecification","valueRequired":true,"valueName":"search_term_string"}}],"inLanguage":"fr-FR"},{"@type":"Organization","@id":"https:\/\/www.toutsurmesfinances.com\/retraite\/#organization","name":"Tout Sur Mes Finances","url":"https:\/\/www.toutsurmesfinances.com\/retraite\/","logo":{"@type":"ImageObject","inLanguage":"fr-FR","@id":"https:\/\/www.toutsurmesfinances.com\/retraite\/#\/schema\/logo\/image\/","url":"https:\/\/www.toutsurmesfinances.com\/retraite\/wp-content\/uploads\/sites\/4\/2021\/01\/favicon.png","contentUrl":"https:\/\/www.toutsurmesfinances.com\/retraite\/wp-content\/uploads\/sites\/4\/2021\/01\/favicon.png","width":512,"height":512,"caption":"Tout Sur Mes Finances"},"image":{"@id":"https:\/\/www.toutsurmesfinances.com\/retraite\/#\/schema\/logo\/image\/"},"sameAs":["https:\/\/x.com\/Toutsur"]},{"@type":"Person","@id":"https:\/\/www.toutsurmesfinances.com\/retraite\/#\/schema\/person\/addc9e9b3978fa7947ead71bab57694c","name":"Jean-Philippe Dubosc","image":{"@type":"ImageObject","inLanguage":"fr-FR","@id":"https:\/\/www.toutsurmesfinances.com\/retraite\/#\/schema\/person\/image\/","url":"https:\/\/secure.gravatar.com\/avatar\/a3cba30cdda1afe79f6ebffc6e952291?s=96&d=mm&r=g","contentUrl":"https:\/\/secure.gravatar.com\/avatar\/a3cba30cdda1afe79f6ebffc6e952291?s=96&d=mm&r=g","caption":"Jean-Philippe Dubosc"},"description":"Jean-Philippe Dubosc est r\u00e9dacteur en chef de ToutSurMesFinances.com et sp\u00e9cialiste des questions de retraite obligatoire et d\u2019\u00e9pargne. Pr\u00e9sent au sein du m\u00e9dia depuis plus de 13 ans, il analyse les r\u00e9formes, les dispositifs r\u00e9glementaires et les strat\u00e9gies de d\u00e9part \u00e0 la retraite, avec une approche fond\u00e9e sur une lecture rigoureuse des textes et une connaissance approfondie des diff\u00e9rents r\u00e9gimes de retraite.","sameAs":["https:\/\/www.toutsurmesfinances.com\/author\/jpdubosc","https:\/\/fr.linkedin.com\/in\/jpdubosc"]}]}},"_links":{"self":[{"href":"https:\/\/www.toutsurmesfinances.com\/retraite\/wp-json\/wp\/v2\/posts\/31450","targetHints":{"allow":["GET"]}}],"collection":[{"href":"https:\/\/www.toutsurmesfinances.com\/retraite\/wp-json\/wp\/v2\/posts"}],"about":[{"href":"https:\/\/www.toutsurmesfinances.com\/retraite\/wp-json\/wp\/v2\/types\/post"}],"author":[{"embeddable":true,"href":"https:\/\/www.toutsurmesfinances.com\/retraite\/wp-json\/wp\/v2\/users\/13713"}],"replies":[{"embeddable":true,"href":"https:\/\/www.toutsurmesfinances.com\/retraite\/wp-json\/wp\/v2\/comments?post=31450"}],"version-history":[{"count":3,"href":"https:\/\/www.toutsurmesfinances.com\/retraite\/wp-json\/wp\/v2\/posts\/31450\/revisions"}],"predecessor-version":[{"id":31786,"href":"https:\/\/www.toutsurmesfinances.com\/retraite\/wp-json\/wp\/v2\/posts\/31450\/revisions\/31786"}],"wp:featuredmedia":[{"embeddable":true,"href":"https:\/\/www.toutsurmesfinances.com\/retraite\/wp-json\/wp\/v2\/media\/31492"}],"wp:attachment":[{"href":"https:\/\/www.toutsurmesfinances.com\/retraite\/wp-json\/wp\/v2\/media?parent=31450"}],"wp:term":[{"taxonomy":"category","embeddable":true,"href":"https:\/\/www.toutsurmesfinances.com\/retraite\/wp-json\/wp\/v2\/categories?post=31450"},{"taxonomy":"post_tag","embeddable":true,"href":"https:\/\/www.toutsurmesfinances.com\/retraite\/wp-json\/wp\/v2\/tags?post=31450"}],"curies":[{"name":"wp","href":"https:\/\/api.w.org\/{rel}","templated":true}]}}