{"id":31610,"date":"2023-09-18T18:46:48","date_gmt":"2023-09-18T16:46:48","guid":{"rendered":"https:\/\/www.toutsurmesfinances.com\/retraite\/?p=31610"},"modified":"2026-03-20T12:21:21","modified_gmt":"2026-03-20T11:21:21","slug":"assurance-vieillesse-des-aidants-ava%e2%80%af-le-regime-de-retraite-pour-les-proches-aidants","status":"publish","type":"post","link":"https:\/\/www.toutsurmesfinances.com\/retraite\/assurance-vieillesse-des-aidants-ava%e2%80%af-le-regime-de-retraite-pour-les-proches-aidants.html","title":{"rendered":"Assurance vieillesse des aidants (AVA)\u202f: le r\u00e9gime de retraite pour les proches aidants"},"content":{"rendered":"<h2><span class=\"ez-toc-section\" id=\"Reforme_des_retraites_et_assurance_vieillesse_des_aidants_AVA\"><\/span>R\u00e9forme des retraites et assurance vieillesse des aidants (AVA)<span class=\"ez-toc-section-end\"><\/span><\/h2>\n<p>La <a href=\"https:\/\/www.toutsurmesfinances.com\/retraite\/reforme-des-retraites-macron-2017-programme-calendrier.html\" target=\"_blank\" rel=\"noopener noreferrer\">r\u00e9forme des retraites, promulgu\u00e9e le 15 avril 2023<\/a>, a notamment cr\u00e9\u00e9 l\u2019assurance vieillesse des aidants (AVA).\u00a0Ce nouveau r\u00e9gime de retraite, entr\u00e9 en vigueur depuis le 1<sup>er<\/sup>\u00a0septembre 2023, <strong>permet aux personnes, qui cessent ou r\u00e9duisent leur activit\u00e9 professionnelle pour apporter leur aide r\u00e9guli\u00e8re \u00e0\u00a0un proche gravement malade, handicap\u00e9 ou d\u00e9pendant, de valider des trimestres de retraite<\/strong><strong><em><u>,<\/u><\/em><\/strong><strong> et ce, sans contrepartie de cotisations<\/strong>.<\/p>\n<p>Ces trimestres \u00ab\u202fgratuits\u202f\u00bb permettent aux <a href=\"https:\/\/www.toutsurmesfinances.com\/argent\/a\/aidants-familiaux-definition-aides-conditions-demarches\" target=\"_blank\" rel=\"noopener noreferrer\">aidants familiaux<\/a> de compenser &#8211; en partie &#8211; les trimestres qu\u2019ils n\u2019ont pas pu cotiser parce qu\u2019ils ont arr\u00eat\u00e9 de travailler ou parce qu\u2019ils sont pass\u00e9s \u00e0 temps partiel pour s\u2019occuper de leur conjoint, descendant (enfant, petit-enfant), ascendant (parent, grand-parent), oncle, tante, neveu, ni\u00e8ce, cousin, cousine ou, dans certains cas, d\u2019un membre ext\u00e9rieur \u00e0 leur famille. Gr\u00e2ce \u00e0 l\u2019AVA, les aidant peuvent limiter, voire annuler, la minoration sur leur retraite (d\u00e9cote) qu\u2019ils subissent s\u2019ils ne respectent pas <a href=\"https:\/\/www.toutsurmesfinances.com\/retraite\/duree-de-cotisation-combien-de-trimestres-pour-partir-a-la-retraite.html\" target=\"_blank\" rel=\"noopener noreferrer\">leur dur\u00e9e d\u2019assurance<\/a> (le nombre de trimestres exig\u00e9 dans leur g\u00e9n\u00e9ration pour percevoir une pension de vieillesse sans d\u00e9cote).<\/p>\n<h2><span class=\"ez-toc-section\" id=\"La_difference_entre_lassurance_vieillesse_des_aidants_AVA%E2%80%AFet_lassurance_vieillesse_des_parents_au_foyer_AVPF\"><\/span>La diff\u00e9rence entre l\u2019assurance vieillesse des aidants (AVA)\u202fet l\u2019assurance vieillesse des parents au foyer (AVPF)<span class=\"ez-toc-section-end\"><\/span><\/h2>\n<p>Avant la cr\u00e9ation de l\u2019AVA, certains aidants pouvaient d\u00e9j\u00e0 valider des trimestres de retraite gr\u00e2ce \u00e0 l\u2019assurance vieillesse des parents au foyer (<strong>AVPF<\/strong>). Cr\u00e9\u00e9e \u00e0 l\u2019origine pour permettre aux p\u00e8res et (surtout) aux m\u00e8res\u00a0qui ne travaillent pas pour \u00e9lever leur(s) enfant(s) de cotiser volontairement \u00e0 la retraite, l\u2019AVPF est aujourd\u2019hui \u00e9galement propos\u00e9e, sans contrepartie de cotisation\u00a0cette fois-ci, aux parents modestes. Puis, elle a \u00e9t\u00e9 \u00e9tendue \u00e0 certains aidants familiaux.<\/p>\n<p>Ces aidants ont bascul\u00e9, le 1<sup>er<\/sup>\u00a0septembre 2023, \u00e0 l\u2019AVA. Non couverts jusqu\u2019ici par\u00a0l\u2019AVPF, les parents dont l\u2019enfant pr\u00e9sente un taux d\u2019incapacit\u00e9 permanente (IP) inf\u00e9rieur \u00e0 80%, les aidants qui ne vivent pas avec l\u2019adulte handicap\u00e9 aid\u00e9, et ceux n\u2019ayant pas de lien familial,\u202fmais uniquement <em>\u00ab\u202fun lien stable et \u00e9troit\u202f\u00bb,<\/em>\u00a0avec la personne aid\u00e9e, sont d\u00e9sormais affili\u00e9s \u00e0 l\u2019AVA\u00a0et valident donc des trimestres de retraite, ce qui n\u2019\u00e9tait pas le cas avant.<\/p>\n<p>Si les aidants familiaux ne d\u00e9pendent plus de l\u2019AVPF, y sont toujours affili\u00e9s de mani\u00e8re volontaire les parents au foyer et, gratuitement, les parents aux faibles ressources qui touchent l\u2019allocation de base, la prestation partag\u00e9e d\u2019\u00e9ducation de l\u2019enfant (<strong>PreParE<\/strong>) ou le compl\u00e9ment familial. \u00c0 condition de ne pas d\u00e9passer certains plafonds de revenus, l\u2019allocation de base et la PreParE sont vers\u00e9es aux parents d\u2019enfant de moins de 3 ans ou d\u2019enfant adopt\u00e9 de moins de 20 ans (ils doivent avoir cess\u00e9 ou r\u00e9duit leur activit\u00e9 professionnelle pour toucher la PreParE). Le compl\u00e9ment familial est, lui, attribu\u00e9 aux parents modestes de trois enfants et plus, \u00e2g\u00e9s de plus de 3 ans et de moins de 21 ans.<\/p>\n<h2><span class=\"ez-toc-section\" id=\"Qui_a_droit_a_lassurance_vieillesse_des_aidants_AVA%E2%80%AF\"><\/span>Qui a droit \u00e0 l\u2019assurance vieillesse des aidants (AVA)\u202f?<span class=\"ez-toc-section-end\"><\/span><\/h2>\n<p>Plusieurs profils d\u2019aidants sont \u00e9ligibles \u00e0 l\u2019AVA.\u00a0Compte tenu de l\u2019\u00e9largissement du p\u00e9rim\u00e8tre d\u2019affiliation de l\u2019AVA par rapport \u00e0 l\u2019AVPF, le gouvernement estime qu\u2019entre 32.000 et\u00a040.000 aidants de plus par an vont pouvoir valider des trimestres, alors qu\u2019ils n\u2019auraient pas pu le faire avant la r\u00e9forme des retraites de 2023.\u00a0Ils vont s\u2019ajouter aux 60.000 aidants familiaux qui \u00e9taient auparavant affili\u00e9s \u00e0 l\u2019AVPF.<\/p>\n<h3><span class=\"ez-toc-section\" id=\"Les_beneficiaires_de_lallocation_journaliere_de_presence_parentale_AJPP\"><\/span>Les b\u00e9n\u00e9ficiaires de l\u2019allocation journali\u00e8re de pr\u00e9sence parentale (AJPP)<span class=\"ez-toc-section-end\"><\/span><\/h3>\n<p>L&rsquo;allocation de pr\u00e9sence parentale (<strong>AJPP<\/strong>) est vers\u00e9e par la Caisse d&rsquo;allocations familiales (Caf) ou la Mutualit\u00e9 sociale agricole (MSA) &#8211; pour les assur\u00e9s relevant du r\u00e9gime agricole (salari\u00e9s agricoles, chefs d\u2019exploitation, collaborateurs agricoles, aides familiaux) &#8211; aux parents qui\u00a0cessent temporairement leur activit\u00e9 pour s\u2019occuper d\u2019un enfant gravement malade, accident\u00e9 ou handicap\u00e9. L\u2019enfant doit \u00eatre \u00e2g\u00e9 de moins de 20 ans et avoir besoin de la pr\u00e9sence d\u2019une tierce personne.<\/p>\n<p>L\u2019AJPP s\u2019\u00e9l\u00e8ve \u00e0 65,80 euros par jour (32,90 euros pour une demi-journ\u00e9e) en 2025. La prestation est vers\u00e9e sous condition de ressources. Les parents qui per\u00e7oivent des <a href=\"https:\/\/www.toutsurmesfinances.com\/argent\/a\/indemnites-journalieres-montants-calcul-plafond-duree-et-versement\" target=\"_blank\" rel=\"noopener noreferrer\">indemnit\u00e9s journali\u00e8res<\/a> (pour maladie, maternit\u00e9, paternit\u00e9 ou accident), une allocation ch\u00f4mage, une pension de retraite ou d\u2019invalidit\u00e9, l\u2019allocation forfaitaire de repos maternel ou d&rsquo;allocation de remplacement pour maternit\u00e9 ou <a href=\"https:\/\/www.toutsurmesfinances.com\/argent\/a\/aah-conditions-et-plafonds-montant-versement-et-demarches\" target=\"_blank\" rel=\"noopener noreferrer\">l&rsquo;allocation aux adultes handicap\u00e9s<\/a> (<strong>AAH<\/strong>) ne sont pas \u00e9ligibles \u00e0 l\u2019AJPP. Les b\u00e9n\u00e9ficiaires de l\u2019AJPP \u00e9taient d\u00e9j\u00e0 affili\u00e9s \u00e0 l\u2019AVPF avant la cr\u00e9ation de l\u2019AVA.<\/p>\n<h3><span class=\"ez-toc-section\" id=\"Les_parents_denfants_handicapes_avec_un_taux_dincapacite_dau_moins_80\"><\/span>Les parents d\u2019enfants handicap\u00e9s avec un taux d\u2019incapacit\u00e9 d\u2019au moins 80%<span class=\"ez-toc-section-end\"><\/span><\/h3>\n<p>Quel que soit leur niveau de revenu, les parents, dont l\u2019enfant de moins de 20 ans pr\u00e9sente un taux d\u2019incapacit\u00e9 permanente (IP) de 80% et plus, ont droit \u00e0\u00a0<a href=\"https:\/\/www.toutsurmesfinances.com\/argent\/a\/allocation-d-education-de-l-enfant-handicape-aeeh-conditions-montant-demarches\">l\u2019allocation d\u2019\u00e9ducation de l\u2019enfant handicap\u00e9<\/a>\u202f(<strong>AEEH<\/strong>). Le taux d\u2019IP est d\u00e9termin\u00e9 par la Commission des droits et de l\u2019autonomie des personnes handicap\u00e9es (<strong>CDAPH<\/strong>), qui d\u00e9pend de la <a href=\"https:\/\/mdphenligne.cnsa.fr\/\">Maison d\u00e9partementale des personnes handicap\u00e9es<\/a>\u00a0(<strong>MDPH<\/strong>). Vers\u00e9e par la Caf ou la MSA, l\u2019AEEH est constitu\u00e9e d\u2019un montant de base (fix\u00e9 \u00e0 149,26 euros par mois jusqu&rsquo;au 31 mars 2025) et d\u2019un compl\u00e9ment.<\/p>\n<p>Le montant du compl\u00e9ment AEEH d\u00e9pend de l\u2019\u00e9tat de sant\u00e9 de l\u2019enfant et de ses besoins d\u2019accompagnement. Il existe six cat\u00e9gories de compl\u00e9ment qui varient selon qu\u2019un parent cesse ou r\u00e9duise son activit\u00e9 professionnelle, de l\u2019embauche d\u2019une personne tierce et du niveau des d\u00e9penses li\u00e9es au handicap. Les montants cumul\u00e9s de l\u2019AEEH de base et du compl\u00e9ment vont de 261,21 euros par mois \u00e0 1.360,16 euros par mois jusqu&rsquo;au 31 mars 2025. Une majoration est pr\u00e9vue pour les parents isol\u00e9s b\u00e9n\u00e9ficiaires du compl\u00e9ment AEEH. Les parents d\u2019enfant handicap\u00e9s avec une IP d\u2019au moins 80% \u00e9taient affili\u00e9s \u00e0 l\u2019AVPF avant la r\u00e9forme des retraites de 2023.<\/p>\n<h3><span class=\"ez-toc-section\" id=\"Certains_parents_denfants_handicapes_avec_un_taux_dincapacite_de_moins_a_80\"><\/span>Certains parents d\u2019enfants handicap\u00e9s avec un taux d\u2019incapacit\u00e9 de moins \u00e0 80%<span class=\"ez-toc-section-end\"><\/span><\/h3>\n<p>Les parents, dont l\u2019enfant de moins de 20 ans pr\u00e9sente un taux d\u2019IP compris entre 50% et 79%, peuvent percevoir le compl\u00e9ment AEEH\u00a0si l\u2019enfant est plac\u00e9 dans un \u00e9tablissement sp\u00e9cialis\u00e9 ou si son \u00e9tat exige le recours \u00e0 un dispositif adapt\u00e9 ou \u00e0 des soins pr\u00e9conis\u00e9s par la CDAPH.<\/p>\n<p>\u00c0 la place\u00a0du compl\u00e9ment AAEH, ils peuvent pr\u00e9f\u00e9rer toucher <a href=\"https:\/\/www.toutsurmesfinances.com\/argent\/a\/prestation-de-compensation-du-handicap-pch-conditions-montant-demarches\" target=\"_blank\" rel=\"noopener noreferrer\">la prestation de compensation du handicap<\/a> (<strong>PCH<\/strong>). Cette aide vers\u00e9e par le d\u00e9partement vise \u00e0 compenser les frais li\u00e9s \u00e0 l\u2019am\u00e9nagement du logement et\/ou du v\u00e9hicule. Le montant de la PCH d\u00e9pend \u00e0 la fois des ressources et du niveau des d\u00e9penses n\u00e9cessaires. Il est fix\u00e9 par la CDAPH.<\/p>\n<p>La MDPH aide les parents d\u2019enfants avec une\u00a0IP de moins de 80% \u00e0 d\u00e9terminer s\u2019il est plus int\u00e9ressant pour eux de percevoir le compl\u00e9ment AEEH ou la PCH.\u00a0Avant la r\u00e9forme des retraites de 2023 et la cr\u00e9ation de l\u2019AVA, ces parents n\u2019\u00e9taient pas affili\u00e9s \u00e0 l\u2019AVPF et ne pouvaient donc pas acqu\u00e9rir de droits \u00e0 la retraite en tant qu\u2019aidant familial.<\/p>\n<h3><span class=\"ez-toc-section\" id=\"Les_aidants_dadultes_handicapes_avec_un_taux_dincapacite_dau_moins_80\"><\/span>Les aidants d\u2019adultes handicap\u00e9s avec un taux d\u2019incapacit\u00e9 d\u2019au moins 80%<span class=\"ez-toc-section-end\"><\/span><\/h3>\n<p>Les personnes, qui aident r\u00e9guli\u00e8rement un proche de plus de 20 ans ayant un taux d\u2019IP de 80% ou plus, sont affili\u00e9s \u00e0 l\u2019AVA. Ils d\u00e9pendaient de l\u2019AVPF avant la r\u00e9forme des retraites de 2023. Comme \u00e0 l\u2019\u00e9poque de l\u2019AVPF, pour avoir le statut d\u2019aidant (et donc l\u2019affiliation \u00e0 l\u2019AVA), il faut que la CDAPH ait\u00a0reconnu\u00a0que l&rsquo;\u00e9tat de l\u2019adulte handicap\u00e9 <em>\u00ab n\u00e9cessite une assistance ou une pr\u00e9sence\u00a0\u00bb.<\/em><\/p>\n<p>Dans la majorit\u00e9 des cas, la personne aid\u00e9e per\u00e7oit <a href=\"https:\/\/www.toutsurmesfinances.com\/argent\/a\/aah-conditions-et-plafonds-montant-versement-et-demarches\" target=\"_blank\" rel=\"noopener noreferrer\">l\u2019allocation adulte handicap\u00e9<\/a> (AAH). Cette prestation est vers\u00e9e par la Caf ou la MSA, sous condition de ressources (12.193 euros de revenus annuels en 2022 si l\u2019allocataire est c\u00e9libataire ou 22.069 euros de revenus annuels en 2022 s\u2019il vit en couple), aux adultes de 20 ans et plus justifiant d\u2019une IP d\u2019au moins 80% ou d\u2019une IP de 50% \u00e0 79% si la CDAPH a reconnu que le handicap entra\u00eene <em>\u00ab\u202fune restriction importante et durable pour l\u2019acc\u00e8s \u00e0 l\u2019emploi\u202f\u00bb<\/em>. Le montant maximum de l\u2019AAH s\u2019\u00e9l\u00e8ve \u00e0 1.016,05 euros\u00a0par mois\u00a0pour les droits ouverts du 1er avril 2024 au 31 mars 2025<\/p>\n<h3><span class=\"ez-toc-section\" id=\"Les_beneficiaires_du_conge_proche_aidant_CPA\"><\/span>Les b\u00e9n\u00e9ficiaires du cong\u00e9 proche aidant (CPA)<span class=\"ez-toc-section-end\"><\/span><\/h3>\n<p>Depuis 2017, les salari\u00e9s des entreprises et associations\u00a0et les salari\u00e9s agricoles (travaillant dans une exploitation agricole, une coop\u00e9rative agricole, une mutuelle agricole ou une industrie agroalimentaire) peuvent b\u00e9n\u00e9ficier <a href=\"https:\/\/www.toutsurmesfinances.com\/argent\/a\/aidants-familiaux-definition-aides-conditions-demarches#Le_conge_de_proche_aidant\" target=\"_blank\" rel=\"noopener noreferrer\">d\u2019un cong\u00e9 de proche aidant<\/a> (CPA). Le CPA, qui permet de cesser ou de r\u00e9duire temporairement son activit\u00e9 pour s\u2019occuper d\u2019un proche avec un taux d\u2019IP d\u2019au moins 80%, a \u00e9t\u00e9 \u00e9tendu aux fonctionnaires titularis\u00e9s, aux agents non titulaires de la fonction publique (contractuels, vacataires) et au personnel des \u00e9tablissements de sant\u00e9.<\/p>\n<p>Le cong\u00e9 ne peut pas \u00eatre refus\u00e9 par l\u2019employeur. Il dure 3 mois, renouvelable. Le CPA ne peut exc\u00e9der, au final, un\u00a0an\u00a0(12 mois).\u00a0Les b\u00e9n\u00e9ficiaires du cong\u00e9 de proche aidant \u00e9taient affili\u00e9s \u00e0 l\u2019AVPF.<\/p>\n<h3><span class=\"ez-toc-section\" id=\"Les_beneficiaires_de_lallocation_journaliere_de_proche_aidant_AJPA\"><\/span>Les b\u00e9n\u00e9ficiaires de l\u2019allocation journali\u00e8re de proche aidant (AJPA)<span class=\"ez-toc-section-end\"><\/span><\/h3>\n<p>Depuis 2020, les salari\u00e9s et\u00a0fonctionnaires, qui prennent un cong\u00e9 de proche aidant et qui ont des revenus modestes, ont droit \u00e0\u00a0<a href=\"https:\/\/www.toutsurmesfinances.com\/argent\/a\/aidants-familiaux-definition-aides-conditions-demarches#Indemnite_de_proche_aidant\" target=\"_blank\" rel=\"noopener noreferrer\">l\u2019allocation jorunali\u00e8re de proche aidant<\/a> (AJPA). L&rsquo;AJPA est vers\u00e9e par la Caf ou la MSA selon les m\u00eames modalit\u00e9s que l\u2019AJPP. Son montant est identique (65,80 euros par jour ou 32,90 euros pour une demi-journ\u00e9e depuis le 1<sup>er<\/sup> janvier 2025). Seule diff\u00e9rence (de taille) : alors que l\u2019AJPP peut \u00eatre servie pendant trois ans, l\u2019AJPA est vers\u00e9e durant 66 jours au maximum.<\/p>\n<p>Les b\u00e9n\u00e9ficiaires de l\u2019AJPA \u00e9taient d\u00e9j\u00e0 affili\u00e9s \u00e0 l\u2019AVPF avant la cr\u00e9ation de l\u2019AVA.<\/p>\n<h3><span class=\"ez-toc-section\" id=\"Les_aidants_dadultes_handicapes_non-cohabitants\"><\/span>Les aidants d\u2019adultes handicap\u00e9s non-cohabitants<span class=\"ez-toc-section-end\"><\/span><\/h3>\n<p>Pour \u00eatre affili\u00e9s \u00e0 l\u2019AVPF, les aidants d\u2019adultes pr\u00e9sentant un taux d\u2019IP d\u2019au moins 80% devaient habiter avec la personne aid\u00e9e. Cette condition n\u2019est plus exig\u00e9e avec l\u2019AVA.<\/p>\n<h3><span class=\"ez-toc-section\" id=\"Les_aidants_ne_presentant_pas_de_lien_familial_avec_la_personne_aidee\"><\/span>Les aidants ne pr\u00e9sentant pas de lien familial avec la personne aid\u00e9e<span class=\"ez-toc-section-end\"><\/span><\/h3>\n<p>Seules les personnes, qui aidaient leur conjoint, un membre de leur famille ou de la famille de leur \u00e9poux ou partenaire de Pacs, \u00e9taient affili\u00e9es \u00e0 l\u2019AVPF. D\u00e9sormais, les aidants ne pr\u00e9sentant pas de lien familial, mais uniquement <em>\u00ab un lien stable et \u00e9troit\u202f\u00bb <\/em>avec la personne aid\u00e9e<u>,<\/u> sont \u00e9galement \u00e9ligibles \u00e0 l\u2019AVA.<\/p>\n<h2><span class=\"ez-toc-section\" id=\"Demarches%E2%80%AFdaffiliation_a_lassurance_vieillesse_des_aidants_AVA\"><\/span>D\u00e9marches\u202fd\u2019affiliation \u00e0 l\u2019assurance vieillesse des aidants (AVA)<span class=\"ez-toc-section-end\"><\/span><\/h2>\n<p><strong>La circulaire sur l\u2019AVA n\u2019\u00e9tant pas, \u00e0 l\u2019heure o\u00f9 nous \u00e9crivons ses lignes, encore \u00e9t\u00e9 publi\u00e9e, la d\u00e9marche d\u2019affiliation \u00e0 l\u2019assurance vieillesse des aidants n\u2019est pas encore connue.<\/strong> Reste qu\u2019elle ne devrait pas \u00eatre \u00e9loign\u00e9e de celle de l\u2019AVPF, comme nous l\u2019a confirm\u00e9 une source bien inform\u00e9e.<\/p>\n<p>Voici donc les donn\u00e9es que nous avons \u00e0 l\u2019heure actuelle et qui sont susceptibles d\u2019\u00eatre modifi\u00e9es. Comme du temps de l\u2019AVPF, les aidants allocataires de certaines prestations sont affili\u00e9s automatiquement \u00e0 l\u2019AVA par la Caf ou la MSA qui leur verse l\u2019allocation. Les autres aidants doivent d\u00e9poser une demande d\u2019affiliation \u00e0 l\u2019AVA aupr\u00e8s de leur caisse d\u2019allocations familiales ou de leur caisse MSA.<\/p>\n<p>Dans les deux cas, l\u2019affiliation est gratuite\u202f:\u00a0c\u2019est la Caf\u00a0ou\u00a0la MSA qui prend en charge les cotisations vieillesse pour le compte de l\u2019aidant. Ces cotisations sont calcul\u00e9es sur la base d\u2019un salaire forfaitaire \u00e9quivalent \u00e0 169\u00a0fois le taux du Smic horaire en vigueur au 1<sup>er<\/sup>\u00a0juillet de l\u2019ann\u00e9e pr\u00e9c\u00e9dente. Le salaire forfaitaire peut \u00eatre r\u00e9duit de 20% \u00e0 50% selon l\u2019allocation servie.<\/p>\n<h3><span class=\"ez-toc-section\" id=\"Affiliation_automatique\"><\/span>Affiliation automatique<span class=\"ez-toc-section-end\"><\/span><\/h3>\n<p><strong>Les parents d\u2019enfants gravement malades b\u00e9n\u00e9ficiaires de l\u2019AJPP\u00a0et\u00a0les parents d\u2019enfants\u00a0de moins de 20 ans avec une invalidit\u00e9 d\u2019au moins 80%\u00a0b\u00e9n\u00e9ficiaires de l\u2019AAEH sont affili\u00e9s automatiquement par la Caf ou la MSA \u00e0 l\u2019AVA. Ils n\u2019ont donc aucune d\u00e9marche \u00e0 effectuer.<\/strong><strong>\u00a0<\/strong><\/p>\n<p>Les b\u00e9n\u00e9ficiaires de l\u2019AJPP et de l\u2019AEEH re\u00e7oivent, tous les ans,\u00a0une notification via caf.fr ou msa.fr\u00a0qui reprend les cotisations AVA (et les cotisations AVPF\u00a0d\u2019avant la r\u00e9forme des retraites) vers\u00e9es durant les cinq derni\u00e8res ann\u00e9es.<\/p>\n<p>Les trimestres\u00a0AVA\/AVPF sont indiqu\u00e9s dans<a href=\"https:\/\/www.toutsurmesfinances.com\/retraite\/le-ris-ou-releve-de-situation-individuelle-de-retraite.html\" target=\"_blank\" rel=\"noopener noreferrer\">le relev\u00e9 individuel de situation<\/a> (RIS). Le RIS (ou \u00ab relev\u00e9 de carri\u00e8re \u00bb) r\u00e9capitule les trimestres et points de retraite acquis \u00e0 l\u2019instant T. Il est envoy\u00e9 par courrier tous les cinq ans \u00e0 compter des 35 ans de l\u2019assur\u00e9 ou consultable, \u00e0 tout moment, via le compte retraite de l\u2019assur\u00e9 disponible sur info-retraite.fr.<\/p>\n<h3><span class=\"ez-toc-section\" id=\"Demande_daffiliation\"><\/span>Demande d\u2019affiliation<span class=\"ez-toc-section-end\"><\/span><\/h3>\n<p><strong>Les b\u00e9n\u00e9ficiaires du CPA et de l\u2019AJPA doivent remplir\u00a0le formulaire de demande d\u2019affiliation \u00e0 l\u2019AVA et l\u2019envoyer \u00e0 leur Caf ou leur\u00a0caisse MSA. Le formulaire devrait \u00eatre prochainement disponible sur caf.fr et msa.fr.<\/strong><strong>\u00a0<\/strong><\/p>\n<p>Les parents d\u2019enfants handicap\u00e9s b\u00e9n\u00e9ficiaires du compl\u00e9ment AAEH ou de la PCH, ainsi que les aidants d\u2019adultes handicap\u00e9s, doivent solliciter la Commission des droits et de l\u2019autonomie des personnes handicap\u00e9es\u00a0(CDAPH). Si la commission donne un avis favorable, ils peuvent\u00a0d\u00e9poser leur formulaire de demande d\u2019affiliation \u00e0 l\u2019AVA aupr\u00e8s de leur Caf ou de leur caisse MSA, en y joignant l\u2019attestation de la CDAPH.<\/p>\n<h2><span class=\"ez-toc-section\" id=\"Trimestres_assurance_vieillesse_des_aidants_AVA\"><\/span><strong>Trimestres assurance vieillesse des aidants (AVA)\u00a0<\/strong><span class=\"ez-toc-section-end\"><\/span><\/h2>\n<p><strong>En \u00e9tant affili\u00e9 \u00e0 l\u2019AVA, l\u2019aidant valide des trimestres \u00e0 la retraite de base.<\/strong> <strong>Il ne peut pas &#8211; <\/strong><strong>en toute logique &#8211; acqu\u00e9rir plus de quatre trimestres par an, y compris en int\u00e9grant les trimestres cotis\u00e9s si l\u2019aidant poursuit une activit\u00e9 professionnelle\u00a0\u00e0 temps partiel.<\/strong><strong>\u00a0<\/strong><\/p>\n<p>Les trimestres AVA sont comptabilis\u00e9s\u00a0dans la dur\u00e9e d\u2019assurance, soit le nombre de trimestres exig\u00e9 pour percevoir une retraite sans d\u00e9cote\u00a0qui varie selon la date de naissance de l\u2019assur\u00e9. \u00c0 la suite de la r\u00e9forme des retraites de 2023, la dur\u00e9e d\u2019assurance est port\u00e9e \u00e0 172 trimestres (43 ans) pour les assur\u00e9s n\u00e9s \u00e0 partir du 1<sup>er<\/sup>\u00a0janvier 1965.<\/p>\n<p>En revanche, les trimestres AVA, comme les autres trimestres \u00ab\u202fassimil\u00e9s\u202f\u00bb (attribu\u00e9s sans contrepartie de cotisation\u00a0au titre du service militaire, de la maternit\u00e9, de la maladie, du ch\u00f4mage indemnis\u00e9 ou de l\u2019invalidit\u00e9), ne permettent pas d\u2019obtenir une surcote. Cette majoration est octroy\u00e9e lorsque l\u2019assur\u00e9 d\u00e9passe sa dur\u00e9e d\u2019assurance.<\/p>\n<p>Par ailleurs,\u00a0seuls quatre trimestres AVA sont pris en compte pour <a href=\"https:\/\/www.toutsurmesfinances.com\/retraite\/retraite-anticipee-principe-conditions-demarches.html#Retraite_anticipee_pour_carriere_longue\" target=\"_blank\" rel=\"noopener noreferrer\">la retraite anticip\u00e9e pour carri\u00e8re longue<\/a> (RACL). La RACL est un\u00a0dispositif qui permet aux actifs justifiant de leur dur\u00e9e d\u2019assurance et qui ont commenc\u00e9 \u00e0 travailler jeune de partir plus t\u00f4t \u00e0 la retraite. Depuis le 1<sup>er<\/sup>\u00a0septembre 2023, les assur\u00e9s qui ont tous leurs trimestres dont quatre ou cinq trimestres (selon leur\u00a0mois de naissance) \u00e0 leur 16<sup>\u00e8me<\/sup>\u00a0anniversaire peuvent prendre leur retraite \u00e0 58 ans, \u00e0 60 ans avec quatre ou cinq trimestres\u00a0\u00e0 leur 18<sup>\u00e8me<\/sup>\u00a0anniversaire, 62 ans avec quatre ou cinq trimestres \u00e0 leur 20<sup>\u00e8me<\/sup>\u00a0anniversaire ou \u00e0 63 ans avec quatre ou cinq trimestres \u00e0 leur 21<sup>\u00e8me<\/sup>\u00a0anniversaire.<\/p>\n<p>La dur\u00e9e d\u2019assurance prise en compte pour la RACL est diff\u00e9rente de celle pour un d\u00e9part non anticip\u00e9. Tous les trimestres assimil\u00e9s ne sont pas comptabilis\u00e9s. En ce qui concerne l\u2019AVA, seuls quatre trimestres sont donc compt\u00e9s. Si l\u2019assur\u00e9 a \u00e9galement acquis des trimestres via l\u2019AVPF, seulement quatre trimestres sont l\u00e0 aussi pris en compte au titre \u00e0 la fois de l\u2019AVPF et de l\u2019AVA.<\/p>\n<p>\u00c0 savoir\u202f: les salari\u00e9s aidants peuvent acqu\u00e9rir des points de retraite compl\u00e9mentaire aupr\u00e8s de l\u2019Agirc-Arrco. Les points sont accord\u00e9s, sous conditions, aux salari\u00e9s en cong\u00e9 parental d\u2019\u00e9ducation, en cong\u00e9 de pr\u00e9sence parentale, en cong\u00e9 de solidarit\u00e9 familiale ou en cong\u00e9 de proche aidant\u00a0(CPA). Il faut, en outre, qu\u2019un accord dans l\u2019entreprise pr\u00e9voit\u00a0une telle possibilit\u00e9, car l\u2019employeur prend en charge une partie des cotisations vieillesse compl\u00e9mentaires du salari\u00e9 aidant.<\/p>\n<p><strong>A lire \u00e9galement :<\/strong> <a href=\"https:\/\/www.toutsurmesfinances.com\/retraite\/retraite-des-aidants-familiaux-fonctionnement-cotisations-trimestres.html\" target=\"_blank\" rel=\"noopener noreferrer\">Retraite des aidants familiaux : fonctionnement, cotisations, trimestres<\/a><\/p>\n","protected":false},"excerpt":{"rendered":"<p>Depuis le 1er septembre 2023, les personnes qui arr\u00eatent de travailler ou passent \u00e0 temps partiel pour aider un proche souffrant d\u2019une grave maladie, d\u2019un handicap ou d\u2019une perte d\u2019autonomie, sont affili\u00e9es \u00e0 l\u2019assurance vieillesse des aidants, un nouveau r\u00e9gime cr\u00e9\u00e9 par la derni\u00e8re r\u00e9forme des retraites. <\/p>\n","protected":false},"author":13713,"featured_media":32227,"comment_status":"closed","ping_status":"closed","sticky":false,"template":"","format":"standard","meta":{"footnotes":""},"categories":[24,10],"tags":[],"class_list":["post-31610","post","type-post","status-publish","format-standard","has-post-thumbnail","hentry","category-cotisations-retraite","category-droits"],"acf":[],"yoast_head":"<!-- This site is optimized with the Yoast SEO plugin v24.9 - https:\/\/yoast.com\/wordpress\/plugins\/seo\/ -->\n<title>Assurance vieillesse des aidants (AVA)\u202f: conditions, affiliation, d\u00e9marches<\/title>\n<meta name=\"description\" content=\"Depuis le 1er septembre 2023, les personnes qui arr\u00eatent de travailler ou passent \u00e0 temps partiel pour aider un proche souffrant d\u2019une grave maladie, d\u2019un handicap ou d\u2019une perte d\u2019autonomie, sont affili\u00e9es \u00e0 l\u2019assurance vieillesse des aidants.\" \/>\n<meta name=\"robots\" content=\"index, follow, max-snippet:-1, max-image-preview:large, max-video-preview:-1\" \/>\n<link rel=\"canonical\" href=\"https:\/\/www.toutsurmesfinances.com\/retraite\/assurance-vieillesse-des-aidants-ava\u202f-le-regime-de-retraite-pour-les-proches-aidants.html\" \/>\n<meta property=\"og:locale\" content=\"fr_FR\" \/>\n<meta property=\"og:type\" content=\"article\" \/>\n<meta property=\"og:title\" content=\"Assurance vieillesse des aidants (AVA)\u202f: conditions, affiliation, d\u00e9marches\" \/>\n<meta property=\"og:description\" content=\"Depuis le 1er septembre 2023, les personnes qui arr\u00eatent de travailler ou passent \u00e0 temps partiel pour aider un proche souffrant d\u2019une grave maladie, d\u2019un handicap ou d\u2019une perte d\u2019autonomie, sont affili\u00e9es \u00e0 l\u2019assurance vieillesse des aidants.\" \/>\n<meta property=\"og:url\" content=\"https:\/\/www.toutsurmesfinances.com\/retraite\/assurance-vieillesse-des-aidants-ava\u202f-le-regime-de-retraite-pour-les-proches-aidants.html\" \/>\n<meta property=\"og:site_name\" content=\"Retraite\" \/>\n<meta property=\"article:published_time\" content=\"2023-09-18T16:46:48+00:00\" \/>\n<meta property=\"article:modified_time\" content=\"2026-03-20T11:21:21+00:00\" \/>\n<meta property=\"og:image\" content=\"https:\/\/www.toutsurmesfinances.com\/retraite\/wp-content\/uploads\/sites\/4\/2025\/04\/image-retraite-droits.jpg\" \/>\n\t<meta property=\"og:image:width\" content=\"600\" \/>\n\t<meta property=\"og:image:height\" content=\"400\" \/>\n\t<meta property=\"og:image:type\" content=\"image\/jpeg\" \/>\n<meta name=\"author\" content=\"Jean-Philippe Dubosc\" \/>\n<meta name=\"twitter:card\" content=\"summary_large_image\" \/>\n<meta name=\"twitter:creator\" content=\"@Toutsur\" \/>\n<meta name=\"twitter:site\" content=\"@Toutsur\" \/>\n<meta name=\"twitter:label1\" content=\"\u00c9crit par\" \/>\n\t<meta name=\"twitter:data1\" content=\"Jean-Philippe Dubosc\" \/>\n\t<meta name=\"twitter:label2\" content=\"Dur\u00e9e de lecture estim\u00e9e\" \/>\n\t<meta name=\"twitter:data2\" content=\"13 minutes\" \/>\n<script type=\"application\/ld+json\" class=\"yoast-schema-graph\">{\"@context\":\"https:\/\/schema.org\",\"@graph\":[{\"@type\":\"Article\",\"@id\":\"https:\/\/www.toutsurmesfinances.com\/retraite\/assurance-vieillesse-des-aidants-ava%e2%80%af-le-regime-de-retraite-pour-les-proches-aidants.html#article\",\"isPartOf\":{\"@id\":\"https:\/\/www.toutsurmesfinances.com\/retraite\/assurance-vieillesse-des-aidants-ava%e2%80%af-le-regime-de-retraite-pour-les-proches-aidants.html\"},\"author\":{\"name\":\"Jean-Philippe Dubosc\",\"@id\":\"https:\/\/www.toutsurmesfinances.com\/retraite\/#\/schema\/person\/addc9e9b3978fa7947ead71bab57694c\"},\"headline\":\"Assurance vieillesse des aidants (AVA)\u202f: le r\u00e9gime de retraite pour les proches aidants\",\"dateModified\":\"2026-03-20T11:21:21+00:00\",\"mainEntityOfPage\":{\"@id\":\"https:\/\/www.toutsurmesfinances.com\/retraite\/assurance-vieillesse-des-aidants-ava%e2%80%af-le-regime-de-retraite-pour-les-proches-aidants.html\"},\"wordCount\":2778,\"publisher\":{\"@id\":\"https:\/\/www.toutsurmesfinances.com\/retraite\/#organization\"},\"image\":{\"@id\":\"https:\/\/www.toutsurmesfinances.com\/retraite\/assurance-vieillesse-des-aidants-ava%e2%80%af-le-regime-de-retraite-pour-les-proches-aidants.html#primaryimage\"},\"thumbnailUrl\":\"https:\/\/www.toutsurmesfinances.com\/retraite\/wp-content\/uploads\/sites\/4\/2025\/04\/image-retraite-droits.jpg\",\"articleSection\":[\"Cotisations retraite\",\"Droits\"],\"inLanguage\":\"fr-FR\"},{\"@type\":\"WebPage\",\"@id\":\"https:\/\/www.toutsurmesfinances.com\/retraite\/assurance-vieillesse-des-aidants-ava%e2%80%af-le-regime-de-retraite-pour-les-proches-aidants.html\",\"url\":\"https:\/\/www.toutsurmesfinances.com\/retraite\/assurance-vieillesse-des-aidants-ava%e2%80%af-le-regime-de-retraite-pour-les-proches-aidants.html\",\"name\":\"Assurance vieillesse des aidants (AVA)\u202f: conditions, affiliation, d\u00e9marches\",\"isPartOf\":{\"@id\":\"https:\/\/www.toutsurmesfinances.com\/retraite\/#website\"},\"primaryImageOfPage\":{\"@id\":\"https:\/\/www.toutsurmesfinances.com\/retraite\/assurance-vieillesse-des-aidants-ava%e2%80%af-le-regime-de-retraite-pour-les-proches-aidants.html#primaryimage\"},\"image\":{\"@id\":\"https:\/\/www.toutsurmesfinances.com\/retraite\/assurance-vieillesse-des-aidants-ava%e2%80%af-le-regime-de-retraite-pour-les-proches-aidants.html#primaryimage\"},\"thumbnailUrl\":\"https:\/\/www.toutsurmesfinances.com\/retraite\/wp-content\/uploads\/sites\/4\/2025\/04\/image-retraite-droits.jpg\",\"dateModified\":\"2026-03-20T11:21:21+00:00\",\"description\":\"Depuis le 1er septembre 2023, les personnes qui arr\u00eatent de travailler ou passent \u00e0 temps partiel pour aider un proche souffrant d\u2019une grave maladie, d\u2019un handicap ou d\u2019une perte d\u2019autonomie, sont affili\u00e9es \u00e0 l\u2019assurance vieillesse des aidants.\",\"breadcrumb\":{\"@id\":\"https:\/\/www.toutsurmesfinances.com\/retraite\/assurance-vieillesse-des-aidants-ava%e2%80%af-le-regime-de-retraite-pour-les-proches-aidants.html#breadcrumb\"},\"inLanguage\":\"fr-FR\",\"potentialAction\":[{\"@type\":\"ReadAction\",\"target\":[\"https:\/\/www.toutsurmesfinances.com\/retraite\/assurance-vieillesse-des-aidants-ava%e2%80%af-le-regime-de-retraite-pour-les-proches-aidants.html\"]}]},{\"@type\":\"ImageObject\",\"inLanguage\":\"fr-FR\",\"@id\":\"https:\/\/www.toutsurmesfinances.com\/retraite\/assurance-vieillesse-des-aidants-ava%e2%80%af-le-regime-de-retraite-pour-les-proches-aidants.html#primaryimage\",\"url\":\"https:\/\/www.toutsurmesfinances.com\/retraite\/wp-content\/uploads\/sites\/4\/2025\/04\/image-retraite-droits.jpg\",\"contentUrl\":\"https:\/\/www.toutsurmesfinances.com\/retraite\/wp-content\/uploads\/sites\/4\/2025\/04\/image-retraite-droits.jpg\",\"width\":600,\"height\":400},{\"@type\":\"BreadcrumbList\",\"@id\":\"https:\/\/www.toutsurmesfinances.com\/retraite\/assurance-vieillesse-des-aidants-ava%e2%80%af-le-regime-de-retraite-pour-les-proches-aidants.html#breadcrumb\",\"itemListElement\":[{\"@type\":\"ListItem\",\"position\":1,\"name\":\"Accueil\",\"item\":\"https:\/\/www.toutsurmesfinances.com\/retraite\/\"},{\"@type\":\"ListItem\",\"position\":2,\"name\":\"Droits\",\"item\":\"https:\/\/www.toutsurmesfinances.com\/retraite\/c\/droits\"},{\"@type\":\"ListItem\",\"position\":3,\"name\":\"Assurance vieillesse des aidants (AVA)\u202f: le r\u00e9gime de retraite pour les proches aidants\"}]},{\"@type\":\"WebSite\",\"@id\":\"https:\/\/www.toutsurmesfinances.com\/retraite\/#website\",\"url\":\"https:\/\/www.toutsurmesfinances.com\/retraite\/\",\"name\":\"Retraite\",\"description\":\"\",\"publisher\":{\"@id\":\"https:\/\/www.toutsurmesfinances.com\/retraite\/#organization\"},\"potentialAction\":[{\"@type\":\"SearchAction\",\"target\":{\"@type\":\"EntryPoint\",\"urlTemplate\":\"https:\/\/www.toutsurmesfinances.com\/retraite\/?s={search_term_string}\"},\"query-input\":{\"@type\":\"PropertyValueSpecification\",\"valueRequired\":true,\"valueName\":\"search_term_string\"}}],\"inLanguage\":\"fr-FR\"},{\"@type\":\"Organization\",\"@id\":\"https:\/\/www.toutsurmesfinances.com\/retraite\/#organization\",\"name\":\"Tout Sur Mes Finances\",\"url\":\"https:\/\/www.toutsurmesfinances.com\/retraite\/\",\"logo\":{\"@type\":\"ImageObject\",\"inLanguage\":\"fr-FR\",\"@id\":\"https:\/\/www.toutsurmesfinances.com\/retraite\/#\/schema\/logo\/image\/\",\"url\":\"https:\/\/www.toutsurmesfinances.com\/retraite\/wp-content\/uploads\/sites\/4\/2021\/01\/favicon.png\",\"contentUrl\":\"https:\/\/www.toutsurmesfinances.com\/retraite\/wp-content\/uploads\/sites\/4\/2021\/01\/favicon.png\",\"width\":512,\"height\":512,\"caption\":\"Tout Sur Mes Finances\"},\"image\":{\"@id\":\"https:\/\/www.toutsurmesfinances.com\/retraite\/#\/schema\/logo\/image\/\"},\"sameAs\":[\"https:\/\/x.com\/Toutsur\"]},{\"@type\":\"Person\",\"@id\":\"https:\/\/www.toutsurmesfinances.com\/retraite\/#\/schema\/person\/addc9e9b3978fa7947ead71bab57694c\",\"name\":\"Jean-Philippe Dubosc\",\"image\":{\"@type\":\"ImageObject\",\"inLanguage\":\"fr-FR\",\"@id\":\"https:\/\/www.toutsurmesfinances.com\/retraite\/#\/schema\/person\/image\/\",\"url\":\"https:\/\/secure.gravatar.com\/avatar\/a3cba30cdda1afe79f6ebffc6e952291?s=96&d=mm&r=g\",\"contentUrl\":\"https:\/\/secure.gravatar.com\/avatar\/a3cba30cdda1afe79f6ebffc6e952291?s=96&d=mm&r=g\",\"caption\":\"Jean-Philippe Dubosc\"},\"description\":\"Jean-Philippe Dubosc est r\u00e9dacteur en chef de ToutSurMesFinances.com et sp\u00e9cialiste des questions de retraite obligatoire et d\u2019\u00e9pargne. Pr\u00e9sent au sein du m\u00e9dia depuis plus de 13 ans, il analyse les r\u00e9formes, les dispositifs r\u00e9glementaires et les strat\u00e9gies de d\u00e9part \u00e0 la retraite, avec une approche fond\u00e9e sur une lecture rigoureuse des textes et une connaissance approfondie des diff\u00e9rents r\u00e9gimes de retraite.\",\"sameAs\":[\"https:\/\/www.toutsurmesfinances.com\/author\/jpdubosc\",\"https:\/\/fr.linkedin.com\/in\/jpdubosc\"]}]}<\/script>\n<!-- \/ Yoast SEO plugin. -->","yoast_head_json":{"title":"Assurance vieillesse des aidants (AVA)\u202f: conditions, affiliation, d\u00e9marches","description":"Depuis le 1er septembre 2023, les personnes qui arr\u00eatent de travailler ou passent \u00e0 temps partiel pour aider un proche souffrant d\u2019une grave maladie, d\u2019un handicap ou d\u2019une perte d\u2019autonomie, sont affili\u00e9es \u00e0 l\u2019assurance vieillesse des aidants.","robots":{"index":"index","follow":"follow","max-snippet":"max-snippet:-1","max-image-preview":"max-image-preview:large","max-video-preview":"max-video-preview:-1"},"canonical":"https:\/\/www.toutsurmesfinances.com\/retraite\/assurance-vieillesse-des-aidants-ava\u202f-le-regime-de-retraite-pour-les-proches-aidants.html","og_locale":"fr_FR","og_type":"article","og_title":"Assurance vieillesse des aidants (AVA)\u202f: conditions, affiliation, d\u00e9marches","og_description":"Depuis le 1er septembre 2023, les personnes qui arr\u00eatent de travailler ou passent \u00e0 temps partiel pour aider un proche souffrant d\u2019une grave maladie, d\u2019un handicap ou d\u2019une perte d\u2019autonomie, sont affili\u00e9es \u00e0 l\u2019assurance vieillesse des aidants.","og_url":"https:\/\/www.toutsurmesfinances.com\/retraite\/assurance-vieillesse-des-aidants-ava\u202f-le-regime-de-retraite-pour-les-proches-aidants.html","og_site_name":"Retraite","article_published_time":"2023-09-18T16:46:48+00:00","article_modified_time":"2026-03-20T11:21:21+00:00","og_image":[{"width":600,"height":400,"url":"https:\/\/www.toutsurmesfinances.com\/retraite\/wp-content\/uploads\/sites\/4\/2025\/04\/image-retraite-droits.jpg","type":"image\/jpeg"}],"author":"Jean-Philippe Dubosc","twitter_card":"summary_large_image","twitter_creator":"@Toutsur","twitter_site":"@Toutsur","twitter_misc":{"\u00c9crit par":"Jean-Philippe Dubosc","Dur\u00e9e de lecture estim\u00e9e":"13 minutes"},"schema":{"@context":"https:\/\/schema.org","@graph":[{"@type":"Article","@id":"https:\/\/www.toutsurmesfinances.com\/retraite\/assurance-vieillesse-des-aidants-ava%e2%80%af-le-regime-de-retraite-pour-les-proches-aidants.html#article","isPartOf":{"@id":"https:\/\/www.toutsurmesfinances.com\/retraite\/assurance-vieillesse-des-aidants-ava%e2%80%af-le-regime-de-retraite-pour-les-proches-aidants.html"},"author":{"name":"Jean-Philippe Dubosc","@id":"https:\/\/www.toutsurmesfinances.com\/retraite\/#\/schema\/person\/addc9e9b3978fa7947ead71bab57694c"},"headline":"Assurance vieillesse des aidants (AVA)\u202f: le r\u00e9gime de retraite pour les proches aidants","dateModified":"2026-03-20T11:21:21+00:00","mainEntityOfPage":{"@id":"https:\/\/www.toutsurmesfinances.com\/retraite\/assurance-vieillesse-des-aidants-ava%e2%80%af-le-regime-de-retraite-pour-les-proches-aidants.html"},"wordCount":2778,"publisher":{"@id":"https:\/\/www.toutsurmesfinances.com\/retraite\/#organization"},"image":{"@id":"https:\/\/www.toutsurmesfinances.com\/retraite\/assurance-vieillesse-des-aidants-ava%e2%80%af-le-regime-de-retraite-pour-les-proches-aidants.html#primaryimage"},"thumbnailUrl":"https:\/\/www.toutsurmesfinances.com\/retraite\/wp-content\/uploads\/sites\/4\/2025\/04\/image-retraite-droits.jpg","articleSection":["Cotisations retraite","Droits"],"inLanguage":"fr-FR"},{"@type":"WebPage","@id":"https:\/\/www.toutsurmesfinances.com\/retraite\/assurance-vieillesse-des-aidants-ava%e2%80%af-le-regime-de-retraite-pour-les-proches-aidants.html","url":"https:\/\/www.toutsurmesfinances.com\/retraite\/assurance-vieillesse-des-aidants-ava%e2%80%af-le-regime-de-retraite-pour-les-proches-aidants.html","name":"Assurance vieillesse des aidants (AVA)\u202f: conditions, affiliation, d\u00e9marches","isPartOf":{"@id":"https:\/\/www.toutsurmesfinances.com\/retraite\/#website"},"primaryImageOfPage":{"@id":"https:\/\/www.toutsurmesfinances.com\/retraite\/assurance-vieillesse-des-aidants-ava%e2%80%af-le-regime-de-retraite-pour-les-proches-aidants.html#primaryimage"},"image":{"@id":"https:\/\/www.toutsurmesfinances.com\/retraite\/assurance-vieillesse-des-aidants-ava%e2%80%af-le-regime-de-retraite-pour-les-proches-aidants.html#primaryimage"},"thumbnailUrl":"https:\/\/www.toutsurmesfinances.com\/retraite\/wp-content\/uploads\/sites\/4\/2025\/04\/image-retraite-droits.jpg","dateModified":"2026-03-20T11:21:21+00:00","description":"Depuis le 1er septembre 2023, les personnes qui arr\u00eatent de travailler ou passent \u00e0 temps partiel pour aider un proche souffrant d\u2019une grave maladie, d\u2019un handicap ou d\u2019une perte d\u2019autonomie, sont affili\u00e9es \u00e0 l\u2019assurance vieillesse des aidants.","breadcrumb":{"@id":"https:\/\/www.toutsurmesfinances.com\/retraite\/assurance-vieillesse-des-aidants-ava%e2%80%af-le-regime-de-retraite-pour-les-proches-aidants.html#breadcrumb"},"inLanguage":"fr-FR","potentialAction":[{"@type":"ReadAction","target":["https:\/\/www.toutsurmesfinances.com\/retraite\/assurance-vieillesse-des-aidants-ava%e2%80%af-le-regime-de-retraite-pour-les-proches-aidants.html"]}]},{"@type":"ImageObject","inLanguage":"fr-FR","@id":"https:\/\/www.toutsurmesfinances.com\/retraite\/assurance-vieillesse-des-aidants-ava%e2%80%af-le-regime-de-retraite-pour-les-proches-aidants.html#primaryimage","url":"https:\/\/www.toutsurmesfinances.com\/retraite\/wp-content\/uploads\/sites\/4\/2025\/04\/image-retraite-droits.jpg","contentUrl":"https:\/\/www.toutsurmesfinances.com\/retraite\/wp-content\/uploads\/sites\/4\/2025\/04\/image-retraite-droits.jpg","width":600,"height":400},{"@type":"BreadcrumbList","@id":"https:\/\/www.toutsurmesfinances.com\/retraite\/assurance-vieillesse-des-aidants-ava%e2%80%af-le-regime-de-retraite-pour-les-proches-aidants.html#breadcrumb","itemListElement":[{"@type":"ListItem","position":1,"name":"Accueil","item":"https:\/\/www.toutsurmesfinances.com\/retraite\/"},{"@type":"ListItem","position":2,"name":"Droits","item":"https:\/\/www.toutsurmesfinances.com\/retraite\/c\/droits"},{"@type":"ListItem","position":3,"name":"Assurance vieillesse des aidants (AVA)\u202f: le r\u00e9gime de retraite pour les proches aidants"}]},{"@type":"WebSite","@id":"https:\/\/www.toutsurmesfinances.com\/retraite\/#website","url":"https:\/\/www.toutsurmesfinances.com\/retraite\/","name":"Retraite","description":"","publisher":{"@id":"https:\/\/www.toutsurmesfinances.com\/retraite\/#organization"},"potentialAction":[{"@type":"SearchAction","target":{"@type":"EntryPoint","urlTemplate":"https:\/\/www.toutsurmesfinances.com\/retraite\/?s={search_term_string}"},"query-input":{"@type":"PropertyValueSpecification","valueRequired":true,"valueName":"search_term_string"}}],"inLanguage":"fr-FR"},{"@type":"Organization","@id":"https:\/\/www.toutsurmesfinances.com\/retraite\/#organization","name":"Tout Sur Mes Finances","url":"https:\/\/www.toutsurmesfinances.com\/retraite\/","logo":{"@type":"ImageObject","inLanguage":"fr-FR","@id":"https:\/\/www.toutsurmesfinances.com\/retraite\/#\/schema\/logo\/image\/","url":"https:\/\/www.toutsurmesfinances.com\/retraite\/wp-content\/uploads\/sites\/4\/2021\/01\/favicon.png","contentUrl":"https:\/\/www.toutsurmesfinances.com\/retraite\/wp-content\/uploads\/sites\/4\/2021\/01\/favicon.png","width":512,"height":512,"caption":"Tout Sur Mes Finances"},"image":{"@id":"https:\/\/www.toutsurmesfinances.com\/retraite\/#\/schema\/logo\/image\/"},"sameAs":["https:\/\/x.com\/Toutsur"]},{"@type":"Person","@id":"https:\/\/www.toutsurmesfinances.com\/retraite\/#\/schema\/person\/addc9e9b3978fa7947ead71bab57694c","name":"Jean-Philippe Dubosc","image":{"@type":"ImageObject","inLanguage":"fr-FR","@id":"https:\/\/www.toutsurmesfinances.com\/retraite\/#\/schema\/person\/image\/","url":"https:\/\/secure.gravatar.com\/avatar\/a3cba30cdda1afe79f6ebffc6e952291?s=96&d=mm&r=g","contentUrl":"https:\/\/secure.gravatar.com\/avatar\/a3cba30cdda1afe79f6ebffc6e952291?s=96&d=mm&r=g","caption":"Jean-Philippe Dubosc"},"description":"Jean-Philippe Dubosc est r\u00e9dacteur en chef de ToutSurMesFinances.com et sp\u00e9cialiste des questions de retraite obligatoire et d\u2019\u00e9pargne. Pr\u00e9sent au sein du m\u00e9dia depuis plus de 13 ans, il analyse les r\u00e9formes, les dispositifs r\u00e9glementaires et les strat\u00e9gies de d\u00e9part \u00e0 la retraite, avec une approche fond\u00e9e sur une lecture rigoureuse des textes et une connaissance approfondie des diff\u00e9rents r\u00e9gimes de retraite.","sameAs":["https:\/\/www.toutsurmesfinances.com\/author\/jpdubosc","https:\/\/fr.linkedin.com\/in\/jpdubosc"]}]}},"_links":{"self":[{"href":"https:\/\/www.toutsurmesfinances.com\/retraite\/wp-json\/wp\/v2\/posts\/31610","targetHints":{"allow":["GET"]}}],"collection":[{"href":"https:\/\/www.toutsurmesfinances.com\/retraite\/wp-json\/wp\/v2\/posts"}],"about":[{"href":"https:\/\/www.toutsurmesfinances.com\/retraite\/wp-json\/wp\/v2\/types\/post"}],"author":[{"embeddable":true,"href":"https:\/\/www.toutsurmesfinances.com\/retraite\/wp-json\/wp\/v2\/users\/13713"}],"replies":[{"embeddable":true,"href":"https:\/\/www.toutsurmesfinances.com\/retraite\/wp-json\/wp\/v2\/comments?post=31610"}],"version-history":[{"count":3,"href":"https:\/\/www.toutsurmesfinances.com\/retraite\/wp-json\/wp\/v2\/posts\/31610\/revisions"}],"predecessor-version":[{"id":32144,"href":"https:\/\/www.toutsurmesfinances.com\/retraite\/wp-json\/wp\/v2\/posts\/31610\/revisions\/32144"}],"wp:featuredmedia":[{"embeddable":true,"href":"https:\/\/www.toutsurmesfinances.com\/retraite\/wp-json\/wp\/v2\/media\/32227"}],"wp:attachment":[{"href":"https:\/\/www.toutsurmesfinances.com\/retraite\/wp-json\/wp\/v2\/media?parent=31610"}],"wp:term":[{"taxonomy":"category","embeddable":true,"href":"https:\/\/www.toutsurmesfinances.com\/retraite\/wp-json\/wp\/v2\/categories?post=31610"},{"taxonomy":"post_tag","embeddable":true,"href":"https:\/\/www.toutsurmesfinances.com\/retraite\/wp-json\/wp\/v2\/tags?post=31610"}],"curies":[{"name":"wp","href":"https:\/\/api.w.org\/{rel}","templated":true}]}}