{"id":31646,"date":"2023-10-04T17:16:37","date_gmt":"2023-10-04T15:16:37","guid":{"rendered":"https:\/\/www.toutsurmesfinances.com\/retraite\/?p=31646"},"modified":"2025-12-23T09:07:23","modified_gmt":"2025-12-23T08:07:23","slug":"pension-dorphelin-ce-que-prevoient-les-regimes-de-retraite-pour-les-enfants-dont-le-pere-la-mere-ou-les-deux-parents-sont-decedes","status":"publish","type":"post","link":"https:\/\/www.toutsurmesfinances.com\/retraite\/pension-dorphelin-ce-que-prevoient-les-regimes-de-retraite-pour-les-enfants-dont-le-pere-la-mere-ou-les-deux-parents-sont-decedes.html","title":{"rendered":"Pension d\u2019orphelin : ce que pr\u00e9voient les r\u00e9gimes de retraite pour les enfants dont le p\u00e8re, la m\u00e8re ou les deux parents sont d\u00e9c\u00e9d\u00e9s"},"content":{"rendered":"<h2><span class=\"ez-toc-section\" id=\"Quest-ce_que_la_pension_dorphelin\"><\/span>Qu\u2019est-ce que la pension d\u2019orphelin ?<span class=\"ez-toc-section-end\"><\/span><\/h2>\n<p><strong>La pension d\u2019orphelin est une prestation attribu\u00e9e aux enfants qui, selon les r\u00e9gimes de retraite concern\u00e9s, ont perdu leur p\u00e8re, leur m\u00e8re ou leurs deux parents<\/strong>. <strong>Son montant correspond g\u00e9n\u00e9ralement \u00e0 une fraction de la retraite que le parent d\u00e9c\u00e9d\u00e9 touchait ou aurait d\u00fb toucher s\u2019il \u00e9tait parti \u00e0 la retraite. <\/strong>La pension d\u2019orphelin est vers\u00e9e sous condition d\u2019\u00e2ge et quelque fois de ressources.<\/p>\n<p>Au final, 17 r\u00e9gimes fran\u00e7ais de retraite proposent une pension d\u2019orphelin sur les 42 r\u00e9gimes existants. Chaque r\u00e9gime de retraite a plus ou moins ses propres r\u00e8gles d\u2019attribution. Les pensions d\u2019orphelin peuvent se cumuler. Ainsi, un enfant peut toucher une pension pour le d\u00e9c\u00e8s de son p\u00e8re et une autre pour le d\u00e9c\u00e8s de sa m\u00e8re.<\/p>\n<h2><span class=\"ez-toc-section\" id=\"Reforme_des_retraites_2023_et_pension_dorphelin\"><\/span>R\u00e9forme des retraites 2023 et pension d\u2019orphelin<span class=\"ez-toc-section-end\"><\/span><\/h2>\n<p><strong>La <a href=\"https:\/\/www.toutsurmesfinances.com\/retraite\/reforme-des-retraites-macron-2017-programme-calendrier.html\" target=\"_blank\" rel=\"noopener noreferrer\">r\u00e9forme des retraites, publi\u00e9e le 15 avril 2023 au <em>Journal Officiel<\/em><\/a> et entr\u00e9e en vigueur depuis le 1<sup>er<\/sup> septembre 2023, instaure une pension d\u2019orphelin pour les enfants des salari\u00e9s des entreprises et associations affili\u00e9s \u00e0 l\u2019Assurance retraite et des enfants des salari\u00e9s agricoles (travaillant dans une exploitation agricole, une coop\u00e9rative agricole, une mutuelle agricole ou une industrie agroalimentaire) affili\u00e9s \u00e0 la Mutualit\u00e9 sociale agricole (MSA) d\u00e9c\u00e9d\u00e9s<\/strong>.<\/p>\n<p>Les orphelins de p\u00e8re et de m\u00e8re per\u00e7oivent, au d\u00e9c\u00e8s de leur dernier parent survivant survenu depuis le 1<sup>er<\/sup> septembre 2023, 54% de la retraite de base de leur p\u00e8re, de leur m\u00e8re ou de leurs deux parents d\u00e8s lors qu\u2019au moins l\u2019un des parents d\u00e9funts \u00e9tait affili\u00e9 \u00e0 l\u2019Assurance retraite ou \u00e0 la MSA. Dans une fratrie, la pension d\u2019orphelin est servie \u00e0 parts \u00e9gales entre les fr\u00e8res et s\u0153urs, sachant que la prestation ne peut \u00eatre inf\u00e9rieure \u00e0 107,61 euros par mois depuis le 1er janvier 2025, et \u00e0 <strong>108,57 euros par mois \u00e0 compter du 1er janvier 2026.<\/strong><\/p>\n<p>La pension est vers\u00e9e jusqu\u2019aux 25 ans de l\u2019orphelin ou sans limite d\u2019\u00e2ge, s\u2019il souffre d\u2019un taux d\u2019invalidit\u00e9 d\u2019au moins 80% avant ses 21 ans. Elle est vers\u00e9e sans condition de ressources jusqu&rsquo;aux 21 ans de l&rsquo;enfant. \u00c0 partir de cet \u00e2ge, l\u2019orphelin doit justifier d\u2019un revenu annuel inf\u00e9rieur \u00e0 l&rsquo;\u00e9quivalent de 55% du <a href=\"https:\/\/www.toutsurmesfinances.com\/argent\/a\/smic-brut-net-montants-taux-et-revalorisation\" target=\"_blank\" rel=\"noopener noreferrer\">Smic<\/a> brut horaire x 169 x 12 (13.250,95 euros en 2025<strong>, 13.407,10 euros en 2026<\/strong>).<\/p>\n<p>La pension d&rsquo;orphelin a \u00e9t\u00e9 \u00e9tendue, depuis le 9 juillet 2024, aux enfants d&rsquo;artisans et de commer\u00e7ants d\u00e9c\u00e9d\u00e9s affili\u00e9s \u00e0 l&rsquo;Assurance retraite. Depuis le 22 f\u00e9vrier 2025, elle s&rsquo;applique \u00e9galement aux orphelins des exploitants agricoles affili\u00e9s \u00e0 la MSA.<\/p>\n<h2><span class=\"ez-toc-section\" id=\"Tableau_recapitulatif_des_conditions_dattribution_de_la_pension_dorphelin\"><\/span>Tableau r\u00e9capitulatif des conditions d\u2019attribution de la pension d\u2019orphelin<span class=\"ez-toc-section-end\"><\/span><\/h2>\n<div id=\"tablepress-78-scroll-wrapper\" class=\"tablepress-scroll-wrapper\">\n\n<table id=\"tablepress-78\" class=\"tablepress tablepress-id-78 tablepress-responsive\">\n<thead>\n<tr class=\"row-1 odd\">\n\t<th class=\"column-1\"><strong>Caisse de retraite<\/strong><\/th><th class=\"column-2\"><strong>1 parent d\u00e9c\u00e9d\u00e9<\/strong><\/th><th class=\"column-3\"><strong>2 parents d\u00e9c\u00e9d\u00e9s <\/strong><\/th><th class=\"column-4\"><strong>Limite d\u2019\u00e2ge (hors infirmit\u00e9 et handicap)<\/strong><\/th><th class=\"column-5\"><strong>Montant de la pension <\/strong><\/th><th class=\"column-6\"><strong>Cumul avec la pension de r\u00e9version<\/strong><\/th>\n<\/tr>\n<\/thead>\n<tbody class=\"row-hover\">\n<tr class=\"row-2 even\">\n\t<td class=\"column-1\">Assurance retraite (retraite de base des salari\u00e9s des entreprises et associations, contractuels, artistes-auteurs<\/td><td class=\"column-2\">\u00a0<\/td><td class=\"column-3\"><i class=\"fas fa-check\" style=\"color:green;font-size:30px\"><\/i><\/td><td class=\"column-4\">25 ans (avec condition de ressources)<\/td><td class=\"column-5\">54% de la retraite du parent d\u00e9funt<\/td><td class=\"column-6\">\u00a0<\/td>\n<\/tr>\n<tr class=\"row-3 odd\">\n\t<td class=\"column-1\">MSA (retraite de base des salari\u00e9s agricoles et chefs d\u2019exploitation)<\/td><td class=\"column-2\">\u00a0<\/td><td class=\"column-3\"><i class=\"fas fa-check\" style=\"color:green;font-size:30px\"><\/i><\/td><td class=\"column-4\">25 ans (avec condition de ressources)<\/td><td class=\"column-5\">54% de la retraite de base du parent d\u00e9funt<\/td><td class=\"column-6\">\u00a0<\/td>\n<\/tr>\n<tr class=\"row-4 even\">\n\t<td class=\"column-1\">Agirc-Arrco (retraite compl\u00e9mentaire de tous les salari\u00e9s du priv\u00e9)<\/td><td class=\"column-2\">\u00a0<\/td><td class=\"column-3\"><i class=\"fas fa-check\" style=\"color:green;font-size:30px\"><\/i><\/td><td class=\"column-4\">21 ans, 25 ans si l\u2019orphelin \u00e9tait \u00e0 la charge du dernier parent d\u00e9c\u00e9d\u00e9<\/td><td class=\"column-5\">50% de la retraite compl\u00e9mentaire du parent d\u00e9funt<\/td><td class=\"column-6\">\u00a0<\/td>\n<\/tr>\n<tr class=\"row-5 odd\">\n\t<td class=\"column-1\">Ircantec (retraite compl\u00e9mentaire des contractuels)<\/td><td class=\"column-2\">\u00a0<\/td><td class=\"column-3\"><i class=\"fas fa-check\" style=\"color:green;font-size:30px\"><\/i><\/td><td class=\"column-4\">21 ans<\/td><td class=\"column-5\">20% des points de retraite compl\u00e9mentaire du parent d\u00e9funt<\/td><td class=\"column-6\">\u00a0<\/td>\n<\/tr>\n<tr class=\"row-6 even\">\n\t<td class=\"column-1\">SRE (retraite de base des fonctionnaires civils d\u2019\u00c9tat, militaires et magistrats)<\/td><td class=\"column-2\"><i class=\"fas fa-check\" style=\"color:green;font-size:30px\"><\/i><\/td><td class=\"column-3\"><i class=\"fas fa-check\" style=\"color:green;font-size:30px\"><\/i><\/td><td class=\"column-4\">21 ans<\/td><td class=\"column-5\">10% de la retraite de base du parent d\u00e9funt<\/td><td class=\"column-6\"><i class=\"fas fa-check\" style=\"color:green;font-size:30px\"><\/i><\/td>\n<\/tr>\n<tr class=\"row-7 odd\">\n\t<td class=\"column-1\">CNRACL (retraite de base des fonctionnaires territoriaux et hospitaliers)<\/td><td class=\"column-2\"><i class=\"fas fa-check\" style=\"color:green;font-size:30px\"><\/i><\/td><td class=\"column-3\"><i class=\"fas fa-check\" style=\"color:green;font-size:30px\"><\/i><\/td><td class=\"column-4\">21 ans<\/td><td class=\"column-5\">10% de la retraite de base du parent d\u00e9funt<\/td><td class=\"column-6\"><i class=\"fas fa-check\" style=\"color:green;font-size:30px\"><\/i><\/td>\n<\/tr>\n<tr class=\"row-8 even\">\n\t<td class=\"column-1\">RAFP (retraite additionnelle de tous les fonctionnaires)<\/td><td class=\"column-2\"><i class=\"fas fa-check\" style=\"color:green;font-size:30px\"><\/i><\/td><td class=\"column-3\">\u00a0<\/td><td class=\"column-4\">21 ans<\/td><td class=\"column-5\">10% de la retraite additionnelle du parent d\u00e9funt<\/td><td class=\"column-6\">\u00a0<\/td>\n<\/tr>\n<tr class=\"row-9 odd\">\n\t<td class=\"column-1\">CNIEG (retraite agents des industries \u00e9lectriques et gazi\u00e8res recrut\u00e9s avant le 1<sup>er<\/sup>\/09\/2023)<\/td><td class=\"column-2\">\u00a0<\/td><td class=\"column-3\"><i class=\"fas fa-check\" style=\"color:green;font-size:30px\"><\/i><\/td><td class=\"column-4\">21 ans<\/td><td class=\"column-5\">10% du salaire ou de la retraite du parent d\u00e9funt<\/td><td class=\"column-6\"><i class=\"fas fa-check\" style=\"color:green;font-size:30px\"><\/i><\/td>\n<\/tr>\n<tr class=\"row-10 even\">\n\t<td class=\"column-1\">CPRPSNCF (retraite des agents de la SNCF recrut\u00e9s avant le 1<sup>er<\/sup>\/01\/2020)<\/td><td class=\"column-2\"><i class=\"fas fa-check\" style=\"color:green;font-size:30px\"><\/i><\/td><td class=\"column-3\"><i class=\"fas fa-check\" style=\"color:green;font-size:30px\"><\/i><\/td><td class=\"column-4\">21 ans<\/td><td class=\"column-5\">10% de la retraite du parent d\u00e9funt<\/td><td class=\"column-6\"><i class=\"fas fa-check\" style=\"color:green;font-size:30px\"><\/i><\/td>\n<\/tr>\n<tr class=\"row-11 odd\">\n\t<td class=\"column-1\">CRP RATP (retraite des agents de la RATP recrut\u00e9s avant le 1<sup>er\/<\/sup>09\/2023)<\/td><td class=\"column-2\"><i class=\"fas fa-check\" style=\"color:green;font-size:30px\"><\/i><\/td><td class=\"column-3\">\u00a0<\/td><td class=\"column-4\">21 ans<\/td><td class=\"column-5\">10% de la retraite du parent d\u00e9funt<\/td><td class=\"column-6\"><i class=\"fas fa-check\" style=\"color:green;font-size:30px\"><\/i><\/td>\n<\/tr>\n<tr class=\"row-12 even\">\n\t<td class=\"column-1\">CNBF (retraite des avocats)<\/td><td class=\"column-2\"><i class=\"fas fa-check\" style=\"color:green;font-size:30px\"><\/i><\/td><td class=\"column-3\">\u00a0<\/td><td class=\"column-4\">21 ans, 25 ans si l\u2019orphelin suit des \u00e9tudes<\/td><td class=\"column-5\">25% de la retraite de base enti\u00e8re (\u00e0 taux plein) + 25% de la retraite compl\u00e9mentaire du parent d\u00e9funt<br \/>\n<br \/>\n\u00a0<\/td><td class=\"column-6\">\u00a0<\/td>\n<\/tr>\n<tr class=\"row-13 odd\">\n\t<td class=\"column-1\">CAVEC (retraite compl\u00e9mentaire des experts-comptables)<\/td><td class=\"column-2\"><i class=\"fas fa-check\" style=\"color:green;font-size:30px\"><\/i><\/td><td class=\"column-3\">\u00a0<\/td><td class=\"column-4\">25 ans<\/td><td class=\"column-5\">En fonction de la classe de cotisation choisie par le parent d\u00e9funt de son vivant<\/td><td class=\"column-6\">\u00a0<\/td>\n<\/tr>\n<tr class=\"row-14 even\">\n\t<td class=\"column-1\">CIPAV (retraite compl\u00e9mentaires des professions lib\u00e9rales non r\u00e9glement\u00e9es)<\/td><td class=\"column-2\"><i class=\"fas fa-check\" style=\"color:green;font-size:30px\"><\/i><\/td><td class=\"column-3\">\u00a0<\/td><td class=\"column-4\">21 ans, 25 ans si l\u2019orphelin suit des \u00e9tudes<\/td><td class=\"column-5\">En fonction de la classe de cotisation choisie par le parent d\u00e9funt de son vivant<\/td><td class=\"column-6\">\u00a0<\/td>\n<\/tr>\n<tr class=\"row-15 odd\">\n\t<td class=\"column-1\">CRPN (retraite compl\u00e9mentaires des pilotes de ligne, h\u00f4tesses et stewards)<\/td><td class=\"column-2\"><i class=\"fas fa-check\" style=\"color:green;font-size:30px\"><\/i><\/td><td class=\"column-3\"><i class=\"fas fa-check\" style=\"color:green;font-size:30px\"><\/i><\/td><td class=\"column-4\">21 ans<\/td><td class=\"column-5\">12% de la retraite compl\u00e9mentaire au d\u00e9c\u00e8s d\u2019un parent, 50% au d\u00e9c\u00e8s des deux parents, 72% si l\u2019orphelin est atteint d\u2019une infirmit\u00e9 permanente<\/td><td class=\"column-6\">\u00a0<\/td>\n<\/tr>\n<tr class=\"row-16 even\">\n\t<td class=\"column-1\">\u00c9nim (retraite des marins)<\/td><td class=\"column-2\"><i class=\"fas fa-check\" style=\"color:green;font-size:30px\"><\/i><\/td><td class=\"column-3\">\u00a0<\/td><td class=\"column-4\">16 ans, 18 ans si l\u2019orphelin est apprenti, 21 ans s\u2019il est \u00e9tudiant<\/td><td class=\"column-5\">10% de la retraite du parent d\u00e9funt<\/td><td class=\"column-6\">\u00a0<\/td>\n<\/tr>\n<tr class=\"row-17 odd\">\n\t<td class=\"column-1\">CRPCN (employ\u00e9s et clercs de notaires recrut\u00e9s avant le 1<sup>er<\/sup>\/09\/2023)<\/td><td class=\"column-2\">\u00a0<\/td><td class=\"column-3\"><i class=\"fas fa-check\" style=\"color:green;font-size:30px\"><\/i><\/td><td class=\"column-4\">21 ans<\/td><td class=\"column-5\">10% de la retraite du parent d\u00e9funt<\/td><td class=\"column-6\">\u00a0<\/td>\n<\/tr>\n<tr class=\"row-18 even\">\n\t<td class=\"column-1\">CROPERA (agents et danseurs de l\u2019Op\u00e9ra de Paris)<\/td><td class=\"column-2\"><i class=\"fas fa-check\" style=\"color:green;font-size:30px\"><\/i><\/td><td class=\"column-3\">\u00a0<\/td><td class=\"column-4\">21 ans<\/td><td class=\"column-5\">10% de la retraite du parent d\u00e9funt<\/td><td class=\"column-6\"><i class=\"fas fa-check\" style=\"color:green;font-size:30px\"><\/i><\/td>\n<\/tr>\n<\/tbody>\n<\/table>\n\n<\/div><!-- #tablepress-78 from cache -->\n<h2><span class=\"ez-toc-section\" id=\"Qui_peut_toucher_la_retraite_dun_parent_decede\"><\/span><strong>Qui peut toucher la retraite d\u2019un parent d\u00e9c\u00e9d\u00e9 ?\u00a0<\/strong><span class=\"ez-toc-section-end\"><\/span><\/h2>\n<p>Pour toucher la pension d\u2019orphelin, l\u2019enfant doit avoir perdu, selon les r\u00e9gimes de retraite, son p\u00e8re, sa m\u00e8re et\/ou ses deux parents.<\/p>\n<h3><span class=\"ez-toc-section\" id=\"Les_orphelins_des_deux_parents\"><\/span>Les orphelins des deux parents<span class=\"ez-toc-section-end\"><\/span><\/h3>\n<p><strong>Sont \u00e9ligibles \u00e0 la pension d\u2019orphelin les enfants qui ont perdu leurs deux parents et dont au moins l\u2019un des deux \u00e9tait affili\u00e9<\/strong> \u00e0\u00a0:<\/p>\n<ul>\n<li><strong>l\u2019Assurance retraite<\/strong>, le r\u00e9gime de retraite de base des salari\u00e9s des entreprises et associations, des contractuels de la fonction publique et des artistes-auteurs (les enfants d\u2019artisans et de commer\u00e7ants n\u2019ont pas droit \u00e0 la pension d\u2019orphelin)<\/li>\n<li>la MSA, le r\u00e9gime de retraite de base des salari\u00e9s agricoles et des exploitants agricoles<\/li>\n<li>l\u2019Agirc-Arrco, le r\u00e9gime de retraite compl\u00e9mentaire de tous les salari\u00e9s du secteur priv\u00e9<\/li>\n<li>l\u2019Institution de retraite compl\u00e9mentaire des agents non titulaires de l&rsquo;\u00c9tat et des collectivit\u00e9s publiques (Ircantec), le r\u00e9gime de retraite compl\u00e9mentaire des contractuels de la fonction publique<\/li>\n<li>le Service des retraites de l\u2019\u00c9tat (SRE), le r\u00e9gime de retraite des fonctionnaires civils d\u2019\u00c9tat, des militaires et des magistrats<\/li>\n<li>la Caisse nationale de retraites des agents des collectivit\u00e9s locales (CNRACL), le r\u00e9gime de retraite des fonctionnaires territoriaux et des fonctionnaires hospitaliers<\/li>\n<li>la Caisse nationale des industries \u00e9lectriques et gazi\u00e8res (CNIEG), le r\u00e9gime de retraite des agents d\u2019EDF, d\u2019Engie, d\u2019ERDF, de RTE, de GRT gaz, de GRDF ou d\u2019Enedis recrut\u00e9s avant le 1<sup>er<\/sup> septembre 2023<\/li>\n<li>la Caisse de pr\u00e9voyance et de retraite du personnel de la Soci\u00e9t\u00e9 nationale des chemins de fer (CPRPSNCF), le r\u00e9gime de retraite des agents de la SNCF recrut\u00e9s avant le 1<sup>er<\/sup> janvier 2020<\/li>\n<li>la Caisse de retraite et de pr\u00e9voyance des clercs et employ\u00e9s de notaires (CRPCEN), le r\u00e9gime de retraite des employ\u00e9s et clercs de notaires recrut\u00e9s avant le 1<sup>er<\/sup> septembre 2023.<\/li>\n<\/ul>\n<p>\u00c0 savoir\u00a0: la r\u00e9forme des retraites de 2023 a supprim\u00e9 cinq r\u00e9gimes sp\u00e9ciaux. Les agents des industries \u00e9lectriques et gazi\u00e8res (IEG), de la RATP, de la Banque de France et les employ\u00e9s et clercs de notaires, recrut\u00e9s depuis le 1<sup>er<\/sup> septembre 2023, ont d\u00e9sormais le statut de salari\u00e9 du priv\u00e9 et sont affili\u00e9s, \u00e0 ce titre, \u00e0 l\u2019Assurance retraite pour la retraite de base et \u00e0 l\u2019Agirc-Arrco pour la retraite compl\u00e9mentaire. Leurs enfants sont donc potentiellement \u00e9ligibles \u00e0 la pension d\u2019orphelin de l\u2019Assurance retraite et \u00e0 celle de l\u2019Agirc-Arrco.<\/p>\n<p>Les agents du Conseil \u00e9conomique, social et environnemental (Cese), recrut\u00e9s depuis le 1<sup>er<\/sup> septembre 2023, sont, eux, consid\u00e9r\u00e9s comme des contractuels de la fonction publique et donc affili\u00e9s \u00e0 l\u2019Assurance retraite pour la retraite de base et \u00e0 l\u2019Ircantec pour la retraite compl\u00e9mentaire. Leurs enfants ont, par cons\u00e9quent, droit \u00e0 la pension d\u2019orphelin de l\u2019Assurance retraite et \u00e0 celle de l\u2019Ircantec.<\/p>\n<p>La r\u00e9forme ferroviaire a supprim\u00e9 le statut de cheminot. Les agents de la SNCF, recrut\u00e9s depuis le 1<sup>er<\/sup> janvier 2020, sont affili\u00e9s \u00e0 l\u2019Assurance retraite et \u00e0 l\u2019Agirc-Arrco. Leurs enfants peuvent, \u00e0 condition de remplir les crit\u00e8res requis, percevoir la pension d\u2019orphelin servie par ces deux r\u00e9gimes.<\/p>\n<h3><span class=\"ez-toc-section\" id=\"Les_orphelins_de_pere_ou_de_mere\"><\/span>Les orphelins de p\u00e8re ou de m\u00e8re<span class=\"ez-toc-section-end\"><\/span><\/h3>\n<p><strong>Sont \u00e9ligibles \u00e0 la pension d\u2019orphelin les enfants qui ont perdu leur p\u00e8re ou leur m\u00e8re et dont le parent d\u00e9c\u00e9d\u00e9 \u00e9tait affili\u00e9<\/strong>\u00a0:<\/p>\n<ul>\n<li>au SRE (fonctionnaires civils d\u2019\u00c9tat, militaires et magistrats)<\/li>\n<li>\u00e0 la CNRACL (fonctionnaires territoriaux et hospitaliers)<\/li>\n<li>\u00e0 la Retraite additionnelle de la fonction publique (RAFP), le r\u00e9gime de retraite additionnelle des agents titulaires des trois fonctions publiques (d\u2019\u00c9tat, territoriale et hospitali\u00e8re)<\/li>\n<li>\u00e0 la CNIEG (agents des industries \u00e9lectriques et gazi\u00e8res recrut\u00e9s avant le 1<sup>er<\/sup> septembre 2023)<\/li>\n<li>\u00e0 la CPRPSNCF (agents de la SNCF recrut\u00e9s avant le 1<sup>er<\/sup> janvier 2020)<\/li>\n<li>\u00e0 la CRP RATP (agents de la RATP recrut\u00e9s avant le 1<sup>er<\/sup> septembre 2023)<\/li>\n<li>\u00e0 la CRPN (personnel navigant de l\u2019aviation civile)<\/li>\n<li>\u00e0 la CRPCEN (employ\u00e9s et clercs de notaires recrut\u00e9s avant le 1<sup>er<\/sup> septembre 2023)<\/li>\n<li>\u00e0 la CNBF (<a href=\"https:\/\/www.toutsurmesfinances.com\/retraite\/cnbf-la-retraite-obligatoire-des-avocats.html\" target=\"_blank\" rel=\"noopener noreferrer\">avocats<\/a>)<\/li>\n<li>\u00e0 la CAVEC (experts-comptables)<\/li>\n<li>\u00e0 la CIPAV (professions lib\u00e9rales non r\u00e9glement\u00e9es)<\/li>\n<li>\u00e0 l\u2019\u00c9NIM (marins)<\/li>\n<li>\u00e0 la CROPERA (agents et danseurs de l\u2019Op\u00e9ra de Paris)<\/li>\n<\/ul>\n<h2><span class=\"ez-toc-section\" id=\"Pension_dorphelin_majeur\"><\/span>Pension d\u2019orphelin majeur<span class=\"ez-toc-section-end\"><\/span><\/h2>\n<p>Contrairement aux id\u00e9es re\u00e7ues, la pension d\u2019orphelin peut \u00eatre vers\u00e9e \u00e0 un enfant majeur. Toutefois, <strong>le r\u00e9gime de retraite arr\u00eate le versement de la prestation d\u00e8s lors que l\u2019orphelin atteint, selon les r\u00e9gimes, son 21<sup>\u00e8me<\/sup> anniversaire ou son 25<sup>\u00e8me<\/sup> anniversaire. La limite d\u2019\u00e2ge est supprim\u00e9e si l\u2019enfant souffre d\u2019une infirmit\u00e9 ou d\u2019un handicap.<\/strong><\/p>\n<h3><span class=\"ez-toc-section\" id=\"Jusqua_quel_age\"><\/span>Jusqu\u2019\u00e0 quel \u00e2ge ?<span class=\"ez-toc-section-end\"><\/span><\/h3>\n<ul>\n<li>16 ans : la pension d\u2019orphelin vers\u00e9e par l\u2019\u00c9tablissement national des invalides de la marine (Enim), le r\u00e9gime de retraite des marins, est servie jusqu\u2019aux 16 ans de l\u2019enfant. La limite d\u2019\u00e2ge est d\u00e9cal\u00e9e \u00e0 18 ans si l\u2019orphelin est en apprentissage et \u00e0 21 ans s\u2019il suit des \u00e9tudes sup\u00e9rieures<\/li>\n<li>21 ans\u00a0: Agirc-Arrco, Ircantec, SRE, CNRACL, RAFP, CNIEG (industries \u00e9lectriques et gazi\u00e8res), CPRPSNCF (SNCF), CRP RATP (RATP), CRPCEN (clercs et employ\u00e9s de notaires), CRPN (personnel navigant), CNBF (avocats), CIPAV (professions lib\u00e9rales non r\u00e9glement\u00e9es), CROPERA (Op\u00e9ra de Paris)<\/li>\n<li>25 ans : Assurance retraite, MSA, CAVEC (experts-comptables), CNBF (si l\u2019orphelin poursuit ses \u00e9tudes), CIPAV (si l\u2019orphelin poursuit ses \u00e9tudes), Agirc-Arrco (si l\u2019orphelin \u00e9tait \u00e0 la charge du dernier parent au moment du d\u00e9c\u00e8s).<\/li>\n<\/ul>\n<h3><span class=\"ez-toc-section\" id=\"Cas_des_enfants_infirmes_ou_handicapes\"><\/span>Cas des enfants infirmes ou handicap\u00e9s<span class=\"ez-toc-section-end\"><\/span><\/h3>\n<p>Les enfants, atteints d\u2019une infirmit\u00e9 permanente ou d\u2019un taux d\u2019incapacit\u00e9 permanente (IP) d\u2019au moins 80% (pour l\u2019Assurance retraite et la MSA) ou une IP de 50% avec un handicap reconnu comme restreignant <em>\u00ab substantiellement et durablement \u00bb<\/em> l\u2019acc\u00e8s \u00e0 l\u2019emploi, peuvent b\u00e9n\u00e9ficier de la pension d\u2019orphelin, sans limitation d\u2019\u00e2ge. Il faut g\u00e9n\u00e9ralement que l\u2019infirmit\u00e9 ou le handicap soit survenu avant les 21 ans de l\u2019orphelin.<\/p>\n<h2><span class=\"ez-toc-section\" id=\"Montant_pension_orphelin\"><\/span>Montant pension orphelin<span class=\"ez-toc-section-end\"><\/span><\/h2>\n<p>La pension d\u2019orphelin correspond \u00e0 une fraction de la pension de vieillesse que le parent d\u00e9funt touchait ou aurait d\u00fb toucher s\u2019il \u00e9tait parti \u00e0 la retraite. Elle \u00e9quivaut \u00e0\u00a0:<\/p>\n<ul>\n<li>10% du salaire ou de la retraite servie par la CNIEG (industries \u00e9lectriques et gazi\u00e8res)<strong>,<\/strong> de la retraite servie par le SRE (fonctionnaires d\u2019\u00c9tat), la CNRACL (fonctionnaires territoriaux et hospitaliers) la RAFP (retraite additionnelle de tous les fonctionnaires), la CPRPSNCF (SNCF), la CRP RATP (RATP), la CRPCEN (employ\u00e9s et clercs de notaires), l\u2019\u00c9nim (marins) ou la CROPERA (Op\u00e9ra de Paris)<\/li>\n<li>12% de la retraite compl\u00e9mentaire servie par la CRPN (personnel navigant de l\u2019aviation civile) au d\u00e9c\u00e8s d\u2019un parent<\/li>\n<li>20% des points Ircantec (retraite compl\u00e9mentaire des contractuels)<\/li>\n<li>50% de la retraite compl\u00e9mentaire servie par l\u2019Agirc-Arrco ou par la CRPN (personnel navigant) au d\u00e9c\u00e8s des deux parents<\/li>\n<li>54% de la retraite de base servie par l\u2019Assurance retraite ou par la MSA<\/li>\n<li>72% de la retraite compl\u00e9mentaire servie par la CRPN (personnel navigant) si l\u2019orphelin est atteint d\u2019une infirmit\u00e9 permanente.<\/li>\n<\/ul>\n<p>\u00c0 noter\u00a0: la pension d\u2019orphelin vers\u00e9e par la Caisse nationale des barreaux fran\u00e7ais (CNBF), le r\u00e9gime de retraite des avocats, repr\u00e9sente 25% du montant de la retraite de base \u00e0 taux plein (sans d\u00e9cote), quelle que soit le nombre de trimestres valid\u00e9s par l\u2019avocat au moment de son d\u00e9c\u00e8s, et 25% du montant de sa retraite compl\u00e9mentaire. \u00c0 la CAVEC (experts-comptables) et \u00e0 la CIPAV (professions lib\u00e9rales non r\u00e9glement\u00e9es), le montant de la pension d\u2019orphelin d\u00e9pend de la classe de cotisation au r\u00e9gime d\u2019invalidit\u00e9-d\u00e9c\u00e8s (RID) choisie par le parent d\u00e9c\u00e9d\u00e9 de son vivant.<\/p>\n<h2><span class=\"ez-toc-section\" id=\"Versement_de_la_pension_dorphelin\"><\/span>Versement de la pension d\u2019orphelin<span class=\"ez-toc-section-end\"><\/span><\/h2>\n<p><strong>La pension d\u2019orphelin est vers\u00e9e \u00e0 \u00ab\u00a0terme \u00e9chu\u00a0\u00bb \u00e0 l\u2019Assurance retraite et \u00e0 la MSA, c\u2019est-\u00e0-dire au d\u00e9but du mois suivant<\/strong> (par exemple, d\u00e9but novembre pour la prestation servie au titre d\u2019octobre). <strong>Dans les autres r\u00e9gimes de retraite, elle est vers\u00e9e \u00e0 \u00ab\u00a0terme \u00e0 \u00e9choir\u00a0\u00bb, c\u2019est-\u00e0-dire \u00e0 la fin du mois concern\u00e9<\/strong> (par exemple, fin octobre pour la prestation servie au titre d\u2019octobre).<\/p>\n<p>\u00c0 noter\u00a0: \u00e0 l\u2019Agirc-Arrco, la pension d\u2019orphelin est vers\u00e9e au d\u00e9but du mois concern\u00e9 (par exemple, d\u00e9but octobre pour la prestation servie au titre d\u2019octobre) et trimestriellement \u00e0 la CNBF (avocats), \u00e0 terme \u00e9chu (\u00e0 la fin du trimestre concern\u00e9).<\/p>\n<h2><span class=\"ez-toc-section\" id=\"Formulaire_demande_pension_dorphelin\"><\/span>Formulaire demande pension d\u2019orphelin<span class=\"ez-toc-section-end\"><\/span><\/h2>\n<p>Au m\u00eame titre que la pension de r\u00e9version vers\u00e9e aux veufs et veuves, <strong>le versement de la pension d\u2019orphelin n\u2019est pas automatique au d\u00e9c\u00e8s de l\u2019assur\u00e9. C\u2019est \u00e0 l\u2019enfant de le demander \u00e0 la ou les caisses de retraite auxquelles son ou ses parents d\u00e9c\u00e9d\u00e9s \u00e9taient affili\u00e9s de leur vivant. <\/strong><\/p>\n<p>Le formulaire de demande de pension d\u2019orphelin n\u2019est pas encore disponible, \u00e0 l\u2019heure o\u00f9 nous \u00e9crivons ces lignes, \u00e0 l\u2019Assurance retraite et \u00e0 la MSA. Celui du SRE (fonctionnaires civils d\u2019\u00c9tat, militaires et magistrats), qui sert aussi pour la demande de r\u00e9version, peut \u00eatre <a href=\"https:\/\/www.service-public.fr\/particuliers\/vosdroits\/R10692\" target=\"_blank\" rel=\"nofollow noopener noreferrer\">t\u00e9l\u00e9charg\u00e9<\/a>. Idem pour <a href=\"https:\/\/www.cnracl.retraites.fr\/sites\/default\/files\/2017-10\/DDE%20PENSION%20REVERSION%20CONJOINT%20EX%20CONJOINT.pdf\" target=\"_blank\" rel=\"nofollow noopener noreferrer\">le formulaire de la CNRACL<\/a> (fonctionnaires territoriaux et hospitaliers), de <a href=\"https:\/\/www.crpratp.fr\/c\/document_library\/get_file?uuid=139b49c7-b758-4cbe-b7c9-2f0ad999781f&amp;groupId=11309\" target=\"_blank\" rel=\"nofollow noopener noreferrer\">la CRP RATP<\/a> (agents RATP) ou \u00e0 la <a href=\"https:\/\/www.cprpsncf.fr\/documents\/20182\/179439\/VGV+3327+-++reversion+mineur+dc+actif.pdf\/6402bd5c-7dd1-4fb0-8725-a2c0c8108f6d\" target=\"_blank\" rel=\"nofollow noopener noreferrer\">CRPSNCF<\/a> (agents SNCF)<\/p>\n<p>Un formulaire d\u00e9di\u00e9 \u00e0 la pension d\u2019orphelin peut \u00eatre<a href=\"https:\/\/www.cropera.fr\/images\/stories\/PDF\/FORMULAIRE_PENSION_ORPHELIN.pdf\" target=\"_blank\" rel=\"nofollow noopener noreferrer\"> t\u00e9l\u00e9charg\u00e9 sur le site du CROPERA <\/a>(Op\u00e9ra de Paris).<\/p>\n<p>L\u2019Ircantec demande \u00e0 signaler le d\u00e9c\u00e8s de l\u2019assur\u00e9 en remplissant <a href=\"https:\/\/www.ircantec.retraites.fr\/deces\/signaler-deces\" target=\"_blank\" rel=\"nofollow noopener noreferrer\">un formulaire en ligne<\/a>. En fonction de r\u00e9ponses, le r\u00e9gime de retraite compl\u00e9mentaire des contractuels de la fonction publique contacte l\u2019orphelin pour l\u2019informer de ses droits.<\/p>\n<p>\u00c0 la Cipav, le formulaire de demande de la pension de r\u00e9version est commun \u00e0 la demande de r\u00e9version et de capital-d\u00e9c\u00e8s. \u00c0 l\u2019\u00c9nim (marins), il faut appeler le 0809 54 00 64 (service gratuit + prix d\u2019un appel). La pension d\u2019orphelin peut \u00eatre demand\u00e9e en ligne sur <a href=\"https:\/\/www.cnieg.fr\/accueil\/particulier\/services\/prestation-orphelin.html?webflowToken=f1c5fc72-ee09-4402-be91-638eac0848d6&amp;webflowexecution078c0009_9206_4cc7_b11d_b217e3a0bd68=e2s2\" target=\"_blank\" rel=\"nofollow noopener noreferrer\">le site du CNIEG<\/a> (industries \u00e9lectriques et gazi\u00e8res).<\/p>\n<p>Quel que soit le r\u00e9gime de retraite, il faut joindre au formulaire de demande de pension d\u2019orphelin d\u00fbment remplie, dat\u00e9e et sign\u00e9e, <em>a minima, <\/em>l\u2019acte de naissance et de d\u00e9c\u00e8s (et non le certificat de d\u00e9c\u00e8s) de l\u2019assur\u00e9 d\u00e9c\u00e9d\u00e9, l\u2019acte de naissance et un justificatif d\u2019identit\u00e9 (carte d\u2019identit\u00e9 ou passeport) du demandeur, ainsi que le relev\u00e9 d\u2019identit\u00e9 bancaire (RIB) de ce dernier. Certains r\u00e9gimes demandent \u00e9galement un certificat de scolarit\u00e9, une attestation d\u2019allocations familiales et\/ou le dernier avis d\u2019imposition du demandeur.<\/p>\n<h2><span class=\"ez-toc-section\" id=\"Retroactivite_en_cas_doubli_de_la_demande\"><\/span>R\u00e9troactivit\u00e9 (en cas d\u2019oubli de la demande)<span class=\"ez-toc-section-end\"><\/span><\/h2>\n<p>La demande de pension d\u2019orphelin doit g\u00e9n\u00e9ralement \u00eatre demand\u00e9e dans les 12 mois suivant le d\u00e9c\u00e8s, selon les r\u00e9gimes de retraite, du premier parent d\u00e9c\u00e9d\u00e9 ou du parent survivant. Pass\u00e9 ce d\u00e9lai, la pension peut \u00eatre demand\u00e9e, \u00e0 condition que l\u2019enfant <strong>n\u2019a n\u2019ait<\/strong> pas d\u00e9pass\u00e9 la limite d\u2019\u00e2ge (21 ou 25 ans). <strong>Il n\u2019y a pas d\u2019effet r\u00e9troactif : les pensions non vers\u00e9es sont d\u00e9finitivement perdues.<\/strong><\/p>\n<h2><span class=\"ez-toc-section\" id=\"La_pension_dorphelin_est-elle_imposable\"><\/span>La pension d\u2019orphelin est-elle imposable ?<span class=\"ez-toc-section-end\"><\/span><\/h2>\n<p>\u00c0 l\u2019image des pensions de retraite ou des pensions de r\u00e9version vers\u00e9es aux veufs et veuves, <strong>les pensions d\u2019orphelin sont consid\u00e9r\u00e9es comme des revenus de remplacement. Elles doivent donc \u00eatre int\u00e9gr\u00e9es aux revenus \u00e0 d\u00e9clarer \u00e0 l\u2019administration fiscale et soumises, \u00e0 ce titre, au <a href=\"https:\/\/www.toutsurmesfinances.com\/impots\/bareme-de-l-impot-sur-le-revenu.html\" target=\"_blank\" rel=\"noopener noreferrer\">bar\u00e8me progressif de l\u2019imp\u00f4t sur le revenu<\/a>. <\/strong><\/p>\n<h2><span class=\"ez-toc-section\" id=\"Cumul_avec_dautres_pensions_notamment_la_reversion\"><\/span>Cumul avec d\u2019autres pensions (notamment la r\u00e9version)<span class=\"ez-toc-section-end\"><\/span><\/h2>\n<p><strong>L\u2019enfant peut cumuler, dans certains cas, une partie de la rente d\u2019invalidit\u00e9 que son parent d\u00e9funt touchait de son vivant. Par ailleurs, dans certains r\u00e9gimes de retraite, les orphelins peuvent percevoir une partie de <a href=\"https:\/\/www.toutsurmesfinances.com\/retraite\/pension-de-reversion-definition-conditions-montant-et-calendrier-de-versement.html\" target=\"_blank\" rel=\"noopener noreferrer\">la pension de r\u00e9version <\/a>vers\u00e9e au conjoint survivant ou au conjoint divorc\u00e9, si celui-ci ne s\u2019est pas remari\u00e9.<\/strong> C\u2019est le cas \u00e0 la CRP RATP (RATP).<\/p>\n<p>\u00c0 la CROPERA (Op\u00e9ra de Paris), l\u2019enfant peut toucher, en plus de sa pension d\u2019orphelin, la pension de r\u00e9version en l\u2019absence de veuf, de veuve ou d\u2019ex-conjoint, parce que ce dernier est d\u00e9c\u00e9d\u00e9 ou parce que le parent d\u00e9funt ne s\u2019\u00e9tait pas mari\u00e9 (les partenaires de Pacs et les concubins n\u2019ont pas droit \u00e0 la r\u00e9version). Le montant cumul\u00e9 de la pension d\u2019orphelin et de la pension de r\u00e9version ne peut exc\u00e9der le montant de la retraite de l\u2019assur\u00e9 d\u00e9c\u00e9d\u00e9.<\/p>\n<p>Dans les r\u00e9gimes de la fonction publique (SRE, CNRACL), le ou les orphelins peuvent b\u00e9n\u00e9ficier de tout ou partie de la pension r\u00e9version s\u2019il n\u2019existe aucun conjoint survivant ayant droit \u00e0 la r\u00e9version\u00a0ou si l\u2019enfant est n\u00e9 d\u2019un pr\u00e9c\u00e9dent mariage, et que sa m\u00e8re ou son p\u00e8re survivant n\u2019a pas droit \u00e0 la r\u00e9version. \u00c0 la CNIEG (industries \u00e9lectriques et gazi\u00e8res), la pension de r\u00e9version est attribu\u00e9e \u00e0 l\u2019orphelin en l\u2019absence de conjoint survivant ou d\u2019ex-conjoint.<\/p>\n<p>\u00c0 la CPRPSNCF (SNCF), la r\u00e9version est partag\u00e9e de cette mani\u00e8re\u00a0: deux parts\u00a0au conjoint survivant, deux parts\u00a0\u00e0 l&rsquo;ensemble des conjoints divorc\u00e9s\u00a0et une part\u00a0\u00e0 chaque orphelin, jusqu\u2019\u00e0 son 21<sup>\u00e8me<\/sup> anniversaire.<\/p>\n","protected":false},"excerpt":{"rendered":"<p>Depuis le 1er septembre 2023, les enfants, qui ont perdu leurs parents, dont au moins l\u2019un des deux \u00e9tait salari\u00e9, contractuel ou relevant du r\u00e9gime agricole, per\u00e7oivent une fraction de la retraite du d\u00e9funt jusqu\u2019\u00e0 leurs 25 ans. Une pension \u00e9tait d\u00e9j\u00e0 propos\u00e9e, avant cette date et avec des r\u00e8gles diff\u00e9rentes, aux orphelins de fonctionnaires, d\u2019affili\u00e9s \u00e0 des r\u00e9gimes sp\u00e9ciaux et de certains professionnels lib\u00e9raux. La prestation est \u00e9tendue aux orphelins d&rsquo;agriculteurs depuis le 22 f\u00e9vrier 2025.<\/p>\n","protected":false},"author":13713,"featured_media":32229,"comment_status":"closed","ping_status":"closed","sticky":false,"template":"","format":"standard","meta":{"footnotes":""},"categories":[8,9],"tags":[],"class_list":["post-31646","post","type-post","status-publish","format-standard","has-post-thumbnail","hentry","category-pension","category-pension-de-retraite"],"acf":[],"yoast_head":"<!-- This site is optimized with the Yoast SEO plugin v24.9 - https:\/\/yoast.com\/wordpress\/plugins\/seo\/ -->\n<title>Pension d\u2019orphelin 2026 : montant, demande, fiscalit\u00e9<\/title>\n<meta name=\"description\" content=\"Les enfants qui ont perdu un ou deux parents peuvent, dans certains cas, percevoir une fraction de leur retraite.\" \/>\n<meta name=\"robots\" content=\"index, follow, max-snippet:-1, max-image-preview:large, max-video-preview:-1\" \/>\n<link rel=\"canonical\" href=\"https:\/\/www.toutsurmesfinances.com\/retraite\/pension-dorphelin-ce-que-prevoient-les-regimes-de-retraite-pour-les-enfants-dont-le-pere-la-mere-ou-les-deux-parents-sont-decedes.html\" \/>\n<meta property=\"og:locale\" content=\"fr_FR\" \/>\n<meta property=\"og:type\" content=\"article\" \/>\n<meta property=\"og:title\" content=\"Pension d\u2019orphelin 2026 : montant, demande, fiscalit\u00e9\" \/>\n<meta property=\"og:description\" content=\"Les enfants qui ont perdu un ou deux parents peuvent, dans certains cas, percevoir une fraction de leur retraite.\" \/>\n<meta property=\"og:url\" content=\"https:\/\/www.toutsurmesfinances.com\/retraite\/pension-dorphelin-ce-que-prevoient-les-regimes-de-retraite-pour-les-enfants-dont-le-pere-la-mere-ou-les-deux-parents-sont-decedes.html\" \/>\n<meta property=\"og:site_name\" content=\"Retraite\" \/>\n<meta property=\"article:published_time\" content=\"2023-10-04T15:16:37+00:00\" \/>\n<meta property=\"article:modified_time\" content=\"2025-12-23T08:07:23+00:00\" \/>\n<meta property=\"og:image\" content=\"https:\/\/www.toutsurmesfinances.com\/retraite\/wp-content\/uploads\/sites\/4\/2025\/04\/image-retraite-pension.jpg\" \/>\n\t<meta property=\"og:image:width\" content=\"600\" \/>\n\t<meta property=\"og:image:height\" content=\"400\" \/>\n\t<meta property=\"og:image:type\" content=\"image\/jpeg\" \/>\n<meta name=\"author\" content=\"Jean-Philippe Dubosc\" \/>\n<meta name=\"twitter:card\" content=\"summary_large_image\" \/>\n<meta name=\"twitter:creator\" content=\"@Toutsur\" \/>\n<meta name=\"twitter:site\" content=\"@Toutsur\" \/>\n<meta name=\"twitter:label1\" content=\"\u00c9crit par\" \/>\n\t<meta name=\"twitter:data1\" content=\"Jean-Philippe Dubosc\" \/>\n\t<meta name=\"twitter:label2\" content=\"Dur\u00e9e de lecture estim\u00e9e\" \/>\n\t<meta name=\"twitter:data2\" content=\"13 minutes\" \/>\n<script type=\"application\/ld+json\" class=\"yoast-schema-graph\">{\"@context\":\"https:\/\/schema.org\",\"@graph\":[{\"@type\":\"Article\",\"@id\":\"https:\/\/www.toutsurmesfinances.com\/retraite\/pension-dorphelin-ce-que-prevoient-les-regimes-de-retraite-pour-les-enfants-dont-le-pere-la-mere-ou-les-deux-parents-sont-decedes.html#article\",\"isPartOf\":{\"@id\":\"https:\/\/www.toutsurmesfinances.com\/retraite\/pension-dorphelin-ce-que-prevoient-les-regimes-de-retraite-pour-les-enfants-dont-le-pere-la-mere-ou-les-deux-parents-sont-decedes.html\"},\"author\":{\"name\":\"Jean-Philippe Dubosc\",\"@id\":\"https:\/\/www.toutsurmesfinances.com\/retraite\/#\/schema\/person\/addc9e9b3978fa7947ead71bab57694c\"},\"headline\":\"Pension d\u2019orphelin : ce que pr\u00e9voient les r\u00e9gimes de retraite pour les enfants dont le p\u00e8re, la m\u00e8re ou les deux parents sont d\u00e9c\u00e9d\u00e9s\",\"dateModified\":\"2025-12-23T08:07:23+00:00\",\"mainEntityOfPage\":{\"@id\":\"https:\/\/www.toutsurmesfinances.com\/retraite\/pension-dorphelin-ce-que-prevoient-les-regimes-de-retraite-pour-les-enfants-dont-le-pere-la-mere-ou-les-deux-parents-sont-decedes.html\"},\"wordCount\":2734,\"publisher\":{\"@id\":\"https:\/\/www.toutsurmesfinances.com\/retraite\/#organization\"},\"image\":{\"@id\":\"https:\/\/www.toutsurmesfinances.com\/retraite\/pension-dorphelin-ce-que-prevoient-les-regimes-de-retraite-pour-les-enfants-dont-le-pere-la-mere-ou-les-deux-parents-sont-decedes.html#primaryimage\"},\"thumbnailUrl\":\"https:\/\/www.toutsurmesfinances.com\/retraite\/wp-content\/uploads\/sites\/4\/2025\/04\/image-retraite-pension.jpg\",\"articleSection\":[\"Pension\",\"Pension de retraite\"],\"inLanguage\":\"fr-FR\"},{\"@type\":\"WebPage\",\"@id\":\"https:\/\/www.toutsurmesfinances.com\/retraite\/pension-dorphelin-ce-que-prevoient-les-regimes-de-retraite-pour-les-enfants-dont-le-pere-la-mere-ou-les-deux-parents-sont-decedes.html\",\"url\":\"https:\/\/www.toutsurmesfinances.com\/retraite\/pension-dorphelin-ce-que-prevoient-les-regimes-de-retraite-pour-les-enfants-dont-le-pere-la-mere-ou-les-deux-parents-sont-decedes.html\",\"name\":\"Pension d\u2019orphelin 2026 : montant, demande, fiscalit\u00e9\",\"isPartOf\":{\"@id\":\"https:\/\/www.toutsurmesfinances.com\/retraite\/#website\"},\"primaryImageOfPage\":{\"@id\":\"https:\/\/www.toutsurmesfinances.com\/retraite\/pension-dorphelin-ce-que-prevoient-les-regimes-de-retraite-pour-les-enfants-dont-le-pere-la-mere-ou-les-deux-parents-sont-decedes.html#primaryimage\"},\"image\":{\"@id\":\"https:\/\/www.toutsurmesfinances.com\/retraite\/pension-dorphelin-ce-que-prevoient-les-regimes-de-retraite-pour-les-enfants-dont-le-pere-la-mere-ou-les-deux-parents-sont-decedes.html#primaryimage\"},\"thumbnailUrl\":\"https:\/\/www.toutsurmesfinances.com\/retraite\/wp-content\/uploads\/sites\/4\/2025\/04\/image-retraite-pension.jpg\",\"dateModified\":\"2025-12-23T08:07:23+00:00\",\"description\":\"Les enfants qui ont perdu un ou deux parents peuvent, dans certains cas, percevoir une fraction de leur retraite.\",\"breadcrumb\":{\"@id\":\"https:\/\/www.toutsurmesfinances.com\/retraite\/pension-dorphelin-ce-que-prevoient-les-regimes-de-retraite-pour-les-enfants-dont-le-pere-la-mere-ou-les-deux-parents-sont-decedes.html#breadcrumb\"},\"inLanguage\":\"fr-FR\",\"potentialAction\":[{\"@type\":\"ReadAction\",\"target\":[\"https:\/\/www.toutsurmesfinances.com\/retraite\/pension-dorphelin-ce-que-prevoient-les-regimes-de-retraite-pour-les-enfants-dont-le-pere-la-mere-ou-les-deux-parents-sont-decedes.html\"]}]},{\"@type\":\"ImageObject\",\"inLanguage\":\"fr-FR\",\"@id\":\"https:\/\/www.toutsurmesfinances.com\/retraite\/pension-dorphelin-ce-que-prevoient-les-regimes-de-retraite-pour-les-enfants-dont-le-pere-la-mere-ou-les-deux-parents-sont-decedes.html#primaryimage\",\"url\":\"https:\/\/www.toutsurmesfinances.com\/retraite\/wp-content\/uploads\/sites\/4\/2025\/04\/image-retraite-pension.jpg\",\"contentUrl\":\"https:\/\/www.toutsurmesfinances.com\/retraite\/wp-content\/uploads\/sites\/4\/2025\/04\/image-retraite-pension.jpg\",\"width\":600,\"height\":400},{\"@type\":\"BreadcrumbList\",\"@id\":\"https:\/\/www.toutsurmesfinances.com\/retraite\/pension-dorphelin-ce-que-prevoient-les-regimes-de-retraite-pour-les-enfants-dont-le-pere-la-mere-ou-les-deux-parents-sont-decedes.html#breadcrumb\",\"itemListElement\":[{\"@type\":\"ListItem\",\"position\":1,\"name\":\"Accueil\",\"item\":\"https:\/\/www.toutsurmesfinances.com\/retraite\/\"},{\"@type\":\"ListItem\",\"position\":2,\"name\":\"Pension\",\"item\":\"https:\/\/www.toutsurmesfinances.com\/retraite\/c\/pension\"},{\"@type\":\"ListItem\",\"position\":3,\"name\":\"Pension d\u2019orphelin : ce que pr\u00e9voient les r\u00e9gimes de retraite pour les enfants dont le p\u00e8re, la m\u00e8re ou les deux parents sont d\u00e9c\u00e9d\u00e9s\"}]},{\"@type\":\"WebSite\",\"@id\":\"https:\/\/www.toutsurmesfinances.com\/retraite\/#website\",\"url\":\"https:\/\/www.toutsurmesfinances.com\/retraite\/\",\"name\":\"Retraite\",\"description\":\"\",\"publisher\":{\"@id\":\"https:\/\/www.toutsurmesfinances.com\/retraite\/#organization\"},\"potentialAction\":[{\"@type\":\"SearchAction\",\"target\":{\"@type\":\"EntryPoint\",\"urlTemplate\":\"https:\/\/www.toutsurmesfinances.com\/retraite\/?s={search_term_string}\"},\"query-input\":{\"@type\":\"PropertyValueSpecification\",\"valueRequired\":true,\"valueName\":\"search_term_string\"}}],\"inLanguage\":\"fr-FR\"},{\"@type\":\"Organization\",\"@id\":\"https:\/\/www.toutsurmesfinances.com\/retraite\/#organization\",\"name\":\"Tout Sur Mes Finances\",\"url\":\"https:\/\/www.toutsurmesfinances.com\/retraite\/\",\"logo\":{\"@type\":\"ImageObject\",\"inLanguage\":\"fr-FR\",\"@id\":\"https:\/\/www.toutsurmesfinances.com\/retraite\/#\/schema\/logo\/image\/\",\"url\":\"https:\/\/www.toutsurmesfinances.com\/retraite\/wp-content\/uploads\/sites\/4\/2021\/01\/favicon.png\",\"contentUrl\":\"https:\/\/www.toutsurmesfinances.com\/retraite\/wp-content\/uploads\/sites\/4\/2021\/01\/favicon.png\",\"width\":512,\"height\":512,\"caption\":\"Tout Sur Mes Finances\"},\"image\":{\"@id\":\"https:\/\/www.toutsurmesfinances.com\/retraite\/#\/schema\/logo\/image\/\"},\"sameAs\":[\"https:\/\/x.com\/Toutsur\"]},{\"@type\":\"Person\",\"@id\":\"https:\/\/www.toutsurmesfinances.com\/retraite\/#\/schema\/person\/addc9e9b3978fa7947ead71bab57694c\",\"name\":\"Jean-Philippe Dubosc\",\"image\":{\"@type\":\"ImageObject\",\"inLanguage\":\"fr-FR\",\"@id\":\"https:\/\/www.toutsurmesfinances.com\/retraite\/#\/schema\/person\/image\/\",\"url\":\"https:\/\/secure.gravatar.com\/avatar\/a3cba30cdda1afe79f6ebffc6e952291?s=96&d=mm&r=g\",\"contentUrl\":\"https:\/\/secure.gravatar.com\/avatar\/a3cba30cdda1afe79f6ebffc6e952291?s=96&d=mm&r=g\",\"caption\":\"Jean-Philippe Dubosc\"},\"description\":\"Jean-Philippe Dubosc est r\u00e9dacteur en chef de ToutSurMesFinances.com et sp\u00e9cialiste des questions de retraite obligatoire et d\u2019\u00e9pargne. Pr\u00e9sent au sein du m\u00e9dia depuis plus de 13 ans, il analyse les r\u00e9formes, les dispositifs r\u00e9glementaires et les strat\u00e9gies de d\u00e9part \u00e0 la retraite, avec une approche fond\u00e9e sur une lecture rigoureuse des textes et une connaissance approfondie des diff\u00e9rents r\u00e9gimes de retraite.\",\"sameAs\":[\"https:\/\/www.toutsurmesfinances.com\/author\/jpdubosc\",\"https:\/\/fr.linkedin.com\/in\/jpdubosc\"]}]}<\/script>\n<!-- \/ Yoast SEO plugin. -->","yoast_head_json":{"title":"Pension d\u2019orphelin 2026 : montant, demande, fiscalit\u00e9","description":"Les enfants qui ont perdu un ou deux parents peuvent, dans certains cas, percevoir une fraction de leur retraite.","robots":{"index":"index","follow":"follow","max-snippet":"max-snippet:-1","max-image-preview":"max-image-preview:large","max-video-preview":"max-video-preview:-1"},"canonical":"https:\/\/www.toutsurmesfinances.com\/retraite\/pension-dorphelin-ce-que-prevoient-les-regimes-de-retraite-pour-les-enfants-dont-le-pere-la-mere-ou-les-deux-parents-sont-decedes.html","og_locale":"fr_FR","og_type":"article","og_title":"Pension d\u2019orphelin 2026 : montant, demande, fiscalit\u00e9","og_description":"Les enfants qui ont perdu un ou deux parents peuvent, dans certains cas, percevoir une fraction de leur retraite.","og_url":"https:\/\/www.toutsurmesfinances.com\/retraite\/pension-dorphelin-ce-que-prevoient-les-regimes-de-retraite-pour-les-enfants-dont-le-pere-la-mere-ou-les-deux-parents-sont-decedes.html","og_site_name":"Retraite","article_published_time":"2023-10-04T15:16:37+00:00","article_modified_time":"2025-12-23T08:07:23+00:00","og_image":[{"width":600,"height":400,"url":"https:\/\/www.toutsurmesfinances.com\/retraite\/wp-content\/uploads\/sites\/4\/2025\/04\/image-retraite-pension.jpg","type":"image\/jpeg"}],"author":"Jean-Philippe Dubosc","twitter_card":"summary_large_image","twitter_creator":"@Toutsur","twitter_site":"@Toutsur","twitter_misc":{"\u00c9crit par":"Jean-Philippe Dubosc","Dur\u00e9e de lecture estim\u00e9e":"13 minutes"},"schema":{"@context":"https:\/\/schema.org","@graph":[{"@type":"Article","@id":"https:\/\/www.toutsurmesfinances.com\/retraite\/pension-dorphelin-ce-que-prevoient-les-regimes-de-retraite-pour-les-enfants-dont-le-pere-la-mere-ou-les-deux-parents-sont-decedes.html#article","isPartOf":{"@id":"https:\/\/www.toutsurmesfinances.com\/retraite\/pension-dorphelin-ce-que-prevoient-les-regimes-de-retraite-pour-les-enfants-dont-le-pere-la-mere-ou-les-deux-parents-sont-decedes.html"},"author":{"name":"Jean-Philippe Dubosc","@id":"https:\/\/www.toutsurmesfinances.com\/retraite\/#\/schema\/person\/addc9e9b3978fa7947ead71bab57694c"},"headline":"Pension d\u2019orphelin : ce que pr\u00e9voient les r\u00e9gimes de retraite pour les enfants dont le p\u00e8re, la m\u00e8re ou les deux parents sont d\u00e9c\u00e9d\u00e9s","dateModified":"2025-12-23T08:07:23+00:00","mainEntityOfPage":{"@id":"https:\/\/www.toutsurmesfinances.com\/retraite\/pension-dorphelin-ce-que-prevoient-les-regimes-de-retraite-pour-les-enfants-dont-le-pere-la-mere-ou-les-deux-parents-sont-decedes.html"},"wordCount":2734,"publisher":{"@id":"https:\/\/www.toutsurmesfinances.com\/retraite\/#organization"},"image":{"@id":"https:\/\/www.toutsurmesfinances.com\/retraite\/pension-dorphelin-ce-que-prevoient-les-regimes-de-retraite-pour-les-enfants-dont-le-pere-la-mere-ou-les-deux-parents-sont-decedes.html#primaryimage"},"thumbnailUrl":"https:\/\/www.toutsurmesfinances.com\/retraite\/wp-content\/uploads\/sites\/4\/2025\/04\/image-retraite-pension.jpg","articleSection":["Pension","Pension de retraite"],"inLanguage":"fr-FR"},{"@type":"WebPage","@id":"https:\/\/www.toutsurmesfinances.com\/retraite\/pension-dorphelin-ce-que-prevoient-les-regimes-de-retraite-pour-les-enfants-dont-le-pere-la-mere-ou-les-deux-parents-sont-decedes.html","url":"https:\/\/www.toutsurmesfinances.com\/retraite\/pension-dorphelin-ce-que-prevoient-les-regimes-de-retraite-pour-les-enfants-dont-le-pere-la-mere-ou-les-deux-parents-sont-decedes.html","name":"Pension d\u2019orphelin 2026 : montant, demande, fiscalit\u00e9","isPartOf":{"@id":"https:\/\/www.toutsurmesfinances.com\/retraite\/#website"},"primaryImageOfPage":{"@id":"https:\/\/www.toutsurmesfinances.com\/retraite\/pension-dorphelin-ce-que-prevoient-les-regimes-de-retraite-pour-les-enfants-dont-le-pere-la-mere-ou-les-deux-parents-sont-decedes.html#primaryimage"},"image":{"@id":"https:\/\/www.toutsurmesfinances.com\/retraite\/pension-dorphelin-ce-que-prevoient-les-regimes-de-retraite-pour-les-enfants-dont-le-pere-la-mere-ou-les-deux-parents-sont-decedes.html#primaryimage"},"thumbnailUrl":"https:\/\/www.toutsurmesfinances.com\/retraite\/wp-content\/uploads\/sites\/4\/2025\/04\/image-retraite-pension.jpg","dateModified":"2025-12-23T08:07:23+00:00","description":"Les enfants qui ont perdu un ou deux parents peuvent, dans certains cas, percevoir une fraction de leur retraite.","breadcrumb":{"@id":"https:\/\/www.toutsurmesfinances.com\/retraite\/pension-dorphelin-ce-que-prevoient-les-regimes-de-retraite-pour-les-enfants-dont-le-pere-la-mere-ou-les-deux-parents-sont-decedes.html#breadcrumb"},"inLanguage":"fr-FR","potentialAction":[{"@type":"ReadAction","target":["https:\/\/www.toutsurmesfinances.com\/retraite\/pension-dorphelin-ce-que-prevoient-les-regimes-de-retraite-pour-les-enfants-dont-le-pere-la-mere-ou-les-deux-parents-sont-decedes.html"]}]},{"@type":"ImageObject","inLanguage":"fr-FR","@id":"https:\/\/www.toutsurmesfinances.com\/retraite\/pension-dorphelin-ce-que-prevoient-les-regimes-de-retraite-pour-les-enfants-dont-le-pere-la-mere-ou-les-deux-parents-sont-decedes.html#primaryimage","url":"https:\/\/www.toutsurmesfinances.com\/retraite\/wp-content\/uploads\/sites\/4\/2025\/04\/image-retraite-pension.jpg","contentUrl":"https:\/\/www.toutsurmesfinances.com\/retraite\/wp-content\/uploads\/sites\/4\/2025\/04\/image-retraite-pension.jpg","width":600,"height":400},{"@type":"BreadcrumbList","@id":"https:\/\/www.toutsurmesfinances.com\/retraite\/pension-dorphelin-ce-que-prevoient-les-regimes-de-retraite-pour-les-enfants-dont-le-pere-la-mere-ou-les-deux-parents-sont-decedes.html#breadcrumb","itemListElement":[{"@type":"ListItem","position":1,"name":"Accueil","item":"https:\/\/www.toutsurmesfinances.com\/retraite\/"},{"@type":"ListItem","position":2,"name":"Pension","item":"https:\/\/www.toutsurmesfinances.com\/retraite\/c\/pension"},{"@type":"ListItem","position":3,"name":"Pension d\u2019orphelin : ce que pr\u00e9voient les r\u00e9gimes de retraite pour les enfants dont le p\u00e8re, la m\u00e8re ou les deux parents sont d\u00e9c\u00e9d\u00e9s"}]},{"@type":"WebSite","@id":"https:\/\/www.toutsurmesfinances.com\/retraite\/#website","url":"https:\/\/www.toutsurmesfinances.com\/retraite\/","name":"Retraite","description":"","publisher":{"@id":"https:\/\/www.toutsurmesfinances.com\/retraite\/#organization"},"potentialAction":[{"@type":"SearchAction","target":{"@type":"EntryPoint","urlTemplate":"https:\/\/www.toutsurmesfinances.com\/retraite\/?s={search_term_string}"},"query-input":{"@type":"PropertyValueSpecification","valueRequired":true,"valueName":"search_term_string"}}],"inLanguage":"fr-FR"},{"@type":"Organization","@id":"https:\/\/www.toutsurmesfinances.com\/retraite\/#organization","name":"Tout Sur Mes Finances","url":"https:\/\/www.toutsurmesfinances.com\/retraite\/","logo":{"@type":"ImageObject","inLanguage":"fr-FR","@id":"https:\/\/www.toutsurmesfinances.com\/retraite\/#\/schema\/logo\/image\/","url":"https:\/\/www.toutsurmesfinances.com\/retraite\/wp-content\/uploads\/sites\/4\/2021\/01\/favicon.png","contentUrl":"https:\/\/www.toutsurmesfinances.com\/retraite\/wp-content\/uploads\/sites\/4\/2021\/01\/favicon.png","width":512,"height":512,"caption":"Tout Sur Mes Finances"},"image":{"@id":"https:\/\/www.toutsurmesfinances.com\/retraite\/#\/schema\/logo\/image\/"},"sameAs":["https:\/\/x.com\/Toutsur"]},{"@type":"Person","@id":"https:\/\/www.toutsurmesfinances.com\/retraite\/#\/schema\/person\/addc9e9b3978fa7947ead71bab57694c","name":"Jean-Philippe Dubosc","image":{"@type":"ImageObject","inLanguage":"fr-FR","@id":"https:\/\/www.toutsurmesfinances.com\/retraite\/#\/schema\/person\/image\/","url":"https:\/\/secure.gravatar.com\/avatar\/a3cba30cdda1afe79f6ebffc6e952291?s=96&d=mm&r=g","contentUrl":"https:\/\/secure.gravatar.com\/avatar\/a3cba30cdda1afe79f6ebffc6e952291?s=96&d=mm&r=g","caption":"Jean-Philippe Dubosc"},"description":"Jean-Philippe Dubosc est r\u00e9dacteur en chef de ToutSurMesFinances.com et sp\u00e9cialiste des questions de retraite obligatoire et d\u2019\u00e9pargne. Pr\u00e9sent au sein du m\u00e9dia depuis plus de 13 ans, il analyse les r\u00e9formes, les dispositifs r\u00e9glementaires et les strat\u00e9gies de d\u00e9part \u00e0 la retraite, avec une approche fond\u00e9e sur une lecture rigoureuse des textes et une connaissance approfondie des diff\u00e9rents r\u00e9gimes de retraite.","sameAs":["https:\/\/www.toutsurmesfinances.com\/author\/jpdubosc","https:\/\/fr.linkedin.com\/in\/jpdubosc"]}]}},"_links":{"self":[{"href":"https:\/\/www.toutsurmesfinances.com\/retraite\/wp-json\/wp\/v2\/posts\/31646","targetHints":{"allow":["GET"]}}],"collection":[{"href":"https:\/\/www.toutsurmesfinances.com\/retraite\/wp-json\/wp\/v2\/posts"}],"about":[{"href":"https:\/\/www.toutsurmesfinances.com\/retraite\/wp-json\/wp\/v2\/types\/post"}],"author":[{"embeddable":true,"href":"https:\/\/www.toutsurmesfinances.com\/retraite\/wp-json\/wp\/v2\/users\/13713"}],"replies":[{"embeddable":true,"href":"https:\/\/www.toutsurmesfinances.com\/retraite\/wp-json\/wp\/v2\/comments?post=31646"}],"version-history":[{"count":5,"href":"https:\/\/www.toutsurmesfinances.com\/retraite\/wp-json\/wp\/v2\/posts\/31646\/revisions"}],"predecessor-version":[{"id":32396,"href":"https:\/\/www.toutsurmesfinances.com\/retraite\/wp-json\/wp\/v2\/posts\/31646\/revisions\/32396"}],"wp:featuredmedia":[{"embeddable":true,"href":"https:\/\/www.toutsurmesfinances.com\/retraite\/wp-json\/wp\/v2\/media\/32229"}],"wp:attachment":[{"href":"https:\/\/www.toutsurmesfinances.com\/retraite\/wp-json\/wp\/v2\/media?parent=31646"}],"wp:term":[{"taxonomy":"category","embeddable":true,"href":"https:\/\/www.toutsurmesfinances.com\/retraite\/wp-json\/wp\/v2\/categories?post=31646"},{"taxonomy":"post_tag","embeddable":true,"href":"https:\/\/www.toutsurmesfinances.com\/retraite\/wp-json\/wp\/v2\/tags?post=31646"}],"curies":[{"name":"wp","href":"https:\/\/api.w.org\/{rel}","templated":true}]}}