{"id":1019,"date":"2019-09-23T19:50:36","date_gmt":"2019-09-23T17:50:36","guid":{"rendered":"https:\/\/www.toutsurmesfinances.com\/vie-pratique\/?p=1019"},"modified":"2025-10-02T11:15:14","modified_gmt":"2025-10-02T09:15:14","slug":"chasse-le-calendrier-et-les-regles-a-respecter","status":"publish","type":"post","link":"https:\/\/www.toutsurmesfinances.com\/vie-pratique\/a\/chasse-le-calendrier-et-les-regles-a-respecter","title":{"rendered":"Chasse : le calendrier 2025-2026 et les r\u00e8gles \u00e0 respecter"},"content":{"rendered":"<h2><span class=\"ez-toc-section\" id=\"Periode_de_chasse_2025-2026\"><\/span>P\u00e9riode de chasse 2025-2026<span class=\"ez-toc-section-end\"><\/span><\/h2>\n<p><strong>La p\u00e9riode de chasse commence g\u00e9n\u00e9ralement, en France m\u00e9tropolitaine, un des dimanches de septembre et se termine le dernier jour de f\u00e9vrier<\/strong>. Par exemple, en Gironde, la p\u00e9riode de chasse pour la saison 2025-2026 est ouverte le dimanche 14 septembre 2025 \u00e0 8 heures pour une cl\u00f4ture fix\u00e9e le samedi 28 f\u00e9vrier 2026 au soir, selon le calendrier officiel fix\u00e9 par le pr\u00e9fet du d\u00e9partement. <strong>Le plus souvent, la chasse est ouverte du dimanche 14 ou 21 septembre 2025 au samedi 28 f\u00e9vrier 2026 inclus.<\/strong><\/p>\n<p>Les dates d\u2019ouverture g\u00e9n\u00e9rale de la chasse sont fix\u00e9es une fois par an (\u00e0 chaque nouvelle saison) pour chaque esp\u00e8ce par arr\u00eat\u00e9 pr\u00e9fectoral, conform\u00e9ment au <strong>Code de l\u2019environnement (articles R424-6 et R424-7)<\/strong>, et apr\u00e8s avis de la f\u00e9d\u00e9ration d\u00e9partementale des chasseurs et de la commission d\u00e9partementale de la chasse et de la faune sauvage. Les dates de fermeture sont communiqu\u00e9es dans le m\u00eame temps.\u00a0Chaque arr\u00eat\u00e9 du pr\u00e9fet de d\u00e9partement fixe \u00e9galement les horaires de chasse pour la saison.<\/p>\n<p>Ces dates concernent la chasseau tir au fusil et \u00e0 l&rsquo;arc. Ces dates sont encadr\u00e9es par le Code de l&rsquo;environnement (article R424-7) qui fixe une date d&rsquo;ouverture au plus t\u00f4t et une date de fermeture au plus tard pour chacune des r\u00e9gions de France m\u00e9tropolitaine (sauf pour l&rsquo;Alsace et la Moselle).<span style=\"background-color: transparent;letter-spacing: 0em\"><\/span><\/p>\n<p>Les dates d&rsquo;ouverture et de fermeture de la chasse aux oiseaux de passage et au gibier d&rsquo;eau sont fix\u00e9es au niveau national, par arr\u00eat\u00e9 minist\u00e9riel (source : article R424-9 du Code de l&rsquo;environnement).<\/p>\n<h2><span class=\"ez-toc-section\" id=\"Dates_douverture_de_la_chasse_2025\"><\/span>Dates d\u2019ouverture de la chasse 2025<span class=\"ez-toc-section-end\"><\/span><\/h2>\n<h3>Tableau des dates d\u2019ouverture g\u00e9n\u00e9rale de la chasse par d\u00e9partement<\/h3>\n<p>Pour la saison 2025-2026, les dates d&rsquo;ouverture g\u00e9n\u00e9rale de la saison cyn\u00e9g\u00e9tique sont fix\u00e9es en m\u00e9tropole <strong>du 23 ao\u00fbt au 28 septembre 2025 <\/strong>selon le d\u00e9partement, pour la France m\u00e9tropolitaine. Par exemple, <strong>l&rsquo;ouverture de la chasse dans le Calvados pour 2025 est fix\u00e9e le dimanche 21 septembre \u00e0 9 heures.<\/strong><\/p>\n<p><strong>Le calendrier d\u2019ouverture g\u00e9n\u00e9rale de la chasse varie d&rsquo;un d\u00e9partement \u00e0 l&rsquo;autre, en septembre sauf exception en Alsace-Moselle.<\/strong><\/p>\n<div id=\"tablepress-25-scroll-wrapper\" class=\"tablepress-scroll-wrapper\">\n\n<table id=\"tablepress-25\" class=\"tablepress tablepress-id-25 tablepress-responsive\">\n<thead>\n<tr class=\"row-1 odd\">\n\t<th colspan=\"4\" class=\"column-1\"><strong>Dates d\u2019ouverture g\u00e9n\u00e9rale de la chasse par d\u00e9partement (saison 2025-2026)<\/strong><\/th>\n<\/tr>\n<\/thead>\n<tfoot>\n<tr class=\"row-53 odd\">\n\t<th colspan=\"4\" class=\"column-1\"><em>Sources : Office fran\u00e7ais de la biodiversit\u00e9 (OFB), arr\u00eat\u00e9s pr\u00e9fectoraux<\/em><\/th>\n<\/tr>\n<\/tfoot>\n<tbody class=\"row-hover\">\n<tr class=\"row-2 even\">\n\t<td class=\"column-1\"><strong>Ain (01)<\/strong><\/td><td class=\"column-2\">14 septembre 2025<br \/>\n8 heures<\/td><td class=\"column-3\"><strong>Marne (51)<\/strong><\/td><td class=\"column-4\">21 septembre 2025<\/td>\n<\/tr>\n<tr class=\"row-3 odd\">\n\t<td class=\"column-1\"><strong>Aisne (02)<\/strong><\/td><td class=\"column-2\">21 septembre 2025<\/td><td class=\"column-3\"><strong>Haute-Marne (52)<\/strong><\/td><td class=\"column-4\">21 septembre 2025<\/td>\n<\/tr>\n<tr class=\"row-4 even\">\n\t<td class=\"column-1\"><strong>Allier (03)<\/strong><\/td><td class=\"column-2\">21 septembre 2025<br \/>\n8 heures<\/td><td class=\"column-3\"><strong>Mayenne (53)<\/strong><\/td><td class=\"column-4\">21 septembre 2025<\/td>\n<\/tr>\n<tr class=\"row-5 odd\">\n\t<td class=\"column-1\"><strong>Alpes-de-Haute-Provence (04)<\/strong><\/td><td class=\"column-2\">14 septembre 2025<br \/>\n7 heures<\/td><td class=\"column-3\"><strong>Meurthe-et-Moselle (54)<\/strong><\/td><td class=\"column-4\">21 septembre 2025<br \/>\n8 heures<\/td>\n<\/tr>\n<tr class=\"row-6 even\">\n\t<td class=\"column-1\"><strong>Hautes-Alpes (05)<\/strong><\/td><td class=\"column-2\">14 septembre 2025<br \/>\n7 heures<\/td><td class=\"column-3\"><strong>Meuse (55)<\/strong><\/td><td class=\"column-4\">21 septembre 2025<br \/>\n8 heures<\/td>\n<\/tr>\n<tr class=\"row-7 odd\">\n\t<td class=\"column-1\"><strong>Alpes-Maritimes (06)<\/strong><\/td><td class=\"column-2\">14 septembre 2025<br \/>\n7 heures<\/td><td class=\"column-3\"><strong>Morbihan (56)<\/strong><\/td><td class=\"column-4\">21 septembre 2025<br \/>\n8h30<\/td>\n<\/tr>\n<tr class=\"row-8 even\">\n\t<td class=\"column-1\"><strong>Ard\u00e8che (07)<\/strong><\/td><td class=\"column-2\">14 septembre 2025<br \/>\n7 heures<\/td><td class=\"column-3\"><strong>Moselle (57)<\/strong><\/td><td class=\"column-4\">23 ao\u00fbt 2025<\/td>\n<\/tr>\n<tr class=\"row-9 odd\">\n\t<td class=\"column-1\"><strong>Ardennes (08)<\/strong><\/td><td class=\"column-2\">21 septembre 2025<br \/>\n8h30<\/td><td class=\"column-3\"><strong>Ni\u00e8vre (58)<\/strong><\/td><td class=\"column-4\">21 septembre 2025<\/td>\n<\/tr>\n<tr class=\"row-10 even\">\n\t<td class=\"column-1\"><strong>Ari\u00e8ge (09)<\/strong><\/td><td class=\"column-2\">- 7 septembre 2025 (zone de plaine)<br \/>\n- 14 septembre 2025 (zone de montagne)<\/td><td class=\"column-3\"><strong>Nord (59)<\/strong><\/td><td class=\"column-4\">21 septembre 2025<br \/>\n9 heures<\/td>\n<\/tr>\n<tr class=\"row-11 odd\">\n\t<td class=\"column-1\"><strong>Aube (10)<\/strong><\/td><td class=\"column-2\">21 septembre 2025<br \/>\n8h30<\/td><td class=\"column-3\"><strong>Oise (60)<\/strong><\/td><td class=\"column-4\">21 septembre 2025<br \/>\n9 heures<\/td>\n<\/tr>\n<tr class=\"row-12 even\">\n\t<td class=\"column-1\"><strong>Aude (11)<\/strong><\/td><td class=\"column-2\">7 septembre 2025<br \/>\n7 heures<\/td><td class=\"column-3\"><strong>Orne (61)<\/strong><\/td><td class=\"column-4\">28 septembre 2025<\/td>\n<\/tr>\n<tr class=\"row-13 odd\">\n\t<td class=\"column-1\"><strong>Aveyron (12)<\/strong><\/td><td class=\"column-2\">14 septembre 2025<\/td><td class=\"column-3\"><strong>Pas-de-Calais (62)<\/strong><\/td><td class=\"column-4\">21 septembre 2025<br \/>\n9 heures<\/td>\n<\/tr>\n<tr class=\"row-14 even\">\n\t<td class=\"column-1\"><strong>Bouches-du-Rh\u00f4ne (13)<\/strong><\/td><td class=\"column-2\">14 septembre 2025<br \/>\n7 heures<\/td><td class=\"column-3\"><strong>Puy-de-D\u00f4me (63)<\/strong><\/td><td class=\"column-4\">14 septembre 2025<br \/>\n7 heures<\/td>\n<\/tr>\n<tr class=\"row-15 odd\">\n\t<td class=\"column-1\"><strong>Calvados (14)<\/strong><\/td><td class=\"column-2\">21 septembre 2025<br \/>\n9 heures<\/td><td class=\"column-3\"><strong>Pyr\u00e9n\u00e9es-Atlantiques (64)<\/strong><\/td><td class=\"column-4\">14 septembre 2025<\/td>\n<\/tr>\n<tr class=\"row-16 even\">\n\t<td class=\"column-1\"><strong>Cantal (15)<\/strong><\/td><td class=\"column-2\">14 septembre 2025<br \/>\n7 heures<\/td><td class=\"column-3\"><strong>Hautes-Pyr\u00e9n\u00e9es (65)<\/strong><\/td><td class=\"column-4\">14 septembre 2025<\/td>\n<\/tr>\n<tr class=\"row-17 odd\">\n\t<td class=\"column-1\"><strong>Charente (16)<\/strong><\/td><td class=\"column-2\">14 septembre 2025<br \/>\n8 heures<\/td><td class=\"column-3\"><strong>Pyr\u00e9n\u00e9es-Orientales (66)<\/strong><\/td><td class=\"column-4\">14 septembre 2025<\/td>\n<\/tr>\n<tr class=\"row-18 even\">\n\t<td class=\"column-1\"><strong>Charente-Maritime (17)<\/strong><\/td><td class=\"column-2\">- 14 septembre 2025 8 heures (sauf \u00cele d'Aix)<br \/>\n- 21 septembre 2025 8 heures (uniquement \u00cele d'Aix)<\/td><td class=\"column-3\"><strong>Bas-Rhin (67)<\/strong><\/td><td class=\"column-4\">23 ao\u00fbt 2025<\/td>\n<\/tr>\n<tr class=\"row-19 odd\">\n\t<td class=\"column-1\"><strong>Cher (18)<\/strong><\/td><td class=\"column-2\">28 septembre 2025<\/td><td class=\"column-3\"><strong>Haut-Rhin (68)<\/strong><\/td><td class=\"column-4\">23 ao\u00fbt 2025<\/td>\n<\/tr>\n<tr class=\"row-20 even\">\n\t<td class=\"column-1\"><strong>Corr\u00e8ze (19)<\/strong><\/td><td class=\"column-2\">14 septembre 2025<br \/>\n8 heures<\/td><td class=\"column-3\"><strong>Rh\u00f4ne (69)<\/strong><\/td><td class=\"column-4\">14 septembre 2025<br \/>\n8 heures<\/td>\n<\/tr>\n<tr class=\"row-21 odd\">\n\t<td class=\"column-1\"><strong>Corse-du-Sud (2A)<\/strong><\/td><td class=\"column-2\">7 septembre 2025<\/td><td class=\"column-3\"><strong>Haute-Sa\u00f4ne (70)<\/strong><\/td><td class=\"column-4\">14 septembre 2025<br \/>\n8 heures<\/td>\n<\/tr>\n<tr class=\"row-22 even\">\n\t<td class=\"column-1\"><strong>Haute-Corse (2B)<\/strong><\/td><td class=\"column-2\">7 septembre 2025<\/td><td class=\"column-3\"><strong>Sa\u00f4ne-et-Loire (71)<\/strong><\/td><td class=\"column-4\">21 septembre 2025<br \/>\n8 heures<\/td>\n<\/tr>\n<tr class=\"row-23 odd\">\n\t<td class=\"column-1\"><strong>C\u00f4te-d'Or<\/strong><\/td><td class=\"column-2\">21 septembre 2025<\/td><td class=\"column-3\"><strong>Sarthe (72)<\/strong><\/td><td class=\"column-4\">28 septembre 2025<br \/>\n9 heures<\/td>\n<\/tr>\n<tr class=\"row-24 even\">\n\t<td class=\"column-1\"><strong>C\u00f4tes-d'Armor (22)<\/strong><\/td><td class=\"column-2\">21 septembre 2025<br \/>\n8h30<\/td><td class=\"column-3\"><strong>Savoie (73)<\/strong><\/td><td class=\"column-4\">14 septembre 2025<br \/>\n7 heures<\/td>\n<\/tr>\n<tr class=\"row-25 odd\">\n\t<td class=\"column-1\"><strong>Creuse (23)<\/strong><\/td><td class=\"column-2\">14 septembre 2025<br \/>\n8 heures<\/td><td class=\"column-3\"><strong>Haute-Savoie (74)<\/strong><\/td><td class=\"column-4\">14 septembre 2025<br \/>\n7 heures<\/td>\n<\/tr>\n<tr class=\"row-26 even\">\n\t<td class=\"column-1\"><strong>Dordogne (24)<\/strong><\/td><td class=\"column-2\">14 septembre 2025<br \/>\n8 heures<\/td><td class=\"column-3\"><strong>Paris (75)<\/strong><\/td><td class=\"column-4\">(\/)<\/td>\n<\/tr>\n<tr class=\"row-27 odd\">\n\t<td class=\"column-1\"><strong>Doubs (25)<\/strong><\/td><td class=\"column-2\">14 septembre 2025<br \/>\n8 heures<\/td><td class=\"column-3\"><strong>Seine-Maritime (76)<\/strong><\/td><td class=\"column-4\">21 septembre 2025<br \/>\n8 heures<\/td>\n<\/tr>\n<tr class=\"row-28 even\">\n\t<td class=\"column-1\"><strong>Dr\u00f4me (26)<\/strong><\/td><td class=\"column-2\">14 septembre 2025<br \/>\n7 heures<\/td><td class=\"column-3\"><strong>Seine-et-Marne (77)<\/strong><\/td><td class=\"column-4\">21 septembre 2025<br \/>\n9 heures<\/td>\n<\/tr>\n<tr class=\"row-29 odd\">\n\t<td class=\"column-1\"><strong>Eure (27)<\/strong><\/td><td class=\"column-2\">28 septembre 2025<br \/>\n9 heures<\/td><td class=\"column-3\"><strong>Yvelines (78)<\/strong><\/td><td class=\"column-4\">21 septembre 2025<br \/>\n9 heures<\/td>\n<\/tr>\n<tr class=\"row-30 even\">\n\t<td class=\"column-1\"><strong>Eure-et-Loir (28)<\/strong><\/td><td class=\"column-2\">- 21 septembre 2025<br \/>\n9 h (grand gibier et renard)<br \/>\n- 28 septembre 2025 9 h (autre gibier s\u00e9dentaire)<\/td><td class=\"column-3\"><strong>Deux-S\u00e8vres (79)<\/strong><\/td><td class=\"column-4\">- 14 septembre 2025 8 heures (sauf Niort)<br \/>\n- 28 septembre 2025 8 heures (uniquement Niort)<\/td>\n<\/tr>\n<tr class=\"row-31 odd\">\n\t<td class=\"column-1\"><strong>Finist\u00e8re (29)<\/strong><\/td><td class=\"column-2\">21 septembre 2025<br \/>\n8h30<\/td><td class=\"column-3\"><strong>Somme (80)<\/strong><\/td><td class=\"column-4\">21 septembre 2025<br \/>\n9 heures<\/td>\n<\/tr>\n<tr class=\"row-32 even\">\n\t<td class=\"column-1\"><strong>Gard (30)<\/strong><\/td><td class=\"column-2\">14 septembre 2025<br \/>\n7 heures<\/td><td class=\"column-3\"><strong>Tarn (81)<\/strong><\/td><td class=\"column-4\">14 septembre 2025<\/td>\n<\/tr>\n<tr class=\"row-33 odd\">\n\t<td class=\"column-1\"><strong>Haute-Garonne (31)<\/strong><\/td><td class=\"column-2\">14 septembre 2025<br \/>\n7 heures<\/td><td class=\"column-3\"><strong>Tarn-et-Garonne (82)<\/strong><\/td><td class=\"column-4\">14 septembre 2025<\/td>\n<\/tr>\n<tr class=\"row-34 even\">\n\t<td class=\"column-1\"><strong>Gers (32)<\/strong><\/td><td class=\"column-2\">14 septembre 2025<br \/>\n8 heures<\/td><td class=\"column-3\"><strong>Var (83)<\/strong><\/td><td class=\"column-4\">14 septembre 2025<br \/>\n7 heures<\/td>\n<\/tr>\n<tr class=\"row-35 odd\">\n\t<td class=\"column-1\"><strong>Gironde (33)<\/strong><\/td><td class=\"column-2\">14 septembre 2025<br \/>\n8 heures<\/td><td class=\"column-3\"><strong>Vaucluse (84)<\/strong><\/td><td class=\"column-4\">14 septembre 2025<br \/>\n7 heures<\/td>\n<\/tr>\n<tr class=\"row-36 even\">\n\t<td class=\"column-1\"><strong>H\u00e9rault (34)<\/strong><\/td><td class=\"column-2\">14 septembre 2025<\/td><td class=\"column-3\"><strong>Vend\u00e9e (85)<\/strong><\/td><td class=\"column-4\">21 septembre 2025<br \/>\n8 heures<\/td>\n<\/tr>\n<tr class=\"row-37 odd\">\n\t<td class=\"column-1\"><strong>Ille-et-Vilaine (35)<\/strong><\/td><td class=\"column-2\">21 septembre 2025<br \/>\n9 heures<\/td><td class=\"column-3\"><strong>Vienne (86)<\/strong><\/td><td class=\"column-4\">14 septembre 2025<br \/>\n8 heures<\/td>\n<\/tr>\n<tr class=\"row-38 even\">\n\t<td class=\"column-1\"><strong>Indre (36)<\/strong><\/td><td class=\"column-2\">28 septembre 2025<br \/>\n8 heures<\/td><td class=\"column-3\"><strong>Haute-Vienne (87)<\/strong><\/td><td class=\"column-4\">14 septembre 2025<br \/>\n8 heures<\/td>\n<\/tr>\n<tr class=\"row-39 odd\">\n\t<td class=\"column-1\"><strong>Indre-et-Loire (37)<\/strong><\/td><td class=\"column-2\">21 septembre 2025<br \/>\n9 heures<\/td><td class=\"column-3\"><strong>Vosges (88)<\/strong><\/td><td class=\"column-4\">21 septembre 2025<br \/>\n8 heures<\/td>\n<\/tr>\n<tr class=\"row-40 even\">\n\t<td class=\"column-1\"><strong>Is\u00e8re (38)<\/strong><\/td><td class=\"column-2\">14 septembre 2025<br \/>\n7 heures<\/td><td class=\"column-3\"><strong>Yonne (89)<\/strong><\/td><td class=\"column-4\">21 septembre 2025<\/td>\n<\/tr>\n<tr class=\"row-41 odd\">\n\t<td class=\"column-1\"><strong>Jura (39)<\/strong><\/td><td class=\"column-2\">14 septembre 2025<br \/>\n8 heures<\/td><td class=\"column-3\"><strong>Territoire de Belfort (90)<\/strong><\/td><td class=\"column-4\">14 septembre 2025<br \/>\n8 heures<\/td>\n<\/tr>\n<tr class=\"row-42 even\">\n\t<td class=\"column-1\"><strong>Landes (40)<\/strong><\/td><td class=\"column-2\">14 septembre 2025<br \/>\n8 heures<\/td><td class=\"column-3\"><strong>Essonne (91)<\/strong><\/td><td class=\"column-4\">21 septembre 2025<\/td>\n<\/tr>\n<tr class=\"row-43 odd\">\n\t<td class=\"column-1\"><strong>Loir-et-Cher (41)<\/strong><\/td><td class=\"column-2\">28 septembre 2025<\/td><td class=\"column-3\"><strong>Hauts-de-Seine (92)<\/strong><\/td><td class=\"column-4\">21 septembre 2025<br \/>\n9 heures<\/td>\n<\/tr>\n<tr class=\"row-44 even\">\n\t<td class=\"column-1\"><strong>Loire (42)<\/strong><\/td><td class=\"column-2\">14 septembre 2025<br \/>\n8 heures<\/td><td class=\"column-3\"><strong>Seine-Saint-Denis (93)<\/strong><\/td><td class=\"column-4\">21 septembre 2025<br \/>\n9 heures<\/td>\n<\/tr>\n<tr class=\"row-45 odd\">\n\t<td class=\"column-1\"><strong>Haute-Loire (43)<\/strong><\/td><td class=\"column-2\">14 septembre 2025<br \/>\n7 heures<\/td><td class=\"column-3\"><strong>Val-de-Marne (94)<\/strong><\/td><td class=\"column-4\">21 septembre 2025<br \/>\n9 heures<\/td>\n<\/tr>\n<tr class=\"row-46 even\">\n\t<td class=\"column-1\"><strong>Loire-Atlantique (44)<\/strong><\/td><td class=\"column-2\">21 septembre 2025<br \/>\n9 heures<\/td><td class=\"column-3\"><strong>Val-d'Oise (95)<\/strong><\/td><td class=\"column-4\">21 septembre 2025<br \/>\n9 heures<\/td>\n<\/tr>\n<tr class=\"row-47 odd\">\n\t<td class=\"column-1\"><strong>Loiret (45)<\/strong><\/td><td class=\"column-2\">21 septembre 2025<\/td><td class=\"column-3\"><strong>OUTRE-MER<\/strong><\/td><td class=\"column-4\"><\/td>\n<\/tr>\n<tr class=\"row-48 even\">\n\t<td class=\"column-1\"><strong>Lot (46)<\/strong><\/td><td class=\"column-2\">14 septembre 2025<\/td><td class=\"column-3\"><strong>Guadeloupe (971)<\/strong><\/td><td class=\"column-4\">25 juillet 2025<\/td>\n<\/tr>\n<tr class=\"row-49 odd\">\n\t<td class=\"column-1\"><strong>Lot-et-Garonne (47)<\/strong><\/td><td class=\"column-2\">14 septembre 2025<br \/>\n8 heures<\/td><td class=\"column-3\"><strong>Martinique (972)<\/strong><\/td><td class=\"column-4\">27 juillet 2025<\/td>\n<\/tr>\n<tr class=\"row-50 even\">\n\t<td class=\"column-1\"><strong>Loz\u00e8re (48)<\/strong><\/td><td class=\"column-2\">14 septembre 2025<\/td><td class=\"column-3\"><strong>La R\u00e9union (974)<\/strong><\/td><td class=\"column-4\">Dates variables selon les esp\u00e8ces (1er juin 2025 pour le petit gibier \u00e0 plumes)<\/td>\n<\/tr>\n<tr class=\"row-51 odd\">\n\t<td class=\"column-1\"><strong>Maine-et-Loire (49)<\/strong><\/td><td class=\"column-2\">21 septembre 2025<\/td><td class=\"column-3\"><strong>Saint-Pierre-et-Miquelon (975)<\/strong><\/td><td class=\"column-4\">- 31 ao\u00fbt 2025 (oiseaux migrateurs de terre)<br \/>\n-1er octobre 2025 (Oiseaux migrateurs de mer)<\/td>\n<\/tr>\n<tr class=\"row-52 even\">\n\t<td class=\"column-1\"><strong>Manche (50)<\/strong><\/td><td class=\"column-2\">28 septembre 2025<\/td><td class=\"column-3\"><strong>Saint-Martin (978)<\/strong><\/td><td class=\"column-4\">27 juillet 2025<\/td>\n<\/tr>\n<\/tbody>\n<\/table>\n\n<\/div><!-- #tablepress-25 from cache -->\n<p>Le tableau ci-dessus indique les dates d\u2019ouverture g\u00e9n\u00e9rale de la chasse d\u00e9partement par d\u00e9partement pour la saison 2025-2026, telles qu&rsquo;elles sont d\u00e9finies par l\u2019Office national de la chasse et de la faune sauvage (ONCFS).<\/p>\n<p><strong>ATTENTION :<\/strong> comme le pr\u00e9cise le site de la F\u00e9d\u00e9ration des chasseurs, le calendrier d&rsquo;ouverture de la saison cyn\u00e9g\u00e9tique \u00ab ne signifie pas forc\u00e9ment que la chasse est impossible avant ces dates \u00bb. Ainsi, \u00ab un contexte local particulier peut autoriser la chasse par anticipation ou sur une p\u00e9riode plus \u00e9tendue \u00bb, est-il encore expliqu\u00e9.<\/p>\n<p>En 2025, les chasseurs d&rsquo;Alsace-Moselle (d\u00e9partements du Haut-Rhin, du Bas-Rhin et de Moselle) sont, une nouvelle fois, les premiers \u00e0 ouvrir la saison cyn\u00e9g\u00e9tique, le 23 ao\u00fbt.<\/p>\n<p>G\u00e9n\u00e9ralement, la date d\u2019ouverture de la chasse est fix\u00e9e :<\/p>\n<ul>\n<li>le 21 ou le 28 septembre 2025 dans la moiti\u00e9 nord du pays (sauf Alsace-Moselle)<\/li>\n<li>le 14 septembre 2025 dans la moiti\u00e9 sud de la France (contre le 8 septembre 2024 la saison pr\u00e9c\u00e9dente).<\/li>\n<\/ul>\n<h3>Des dates d\u2019ouverture de la chasse d\u00e9rogatoires selon les esp\u00e8ces<\/h3>\n<p>Si le calendrier d\u2019ouverture de la chasse diff\u00e8re selon le d\u00e9partement, les dates peuvent \u00e9galement varier suivant les esp\u00e8ces de gibier chass\u00e9 (sanglier, chevreuil, cerf, perdrix, faisan, pigeon, li\u00e8vre, etc.).<\/p>\n<h4>Dates d\u2019ouverture de la chasse aux oiseaux de passage et au gibier d\u2019eau<\/h4>\n<p>Un calendrier sp\u00e9cifique est pr\u00e9vu pour la chasse aux oiseaux de passage et au gibier d\u2019eau (grives, tourterelles, cailles, oies, b\u00e9casses, canards plongeurs, canards de surface, etc.). Pour ces animaux, la chasse est encadr\u00e9e au niveau national par <strong><a href=\"https:\/\/www.legifrance.gouv.fr\/affichTexte.do?cidTexte=JORFTEXT000000456442\" target=\"_blank\" rel=\"noopener noreferrer\">l\u2019arr\u00eat\u00e9 minist\u00e9riel du 24 mars 2006<\/a><\/strong>.<\/p>\n<p>Le tableau ci-dessous indique, pour la saison 2025-2026, les dates d\u2019ouverture de la chasse aux oiseaux de passage, d\u00e9partement par d\u00e9partement, comme fix\u00e9 dans l\u2019arr\u00eat\u00e9 du 24 mars 2006 :<\/p>\n<div id=\"tablepress-26-scroll-wrapper\" class=\"tablepress-scroll-wrapper\">\n\n<table id=\"tablepress-26\" class=\"tablepress tablepress-id-26 tablepress-responsive\">\n<thead>\n<tr class=\"row-1 odd\">\n\t<th colspan=\"2\" class=\"column-1\"><strong>Dates d\u2019ouverture g\u00e9n\u00e9rale de la chasse aux oiseaux de passage (saison 2024-2025)<\/strong><\/th>\n<\/tr>\n<\/thead>\n<tfoot>\n<tr class=\"row-22 even\">\n\t<th colspan=\"2\" class=\"column-1\"><em>Source<\/em>\u00a0: arr\u00eat\u00e9 du 24 mars 2006 relatif \u00e0 l'ouverture de la chasse aux oiseaux de passage et au gibier d'eau<\/th>\n<\/tr>\n<\/tfoot>\n<tbody class=\"row-hover\">\n<tr class=\"row-2 even\">\n\t<td class=\"column-1\"><strong>ESP\u00c8CES<\/strong><\/td><td class=\"column-2\"><strong>DATES D\u2019OUVERTURE<\/strong><\/td>\n<\/tr>\n<tr class=\"row-3 odd\">\n\t<td class=\"column-1\"><strong>Phasianid\u00e9s :<\/strong><\/td><td class=\"column-2\">\u00a0<\/td>\n<\/tr>\n<tr class=\"row-4 even\">\n\t<td class=\"column-1\">Caille des bl\u00e9s<\/td><td class=\"column-2\">Dernier samedi d\u2019ao\u00fbt : 30 ao\u00fbt 2025<\/td>\n<\/tr>\n<tr class=\"row-5 odd\">\n\t<td class=\"column-1\"><strong>Columbid\u00e9s :<\/strong><\/td><td class=\"column-2\">\u00a0<\/td>\n<\/tr>\n<tr class=\"row-6 even\">\n\t<td class=\"column-1\">Pigeon biset<\/td><td class=\"column-2\">Ouverture g\u00e9n\u00e9rale (selon le d\u00e9partement)<\/td>\n<\/tr>\n<tr class=\"row-7 odd\">\n\t<td class=\"column-1\">Pigeon colombin<\/td><td class=\"column-2\">Ouverture g\u00e9n\u00e9rale<\/td>\n<\/tr>\n<tr class=\"row-8 even\">\n\t<td class=\"column-1\">Pigeon ramier<\/td><td class=\"column-2\">Ouverture g\u00e9n\u00e9rale<\/td>\n<\/tr>\n<tr class=\"row-9 odd\">\n\t<td class=\"column-1\">Tourterelle des bois<\/td><td class=\"column-2\">Dernier samedi d'ao\u00fbt (1) : 30 ao\u00fbt 2025<\/td>\n<\/tr>\n<tr class=\"row-10 even\">\n\t<td class=\"column-1\">Tourterelle turque<\/td><td class=\"column-2\">Ouverture g\u00e9n\u00e9rale<\/td>\n<\/tr>\n<tr class=\"row-11 odd\">\n\t<td class=\"column-1\"><strong>Limicoles :<\/strong><\/td><td class=\"column-2\">\u00a0<\/td>\n<\/tr>\n<tr class=\"row-12 even\">\n\t<td class=\"column-1\">B\u00e9casse des bois<\/td><td class=\"column-2\">Ouverture g\u00e9n\u00e9rale<\/td>\n<\/tr>\n<tr class=\"row-13 odd\">\n\t<td class=\"column-1\"><strong>Alaudid\u00e9s :<\/strong><\/td><td class=\"column-2\">\u00a0<\/td>\n<\/tr>\n<tr class=\"row-14 even\">\n\t<td class=\"column-1\">Alouette des champs<\/td><td class=\"column-2\">Ouverture g\u00e9n\u00e9rale<\/td>\n<\/tr>\n<tr class=\"row-15 odd\">\n\t<td class=\"column-1\"><strong>Turdid\u00e9s :<\/strong><\/td><td class=\"column-2\">\u00a0<\/td>\n<\/tr>\n<tr class=\"row-16 even\">\n\t<td class=\"column-1\">Grive draine<\/td><td class=\"column-2\">Ouverture g\u00e9n\u00e9rale<\/td>\n<\/tr>\n<tr class=\"row-17 odd\">\n\t<td class=\"column-1\">Grive litorne<\/td><td class=\"column-2\">Ouverture g\u00e9n\u00e9rale<\/td>\n<\/tr>\n<tr class=\"row-18 even\">\n\t<td class=\"column-1\">Grive mauvis<\/td><td class=\"column-2\">Ouverture g\u00e9n\u00e9rale<\/td>\n<\/tr>\n<tr class=\"row-19 odd\">\n\t<td class=\"column-1\">Grive musicienne<\/td><td class=\"column-2\">Ouverture g\u00e9n\u00e9rale<\/td>\n<\/tr>\n<tr class=\"row-20 even\">\n\t<td class=\"column-1\">Merle noir<\/td><td class=\"column-2\">Ouverture g\u00e9n\u00e9rale<\/td>\n<\/tr>\n<tr class=\"row-21 odd\">\n\t<td colspan=\"2\" class=\"column-1\"><em>(1) Avant l'ouverture g\u00e9n\u00e9rale, la chasse de la tourterelle des bois ne peut \u00eatre pratiqu\u00e9e qu'\u00e0 poste fixe construit et am\u00e9nag\u00e9 et qu'\u00e0 plus de 300 m\u00e8tres de tout b\u00e2timent<\/em><\/td>\n<\/tr>\n<\/tbody>\n<\/table>\n\n<\/div><!-- #tablepress-26 from cache -->\n<p>&nbsp;<\/p>\n<p>Les dates d\u2019ouvertures de la chasse au gibier d\u2019eau sont fix\u00e9es, d\u00e9partement par d\u00e9partement, dans l\u2019arr\u00eat\u00e9 du 24 mars 2006, comme indiqu\u00e9 dans le tableau ci-dessous.<\/p>\n<div id=\"tablepress-27-scroll-wrapper\" class=\"tablepress-scroll-wrapper\">\n\n<table id=\"tablepress-27\" class=\"tablepress tablepress-id-27 tablepress-responsive\">\n<thead>\n<tr class=\"row-1 odd\">\n\t<th colspan=\"4\" class=\"column-1\"><strong>Dates d\u2019ouverture g\u00e9n\u00e9rale de la chasse au gibier d\u2019eau par d\u00e9partement (saison 2024-2025)<\/strong><\/th>\n<\/tr>\n<\/thead>\n<tfoot>\n<tr class=\"row-48 even\">\n\t<th colspan=\"4\" class=\"column-1\"><em>Source\u00a0:<\/em> Arr\u00eat\u00e9 du 24 mars 2006 relatif \u00e0 l'ouverture de la chasse aux oiseaux de passage et au gibier d'eau<\/th>\n<\/tr>\n<\/tfoot>\n<tbody class=\"row-hover\">\n<tr class=\"row-2 even\">\n\t<td colspan=\"2\" class=\"column-1\"><\/td><td colspan=\"2\" class=\"column-3\"><strong>DATES D\u2019OUVERTURE<\/strong><\/td>\n<\/tr>\n<tr class=\"row-3 odd\">\n\t<td class=\"column-1\"><strong>ESP\u00c8CES<\/strong><\/td><td class=\"column-2\"><\/td><td class=\"column-3\"><strong>Ouverture anticip\u00e9e<\/strong><\/td><td class=\"column-4\"><strong>Cas g\u00e9n\u00e9ral<\/strong><\/td>\n<\/tr>\n<tr class=\"row-4 even\">\n\t<td class=\"column-1\"><\/td><td class=\"column-2\"><strong>Territoires d\u00e9crits au paragraphe <em>(**)<\/em> ci-dessous<\/strong><\/td><td class=\"column-3\"><strong>Autres territoires (article L426-6 du Code de l\u2019environnement)<\/strong><\/td><td class=\"column-4\"><strong>Reste du territoire<\/strong><\/td>\n<\/tr>\n<tr class=\"row-5 odd\">\n\t<td class=\"column-1\"><strong>Oies<\/strong><\/td><td class=\"column-2\"><\/td><td class=\"column-3\"><\/td><td class=\"column-4\"><\/td>\n<\/tr>\n<tr class=\"row-6 even\">\n\t<td class=\"column-1\">Oie cendr\u00e9e<\/td><td class=\"column-2\">Premier samedi d'ao\u00fbt \u00e0 6 heures (2 ao\u00fbt 2025)<\/td><td class=\"column-3\">Premier jour de la troisi\u00e8me d\u00e9cade d'ao\u00fbt \u00e0 6 heures (21 ao\u00fbt 2025)<\/td><td class=\"column-4\">Ouverture g\u00e9n\u00e9rale<\/td>\n<\/tr>\n<tr class=\"row-7 odd\">\n\t<td class=\"column-1\">Oie des moissons<\/td><td class=\"column-2\">Premier samedi d'ao\u00fbt \u00e0 6 heures (2 ao\u00fbt 2025)<\/td><td class=\"column-3\">Premier jour de la troisi\u00e8me d\u00e9cade d'ao\u00fbt \u00e0 6 heures (21 ao\u00fbt 2025)<\/td><td class=\"column-4\">Ouverture g\u00e9n\u00e9rale<\/td>\n<\/tr>\n<tr class=\"row-8 even\">\n\t<td class=\"column-1\">Oie rieuse<\/td><td class=\"column-2\">Premier samedi d'ao\u00fbt \u00e0 6 heures (2 ao\u00fbt 2025)<\/td><td class=\"column-3\">Premier jour de la troisi\u00e8me d\u00e9cade d'ao\u00fbt \u00e0 6 heures (21 ao\u00fbt 2025)<\/td><td class=\"column-4\">Ouverture g\u00e9n\u00e9rale<\/td>\n<\/tr>\n<tr class=\"row-9 odd\">\n\t<td class=\"column-1\"><strong>Canards de surface<\/strong><\/td><td class=\"column-2\"><\/td><td class=\"column-3\"><\/td><td class=\"column-4\"><\/td>\n<\/tr>\n<tr class=\"row-10 even\">\n\t<td class=\"column-1\">Canard chipeau<\/td><td class=\"column-2\">Premier samedi d'ao\u00fbt \u00e0 6 heures (2 ao\u00fbt 2025)<\/td><td class=\"column-3\">15 septembre 2025 \u00e0 7 heures<\/td><td class=\"column-4\">15 septembre 2025 \u00e0 7 heures<\/td>\n<\/tr>\n<tr class=\"row-11 odd\">\n\t<td class=\"column-1\">Canard colvert<\/td><td class=\"column-2\">Premier samedi d'ao\u00fbt \u00e0 6 heures (2 ao\u00fbt 2025)<\/td><td class=\"column-3\">Premier jour de la troisi\u00e8me d\u00e9cade d'ao\u00fbt \u00e0 6 heures (21 ao\u00fbt 2025)<\/td><td class=\"column-4\">Ouverture g\u00e9n\u00e9rale<\/td>\n<\/tr>\n<tr class=\"row-12 even\">\n\t<td class=\"column-1\">Canard pilet<\/td><td class=\"column-2\">Premier samedi d'ao\u00fbt \u00e0 6 heures (2 ao\u00fbt 2025)<\/td><td class=\"column-3\">Premier jour de la troisi\u00e8me d\u00e9cade d'ao\u00fbt \u00e0 6 heures (21 ao\u00fbt 2025)<\/td><td class=\"column-4\">Ouverture g\u00e9n\u00e9rale<\/td>\n<\/tr>\n<tr class=\"row-13 odd\">\n\t<td class=\"column-1\">Canard siffleur<\/td><td class=\"column-2\">Premier samedi d'ao\u00fbt \u00e0 6 heures (2 ao\u00fbt 2025)<\/td><td class=\"column-3\">Premier jour de la troisi\u00e8me d\u00e9cade d'ao\u00fbt \u00e0 6 heures (21 ao\u00fbt 2025)<\/td><td class=\"column-4\">Ouverture g\u00e9n\u00e9rale<\/td>\n<\/tr>\n<tr class=\"row-14 even\">\n\t<td class=\"column-1\">Canard souchet<\/td><td class=\"column-2\">Premier samedi d'ao\u00fbt \u00e0 6 heures (2 ao\u00fbt 2025)<\/td><td class=\"column-3\">Premier jour de la troisi\u00e8me d\u00e9cade d'ao\u00fbt \u00e0 6 heures (21 ao\u00fbt 2025)<\/td><td class=\"column-4\">Ouverture g\u00e9n\u00e9rale<\/td>\n<\/tr>\n<tr class=\"row-15 odd\">\n\t<td class=\"column-1\">Sarcelle d'\u00e9t\u00e9<\/td><td class=\"column-2\">Premier samedi d'ao\u00fbt \u00e0 6 heures (2 ao\u00fbt 2025)<\/td><td class=\"column-3\">Premier jour de la troisi\u00e8me d\u00e9cade d'ao\u00fbt \u00e0 6 heures (21 ao\u00fbt 2025)<\/td><td class=\"column-4\">Ouverture g\u00e9n\u00e9rale<\/td>\n<\/tr>\n<tr class=\"row-16 even\">\n\t<td class=\"column-1\">Sarcelle d'hiver<\/td><td class=\"column-2\">Premier samedi d'ao\u00fbt \u00e0 6 heures (2 ao\u00fbt 2025)<\/td><td class=\"column-3\">Premier jour de la troisi\u00e8me d\u00e9cade d'ao\u00fbt \u00e0 6 heures (21 ao\u00fbt 2025)<\/td><td class=\"column-4\">Ouverture g\u00e9n\u00e9rale<\/td>\n<\/tr>\n<tr class=\"row-17 odd\">\n\t<td class=\"column-1\"><strong>Canards plongeurs<\/strong><\/td><td class=\"column-2\"><\/td><td class=\"column-3\"><\/td><td class=\"column-4\"><\/td>\n<\/tr>\n<tr class=\"row-18 even\">\n\t<td class=\"column-1\">Eider \u00e0 duvet<\/td><td class=\"column-2\">Premier samedi d'ao\u00fbt \u00e0 6 heures (2 ao\u00fbt 2025)<\/td><td class=\"column-3\">Premier jour de la troisi\u00e8me d\u00e9cade d'ao\u00fbt \u00e0 6 heures (21 ao\u00fbt 2025)<\/td><td class=\"column-4\">Ouverture g\u00e9n\u00e9rale<\/td>\n<\/tr>\n<tr class=\"row-19 odd\">\n\t<td class=\"column-1\">Fuligule milouin<\/td><td class=\"column-2\">Premier samedi d'ao\u00fbt \u00e0 6 heures (2 ao\u00fbt 2025)<\/td><td class=\"column-3\">15 septembre 2025 \u00e0 7 heures<\/td><td class=\"column-4\">15 septembre 2025 \u00e0 7 heures<\/td>\n<\/tr>\n<tr class=\"row-20 even\">\n\t<td class=\"column-1\">Fuligule milouinan<\/td><td class=\"column-2\">Premier samedi d'ao\u00fbt \u00e0 6 heures (2 ao\u00fbt 2025)<\/td><td class=\"column-3\">Premier jour de la troisi\u00e8me d\u00e9cade d'ao\u00fbt \u00e0 6 heures (21 ao\u00fbt 2025)<\/td><td class=\"column-4\">Ouverture g\u00e9n\u00e9rale<\/td>\n<\/tr>\n<tr class=\"row-21 odd\">\n\t<td class=\"column-1\">Fuligule morillon<\/td><td class=\"column-2\">Premier samedi d'ao\u00fbt \u00e0 6 heures (2 ao\u00fbt 2025)<\/td><td class=\"column-3\">15 septembre 2025 \u00e0 7 heures<\/td><td class=\"column-4\">15 septembre 2025 \u00e0 7 heures<\/td>\n<\/tr>\n<tr class=\"row-22 even\">\n\t<td class=\"column-1\">Garrot \u00e0 \u0153il d'or<\/td><td class=\"column-2\">Premier samedi d'ao\u00fbt \u00e0 6 heures (2 ao\u00fbt 2025)<\/td><td class=\"column-3\">Premier jour de la troisi\u00e8me d\u00e9cade d'ao\u00fbt \u00e0 6 heures (21 ao\u00fbt 2025)<\/td><td class=\"column-4\">Ouverture g\u00e9n\u00e9rale<\/td>\n<\/tr>\n<tr class=\"row-23 odd\">\n\t<td class=\"column-1\">Harelde de Miquelon<\/td><td class=\"column-2\">Premier samedi d'ao\u00fbt \u00e0 6 heures (2 ao\u00fbt 2025)<\/td><td class=\"column-3\">Premier jour de la troisi\u00e8me d\u00e9cade d'ao\u00fbt \u00e0 6 heures (21 ao\u00fbt 2025)<\/td><td class=\"column-4\">Ouverture g\u00e9n\u00e9rale<\/td>\n<\/tr>\n<tr class=\"row-24 even\">\n\t<td class=\"column-1\">Macreuse noire<\/td><td class=\"column-2\">Premier samedi d'ao\u00fbt \u00e0 6 heures (2 ao\u00fbt 2025)<\/td><td class=\"column-3\">Premier jour de la troisi\u00e8me d\u00e9cade d'ao\u00fbt \u00e0 6 heures (21 ao\u00fbt 2025)<\/td><td class=\"column-4\">Ouverture g\u00e9n\u00e9rale<\/td>\n<\/tr>\n<tr class=\"row-25 odd\">\n\t<td class=\"column-1\">Macreuse brune<\/td><td class=\"column-2\">Premier samedi d'ao\u00fbt \u00e0 6 heures (2 ao\u00fbt 2025)<\/td><td class=\"column-3\">Premier jour de la troisi\u00e8me d\u00e9cade d'ao\u00fbt \u00e0 6 heures (21 ao\u00fbt 2025)<\/td><td class=\"column-4\">Ouverture g\u00e9n\u00e9rale<\/td>\n<\/tr>\n<tr class=\"row-26 even\">\n\t<td class=\"column-1\">Nette rousse<\/td><td class=\"column-2\">Premier samedi d'ao\u00fbt \u00e0 6 heures (2 ao\u00fbt 2025)<\/td><td class=\"column-3\">15 septembre 2025 \u00e0 7 heures<\/td><td class=\"column-4\">15 septembre 2025 \u00e0 7 heures<\/td>\n<\/tr>\n<tr class=\"row-27 odd\">\n\t<td class=\"column-1\"><strong>Rallid\u00e9s :<\/strong><\/td><td class=\"column-2\"><\/td><td class=\"column-3\"><\/td><td class=\"column-4\"><\/td>\n<\/tr>\n<tr class=\"row-28 even\">\n\t<td class=\"column-1\">Foulque macroule<\/td><td class=\"column-2\">Premier samedi d'ao\u00fbt \u00e0 6 heures (2 ao\u00fbt 2025)<\/td><td class=\"column-3\">15 septembre 2025 \u00e0 7 heures<\/td><td class=\"column-4\">15 septembre 2025 \u00e0 7 heures<\/td>\n<\/tr>\n<tr class=\"row-29 odd\">\n\t<td class=\"column-1\">Poule d'eau<\/td><td class=\"column-2\">Premier samedi d'ao\u00fbt \u00e0 6 heures (2 ao\u00fbt 2025)<\/td><td class=\"column-3\">15 septembre 2025 \u00e0 7 heures<\/td><td class=\"column-4\">15 septembre 2025 \u00e0 7 heures<\/td>\n<\/tr>\n<tr class=\"row-30 even\">\n\t<td class=\"column-1\">R\u00e2le d'eau<\/td><td class=\"column-2\">Premier samedi d'ao\u00fbt \u00e0 6 heures (2 ao\u00fbt 2025)<\/td><td class=\"column-3\">15 septembre 2025 \u00e0 7 heures<\/td><td class=\"column-4\">15 septembre 2025 \u00e0 7 heures<\/td>\n<\/tr>\n<tr class=\"row-31 odd\">\n\t<td class=\"column-1\"><strong>Limicoles<\/strong><\/td><td class=\"column-2\"><\/td><td class=\"column-3\"><\/td><td class=\"column-4\"><\/td>\n<\/tr>\n<tr class=\"row-32 even\">\n\t<td class=\"column-1\">Barge \u00e0 queue noire<\/td><td class=\"column-2\">Premier samedi d'ao\u00fbt \u00e0 6 heures (2 ao\u00fbt 2025)<\/td><td class=\"column-3\">Premier jour de la troisi\u00e8me d\u00e9cade d'ao\u00fbt \u00e0 6 heures (21 ao\u00fbt 2025)<\/td><td class=\"column-4\">Ouverture g\u00e9n\u00e9rale<\/td>\n<\/tr>\n<tr class=\"row-33 odd\">\n\t<td class=\"column-1\">Barge rousse<\/td><td class=\"column-2\">Premier samedi d'ao\u00fbt \u00e0 6 heures (2 ao\u00fbt 2025)<\/td><td class=\"column-3\">Premier jour de la troisi\u00e8me d\u00e9cade d'ao\u00fbt \u00e0 6 heures (21 ao\u00fbt 2025)<\/td><td class=\"column-4\">Ouverture g\u00e9n\u00e9rale<\/td>\n<\/tr>\n<tr class=\"row-34 even\">\n\t<td class=\"column-1\">B\u00e9casseau maub\u00e8che<\/td><td class=\"column-2\">Premier samedi d'ao\u00fbt \u00e0 6 heures (2 ao\u00fbt 2025)<\/td><td class=\"column-3\">Premier jour de la troisi\u00e8me d\u00e9cade d'ao\u00fbt \u00e0 6 heures (21 ao\u00fbt 2025)<\/td><td class=\"column-4\">Ouverture g\u00e9n\u00e9rale<\/td>\n<\/tr>\n<tr class=\"row-35 odd\">\n\t<td class=\"column-1\">B\u00e9cassine des marais<\/td><td class=\"column-2\">Premier samedi d'ao\u00fbt \u00e0 6 heures (2 ao\u00fbt 2025)<\/td><td class=\"column-3\">Premier samedi d'ao\u00fbt \u00e0 6 heures <em>(***)<\/em> : 2 ao\u00fbt 2025<\/td><td class=\"column-4\">Ouverture g\u00e9n\u00e9rale<\/td>\n<\/tr>\n<tr class=\"row-36 even\">\n\t<td class=\"column-1\">B\u00e9cassine sourde<\/td><td class=\"column-2\">Premier samedi d'ao\u00fbt \u00e0 6 heures (2 ao\u00fbt 2025)<\/td><td class=\"column-3\">Premier samedi d'ao\u00fbt \u00e0 6 heures <em>(***)<\/em> : 2 ao\u00fbt 2025<\/td><td class=\"column-4\">Ouverture g\u00e9n\u00e9rale<\/td>\n<\/tr>\n<tr class=\"row-37 odd\">\n\t<td class=\"column-1\">Chevalier aboyeur<\/td><td class=\"column-2\">Premier samedi d'ao\u00fbt \u00e0 6 heures (2 ao\u00fbt 2025)<\/td><td class=\"column-3\">Premier jour de la troisi\u00e8me d\u00e9cade d'ao\u00fbt \u00e0 6 heures (21 ao\u00fbt 2025)<\/td><td class=\"column-4\">Ouverture g\u00e9n\u00e9rale<\/td>\n<\/tr>\n<tr class=\"row-38 even\">\n\t<td class=\"column-1\">Chevalier arlequin<\/td><td class=\"column-2\">Premier samedi d'ao\u00fbt \u00e0 6 heures (2 ao\u00fbt 2025)<\/td><td class=\"column-3\">Premier jour de la troisi\u00e8me d\u00e9cade d'ao\u00fbt \u00e0 6 heures (21 ao\u00fbt 2025)<\/td><td class=\"column-4\">Ouverture g\u00e9n\u00e9rale<\/td>\n<\/tr>\n<tr class=\"row-39 odd\">\n\t<td class=\"column-1\">Chevalier combattant<\/td><td class=\"column-2\">Premier samedi d'ao\u00fbt \u00e0 6 heures (2 ao\u00fbt 2025)<\/td><td class=\"column-3\">Premier jour de la troisi\u00e8me d\u00e9cade d'ao\u00fbt \u00e0 6 heures (21 ao\u00fbt 2025)<\/td><td class=\"column-4\">Ouverture g\u00e9n\u00e9rale<\/td>\n<\/tr>\n<tr class=\"row-40 even\">\n\t<td class=\"column-1\">Chevalier gambette<\/td><td class=\"column-2\">Premier samedi d'ao\u00fbt \u00e0 6 heures (2 ao\u00fbt 2025)<\/td><td class=\"column-3\">Premier jour de la troisi\u00e8me d\u00e9cade d'ao\u00fbt \u00e0 6 heures (21 ao\u00fbt 2025)<\/td><td class=\"column-4\">Ouverture g\u00e9n\u00e9rale<\/td>\n<\/tr>\n<tr class=\"row-41 odd\">\n\t<td class=\"column-1\">Courlis cendr\u00e9<\/td><td class=\"column-2\">Premier samedi d'ao\u00fbt \u00e0 6 heures (2 ao\u00fbt 2025)<\/td><td class=\"column-3\">Premier jour de la troisi\u00e8me d\u00e9cade d'ao\u00fbt \u00e0 6 heures (21 ao\u00fbt 2025)<\/td><td class=\"column-4\">Ouverture g\u00e9n\u00e9rale<\/td>\n<\/tr>\n<tr class=\"row-42 even\">\n\t<td class=\"column-1\">Courlis corlieu<\/td><td class=\"column-2\">Premier samedi d'ao\u00fbt \u00e0 6 heures (2 ao\u00fbt 2025)<\/td><td class=\"column-3\">Premier jour de la troisi\u00e8me d\u00e9cade d'ao\u00fbt \u00e0 6 heures (21 ao\u00fbt 2025)<\/td><td class=\"column-4\">Ouverture g\u00e9n\u00e9rale<\/td>\n<\/tr>\n<tr class=\"row-43 odd\">\n\t<td class=\"column-1\">Hu\u00eetrier pie<\/td><td class=\"column-2\">Premier samedi d'ao\u00fbt \u00e0 6 heures (2 ao\u00fbt 2025)<\/td><td class=\"column-3\">Premier jour de la troisi\u00e8me d\u00e9cade d'ao\u00fbt \u00e0 6 heures (21 ao\u00fbt 2025)<\/td><td class=\"column-4\">Ouverture g\u00e9n\u00e9rale<\/td>\n<\/tr>\n<tr class=\"row-44 even\">\n\t<td class=\"column-1\">Pluvier dor\u00e9<\/td><td class=\"column-2\">Premier samedi d'ao\u00fbt \u00e0 6 heures (2 ao\u00fbt 2025)<\/td><td class=\"column-3\">Premier jour de la troisi\u00e8me d\u00e9cade d'ao\u00fbt \u00e0 6 heures (21 ao\u00fbt 2025)<\/td><td class=\"column-4\">Ouverture g\u00e9n\u00e9rale<\/td>\n<\/tr>\n<tr class=\"row-45 odd\">\n\t<td class=\"column-1\">Pluvier argent\u00e9<\/td><td class=\"column-2\">Premier samedi d'ao\u00fbt \u00e0 6 heures (2 ao\u00fbt 2025)<\/td><td class=\"column-3\">Premier jour de la troisi\u00e8me d\u00e9cade d'ao\u00fbt \u00e0 6 heures (21 ao\u00fbt 2025)<\/td><td class=\"column-4\">Ouverture g\u00e9n\u00e9rale<\/td>\n<\/tr>\n<tr class=\"row-46 even\">\n\t<td class=\"column-1\">Vanneau hupp\u00e9<\/td><td class=\"column-2\">Ouverture g\u00e9n\u00e9rale<\/td><td class=\"column-3\">Ouverture g\u00e9n\u00e9rale<\/td><td class=\"column-4\">Ouverture g\u00e9n\u00e9rale<\/td>\n<\/tr>\n<tr class=\"row-47 odd\">\n\t<td colspan=\"4\" class=\"column-1\"><em>(**) Domaine public maritime des d\u00e9partements c\u00f4tiers de la fa\u00e7ade maritime de l'Atlantique, de la Manche et de la mer du Nord, \u00e0 l'exception des \u00e9tangs et des plans d'eau sal\u00e9s reli\u00e9s ou non \u00e0 la mer.<br \/>\n<br \/>\nPartie de l'estuaire de la Gironde qui comprend la partie du domaine public fluvial qui est situ\u00e9e entre le domaine public maritime et la limite de salure des eaux et qui inclut l'estran et les \u00eeles jusqu'\u00e0 la limite des plus hautes eaux avant d\u00e9bordement.<br \/>\n<br \/>\n\u00c9tangs suivants de la Gironde et des Landes : \u00e9tangs du Porge, \u00e9tang de Hourtin-Carcans, \u00e9tang de Cazaux et de Sanguinet, \u00e9tang du Cousseau, \u00e9tang de Lacanau, \u00e9tang de La Forge-Uza, \u00e9tang de Mo\u00efsan, \u00e9tangs de la Maillou\u00e8yre, \u00e9tang des dunes domaniales de Moliets et Maa, lac de Moliets, lac de la Prade, lac de Hardy, lac Blanc, \u00e9tang Noir, \u00e9tang d'Irieu, lac du Turc, \u00e9tang de Garros, \u00e9tang d'Aureilhan, \u00e9tang de Parentis-Biscarrosse, \u00e9tang de Pontenx-les-Forges, \u00e9tang de L\u00e9on et \u00e9tang de Soustons.<br \/>\n<br \/>\nHors du domaine public maritime, dans les communes de Gujan-Mestras, Le Teich et La Teste-de-Buch : les parties soumises aux mar\u00e9es, du domaine du Rocher, du domaine de Bayonne et des grands pr\u00e9s du Teich ;<br \/>\n<br \/>\nHors du domaine public maritime, dans les communes d'Andernos-les-Bains, Ar\u00e8s, Audenge, Biganos, Lanton, L\u00e8ge-Cap-Ferret, Marcheprime et Mios : les parties soumises aux mar\u00e9es des \u00eelots de Biganos.<br \/>\n<br \/>\n(***) Jusqu'au premier jour de la troisi\u00e8me d\u00e9cade d'ao\u00fbt \u00e0 6 heures, sur les seules prairies humides et les zones de marais non ass\u00e9ch\u00e9es sp\u00e9cifiquement am\u00e9nag\u00e9es pour la chasse de ces deux esp\u00e8ces, par la r\u00e9alisation de plati\u00e8res et la mise en eau, entre 10 heures et 17 heures.<\/em><\/td>\n<\/tr>\n<\/tbody>\n<\/table>\n\n<\/div><!-- #tablepress-27 from cache -->\n<p>&nbsp;<\/p>\n<p><strong>\u26a0\ufe0f ATTENTION :<\/strong> un arr\u00eat\u00e9 minist\u00e9riel du 30 juillet 2025 (source <a href=\"https:\/\/www.legifrance.gouv.fr\/jorf\/id\/JORFTEXT000052019690\">L\u00e9gifrance<\/a>), publi\u00e9 au<em> Journal Officiel<\/em> du 1er ao\u00fbt 2025, pr\u00e9cise que la <a href=\"https:\/\/www.legifrance.gouv.fr\/jorf\/id\/JORFTEXT000050067107\" target=\"_blank\" rel=\"nofollow noopener noreferrer\">chasse de la <strong>barge \u00e0 queue noire<\/strong><\/a>, la <a href=\"https:\/\/www.legifrance.gouv.fr\/jorf\/id\/JORFTEXT000050067125\" target=\"_blank\" rel=\"nofollow noopener noreferrer\">chasse du <strong>courlis cendr\u00e9<\/strong><\/a> sont toujours suspendues jusqu&rsquo;au 30 juillet 2026 sur l&rsquo;ensemble du territoire de France m\u00e9tropolitaine. Ces oiseaux figurent parmi les cinq esp\u00e8ces soumises \u00e0 une gestion adaptative (avec le grand t\u00e9tras, la tourterelle des bois et la b\u00e9casse). Des interdictions de chasse avaient d\u00e9j\u00e0 \u00e9t\u00e9 prononc\u00e9es lors des pr\u00e9c\u00e9dentes saisons.<\/p>\n<h4>Tir d\u2019\u00e9t\u00e9 : les dates de chasse anticip\u00e9e au sanglier<\/h4>\n<p>Le sanglier (class\u00e9 dans la cat\u00e9gorie grand gibier) est chassable pendant les dates d\u2019ouverture de la chasse. Mais dans chaque d\u00e9partement, la date est susceptible d\u2019\u00eatre diff\u00e9rente. Il est donc indispensable de se r\u00e9f\u00e9rer \u00e0 l\u2019arr\u00eat\u00e9 pr\u00e9fectoral publi\u00e9 chaque ann\u00e9e.<\/p>\n<p>Mais ces animaux \u00e9tant consid\u00e9r\u00e9s comme nuisibles (d\u00e9g\u00e2ts agricoles, risque de prolif\u00e9ration de peste porcine ou de collisions routi\u00e8res), des dispositions peuvent \u00eatre prises pour r\u00e9guler leur population.<\/p>\n<p>C\u2019est pourquoi la chasse anticip\u00e9e (ou tir d\u2019\u00e9t\u00e9) du sanglier peut s\u2019effectuer sur l\u2019ensemble du territoire du d\u00e9partement <strong>\u00e0 partir du 1<sup>er<\/sup> juin et jusqu\u2019\u00e0 l\u2019ouverture g\u00e9n\u00e9rale de la chasse<\/strong>. Pour ce faire, les d\u00e9tenteurs du droit de chasse doivent justifier d\u2019une autorisation individuelle pr\u00e9fectorale.<\/p>\n<p>L\u2019Office fran\u00e7ais de la biodiversit\u00e9 (OFB) &#8211; l&rsquo;ancien Office national de la chasse et de la faune sauvage (ONCFS) &#8211; pr\u00e9cise ainsi les modalit\u00e9s de la chasse du sanglier durant la p\u00e9riode de tir anticip\u00e9 :<\/p>\n<ul>\n<li><strong>du 1<sup>er<\/sup> juin au 14 ao\u00fbt\u00a0:<\/strong> chasse en battue, \u00e0 l\u2019aff\u00fbt ou \u00e0 l\u2019approche, apr\u00e8s autorisation pr\u00e9fectorale d\u00e9livr\u00e9e au d\u00e9tenteur du droit de chasse, et dans les conditions fix\u00e9es par l\u2019arr\u00eat\u00e9 du pr\u00e9fet (obligation d\u2019adresser le bilan des effectifs pr\u00e9lev\u00e9s)<\/li>\n<li><strong>du 15 ao\u00fbt \u00e0 l\u2019ouverture g\u00e9n\u00e9rale et de la cl\u00f4ture g\u00e9n\u00e9rale au 31 mars au plus tard<\/strong> (cf. <a href=\"https:\/\/www.legifrance.gouv.fr\/affichTexte.do?cidTexte=JORFTEXT000041496972&amp;dateTexte=&amp;categorieLien=id\" target=\"_blank\" rel=\"nofollow noopener noreferrer\">d\u00e9cret du 29 janvier 2020<\/a>, paru au <em>Journal Officiel<\/em>)\u00a0: chasse en battue, \u00e0 l\u2019aff\u00fbt ou \u00e0 l\u2019approche, sans aucune autre formalit\u00e9s<\/li>\n<\/ul>\n<p>\u00c0 noter qu\u2019une demande d\u2019autorisation individuelle peut \u00eatre faite, selon des modalit\u00e9s semblables, pour la chasse anticip\u00e9e au chevreuil, au cerf, au daim et au renard.<\/p>\n<p><strong>\ud83d\udccdIMPORTANT\u00a0:<\/strong> les d\u00e9partements alsaciens et de Moselle, qui jouissent d\u2019un droit de la chasse sp\u00e9cifique (h\u00e9rit\u00e9 du droit allemand), b\u00e9n\u00e9ficient pour leur part d\u2019une p\u00e9riode de chasse au sanglier tr\u00e8s \u00e9largie. Celle-ci va, en effet, du 15 avril au 1<sup>er<\/sup> f\u00e9vrier (soit, pour la saison 2025-2026, du 15 avril 2025 au 1<sup>er<\/sup> f\u00e9vrier 2026). Pour \u00e9radiquer la surpopulation de sangliers, l\u2019esp\u00e8ce peut m\u00eame \u00eatre chass\u00e9e certaines ann\u00e9es douze mois sur douze en Moselle pour les titulaires du droit de chasse \u00e0 l&rsquo;aff\u00fbt, en approche ou en battue.<\/p>\n<h3>Des dates d\u2019ouverture variables selon le type de chasse<\/h3>\n<p>Certaines dates d\u2019ouverture de la chasse peuvent l\u00e9g\u00e8rement varier en fonction du type de chasse pratiqu\u00e9. Trois modes de chasse sont autoris\u00e9s en France\u00a0: la chasse \u00e0 tir, la chasse au vol et la chasse \u00e0 courre.<\/p>\n<h4>Quand la saison de la chasse \u00e0 tir d\u00e9marre-t-elle\u00a0?<\/h4>\n<p>La chasse \u00e0 tir est la technique de chasse la plus r\u00e9pandue partout en France. <em>De facto<\/em>, elle est pratiqu\u00e9e par la grande majorit\u00e9 des chasseurs. Le chasseur, seul ou en groupe, peut utiliser un fusil, une carabine ou un arc.<\/p>\n<p>La date d\u2019ouverture de la chasse \u00e0 tir est fix\u00e9e <strong>par arr\u00eat\u00e9 pr\u00e9fectoral<\/strong>. Pour la saison 2025-2026, la p\u00e9riode d\u2019ouverture de la chasse \u00e0 tir dans l&rsquo;Orne d\u00e9marre le 28 septembre 2025 (date d\u2019ouverture g\u00e9n\u00e9rale dans ce d\u00e9partement), sauf pour les oiseaux de passage et le gibier d\u2019eau. En revanche, dans l&rsquo;Is\u00e8re, la saison de la chasse \u00e0 tir 2025-2026 d\u00e9bute le 14 septembre 2025 \u00e0 7 heures.<\/p>\n<h4>Date d\u2019ouverture de la chasse au vol<\/h4>\n<p>La chasse au vol &#8211; plus g\u00e9n\u00e9ralement appel\u00e9e fauconnerie pour le haut vol, et autourserie pour le bas vol &#8211; est l\u2019art de capturer une proie sauvage dans son milieu naturel \u00e0 l\u2019aide d\u2019un rapace affait\u00e9 (faucon, aigle, buse, autour).<\/p>\n<p>Pour les mammif\u00e8res et les esp\u00e8ces d\u2019oiseaux s\u00e9dentaires (la liste est fix\u00e9e par un arr\u00eat\u00e9 en date du 26 juin 1987), la saison de la chasse au vol d\u00e9marre le jour de la date d\u2019ouverture g\u00e9n\u00e9rale de la chasse fix\u00e9e<strong> par arr\u00eat\u00e9 dans chaque d\u00e9partement<\/strong>.<\/p>\n<p>En ce qui concerne les oiseaux de passage et le gibier d\u2019eau, la date de d\u00e9marrage de la chasse est indiqu\u00e9 dans un arr\u00eat\u00e9 minist\u00e9riel du 24 mars 2006.<\/p>\n<h4>Date d\u2019ouverture de la chasse \u00e0 courre<\/h4>\n<p>En ce qui concerne la v\u00e9nerie (ou chasse \u00e0 courre), les dates d\u2019ouverture sont d\u00e9finies \u00e0 l\u2019article R424-4 du Code de l\u2019environnement. Cet article dispose que <strong>\u00ab la chasse \u00e0 courre, \u00e0 cor et \u00e0 cri est ouverte du 15 septembre au 31 mars \u00bb<\/strong>.<\/p>\n<p>Les esp\u00e8ces concern\u00e9es par la \u00ab\u00a0grande v\u00e9nerie\u00a0\u00bb sont le chevreuil, le cerf et le sanglier. Celles chass\u00e9es \u00e0 courre dans le cadre de la \u00ab\u00a0petite v\u00e9nerie\u00a0\u00bb sont le renard, le li\u00e8vre et le lapin de garenne. Cette chasse se pratique avec une meute de chiens courants.<\/p>\n<p>&nbsp;<\/p>\n<h2><span class=\"ez-toc-section\" id=\"Dates_de_fermeture_de_la_chasse_2026\"><\/span>Dates de fermeture de la chasse 2026<span class=\"ez-toc-section-end\"><\/span><\/h2>\n<h3>Tableau des dates de fermeture g\u00e9n\u00e9rale de la chasse par d\u00e9partement<\/h3>\n<div id=\"tablepress-28-scroll-wrapper\" class=\"tablepress-scroll-wrapper\">\n\n<table id=\"tablepress-28\" class=\"tablepress tablepress-id-28 tablepress-responsive\">\n<thead>\n<tr class=\"row-1 odd\">\n\t<th colspan=\"4\" class=\"column-1\"><strong>Dates de fermeture g\u00e9n\u00e9rale de la chasse par d\u00e9partement (saison 2024-2025)<\/strong><\/th>\n<\/tr>\n<\/thead>\n<tfoot>\n<tr class=\"row-53 odd\">\n\t<th colspan=\"4\" class=\"column-1\"><em>Sources : Office fran\u00e7ais de la biodiversit\u00e9 (OFB), arr\u00eat\u00e9s des pr\u00e9fets de d\u00e9partement, f\u00e9d\u00e9ration des chasseurs (pour Saint-Pierre-et-Miquelon)<\/em><\/th>\n<\/tr>\n<\/tfoot>\n<tbody class=\"row-hover\">\n<tr class=\"row-2 even\">\n\t<td class=\"column-1\"><strong>Ain (01)<\/strong><\/td><td class=\"column-2\">28 f\u00e9vrier 2026<\/td><td class=\"column-3\"><strong>Marne (51)<\/strong><\/td><td class=\"column-4\">28 f\u00e9vrier 2026<\/td>\n<\/tr>\n<tr class=\"row-3 odd\">\n\t<td class=\"column-1\"><strong>Aisne (02)<\/strong><\/td><td class=\"column-2\">28 f\u00e9vrier 2026<\/td><td class=\"column-3\"><strong>Haute-Marne (52)<\/strong><\/td><td class=\"column-4\">28 f\u00e9vrier 2026<\/td>\n<\/tr>\n<tr class=\"row-4 even\">\n\t<td class=\"column-1\"><strong>Allier (03)<\/strong><\/td><td class=\"column-2\">28 f\u00e9vrier 2026<\/td><td class=\"column-3\"><strong>Mayenne (53)<\/strong><\/td><td class=\"column-4\">28 f\u00e9vrier 2026<\/td>\n<\/tr>\n<tr class=\"row-5 odd\">\n\t<td class=\"column-1\"><strong>Alpes-de-Haute-Provence (04)<\/strong><\/td><td class=\"column-2\">11 janvier 2026<\/td><td class=\"column-3\"><strong>Meurthe-et-Moselle (54)<\/strong><\/td><td class=\"column-4\">28 f\u00e9vrier 2026<\/td>\n<\/tr>\n<tr class=\"row-6 even\">\n\t<td class=\"column-1\"><strong>Hautes-Alpes (05)<\/strong><\/td><td class=\"column-2\">11 janvier 2026<\/td><td class=\"column-3\"><strong>Meuse (55)<\/strong><\/td><td class=\"column-4\">28 f\u00e9vrier 2026<br \/>\n17h30<\/td>\n<\/tr>\n<tr class=\"row-7 odd\">\n\t<td class=\"column-1\"><strong>Alpes-Maritimes (06)<\/strong><\/td><td class=\"column-2\">11 janvier 2026<\/td><td class=\"column-3\"><strong>Morbihan (56)<\/strong><\/td><td class=\"column-4\">28 f\u00e9vrier 2026<br \/>\n17h30<\/td>\n<\/tr>\n<tr class=\"row-8 even\">\n\t<td class=\"column-1\"><strong>Ard\u00e8che (07)<\/strong><\/td><td class=\"column-2\">28 f\u00e9vrier 2026<\/td><td class=\"column-3\"><strong>Moselle (57)<\/strong><\/td><td class=\"column-4\">1er<\/sup> f\u00e9vrier 2026<\/td>\n<\/tr>\n<tr class=\"row-9 odd\">\n\t<td class=\"column-1\"><strong>Ardennes (08)<\/strong><\/td><td class=\"column-2\">28 f\u00e9vrier 2026<br \/>\n18 heures<\/td><td class=\"column-3\"><strong>Ni\u00e8vre (58)<\/strong><\/td><td class=\"column-4\">28 f\u00e9vrier 2026<\/td>\n<\/tr>\n<tr class=\"row-10 even\">\n\t<td class=\"column-1\"><strong>Ari\u00e8ge (09)<\/strong><\/td><td class=\"column-2\">26 f\u00e9vrier 2026 (zone de plaine et zone de montagne)<\/td><td class=\"column-3\"><strong>Nord (59)<\/strong><\/td><td class=\"column-4\">28 f\u00e9vrier 2026<br \/>\n17 heures<\/td>\n<\/tr>\n<tr class=\"row-11 odd\">\n\t<td class=\"column-1\"><strong>Aube (10)<\/strong><\/td><td class=\"column-2\">28 f\u00e9vrier 2026<\/td><td class=\"column-3\"><strong>Oise (60)<\/strong><\/td><td class=\"column-4\">28 f\u00e9vrier 2026<br \/>\n18 heures<\/td>\n<\/tr>\n<tr class=\"row-12 even\">\n\t<td class=\"column-1\"><strong>Aude (11)<\/strong><\/td><td class=\"column-2\">27 f\u00e9vrier 2026<\/td><td class=\"column-3\"><strong>Orne (61)<\/strong><\/td><td class=\"column-4\">28 f\u00e9vrier 2026<\/td>\n<\/tr>\n<tr class=\"row-13 odd\">\n\t<td class=\"column-1\"><strong>Aveyron (12)<\/strong><\/td><td class=\"column-2\">31 mars 2026<\/td><td class=\"column-3\"><strong>Pas-de-Calais (62)<\/strong><\/td><td class=\"column-4\">28 f\u00e9vrier 2026<br \/>\n18 heures<\/td>\n<\/tr>\n<tr class=\"row-14 even\">\n\t<td class=\"column-1\"><strong>Bouches-du-Rh\u00f4ne (13)<\/strong><\/td><td class=\"column-2\">28 f\u00e9vrier 2026<\/td><td class=\"column-3\"><strong>Puy-de-D\u00f4me (63)<\/strong><\/td><td class=\"column-4\">28 f\u00e9vrier 2026<\/td>\n<\/tr>\n<tr class=\"row-15 odd\">\n\t<td class=\"column-1\"><strong>Calvados (14)<\/strong><\/td><td class=\"column-2\">28 f\u00e9vrier 2026<br \/>\n17 heures<\/td><td class=\"column-3\"><strong>Pyr\u00e9n\u00e9es-Atlantiques (64)<\/strong><\/td><td class=\"column-4\">28 f\u00e9vrier 2026<\/td>\n<\/tr>\n<tr class=\"row-16 even\">\n\t<td class=\"column-1\"><strong>Cantal (15)<\/strong><\/td><td class=\"column-2\">28 f\u00e9vrier 2026<\/td><td class=\"column-3\"><strong>Hautes-Pyr\u00e9n\u00e9es (65)<\/strong><\/td><td class=\"column-4\">28 f\u00e9vrier 2026<\/td>\n<\/tr>\n<tr class=\"row-17 odd\">\n\t<td class=\"column-1\"><strong>Charente (16)<\/strong><\/td><td class=\"column-2\">28 f\u00e9vrier 2026<\/td><td class=\"column-3\"><strong>Pyr\u00e9n\u00e9es-Orientales (66)<\/strong><\/td><td class=\"column-4\">28 f\u00e9vrier 2026<\/td>\n<\/tr>\n<tr class=\"row-18 even\">\n\t<td class=\"column-1\"><strong>Charente-Maritime (17)<\/strong><\/td><td class=\"column-2\">28 f\u00e9vrier 2026<\/td><td class=\"column-3\"><strong>Bas-Rhin (67)<\/strong><\/td><td class=\"column-4\">1<sup>er<\/sup> f\u00e9vrier 2026<\/td>\n<\/tr>\n<tr class=\"row-19 odd\">\n\t<td class=\"column-1\"><strong>Cher (18)<\/strong><\/td><td class=\"column-2\">28 f\u00e9vrier 2026<\/td><td class=\"column-3\"><strong>Haut-Rhin (68)<\/strong><\/td><td class=\"column-4\">1<sup>er<\/sup> f\u00e9vrier 2026<\/td>\n<\/tr>\n<tr class=\"row-20 even\">\n\t<td class=\"column-1\"><strong>Corr\u00e8ze (19)<\/strong><\/td><td class=\"column-2\">28 f\u00e9vrier 2026<\/td><td class=\"column-3\"><strong>Rh\u00f4ne (69)<\/strong><\/td><td class=\"column-4\">28 f\u00e9vrier 2026<\/td>\n<\/tr>\n<tr class=\"row-21 odd\">\n\t<td class=\"column-1\"><strong>Corse-du-Sud (2A)<\/strong><\/td><td class=\"column-2\">28 f\u00e9vrier 2026<\/td><td class=\"column-3\"><strong>Haute-Sa\u00f4ne (70)<\/strong><\/td><td class=\"column-4\">28 f\u00e9vrier 2026<\/td>\n<\/tr>\n<tr class=\"row-22 even\">\n\t<td class=\"column-1\"><strong>Haute-Corse (2B)<\/strong><\/td><td class=\"column-2\">28 f\u00e9vrier 2026<\/td><td class=\"column-3\"><strong>Sa\u00f4ne-et-Loire (71)<\/strong><\/td><td class=\"column-4\">28 f\u00e9vrier 2026<\/td>\n<\/tr>\n<tr class=\"row-23 odd\">\n\t<td class=\"column-1\"><strong>C\u00f4te-d'Or<\/strong><\/td><td class=\"column-2\">28 f\u00e9vrier 2026<\/td><td class=\"column-3\"><strong>Sarthe (72)<\/strong><\/td><td class=\"column-4\">28 f\u00e9vrier 2026<\/td>\n<\/tr>\n<tr class=\"row-24 even\">\n\t<td class=\"column-1\"><strong>C\u00f4tes-d'Armor (22)<\/strong><\/td><td class=\"column-2\">28 f\u00e9vrier 2026<br \/>\n17h30<\/td><td class=\"column-3\"><strong>Savoie (73)<\/strong><\/td><td class=\"column-4\">31 janvier 2026<\/td>\n<\/tr>\n<tr class=\"row-25 odd\">\n\t<td class=\"column-1\"><strong>Creuse (23)<\/strong><\/td><td class=\"column-2\">28 f\u00e9vrier 2026<\/td><td class=\"column-3\"><strong>Haute-Savoie (74)<\/strong><\/td><td class=\"column-4\">18 janvier 2026<\/td>\n<\/tr>\n<tr class=\"row-26 even\">\n\t<td class=\"column-1\"><strong>Dordogne (24)<\/strong><\/td><td class=\"column-2\">28 f\u00e9vrier 2026<br \/>\n18 heures<\/td><td class=\"column-3\"><strong>Paris (75)<\/strong><\/td><td class=\"column-4\">(\/)<\/td>\n<\/tr>\n<tr class=\"row-27 odd\">\n\t<td class=\"column-1\"><strong>Doubs (25)<\/strong><\/td><td class=\"column-2\">28 f\u00e9vrier 2026<\/td><td class=\"column-3\"><strong>Seine-Maritime (76)<\/strong><\/td><td class=\"column-4\">28 f\u00e9vrier 2026<\/td>\n<\/tr>\n<tr class=\"row-28 even\">\n\t<td class=\"column-1\"><strong>Dr\u00f4me (26)<\/strong><\/td><td class=\"column-2\">28 f\u00e9vrier 2026<\/td><td class=\"column-3\"><strong>Seine-et-Marne (77)<\/strong><\/td><td class=\"column-4\">28 f\u00e9vrier 2026<br \/>\n17h30<\/td>\n<\/tr>\n<tr class=\"row-29 odd\">\n\t<td class=\"column-1\"><strong>Eure (27)<\/strong><\/td><td class=\"column-2\">28 f\u00e9vrier 2026<br \/>\n18 heures<\/td><td class=\"column-3\"><strong>Yvelines (78)<\/strong><\/td><td class=\"column-4\">28 f\u00e9vrier 2026<br \/>\n18 heures<\/td>\n<\/tr>\n<tr class=\"row-30 even\">\n\t<td class=\"column-1\"><strong>Eure-et-Loir (28)<\/strong><\/td><td class=\"column-2\">28 f\u00e9vrier 2026<br \/>\n18 heures<\/td><td class=\"column-3\"><strong>Deux-S\u00e8vres (79)<\/strong><\/td><td class=\"column-4\">28 janvier 2026<\/td>\n<\/tr>\n<tr class=\"row-31 odd\">\n\t<td class=\"column-1\"><strong>Finist\u00e8re (29)<\/strong><\/td><td class=\"column-2\">28 f\u00e9vrier 2026<br \/>\n17h30<\/td><td class=\"column-3\"><strong>Somme (80)<\/strong><\/td><td class=\"column-4\">28 f\u00e9vrier 2026<br \/>\n18 heures<\/td>\n<\/tr>\n<tr class=\"row-32 even\">\n\t<td class=\"column-1\"><strong>Gard (30)<\/strong><\/td><td class=\"column-2\">28 f\u00e9vrier 2026<\/td><td class=\"column-3\"><strong>Tarn (81)<\/strong><\/td><td class=\"column-4\">28 f\u00e9vrier 2026<\/td>\n<\/tr>\n<tr class=\"row-33 odd\">\n\t<td class=\"column-1\"><strong>Haute-Garonne (31)<\/strong><\/td><td class=\"column-2\">28 f\u00e9vrier 2026<\/td><td class=\"column-3\"><strong>Tarn-et-Garonne (82)<\/strong><\/td><td class=\"column-4\">28 f\u00e9vrier 2026<\/td>\n<\/tr>\n<tr class=\"row-34 even\">\n\t<td class=\"column-1\"><strong>Gers (32)<\/strong><\/td><td class=\"column-2\">28 f\u00e9vrier 2026<\/td><td class=\"column-3\"><strong>Var (83)<\/strong><\/td><td class=\"column-4\">28 f\u00e9vrier 2026<\/td>\n<\/tr>\n<tr class=\"row-35 odd\">\n\t<td class=\"column-1\"><strong>Gironde (33)<\/strong><\/td><td class=\"column-2\">28 f\u00e9vrier 2026<\/td><td class=\"column-3\"><strong>Vaucluse (84)<\/strong><\/td><td class=\"column-4\">28 f\u00e9vrier 2026<\/td>\n<\/tr>\n<tr class=\"row-36 even\">\n\t<td class=\"column-1\"><strong>H\u00e9rault (34)<\/strong><\/td><td class=\"column-2\">28 f\u00e9vrier 2026<\/td><td class=\"column-3\"><strong>Vend\u00e9e (85)<\/strong><\/td><td class=\"column-4\">28 f\u00e9vrier 2026<\/td>\n<\/tr>\n<tr class=\"row-37 odd\">\n\t<td class=\"column-1\"><strong>Ille-et-Vilaine (35)<\/strong><\/td><td class=\"column-2\">28 f\u00e9vrier 2026<br \/>\n18h30<\/td><td class=\"column-3\"><strong>Vienne (86)<\/strong><\/td><td class=\"column-4\">28 f\u00e9vrier 2026<\/td>\n<\/tr>\n<tr class=\"row-38 even\">\n\t<td class=\"column-1\"><strong>Indre (36)<\/strong><\/td><td class=\"column-2\">28 f\u00e9vrier 2026<\/td><td class=\"column-3\"><strong>Haute-Vienne (87)<\/strong><\/td><td class=\"column-4\">28 f\u00e9vrier 2026<\/td>\n<\/tr>\n<tr class=\"row-39 odd\">\n\t<td class=\"column-1\"><strong>Indre-et-Loire (37)<\/strong><\/td><td class=\"column-2\">28 f\u00e9vrier 2026<\/td><td class=\"column-3\"><strong>Vosges (88)<\/strong><\/td><td class=\"column-4\">28 f\u00e9vrier 2026<\/td>\n<\/tr>\n<tr class=\"row-40 even\">\n\t<td class=\"column-1\"><strong>Is\u00e8re (38)<\/strong><\/td><td class=\"column-2\">28 f\u00e9vrier 2026<\/td><td class=\"column-3\"><strong>Yonne (89)<\/strong><\/td><td class=\"column-4\">28 f\u00e9vrier 2026<\/td>\n<\/tr>\n<tr class=\"row-41 odd\">\n\t<td class=\"column-1\"><strong>Jura (39)<\/strong><\/td><td class=\"column-2\">28 f\u00e9vrier 2026<\/td><td class=\"column-3\"><strong>Territoire de Belfort (90)<\/strong><\/td><td class=\"column-4\">28 f\u00e9vrier 2026<\/td>\n<\/tr>\n<tr class=\"row-42 even\">\n\t<td class=\"column-1\"><strong>Landes (40)<\/strong><\/td><td class=\"column-2\">28 f\u00e9vrier 2026<\/td><td class=\"column-3\"><strong>Essonne (91)<\/strong><\/td><td class=\"column-4\">28 f\u00e9vrier 2026<\/td>\n<\/tr>\n<tr class=\"row-43 odd\">\n\t<td class=\"column-1\"><strong>Loir-et-Cher (41)<\/strong><\/td><td class=\"column-2\">28 f\u00e9vrier 2026<\/td><td class=\"column-3\"><strong>Hauts-de-Seine (92)<\/strong><\/td><td class=\"column-4\">28 f\u00e9vrier 2026<br \/>\n18 heures<\/td>\n<\/tr>\n<tr class=\"row-44 even\">\n\t<td class=\"column-1\"><strong>Loire (42)<\/strong><\/td><td class=\"column-2\">28 f\u00e9vrier 2026<\/td><td class=\"column-3\"><strong>Seine-Saint-Denis (93)<\/strong><\/td><td class=\"column-4\">28 f\u00e9vrier 2026<br \/>\n18 heures<\/td>\n<\/tr>\n<tr class=\"row-45 odd\">\n\t<td class=\"column-1\"><strong>Haute-Loire (43)<\/strong><\/td><td class=\"column-2\">28 f\u00e9vrier 2026<\/td><td class=\"column-3\"><strong>Val-de-Marne (94)<\/strong><\/td><td class=\"column-4\">28 f\u00e9vrier 2026<br \/>\n18 heures<\/td>\n<\/tr>\n<tr class=\"row-46 even\">\n\t<td class=\"column-1\"><strong>Loire-Atlantique (44)<\/strong><\/td><td class=\"column-2\">28 f\u00e9vrier 2026<\/td><td class=\"column-3\"><strong>Val-d'Oise (95)<\/strong><\/td><td class=\"column-4\">28 f\u00e9vrier 2026 18 heures (31 mai 2026 uniquement pour le sanglier)<\/td>\n<\/tr>\n<tr class=\"row-47 odd\">\n\t<td class=\"column-1\"><strong>Loiret (45)<\/strong><\/td><td class=\"column-2\">28 f\u00e9vrier 2026<\/td><td class=\"column-3\">\u00a0<\/td><td class=\"column-4\">\u00a0<\/td>\n<\/tr>\n<tr class=\"row-48 even\">\n\t<td class=\"column-1\"><strong>Lot (46)<\/strong><\/td><td class=\"column-2\">28 f\u00e9vrier 2026<\/td><td class=\"column-3\"><strong>Guadeloupe (971)<\/strong><\/td><td class=\"column-4\">4 janvier 2026<\/td>\n<\/tr>\n<tr class=\"row-49 odd\">\n\t<td class=\"column-1\"><strong>Lot-et-Garonne (47)<\/strong><\/td><td class=\"column-2\">28 f\u00e9vrier 2026<\/td><td class=\"column-3\"><strong>Martinique (972)<\/strong><\/td><td class=\"column-4\">31 janvier 2026<\/td>\n<\/tr>\n<tr class=\"row-50 even\">\n\t<td class=\"column-1\"><strong>Loz\u00e8re (48)<\/strong><\/td><td class=\"column-2\">28 f\u00e9vrier 2026<\/td><td class=\"column-3\"><strong>La R\u00e9union (974)<\/strong><\/td><td class=\"column-4\">Date variable selon les esp\u00e8ces chassables<\/td>\n<\/tr>\n<tr class=\"row-51 odd\">\n\t<td class=\"column-1\"><strong>Maine-et-Loire (49)<\/strong><\/td><td class=\"column-2\">28 f\u00e9vrier 2026<\/td><td class=\"column-3\"><strong>Saint-Pierre-et-Miquelon (975)<\/strong><\/td><td class=\"column-4\">31 d\u00e9cembre 2025<\/td>\n<\/tr>\n<tr class=\"row-52 even\">\n\t<td class=\"column-1\"><strong>Manche (50)<\/strong><\/td><td class=\"column-2\">28 f\u00e9vrier 2026<\/td><td class=\"column-3\"><strong>Saint-Martin (978)<\/strong><\/td><td class=\"column-4\">4 janvier 2026<\/td>\n<\/tr>\n<\/tbody>\n<\/table>\n\n<\/div><!-- #tablepress-28 from cache -->\n<p><strong>Pour la saison 2025-2026, la chasse se termine le samedi 28 f\u00e9vrier 2026 dans la plupart des d\u00e9partements.<\/strong> La date de fermeture g\u00e9n\u00e9rale de la chasse varie d&rsquo;un d\u00e9partement \u00e0 l&rsquo;autre. Le tableau ci-dessous compile le calendrier officiel de fermeture g\u00e9n\u00e9rale de la chasse pour la saison 2025-2026, d\u00e9partement par d\u00e9partement. Son actualisation est en cours (mise \u00e0 jour OK pour les d\u00e9partements 01 \u00e0 21).<\/p>\n<p>Selon les d\u00e9partements, les dates de fermeture g\u00e9n\u00e9rale s\u2019\u00e9tendent en m\u00e9tropole entre le 12 janvier 2025 au plus t\u00f4t (pour les Alpes-de-Haute-Provence, les Hautes-Alpes et les Alpes-Maritimes) et le 31 mars 2026 au plus tard (pour l&rsquo;Aveyron).<\/p>\n<p>La date de cl\u00f4ture g\u00e9n\u00e9rale de la saison cyn\u00e9g\u00e9tique, qui correspond \u00e0 la derni\u00e8re journ\u00e9e durant laquelle la chasse est autoris\u00e9e, est fix\u00e9e dans chaque d\u00e9partement par le pr\u00e9fet, tout comme la date d\u2019ouverture de la chasse. Cette date est communiqu\u00e9e en m\u00eame temps que la date d\u2019ouverture.<\/p>\n<p>L&rsquo;arr\u00eat\u00e9 du pr\u00e9fet peut \u00e9galement fixer un horaire de fermeture sp\u00e9cifique. Par exemple, dans les Hautes-Alpes, la p\u00e9riode de chasse se termine le dimanche 11 janvier 2026, une heure apr\u00e8s le coucher du soleil. Dans les Ardennes, la chasse est autoris\u00e9e jusqu&rsquo;au samedi 28 f\u00e9vrier 2026, \u00e0 18 heures.<\/p>\n<h3>Des dates de fermeture de la chasse fix\u00e9es en fonction des esp\u00e8ces<\/h3>\n<p>Le calendrier de cl\u00f4ture de la saison cyn\u00e9g\u00e9tique varie en fonction des esp\u00e8ces chass\u00e9es, comme celui indiquant les dates d\u2019ouverture. Dans chaque d\u00e9partement, des dispositions particuli\u00e8res sont prises <strong>par arr\u00eat\u00e9<\/strong>.<\/p>\n<h4>Chasse aux oiseaux de passage et au gibier d\u2019eau\u00a0: les dates de fin de saison<\/h4>\n<p>Pour ce qui concerne les gibiers d\u2019eau et les oiseaux de passage (canards, oies, tourterelles, pigeons, etc.), <strong><a href=\"https:\/\/www.legifrance.gouv.fr\/affichTexte.do?cidTexte=JORFTEXT000020128976\" target=\"_blank\" rel=\"noopener noreferrer\">un arr\u00eat\u00e9 du minist\u00e8re de la Transition \u00e9cologique dat\u00e9 du 19 janvier 2009<\/a> <\/strong>indique que la p\u00e9riode de fermeture de la chasse s\u2019\u00e9tend, selon les esp\u00e8ces, entre le 31 janvier et le 20 f\u00e9vrier selon les esp\u00e8ces (donc entre le 31 janvier 2026 et le 20 f\u00e9vrier 2026 pour la saison 2025-2026, entre le 31 janvier 2027 et le 20 f\u00e9vrier 2027 pour la saison 2026-2027, etc.).<\/p>\n<div id=\"tablepress-29-scroll-wrapper\" class=\"tablepress-scroll-wrapper\">\n\n<table id=\"tablepress-29\" class=\"tablepress tablepress-id-29 tablepress-responsive\">\n<thead>\n<tr class=\"row-1 odd\">\n\t<th colspan=\"2\" class=\"column-1\"><strong>Dates de fermeture g\u00e9n\u00e9rale de la chasse aux oiseaux de passage et au gibier d'eau par d\u00e9partement (saison 2024-2025)<\/strong><\/th>\n<\/tr>\n<\/thead>\n<tfoot>\n<tr class=\"row-11 odd\">\n\t<th colspan=\"2\" class=\"column-1\"><em>Source\u00a0:<\/em> Arr\u00eat\u00e9 du 19 janvier 2009 relatif aux dates de fermeture de la chasse aux oiseaux de passage et au gibier d'eau<\/th>\n<\/tr>\n<\/tfoot>\n<tbody class=\"row-hover\">\n<tr class=\"row-2 even\">\n\t<td class=\"column-1\"><strong>ESP\u00c8CES<\/strong><\/td><td class=\"column-2\"><strong>DATES DE FERMETURE<\/strong><\/td>\n<\/tr>\n<tr class=\"row-3 odd\">\n\t<td class=\"column-1\"><strong>Canards de surface<\/strong><br \/>\nCanard colvert, canard chipeau, canard pilet, canard siffleur, canard souchet, sarcelle d'\u00e9t\u00e9, sarcelle d'hiver<br \/>\n<br \/>\n<strong>Rallid\u00e9s<\/strong><br \/>\nFoulque macroule, poule d'eau, r\u00e2le d'eau<br \/>\n<br \/>\n<strong>Alaudid\u00e9s<\/strong><br \/>\nAlouette des champs<\/td><td class=\"column-2\"><br \/>\n31 janvier 2025<\/td>\n<\/tr>\n<tr class=\"row-4 even\">\n\t<td class=\"column-1\"><strong>Canards plongeurs<\/strong><br \/>\nEider \u00e0 duvet<em>(*)<\/em>, fuligule milouinan<em>(*)<\/em>, harelde de Miquelon<em>(*)<\/em>, macreuse noire<em>(*)<\/em>, macreuse brune<em>(*)<\/em><\/td><td class=\"column-2\">10 f\u00e9vrier 2025<\/td>\n<\/tr>\n<tr class=\"row-5 odd\">\n\t<td class=\"column-1\"><strong>Oies<\/strong><br \/>\nOie cendr\u00e9e, oie rieuse, oie des moissons<br \/>\n<br \/>\n<strong>Canards plongeurs<\/strong><br \/>\nFuligule milouin, fuligule morillon, garrot \u00e0 \u0153il d'or, nette rousse<\/td><td class=\"column-2\">31 janvier 2025<\/td>\n<\/tr>\n<tr class=\"row-6 even\">\n\t<td class=\"column-1\"><strong>Limicoles<\/strong><br \/>\nBarge \u00e0 queue noire, barge rousse, b\u00e9casseau maub\u00e8che, b\u00e9cassine des marais, b\u00e9cassine sourde, chevalier aboyeur, chevalier arlequin,<br \/>\nchevalier combattant, chevalier gambette, courlis cendr\u00e9, courlis corlieu, hu\u00eetrier pie, pluvier dor\u00e9, pluvier argent\u00e9, vanneau hupp\u00e9.<\/td><td class=\"column-2\">31 janvier 2025<\/td>\n<\/tr>\n<tr class=\"row-7 odd\">\n\t<td class=\"column-1\"><strong>Colombid\u00e9s<\/strong><br \/>\nPigeon biset, pigeon colombin, pigeon ramier<\/td><td class=\"column-2\">10 f\u00e9vrier 2025<\/td>\n<\/tr>\n<tr class=\"row-8 even\">\n\t<td class=\"column-1\"><strong>Turdid\u00e9s<\/strong><br \/>\nMerle noir, grive litorne, grive musicienne, grive mauvis, grive draine<\/td><td class=\"column-2\">10 f\u00e9vrier 2025<\/td>\n<\/tr>\n<tr class=\"row-9 odd\">\n\t<td class=\"column-1\">Caille des bl\u00e9s, b\u00e9casse des bois, tourterelle turque, tourterelle des bois<\/td><td class=\"column-2\">20 f\u00e9vrier 2025<\/td>\n<\/tr>\n<tr class=\"row-10 even\">\n\t<td colspan=\"2\" class=\"column-1\"><em>(*) Du 1er au 10 f\u00e9vrier, la chasse de ces canards ne peut se pratiquer qu'en mer, dans la limite de la mer territoriale<\/em><\/td>\n<\/tr>\n<\/tbody>\n<\/table>\n\n<\/div><!-- #tablepress-29 from cache -->\n<p>&nbsp;<\/p>\n<p>Ce m\u00eame arr\u00eat\u00e9 minist\u00e9riel du 19 janvier 2009 fixe des exceptions de fermeture de chasse aux oiseaux de passage et au gibier d\u2019eau. Ainsi, dans les d\u00e9partements et les communes qui apparaissent dans le tableau ci-dessous, le texte indique que\u00a0\u00ab\u00a0la chasse des grives litorne, musicienne, mauvis et draine, ainsi que celle du merle noir, ferme le 20 f\u00e9vrier\u00a0\u00bb.<\/p>\n<div id=\"tablepress-30-scroll-wrapper\" class=\"tablepress-scroll-wrapper\">\n\n<table id=\"tablepress-30\" class=\"tablepress tablepress-id-30 tablepress-responsive\">\n<thead>\n<tr class=\"row-1 odd\">\n\t<th colspan=\"2\" class=\"column-1\"><strong>D\u00e9partements et communes o\u00f9 la chasse des grives litorne, musicienne, mauvis, draine et merle noir ferme, par exception, le 20 f\u00e9vrier<\/strong><\/th>\n<\/tr>\n<\/thead>\n<tfoot>\n<tr class=\"row-11 odd\">\n\t<th colspan=\"2\" class=\"column-1\"><em>Source\u00a0:<\/em> Arr\u00eat\u00e9 du 19 janvier 2009 relatif aux dates de fermeture de la chasse aux oiseaux de passage et au gibier d'eau<\/th>\n<\/tr>\n<\/tfoot>\n<tbody class=\"row-hover\">\n<tr class=\"row-2 even\">\n\t<td class=\"column-1\">Alpes-de-Haute-Provence<\/td><td rowspan=\"2\" class=\"column-2\">Dr\u00f4me <em>(cantons de Pierrelatte, Saint-Paul-Trois-Ch\u00e2teaux,<br \/>\nGrignan, Nyons, Buis-les-Baronnies, S\u00e9deron, R\u00e9muzat,<br \/>\nLa Motte-Chalan\u00e7on, Luc-en-Diois, Ch\u00e2tillon-en-Diois)<\/em><\/td>\n<\/tr>\n<tr class=\"row-3 odd\">\n\t<td class=\"column-1\">Hautes-Alpes<\/td>\n<\/tr>\n<tr class=\"row-4 even\">\n\t<td class=\"column-1\">Alpes-Maritimes<\/td><td class=\"column-2\">Gard<\/td>\n<\/tr>\n<tr class=\"row-5 odd\">\n\t<td class=\"column-1\">Ard\u00e8che (cantons de Bourg-Saint-And\u00e9ol, des Vans, de Vallon-Pont-d'Arc)<\/td><td class=\"column-2\">H\u00e9rault<\/td>\n<\/tr>\n<tr class=\"row-6 even\">\n\t<td class=\"column-1\">Aude<\/td><td class=\"column-2\">Loz\u00e8re<\/td>\n<\/tr>\n<tr class=\"row-7 odd\">\n\t<td class=\"column-1\">Aveyron<\/td><td class=\"column-2\">Pyr\u00e9n\u00e9es-Orientales<\/td>\n<\/tr>\n<tr class=\"row-8 even\">\n\t<td class=\"column-1\">Bouches-du-Rh\u00f4ne<\/td><td class=\"column-2\">Tarn<\/td>\n<\/tr>\n<tr class=\"row-9 odd\">\n\t<td class=\"column-1\">Haute-Corse<\/td><td class=\"column-2\">Var<\/td>\n<\/tr>\n<tr class=\"row-10 even\">\n\t<td class=\"column-1\">Corse-du-Sud<\/td><td class=\"column-2\">Vaucluse<\/td>\n<\/tr>\n<\/tbody>\n<\/table>\n\n<\/div><!-- #tablepress-30 from cache -->\n<p>&nbsp;<\/p>\n<p>Dans ces territoires, l\u2019arr\u00eat\u00e9 minist\u00e9riel du 19 janvier 2009 pr\u00e9cise que \u00ab\u00a0la chasse des grives et du merle ne peut \u00eatre pratiqu\u00e9e du 10 au 20 f\u00e9vrier qu\u2019\u00e0 poste fixe mat\u00e9rialis\u00e9 de main d\u2019homme\u00a0\u00bb (citons les palombi\u00e8res, les miradors de chasse ou encore les huttes)<\/p>\n<p>\u00c0 noter enfin que des am\u00e9nagements existent pour la chasse au <strong>pigeon ramier<\/strong>. Un arr\u00eat\u00e9 minist\u00e9riel du 6 f\u00e9vrier 2013 pr\u00e9cise que \u00ab par exception (\u2026), la chasse des pigeons ramiers est autoris\u00e9e du 11 au 20 f\u00e9vrier, \u00e0 poste fixe mat\u00e9rialis\u00e9 de main d&rsquo;homme\u00a0\u00bb. Il est aussi indiqu\u00e9 que \u00ab\u00a0dans le d\u00e9partement du Gers, elle ne peut \u00eatre pratiqu\u00e9e pendant cette p\u00e9riode qu&rsquo;au tir au pos\u00e9 dans les arbres \u00e0 l&rsquo;aide d&rsquo;appelants (palombes ou pigeons dress\u00e9s, <em>NDLR<\/em>) vivants\u00a0\u00bb.<\/p>\n<p>L\u2019arr\u00eat\u00e9 dispose enfin que cette chasse qu\u2019elle \u00ab\u00a0ne peut \u00eatre pratiqu\u00e9e pendant cette p\u00e9riode qu\u2019au pos\u00e9 dans les arbres \u00e0 l\u2019aide d\u2019appelants vivants ou artificiels\u00a0\u00bb dans les d\u00e9partements suivants\u00a0:<\/p>\n<ul>\n<li>Ari\u00e8ge<\/li>\n<li>Aveyron<\/li>\n<li>Dordogne<\/li>\n<li>Haute-Garonne<\/li>\n<li>Gironde<\/li>\n<li>Landes<\/li>\n<li>Lot<\/li>\n<li>Lot-et-Garonne<\/li>\n<li>Pyr\u00e9n\u00e9es-Atlantiques<\/li>\n<li>Hautes-Pyr\u00e9n\u00e9es<\/li>\n<li>Tarn<\/li>\n<li>Tarn-et-Garonne<\/li>\n<\/ul>\n<h4>Quand la saison de la chasse au sanglier s\u2019ach\u00e8ve-t-elle ?<\/h4>\n<p>Dans la plupart des d\u00e9partements concern\u00e9s par la pr\u00e9sence de cet animal, la chasse au sanglier s\u2019ach\u00e8ve en principe le 28 f\u00e9vrier 2026, sauf exception dans les d\u00e9partements alsaciens (Haut-Rhin, Bas-Rhin) et de Moselle o\u00f9 la fin de la saison cyn\u00e9g\u00e9tique est fix\u00e9e le 1er f\u00e9vrier 2026. Cependant, en Moselle, la chasse est autoris\u00e9e chaque ann\u00e9e par le pr\u00e9fet en dehors de la p\u00e9riode de chasse. en 2025, la chasse au sanglier y a donc \u00e9t\u00e9 autoris\u00e9e du 2 f\u00e9vrier au 14 avril 2025, de jour comme de nuit.<\/p>\n<p><span><\/span>De m\u00eame, dans de nombreux d\u00e9partements l\u2019arr\u00eat\u00e9 pr\u00e9fectoral pr\u00e9voit la prolongation de la chasse \u00e0 tir au sanglier avant et apr\u00e8s la p\u00e9riode d&rsquo;ouverture g\u00e9n\u00e9rale de la chasse, parfois sur autorisation pr\u00e9fectorale via le site www.demarches-simplifiees.fr. Des mesures prises pour lutter contre l\u2019augmentation constante de la population de sangliers.<\/p>\n<h3>Chasse \u00e0 tir, chasse au vol, chasse \u00e0 courre\u2026 Quelles dates de fermeture ?<\/h3>\n<p>Comme pour les dates fix\u00e9es pour le d\u00e9but de la saison, le calendrier de fermeture de la chasse varie selon que ses pratiquants optent pour la chasse \u00e0 tir, la chasse au vol ou la chasse \u00e0 courre.<\/p>\n<h4>Dates de cl\u00f4ture de la chasse \u00e0 tir ?<\/h4>\n<p>La date signifiant la fin de la saison de la chasse \u00e0 tir est propre \u00e0 chaque d\u00e9partement. Fix\u00e9e par arr\u00eat\u00e9 pr\u00e9fectoral, elle correspond \u00e0 la date de fermeture g\u00e9n\u00e9rale de la chasse dans le d\u00e9partement. Pour la saison 2025-2026, cela correspond au 28 f\u00e9vrier 2026, le plus souvent.<\/p>\n<h4>Date de fin de la chasse au vol<\/h4>\n<p>En ce qui concerne la chasse au vol (fauconnerie et autourserie), les dates de fermeture de la saison changent selon le type de gibier chass\u00e9\u00a0:<\/p>\n<ul>\n<li>pour les mammif\u00e8res et les esp\u00e8ces d\u2019oiseaux s\u00e9dentaires\u00a0: <strong><a href=\"https:\/\/www.legifrance.gouv.fr\/affichTexte.do?cidTexte=JORFTEXT000000438121&amp;categorieLien=id\" target=\"_blank\" rel=\"noopener noreferrer\">un arr\u00eat\u00e9 du 28 mai 2004<\/a><\/strong> fixe la cl\u00f4ture de la chasse au \u00ab\u00a0dernier jour de f\u00e9vrier\u00a0\u00bb (inclus)<\/li>\n<li>pour les oiseaux de passage et le gibier d\u2019eau : les dates de fermeture sont fix\u00e9es par arr\u00eat\u00e9 minist\u00e9riel au niveau national<\/li>\n<\/ul>\n<h4>Quand la saison de la chasse \u00e0 courre\u00a0s\u2019ach\u00e8ve-t-elle ?<\/h4>\n<p>Comme l\u2019indique l\u2019article R424-4 du Code de l\u2019environnement, \u00ab la chasse \u00e0 courre, \u00e0 cor et \u00e0 cri est ouverte du 15 septembre au 31 mars \u00bb. Pour la saison 2024-2025, la date de cl\u00f4ture de la v\u00e9nerie est donc fix\u00e9e au 31 mars 2026 (et au 31 mars 2027 au titre de la saison 2026-2027).<\/p>\n<h2><span class=\"ez-toc-section\" id=\"Ouverture_et_fermeture_de_la_chasse_au_petit_gibier_2025-2026\"><\/span>Ouverture et fermeture de la chasse au petit gibier 2025-2026<span class=\"ez-toc-section-end\"><\/span><\/h2>\n<div id=\"tablepress-168-scroll-wrapper\" class=\"tablepress-scroll-wrapper\">\n\n<table id=\"tablepress-168\" class=\"tablepress tablepress-id-168 tablepress-responsive\">\n<thead>\n<tr class=\"row-1 odd\">\n\t<th class=\"column-1\"><strong>D\u00e9partement<\/strong><\/th><th class=\"column-2\"><strong>Lapin de garenne<\/strong><\/th><th class=\"column-3\"><strong>Li\u00e8vre d'Europe<\/strong><\/th><th class=\"column-4\"><strong>Faisan commun<\/strong><\/th><th class=\"column-5\"><strong>Perdrix grise<\/strong><\/th>\n<\/tr>\n<\/thead>\n<tfoot>\n<tr class=\"row-97 odd\">\n\t<th colspan=\"5\" class=\"column-1\"><em>Sources : arr\u00eat\u00e9s pr\u00e9fectoraux<\/em><\/th>\n<\/tr>\n<\/tfoot>\n<tbody class=\"row-hover\">\n<tr class=\"row-2 even\">\n\t<td class=\"column-1\"><strong>Ain (01)<\/strong><br \/>\nDate d'ouverture \/ de fermeture<\/td><td class=\"column-2\">14 septembre 2025 \/ 11 janvier 2026<\/td><td class=\"column-3\">28 septembre 2025 \/ 11 novembre ou 31 d\u00e9cembre 2025<\/td><td class=\"column-4\">14 septembre 2025 \/ 11 janvier 2026<\/td><td class=\"column-5\">14 septembre 2025 \/ 11 janvier 2026<\/td>\n<\/tr>\n<tr class=\"row-3 odd\">\n\t<td class=\"column-1\"><strong>Aisne (02)<\/strong><br \/>\nDate d'ouverture \/ de fermeture<\/td><td class=\"column-2\">21 septembre 2025 \/ 28 f\u00e9vrier 2026<\/td><td class=\"column-3\">21 septembre 2025 \/ 1er d\u00e9cembre 2025<\/td><td class=\"column-4\">21 septembre 2025 \/ 28 f\u00e9vrier 2026<\/td><td class=\"column-5\">21 septembre 2025 \/ 1er d\u00e9cembre 2025<br \/>\n(ouverture anticip\u00e9e du 1er au 20 septembre sous conditions)<\/td>\n<\/tr>\n<tr class=\"row-4 even\">\n\t<td class=\"column-1\"><strong>Allier (03)<\/strong><br \/>\nDate d'ouverture \/ de fermeture<\/td><td class=\"column-2\">21 septembre 2025 \/ 28 f\u00e9vrier 2026<\/td><td class=\"column-3\">21 septembre 2025 \/ 11 novembre 2025<\/td><td class=\"column-4\">21 septembre 2025 \/ 26 janvier ou 28 f\u00e9vrier 2026<\/td><td class=\"column-5\">21 septembre 2025 \/ 28 f\u00e9vrier 2026<\/td>\n<\/tr>\n<tr class=\"row-5 odd\">\n\t<td class=\"column-1\"><strong>Alpes-de-Haute-Provence (04)<\/strong><br \/>\nDate d'ouverture \/ de fermeture<br \/>\nConditions<\/td><td class=\"column-2\">14 septembre 2025 \/ 11 janvier 2026<br \/>\nSauf les mardis et vendredis<\/td><td class=\"column-3\">14 septembre 2025 \/ 11 janvier 2026<br \/>\nSauf les mardis et vendredis | 1 li\u00e8vre\/jour\/chasseur <\/td><td class=\"column-4\">14 septembre 2025 \/ 11 janvier 2026<br \/>\nSauf les mardis et vendredis<\/td><td class=\"column-5\">14 septembre 2025 \/ 1er d\u00e9cembre 2025<br \/>\nSauf les mardis et vendredis<\/td>\n<\/tr>\n<tr class=\"row-6 even\">\n\t<td class=\"column-1\"><strong>Hautes-Alpes (05)<\/strong><br \/>\nDate d'ouverture \/ de fermeture<br \/>\nConditions<\/td><td class=\"column-2\">14 septembre 2025 \/ 7 d\u00e9cembre 2025<br \/>\nSauf les mardis et vendredis<\/td><td class=\"column-3\">14 septembre 2025 \/ 21 d\u00e9cembre 2025<br \/>\nSauf les mardis et vendredis<\/td><td class=\"column-4\">14 septembre 2025 \/ 11 janvier 2026<br \/>\nSauf les mardis et vendredis<\/td><td class=\"column-5\">14 septembre 2025 \/ 11 janvier 2026<br \/>\nSauf les mardis et vendredis<\/td>\n<\/tr>\n<tr class=\"row-7 odd\">\n\t<td class=\"column-1\"><strong>Alpes-Maritimes (06)<\/strong><br \/>\nDate d'ouverture \/ de fermeture<br \/>\nConditions<\/td><td class=\"column-2\">14 septembre 2025 \/ 11 janvier 2026<br \/>\n2 faisans\/jour\/chasseur<\/td><td class=\"column-3\">14 septembre 2025 \/ 11 janvier 2026<br \/>\nSauf les mardis et vendredis<br \/>\n(ouverture anticip\u00e9e du 14 au 21 septembre sous conditions, les mercredis et dimanches)<\/td><td class=\"column-4\">14 septembre 2025 \/ 11 janvier 2026<br \/>\n2 faisans\/jour\/chasseur <\/td><td class=\"column-5\">14 septembre 2025 \/ 11 janvier 2026 <br \/>\nSauf les mardis, jeudis et vendredis<\/td>\n<\/tr>\n<tr class=\"row-8 even\">\n\t<td class=\"column-1\"><strong>Ard\u00e8che (07)<\/strong><br \/>\nDate d'ouverture \/ de fermeture<br \/>\n<\/td><td class=\"column-2\">14 septembre 2025<br \/>\n11 janvier 2026<\/td><td class=\"column-3\">14 septembre au 30 novembre<br \/>\n28 septembre au 14 d\u00e9cembre<br \/>\n(deux p\u00e9riodes de chasse selon le territoire de chasse)<\/td><td class=\"column-4\">14 septembre 2025 \/ 11 janvier 2026<\/td><td class=\"column-5\">14 septembre au 26 octobre<br \/>\nou 28 septembre au 9 novembre<br \/>\n(deux p\u00e9riodes de chasse selon la commune)<\/td>\n<\/tr>\n<tr class=\"row-9 odd\">\n\t<td class=\"column-1\"><strong>Ardennes (08)<\/strong><br \/>\nDate d'ouverture \/ de fermeture<br \/>\nConditions<\/td><td class=\"column-2\">21 septembre 2025<br \/>\n28 f\u00e9vrier 2026<\/td><td class=\"column-3\">21 septembre 2025 ou 7 octobre 2025 selon la commune \/ 30 novembre 2025 <\/td><td class=\"column-4\">21 septembre 2025 \/ 31 d\u00e9cembre 2025<\/td><td class=\"column-5\">21 septembre 2025 ou 28 septembre 2025 \/ 30 octobre ou 30 novembre 2025 selon la commune<br \/>\n(ouverture anticip\u00e9e du 14 au 20 septembre)<\/td>\n<\/tr>\n<tr class=\"row-10 even\">\n\t<td class=\"column-1\"><strong>Ari\u00e8ge (09)<\/strong><br \/>\nDate d'ouverture \/ de fermeture<br \/>\nConditions<\/td><td class=\"column-2\">7 ou 14 septembre 2025 (selon plaine ou montagne) \/ 4 janvier 2026<\/td><td class=\"column-3\">7 septembre 2025 \/ 14 d\u00e9cembre 2025<br \/>\nPlan de chasse au li\u00e8vre dans certaines communes<br \/>\n<\/td><td class=\"column-4\">7 ou 14 septembre 2025 (selon plaine ou montagne) \/ 4 janvier 2026<\/td><td class=\"column-5\">7 ou 14 septembre 2025 (selon plaine ou montagne) \/ 30 novembre 2025<\/td>\n<\/tr>\n<tr class=\"row-11 odd\">\n\t<td class=\"column-1\"><strong>Aube (10)<\/strong><\/td><td class=\"column-2\">21 septembre 2025 \/ 28 f\u00e9vrier 2026 (dates d'ouverture g\u00e9n\u00e9rale)<\/td><td class=\"column-3\">5 octobre 2025 \/ 8 novembre 2025<\/td><td class=\"column-4\">21 septembre 2025 \/ 31 janvier 2026<\/td><td class=\"column-5\">21 septembre 2025 \/ 27 septembre ou 11 octobre 2025 selon zone (en zone nord ouverture anticip\u00e9e le 7 septembre  \/ fermeture le 29 novembre si plan de gestion)<\/td>\n<\/tr>\n<tr class=\"row-12 even\">\n\t<td class=\"column-1\"><strong>Aude (11)<\/strong><br \/>\nDate d'ouverture \/ de fermeture<br \/>\nConditions<\/td><td class=\"column-2\">7 septembre 2025 \/ 31 janvier 2026 <br \/>\nSauf mardi et vendredi<\/td><td class=\"column-3\">7 septembre \/ 11 novembre (zone 1)<br \/>\n12 octobre \/ 21 d\u00e9cembre (reste du d\u00e9partement)<br \/>\n1 li\u00e8vre\/jour,  8\/saison, mercredi, samedi, dimanche et jours f\u00e9ri\u00e9s<\/td><td class=\"column-4\">7 septembre 2025 \/ 28 f\u00e9vrier 2026 <br \/>\nSauf mardi et vendredi<\/td><td class=\"column-5\">5 octobre 2025 \/ 26 octobre 2025 en Zone 1 (2 perdrix\/jour et 6\/ saison max.) <br \/>\n7 septembre 2025 \/ 14 d\u00e9cembre 2025 (reste du d\u00e9partement)<br \/>\n<\/td>\n<\/tr>\n<tr class=\"row-13 odd\">\n\t<td class=\"column-1\"><strong>Aveyron (12)<\/strong><br \/>\nDate d'ouverture \/ de fermeture<\/td><td class=\"column-2\">14 septembre 2025 \/ 31 janvier 2026<\/td><td class=\"column-3\">28 septembre 2025 \/ 14 d\u00e9cembre 2025<\/td><td class=\"column-4\">14 septembre 2025 \/ 31 janvier 2026<\/td><td class=\"column-5\">14 septembre 2025 \/ 31 d\u00e9cembre 2025<\/td>\n<\/tr>\n<tr class=\"row-14 even\">\n\t<td class=\"column-1\"><strong>Bouches-du-Rh\u00f4ne (13)<\/strong><br \/>\nDate d'ouverture \/ de fermeture<\/td><td class=\"column-2\">14 septembre 2025 \/ 28 d\u00e9cembre ou 11 janvier<\/td><td class=\"column-3\">14 septembre \/ 16 novembre ou 5 octobre \/  11 janvier selon la commune<br \/>\n<\/td><td class=\"column-4\">14 septembre 2025 \/  11 janvier 2026<\/td><td class=\"column-5\">14 septembre 2025 \/ 14 d\u00e9cembre 2025<\/td>\n<\/tr>\n<tr class=\"row-15 odd\">\n\t<td class=\"column-1\"><strong>Calvados (14)<\/strong><br \/>\nDate d'ouverture \/ de fermeture<br \/>\nConditions<\/td><td class=\"column-2\">21 septembre 2025 \/ 28 f\u00e9vrier 2026 (date d'ouverture et de fermeture g\u00e9n\u00e9rale)<\/td><td class=\"column-3\">21 septembre \/ 30 novembre 2025 <br \/>\nSous contrat de pr\u00e9l\u00e8vement en zone de plaine dans plusieurs cantons <br \/>\n21 et 22 septembre (Pays d'Auge)<\/td><td class=\"column-4\">21 septembre 2025 \/ 11 janvier 2026<br \/>\nTir de la poule interdit<\/td><td class=\"column-5\">21 septembre \/ 30 novembre 2025 <br \/>\nSous contrat de pr\u00e9l\u00e8vement en zone de plaine dans plusieurs cantons <br \/>\n<\/td>\n<\/tr>\n<tr class=\"row-16 even\">\n\t<td class=\"column-1\"><strong>Cantal (15)<\/strong><br \/>\nDate d'ouverture \/ de fermeture<br \/>\nConditions<\/td><td class=\"column-2\">14 septembre \/ 14 d\u00e9cembre 2025<\/td><td class=\"column-3\">14 septembre \/ 14  d\u00e9cembre 2025<br \/>\nChasse jusqu'\u00e0 13 heures<\/td><td class=\"column-4\">14 septembre \/ 14  d\u00e9cembre 2025<\/td><td class=\"column-5\">14 septembre \/ 14  d\u00e9cembre 2025<br \/>\nChasse interdite sur les communes adh\u00e9rentes au GIC de la Plan\u00e8ze<\/td>\n<\/tr>\n<tr class=\"row-17 odd\">\n\t<td class=\"column-1\"><strong>Charente (16)<\/strong><br \/>\nDate d'ouverture \/ de fermeture<br \/>\nConditions<\/td><td class=\"column-2\">14 septembre 2025 \/ 28 f\u00e9vrier 2026<\/td><td class=\"column-3\">12 octobre \/ 25  d\u00e9cembre 2025<\/td><td class=\"column-4\">21 septembre 2025 \/ 31 janvier 2026<br \/>\nChasse uniquement sur les communes concern\u00e9es par le plan de gestion du faisan<\/td><td class=\"column-5\">14 septembre 2025 \/ 23 novembre 2025<br \/>\n2 perdrix \/ jour de chasse<\/td>\n<\/tr>\n<tr class=\"row-18 even\">\n\t<td class=\"column-1\"><strong>Charente-Maritime (17)<\/strong><br \/>\nDate d'ouverture \/ de fermeture<br \/>\nConditions<\/td><td class=\"column-2\">14 septembre \/ 25 octobre 2025 (dimanche et mercredi)<br \/>\n26 octobre \/ 28 f\u00e9vrier (tous les jours)<br \/>\n2\/jour\/chasseur max.<\/td><td class=\"column-3\">12 octobre \/ 14  d\u00e9cembre 2025<\/td><td class=\"column-4\">14 septembre 2025 \/ 25 janvier 2026<br \/>\nDimanche, mercredi et jours f\u00e9ri\u00e9s<\/td><td class=\"column-5\">14 septembre \/ 30 novembre 2025<br \/>\nDimanche, mercredi et jours f\u00e9ri\u00e9s<\/td>\n<\/tr>\n<tr class=\"row-19 odd\">\n\t<td class=\"column-1\"><strong>Cher (18)<\/strong><br \/>\nDate d'ouverture \/ de fermeture<br \/>\nConditions<\/td><td class=\"column-2\">28 septembre 2025 \/ 28 f\u00e9vrier 2026<\/td><td class=\"column-3\">12 octobre \/ 14  d\u00e9cembre 2025<br \/>\n1\/chasseur\/saison dans 11 communes<\/td><td class=\"column-4\">28 septembre 2025 \/ 18 janvier 2026<\/td><td class=\"column-5\">28 septembre \/ 30 novembre 2025<\/td>\n<\/tr>\n<tr class=\"row-20 even\">\n\t<td class=\"column-1\"><strong>Corr\u00e8ze (19)<\/strong><br \/>\nDate d'ouverture \/ de fermeture<br \/>\nConditions<\/td><td class=\"column-2\">14 septembre 2025 \/ 28 f\u00e9vrier 2026<\/td><td class=\"column-3\">28 septembre 2025 \/ 1er janvier 2026<br \/>\nLimitation des jours de chasse selon la commune <\/td><td class=\"column-4\">14 septembre 2025 \/ 28 f\u00e9vrier 2026<\/td><td class=\"column-5\">14 septembre 2025 \/ 28 f\u00e9vrier 2026<\/td>\n<\/tr>\n<tr class=\"row-21 odd\">\n\t<td class=\"column-1\"><strong>Corse-du-Sud (2A)<\/strong><br \/>\nDate d'ouverture \/ de fermeture<br \/>\nConditions<\/td><td class=\"column-2\">7 septembre 2025 \/ 28 f\u00e9vrier 2026<\/td><td class=\"column-3\">7 septembre \/ 23 novembre 2025<br \/>\nLes lundis, mercredis, samedis et dimanches<br \/>\n1\/jour\/\u00e9quipe de chasse<\/td><td class=\"column-4\">7 septembre \/ 23 novembre 2025<br \/>\nLes lundis, mercredis, samedis et dimanches<\/td><td class=\"column-5\">7 septembre \/ 23 novembre 2025<br \/>\nLes lundis, mercredis, samedis et dimanches<br \/>\n2\/jour\/chasseur max, 30\/saison<\/td>\n<\/tr>\n<tr class=\"row-22 even\">\n\t<td class=\"column-1\"><strong>Haute-Corse (2B)<\/strong><br \/>\nDate d'ouverture \/ de fermeture<br \/>\nConditions<\/td><td class=\"column-2\">7 septembre 2025 \/ 28 f\u00e9vrier 2026 <\/td><td class=\"column-3\">21 septembre \/ 7 d\u00e9cembre 2025<br \/>\n1\/jour\/chasseur max.<br \/>\nChasse interdite \u00e0 Esra, Tomino, Rogliano et Valle di Rustinu<\/td><td class=\"column-4\">21 septembre \/ 7 d\u00e9cembre 2025<br \/>\n2\/jour\/chasseur max.<br \/>\nChasse interdite \u00e0 Pietracorbara, Lento, Bigorno et Capitello<\/td><td class=\"column-5\">21 septembre \/ 7 d\u00e9cembre 2025<br \/>\n2\/jour\/chasseur max.<br \/>\nChasse interdite \u00e0 Pietracorbara<\/td>\n<\/tr>\n<tr class=\"row-23 odd\">\n\t<td class=\"column-1\"><strong>C\u00f4te-d'Or<\/strong><br \/>\nDate d'ouverture \/ de fermeture<br \/>\nConditions<\/td><td class=\"column-2\">21 septembre 2025 \/ 28 f\u00e9vrier 2026<\/td><td class=\"column-3\">5 octobre 2025 \/ 28 f\u00e9vrier 2026 (communes hors AOC)<br \/>\n5 octobre \/ 2 novembre 2025 (communes sur aires AOC)<br \/>\n5 octobre \/ 11 novembre 2025 (communes du plan de gestion du li\u00e8vre)<br \/>\n<br \/>\n<\/td><td class=\"column-4\">21 septembre 2025 \/ 28 f\u00e9vrier 2026 <\/td><td class=\"column-5\">21 septembre 2025 \/ 28 f\u00e9vrier 2026 <\/td>\n<\/tr>\n<tr class=\"row-24 even\">\n\t<td class=\"column-1\"><strong>C\u00f4tes-d'Armor (22)<\/strong><br \/>\nDate d'ouverture \/ de fermeture<br \/>\nConditions<\/td><td class=\"column-2\">21 septembre 2025 \/ 11 janvier 2026 (28 f\u00e9vrier sur l'\u00cele de Br\u00e9hat) <\/td><td class=\"column-3\">5 octobre \/ 23 novembre 2025 <br \/>\nSoumis \u00e0 plan de chasse d\u00e9partemental<\/td><td class=\"column-4\">21 septembre 2025 \/ 11 janvier 2026 <br \/>\nChasse interdite \u00e0 Ma\u00ebl-Pestivien et Peumerit-Quintin<\/td><td class=\"column-5\">21 septembre 2025 \/ 11 janvier 2026 <\/td>\n<\/tr>\n<tr class=\"row-25 odd\">\n\t<td class=\"column-1\"><strong>Creuse (23)<\/strong><br \/>\nDate d'ouverture \/ de fermeture<br \/>\nConditions<\/td><td class=\"column-2\">14 septembre 2025 \/ 28 f\u00e9vrier 2026<\/td><td class=\"column-3\">21 septembre \/ 7 d\u00e9cembre 2025<br \/>\n28 septembre \/ 14 d\u00e9cembre 2025 dans 35 communes<\/td><td class=\"column-4\">14 septembre 2025 \/ 28 f\u00e9vrier 2026<\/td><td class=\"column-5\">14 septembre 2025 \/ 28 f\u00e9vrier 2026<\/td>\n<\/tr>\n<tr class=\"row-26 even\">\n\t<td class=\"column-1\"><strong>Dordogne (24)<\/strong><\/td><td class=\"column-2\">14 septembre 2025 \/ 28 janvier 2026<br \/>\nLes samedis, dimanches, lundis, mercredis et jours f\u00e9ri\u00e9s<\/td><td class=\"column-3\">5 octobre \/ 14 d\u00e9cembre 2025<br \/>\nLes  dimanches, mercredis et jours f\u00e9ri\u00e9s<\/td><td class=\"column-4\">14 septembre 2025 \/ 25 f\u00e9vrier 2026<br \/>\nLes samedis, dimanches, lundis, mercredis et jours f\u00e9ri\u00e9s<\/td><td class=\"column-5\">14 septembre \/ 30 novembre 2025<br \/>\nLes dimanches et jours f\u00e9ri\u00e9s<\/td>\n<\/tr>\n<tr class=\"row-27 odd\">\n\t<td class=\"column-1\"><strong>Doubs (25)<\/strong><br \/>\nDate d'ouverture \/ de fermeture<br \/>\nConditions<\/td><td class=\"column-2\">14 septembre 2025 \/ 28 f\u00e9vrier 2026 (dates d'ouverture et fermeture g\u00e9n\u00e9rale)<\/td><td class=\"column-3\">19 octobre \/ 7 d\u00e9cembre 2025<br \/>\nLes samedis, dimanches, lundis, mercredis et jours f\u00e9ri\u00e9s<\/td><td class=\"column-4\">14 septembre \/ 31 janvier 2026 <br \/>\n28 septembre \/ 28 octobre 2025 (pour unit\u00e9 de gestion VD3 \/ les samedis, dimanches, et mercredis)<\/td><td class=\"column-5\">14 septembre \/ 31 janvier 2026 <br \/>\n28 septembre \/ 28 octobre 2025 (pour unit\u00e9 de gestion VD3 \/ les samedis, dimanches, et mercredis)<\/td>\n<\/tr>\n<tr class=\"row-28 even\">\n\t<td class=\"column-1\"><strong>Dr\u00f4me (26)<\/strong><br \/>\nDate d'ouverture \/ de fermeture<br \/>\nConditions<\/td><td class=\"column-2\">14 septembre 2025 \/ 14 d\u00e9cembre 2025 (tir \u00e0 l'aff\u00fbt) ou 11 janvier 2026<\/td><td class=\"column-3\">14 septembre 2025 \/ 11 janvier 2026<br \/>\nChasse selon plan de gestion cyn\u00e9g\u00e9tique<\/td><td class=\"column-4\">14 septembre 2025 \/ 14 d\u00e9cembre 2025 (tir \u00e0 l'aff\u00fbt) ou 11 janvier 2026<\/td><td class=\"column-5\">14 septembre 2025 \/ 14 d\u00e9cembre 2025 (tir \u00e0 l'aff\u00fbt) ou 11 janvier 2026<\/td>\n<\/tr>\n<tr class=\"row-29 odd\">\n\t<td class=\"column-1\"><strong>Eure (27)<\/strong><br \/>\nDate d'ouverture \/ de fermeture<br \/>\nConditions<\/td><td class=\"column-2\">28 septembre 2025 \/ 28 f\u00e9vrier 2026<br \/>\nFuret autoris\u00e9<\/td><td class=\"column-3\">28 septembre 2025 \/ 30 novembre 2025 <\/td><td class=\"column-4\">28 septembre 2025 \/ 31 janvier 2026<\/td><td class=\"column-5\">28 septembre 2025 \/ 11 novembre 2025<\/td>\n<\/tr>\n<tr class=\"row-30 even\">\n\t<td class=\"column-1\"><strong>Eure-et-Loir (28)<\/strong><br \/>\nDate d'ouverture \/ de fermeture<br \/>\nConditions<\/td><td class=\"column-2\">28 septembre 2025 \/ 28 f\u00e9vrier 2026<br \/>\nChasse autoris\u00e9e en temps de neige<\/td><td class=\"column-3\">28 septembre 2025 \/ 7 d\u00e9cembre 2025<br \/>\nChasse selon plan de gestion cyn\u00e9g\u00e9tique<\/td><td class=\"column-4\">28 septembre 2025 \/ 31 janvier 2026<br \/>\nChasse selon plan de gestion cyn\u00e9g\u00e9tique<\/td><td class=\"column-5\">28 septembre 2025 \/ 7 d\u00e9cembre 2025<br \/>\nChasse selon plan de gestion cyn\u00e9g\u00e9tique<\/td>\n<\/tr>\n<tr class=\"row-31 odd\">\n\t<td class=\"column-1\"><strong>Finist\u00e8re (29)<\/strong><br \/>\nDate d'ouverture \/ de fermeture<br \/>\nConditions<\/td><td class=\"column-2\">21 septembre 2025 \/ 28 f\u00e9vrier 2026<\/td><td class=\"column-3\">5 octobre \/ 7 d\u00e9cembre 2025<br \/>\nUniquement pour les titulaires d'un plan de chasse<\/td><td class=\"column-4\">21 septembre 2025 \/ 1er janvier 2026 (11 novembre 2025 dans certaines communes)<\/td><td class=\"column-5\">21 septembre 2025 \/ 1er janvier 2026<\/td>\n<\/tr>\n<tr class=\"row-32 even\">\n\t<td class=\"column-1\"><strong>Gard (30)<\/strong><br \/>\nDate d'ouverture \/ de fermeture<\/td><td class=\"column-2\">14 septembre 2025 \/ 11 janvier ou 31 janvier 2026 (selon la commune)<\/td><td class=\"column-3\">14 septembre \/ 15 d\u00e9cembre 2025<\/td><td class=\"column-4\">14 septembre 2025 \/ 11 janvier 2026<\/td><td class=\"column-5\">14 septembre \/ 15 d\u00e9cembre 2025<\/td>\n<\/tr>\n<tr class=\"row-33 odd\">\n\t<td class=\"column-1\"><strong>Haute-Garonne (31)<\/strong><br \/>\nDate d'ouverture \/ de fermeture<br \/>\nConditions<\/td><td class=\"column-2\">14 septembre 2025 \/ 31 janvier 2026 <\/td><td class=\"column-3\">14 septembre 2025 \/ 18 f\u00e9vrier 2026 <br \/>\nTir autoris\u00e9 du 6 octobre au 15 d\u00e9cembre<\/td><td class=\"column-4\">14 septembre 2025 \/ 18 janvier 2026<br \/>\nAutorisation jusqu'au 28 f\u00e9vrier pour la chasse commerciale<\/td><td class=\"column-5\">14 septembre \/ 16 novembre 2025<br \/>\nAutorisation jusqu'au 28 f\u00e9vrier pour la chasse commerciale<\/td>\n<\/tr>\n<tr class=\"row-34 even\">\n\t<td class=\"column-1\"><strong>Gers (32)<\/strong><br \/>\nDate d'ouverture \/ de fermeture<br \/>\nConditions<\/td><td class=\"column-2\">14 septembre \/ 28 d\u00e9cembre 2025<\/td><td class=\"column-3\">12 octobre 2025 \/ 11 janvier 2026<\/td><td class=\"column-4\">14 septembre \/ 14 d\u00e9cembre 2025<\/td><td class=\"column-5\">14 septembre \/ 14 d\u00e9cembre 2025<\/td>\n<\/tr>\n<tr class=\"row-35 odd\">\n\t<td class=\"column-1\"><strong>Gironde (33)<\/strong><br \/>\nDate d'ouverture \/ de fermeture<br \/>\nConditions<\/td><td class=\"column-2\">14 septembre 2025 \/ 28 f\u00e9vrier 2026<br \/>\nChasse au furet autoris\u00e9e<\/td><td class=\"column-3\">14 septembre 2025 \/ 4 janvier 2026<br \/>\nOuverture d\u00e9cal\u00e9e au 12 octobre dans 10 cantons<\/td><td class=\"column-4\">14 septembre 2025 \/ 28 f\u00e9vrier 2026 <\/td><td class=\"column-5\">14 septembre 2025 \/ 28 f\u00e9vrier 2026 <\/td>\n<\/tr>\n<tr class=\"row-36 even\">\n\t<td class=\"column-1\"><strong>H\u00e9rault (34)<\/strong><br \/>\nDate d'ouverture \/ de fermeture<br \/>\nConditions<\/td><td class=\"column-2\">14 septembre 2025 \/ 31 janvier 2026 (jusqu'au 28 f\u00e9vrier dans certaines communes)<\/td><td class=\"column-3\">14 septembre \/ 25 d\u00e9cembre 2025<\/td><td class=\"column-4\">14 septembre 2025 \/ 31 janvier 2026<br \/>\nInterdiction \u00e0 Roqueredonde (tir de la poule interdit \u00e0 Agde)<\/td><td class=\"column-5\">5 octobre \/ 23 novembre 2025<\/td>\n<\/tr>\n<tr class=\"row-37 odd\">\n\t<td class=\"column-1\"><strong>Ille-et-Vilaine (35)<\/strong><br \/>\nDate d'ouverture \/ de fermeture<br \/>\nConditions<\/td><td class=\"column-2\">21 septembre 2025 \/ 11 janvier 2026 <\/td><td class=\"column-3\">19 octobre \/ 23 novembre 2025 dans zone \u00e0 plan de chasse<br \/>\nOuverture uniquement 1 ou 2 jours dans les autres zones<br \/>\n<\/td><td class=\"column-4\">21 septembre 2025 \/ 11 janvier 2026 <\/td><td class=\"column-5\">21 septembre 2025 \/ 11 janvier 2026 <\/td>\n<\/tr>\n<tr class=\"row-38 even\">\n\t<td class=\"column-1\"><strong>Indre (36)<\/strong><br \/>\nDate d'ouverture \/ de fermeture<br \/>\nConditions<\/td><td class=\"column-2\">28 septembre 2025 \/ 31 janvier 2026<br \/>\nChasse \u00e0 tir uniquement<\/td><td class=\"column-3\">28 septembre \/ 7 d\u00e9cembre 2025<br \/>\n(du 12 octobre au 21 d\u00e9cembre dans 7 communes) <\/td><td class=\"column-4\">28 septembre 2025 \/ 11 janvier 2026<br \/>\n\u00e0 Heugnes, chasse du coq uniquement les 23 et 30\/10 et le 07\/12<br \/>\nChasse de la poule interdite dans de nombreuses communes <\/td><td class=\"column-5\">28 septembre 2025 \/ 7 d\u00e9cembre 2025<\/td>\n<\/tr>\n<tr class=\"row-39 odd\">\n\t<td class=\"column-1\"><strong>Indre-et-Loire (37)<\/strong><br \/>\nDate d'ouverture \/ de fermeture<br \/>\nConditions<\/td><td class=\"column-2\">21 septembre 2025 \/ 28 f\u00e9vrier 2026 <\/td><td class=\"column-3\">5 octobre \/ 14 d\u00e9cembre 2025<\/td><td class=\"column-4\">5 octobre 2025 \/ 11 janvier 2026 <br \/>\nOuverture le 21 septembre dans le secteur n\u00b01 (marquage obligatoire)<\/td><td class=\"column-5\">21 septembre \/ 14 d\u00e9cembre 2025<\/td>\n<\/tr>\n<tr class=\"row-40 even\">\n\t<td class=\"column-1\"><strong>Is\u00e8re (38)<\/strong><br \/>\nDate d'ouverture \/ de fermeture<br \/>\nConditions<\/td><td class=\"column-2\">14 septembre 2025 \/ 11 janvier 2026<br \/>\nChasse au furet interdite (sauf 18 communes, o\u00f9 chasse autoris\u00e9e jusqu'au 28\/02) <\/td><td class=\"column-3\">5 octobre \/ 30 novembre 2025<\/td><td class=\"column-4\">14 septembre 2025 \/ 11 janvier 2026<\/td><td class=\"column-5\">14 septembre 2025 \/ 11 janvier 2026<\/td>\n<\/tr>\n<tr class=\"row-41 odd\">\n\t<td class=\"column-1\"><strong>Jura (39)<\/strong><br \/>\nDate d'ouverture \/ de fermeture<br \/>\nConditions<\/td><td class=\"column-2\">21 septembre 2025 \/ 28 f\u00e9vrier 2026 <\/td><td class=\"column-3\">14 septembre \/ 31 d\u00e9cembre 2025<br \/>\nPlan de chasse obligatoire<\/td><td class=\"column-4\">14 septembre \/ 31 d\u00e9cembre 2025<br \/>\nTir de la poule interdit dans l'unit\u00e9 de gestion 9 <\/td><td class=\"column-5\">14 septembre \/ 31 d\u00e9cembre 2025<\/td>\n<\/tr>\n<tr class=\"row-42 even\">\n\t<td class=\"column-1\"><strong>Landes (40)<\/strong><br \/>\nDate d'ouverture \/ de fermeture<br \/>\nConditions<\/td><td class=\"column-2\">14 septembre 2025 \/ 28 f\u00e9vrier 2026 <br \/>\nChasse au furet autoris\u00e9e<\/td><td class=\"column-3\">14 septembre \/ 25 d\u00e9cembre 2025<br \/>\nSauf GIC La L\u00e8be : 28 septembre 2025 \/ 11 janvier 2026<\/td><td class=\"column-4\">14 septembre 2025 \/ 31 janvier 2026<br \/>\nChasse commerciale du 1er au 28 f\u00e9vrier 2026<\/td><td class=\"column-5\">14 septembre 2025 \/ 31 janvier 2026<br \/>\nChasse commerciale du 1er au 28 f\u00e9vrier 2026<\/td>\n<\/tr>\n<tr class=\"row-43 odd\">\n\t<td class=\"column-1\"><strong>Loir-et-Cher (41)<\/strong><br \/>\nDate d'ouverture \/ de fermeture<br \/>\nConditions<\/td><td class=\"column-2\">28 septembre 2025 \/ 28 f\u00e9vrier 2026 <\/td><td class=\"column-3\">12 octobre \/ 21 d\u00e9cembre 2025 <\/td><td class=\"column-4\">12 octobre 2025 \/ 11 janvier 2026 (dans le cadre du plan de chasse et communes limitrophes)<br \/>\n28 septembre 2025 \/ 31 janvier 2026 (autres communes)<br \/>\nFermeture g\u00e9n\u00e9rale \u00e0 Choussy, Monthou-sur-Cher et Thenay<\/td><td class=\"column-5\">28 septembre 2025 \/ 7 d\u00e9cembre 2025 ou 31 janvier 2026<\/td>\n<\/tr>\n<tr class=\"row-44 even\">\n\t<td class=\"column-1\"><strong>Loire (42)<\/strong><br \/>\nDate d'ouverture \/ de fermeture<br \/>\nConditions<\/td><td class=\"column-2\">14 septembre 2025 \/ 31 janvier 2026<br \/>\nSauf mardi, jeudi, vendredi<\/td><td class=\"column-3\">28 septembre ou 12 octobre \/ 14 d\u00e9cembre 2025 (sauf Coteaux du Pilat et Monts du Forez Sud)<br \/>\nVoir l'annexe 2 de l'arr\u00eat\u00e9<br \/>\n<\/td><td class=\"column-4\">14 septembre 2025 \/ 31 janvier 2026<\/td><td class=\"column-5\">14 septembre 2025 \/ 31 janvier 2026<\/td>\n<\/tr>\n<tr class=\"row-45 odd\">\n\t<td class=\"column-1\"><strong>Haute-Loire (43)<\/strong><br \/>\nDate d'ouverture \/ de fermeture<br \/>\nConditions<\/td><td class=\"column-2\">14 septembre 2025 \/ 1er janvier 2026<\/td><td class=\"column-3\">14 septembre \/ 7 d\u00e9cembre 2025<\/td><td class=\"column-4\">14 septembre 2025 \/ 1er janvier 2026<\/td><td class=\"column-5\">14 septembre \/ 7 d\u00e9cembre 2025<br \/>\nOuverture le 5 octobre pour les communes des plateaux volcaniques du Velay<\/td>\n<\/tr>\n<tr class=\"row-46 even\">\n\t<td class=\"column-1\"><strong>Loire-Atlantique (44)<\/strong><br \/>\nDate d'ouverture \/ de fermeture<br \/>\nConditions<\/td><td class=\"column-2\">21 septembre 2025 \/ 18 janvier 2026<\/td><td class=\"column-3\">12 octobre 2025 \/ 18 janvier 2026<br \/>\nPlan de chasse \u00e0 respecter<\/td><td class=\"column-4\">21 septembre 2025 \/ 18 janvier 2026 (28 f\u00e9vrier pour la chasse commerciale)<\/td><td class=\"column-5\">21 septembre 2025 \/ 18 janvier 2026 (28 f\u00e9vrier pour la chasse commerciale)<\/td>\n<\/tr>\n<tr class=\"row-47 odd\">\n\t<td class=\"column-1\"><strong>Loiret (45)<\/strong><br \/>\nDate d'ouverture \/ de fermeture<br \/>\nConditions<\/td><td class=\"column-2\">21 septembre 2025 \/ 28 f\u00e9vrier 2026<\/td><td class=\"column-3\">5 octobre \/ 7 d\u00e9cembre 2025 <\/td><td class=\"column-4\">21 septembre 2025 \/ 31 janvier 2026<br \/>\nTir de la poule interdit dans certains territoires<\/td><td class=\"column-5\">21 septembre \/ 7 d\u00e9cembre 2025 (9, 16 ou 23 novembre pour certaines communes et GIC)<br \/>\n<br \/>\nPlan de chasse \u00e0 respecter<\/td>\n<\/tr>\n<tr class=\"row-48 even\">\n\t<td class=\"column-1\"><strong>Lot (46)<\/strong><br \/>\nDate d'ouverture \/ de fermeture<br \/>\nConditions<\/td><td class=\"column-2\">14 septembre 2025 \/ 31 janvier 2026<br \/>\nChasse au furet soumis \u00e0 autorisation pr\u00e9fectorale<\/td><td class=\"column-3\">14 septembre 2025 \/ 4 janvier 2026<\/td><td class=\"column-4\">14 septembre 2025 \/ 28 f\u00e9vrier 2026 <\/td><td class=\"column-5\">14 septembre 2025 \/ 28 f\u00e9vrier 2026<\/td>\n<\/tr>\n<tr class=\"row-49 odd\">\n\t<td class=\"column-1\"><strong>Lot-et-Garonne (47)<\/strong><br \/>\nDate d'ouverture \/ de fermeture<br \/>\nConditions<\/td><td class=\"column-2\">14 septembre 2025 \/ 31 janvier ou 28 f\u00e9vrier 2026<br \/>\nTous les jours seulement dans 13 communes<\/td><td class=\"column-3\">14 septembre 2025 \/ 14 d\u00e9cembre 2025 ou 1er janvier 2026 selon la commune<\/td><td class=\"column-4\">14 septembre 2025 \/ 11 novembre 2025 ou 31 janvier 2026<br \/>\nSous conditions selon arr\u00eat\u00e9<\/td><td class=\"column-5\">14 septembre 2025 \/ 28 f\u00e9vrier 2026<\/td>\n<\/tr>\n<tr class=\"row-50 even\">\n\t<td class=\"column-1\"><strong>Loz\u00e8re (48)<\/strong><br \/>\nDate d'ouverture \/ de fermeture<br \/>\nConditions<\/td><td class=\"column-2\">14 septembre 2025 \/ 4 janvier 2026 <br \/>\n\ud83d\udeabInterdiction dans 31 communes<\/td><td class=\"column-3\">28 septembre \/ 14 d\u00e9cembre 2025<br \/>\nOuverture anticip\u00e9e le 14\/09 et fermeture le 28\/12 dans certaines commues<\/td><td class=\"column-4\">14 septembre 2025 \/ 4 janvier 2026 <\/td><td class=\"column-5\">4 octobre \/ 26 octobre 2025<br \/>\nUniquement le dimanche. Interdiction dans de nombreuses communes.<\/td>\n<\/tr>\n<tr class=\"row-51 odd\">\n\t<td class=\"column-1\"><strong>Maine-et-Loire (49)<\/strong><br \/>\nDate d'ouverture \/ de fermeture<br \/>\nConditions<\/td><td class=\"column-2\">21 septembre 2025 \/ 28 f\u00e9vrier 2026<\/td><td class=\"column-3\">21 septembre ou 12 octobre \/ 31 d\u00e9cembre 2025<\/td><td class=\"column-4\">21 septembre \/ 15 janvier 2026<\/td><td class=\"column-5\">21 septembre \/ 7 d\u00e9cembre 2025<\/td>\n<\/tr>\n<tr class=\"row-52 even\">\n\t<td class=\"column-1\"><strong>Manche (50)<\/strong><br \/>\nDate d'ouverture \/ de fermeture<br \/>\nConditions<\/td><td class=\"column-2\">28 septembre 2025 \/ 4 janvier ou 28 f\u00e9vrier 2026 <br \/>\nChasse au furet autoris\u00e9e<\/td><td class=\"column-3\">28 septembre \/ 19 octobre 2025 <\/td><td class=\"column-4\">28 septembre 2025 \/ 4 janvier 2026 <\/td><td class=\"column-5\">28 septembre 2025 \/ 4 janvier 2026 <\/td>\n<\/tr>\n<tr class=\"row-53 odd\">\n\t<td class=\"column-1\"><strong>Marne (51)<\/strong><br \/>\nDate d'ouverture \/ de fermeture<br \/>\nConditions<\/td><td class=\"column-2\">21 septembre 2025 \/ 28 f\u00e9vrier 2026<\/td><td class=\"column-3\">21 septembre \/ 23 novembre 2025<\/td><td class=\"column-4\">21 septembre \/ 31 d\u00e9cembre 2025 (poule) ou 28 f\u00e9vrier 2026 (coq)<\/td><td class=\"column-5\">21 septembre \/ 23 novembre 2025<br \/>\nOuverture anticip\u00e9e du 1er au 14 septembre<\/td>\n<\/tr>\n<tr class=\"row-54 even\">\n\t<td class=\"column-1\"><strong>Haute-Marne (52)<\/strong><br \/>\nDate d'ouverture \/ de fermeture<br \/>\nConditions<\/td><td class=\"column-2\">21 septembre 2025 \/ 28 f\u00e9vrier 2026<\/td><td class=\"column-3\">21 septembre \/ 23 novembre 2025<\/td><td class=\"column-4\">21 septembre 2025 \/ 28 f\u00e9vrier 2026<br \/>\nFermeture le 15\/12 sur le territoire du du GIC du Sud Haut-Marnais<\/td><td class=\"column-5\">21 septembre \/ 9 novembre 2025<br \/>\nInterdiction sur certaines communes du GIC du Sud Haut-Marnais<\/td>\n<\/tr>\n<tr class=\"row-55 odd\">\n\t<td class=\"column-1\"><strong>Mayenne (53)<\/strong><br \/>\nDate d'ouverture \/ de fermeture<br \/>\nConditions<\/td><td class=\"column-2\">21 septembre 2025 \/ 31 janvier 2026<\/td><td class=\"column-3\">12 octobre \/ 2 novembre ou 1er d\u00e9cembre 2025<br \/>\n\ud83d\udeabInterdiction dans de nombreuses communes<\/td><td class=\"column-4\">21 septembre 2025 \/ 18 janvier 2026 (jusqu'au 31\/12\/2025 pour communes sous plan de chasse, chasse commerciale jusqu'au 28\/02)  <br \/>\n<\/td><td class=\"column-5\">21 septembre \/ 1er d\u00e9cembre 2025 <br \/>\nInterdiction dans 9 communes, uniquement le dimanche et le lundi dans 3 cantons ; chasse commerciale jusqu'au 28\/02<\/td>\n<\/tr>\n<tr class=\"row-56 even\">\n\t<td class=\"column-1\"><strong>Meurthe-et-Moselle (54)<\/strong><\/td><td class=\"column-2\">21 septembre 2025 \/ 28 f\u00e9vrier 2026<\/td><td class=\"column-3\">21 septembre \/ 31 d\u00e9cembre 2025<\/td><td class=\"column-4\">21 septembre 2025 \/ 31 janvier 2026 <\/td><td class=\"column-5\">21 septembre \/ 1er novembre 2025<\/td>\n<\/tr>\n<tr class=\"row-57 odd\">\n\t<td class=\"column-1\"><strong>Meuse (55)<\/strong><br \/>\nDate d'ouverture \/ de fermeture<br \/>\nConditions<\/td><td class=\"column-2\">21 septembre 2025 \/ 31 janvier 2026<\/td><td class=\"column-3\">18 octobre \/ 29 octobre (si pas plan de chasse\/de gestion) ou 11 novembre 2025 (si plan de chasse\/de gestion) <\/td><td class=\"column-4\">21 septembre \/ 23 novembre<\/td><td class=\"column-5\">21 septembre \/ 29 octobre (si pas plan de chasse\/de gestion) ou 11 novembre 2025 (si plan de chasse\/de gestion) <\/td>\n<\/tr>\n<tr class=\"row-58 even\">\n\t<td class=\"column-1\"><strong>Morbihan (56)<\/strong><br \/>\nDate d'ouverture \/ de fermeture<br \/>\nConditions<\/td><td class=\"column-2\">21 septembre 2025 \/ 7 d\u00e9cembre 2025 ou 11 ou 31 janvier (selon la commune)<\/td><td class=\"column-3\">5 octobre \/ 19 octobre 2025 (sur les \u00eeles morbihannaises uniquement)<br \/>\n19 octobre \/ 7 d\u00e9cembre 2025 <br \/>\nPlan de chasse obligatoire <\/td><td class=\"column-4\">21 septembre 2025 \/ 11 ou 31 janvier 2026 (le 31 uniquement sur 5 \u00eeles)<br \/>\nInterdiction pour la poule \u00e0 Erdeven et Pleugriffet<\/td><td class=\"column-5\">21 septembre 2025 \/ 11 janvier 2026<br \/>\nUniquement les 5, 12, 19 et 26 octobre \u00e0 Carnac et La Trinit\u00e9-sur-Mer<\/td>\n<\/tr>\n<tr class=\"row-59 odd\">\n\t<td class=\"column-1\"><strong>Moselle (57)<\/strong><br \/>\nDate d'ouverture \/ de fermeture<br \/>\nConditions<\/td><td class=\"column-2\">14 avril 2025 \/ 28 f\u00e9vrier 2026<\/td><td class=\"column-3\">15 octobre \/ 31 d\u00e9cembre 2025<\/td><td class=\"column-4\">14 avril 2025 \/ 28 f\u00e9vrier 2026<br \/>\nCoq faisan uniquement (\ud83d\udeabinterdiction pour poule faisane) <\/td><td class=\"column-5\">23 ao\u00fbt 2025 \/ 30 novembre 2025<\/td>\n<\/tr>\n<tr class=\"row-60 even\">\n\t<td class=\"column-1\"><strong>Ni\u00e8vre (58)<\/strong><br \/>\nDate d'ouverture \/ de fermeture<br \/>\nConditions<\/td><td class=\"column-2\">21 septembre 2025 \/ 28 f\u00e9vrier 2026<\/td><td class=\"column-3\">21 septembre \/ 23 novembre 2025<\/td><td class=\"column-4\">21 septembre 2025 \/ 8 f\u00e9vrier 2026 (28 f\u00e9vrier pour la chasse commerciale)<\/td><td class=\"column-5\">21 septembre 2025 \/ 11 janvier 2026 (28 f\u00e9vrier pour la chasse commerciale)<\/td>\n<\/tr>\n<tr class=\"row-61 odd\">\n\t<td class=\"column-1\"><strong>Nord (59)<\/strong><br \/>\nDate d'ouverture \/ de fermeture<br \/>\nConditions<\/td><td class=\"column-2\">21 septembre 2025 \/ 28 f\u00e9vrier 2026<\/td><td class=\"column-3\">21 septembre \/ 7 d\u00e9cembre 2025<br \/>\nJours de chasse variables selon la zone<\/td><td class=\"column-4\">21 septembre \/ 31 d\u00e9cembre 2025 (sous plan de gestion)<br \/>\nJusqu'au 28\/02 dans les for\u00eats &gt; 30 ha<br \/>\nAilleurs : 21 septembre \/ 31 janvier 2026 (coq), 16 novembre 2025 (poule)<\/td><td class=\"column-5\">Les 21 et 28 septembre 2025<\/td>\n<\/tr>\n<tr class=\"row-62 even\">\n\t<td class=\"column-1\"><strong>Oise (60)<\/strong><br \/>\nDate d'ouverture \/ de fermeture<br \/>\nConditions<\/td><td class=\"column-2\">21 septembre 2025 \/ 28 f\u00e9vrier 2026<\/td><td class=\"column-3\">5 octobre \/ 31 d\u00e9cembre 2025<\/td><td class=\"column-4\">5 octobre 2025 \/ 31 janvier 2026 <br \/>\nChasse professionnelle : 21 septembre 2025 \/ 28 f\u00e9vrier 2026<\/td><td class=\"column-5\">5 octobre 2025 \/ 31 d\u00e9cembre 2025<br \/>\nChasse professionnelle : 21 septembre 2025 \/ 31 janvier 2026<\/td>\n<\/tr>\n<tr class=\"row-63 odd\">\n\t<td class=\"column-1\"><strong>Orne (61)<\/strong><br \/>\nDate d'ouverture \/ de fermeture<br \/>\nConditions<\/td><td class=\"column-2\">28 septembre 2025 \/ 28 f\u00e9vrier 2026<\/td><td class=\"column-3\">28 septembre \/ 12 ou 19 octobre ou 23 novembre 2025<br \/>\nUniquement le dimanche dans les pays cyn\u00e9g\u00e9tiques<\/td><td class=\"column-4\">28 septembre \/ 23 novembre 2025<\/td><td class=\"column-5\">28 septembre \/ 5 ou 12 octobre ou 23 novembre 2025<br \/>\nUniquement le dimanche dans les pays cyn\u00e9g\u00e9tiques<\/td>\n<\/tr>\n<tr class=\"row-64 even\">\n\t<td class=\"column-1\"><strong>Pas-de-Calais (62)<\/strong><br \/>\nDate d'ouverture \/ de fermeture<br \/>\nConditions<\/td><td class=\"column-2\">21 septembre 2025 \/ 31 janvier 2026<br \/>\nChasse au furet autoris\u00e9e<\/td><td class=\"column-3\">21 septembre \/ 23 novembre 2025<br \/>\nSelon plan de gestion d\u00e9partemental<\/td><td class=\"column-4\">5 octobre 2025 \/ 18 janvier 2026 (ouverture anticip\u00e9e le 28\/09)<br \/>\nSelon plan de gestion d\u00e9partemental<\/td><td class=\"column-5\">21 septembre \/ 23 novembre 2025<br \/>\nSelon plan de gestion d\u00e9partemental<\/td>\n<\/tr>\n<tr class=\"row-65 odd\">\n\t<td class=\"column-1\"><strong>Puy-de-D\u00f4me (63)<\/strong><br \/>\nDate d'ouverture \/ de fermeture<br \/>\nConditions<\/td><td class=\"column-2\">14 septembre 2025 \/ 28 f\u00e9vrier 2026<br \/>\nChasse au furet autoris\u00e9e<\/td><td class=\"column-3\">14 ou 28 septembre \/ 30 novembre 2025<br \/>\nSelon plan de gestion d\u00e9partemental<\/td><td class=\"column-4\">14 septembre 2025 \/ 1er f\u00e9vrier 2026<br \/>\nTir interdit en plan de gestion<\/td><td class=\"column-5\">14 septembre \/ 30 novembre ou 7 d\u00e9cembre 2025<\/td>\n<\/tr>\n<tr class=\"row-66 even\">\n\t<td class=\"column-1\"><strong>Pyr\u00e9n\u00e9es-Atlantiques (64)<\/strong><br \/>\nDate d'ouverture \/ de fermeture<br \/>\nConditions<\/td><td class=\"column-2\">14 septembre  \/ 25 d\u00e9cembre 2025<br \/>\nUniquement le mercredi, samedi, dimanche et jours f\u00e9ri\u00e9s<br \/>\n<\/td><td class=\"column-3\">12 octobre \/ 18 janvier 2026<br \/>\nSous plan de gestion. Uniquement le mercredi, samedi, dimanche et jours f\u00e9ri\u00e9s<\/td><td class=\"column-4\">14 septembre  \/ 25 d\u00e9cembre 2025<br \/>\nUniquement le mercredi, samedi, dimanche et jours f\u00e9ri\u00e9s<br \/>\n<\/td><td class=\"column-5\">14 septembre  \/ 25 d\u00e9cembre 2025<br \/>\nUniquement le mercredi, samedi, dimanche et jours f\u00e9ri\u00e9s<br \/>\n<\/td>\n<\/tr>\n<tr class=\"row-67 odd\">\n\t<td class=\"column-1\"><strong>Hautes-Pyr\u00e9n\u00e9es (65)<\/strong><br \/>\nDate d'ouverture \/ de fermeture<br \/>\nConditions<\/td><td class=\"column-2\">14 ou 28 septembre 2025 \/ 23 novembre ou 25 janvier 2026 (selon plaine ou montagne)<br \/>\nUniquement le mercredi, samedi, dimanche et jours f\u00e9ri\u00e9s<\/td><td class=\"column-3\">14 ou 28 septembre 2025 \/ 23 novembre ou 4 janvier 2026 (selon plaine ou montagne)<br \/>\nUniquement le mercredi, samedi, dimanche et jours f\u00e9ri\u00e9s<\/td><td class=\"column-4\">14 ou 28 septembre 2025 \/ 23 novembre ou 25 janvier 2026 (selon plaine ou montagne)<br \/>\nUniquement le mercredi, samedi, dimanche et jours f\u00e9ri\u00e9s<\/td><td class=\"column-5\">14 ou 28 septembre 2025 \/ 23 novembre ou 25 janvier 2026 (selon plaine ou montagne)<br \/>\nUniquement le mercredi, samedi, dimanche et jours f\u00e9ri\u00e9s<\/td>\n<\/tr>\n<tr class=\"row-68 even\">\n\t<td class=\"column-1\"><strong>Pyr\u00e9n\u00e9es-Orientales (66)<\/strong><br \/>\nDate d'ouverture \/ de fermeture<br \/>\nConditions<\/td><td class=\"column-2\">14 septembre \/ 31 d\u00e9cembre 2025 ou 28 f\u00e9vrier 2026<br \/>\nQuotas et jours de chasse selon la zone<\/td><td class=\"column-3\">14 septembre \/ 31 d\u00e9cembre 2025<br \/>\nQuotas et jours de chasse selon la zone<\/td><td class=\"column-4\">14 septembre 2025 \/ 31 janvier 2026<br \/>\n\ud83d\udeab Sauf le mardi et vendredi<\/td><td class=\"column-5\">21 septembre \/ 11 novembre 2025<br \/>\n\ud83d\udeab Tirs interdits en zone I<br \/>\nL\u00e2chers interdits<\/td>\n<\/tr>\n<tr class=\"row-69 odd\">\n\t<td class=\"column-1\"><strong>Bas-Rhin (67)<\/strong><br \/>\nDate d'ouverture \/ de fermeture<br \/>\nConditions<\/td><td class=\"column-2\">15 avril 2025<br \/>\n28 f\u00e9vrier 2026<\/td><td class=\"column-3\">1er novembre 2025<br \/>\n31 d\u00e9cembre 2025<\/td><td class=\"column-4\">15 septembre 2025<br \/>\n31 d\u00e9cembre 2025<br \/>\n\ud83d\udeab Interdiction pour la poule faisane sur sol couvert de neige<\/td><td class=\"column-5\">15 septembre 2025<br \/>\n15 d\u00e9cembre 2025<\/td>\n<\/tr>\n<tr class=\"row-70 even\">\n\t<td class=\"column-1\"><strong>Haut-Rhin (68)<\/strong><br \/>\nDate d'ouverture \/ de fermeture<br \/>\nConditions<\/td><td class=\"column-2\">15 avril 2025<br \/>\n28 f\u00e9vrier 2026<\/td><td class=\"column-3\">15 octobre 2025<br \/>\n15 d\u00e9cembre 2025<\/td><td class=\"column-4\">15 septembre 2025<br \/>\n31 d\u00e9cembre 2025<br \/>\n\ud83d\udeab Interdiction pour la poule faisane sur sol couvert de neige<\/td><td class=\"column-5\">15 septembre 2025<br \/>\n31 d\u00e9cembre 2025<br \/>\n\ud83d\udeab Interdiction sur sol couvert de neige<\/td>\n<\/tr>\n<tr class=\"row-71 odd\">\n\t<td class=\"column-1\"><strong>Rh\u00f4ne (69)<\/strong><br \/>\nDate d'ouverture \/ de fermeture<br \/>\nConditions<\/td><td class=\"column-2\">14 septembre 2025 \/ 11 janvier 2026<\/td><td class=\"column-3\">28 septembre \/ 9 novembre 2025<br \/>\nDates sp\u00e9cifiques selon unit\u00e9s cyn\u00e9g\u00e9tiques<\/td><td class=\"column-4\">14 septembre 2025 \/ 11 janvier 2026<\/td><td class=\"column-5\">14 septembre \/ 11 novembre 2025<\/td>\n<\/tr>\n<tr class=\"row-72 even\">\n\t<td class=\"column-1\"><strong>Haute-Sa\u00f4ne (70)<\/strong><br \/>\nDate d'ouverture \/ de fermeture<br \/>\nConditions<\/td><td class=\"column-2\">14 septembre 2025 \/ 28 f\u00e9vrier 2026<\/td><td class=\"column-3\">5 ou 19 octobre \/\/2 ou 6 novembre<br \/>\nSoumis \u00e0 plan de chasse individuel<br \/>\nUniquement le mercredi, samedi, dimanche et jours f\u00e9ri\u00e9s<\/td><td class=\"column-4\">14 septembre \/ 16 novembre 2026<\/td><td class=\"column-5\">14 septembre \/ 31 janvier 2026<\/td>\n<\/tr>\n<tr class=\"row-73 odd\">\n\t<td class=\"column-1\"><strong>Sa\u00f4ne-et-Loire (71)<\/strong><br \/>\nDate d'ouverture \/ de fermeture<br \/>\nConditions<\/td><td class=\"column-2\">21 septembre 2025 \/ 28 f\u00e9vrier 2026<\/td><td class=\"column-3\">21 septembre \/ 7 d\u00e9cembre 2025<br \/>\nSous plan de gestion<\/td><td class=\"column-4\">21 septembre 2025 \/ 31 janvier 2026 (chasse commerciale jusqu'au 28\/02)<\/td><td class=\"column-5\">21 septembre 2025 \/ 31 janvier 2026 (chasse commerciale jusqu'au 28\/02)<\/td>\n<\/tr>\n<tr class=\"row-74 even\">\n\t<td class=\"column-1\"><strong>Sarthe (72)<\/strong><br \/>\nDate d'ouverture \/ de fermeture<br \/>\nConditions<\/td><td class=\"column-2\">28 septembre 2025 \/ 28 f\u00e9vrier 2026<br \/>\nChasse au furet autoris\u00e9e<\/td><td class=\"column-3\">28 septembre \/ 14 d\u00e9cembre 2025<br \/>\nSous plan de gestion<\/td><td class=\"column-4\">28 septembre 2025 \/ 15 janvier 2026 (chasse commerciale jusqu'au 28\/02)<\/td><td class=\"column-5\">28 septembre \/ 14 d\u00e9cembre 2025<\/td>\n<\/tr>\n<tr class=\"row-75 odd\">\n\t<td class=\"column-1\"><strong>Savoie (73)<\/strong><br \/>\nDate d'ouverture \/ de fermeture<br \/>\nConditions<\/td><td class=\"column-2\">14 septembre 2025 \/ 31 janvier 2026<\/td><td class=\"column-3\">14 septembre \/ 11 novembre 2025<br \/>\nSauf lundi, mardi, vendredi<br \/>\nSous plan de tir de la FDC Savoie<\/td><td class=\"column-4\">14 septembre 2025 \/ 31 janvier 2026<br \/>\nSauf mardi, vendredi<\/td><td class=\"column-5\">14 septembre 2025 \/ 31 janvier 2026<br \/>\nSauf mardi, vendredi<\/td>\n<\/tr>\n<tr class=\"row-76 even\">\n\t<td class=\"column-1\"><strong>Haute-Savoie (74)<\/strong><br \/>\nDate d'ouverture \/ de fermeture<br \/>\nConditions<\/td><td class=\"column-2\">14 septembre 2025 \/ 18 janvier 2026<br \/>\nSauf mercredi et vendredi<\/td><td class=\"column-3\">14 septembre 2025 \/ 18 janvier 2026<br \/>\n\ud83d\udeab Tir \u00e0 balle interdit<br \/>\nPlan de chasse dans certaines communes<\/td><td class=\"column-4\">14 septembre 2025 \/ 18 janvier 2026<br \/>\nSauf mercredi et vendredi<\/td><td class=\"column-5\">14 septembre 2025 \/ 18 janvier 2026<br \/>\nSauf mercredi et vendredi<\/td>\n<\/tr>\n<tr class=\"row-77 odd\">\n\t<td class=\"column-1\"><strong>Seine-Maritime (76)<\/strong><br \/>\nDate d'ouverture \/ de fermeture<br \/>\nConditions<\/td><td class=\"column-2\">21 septembre 2025 \/ 28 f\u00e9vrier 2026<br \/>\nChasse au furet autoris\u00e9e<\/td><td class=\"column-3\">5 octobre 2025 \/ 10 d\u00e9cembre 2025<\/td><td class=\"column-4\">5 octobre 2025 \/ <br \/>\n10 janvier 2026<br \/>\n\ud83d\udeab Tir de la poule interdit (sauf sur les unit\u00e9s 90 et 91)<\/td><td class=\"column-5\">5 octobre \/ 11 novembre 2025 (ou 10 d\u00e9cembre 2025 si plan de gestion)<\/td>\n<\/tr>\n<tr class=\"row-78 even\">\n\t<td class=\"column-1\"><strong>Seine-et-Marne (77)<\/strong><br \/>\nDate d'ouverture \/ de fermeture<br \/>\nConditions<\/td><td class=\"column-2\">21 septembre 2025 \/ 28 f\u00e9vrier 2026<\/td><td class=\"column-3\">21 septembre \/ 7 d\u00e9cembre 2025<br \/>\nDe 9h00 \u00e0 17h30<\/td><td class=\"column-4\">21 septembre 2025 \/ 28 f\u00e9vrier 2026<br \/>\nDe 9h00 \u00e0 17h30<\/td><td class=\"column-5\">21 septembre \/ 7 d\u00e9cembre 2025<br \/>\nDe 9h00 \u00e0 17h30<\/td>\n<\/tr>\n<tr class=\"row-79 odd\">\n\t<td class=\"column-1\"><strong>Yvelines (78)<\/strong><br \/>\nDate d'ouverture \/ de fermeture<br \/>\nConditions<\/td><td class=\"column-2\">21 septembre 2025 \/ 28 f\u00e9vrier 2026<\/td><td class=\"column-3\">21 septembre \/ 30 novembre 2025 <br \/>\n(chasse \u00e0 courre jusqu'au 31 mars 2026)<\/td><td class=\"column-4\">21 septembre 2025 \/ <br \/>\nPoule : 31 d\u00e9cembre 2025 ; coq : 31 janvier 2026 <\/td><td class=\"column-5\">21 septembre \/ 30 novembre 2025 <br \/>\nChasse commerciale jusqu'au 28 f\u00e9vrier 2026<\/td>\n<\/tr>\n<tr class=\"row-80 even\">\n\t<td class=\"column-1\"><strong>Deux-S\u00e8vres (79)<\/strong><br \/>\nDate d'ouverture \/ de fermeture<br \/>\nConditions<\/td><td class=\"column-2\">14 septembre 2025 \/ 28 f\u00e9vrier 2026<br \/>\nSauf Niort : ouverture le 28\/09<\/td><td class=\"column-3\">28 septembre \/ 14 d\u00e9cembre 2025<br \/>\nHors plan de chasse : ouverture le 19 octobre<\/td><td class=\"column-4\">14 septembre 2025 \/ 18 janvier 2026<br \/>\nSous plan de gestion<\/td><td class=\"column-5\">14 septembre ou 19 octobre 2025 \/ 30 novembre ou 14 d\u00e9cembre 2025 <br \/>\nPlan de gestion dans 5 communes<\/td>\n<\/tr>\n<tr class=\"row-81 odd\">\n\t<td class=\"column-1\"><strong>Somme (80)<\/strong><br \/>\nDate d'ouverture \/ de fermeture<br \/>\nConditions<\/td><td class=\"column-2\">21 septembre 2025 \/ 28 f\u00e9vrier 2026<br \/>\nChasse au furet autoris\u00e9e<\/td><td class=\"column-3\">21 septembre \/ 26 octobre 2025 (plaines)<br \/>\n1er novembre \/ 7 d\u00e9cembre 2025 (bois, marais)<\/td><td class=\"column-4\">21 septembre \/ 30 novembre 2025 (plaine, landes) <br \/>\n1er novembre \/ 31 d\u00e9cembre 2025 (bois, marais)<br \/>\nChasse commerciale jusqu'au 28 f\u00e9vrier 2026<\/td><td class=\"column-5\">21 septembre \/ 15 novembre 2025<br \/>\n2 jours par semaine maximum<br \/>\nHors plan de gestion : uniquement le dimanche<\/td>\n<\/tr>\n<tr class=\"row-82 even\">\n\t<td class=\"column-1\"><strong>Tarn (81)<\/strong><br \/>\nDate d'ouverture \/ de fermeture<br \/>\nConditions<\/td><td class=\"column-2\">14 septembre \/ 14 d\u00e9cembre 2025<br \/>\nChasse au furet autoris\u00e9e<\/td><td class=\"column-3\">14 septembre 2025\t\/ 28 f\u00e9vrier 2026<br \/>\nPlan de chasse obligatoire, tir autoris\u00e9 uniquement du 5 octobre au 14 d\u00e9cembre 2025, les mercredis, dimanches et jours f\u00e9ri\u00e9s<\/td><td class=\"column-4\">14 septembre 2025\t\/ 4 janvier 2026<\/td><td class=\"column-5\">14 septembre \/ 14 d\u00e9cembre 2025<br \/>\nUniquement le mercredi et le dimanche jusqu'au 31 octobre 2025<\/td>\n<\/tr>\n<tr class=\"row-83 odd\">\n\t<td class=\"column-1\"><strong>Tarn-et-Garonne (82)<\/strong><br \/>\nDate d'ouverture \/ de fermeture<br \/>\nConditions<\/td><td class=\"column-2\">14 septembre 2025 \/ 31 janvier 2026 <br \/>\nChasse au furet autoris\u00e9e du 1er d\u00e9cembre 2025 au 31 janvier 2026<\/td><td class=\"column-3\">14 septembre 2025 \/ 31 janvier 2026<br \/>\nLes dimanches, lundis, mercredis, samedis et jours f\u00e9ri\u00e9s<\/td><td class=\"column-4\">14 septembre 2025 \/ 28 f\u00e9vrier 2026<br \/>\nPlan de gestion sur certains territoires<br \/>\n<\/td><td class=\"column-5\">14 septembre 2025 \/ 28 f\u00e9vrier 2026<br \/>\nLes dimanches, lundis, mercredis, samedis et jours f\u00e9ri\u00e9s<\/td>\n<\/tr>\n<tr class=\"row-84 even\">\n\t<td class=\"column-1\"><strong>Var (83)<\/strong><br \/>\nDate d'ouverture \/ de fermeture<br \/>\nConditions<\/td><td class=\"column-2\">14 septembre 2025 \/ <br \/>\n12 janvier 2026<\/td><td class=\"column-3\">14 septembre 2025 \/ <br \/>\n12 janvier 2026<\/td><td class=\"column-4\">14 septembre 2025 \/ 31 janvier 2026<\/td><td class=\"column-5\">14 septembre \/ 11 novembre 2025<\/td>\n<\/tr>\n<tr class=\"row-85 odd\">\n\t<td class=\"column-1\"><strong>Vaucluse (84)<\/strong><br \/>\nDate d'ouverture \/ de fermeture<br \/>\nConditions<\/td><td class=\"column-2\">14 septembre 2025\t\/ 28 f\u00e9vrier 2026<\/td><td class=\"column-3\">14 septembre 2025\t\/ 11 janvier 2026<\/td><td class=\"column-4\">14 septembre 2025\t\/ 11 janvier 2026<\/td><td class=\"column-5\">14 septembre \/ 7 d\u00e9cembre 2025<\/td>\n<\/tr>\n<tr class=\"row-86 even\">\n\t<td class=\"column-1\"><strong>Vend\u00e9e (85)<\/strong><br \/>\nDate d'ouverture \/ de fermeture<br \/>\nConditions<\/td><td class=\"column-2\">21 septembre 2025\t\/ 11 janvier 2026<\/td><td class=\"column-3\">12 octobre \/ 7 d\u00e9cembre 2025<br \/>\nSous plan de chasse<\/td><td class=\"column-4\">21 septembre 2025\t11 janvier 2026<br \/>\nTir de la poule interdit dans certaines communes<\/td><td class=\"column-5\">21 septembre \/ 7 d\u00e9cembre 2025<\/td>\n<\/tr>\n<tr class=\"row-87 odd\">\n\t<td class=\"column-1\"><strong>Vienne (86)<\/strong><br \/>\nDate d'ouverture \/ de fermeture<br \/>\nConditions<\/td><td class=\"column-2\">14 septembre 2025 \/ <br \/>\n28 f\u00e9vrier 2026<br \/>\nChasse au furet autoris\u00e9e<\/td><td class=\"column-3\">5 octobre \/ 7 d\u00e9cembre 2025 <br \/>\nSous plan de gestion<\/td><td class=\"column-4\">14 septembre \/ 25 janvier 2026<br \/>\nPlan de gestion \u00e0 Coussay-les-Bois<\/td><td class=\"column-5\">14 septembre \/ 7 d\u00e9cembre 2025<br \/>\n(25 janvier 2026 sous plan de gestion)<\/td>\n<\/tr>\n<tr class=\"row-88 even\">\n\t<td class=\"column-1\"><strong>Haute-Vienne (87)<\/strong><br \/>\nDate d'ouverture \/ de fermeture<br \/>\nConditions<\/td><td class=\"column-2\">14 septembre 2025 \/ <br \/>\n1er janvier 2026 inclus<\/td><td class=\"column-3\">19 octobre 2025 \/ <br \/>\n1er janvier 2026 inclus<br \/>\n<\/td><td class=\"column-4\">14 septembre 2025 \/ <br \/>\n1er janvier 2026 inclus<br \/>\nInterdictions de tir sur plusieurs communes<br \/>\nTir de la poule interdit \u00e0 Thiat<\/td><td class=\"column-5\">19 octobre 2025 \/ <br \/>\n1er janvier 2026 inclus<br \/>\n<\/td>\n<\/tr>\n<tr class=\"row-89 odd\">\n\t<td class=\"column-1\"><strong>Vosges (88)<\/strong><br \/>\nDate d'ouverture \/ de fermeture<br \/>\nConditions<\/td><td class=\"column-2\">21 septembre 2025\t\/ 28 f\u00e9vrier 2026<br \/>\nChasse au furet autoris\u00e9e<\/td><td class=\"column-3\">11 octobre \/ 1er novembre 2025<\/td><td class=\"column-4\">21 septembre 2025\t\/ 31 janvier 2026<br \/>\nChasse de la poule interdit apr\u00e8s le 30\/09<\/td><td class=\"column-5\">21 septembre \/ 30 septembre 2025<\/td>\n<\/tr>\n<tr class=\"row-90 even\">\n\t<td class=\"column-1\"><strong>Yonne (89)<\/strong><br \/>\nDate d'ouverture<br \/>\nDate de fermeture<br \/>\nConditions<\/td><td class=\"column-2\">21 septembre 2025\t\/ 28 f\u00e9vrier 2026<br \/>\nChasse au furet autoris\u00e9e<\/td><td class=\"column-3\">21 septembre \/ 4 octobre 2025 (jusqu'au 15\/11 sous plan de chasse)<br \/>\nUniquement certains dimanches dans quelques communes<\/td><td class=\"column-4\">21 septembre \/ 31 janvier 2026<br \/>\nChasse de la poule interdit dans certaines communes<br \/>\n<\/td><td class=\"column-5\">21 septembre 2025 \/ 31 janvier 2026<br \/>\nUniquement certains dimanches dans quelques communes<\/td>\n<\/tr>\n<tr class=\"row-91 odd\">\n\t<td class=\"column-1\"><strong>Territoire de Belfort (90)<\/strong><br \/>\nDate d'ouverture \/ de fermeture<br \/>\nConditions<\/td><td class=\"column-2\">14 septembre \/ 7 d\u00e9cembre 2025 <\/td><td class=\"column-3\">12 octobre \/ 11 novembre 2025<br \/>\nUniquement les lundis, jeudis, samedis, dimanches et jours f\u00e9ri\u00e9s<\/td><td class=\"column-4\">14 septembre \/ 7 d\u00e9cembre 2025 <\/td><td class=\"column-5\">14 septembre \/ 7 d\u00e9cembre 2025 <\/td>\n<\/tr>\n<tr class=\"row-92 even\">\n\t<td class=\"column-1\"><strong>Essonne (91)<\/strong><br \/>\nDate d'ouverture<br \/>\nDate de fermeture<br \/>\nConditions<\/td><td class=\"column-2\">21 septembre 2025\t\/ 28 f\u00e9vrier 2026<\/td><td class=\"column-3\">28 septembre \/ 12 octobre 2025<br \/>\nSous plan de chasse<\/td><td class=\"column-4\">21 septembre \/ 31 janvier 2026 (chasse commerciale jusqu'au 28\/02)<br \/>\nTir de la poule interdit apr\u00e8s le 31\/12\/2025<\/td><td class=\"column-5\">28 septembre \/ 30 novembre 2025<\/td>\n<\/tr>\n<tr class=\"row-93 odd\">\n\t<td class=\"column-1\"><strong>Hauts-de-Seine (92)<\/strong><br \/>\nDate d'ouverture \/ de fermeture<br \/>\nConditions<\/td><td class=\"column-2\">21 septembre 2025\t\/ 28 f\u00e9vrier 2026<\/td><td class=\"column-3\">21 septembre \/ 30 novembre 2025 <\/td><td class=\"column-4\">21 septembre \/ 31 janvier 2026<br \/>\nTir de la poule interdit apr\u00e8s le 31\/12\/2025<\/td><td class=\"column-5\">21 septembre \/ 30 novembre 2025<\/td>\n<\/tr>\n<tr class=\"row-94 even\">\n\t<td class=\"column-1\"><strong>Seine-Saint-Denis (93)<\/strong><br \/>\nDate d'ouverture \/ de fermeture<br \/>\nConditions<\/td><td class=\"column-2\">21 septembre 2025\t\/ 28 f\u00e9vrier 2026<\/td><td class=\"column-3\">21 septembre \/ 30 novembre 2025 <\/td><td class=\"column-4\">21 septembre \/ 31 janvier 2026<br \/>\nTir de la poule interdit apr\u00e8s le 31\/12\/2025<\/td><td class=\"column-5\">21 septembre \/ 30 novembre 2025<\/td>\n<\/tr>\n<tr class=\"row-95 odd\">\n\t<td class=\"column-1\"><strong>Val-de-Marne (94)<\/strong><br \/>\nDate d'ouverture \/ de fermeture<br \/>\nConditions<\/td><td class=\"column-2\">21 septembre 2025\t\/ 28 f\u00e9vrier 2026<\/td><td class=\"column-3\">21 septembre \/ 30 novembre 2025 <\/td><td class=\"column-4\">21 septembre 2025\t\/ 31 janvier 2026<br \/>\nTir de la poule interdit apr\u00e8s le 31\/12\/2025<\/td><td class=\"column-5\">21 septembre \/ 30 novembre 2025<\/td>\n<\/tr>\n<tr class=\"row-96 even\">\n\t<td class=\"column-1\"><strong>Val-d'Oise (95)<\/strong><br \/>\nDate d'ouverture \/ de fermeture<br \/>\nConditions<\/td><td class=\"column-2\">21 septembre 2025\t\/ 28 f\u00e9vrier 2026<\/td><td class=\"column-3\">21 septembre \/ 30 novembre 2025 <\/td><td class=\"column-4\">21 septembre \/ 31 janvier 2026<br \/>\nTir de la poule interdit apr\u00e8s le 31\/12\/2025<\/td><td class=\"column-5\">21 septembre \/ 30 novembre 2025 <\/td>\n<\/tr>\n<\/tbody>\n<\/table>\n\n<\/div><!-- #tablepress-168 from cache -->\n<p>Les dates d&rsquo;ouverture et de fermeture de la chasse au petit gibier dans chacun des d\u00e9partements de France m\u00e9tropolitaine se trouvent dans le tableau ci-dessus pour chacune des esp\u00e8ces suivantes :<\/p>\n<ul>\n<li>faisan commun<\/li>\n<li>lapin de garenne<\/li>\n<li>li\u00e8vre d&rsquo;Europe (aussi appel\u00e9 li\u00e8vre commun ou li\u00e8vre brun)<\/li>\n<li>perdrix grise<\/li>\n<\/ul>\n<p>Si des conditions sp\u00e9cifiques sont pr\u00e9vues, se renseigner :<\/p>\n<ul>\n<li>aupr\u00e8s de la F\u00e9d\u00e9ration d\u00e9partementale des chasseurs (FDC)<\/li>\n<li>en consultant l&rsquo;arr\u00eat\u00e9 pr\u00e9fectoral<\/li>\n<\/ul>\n<h2><span class=\"ez-toc-section\" id=\"La_chasse_au_grand_tetras_interdite_en_France_jusquen_2027\"><\/span>La chasse au grand t\u00e9tras interdite en France jusqu&rsquo;en 2027<span class=\"ez-toc-section-end\"><\/span><\/h2>\n<p>Le grand t\u00e9tras ne peut plus \u00eatre chass\u00e9 pendant les cinq prochaines ann\u00e9es en France, \u00e0 savoir jusqu&rsquo;en 2027. Un arr\u00eat\u00e9 en ce sens a \u00e9t\u00e9 <a href=\"https:\/\/www.legifrance.gouv.fr\/jorf\/id\/JORFTEXT000046298229\" target=\"_blank\" rel=\"nofollow noopener noreferrer\">publi\u00e9 au Journal Officiel en date du 17 septembre 2022<\/a>. Le texte pr\u00e9cise toutefois que ce d\u00e9lai de cinq ans d&rsquo;interdiction pourra \u00eatre raccourci \u00ab si de nouvelles donn\u00e9es rendent compte d&rsquo;une \u00e9volution suffisamment favorable de l&rsquo;\u00e9tat de conservation du grand t\u00e9tras \u00bb.<\/p>\n<p>Le 1er juin 2022, le Conseil d&rsquo;\u00c9tat avait <a href=\"https:\/\/www.legifrance.gouv.fr\/ceta\/id\/CETATEXT000045853806\" target=\"_blank\" rel=\"nofollow noopener noreferrer\">impos\u00e9 la suspension<\/a> pour cinq de la chasse de ce grand coq de bruy\u00e8re vivant dans les montagnes. \u00ab Constatant le d\u00e9clin de l&rsquo;esp\u00e8ce et l&rsquo;inaction des pouvoirs publics \u00bb, plusieurs associations de d\u00e9fense de l&rsquo;environnement avaient saisi la plus haute juridiction administrative pour r\u00e9clamer un moratoire. Elles r\u00e9clamaient l&rsquo;annulation \u00ab pour exc\u00e8s de pouvoir \u00bb d&rsquo;un refus par la ministre de la Transition \u00e9cologique de l&rsquo;\u00e9poque Barbara Pompili, le 12 avril 2021, de prendre un arr\u00eat\u00e9 suspendant la chasse du grand t\u00e9tras.<\/p>\n<p>Pr\u00e9sent notamment dans les Pyr\u00e9n\u00e9es, les C\u00e9vennes et le Jura, le plus gros oiseau terrestre sauvage d&rsquo;Europe est consid\u00e9r\u00e9 comme \u00ab vuln\u00e9rable \u00bb\u00a0sur la liste rouge fran\u00e7aise des esp\u00e8ces menac\u00e9es.<\/p>\n<h2><span class=\"ez-toc-section\" id=\"Grives_merles_la_chasse_a_la_glu_desormais_illegale_en_France\"><\/span>Grives, merles : la chasse \u00e0 la glu d\u00e9sormais ill\u00e9gale en France<span class=\"ez-toc-section-end\"><\/span><\/h2>\n<p>La chasse \u00e0 la glu est d\u00e9sormais interdite en France. Par une d\u00e9cision rendue le 28 juin 2021, le Conseil d&rsquo;\u00c9tat a jug\u00e9 que cette m\u00e9thode de chasse traditionnelle \u00e9tait \u00ab ill\u00e9gale \u00bb <a href=\"https:\/\/www.conseil-etat.fr\/actualites\/actualites\/le-conseil-d-etat-juge-que-la-chasse-a-glu-est-illegale\" target=\"_blank\" rel=\"nofollow noopener noreferrer\">(voir ici)<\/a>. La plus haute autorit\u00e9 administrative, qui a suivi la Cour de justice europ\u00e9enne, a d\u00e9cid\u00e9 d&rsquo;annuler les arr\u00eat\u00e9s gouvernementaux qui d\u00e9rogeaient \u00e0 la directive \u00ab Oiseaux \u00bb de l\u2019Union europ\u00e9enne (UE).<\/p>\n<p>Cons\u00e9quence, la chasse \u00e0 la glu <strong>n&rsquo;est plus autoris\u00e9e dans les cinq d\u00e9partements du sud-est de la France<\/strong> o\u00f9 cette technique \u00e9tait encore pratiqu\u00e9e. Il s&rsquo;agit :<\/p>\n<ul>\n<li>des Alpes-de-Haute-Provence<\/li>\n<li>des Alpes-Maritimes<\/li>\n<li>des Bouches-du-Rh\u00f4ne<\/li>\n<li>du Vaucluse<\/li>\n<li>du Var<\/li>\n<\/ul>\n<p>D\u00e9nonc\u00e9e de longue date par l&rsquo;Union europ\u00e9enne, la chasse \u00e0 la glu consiste \u00e0 enduire de colle des branches des arbres pour pi\u00e9ger les grives et les merles noirs. Une fois captur\u00e9s, ces volatiles sont mis en cage pour servir d\u2019app\u00e2ts. Par leurs cris, ils appellent d\u2019autres oiseaux qui sont, eux, tir\u00e9s par les chasseurs. Les oiseaux qui servent d&rsquo;appelants sont ensuite rel\u00e2ch\u00e9s \u00e0 la fin de la saison de chasse.<\/p>\n<p>Sur la question culturelle, le Conseil d\u2019\u00c9tat estime que \u00ab le seul objectif de pr\u00e9server ces traditions ne suffit pas \u00e0 justifier une d\u00e9rogation aux interdictions de principe que pose la directive \u00bb europ\u00e9enne et qu&rsquo;il n&rsquo;a pas \u00e9t\u00e9 d\u00e9montr\u00e9 qu&rsquo;aucune alternative n&rsquo;\u00e9tait possible.<\/p>\n<p>Le 27 ao\u00fbt 2020, le pr\u00e9sident de la R\u00e9publique Emmanuel Macron, qui estimait pourtant que la chasse \u00e0 la glu faisait \u00ab partie du patrimoine \u00bb, avait d\u00e9cid\u00e9 de suspendre la pratique de la chasse \u00e0 la glu pour les grives et les merles noirs durant la saison 2020-2021. Le quota de chasse \u00e0 la glu pour ces deux cat\u00e9gories d&rsquo;oiseaux avait, de ce fait, \u00e9t\u00e9 fix\u00e9 \u00e0 z\u00e9ro pour ladite saison de chasse (contre 42.000 pour la saison 2019-2020).<\/p>\n<p>En prenant cette d\u00e9cision, le chef Emmanuel Macron avait r\u00e9pondu \u00e0 la fois aux demandes des \u00e9cologistes et des associations de protection des oiseaux mais aussi \u00e0 une exigence de la Commission europ\u00e9enne. Depuis 1979, la chasse \u00e0 la glu est une pratique interdite par l&rsquo;Union europ\u00e9enne. La France \u00e9tait le dernier pays d&rsquo;Europe \u00e0 l&rsquo;autoriser.<\/p>\n<h2><span class=\"ez-toc-section\" id=\"Oiseaux_des_chasses_traditionnelles_a_nouveau_suspendues\"><\/span>Oiseaux : des chasses traditionnelles \u00e0 nouveau suspendues<span class=\"ez-toc-section-end\"><\/span><\/h2>\n<p>La pratique de la chasse traditionnelle est une source de conflit r\u00e9currents entre f\u00e9d\u00e9rations des chasseurs et les associations LPO et One Voice.<\/p>\n<p>Dans une d\u00e9cision du 6 mai 2024, le Conseil d&rsquo;\u00c9tat a annul\u00e9 les arr\u00eat\u00e9s du 4 octobre 2022 relatifs \u00e0 la capture de l&rsquo;alouette des champs au moyen de pantes (filets) et matoles (cages) dans quatre d\u00e9partements de Nouvelle Aquitaine (Pyr\u00e9n\u00e9es-Atlantiques, Landes, Gironde et Lot-et-Garonne). Ces m\u00e9thodes de chasse traditionnelle sont donc suspendues.<\/p>\n<p>Dans une d\u00e9cision rendue le 24 mai 2023, la plus haute juridiction administrative fran\u00e7aise avait d\u00e9j\u00e0 ordonn\u00e9 l\u2019abrogation des arr\u00eat\u00e9s qui encadrent des pratiques de pi\u00e9geage traditionnel d\u2019oiseaux sauvages. Les juges ont alors enjoint au ministre de la Transition \u00e9cologique, charg\u00e9 de la chasse, d\u2019abroger d\u00e9finitivement les trois arr\u00eat\u00e9s-cadres relatifs \u00e0 l&#8217;emploi des gluaux, \u00e0 la tenderie aux vanneaux et aux grives, dans un d\u00e9lai de deux mois.<\/p>\n<p>La directive europ\u00e9enne \u00ab oiseaux \u00bb de 2009 interdit les techniques de capture massive d&rsquo;oiseaux sans distinction d&rsquo;esp\u00e8ces, mais une d\u00e9rogation l&rsquo;autorise \u00ab \u00e0 condition d&rsquo;\u00eatre d\u00fbment motiv\u00e9e et d\u00e8s lors &lsquo;qu&rsquo;il n&rsquo;existe pas d&rsquo;autre solution satisfaisante&rsquo; pour capturer certains oiseaux \u00bb. Toutefois, aux yeux de la juridiction administrative fran\u00e7aise, \u00ab les autorisations minist\u00e9rielles en cause (&#8230;) ne sont pas d\u00fbment motiv\u00e9es \u00bb et le minist\u00e8re de la Transition \u00e9cologique n&rsquo;a pas d\u00e9montr\u00e9 que ces m\u00e9thodes de chasse traditionnelles \u00ab sont les seules permettant de proc\u00e9der \u00e0 la capture des vanneaux hupp\u00e9s, pluviers dor\u00e9s, alouettes des champs, grives et merles noirs \u00bb. Dans une d\u00e9cision du 6 ao\u00fbt 2021, le Conseil d&rsquo;\u00c9tat concluait que \u00ab le seul motif de pr\u00e9server ces m\u00e9thodes de chasse dites &lsquo;traditionnelles&rsquo; ne suffit pas \u00e0 les autoriser \u00bb.<\/p>\n<h2><span class=\"ez-toc-section\" id=\"La_reglementation_pour_la_pratique_de_la_chasse\"><\/span>La r\u00e9glementation pour la pratique de la chasse<span class=\"ez-toc-section-end\"><\/span><\/h2>\n<h3>L\u2019obligation de port du permis de chasse<\/h3>\n<p>L\u2019article L423-1 du Code de l\u2019Environnement dispose que <strong>\u00ab nul ne peut pratiquer la chasse s&rsquo;il n&rsquo;est titulaire et porteur d&rsquo;un permis de chasser valable \u00bb<\/strong>. La d\u00e9tention du permis de chasse est donc obligatoire pour pouvoir chasser. De plus, pour que le permis de chasse soit valable, son d\u00e9tenteur doit le valider chaque ann\u00e9e en fonction de la dur\u00e9e et de la zone g\u00e9ographique souhait\u00e9es.<\/p>\n<p>Les modalit\u00e9s de d\u00e9livrance et de validation du permis de chasse sont fix\u00e9es par <a href=\"https:\/\/www.legifrance.gouv.fr\/affichTexte.do?cidTexte=LEGITEXT000006074478&amp;dateTexte=20151116\" target=\"_blank\" rel=\"noopener noreferrer\">l\u2019arr\u00eat\u00e9 du 30 juin 1975<\/a>. Depuis cette date, c\u2019est un document officiel permanent, au m\u00eame titre que le permis de conduire. Il est d\u00e9livr\u00e9 par le pr\u00e9fet du d\u00e9partement o\u00f9 la personne qui en fait la demande est domicili\u00e9e.<\/p>\n<p>Depuis le 1er janvier 2014, l\u2019examen du permis de chasser comporte une seule \u00e9preuve avec des exercices pratiques et des questions th\u00e9oriques. Une fois le permis acquis, son titulaire peut chasser sur le territoire fran\u00e7ais, \u00e0 la condition de s\u2019\u00eatre acquitt\u00e9 de la redevance cyn\u00e9g\u00e9tique annuelle <em>(lire plus bas)<\/em>, d\u2019\u00eatre membre de la f\u00e9d\u00e9ration du d\u00e9partement il chasse et d\u2019avoir souscrit une assurance.<\/p>\n<p>Pour faire une demande de d\u00e9livrance du permis de chasse, il faut remplir un formulaire <strong>Cerfa n\u00b013943*02<\/strong> (t\u00e9l\u00e9chargeable en ligne). Pour une demande de validation du permis, c\u2019est le formulaire <strong>Cerfa n\u00b012660*02<\/strong> (\u00e0 t\u00e9l\u00e9charger en ligne). La mise en \u0153uvre de la proc\u00e9dure du \u00ab guichet unique \u00bb permet de regrouper l\u2019ensemble des formalit\u00e9s de la validation \u00e0 l\u2019occasion d\u2019une seule d\u00e9marche.<\/p>\n<p><strong>IMPORTANT\u00a0:<\/strong> s\u2019il \u00e9gare son permis, les chasseur ne peut plus exercer son activit\u00e9 tant qu&rsquo;il n&rsquo;a pas re\u00e7u le duplicata de son titre (la pr\u00e9sentation de l\u2019attestation du permis n\u2019est pas suffisante).<\/p>\n<p>Le permis de chasse permet \u00e9galement l&rsquo;acquisition et la d\u00e9tention d&rsquo;armes de cat\u00e9gorie C et leurs munitions, toujours sous condition de d\u00e9claration. Les d\u00e9tenteurs d&rsquo;armes de chasse majeurs ayant un permis de chasser doivent d\u00e9sormais les d\u00e9clarer chaque ann\u00e9e sur le <strong>Syst\u00e8me d&rsquo;information sur les armes (SIA)<\/strong>. Pour la saison en cours, ils avaient jusqu&rsquo;au 31 d\u00e9cembre 2024 pour effectuer cette d\u00e9marche, via leur compte personnel dans le SIA.<\/p>\n<h3>Jours et heures autoris\u00e9s pour la pratique de la chasse<\/h3>\n<p>Les jours et horaires de chasse au cours desquels les titulaires d\u2019un permis valable peuvent s\u2019adonner \u00e0 leur passion sont fix\u00e9s par un arr\u00eat\u00e9 propre \u00e0 chaque d\u00e9partement. Les p\u00e9riodes varient \u00e9galement en fonction de l\u2019esp\u00e8ce chass\u00e9e. Pour conna\u00eetre les jours de chasse autoris\u00e9s, il faut donc se tourner vers sa f\u00e9d\u00e9ration d\u00e9partementale ou consulter l&rsquo;arr\u00eat\u00e9 du pr\u00e9fet de d\u00e9partement.<\/p>\n<p>\ud83d\udccd\u00c0 noter : le \u00ab jour sans chasse \u00bb national n&rsquo;existe plus. Introduit en France en juillet 2000 (il \u00e9tait fix\u00e9 au mercredi \u00e0 l&rsquo;\u00e9poque) a \u00e9t\u00e9 abrog\u00e9 en juillet 2003.<\/p>\n<h3>Obligation du port d&rsquo;un gilet fluorescent et d&rsquo;installation de panneaux de signalisation<\/h3>\n<p>La loi chasse du 24 juillet 2019 a instaur\u00e9 de nouvelles r\u00e8gles pour renforcer la s\u00e9curit\u00e9 en p\u00e9riode de chasse. Elle oblige :<\/p>\n<ul>\n<li>le <strong>port du gilet fluorescent<\/strong> pour les chasseurs en action collective de chasse \u00e0 tir au grand gibier<\/li>\n<li>la<strong> pose de panneaux de signalisation temporaire<\/strong>, sur ou \u00e0 proximit\u00e9 imm\u00e9diate des voies publiques, afin de signaler les entr\u00e9es principales de la zone de chasse collective \u00e0 tir au grand gibier<\/li>\n<li>le suivi par tous les chasseurs, tous les dix ans, d&rsquo;une <strong>formation de\u00a0remise \u00e0 niveau sur la s\u00e9curit\u00e9<\/strong> (\u00e0 d\u00e9faut, ils risquent une invalidation de leur permis)<\/li>\n<\/ul>\n<p>Une r\u00e8gle entourant le transport de l&rsquo;arme utilis\u00e9e pour chasser est inscrite dans un arr\u00eat\u00e9 du 1er ao\u00fbt 1986. Il \u00e9nonce que toute arme ne peut-\u00eatre transport\u00e9e \u00e0 bord d&rsquo;un v\u00e9hicule que d\u00e9charg\u00e9e, d\u00e9mont\u00e9e ou plac\u00e9e sous \u00e9tui.<\/p>\n<h3>Maisons, routes, chemins\u2026 Les r\u00e8gles relatives aux distances de s\u00e9curit\u00e9<\/h3>\n<h4>Quelles r\u00e8gles pour la chasse \u00e0 proximit\u00e9 des habitations\u00a0?<\/h4>\n<p>Quelle distance les chasseurs doivent-ils respecter pr\u00e8s des habitations pour chasser ? En r\u00e9alit\u00e9, deux cas de figure existent. Dans tous les cas de figure, le tir en direction d\u2019une habitation est formellement proscrit.<\/p>\n<p>D&rsquo;abord, dans les d\u00e9partements qui disposent d\u2019associations communales de chasses agr\u00e9es (ACCA), et conform\u00e9ment \u00e0 l&rsquo;article L422-10 du Code de l&rsquo;environnement, il est interdit de chasser dans un rayon de moins de 150 m\u00e8tres autour d\u2019une habitation (y compris caravanes, remises, abris de jardin, b\u00e2timents agricoles et leurs d\u00e9pendance) et sur les terres dont les propri\u00e9taires ont fait opposition \u00e0 la chasse. En revanche, sont exon\u00e9r\u00e9s de cette interdiction les propri\u00e9taires qui chassent ou qui font chasser sur leurs propri\u00e9t\u00e9s (par bail de chasse ou sur invitation).<\/p>\n<p>Dans les autres d\u00e9partements que ceux disposant d&rsquo;ACCA, la distance de tir autoris\u00e9e ou non \u00e0 proximit\u00e9 des habitations peut \u00eatre fix\u00e9e par un arr\u00eat\u00e9 pr\u00e9fectoral (il faut se renseigner aupr\u00e8s de sa mairie ou de sa pr\u00e9fecture). Les textes interdisent g\u00e9n\u00e9ralement la chasse dans un rayon de moins de 150 m\u00e8tres autour de l\u2019habitation. L\u00e0 encore, cette r\u00e9glementation encadrant les distances d\u2019\u00e9loignement ne s\u2019applique pas aux propri\u00e9taires qui chassent ou font chasser sur leurs terres.<\/p>\n<p>Par ailleurs, un maire peut d\u00e9cider d\u2019agrandir le p\u00e9rim\u00e8tre d\u2019interdiction de la chasse \u00e0 200 m\u00e8tres autour des habitations, par arr\u00eat\u00e9 municipal.<\/p>\n<h4>Quid de la chasse sur les chemins publics et les chemins priv\u00e9s\u00a0?<\/h4>\n<p>Sur les voies ouvertes \u00e0 la circulation publique (route communale, d\u00e9partementale ou nationale, chemin, voie verte), la pratique de la chasse est proscrite. Cela tient au fait de l\u2019interdiction absolue d\u2019utiliser des armes \u00e0 feu sur ou en direction des axes de circulation, conform\u00e9ment \u00e0 la <strong>circulaire n\u00b082-152 du 15 octobre 1982<\/strong> du minist\u00e8re de l\u2019Int\u00e9rieur relative \u00e0 la chasse et \u00e0 la s\u00e9curit\u00e9 publique. De m\u00eame, ce m\u00eame texte indique que l\u2019usage d\u2019une arme est feu est \u00e9galement prohib\u00e9e sur les voies ferr\u00e9es ou dans les emprises et enclos d\u00e9pendants des chemins de fer.<\/p>\n<p>Qu\u2019en est-il pour les voies priv\u00e9es non ouvertes \u00e0 la circulation publique ou les chemins d\u2019exploitation appartenant \u00e0 des particuliers\u00a0? Dans ces cas de figure, la chasse demeure possible. Deux conditions s\u2019imposent toutefois\u00a0:<\/p>\n<ul>\n<li>obtenir, au pr\u00e9alable, l\u2019accord expr\u00e8s des d\u00e9tenteurs du droit de chasse<\/li>\n<li>respecter les r\u00e9glementations qui limitent ou interdisent la chasse sur ces chemins<\/li>\n<\/ul>\n<p>Sur les chemins ruraux, la chasse est autoris\u00e9e dans le cadre r\u00e9glementaire d\u00e9fini par la commune.<\/p>\n<p>Un conseil\u00a0: mieux vaut se renseigner au cas par cas aupr\u00e8s de la mairie ou du propri\u00e9taire du chemin concern\u00e9.<\/p>\n<h4>Quel droit dans les cultures\u00a0et les terrains occup\u00e9s par du b\u00e9tail ?<\/h4>\n<p>Durant la saison cyn\u00e9g\u00e9tique, les chasseurs sont autoris\u00e9s \u00e0 passer dans des terres non d\u00e9pouill\u00e9es de leurs fruits (des champs de bl\u00e9 ou de ma\u00efs, par exemple) pour rejoindre une autre zone de chasse. Ils doivent simplement veiller \u00e0 ne pas commettre de d\u00e9gradations.<\/p>\n<p>Qu\u2019en est-il dans les vignes et des vergers\u00a0? Par principe, la chasse n\u2019est autoris\u00e9e qu\u2019\u00e0 partir du moment o\u00f9 les r\u00e9coltes sont achev\u00e9es.<\/p>\n<p>Sous r\u00e9serve d\u2019une autorisation, la chasse est \u00e9galement possible sur un terrain occup\u00e9 par du b\u00e9tail ou de animaux domestiques, \u00e0 condition de ne pas effrayer les b\u00eates ni de les laisser s\u2019\u00e9chapper. En cas d\u2019absence d\u2019autorisation, le propri\u00e9taire est en droit de porter plainte pour chasse sur autrui sans autorisation (cf. article L428-1 du Code de l\u2019environnement). Il ne peut en revanche interdire le droit de passage des chasseurs d\u00e8s lors qu\u2019ils ne cr\u00e9ent pas de d\u00e9sagr\u00e9ments.<\/p>\n<h3>Quelle assurance souscrire pour pouvoir chasser\u00a0?<\/h3>\n<p>La chasse est un loisir particuli\u00e8rement dangereux, puisque cette activit\u00e9 se pratique avec une arme \u00e0 feu. Raison de plus pour \u00eatre assur\u00e9 correctement.<\/p>\n<p>Pour valider son permis de chasse, le chasseur doit avoir pay\u00e9 sa contribution annuelle \u00e0 la f\u00e9d\u00e9ration d\u00e9partementale, s\u2019\u00eatre acquitt\u00e9 de la redevance cyn\u00e9g\u00e9tique nationale (pour l\u2019ann\u00e9e, neuf jours ou trois jours) et avoir souscrit une assurance <strong>\u00ab\u00a0responsabilit\u00e9 civile chasse\u00a0\u00bb<\/strong> pour la dur\u00e9e de la saison (\u00e0 distinguer de son assurance responsabilit\u00e9 civile, obligatoirement int\u00e9gr\u00e9e dans son assurance habitation).<\/p>\n<p>Cette assurance \u00ab\u00a0responsabilit\u00e9 civile chasse\u00a0\u00bb permet notamment d\u2019\u00eatre couvert en cas de dommage (corporel, mat\u00e9riel ou immat\u00e9riel) caus\u00e9 \u00e0 des tiers par tout acte de chasse. Cette assurance doit couvrir les dommages caus\u00e9s par le chasseur ou par les chiens sous sa responsabilit\u00e9. C\u2019est pourquoi les chiens doivent faire l\u2019objet d\u2019une assurance sp\u00e9cifique.<\/p>\n<p>En cas de contr\u00f4le au cours de la saison, le chasseur est tenu de pr\u00e9senter son attestation d\u2019assurance. Le d\u00e9faut d&rsquo;assurance entra\u00eene la non-validit\u00e9 du permis de chasse. En cas d\u2019accident, les frais et indemnisations sont enti\u00e8rement \u00e0 sa charge.<\/p>\n<p>Le chasseur peut \u00e9galement souscrire, de mani\u00e8re facultative, une assurance individuelle accident ou l\u2019assurance protection juridique. Il lui est fortement conseill\u00e9 d\u2019assurer son mat\u00e9riel en cas de dommage ou de vol. Une assurance sp\u00e9cifique peut aussi \u00eatre souscrite par un chasseur disposant d\u2019un abri de chasse.<\/p>\n<h3>Non-respect du droit de chasse : quelles sont les sanctions ?<\/h3>\n<p>Tout chasseur qui ne respecte pas la r\u00e9glementation encadrant la pratique de la chasse s\u2019expose \u00e0 des sanctions plus ou moins lourdes (amendes, retrait du permis de chasse, emprisonnement). Le tableau des infractions et des peines encourues pour non-conformit\u00e9 aux r\u00e8gles de la chasse sont mises \u00e0 disposition des chasseurs par chaque f\u00e9d\u00e9ration d\u00e9partementale. La plupart des sanctions sont inscrites dans le <a href=\"https:\/\/www.legifrance.gouv.fr\/affichTexte.do?cidTexte=JORFTEXT000000461707&amp;dateTexte=20170725\" target=\"_blank\" rel=\"noopener noreferrer\">d\u00e9cret n\u00b02007-533 du 6 avril 2007<\/a> relatif aux sanctions p\u00e9nales en mati\u00e8re de chasse.<\/p>\n<p>Selon la nature de l\u2019infraction commise, les peines seront prononc\u00e9es au regard des dispositions inscrites dans le Code de l\u2019environnement, le Code p\u00e9nal ou le Code de proc\u00e9dure p\u00e9nale. Cela est somme toute logique, puisque la sanction ne sera pas la m\u00eame pour un d\u00e9faut de pr\u00e9sentation de permis de chasser valable, la pr\u00e9dation d\u2019un animal prot\u00e9g\u00e9, la chasse sur le terrain d\u2019un propri\u00e9taire sans son consentement ou un accident ayant caus\u00e9 des blessures ou la mort d\u2019un promeneur.<\/p>\n<p>Conform\u00e9ment \u00e0 l\u2019article L423-2 du Code de l\u2019environnement, <strong>chasser sans \u00eatre porteur de l\u2019autorisation requise<\/strong> se traduit pas une amende forfaitaire de 11 euros qui peut \u00eatre major\u00e9e \u00e0 33 euros. Le chasseur qui continuer \u00e0 chasser apr\u00e8s avoir \u00e9t\u00e9 priv\u00e9 de son permis s\u2019expose \u00e0 une amende p\u00e9nale de 30.000 euros et une peine de deux ans de prison.<\/p>\n<p>La <strong>chasse sur le terrain d\u2019autrui<\/strong> sans le consentement du propri\u00e9taire ou du d\u00e9tenteur de droit de chasse est punie d\u2019une amende de 1.500 euros, selon les dispositions de l\u2019article R428-1 du Code de l\u2019Environnement.<\/p>\n<p>Le fait de <strong>chasser une esp\u00e8ce de gibier dont la chasse n\u2019est pas autoris\u00e9e<\/strong> expose le contrevenant \u00e0 une amende de 1.500 euros (article R.428-5 1\u00b0 du Code de l\u2019Environnement).<\/p>\n<p><strong>En cas d\u2019accident<\/strong>, l\u2019auteur est passible de peines pr\u00e9vues par le Code p\u00e9nal aux articles L221-6 et suivantes, L222-19 et suivantes, L223-1 et suivantes et R625-2. Des peines compl\u00e9mentaires sont syst\u00e9matiquement applicables.<\/p>\n<p>Dans le cas d\u2019un <strong>homicide involontaire<\/strong> ou de <strong>coups et blessures involontaires<\/strong>, le chasseur peut notamment se voir retirer son permis de chasser jusqu\u2019\u00e0 cinq ans ou d\u00e9finitivement si l\u2019accident a lieu par tir direct, sans identification de la cible (cf article L428-14 du Code de l\u2019Environnement).<\/p>\n<h3>Les r\u00e8gles encadrant l\u2019usage des chiens de chasse<\/h3>\n<p>Avant de trouver le (ou les) compagnon \u00e0 quatre pattes qui va l\u2019\u00e9pauler pendant la chasse, le chasseur a int\u00e9r\u00eat \u00e0 bien se renseigner. Car toutes les races de chien ne sont pas autoris\u00e9es \u00e0 jouer le r\u00f4le d\u2019auxiliaire. Ainsi, l\u2019article 8 d\u2019un <a href=\"https:\/\/www.legifrance.gouv.fr\/affichTexte.do?cidTexte=JORFTEXT000000862758\" target=\"_blank\" rel=\"noopener noreferrer\">arr\u00eat\u00e9 du 1<sup>er<\/sup> ao\u00fbt 1986<\/a> interdit \u00ab\u00a0l&#8217;emploi des chiens l\u00e9vriers pur-sang ou crois\u00e9s, des chiens molosso\u00efdes pur-sang ou crois\u00e9s, ainsi que des chiens class\u00e9s comme dangereux au sens de la r\u00e9glementation\u00a0\u00bb. Pas question de partir \u00e0 la chasse avec un rottweiler ou un dogue argentin\u00a0!<\/p>\n<p>Le choix d\u2019un chien doit \u00eatre analys\u00e9 au regard du style de chasse pratiqu\u00e9 (Beagle ou Grand Bleu de Gascogne pour traquer le gibier \u00e0 poil, \u00c9pagneul Breton ou Setter pour pister le gibier \u00e0 plume, Labrador pour d\u00e9loger le gibier, un Teckel ou un Fox Terrier pour la traque en terrier). De son c\u00f4t\u00e9, la chasse \u00e0 courre recourt \u00e0 des races de chiens ayant un odorat et un instinct pr\u00e9dateurs particuli\u00e8rement d\u00e9velopp\u00e9s.<\/p>\n<p>Le chien de chasse est sous la responsabilit\u00e9 de son ma\u00eetre. C\u2019est plus particuli\u00e8rement vrai durant la saison cyn\u00e9g\u00e9tique. La qu\u00eate d\u2019un chien de chasse hors la pr\u00e9sence et la participation de son ma\u00eetre n\u2019est pas consid\u00e9r\u00e9e comme acte de chasse, mais (\u00e0 l\u2019instar de tout autre chien) de divagation (cf. arr\u00eat\u00e9 du 16 mars 1955).<\/p>\n<p>Concernant la vaccination, le chien de chasse a des besoins plus \u00e9tendus que ses cong\u00e9n\u00e8res qui n\u2019arpentent pas les campagnes ou les bois avec autant d\u2019assiduit\u00e9 que lui. Les rappels de vaccins doivent \u00eatre effectu\u00e9s chaque ann\u00e9e. Il est recommand\u00e9 de vacciner son animal contre les maladies canines communes (Carr\u00e9, H\u00e9patite, Parvovirose, Parainfluenza ou \u00ab\u00a0CHPP\u00a0\u00bb), mais aussi contre la leptospirose qu\u2019il est susceptible d\u2019attraper en courant dans la nature. La vaccination contre la rage n\u2019est pas une obligation en France.<\/p>\n<p>Enfin, si son assurance responsabilit\u00e9 civile (obligatoire) couvre les dommages caus\u00e9s par son chien, le chasseur peut \u00e9galement souscrire une assurance chien de chasse (il sera indemnis\u00e9 en cas de dommages caus\u00e9s \u00e0 son animal).<\/p>\n<h3>Chasse accompagn\u00e9e\u00a0: quel \u00e2ge minimum pour accompagner un chasseur\u00a0?<\/h3>\n<p>La chasse est aussi une question d\u2019apprentissage et d\u2019exp\u00e9rience. C\u2019est dans cet esprit qu\u2019a \u00e9t\u00e9 institu\u00e9e la chasse accompagn\u00e9e. Elle permet de chasser gratuitement pendant un an (et une seule fois par personne) apr\u00e8s une formation pratique \u00e9l\u00e9mentaire aux c\u00f4t\u00e9s d\u2019un \u00ab parrain \u00bb exp\u00e9riment\u00e9, d\u00e9tenteur du permis de chasser depuis plus de cinq ans et valid\u00e9 pour l\u2019ann\u00e9e en cours.<\/p>\n<p>La pratique de la chasse accompagn\u00e9e est <strong>ouverte g\u00e9n\u00e9ralement aux mineurs \u00e2g\u00e9s de 15 ans ou plus<\/strong>. Mais la formation pratique, indispensable pour l\u2019obtention d\u2019une autorisation de chasser accompagn\u00e9, peut \u00eatre suivie d\u00e8s l\u2019\u00e2ge de 14 ans et demi aupr\u00e8s des f\u00e9d\u00e9rations d\u00e9partementales des chasseurs, qui organisent plusieurs formations par an. Cette formation se compose de trois parties centr\u00e9es sur la s\u00e9curit\u00e9. <a href=\"https:\/\/www.legifrance.gouv.fr\/eli\/decret\/2020\/2\/5\/TREL1931461D\/jo\/texte\" target=\"_blank\" rel=\"nofollow noopener noreferrer\">Un d\u00e9cret du 6 f\u00e9vrier 2020<\/a>, entr\u00e9 en vigueur le 1er juillet 2020, fixe la proc\u00e9dure de demande d&rsquo;autorisation de chasse accompagn\u00e9e aupr\u00e8s de la f\u00e9d\u00e9ration d\u00e9partementale des chasseurs, qui est d\u00e9sormais l&rsquo;unique interlocuteur en la mati\u00e8re.<\/p>\n<p>Pour obtenir une autorisation de chasse accompagn\u00e9e, deux \u00e9tapes sont imp\u00e9ratives :<\/p>\n<ul>\n<li>suivre la formation \u00e9l\u00e9mentaire aupr\u00e8s de la f\u00e9d\u00e9ration d\u00e9partementale des chasseurs<\/li>\n<li>faire parvenir une demande d&rsquo;autorisation de chasse accompagn\u00e9e au pr\u00e9sident de la f\u00e9d\u00e9ration d\u00e9partementale des chasseurs moins d&rsquo;un an apr\u00e8s avoir suivi la formation (joindre, en pi\u00e8ces justificatives, le formulaire d&rsquo;autorisation de chasse accompagn\u00e9e et un copie de sa carte d&rsquo;identit\u00e9)<\/li>\n<\/ul>\n<p>En action de chasse, le chasseur doit \u00eatre muni de son autorisation de chasser accompagn\u00e9.<\/p>\n<p><strong>IMPORTANT\u00a0:<\/strong> pour la chasse \u00e0 tir, le \u00ab\u00a0filleul\u00a0\u00bb et son \u00ab\u00a0parrain\u00a0\u00bb ne peuvent disposer, sur le lieu de chasse, que d\u2019une arme pour deux.<\/p>\n<h2><span class=\"ez-toc-section\" id=\"Chasse_le_montant_de_la_redevance_pour_la_saison_2025-2026\"><\/span>Chasse : le montant de la redevance pour la saison 2025-2026<span class=\"ez-toc-section-end\"><\/span><\/h2>\n<p>Chaque ann\u00e9e, les chasseurs doivent s\u2019acquitter d\u2019une redevance cyn\u00e9g\u00e9tique afin de renouveler leur permis de chasse. La cotisation est obligatoire pour tous les chasseurs qui chassent le grand gibier. Il faut \u00e9galement s\u2019acquitter tous les ans de la cotisation f\u00e9d\u00e9rale du d\u00e9partement choisi (son montant est variable) et du droit de timbre (son montant est fix\u00e9 par l&rsquo;<a href=\"https:\/\/www.legifrance.gouv.fr\/codes\/id\/LEGIARTI000041823043\/2020-04-26\" target=\"_blank\" rel=\"nofollow noopener noreferrer\">article 1635 bis N du Code g\u00e9n\u00e9ral des imp\u00f4ts<\/a>).<\/p>\n<p>Il existe deux types de redevance cyn\u00e9g\u00e9tique\u00a0:<\/p>\n<ul>\n<li><strong>la redevance nationale\u00a0:<\/strong> elle permet \u00e0 son titulaire de chasser sur l\u2019ensemble du territoire fran\u00e7ais<\/li>\n<li><strong>la redevance d\u00e9partementale\u00a0:<\/strong> elle autorise la pratique de la chasse dans le d\u00e9partement de validation, ainsi que dans la partie contigu\u00eb du territoire de chasse situ\u00e9e dans les d\u00e9partements limitrophes<\/li>\n<\/ul>\n<p>Le bar\u00e8me est le suivant pour la saison-2025-2026 :<\/p>\n<div id=\"tablepress-72-scroll-wrapper\" class=\"tablepress-scroll-wrapper\">\n\n<table id=\"tablepress-72\" class=\"tablepress tablepress-id-72 tablepress-responsive\">\n<thead>\n<tr class=\"row-1 odd\">\n\t<th colspan=\"2\" class=\"column-1\"><strong>Co\u00fbt du permis de chasse en 2025-2026<\/strong><\/th><th colspan=\"2\" class=\"column-3\">&nbsp;<\/th>\n<\/tr>\n<\/thead>\n<tfoot>\n<tr class=\"row-7 odd\">\n\t<th colspan=\"4\" class=\"column-1\"><em>Source\u00a0: arr\u00eat\u00e9 du 26 mars 2025 relatif au montant des redevances cyn\u00e9g\u00e9tiques<\/em><\/th>\n<\/tr>\n<\/tfoot>\n<tbody class=\"row-hover\">\n<tr class=\"row-2 even\">\n\t<td rowspan=\"2\" class=\"column-1\"><strong>Dur\u00e9e de la validation nationale et d\u00e9partementale<\/strong><\/td><td colspan=\"2\" class=\"column-2\"><strong>Montant de la redevance<\/strong><\/td><td rowspan=\"2\" class=\"column-4\"><strong>Droit de timbre<\/strong><\/td>\n<\/tr>\n<tr class=\"row-3 odd\">\n\t<td class=\"column-2\"><strong>Pour la premi\u00e8re ann\u00e9e (saison qui suit l\u2019obtention du permis)<\/strong><\/td><td class=\"column-3\"><strong>Pour les ann\u00e9es suivantes<\/strong><\/td>\n<\/tr>\n<tr class=\"row-4 even\">\n\t<td class=\"column-1\">Annuelle<\/td><td class=\"column-2\">24,98 euros<\/td><td class=\"column-3\">49,95 euros<\/td><td class=\"column-4\">9 euros<\/td>\n<\/tr>\n<tr class=\"row-5 odd\">\n\t<td class=\"column-1\">Neuf jours<\/td><td class=\"column-2\">17,40 euros<\/td><td class=\"column-3\">34,79 euros<\/td><td class=\"column-4\">9 euros<\/td>\n<\/tr>\n<tr class=\"row-6 even\">\n\t<td class=\"column-1\">Trois jours<\/td><td class=\"column-2\">12,35 euros<\/td><td class=\"column-3\">24,69 euros<\/td><td class=\"column-4\">9 euros<\/td>\n<\/tr>\n<\/tbody>\n<\/table>\n\n<\/div><!-- #tablepress-72 from cache -->\n<p>Fix\u00e9s par un arr\u00eat\u00e9 <a href=\"https:\/\/www.legifrance.gouv.fr\/jorf\/id\/JORFTEXT000051452686\" target=\"_blank\" rel=\"nofollow noopener noreferrer\">publi\u00e9 au <em>Journal Officiel<\/em> du 12 avril 2025<\/a>, les tarifs en vigueur pour pratiquer la chasse en 2025-2026 (en hausse d&rsquo;environ 1,8% par rapport \u00e0 l&rsquo;ann\u00e9e pr\u00e9c\u00e9dente) sont indiqu\u00e9s dans le tableau ci-dessus (la validit\u00e9 des nouveaux montants s&rsquo;\u00e9tend jusqu&rsquo;au jour de la publication du prochain arr\u00eat\u00e9) :<\/p>\n<p>Le montant de la redevance varie selon le type de validation du permis de chasse. Celle-ci peut \u00eatre <strong>annuelle ou temporaire<\/strong>. La validation temporaire peut \u00eatre accord\u00e9e pour trois jours cons\u00e9cutifs (renouvelable deux fois au cours d&rsquo;une m\u00eame campagne cyn\u00e9g\u00e9tique, moyennant paiement d&rsquo;une redevance cyn\u00e9g\u00e9tique et d&rsquo;une cotisation f\u00e9d\u00e9rale temporaires) ou pour neuf jours cons\u00e9cutifs (non renouvelable et subordonn\u00e9e au paiement des redevances). Important\u00a0: ces deux modalit\u00e9s de validation temporaire ne sont pas cumulables.<\/p>\n<p>Les tarifs des redevances sont fix\u00e9s chaque ann\u00e9e par arr\u00eat\u00e9. \u00c0 noter que les prix ont diminu\u00e9 de moiti\u00e9 pour un chasseur qui valide pour la premi\u00e8re fois son permis de chasse (pour la saison qui suit l\u2019obtention du permis).<\/p>\n<p><strong>\ud83d\udcccIMPORTANT\u00a0:<\/strong>\u00a0depuis 2020, les montants de la redevance cyn\u00e9g\u00e9tique nationale sont index\u00e9s chaque ann\u00e9e sur le taux de progression de l\u2019indice des prix \u00e0 la consommation hors tabac. La somme \u00e0 payer \u00e9volue donc chaque ann\u00e9e en fonction de l\u2019\u00e9volution du co\u00fbt de la vie mesur\u00e9 calcul\u00e9e par l\u2019Insee.<\/p>\n<h2><span class=\"ez-toc-section\" id=\"FAQ_sur_la_periode_de_chasse\"><\/span>FAQ sur la p\u00e9riode de chasse<span class=\"ez-toc-section-end\"><\/span><\/h2>\n\n<h3>Quand ouvre la chasse en 2025 ?<\/h3>\n<p>L\u2019ouverture g\u00e9n\u00e9rale de la chasse \u00e0 tir est pr\u00e9vue un dimanche du mois de septembre dans la plupart des d\u00e9partements de France m\u00e9tropolitaine (le dimanche, 7, 14, 21 ou 28 septembre), \u00e0 l&rsquo;exception de l&rsquo;Alsace-Moselle (ouverture de la chasse le samedi 23 ao\u00fbt).<\/p>\n\n\n<h3>Quelle est la p\u00e9riode de chasse en Corse pour 2025-2026 ?<\/h3>\n<p>La chasse est ouverte, dans les deux d\u00e9partement de Corse, le dimanche 7 septembre 2025 et se termine le samedi 28 f\u00e9vrier. Cettes dates, fix\u00e9es par le pr\u00e9fet, sont encadr\u00e9es par l&rsquo;article R424-7 du Code de l&rsquo;environnement. D&rsquo;apr\u00e8s cette r\u00e9glementation, la date d&rsquo;ouverture g\u00e9n\u00e9rale de la chasse \u00e0 tir est fix\u00e9e au plus t\u00f4t le premier dimanche de septembre et la date de cl\u00f4ture g\u00e9n\u00e9rale au plus tard le d<span style=\"background-color: transparent;letter-spacing: 0em\">ernier jour de f\u00e9vrier.<\/span><\/p>\n\n<script type=\"application\/ld+json\">{\"@context\":\"https:\/\/schema.org\",\"@type\":\"FAQPage\",\"mainEntity\":[{\"@type\":\"Question\",\"name\":\"Quand ouvre la chasse en 2025 ?\",\"acceptedAnswer\":{\"@type\":\"Answer\",\"text\":\"L\\u2019ouverture g\\u00e9n\\u00e9rale de la chasse \\u00e0 tir est pr\\u00e9vue un dimanche du mois de septembre dans la plupart des d\\u00e9partements de France m\\u00e9tropolitaine (le dimanche, 7, 14, 21 ou 28 septembre), \\u00e0 l&rsquo;exception de l&rsquo;Alsace-Moselle (ouverture de la chasse le samedi 23 ao\\u00fbt).\"}},{\"@type\":\"Question\",\"name\":\"Quelle est la p\\u00e9riode de chasse en Corse pour 2025-2026 ?\",\"acceptedAnswer\":{\"@type\":\"Answer\",\"text\":\"La chasse est ouverte, dans les deux d\\u00e9partement de Corse, le dimanche 7 septembre 2025 et se termine le samedi 28 f\\u00e9vrier. Cettes dates, fix\\u00e9es par le pr\\u00e9fet, sont encadr\\u00e9es par l&rsquo;article R424-7 du Code de l&rsquo;environnement. D&rsquo;apr\\u00e8s cette r\\u00e9glementation, la date d&rsquo;ouverture g\\u00e9n\\u00e9rale de la chasse \\u00e0 tir est fix\\u00e9e au plus t\\u00f4t le premier dimanche de septembre et la date de cl\\u00f4ture g\\u00e9n\\u00e9rale au plus tard le dernier jour de f\\u00e9vrier.\"}}]}<\/script>\n","protected":false},"excerpt":{"rendered":"<p>La chasse est une activit\u00e9 tr\u00e8s encadr\u00e9e. Les dates d\u2019ouverture et de fermeture sont fix\u00e9es chaque ann\u00e9e par des arr\u00eat\u00e9s pr\u00e9fectoraux pour chaque d\u00e9partement g\u00e9n\u00e9ralement de courant septembre \u00e0 fin f\u00e9vrier. Le calendrier peut \u00e9galement varier en fonction des esp\u00e8ces chass\u00e9es.<\/p>\n","protected":false},"author":13719,"featured_media":22464,"comment_status":"closed","ping_status":"closed","sticky":false,"template":"","format":"standard","meta":{"footnotes":""},"categories":[19],"tags":[],"class_list":["post-1019","post","type-post","status-publish","format-standard","has-post-thumbnail","hentry","category-formalites"],"acf":[],"yoast_head":"<!-- This site is optimized with the Yoast SEO plugin v24.9 - https:\/\/yoast.com\/wordpress\/plugins\/seo\/ -->\n<title>Dates d&#039;ouverture de la chasse 2025 : r\u00e9glementation<\/title>\n<meta name=\"description\" content=\"D\u00e9couvrez le calendrier complet de la chasse 2025-2026 : dates d\u2019ouverture et de fermeture par d\u00e9partement, les p\u00e9riodes de chasse au gibier d\u2019eau\" \/>\n<meta name=\"robots\" content=\"index, follow, max-snippet:-1, max-image-preview:large, max-video-preview:-1\" \/>\n<link rel=\"canonical\" href=\"https:\/\/www.toutsurmesfinances.com\/vie-pratique\/a\/chasse-le-calendrier-et-les-regles-a-respecter\" \/>\n<meta property=\"og:locale\" content=\"fr_FR\" \/>\n<meta property=\"og:type\" content=\"article\" \/>\n<meta property=\"og:title\" content=\"Dates d&#039;ouverture de la chasse 2025 : r\u00e9glementation\" \/>\n<meta property=\"og:description\" content=\"D\u00e9couvrez le calendrier complet de la chasse 2025-2026 : dates d\u2019ouverture et de fermeture par d\u00e9partement, les p\u00e9riodes de chasse au gibier d\u2019eau\" \/>\n<meta property=\"og:url\" content=\"https:\/\/www.toutsurmesfinances.com\/vie-pratique\/a\/chasse-le-calendrier-et-les-regles-a-respecter\" \/>\n<meta property=\"og:site_name\" content=\"Vie pratique\" \/>\n<meta property=\"article:published_time\" content=\"2019-09-23T17:50:36+00:00\" \/>\n<meta property=\"article:modified_time\" content=\"2025-10-02T09:15:14+00:00\" \/>\n<meta property=\"og:image\" content=\"https:\/\/www.toutsurmesfinances.com\/vie-pratique\/wp-content\/uploads\/sites\/9\/2025\/04\/image-viepratique-formalites.jpg\" \/>\n\t<meta property=\"og:image:width\" content=\"600\" \/>\n\t<meta property=\"og:image:height\" content=\"400\" \/>\n\t<meta property=\"og:image:type\" content=\"image\/jpeg\" \/>\n<meta name=\"author\" content=\"Loic Farge\" \/>\n<meta name=\"twitter:card\" content=\"summary_large_image\" \/>\n<meta name=\"twitter:creator\" content=\"@Toutsur\" \/>\n<meta name=\"twitter:site\" content=\"@Toutsur\" \/>\n<meta name=\"twitter:label1\" content=\"\u00c9crit par\" \/>\n\t<meta name=\"twitter:data1\" content=\"Loic Farge\" \/>\n\t<meta name=\"twitter:label2\" content=\"Dur\u00e9e de lecture estim\u00e9e\" \/>\n\t<meta name=\"twitter:data2\" content=\"33 minutes\" \/>\n<script type=\"application\/ld+json\" class=\"yoast-schema-graph\">{\"@context\":\"https:\/\/schema.org\",\"@graph\":[{\"@type\":\"Article\",\"@id\":\"https:\/\/www.toutsurmesfinances.com\/vie-pratique\/a\/chasse-le-calendrier-et-les-regles-a-respecter#article\",\"isPartOf\":{\"@id\":\"https:\/\/www.toutsurmesfinances.com\/vie-pratique\/a\/chasse-le-calendrier-et-les-regles-a-respecter\"},\"author\":{\"name\":\"Loic Farge\",\"@id\":\"https:\/\/www.toutsurmesfinances.com\/vie-pratique\/#\/schema\/person\/441d2f49b49f36caada20af210ea82db\"},\"headline\":\"Chasse : le calendrier 2025-2026 et les r\u00e8gles \u00e0 respecter\",\"dateModified\":\"2025-10-02T09:15:14+00:00\",\"mainEntityOfPage\":{\"@id\":\"https:\/\/www.toutsurmesfinances.com\/vie-pratique\/a\/chasse-le-calendrier-et-les-regles-a-respecter\"},\"wordCount\":7116,\"publisher\":{\"@id\":\"https:\/\/www.toutsurmesfinances.com\/vie-pratique\/#organization\"},\"image\":{\"@id\":\"https:\/\/www.toutsurmesfinances.com\/vie-pratique\/a\/chasse-le-calendrier-et-les-regles-a-respecter#primaryimage\"},\"thumbnailUrl\":\"https:\/\/www.toutsurmesfinances.com\/vie-pratique\/wp-content\/uploads\/sites\/9\/2025\/04\/image-viepratique-formalites.jpg\",\"articleSection\":[\"Formalit\u00e9s\"],\"inLanguage\":\"fr-FR\"},{\"@type\":\"WebPage\",\"@id\":\"https:\/\/www.toutsurmesfinances.com\/vie-pratique\/a\/chasse-le-calendrier-et-les-regles-a-respecter\",\"url\":\"https:\/\/www.toutsurmesfinances.com\/vie-pratique\/a\/chasse-le-calendrier-et-les-regles-a-respecter\",\"name\":\"Dates d'ouverture de la chasse 2025 : r\u00e9glementation\",\"isPartOf\":{\"@id\":\"https:\/\/www.toutsurmesfinances.com\/vie-pratique\/#website\"},\"primaryImageOfPage\":{\"@id\":\"https:\/\/www.toutsurmesfinances.com\/vie-pratique\/a\/chasse-le-calendrier-et-les-regles-a-respecter#primaryimage\"},\"image\":{\"@id\":\"https:\/\/www.toutsurmesfinances.com\/vie-pratique\/a\/chasse-le-calendrier-et-les-regles-a-respecter#primaryimage\"},\"thumbnailUrl\":\"https:\/\/www.toutsurmesfinances.com\/vie-pratique\/wp-content\/uploads\/sites\/9\/2025\/04\/image-viepratique-formalites.jpg\",\"dateModified\":\"2025-10-02T09:15:14+00:00\",\"description\":\"D\u00e9couvrez le calendrier complet de la chasse 2025-2026 : dates d\u2019ouverture et de fermeture par d\u00e9partement, les p\u00e9riodes de chasse au gibier d\u2019eau\",\"breadcrumb\":{\"@id\":\"https:\/\/www.toutsurmesfinances.com\/vie-pratique\/a\/chasse-le-calendrier-et-les-regles-a-respecter#breadcrumb\"},\"inLanguage\":\"fr-FR\",\"potentialAction\":[{\"@type\":\"ReadAction\",\"target\":[\"https:\/\/www.toutsurmesfinances.com\/vie-pratique\/a\/chasse-le-calendrier-et-les-regles-a-respecter\"]}]},{\"@type\":\"ImageObject\",\"inLanguage\":\"fr-FR\",\"@id\":\"https:\/\/www.toutsurmesfinances.com\/vie-pratique\/a\/chasse-le-calendrier-et-les-regles-a-respecter#primaryimage\",\"url\":\"https:\/\/www.toutsurmesfinances.com\/vie-pratique\/wp-content\/uploads\/sites\/9\/2025\/04\/image-viepratique-formalites.jpg\",\"contentUrl\":\"https:\/\/www.toutsurmesfinances.com\/vie-pratique\/wp-content\/uploads\/sites\/9\/2025\/04\/image-viepratique-formalites.jpg\",\"width\":600,\"height\":400},{\"@type\":\"BreadcrumbList\",\"@id\":\"https:\/\/www.toutsurmesfinances.com\/vie-pratique\/a\/chasse-le-calendrier-et-les-regles-a-respecter#breadcrumb\",\"itemListElement\":[{\"@type\":\"ListItem\",\"position\":1,\"name\":\"Accueil\",\"item\":\"https:\/\/www.toutsurmesfinances.com\/vie-pratique\/\"},{\"@type\":\"ListItem\",\"position\":2,\"name\":\"Formalit\u00e9s\",\"item\":\"https:\/\/www.toutsurmesfinances.com\/vie-pratique\/c\/formalites\"},{\"@type\":\"ListItem\",\"position\":3,\"name\":\"Chasse : le calendrier 2025-2026 et les r\u00e8gles \u00e0 respecter\"}]},{\"@type\":\"WebSite\",\"@id\":\"https:\/\/www.toutsurmesfinances.com\/vie-pratique\/#website\",\"url\":\"https:\/\/www.toutsurmesfinances.com\/vie-pratique\/\",\"name\":\"Vie pratique\",\"description\":\"\",\"publisher\":{\"@id\":\"https:\/\/www.toutsurmesfinances.com\/vie-pratique\/#organization\"},\"potentialAction\":[{\"@type\":\"SearchAction\",\"target\":{\"@type\":\"EntryPoint\",\"urlTemplate\":\"https:\/\/www.toutsurmesfinances.com\/vie-pratique\/?s={search_term_string}\"},\"query-input\":{\"@type\":\"PropertyValueSpecification\",\"valueRequired\":true,\"valueName\":\"search_term_string\"}}],\"inLanguage\":\"fr-FR\"},{\"@type\":\"Organization\",\"@id\":\"https:\/\/www.toutsurmesfinances.com\/vie-pratique\/#organization\",\"name\":\"Tout Sur Mes Finances\",\"url\":\"https:\/\/www.toutsurmesfinances.com\/vie-pratique\/\",\"logo\":{\"@type\":\"ImageObject\",\"inLanguage\":\"fr-FR\",\"@id\":\"https:\/\/www.toutsurmesfinances.com\/vie-pratique\/#\/schema\/logo\/image\/\",\"url\":\"https:\/\/www.toutsurmesfinances.com\/vie-pratique\/wp-content\/uploads\/sites\/9\/2021\/01\/favicon.png\",\"contentUrl\":\"https:\/\/www.toutsurmesfinances.com\/vie-pratique\/wp-content\/uploads\/sites\/9\/2021\/01\/favicon.png\",\"width\":512,\"height\":512,\"caption\":\"Tout Sur Mes Finances\"},\"image\":{\"@id\":\"https:\/\/www.toutsurmesfinances.com\/vie-pratique\/#\/schema\/logo\/image\/\"},\"sameAs\":[\"https:\/\/x.com\/Toutsur\"]},{\"@type\":\"Person\",\"@id\":\"https:\/\/www.toutsurmesfinances.com\/vie-pratique\/#\/schema\/person\/441d2f49b49f36caada20af210ea82db\",\"name\":\"Loic Farge\",\"image\":{\"@type\":\"ImageObject\",\"inLanguage\":\"fr-FR\",\"@id\":\"https:\/\/www.toutsurmesfinances.com\/vie-pratique\/#\/schema\/person\/image\/\",\"url\":\"https:\/\/secure.gravatar.com\/avatar\/d6ba1a4c295f842490f4602774c31c1d?s=96&d=mm&r=g\",\"contentUrl\":\"https:\/\/secure.gravatar.com\/avatar\/d6ba1a4c295f842490f4602774c31c1d?s=96&d=mm&r=g\",\"caption\":\"Loic Farge\"},\"description\":\"Lo\u00efc Farge est journaliste sp\u00e9cialis\u00e9 en immobilier. Il travaille chez\u00a0ToutSurMesFinances.com\u00a0depuis pr\u00e8s de 10 ans. Il couvre l\u2019ensemble des th\u00e9matiques li\u00e9es \u00e0 l\u2019immobilier : march\u00e9, financement, r\u00e9glementation, fiscalit\u00e9 et investissement locatif.\",\"sameAs\":[\"https:\/\/www.toutsurmesfinances.com\/author\/loic\",\"https:\/\/www.linkedin.com\/in\/loc-farge-4b742725\/\"]}]}<\/script>\n<!-- \/ Yoast SEO plugin. -->","yoast_head_json":{"title":"Dates d'ouverture de la chasse 2025 : r\u00e9glementation","description":"D\u00e9couvrez le calendrier complet de la chasse 2025-2026 : dates d\u2019ouverture et de fermeture par d\u00e9partement, les p\u00e9riodes de chasse au gibier d\u2019eau","robots":{"index":"index","follow":"follow","max-snippet":"max-snippet:-1","max-image-preview":"max-image-preview:large","max-video-preview":"max-video-preview:-1"},"canonical":"https:\/\/www.toutsurmesfinances.com\/vie-pratique\/a\/chasse-le-calendrier-et-les-regles-a-respecter","og_locale":"fr_FR","og_type":"article","og_title":"Dates d'ouverture de la chasse 2025 : r\u00e9glementation","og_description":"D\u00e9couvrez le calendrier complet de la chasse 2025-2026 : dates d\u2019ouverture et de fermeture par d\u00e9partement, les p\u00e9riodes de chasse au gibier d\u2019eau","og_url":"https:\/\/www.toutsurmesfinances.com\/vie-pratique\/a\/chasse-le-calendrier-et-les-regles-a-respecter","og_site_name":"Vie pratique","article_published_time":"2019-09-23T17:50:36+00:00","article_modified_time":"2025-10-02T09:15:14+00:00","og_image":[{"width":600,"height":400,"url":"https:\/\/www.toutsurmesfinances.com\/vie-pratique\/wp-content\/uploads\/sites\/9\/2025\/04\/image-viepratique-formalites.jpg","type":"image\/jpeg"}],"author":"Loic Farge","twitter_card":"summary_large_image","twitter_creator":"@Toutsur","twitter_site":"@Toutsur","twitter_misc":{"\u00c9crit par":"Loic Farge","Dur\u00e9e de lecture estim\u00e9e":"33 minutes"},"schema":{"@context":"https:\/\/schema.org","@graph":[{"@type":"Article","@id":"https:\/\/www.toutsurmesfinances.com\/vie-pratique\/a\/chasse-le-calendrier-et-les-regles-a-respecter#article","isPartOf":{"@id":"https:\/\/www.toutsurmesfinances.com\/vie-pratique\/a\/chasse-le-calendrier-et-les-regles-a-respecter"},"author":{"name":"Loic Farge","@id":"https:\/\/www.toutsurmesfinances.com\/vie-pratique\/#\/schema\/person\/441d2f49b49f36caada20af210ea82db"},"headline":"Chasse : le calendrier 2025-2026 et les r\u00e8gles \u00e0 respecter","dateModified":"2025-10-02T09:15:14+00:00","mainEntityOfPage":{"@id":"https:\/\/www.toutsurmesfinances.com\/vie-pratique\/a\/chasse-le-calendrier-et-les-regles-a-respecter"},"wordCount":7116,"publisher":{"@id":"https:\/\/www.toutsurmesfinances.com\/vie-pratique\/#organization"},"image":{"@id":"https:\/\/www.toutsurmesfinances.com\/vie-pratique\/a\/chasse-le-calendrier-et-les-regles-a-respecter#primaryimage"},"thumbnailUrl":"https:\/\/www.toutsurmesfinances.com\/vie-pratique\/wp-content\/uploads\/sites\/9\/2025\/04\/image-viepratique-formalites.jpg","articleSection":["Formalit\u00e9s"],"inLanguage":"fr-FR"},{"@type":"WebPage","@id":"https:\/\/www.toutsurmesfinances.com\/vie-pratique\/a\/chasse-le-calendrier-et-les-regles-a-respecter","url":"https:\/\/www.toutsurmesfinances.com\/vie-pratique\/a\/chasse-le-calendrier-et-les-regles-a-respecter","name":"Dates d'ouverture de la chasse 2025 : r\u00e9glementation","isPartOf":{"@id":"https:\/\/www.toutsurmesfinances.com\/vie-pratique\/#website"},"primaryImageOfPage":{"@id":"https:\/\/www.toutsurmesfinances.com\/vie-pratique\/a\/chasse-le-calendrier-et-les-regles-a-respecter#primaryimage"},"image":{"@id":"https:\/\/www.toutsurmesfinances.com\/vie-pratique\/a\/chasse-le-calendrier-et-les-regles-a-respecter#primaryimage"},"thumbnailUrl":"https:\/\/www.toutsurmesfinances.com\/vie-pratique\/wp-content\/uploads\/sites\/9\/2025\/04\/image-viepratique-formalites.jpg","dateModified":"2025-10-02T09:15:14+00:00","description":"D\u00e9couvrez le calendrier complet de la chasse 2025-2026 : dates d\u2019ouverture et de fermeture par d\u00e9partement, les p\u00e9riodes de chasse au gibier d\u2019eau","breadcrumb":{"@id":"https:\/\/www.toutsurmesfinances.com\/vie-pratique\/a\/chasse-le-calendrier-et-les-regles-a-respecter#breadcrumb"},"inLanguage":"fr-FR","potentialAction":[{"@type":"ReadAction","target":["https:\/\/www.toutsurmesfinances.com\/vie-pratique\/a\/chasse-le-calendrier-et-les-regles-a-respecter"]}]},{"@type":"ImageObject","inLanguage":"fr-FR","@id":"https:\/\/www.toutsurmesfinances.com\/vie-pratique\/a\/chasse-le-calendrier-et-les-regles-a-respecter#primaryimage","url":"https:\/\/www.toutsurmesfinances.com\/vie-pratique\/wp-content\/uploads\/sites\/9\/2025\/04\/image-viepratique-formalites.jpg","contentUrl":"https:\/\/www.toutsurmesfinances.com\/vie-pratique\/wp-content\/uploads\/sites\/9\/2025\/04\/image-viepratique-formalites.jpg","width":600,"height":400},{"@type":"BreadcrumbList","@id":"https:\/\/www.toutsurmesfinances.com\/vie-pratique\/a\/chasse-le-calendrier-et-les-regles-a-respecter#breadcrumb","itemListElement":[{"@type":"ListItem","position":1,"name":"Accueil","item":"https:\/\/www.toutsurmesfinances.com\/vie-pratique\/"},{"@type":"ListItem","position":2,"name":"Formalit\u00e9s","item":"https:\/\/www.toutsurmesfinances.com\/vie-pratique\/c\/formalites"},{"@type":"ListItem","position":3,"name":"Chasse : le calendrier 2025-2026 et les r\u00e8gles \u00e0 respecter"}]},{"@type":"WebSite","@id":"https:\/\/www.toutsurmesfinances.com\/vie-pratique\/#website","url":"https:\/\/www.toutsurmesfinances.com\/vie-pratique\/","name":"Vie pratique","description":"","publisher":{"@id":"https:\/\/www.toutsurmesfinances.com\/vie-pratique\/#organization"},"potentialAction":[{"@type":"SearchAction","target":{"@type":"EntryPoint","urlTemplate":"https:\/\/www.toutsurmesfinances.com\/vie-pratique\/?s={search_term_string}"},"query-input":{"@type":"PropertyValueSpecification","valueRequired":true,"valueName":"search_term_string"}}],"inLanguage":"fr-FR"},{"@type":"Organization","@id":"https:\/\/www.toutsurmesfinances.com\/vie-pratique\/#organization","name":"Tout Sur Mes Finances","url":"https:\/\/www.toutsurmesfinances.com\/vie-pratique\/","logo":{"@type":"ImageObject","inLanguage":"fr-FR","@id":"https:\/\/www.toutsurmesfinances.com\/vie-pratique\/#\/schema\/logo\/image\/","url":"https:\/\/www.toutsurmesfinances.com\/vie-pratique\/wp-content\/uploads\/sites\/9\/2021\/01\/favicon.png","contentUrl":"https:\/\/www.toutsurmesfinances.com\/vie-pratique\/wp-content\/uploads\/sites\/9\/2021\/01\/favicon.png","width":512,"height":512,"caption":"Tout Sur Mes Finances"},"image":{"@id":"https:\/\/www.toutsurmesfinances.com\/vie-pratique\/#\/schema\/logo\/image\/"},"sameAs":["https:\/\/x.com\/Toutsur"]},{"@type":"Person","@id":"https:\/\/www.toutsurmesfinances.com\/vie-pratique\/#\/schema\/person\/441d2f49b49f36caada20af210ea82db","name":"Loic Farge","image":{"@type":"ImageObject","inLanguage":"fr-FR","@id":"https:\/\/www.toutsurmesfinances.com\/vie-pratique\/#\/schema\/person\/image\/","url":"https:\/\/secure.gravatar.com\/avatar\/d6ba1a4c295f842490f4602774c31c1d?s=96&d=mm&r=g","contentUrl":"https:\/\/secure.gravatar.com\/avatar\/d6ba1a4c295f842490f4602774c31c1d?s=96&d=mm&r=g","caption":"Loic Farge"},"description":"Lo\u00efc Farge est journaliste sp\u00e9cialis\u00e9 en immobilier. Il travaille chez\u00a0ToutSurMesFinances.com\u00a0depuis pr\u00e8s de 10 ans. Il couvre l\u2019ensemble des th\u00e9matiques li\u00e9es \u00e0 l\u2019immobilier : march\u00e9, financement, r\u00e9glementation, fiscalit\u00e9 et investissement locatif.","sameAs":["https:\/\/www.toutsurmesfinances.com\/author\/loic","https:\/\/www.linkedin.com\/in\/loc-farge-4b742725\/"]}]}},"_links":{"self":[{"href":"https:\/\/www.toutsurmesfinances.com\/vie-pratique\/wp-json\/wp\/v2\/posts\/1019","targetHints":{"allow":["GET"]}}],"collection":[{"href":"https:\/\/www.toutsurmesfinances.com\/vie-pratique\/wp-json\/wp\/v2\/posts"}],"about":[{"href":"https:\/\/www.toutsurmesfinances.com\/vie-pratique\/wp-json\/wp\/v2\/types\/post"}],"author":[{"embeddable":true,"href":"https:\/\/www.toutsurmesfinances.com\/vie-pratique\/wp-json\/wp\/v2\/users\/13719"}],"replies":[{"embeddable":true,"href":"https:\/\/www.toutsurmesfinances.com\/vie-pratique\/wp-json\/wp\/v2\/comments?post=1019"}],"version-history":[{"count":4,"href":"https:\/\/www.toutsurmesfinances.com\/vie-pratique\/wp-json\/wp\/v2\/posts\/1019\/revisions"}],"predecessor-version":[{"id":22645,"href":"https:\/\/www.toutsurmesfinances.com\/vie-pratique\/wp-json\/wp\/v2\/posts\/1019\/revisions\/22645"}],"wp:featuredmedia":[{"embeddable":true,"href":"https:\/\/www.toutsurmesfinances.com\/vie-pratique\/wp-json\/wp\/v2\/media\/22464"}],"wp:attachment":[{"href":"https:\/\/www.toutsurmesfinances.com\/vie-pratique\/wp-json\/wp\/v2\/media?parent=1019"}],"wp:term":[{"taxonomy":"category","embeddable":true,"href":"https:\/\/www.toutsurmesfinances.com\/vie-pratique\/wp-json\/wp\/v2\/categories?post=1019"},{"taxonomy":"post_tag","embeddable":true,"href":"https:\/\/www.toutsurmesfinances.com\/vie-pratique\/wp-json\/wp\/v2\/tags?post=1019"}],"curies":[{"name":"wp","href":"https:\/\/api.w.org\/{rel}","templated":true}]}}