{"id":283,"date":"2018-01-29T11:52:43","date_gmt":"2018-01-29T10:52:43","guid":{"rendered":"https:\/\/www.toutsurmesfinances.com\/vie-pratique\/a\/brevet-des-colleges-dates-et-modalites"},"modified":"2025-03-07T14:22:23","modified_gmt":"2025-03-07T13:22:23","slug":"brevet-des-colleges-dates-et-modalites","status":"publish","type":"post","link":"https:\/\/www.toutsurmesfinances.com\/vie-pratique\/a\/brevet-des-colleges-dates-et-modalites","title":{"rendered":"Brevet des coll\u00e8ges 2025 : dates et modalit\u00e9s"},"content":{"rendered":"<h2><span class=\"ez-toc-section\" id=\"Les_dates_du_brevet_des_colleges_2025\"><\/span>Les dates du brevet des coll\u00e8ges 2025<span class=\"ez-toc-section-end\"><\/span><\/h2>\n<p>Tous les ans, le calendrier du brevet est pr\u00e9sent\u00e9 par p\u00e9riodes :<\/p>\n<ul>\n<li>avril : \u00e9preuve orale<\/li>\n<li>fin juin : \u00e9preuves \u00e9crites<\/li>\n<li>d\u00e9but juillet : r\u00e9sultats<\/li>\n<li>septembre &#8211; octobre : remise du dipl\u00f4me dans le cadre d\u2019une c\u00e9r\u00e9monie r\u00e9publicaine<\/li>\n<\/ul>\n<p>Les \u00e9preuves \u00e9crites de la session 2025 auront lieu fin juin 2025. Les dates, fix\u00e9es par le minist\u00e8re de l&rsquo;\u00c9ducation nationale, sont les suivantes :<\/p>\n<ul>\n<li><strong>jeudi 26 juin et vendredi 27 juin 2025<\/strong>\u00a0: \u00e9preuves \u00e9crites communes en session normale<\/li>\n<li><strong style=\"background-color: transparent\">lundi 8 septembre et mardi 9 septembre 2025<\/strong><span style=\"background-color: transparent\"> : session de remplacement pour ceux qui n&rsquo;ont pas pu participer aux \u00e9preuves communes de fin d&rsquo;ann\u00e9e (26 et 27 juin 2025)<\/span><\/li>\n<\/ul>\n<p><strong>ATTENTION :<\/strong> que ce soit lors de la session \u00e9crite ou lors de la session de remplacement, l&rsquo;ordre de passage des \u00e9preuves est invers\u00e9 \u00e0 chaque journ\u00e9e pour la Guadeloupe, la Martinique, la Guyane et Saint-Pierre-et-Miquelon.<\/p>\n<h3><span class=\"ez-toc-section\" id=\"Session_normale_2025_le_calendrier_des_epreuves_ecrites\"><\/span>Session normale 2025 : le calendrier des \u00e9preuves \u00e9crites<span class=\"ez-toc-section-end\"><\/span><\/h3>\n<p>Le tableau ci-dessous pr\u00e9sente le calendrier des \u00e9preuves \u00e9crites du dipl\u00f4me national du brevet pour la session normale de juin 2025, selon la zone g\u00e9ographique de passage de l&rsquo;examen :<\/p>\n<div id=\"tablepress-36-scroll-wrapper\" class=\"tablepress-scroll-wrapper\">\n\n<table id=\"tablepress-36\" class=\"tablepress tablepress-id-36 tablepress-responsive\">\n<thead>\n<tr class=\"row-1 odd\">\n\t<th class=\"column-1\"><\/th><th colspan=\"4\" class=\"column-2\"><strong>Brevet 2025 : calendrier des \u00e9preuves \u00e9crites de la session normale<\/strong><\/th>\n<\/tr>\n<\/thead>\n<tfoot>\n<tr class=\"row-6 even\">\n\t<th colspan=\"5\" class=\"column-1\"><em>Source\u00a0: minist\u00e8re de l'\u00c9ducation nationale et de la Jeunesse<\/em><\/th>\n<\/tr>\n<\/tfoot>\n<tbody class=\"row-hover\">\n<tr class=\"row-2 even\">\n\t<td class=\"column-1\"><strong>Dates<\/strong><\/td><td class=\"column-2\"><strong>M\u00e9tropole, R\u00e9union, Mayotte<\/strong><\/td><td class=\"column-3\"><strong>Guadeloupe et Martinique<\/strong><\/td><td class=\"column-4\"><strong>Guyane<\/strong><\/td><td class=\"column-5\"><strong>Saint-Pierre-et-Miquelon<\/strong><\/td>\n<\/tr>\n<tr class=\"row-3 odd\">\n\t<td class=\"column-1\"><br \/>\n<br \/>\n<strong>Jeudi 26 juin 2025<\/strong><br \/>\n<br \/>\nTous candidats<\/td><td class=\"column-2\"><strong>9h - 10h30<br \/>\nFran\u00e7ais<br \/>\n1\u00e8re partie<\/strong><br \/>\n(grammaire et comp\u00e9tences linguistiques, compr\u00e9hension et comp\u00e9tences d\u2019interpr\u00e9tation, dict\u00e9e)<br \/>\n<br \/>\n<strong>10h45 - 12h15<\/strong><br \/>\n<strong>Fran\u00e7ais<br \/>\n 2\u00e8me partie<br \/>\n<\/strong>(r\u00e9daction)<br \/>\n<br \/>\n<strong>14h30 - 16h30<br \/>\nMath\u00e9matiques<\/strong><\/td><td class=\"column-3\"><strong>8h30 - 10h30<br \/>\nMath\u00e9matiques<\/strong><br \/>\n<br \/>\n<strong>13h - 14h30<br \/>\nFran\u00e7ais<br \/>\n 1\u00e8re partie<\/strong><br \/>\n(grammaire et comp\u00e9tences linguistiques, compr\u00e9hension et comp\u00e9tences d\u2019interpr\u00e9tation, dict\u00e9e)<br \/>\n<br \/>\n<strong>14h45 - 16h15<\/strong><br \/>\n<strong>Fran\u00e7ais<br \/>\n2\u00e8me partie<br \/>\n<\/strong>(r\u00e9daction)<\/td><td class=\"column-4\"><strong>9h30 - 11h30<br \/>\nMath\u00e9matiques<br \/>\n<br \/>\n14h - 15h30<br \/>\nFran\u00e7ais<br \/>\n 1\u00e8re partie<\/strong><br \/>\n(grammaire et comp\u00e9tences linguistiques, compr\u00e9hension et comp\u00e9tences d\u2019interpr\u00e9tation, dict\u00e9e)<br \/>\n<br \/>\n<strong>15h45 - 17h15<\/strong><br \/>\n<strong>Fran\u00e7ais<br \/>\n 2\u00e8me partie<br \/>\n<\/strong>(r\u00e9daction)<\/td><td class=\"column-5\"><strong>10h30 - 12h30<br \/>\nMath\u00e9matiques<\/strong><br \/>\n<br \/>\n<strong>15h - 16h30<br \/>\nFran\u00e7ais<br \/>\n 1\u00e8re partie<\/strong><br \/>\n(grammaire et comp\u00e9tences linguistiques, compr\u00e9hension et comp\u00e9tences d\u2019interpr\u00e9tation, dict\u00e9e)<br \/>\n<br \/>\n<strong>16h45 - 18h15<\/strong><br \/>\n<strong>Fran\u00e7ais<br \/>\n 2\u00e8me partie<br \/>\n<\/strong>(r\u00e9daction)<\/td>\n<\/tr>\n<tr class=\"row-4 even\">\n\t<td class=\"column-1\"><strong>Vendredi 27 juin 2025<\/strong><br \/>\n<br \/>\nTous candidats (sauf<br \/>\n\u00e9preuve de langue<br \/>\nvivante \u00e9trang\u00e8re<br \/>\nr\u00e9serv\u00e9e aux<br \/>\ncandidats individuels)<\/td><td class=\"column-2\"><strong>9h - 11h<br \/>\nHistoire et g\u00e9ographie<\/strong><br \/>\n<strong>enseignement moral et civique<\/strong><br \/>\n<br \/>\n<strong>13h30 - 14h30<br \/>\nSciences<\/strong><br \/>\n(physique-chimie et\/ou sciences de la vie et la Terre<br \/>\net\/ou technologie*)<br \/>\n<br \/>\n<strong>15h - 16h30<\/strong><br \/>\n<strong>Langue vivante \u00e9trang\u00e8re(**)<\/strong><\/td><td class=\"column-3\"><strong>8h - 9h<br \/>\nSciences<\/strong><br \/>\n(physique-chimie et\/ou sciences de la vie et la Terre<br \/>\net\/ou technologie*)<br \/>\n<br \/>\n<strong>9h30 - 11h30<\/strong><br \/>\n<strong>Histoire et g\u00e9ographie<\/strong><br \/>\n<strong>enseignement moral et civique<\/strong><br \/>\n<br \/>\n<strong>13h30 - 15h<\/strong><br \/>\n<strong>Langue vivante \u00e9trang\u00e8re(**)<\/strong><\/td><td class=\"column-4\"><strong>9h - 10h<br \/>\nSciences<\/strong><br \/>\n(physique-chimie et\/ou sciences de la vie et la Terre<br \/>\net\/ou technologie*)<br \/>\n<br \/>\n<strong>10h30 - 12h30<\/strong><br \/>\n<strong>Histoire et g\u00e9ographie<\/strong><br \/>\n<strong>enseignement moral et civique<\/strong><br \/>\n<br \/>\n<strong>14h30 - 16h<\/strong><br \/>\n<strong>Langue vivante \u00e9trang\u00e8re(**)<\/strong><\/td><td class=\"column-5\"><strong>10h - 11h<br \/>\nSciences<\/strong><br \/>\n(physique-chimie et\/ou sciences de la vie et la Terre<br \/>\net\/ou technologie*)<br \/>\n<br \/>\n<strong>11h30 - 13h30<\/strong><br \/>\n<strong>Histoire et g\u00e9ographie<\/strong><br \/>\n<strong>enseignement moral et civique<\/strong><br \/>\n<br \/>\n<strong>15h30 - 17h<\/strong><br \/>\n<strong>Langue vivante \u00e9trang\u00e8re(**)<\/strong><\/td>\n<\/tr>\n<tr class=\"row-5 odd\">\n\t<td colspan=\"5\" class=\"column-1\"><em>(*) Deux disciplines sur les trois<\/em><br \/>\n<em><strong>(**)<\/strong>\u00c9preuve r\u00e9serv\u00e9e aux candidats individuels<\/em><\/td>\n<\/tr>\n<\/tbody>\n<\/table>\n\n<\/div><!-- #tablepress-36 from cache -->\n<p>&nbsp;<\/p>\n<h3><span class=\"ez-toc-section\" id=\"Session_de_remplacement_2025_le_calendrier_des_epreuves_ecrites\"><\/span>Session de remplacement 2025 : le calendrier des \u00e9preuves \u00e9crites<span class=\"ez-toc-section-end\"><\/span><\/h3>\n<p>Le tableau ci-dessous pr\u00e9sente le calendrier pr\u00e9visionnel des \u00e9preuves \u00e9crites du dipl\u00f4me national du brevet pour la session de remplacement de septembre 2025, selon la zone g\u00e9ographique de passage de l&rsquo;examen :<\/p>\n<div id=\"tablepress-37-scroll-wrapper\" class=\"tablepress-scroll-wrapper\">\n\n<table id=\"tablepress-37\" class=\"tablepress tablepress-id-37 tablepress-responsive\">\n<thead>\n<tr class=\"row-1 odd\">\n\t<th colspan=\"5\" class=\"column-1\"><strong>Brevet 2025 : calendrier des \u00e9preuves \u00e9crites de la session de remplacement<\/strong><\/th>\n<\/tr>\n<\/thead>\n<tfoot>\n<tr class=\"row-6 even\">\n\t<th colspan=\"5\" class=\"column-1\"><em>Source\u00a0: minist\u00e8re de l'\u00c9ducation nationale et de la Jeunesse<\/em><\/th>\n<\/tr>\n<\/tfoot>\n<tbody class=\"row-hover\">\n<tr class=\"row-2 even\">\n\t<td class=\"column-1\"><strong>Dates<\/strong><\/td><td class=\"column-2\"><strong>M\u00e9tropole, La R\u00e9union, Mayotte<\/strong><\/td><td class=\"column-3\"><strong>Guadeloupe et Martinique<\/strong><\/td><td class=\"column-4\"><strong>Guyane<\/strong><\/td><td class=\"column-5\"><strong>Saint-Pierre-et-Miquelon<\/strong><\/td>\n<\/tr>\n<tr class=\"row-3 odd\">\n\t<td class=\"column-1\"><strong>Lundi 8 septembre 2025<\/strong><br \/>\n<br \/>\nTous candidats<\/td><td class=\"column-2\"><strong>9h - 10h30<br \/>\nFran\u00e7ais<br \/>\n1\u00e8re partie <\/strong><br \/>\n(grammaire et comp\u00e9tences linguistiques, compr\u00e9hension et comp\u00e9tences d\u2019interpr\u00e9tation, dict\u00e9e)<br \/>\n<br \/>\n<strong>10h45 - 12h15<\/strong><br \/>\n<strong>Fran\u00e7ais<br \/>\n2\u00e8me partie<br \/>\n<\/strong>(r\u00e9daction)<br \/>\n<br \/>\n<strong>14h30 - 16h30<br \/>\nMath\u00e9matiques<\/strong><\/td><td class=\"column-3\"><strong>8h30 - 10h30<br \/>\nMath\u00e9matiques<\/strong><br \/>\n<br \/>\n<strong>13h - 14h30<br \/>\nFran\u00e7ais<br \/>\n1\u00e8re partie<\/strong><br \/>\n(grammaire et comp\u00e9tences linguistiques, compr\u00e9hension et comp\u00e9tences d\u2019interpr\u00e9tation, dict\u00e9e)<br \/>\n<br \/>\n<strong>14h45 - 16h15<\/strong><br \/>\n<strong>Fran\u00e7ais<br \/>\n2\u00e8me partie<br \/>\n<\/strong>(r\u00e9daction)<\/td><td class=\"column-4\"><strong>9h30 - 11h30<br \/>\nMath\u00e9matiques<br \/>\n<br \/>\n14h - 15h30<br \/>\nFran\u00e7ais<br \/>\n1\u00e8re partie<\/strong><br \/>\n(grammaire et comp\u00e9tences linguistiques, compr\u00e9hension et comp\u00e9tences d\u2019interpr\u00e9tation, dict\u00e9e)<br \/>\n<br \/>\n<strong>15h45 - 17h15<\/strong><br \/>\n<strong>Fran\u00e7ais<br \/>\n2\u00e8me partie<br \/>\n<\/strong>(r\u00e9daction)<\/td><td class=\"column-5\"><strong>10h30 - 12h30<br \/>\nMath\u00e9matiques<\/strong><br \/>\n<br \/>\n<strong>15h - 16h30<br \/>\nFran\u00e7ais<br \/>\n1\u00e8re partie<\/strong><br \/>\n(grammaire et comp\u00e9tences linguistiques, compr\u00e9hension et comp\u00e9tences d\u2019interpr\u00e9tation, dict\u00e9e)<br \/>\n<br \/>\n<strong>16h45 - 18h15<\/strong><br \/>\n<strong>Fran\u00e7ais<br \/>\n2\u00e8me partie<br \/>\n<\/strong>(r\u00e9daction)<\/td>\n<\/tr>\n<tr class=\"row-4 even\">\n\t<td class=\"column-1\"><strong>Mardi 9 septembre 2025<\/strong><br \/>\n<br \/>\nTous candidats (sauf<br \/>\n\u00e9preuve de langue<br \/>\nvivante \u00e9trang\u00e8re<br \/>\nr\u00e9serv\u00e9e aux<br \/>\ncandidats individuels)<\/td><td class=\"column-2\"><strong>9h - 11h<br \/>\nHistoire et g\u00e9ographie<\/strong><br \/>\n<strong>enseignement moral et civique<\/strong><br \/>\n<br \/>\n<strong>13h30 - 14h30<br \/>\nSciences<\/strong><br \/>\n(physique-chimie et\/ou sciences de la vie et la Terre<br \/>\net\/ou technologie*)<br \/>\n<br \/>\n<strong>15h - 16h30<\/strong><br \/>\n<strong>Langue vivante \u00e9trang\u00e8re(**)<\/strong><\/td><td class=\"column-3\"><strong>8h - 9h<br \/>\nSciences<\/strong><br \/>\n(physique-chimie et\/ou sciences de la vie et la Terre<br \/>\net\/ou technologie*)<br \/>\n<br \/>\n<strong>9h30 - 11h30<\/strong><br \/>\n<strong>Histoire et g\u00e9ographie<\/strong><br \/>\n<strong>enseignement moral et civique<\/strong><br \/>\n<br \/>\n<strong>13h30 - 15h<\/strong><br \/>\n<strong>Langue vivante \u00e9trang\u00e8re(**)<\/strong><\/td><td class=\"column-4\"><strong>9h - 10h<br \/>\nSciences<\/strong><br \/>\n(physique-chimie et\/ou sciences de la vie et la Terre<br \/>\net\/ou technologie*)<br \/>\n<br \/>\n<strong>10h30 - 12h30<\/strong><br \/>\n<strong>Histoire et g\u00e9ographie<\/strong><br \/>\n<strong>enseignement moral et civique<\/strong><br \/>\n<br \/>\n<strong>14h30 - 16h<\/strong><br \/>\n<strong>Langue vivante \u00e9trang\u00e8re(**)<\/strong><\/td><td class=\"column-5\"><strong>10h - 11h<br \/>\nSciences<\/strong><br \/>\n(physique-chimie et\/ou sciences de la vie et la Terre<br \/>\net\/ou technologie*)<br \/>\n<br \/>\n<strong>11h30 - 13h30<\/strong><br \/>\n<strong>Histoire et g\u00e9ographie<\/strong><br \/>\n<strong>enseignement moral et civique<\/strong><br \/>\n<br \/>\n<strong>15h30 - 17h<\/strong><br \/>\n<strong>Langue vivante \u00e9trang\u00e8re(**)<\/strong><\/td>\n<\/tr>\n<tr class=\"row-5 odd\">\n\t<td colspan=\"5\" class=\"column-1\"><em>(*) Deux disciplines sur les trois<\/em><br \/>\n<em><strong>(**)<\/strong>\u00c9preuve r\u00e9serv\u00e9e aux candidats individuels<\/em><\/td>\n<\/tr>\n<\/tbody>\n<\/table>\n\n<\/div><!-- #tablepress-37 from cache -->\n<p>&nbsp;<\/p>\n<p style=\"background-color: #e5e5e5\"><strong>\u00c0 SAVOIR :<\/strong> les \u00e9l\u00e8ves peuvent \u00eatre accompagn\u00e9s tout au long de l\u2019ann\u00e9e pour pr\u00e9parer ces \u00e9preuves dans le cadre du dispositif <a href=\"https:\/\/www.toutsurmesfinances.com\/argent\/a\/dispositif-devoirs-faits-au-college-beneficiaires-programme\" target=\"_self\" rel=\"noopener noreferrer\">devoirs faits<\/a>. Par ailleurs, le minist\u00e8re de l&rsquo;\u00c9ducation nationale met \u00e0 disposition des \u00e9l\u00e8ves sur son site Internet <a href=\"https:\/\/eduscol.education.fr\/cid60618\/preparer-le-dnb-avec-les-sujets-zero-et-les-sujets-d-annales.html\" target=\"_blank\" rel=\"nofollow noopener noreferrer\">des sujets z\u00e9ro et des annales<\/a> pour leur permettre de pr\u00e9parer l&rsquo;examen.<\/p>\n<h2><span class=\"ez-toc-section\" id=\"Les_modalites_de_lepreuve_du_brevet_des_colleges\"><\/span>Les modalit\u00e9s de l\u2019\u00e9preuve du brevet des coll\u00e8ges<span class=\"ez-toc-section-end\"><\/span><\/h2>\n<p><strong>IMPORTANT<\/strong><br \/>\nLes modalit\u00e9s de passation de l&rsquo;\u00e9preuve du brevet des coll\u00e8ges resteront finalement identiques pour la session 2025. Gabriel Attal avait annonc\u00e9, en d\u00e9cembre 2023 quand il \u00e9tait ministre de l&rsquo;\u00c9ducation nationale, une s\u00e9rie de modifications du brevet, \u00e0 travers la r\u00e9forme du \u00ab choc des savoirs \u00bb. Les modifications envisag\u00e9es ne seront donc pas appliqu\u00e9es en 2025. En cause : les textes officiels d&rsquo;application n&rsquo;ont pas \u00e9t\u00e9 publi\u00e9s \u00e0 temps. Leurs publications \u00ab\u00a0ont d\u00fb \u00eatre report\u00e9es en raison des affaires courantes, mais ils sont pr\u00eats et d\u00e8s la fin de cette p\u00e9riode, nous devrions pouvoir en assurer la publication pour qu&rsquo;ils puissent entrer en vigueur pour le Dipl\u00f4me national du brevet 2025\u00a0\u00bb, a expliqu\u00e9 la ministre d\u00e9missionnaire l&rsquo;\u00c9ducation nationale Nicole Belloubet, le 27 ao\u00fbt 2024.<\/p>\n<p>Une nouvelle mouture pr\u00e9voyait notamment, \u00e0 compter de la session 2025 (ann\u00e9e scolaire 2024-2025) la r\u00e9vision de la notation de l\u2019examen en passant sur un calcul similaire \u00e0 celui du bac. Au lieu du traditionnel 50-50 entre contr\u00f4le continu et examen final, l&rsquo;obtention du brevet la r\u00e9forme \u00e9tait cens\u00e9e passer sur un calcul similaire \u00e0 celui du bac : 40% de contr\u00f4le continu (toutes les disciplines enseign\u00e9es en classe de Troisi\u00e8me devant d\u00e9sormais \u00eatre prise en compte, sous forme d&rsquo;une \u00ab moyenne des moyennes \u00bb) et 60% de la note li\u00e9e aux \u00e9preuves de fin d&rsquo;ann\u00e9e.<\/p>\n<p>De plus, l\u2019obtention du dipl\u00f4me du brevet des coll\u00e8ges ne deviendra toujours pas en 2025 une condition obligatoire pour entrer au lyc\u00e9e. La r\u00e9forme, gel\u00e9e pour l&rsquo;heure, pr\u00e9voyait de conditionner \u00ab l\u2019acc\u00e8s au lyc\u00e9e \u00bb \u00e0 l\u2019obtention du brevet.<\/p>\n<h3><span class=\"ez-toc-section\" id=\"Le_controle_continu\"><\/span>Le contr\u00f4le continu<span class=\"ez-toc-section-end\"><\/span><\/h3>\n<p>Le contr\u00f4le continu, \u00e9galement appel\u00e9 \u00ab \u00e9valuation du socle \u00bb, permet de v\u00e9rifier que l\u2019\u00e9l\u00e8ve a bien acquis les comp\u00e9tences n\u00e9cessaires \u00e0 la fin de sa scolarit\u00e9 obligatoire (16 ans). Il s\u2019agit aussi bien de l\u2019apprentissage du langage, d\u2019une langue vivante \u00e9trang\u00e8re, de la ma\u00eetrise des math\u00e9matiques ou encore de la conduite de projets individuels et collectifs ainsi que de l\u2019approche scientifique et technique de la Terre et de l\u2019univers. \u00c0 chaque comp\u00e9tence, des points sont attribu\u00e9s, en fonction des r\u00e9sultats :<\/p>\n<ul>\n<li>ma\u00eetrise insuffisante : 10 points<\/li>\n<li>ma\u00eetrise fragile : 25 points<\/li>\n<li>ma\u00eetrise suffisante : 40 points<\/li>\n<li>tr\u00e8s bonne ma\u00eetrise : 50 points<\/li>\n<\/ul>\n<p>Cette \u00e9preuve est \u00e9valu\u00e9e sur 400 points. La ma\u00eetrise de chacune des huit composantes du socle commun est \u00e9valu\u00e9e lors du conseil de classe du troisi\u00e8me trimestre de la classe de Troisi\u00e8me.<\/p>\n<p style=\"background-color: #e5e5e5\"><strong>\u00c0 SAVOIR :<\/strong> les \u00e9l\u00e8ves peuvent d\u00e9cider de passer une \u00e9preuve facultative (latin, grec, langues et cultures europ\u00e9ennes&#8230;), qui peut permettre d\u2019obtenir 10 ou 20 points suppl\u00e9mentaires pour la note finale. Ainsi, 10 points sont accord\u00e9s si les objectifs d\u2019apprentissage sont atteints et 20 points s\u2019ils sont d\u00e9pass\u00e9s.<\/p>\n<h3><span class=\"ez-toc-section\" id=\"Les_epreuves_finales\"><\/span>Les \u00e9preuves finales<span class=\"ez-toc-section-end\"><\/span><\/h3>\n<p>\u00c0 la fin de l\u2019ann\u00e9e de troisi\u00e8me, les coll\u00e9giens doivent passer cinq \u00e9preuves obligatoires. Quatre d\u2019entre elles sont \u00e9crites, et une est orale. Comme pour l\u2019\u00e9valuation du socle, ces \u00e9preuves sont \u00e9valu\u00e9es au total sur 400 points. Il existe deux s\u00e9ries d\u2019\u00e9preuves diff\u00e9rentes : pour les \u00e9l\u00e8ves en s\u00e9rie g\u00e9n\u00e9rale et pour ceux en s\u00e9rie professionnelle.<\/p>\n<h4>Les \u00e9preuves \u00e9crites<\/h4>\n<p>Quatre mati\u00e8res sont \u00e9valu\u00e9es \u00e0 l\u2019\u00e9crit :<\/p>\n<ul>\n<li>le fran\u00e7ais (trois heures, 100 points)<\/li>\n<li>les math\u00e9matiques (deux heures, 100 points)<\/li>\n<li>l\u2019histoire-g\u00e9ographie et l\u2019enseignement moral et civique (deux heures, 50 points)<\/li>\n<li>les sciences (une heure, 50 points). Deux disciplines sur les trois \u00e9tudi\u00e9es en troisi\u00e8me sont \u00e9valu\u00e9es (physique-chimie, sciences de la vie et de la terre, technologie)<\/li>\n<\/ul>\n<p><strong>\u00c0 NOTER :<\/strong> \u00e0 compter de la session de 2025, les notes obtenues en histoire-g\u00e9ographie et en enseignement moral et civique seront dissoci\u00e9es. Conform\u00e9ment \u00e0 un arr\u00eat\u00e9 <a href=\"https:\/\/www.legifrance.gouv.fr\/jorf\/id\/JORFTEXT000051253739\" target=\"_blank\" rel=\"nofollow noopener noreferrer\">paru au <em>Journal Officiel<\/em> du 27 f\u00e9vrier 2025<\/a>, une note sera attribu\u00e9e pour l\u2019histoire-g\u00e9ographie et une autre pour l\u2019enseignement moral et civique. En revanche, le format de l&rsquo;\u00e9preuve restera inchang\u00e9 : ces mati\u00e8res seront toujours pass\u00e9es en m\u00eame temps, au sein d&rsquo;une \u00e9preuve \u00e9crite de deux heures.<\/p>\n<h4>L\u2019\u00e9preuve orale<\/h4>\n<p>L\u2019examen pass\u00e9 \u00e0 l\u2019oral consiste \u00e0 pr\u00e9senter un projet men\u00e9 en histoire des arts ou lors des enseignements pratiques pluridisciplinaires (EPI) ou lors d\u2019un des parcours \u00e9ducatifs. Il peut prendre la forme d\u2019un oral individuel de 15 minutes ou d\u2019un oral collectif de 25 minutes. Cette \u00e9preuve est not\u00e9e sur 100 points.<\/p>\n<h2><span class=\"ez-toc-section\" id=\"Les_resultats_de_lepreuve\"><\/span>Les r\u00e9sultats de l\u2019\u00e9preuve<span class=\"ez-toc-section-end\"><\/span><\/h2>\n<p>Le dipl\u00f4me national du brevet (DNB) \u00e9volue r\u00e9guli\u00e8rement. Un <a href=\"https:\/\/www.legifrance.gouv.fr\/affichTexte.do;jsessionid=D41A1099D869A9B296DFE4B173C35F2F.tplgfr33s_1?cidTexte=JORFTEXT000036108907&amp;dateTexte=&amp;oldAction=rechJO&amp;categorieLien=id&amp;idJO=JORFCONT000036108539\" target=\"_blank\" rel=\"noopener noreferrer\">arr\u00eat\u00e9 publi\u00e9 au Journal officiel du 29 novembre 2017<\/a> a d\u00e9fini les nouvelles modalit\u00e9s de l\u2019\u00e9preuve \u00e0 compter de l&rsquo;\u00e9dition 2018. Un r\u00e9\u00e9quilibrage est d\u00e9sormais effectu\u00e9 entre le contr\u00f4le continu et l\u2019\u00e9preuve finale. Au total, l\u2019ensemble du brevet est not\u00e9 sur 800 points, contre 700 auparavant.<\/p>\n<p>Les \u00e9l\u00e8ves sont re\u00e7us au brevet des coll\u00e8ges s\u2019ils ont obtenu au minimum 400 points sur les 800 possibles.<\/p>\n<p>En fonction de leurs r\u00e9sultats, ce dipl\u00f4me peut \u00eatre accompagn\u00e9 d\u2019une mention :<\/p>\n<ul>\n<li>mention assez bien : plus de 480 points<\/li>\n<li>mention bien : plus de 560 points<\/li>\n<li>mention tr\u00e8s bien : plus de 640 points<\/li>\n<\/ul>\n<p><strong>\u00c0 NOTER :<\/strong> \u00e0 compter de la session 2025, comme pr\u00e9cis\u00e9 dans un arr\u00eat\u00e9 <a href=\"https:\/\/www.legifrance.gouv.fr\/jorf\/id\/JORFTEXT000051253739\" target=\"_blank\" rel=\"nofollow noopener noreferrer\">paru au <em>Journal Officiel<\/em> du 27 f\u00e9vrier 2025<\/a>, une nouvelle mention \u00ab tr\u00e8s bien avec f\u00e9licitations du jury \u00bb\u00a0distinguera les \u00e9l\u00e8ves obtenant au moins 18 sur 20 au brevet. Elle sera attribu\u00e9e :<\/p>\n<ul>\n<li>aux \u00e9l\u00e8ves qui obtiendront au moins 720 points sur 800, pour les \u00ab candidats scolaires \u00bb \u00a0(\u00e9l\u00e8ves de 3\u00e8me des \u00e9tablissements publics ou priv\u00e9s sous contrat, ceux scolaris\u00e9s au Cned\u2026)<\/li>\n<li>aux personnes qui obtiendront au moins 360 points sur 400 (pour les \u00ab candidats individuels \u00bb)<\/li>\n<\/ul>\n","protected":false},"excerpt":{"rendered":"<p>Le brevet des coll\u00e8ges affiche un nouveau format depuis l&rsquo;\u00e9dition 2018. Ce dipl\u00f4me, qui cl\u00f4t les ann\u00e9es d\u2019apprentissage au coll\u00e8ge, octroie d\u00e9sormais autant d\u2019importance aux r\u00e9sultats scolaires obtenus tout au long de l\u2019ann\u00e9e qu\u2019\u00e0 ceux de l\u2019\u00e9preuve finale. Calendrier, \u00e9preuves, r\u00e9sultats : on vous dit tout.<\/p>\n","protected":false},"author":13714,"featured_media":282,"comment_status":"closed","ping_status":"closed","sticky":false,"template":"","format":"standard","meta":{"footnotes":""},"categories":[19],"tags":[],"class_list":["post-283","post","type-post","status-publish","format-standard","has-post-thumbnail","hentry","category-formalites"],"acf":[],"yoast_head":"<!-- This site is optimized with the Yoast SEO plugin v24.9 - https:\/\/yoast.com\/wordpress\/plugins\/seo\/ -->\n<title>Brevet des coll\u00e8ges 2025 : dates et modalit\u00e9s<\/title>\n<meta name=\"description\" content=\"En 2025, les cinq \u00e9preuves \u00e9crites communes du Brevet se d\u00e9roulent sur deux jours : les 26 et 27 juin.\" \/>\n<meta name=\"robots\" content=\"index, follow, max-snippet:-1, max-image-preview:large, max-video-preview:-1\" \/>\n<link rel=\"canonical\" href=\"https:\/\/www.toutsurmesfinances.com\/vie-pratique\/a\/brevet-des-colleges-dates-et-modalites\" \/>\n<meta property=\"og:locale\" content=\"fr_FR\" \/>\n<meta property=\"og:type\" content=\"article\" \/>\n<meta property=\"og:title\" content=\"Brevet des coll\u00e8ges 2025 : dates et modalit\u00e9s\" \/>\n<meta property=\"og:description\" content=\"En 2025, les cinq \u00e9preuves \u00e9crites communes du Brevet se d\u00e9roulent sur deux jours : les 26 et 27 juin.\" \/>\n<meta property=\"og:url\" content=\"https:\/\/www.toutsurmesfinances.com\/vie-pratique\/a\/brevet-des-colleges-dates-et-modalites\" \/>\n<meta property=\"og:site_name\" content=\"Vie pratique\" \/>\n<meta property=\"article:published_time\" content=\"2018-01-29T10:52:43+00:00\" \/>\n<meta property=\"article:modified_time\" content=\"2025-03-07T13:22:23+00:00\" \/>\n<meta property=\"og:image\" content=\"https:\/\/www.toutsurmesfinances.com\/vie-pratique\/wp-content\/uploads\/sites\/9\/2018\/01\/brevet-des-colleges.jpg\" \/>\n\t<meta property=\"og:image:width\" content=\"823\" \/>\n\t<meta property=\"og:image:height\" content=\"463\" \/>\n\t<meta property=\"og:image:type\" content=\"image\/jpeg\" \/>\n<meta name=\"author\" content=\"Adeline Lorence\" \/>\n<meta name=\"twitter:card\" content=\"summary_large_image\" \/>\n<meta name=\"twitter:creator\" content=\"@Toutsur\" \/>\n<meta name=\"twitter:site\" content=\"@Toutsur\" \/>\n<meta name=\"twitter:label1\" content=\"\u00c9crit par\" \/>\n\t<meta name=\"twitter:data1\" content=\"Adeline Lorence\" \/>\n\t<meta name=\"twitter:label2\" content=\"Dur\u00e9e de lecture estim\u00e9e\" \/>\n\t<meta name=\"twitter:data2\" content=\"6 minutes\" \/>\n<script type=\"application\/ld+json\" class=\"yoast-schema-graph\">{\"@context\":\"https:\/\/schema.org\",\"@graph\":[{\"@type\":\"Article\",\"@id\":\"https:\/\/www.toutsurmesfinances.com\/vie-pratique\/a\/brevet-des-colleges-dates-et-modalites#article\",\"isPartOf\":{\"@id\":\"https:\/\/www.toutsurmesfinances.com\/vie-pratique\/a\/brevet-des-colleges-dates-et-modalites\"},\"author\":{\"name\":\"Adeline Lorence\",\"@id\":\"https:\/\/www.toutsurmesfinances.com\/vie-pratique\/#\/schema\/person\/3c3eee2dc2da3ef518c8abf33735981b\"},\"headline\":\"Brevet des coll\u00e8ges 2025 : dates et modalit\u00e9s\",\"dateModified\":\"2025-03-07T13:22:23+00:00\",\"mainEntityOfPage\":{\"@id\":\"https:\/\/www.toutsurmesfinances.com\/vie-pratique\/a\/brevet-des-colleges-dates-et-modalites\"},\"wordCount\":1282,\"publisher\":{\"@id\":\"https:\/\/www.toutsurmesfinances.com\/vie-pratique\/#organization\"},\"image\":{\"@id\":\"https:\/\/www.toutsurmesfinances.com\/vie-pratique\/a\/brevet-des-colleges-dates-et-modalites#primaryimage\"},\"thumbnailUrl\":\"https:\/\/www.toutsurmesfinances.com\/vie-pratique\/wp-content\/uploads\/sites\/9\/2018\/01\/brevet-des-colleges.jpg\",\"articleSection\":[\"Formalit\u00e9s\"],\"inLanguage\":\"fr-FR\"},{\"@type\":\"WebPage\",\"@id\":\"https:\/\/www.toutsurmesfinances.com\/vie-pratique\/a\/brevet-des-colleges-dates-et-modalites\",\"url\":\"https:\/\/www.toutsurmesfinances.com\/vie-pratique\/a\/brevet-des-colleges-dates-et-modalites\",\"name\":\"Brevet des coll\u00e8ges 2025 : dates et modalit\u00e9s\",\"isPartOf\":{\"@id\":\"https:\/\/www.toutsurmesfinances.com\/vie-pratique\/#website\"},\"primaryImageOfPage\":{\"@id\":\"https:\/\/www.toutsurmesfinances.com\/vie-pratique\/a\/brevet-des-colleges-dates-et-modalites#primaryimage\"},\"image\":{\"@id\":\"https:\/\/www.toutsurmesfinances.com\/vie-pratique\/a\/brevet-des-colleges-dates-et-modalites#primaryimage\"},\"thumbnailUrl\":\"https:\/\/www.toutsurmesfinances.com\/vie-pratique\/wp-content\/uploads\/sites\/9\/2018\/01\/brevet-des-colleges.jpg\",\"dateModified\":\"2025-03-07T13:22:23+00:00\",\"description\":\"En 2025, les cinq \u00e9preuves \u00e9crites communes du Brevet se d\u00e9roulent sur deux jours : les 26 et 27 juin.\",\"breadcrumb\":{\"@id\":\"https:\/\/www.toutsurmesfinances.com\/vie-pratique\/a\/brevet-des-colleges-dates-et-modalites#breadcrumb\"},\"inLanguage\":\"fr-FR\",\"potentialAction\":[{\"@type\":\"ReadAction\",\"target\":[\"https:\/\/www.toutsurmesfinances.com\/vie-pratique\/a\/brevet-des-colleges-dates-et-modalites\"]}]},{\"@type\":\"ImageObject\",\"inLanguage\":\"fr-FR\",\"@id\":\"https:\/\/www.toutsurmesfinances.com\/vie-pratique\/a\/brevet-des-colleges-dates-et-modalites#primaryimage\",\"url\":\"https:\/\/www.toutsurmesfinances.com\/vie-pratique\/wp-content\/uploads\/sites\/9\/2018\/01\/brevet-des-colleges.jpg\",\"contentUrl\":\"https:\/\/www.toutsurmesfinances.com\/vie-pratique\/wp-content\/uploads\/sites\/9\/2018\/01\/brevet-des-colleges.jpg\",\"width\":823,\"height\":463,\"caption\":\"Le brevet des coll\u00e8ges est compos\u00e9 d&#039;un contr\u00f4le continu et d&#039;un examen final.\"},{\"@type\":\"BreadcrumbList\",\"@id\":\"https:\/\/www.toutsurmesfinances.com\/vie-pratique\/a\/brevet-des-colleges-dates-et-modalites#breadcrumb\",\"itemListElement\":[{\"@type\":\"ListItem\",\"position\":1,\"name\":\"Accueil\",\"item\":\"https:\/\/www.toutsurmesfinances.com\/vie-pratique\/\"},{\"@type\":\"ListItem\",\"position\":2,\"name\":\"Formalit\u00e9s\",\"item\":\"https:\/\/www.toutsurmesfinances.com\/vie-pratique\/c\/formalites\"},{\"@type\":\"ListItem\",\"position\":3,\"name\":\"Brevet des coll\u00e8ges 2025 : dates et modalit\u00e9s\"}]},{\"@type\":\"WebSite\",\"@id\":\"https:\/\/www.toutsurmesfinances.com\/vie-pratique\/#website\",\"url\":\"https:\/\/www.toutsurmesfinances.com\/vie-pratique\/\",\"name\":\"Vie pratique\",\"description\":\"\",\"publisher\":{\"@id\":\"https:\/\/www.toutsurmesfinances.com\/vie-pratique\/#organization\"},\"potentialAction\":[{\"@type\":\"SearchAction\",\"target\":{\"@type\":\"EntryPoint\",\"urlTemplate\":\"https:\/\/www.toutsurmesfinances.com\/vie-pratique\/?s={search_term_string}\"},\"query-input\":{\"@type\":\"PropertyValueSpecification\",\"valueRequired\":true,\"valueName\":\"search_term_string\"}}],\"inLanguage\":\"fr-FR\"},{\"@type\":\"Organization\",\"@id\":\"https:\/\/www.toutsurmesfinances.com\/vie-pratique\/#organization\",\"name\":\"Tout Sur Mes Finances\",\"url\":\"https:\/\/www.toutsurmesfinances.com\/vie-pratique\/\",\"logo\":{\"@type\":\"ImageObject\",\"inLanguage\":\"fr-FR\",\"@id\":\"https:\/\/www.toutsurmesfinances.com\/vie-pratique\/#\/schema\/logo\/image\/\",\"url\":\"https:\/\/www.toutsurmesfinances.com\/vie-pratique\/wp-content\/uploads\/sites\/9\/2021\/01\/favicon.png\",\"contentUrl\":\"https:\/\/www.toutsurmesfinances.com\/vie-pratique\/wp-content\/uploads\/sites\/9\/2021\/01\/favicon.png\",\"width\":512,\"height\":512,\"caption\":\"Tout Sur Mes Finances\"},\"image\":{\"@id\":\"https:\/\/www.toutsurmesfinances.com\/vie-pratique\/#\/schema\/logo\/image\/\"},\"sameAs\":[\"https:\/\/x.com\/Toutsur\"]},{\"@type\":\"Person\",\"@id\":\"https:\/\/www.toutsurmesfinances.com\/vie-pratique\/#\/schema\/person\/3c3eee2dc2da3ef518c8abf33735981b\",\"name\":\"Adeline Lorence\",\"image\":{\"@type\":\"ImageObject\",\"inLanguage\":\"fr-FR\",\"@id\":\"https:\/\/www.toutsurmesfinances.com\/vie-pratique\/#\/schema\/person\/image\/\",\"url\":\"https:\/\/secure.gravatar.com\/avatar\/351b77a4b23cd6ccc633a001c93d4356?s=96&d=mm&r=g\",\"contentUrl\":\"https:\/\/secure.gravatar.com\/avatar\/351b77a4b23cd6ccc633a001c93d4356?s=96&d=mm&r=g\",\"caption\":\"Adeline Lorence\"},\"description\":\"Adeline Lorence est journaliste sp\u00e9cialis\u00e9e dans les th\u00e9matiques sociales. Elle a \u00e9t\u00e9 r\u00e9dactrice chez ToutSurMesFinances de 2014 \u00e0 2018, en traitant principalement des sujets li\u00e9s \u00e0 la retraite, au grand \u00e2ge (EHPAD, aide \u00e0 domicile) et plus largement aux questions sociales.\",\"sameAs\":[\"https:\/\/www.toutsurmesfinances.com\/author\/adeline\",\"https:\/\/www.linkedin.com\/in\/adeline-lorence-cordon-ab1735b6\/\"]}]}<\/script>\n<!-- \/ Yoast SEO plugin. -->","yoast_head_json":{"title":"Brevet des coll\u00e8ges 2025 : dates et modalit\u00e9s","description":"En 2025, les cinq \u00e9preuves \u00e9crites communes du Brevet se d\u00e9roulent sur deux jours : les 26 et 27 juin.","robots":{"index":"index","follow":"follow","max-snippet":"max-snippet:-1","max-image-preview":"max-image-preview:large","max-video-preview":"max-video-preview:-1"},"canonical":"https:\/\/www.toutsurmesfinances.com\/vie-pratique\/a\/brevet-des-colleges-dates-et-modalites","og_locale":"fr_FR","og_type":"article","og_title":"Brevet des coll\u00e8ges 2025 : dates et modalit\u00e9s","og_description":"En 2025, les cinq \u00e9preuves \u00e9crites communes du Brevet se d\u00e9roulent sur deux jours : les 26 et 27 juin.","og_url":"https:\/\/www.toutsurmesfinances.com\/vie-pratique\/a\/brevet-des-colleges-dates-et-modalites","og_site_name":"Vie pratique","article_published_time":"2018-01-29T10:52:43+00:00","article_modified_time":"2025-03-07T13:22:23+00:00","og_image":[{"width":823,"height":463,"url":"https:\/\/www.toutsurmesfinances.com\/vie-pratique\/wp-content\/uploads\/sites\/9\/2018\/01\/brevet-des-colleges.jpg","type":"image\/jpeg"}],"author":"Adeline Lorence","twitter_card":"summary_large_image","twitter_creator":"@Toutsur","twitter_site":"@Toutsur","twitter_misc":{"\u00c9crit par":"Adeline Lorence","Dur\u00e9e de lecture estim\u00e9e":"6 minutes"},"schema":{"@context":"https:\/\/schema.org","@graph":[{"@type":"Article","@id":"https:\/\/www.toutsurmesfinances.com\/vie-pratique\/a\/brevet-des-colleges-dates-et-modalites#article","isPartOf":{"@id":"https:\/\/www.toutsurmesfinances.com\/vie-pratique\/a\/brevet-des-colleges-dates-et-modalites"},"author":{"name":"Adeline Lorence","@id":"https:\/\/www.toutsurmesfinances.com\/vie-pratique\/#\/schema\/person\/3c3eee2dc2da3ef518c8abf33735981b"},"headline":"Brevet des coll\u00e8ges 2025 : dates et modalit\u00e9s","dateModified":"2025-03-07T13:22:23+00:00","mainEntityOfPage":{"@id":"https:\/\/www.toutsurmesfinances.com\/vie-pratique\/a\/brevet-des-colleges-dates-et-modalites"},"wordCount":1282,"publisher":{"@id":"https:\/\/www.toutsurmesfinances.com\/vie-pratique\/#organization"},"image":{"@id":"https:\/\/www.toutsurmesfinances.com\/vie-pratique\/a\/brevet-des-colleges-dates-et-modalites#primaryimage"},"thumbnailUrl":"https:\/\/www.toutsurmesfinances.com\/vie-pratique\/wp-content\/uploads\/sites\/9\/2018\/01\/brevet-des-colleges.jpg","articleSection":["Formalit\u00e9s"],"inLanguage":"fr-FR"},{"@type":"WebPage","@id":"https:\/\/www.toutsurmesfinances.com\/vie-pratique\/a\/brevet-des-colleges-dates-et-modalites","url":"https:\/\/www.toutsurmesfinances.com\/vie-pratique\/a\/brevet-des-colleges-dates-et-modalites","name":"Brevet des coll\u00e8ges 2025 : dates et modalit\u00e9s","isPartOf":{"@id":"https:\/\/www.toutsurmesfinances.com\/vie-pratique\/#website"},"primaryImageOfPage":{"@id":"https:\/\/www.toutsurmesfinances.com\/vie-pratique\/a\/brevet-des-colleges-dates-et-modalites#primaryimage"},"image":{"@id":"https:\/\/www.toutsurmesfinances.com\/vie-pratique\/a\/brevet-des-colleges-dates-et-modalites#primaryimage"},"thumbnailUrl":"https:\/\/www.toutsurmesfinances.com\/vie-pratique\/wp-content\/uploads\/sites\/9\/2018\/01\/brevet-des-colleges.jpg","dateModified":"2025-03-07T13:22:23+00:00","description":"En 2025, les cinq \u00e9preuves \u00e9crites communes du Brevet se d\u00e9roulent sur deux jours : les 26 et 27 juin.","breadcrumb":{"@id":"https:\/\/www.toutsurmesfinances.com\/vie-pratique\/a\/brevet-des-colleges-dates-et-modalites#breadcrumb"},"inLanguage":"fr-FR","potentialAction":[{"@type":"ReadAction","target":["https:\/\/www.toutsurmesfinances.com\/vie-pratique\/a\/brevet-des-colleges-dates-et-modalites"]}]},{"@type":"ImageObject","inLanguage":"fr-FR","@id":"https:\/\/www.toutsurmesfinances.com\/vie-pratique\/a\/brevet-des-colleges-dates-et-modalites#primaryimage","url":"https:\/\/www.toutsurmesfinances.com\/vie-pratique\/wp-content\/uploads\/sites\/9\/2018\/01\/brevet-des-colleges.jpg","contentUrl":"https:\/\/www.toutsurmesfinances.com\/vie-pratique\/wp-content\/uploads\/sites\/9\/2018\/01\/brevet-des-colleges.jpg","width":823,"height":463,"caption":"Le brevet des coll\u00e8ges est compos\u00e9 d&#039;un contr\u00f4le continu et d&#039;un examen final."},{"@type":"BreadcrumbList","@id":"https:\/\/www.toutsurmesfinances.com\/vie-pratique\/a\/brevet-des-colleges-dates-et-modalites#breadcrumb","itemListElement":[{"@type":"ListItem","position":1,"name":"Accueil","item":"https:\/\/www.toutsurmesfinances.com\/vie-pratique\/"},{"@type":"ListItem","position":2,"name":"Formalit\u00e9s","item":"https:\/\/www.toutsurmesfinances.com\/vie-pratique\/c\/formalites"},{"@type":"ListItem","position":3,"name":"Brevet des coll\u00e8ges 2025 : dates et modalit\u00e9s"}]},{"@type":"WebSite","@id":"https:\/\/www.toutsurmesfinances.com\/vie-pratique\/#website","url":"https:\/\/www.toutsurmesfinances.com\/vie-pratique\/","name":"Vie pratique","description":"","publisher":{"@id":"https:\/\/www.toutsurmesfinances.com\/vie-pratique\/#organization"},"potentialAction":[{"@type":"SearchAction","target":{"@type":"EntryPoint","urlTemplate":"https:\/\/www.toutsurmesfinances.com\/vie-pratique\/?s={search_term_string}"},"query-input":{"@type":"PropertyValueSpecification","valueRequired":true,"valueName":"search_term_string"}}],"inLanguage":"fr-FR"},{"@type":"Organization","@id":"https:\/\/www.toutsurmesfinances.com\/vie-pratique\/#organization","name":"Tout Sur Mes Finances","url":"https:\/\/www.toutsurmesfinances.com\/vie-pratique\/","logo":{"@type":"ImageObject","inLanguage":"fr-FR","@id":"https:\/\/www.toutsurmesfinances.com\/vie-pratique\/#\/schema\/logo\/image\/","url":"https:\/\/www.toutsurmesfinances.com\/vie-pratique\/wp-content\/uploads\/sites\/9\/2021\/01\/favicon.png","contentUrl":"https:\/\/www.toutsurmesfinances.com\/vie-pratique\/wp-content\/uploads\/sites\/9\/2021\/01\/favicon.png","width":512,"height":512,"caption":"Tout Sur Mes Finances"},"image":{"@id":"https:\/\/www.toutsurmesfinances.com\/vie-pratique\/#\/schema\/logo\/image\/"},"sameAs":["https:\/\/x.com\/Toutsur"]},{"@type":"Person","@id":"https:\/\/www.toutsurmesfinances.com\/vie-pratique\/#\/schema\/person\/3c3eee2dc2da3ef518c8abf33735981b","name":"Adeline Lorence","image":{"@type":"ImageObject","inLanguage":"fr-FR","@id":"https:\/\/www.toutsurmesfinances.com\/vie-pratique\/#\/schema\/person\/image\/","url":"https:\/\/secure.gravatar.com\/avatar\/351b77a4b23cd6ccc633a001c93d4356?s=96&d=mm&r=g","contentUrl":"https:\/\/secure.gravatar.com\/avatar\/351b77a4b23cd6ccc633a001c93d4356?s=96&d=mm&r=g","caption":"Adeline Lorence"},"description":"Adeline Lorence est journaliste sp\u00e9cialis\u00e9e dans les th\u00e9matiques sociales. Elle a \u00e9t\u00e9 r\u00e9dactrice chez ToutSurMesFinances de 2014 \u00e0 2018, en traitant principalement des sujets li\u00e9s \u00e0 la retraite, au grand \u00e2ge (EHPAD, aide \u00e0 domicile) et plus largement aux questions sociales.","sameAs":["https:\/\/www.toutsurmesfinances.com\/author\/adeline","https:\/\/www.linkedin.com\/in\/adeline-lorence-cordon-ab1735b6\/"]}]}},"_links":{"self":[{"href":"https:\/\/www.toutsurmesfinances.com\/vie-pratique\/wp-json\/wp\/v2\/posts\/283","targetHints":{"allow":["GET"]}}],"collection":[{"href":"https:\/\/www.toutsurmesfinances.com\/vie-pratique\/wp-json\/wp\/v2\/posts"}],"about":[{"href":"https:\/\/www.toutsurmesfinances.com\/vie-pratique\/wp-json\/wp\/v2\/types\/post"}],"author":[{"embeddable":true,"href":"https:\/\/www.toutsurmesfinances.com\/vie-pratique\/wp-json\/wp\/v2\/users\/13714"}],"replies":[{"embeddable":true,"href":"https:\/\/www.toutsurmesfinances.com\/vie-pratique\/wp-json\/wp\/v2\/comments?post=283"}],"version-history":[{"count":3,"href":"https:\/\/www.toutsurmesfinances.com\/vie-pratique\/wp-json\/wp\/v2\/posts\/283\/revisions"}],"predecessor-version":[{"id":11099,"href":"https:\/\/www.toutsurmesfinances.com\/vie-pratique\/wp-json\/wp\/v2\/posts\/283\/revisions\/11099"}],"wp:featuredmedia":[{"embeddable":true,"href":"https:\/\/www.toutsurmesfinances.com\/vie-pratique\/wp-json\/wp\/v2\/media\/282"}],"wp:attachment":[{"href":"https:\/\/www.toutsurmesfinances.com\/vie-pratique\/wp-json\/wp\/v2\/media?parent=283"}],"wp:term":[{"taxonomy":"category","embeddable":true,"href":"https:\/\/www.toutsurmesfinances.com\/vie-pratique\/wp-json\/wp\/v2\/categories?post=283"},{"taxonomy":"post_tag","embeddable":true,"href":"https:\/\/www.toutsurmesfinances.com\/vie-pratique\/wp-json\/wp\/v2\/tags?post=283"}],"curies":[{"name":"wp","href":"https:\/\/api.w.org\/{rel}","templated":true}]}}