{"id":289,"date":"2018-02-16T16:31:16","date_gmt":"2018-02-16T15:31:16","guid":{"rendered":"https:\/\/www.toutsurmesfinances.com\/vie-pratique\/a\/baccalaureat-calendrier-epreuves-et-coefficients-inscription-et-demarches-du-bac"},"modified":"2024-09-17T22:46:10","modified_gmt":"2024-09-17T20:46:10","slug":"baccalaureat-calendrier-epreuves-et-coefficients-inscription-et-demarches-du-bac","status":"publish","type":"post","link":"https:\/\/www.toutsurmesfinances.com\/vie-pratique\/a\/baccalaureat-calendrier-epreuves-et-coefficients-inscription-et-demarches-du-bac","title":{"rendered":"Baccalaur\u00e9at 2025 :  inscription, d\u00e9marches, calendrier et \u00e9preuves du bac"},"content":{"rendered":"<h2><span class=\"ez-toc-section\" id=\"Les_differents_bacs\"><\/span>Les diff\u00e9rents bacs<span class=\"ez-toc-section-end\"><\/span><\/h2>\n<p>Instaur\u00e9 en 1808, le baccalaur\u00e9at constitue, en France, le premier grade universitaire. Plus commun\u00e9ment appel\u00e9 \u00ab bac \u00bb, ce dipl\u00f4me national pr\u00e9sente la particularit\u00e9 de valider la fin des \u00e9tudes secondaires, tout en donnant acc\u00e8s \u00e0 l\u2019enseignement sup\u00e9rieur. L\u2019obtention du bac est en effet obligatoire pour s\u2019inscrire dans la quasi-totalit\u00e9 des formations fran\u00e7aises sup\u00e9rieures.<\/p>\n<p>Il existe trois diff\u00e9rents baccalaur\u00e9ats :<\/p>\n<ol>\n<li><a href=\"https:\/\/www.toutsurmesfinances.com\/vie-pratique\/a\/baccalaureat-calendrier-epreuves-et-coefficients-inscription-et-demarches-du-bac#Le_bac_general\">le bac g\u00e9n\u00e9ral<\/a><\/li>\n<li><a href=\"https:\/\/www.toutsurmesfinances.com\/vie-pratique\/a\/baccalaureat-calendrier-epreuves-et-coefficients-inscription-et-demarches-du-bac#Le_bac_technologique\">le bac technologique<\/a><\/li>\n<li><a href=\"https:\/\/www.toutsurmesfinances.com\/vie-pratique\/a\/baccalaureat-calendrier-epreuves-et-coefficients-inscription-et-demarches-du-bac#Le_bac_professionnel\">le bac professionnel<\/a> ou bac pro.<\/li>\n<\/ol>\n<p>Il n\u2019y a pas d\u2019\u00e2ge limite, ni minimum pour le passer. Pour d\u00e9crocher le bac, il faut obtenir une moyenne g\u00e9n\u00e9rale d\u2019au moins 10\/20. Il n\u2019existe pas de note \u00e9liminatoire, ni de note plancher. Selon les donn\u00e9es de la Direction de l\u2019\u00e9valuation, de la prospective et de la performance (DEPP), un organisme d\u00e9pendant du minist\u00e8re de l\u2019\u00c9ducation nationale, 672.400 jeunes ont obtenu leur bac en 2023. Un taux de r\u00e9ussite de 90,9%, l\u00e9g\u00e8rement inf\u00e9rieur \u00e0 celui de 2022 (91,1%) et surtout de 2021 (93,8%) et de 2020 (95,7%). Le pourcentage particuli\u00e8rement \u00e9lev\u00e9 de 2020 s&rsquo;explique par l&rsquo;annulation des \u00e9preuves \u00e9crites et orales \u00e0 cause du Covid-19. Seule la moyenne des notes de l&rsquo;ann\u00e9e ont \u00e9t\u00e9 prises en compte pour l&rsquo;obtention du bac cette ann\u00e9e-l\u00e0.<\/p>\n<p><span style=\"background-color: transparent\">Toujours d&rsquo;apr\u00e8s la DEPP, 739.500 candidats ont pass\u00e9 le baccalaur\u00e9at en 2023, contre 732.100 en 2022. Le taux de r\u00e9ussite s&rsquo;est \u00e9lev\u00e9 \u00e0 95,7% pour le bac g\u00e9n\u00e9ral, \u00a089,8% pour le bac technologique et 82,7% pour le bac professionnel.<\/span><\/p>\n<h3><span class=\"ez-toc-section\" id=\"Le_bac_de_francais\"><\/span>Le bac de fran\u00e7ais<span class=\"ez-toc-section-end\"><\/span><\/h3>\n<p>Si on parle couramment de \u00ab bac de fran\u00e7ais \u00bb, il n\u2019existe pas, en r\u00e9alit\u00e9, de baccalaur\u00e9at sp\u00e9cifique \u00e0 la langue de Moli\u00e8re. Il s\u2019agit, en fait, d\u2019une \u00e9preuve anticip\u00e9e de fran\u00e7ais (<strong>EAF<\/strong>) \u00e0 l\u2019issue de la classe de premi\u00e8re, qui comprend un examen \u00e0 l\u2019\u00e9crit et un examen \u00e0 l\u2019oral dont les notes sont prises en compte dans la moyenne g\u00e9n\u00e9rale du baccalaur\u00e9at.<\/p>\n<p>L\u2019objectif de l\u2019EAF est d\u2019all\u00e9ger le programme des lyc\u00e9ens en r\u00e9duisant le nombre de mati\u00e8res \u00e0 passer en fin de terminale. L\u2019\u00e9preuve anticip\u00e9e est r\u00e9serv\u00e9e aux fili\u00e8res g\u00e9n\u00e9rales et technologiques. Il n\u2019y a pas d\u2019EAF dans le cadre du bac professionnel.<\/p>\n<p>Par ailleurs, il faut savoir qu\u2019outre le fran\u00e7ais, il existe d\u2019autres \u00e9preuves anticip\u00e9es comme les travaux personnels encadr\u00e9s (<strong>TPE<\/strong>) pr\u00e9sent\u00e9s \u00e0 l\u2019oral. Une \u00e9preuve orale anticip\u00e9e d\u2019histoire-g\u00e9ographie est aussi propos\u00e9e pour les classes de premi\u00e8re des s\u00e9ries technologiques STD2A, STI2D et STL (idem). Tout comme un oral en activit\u00e9s interm\u00e9diaires (<strong>AID<\/strong>) en s\u00e9rie technologique ST2S ou en \u00e9conomie-gestion (EG) en s\u00e9rie technologie STMG (idem).<\/p>\n<h3><span class=\"ez-toc-section\" id=\"Le_bac_general\"><\/span>Le bac g\u00e9n\u00e9ral<span class=\"ez-toc-section-end\"><\/span><\/h3>\n<p>Le baccalaur\u00e9at g\u00e9n\u00e9ral se compose exclusivement de mati\u00e8res d&rsquo;enseignement g\u00e9n\u00e9ral et conduit en priorit\u00e9 \u00e0 des \u00e9tudes sup\u00e9rieures longues (universit\u00e9, \u00e9coles de commerce, \u00e9coles d\u2019ing\u00e9nieurs&#8230;). Depuis 1995, il comportait les trois s\u00e9ries suivantes :<\/p>\n<ul>\n<li>\u00e9conomique et sociale (<strong>ES<\/strong>) avec une dominante dans les sciences \u00e9conomiques et sociales (<strong>SES<\/strong>) ainsi que dans l\u2019histoire, la g\u00e9ographie et les math\u00e9matiques<\/li>\n<li>litt\u00e9raire (<strong style=\"background-color: transparent\">L<\/strong><span style=\"background-color: transparent\">) avec une dominante en fran\u00e7ais et litt\u00e9rature ainsi que dans les langues vivantes (<\/span><strong style=\"background-color: transparent\">LV<\/strong><span style=\"background-color: transparent\">), les arts et la philosophie<\/span><\/li>\n<li>scientifique (<strong style=\"background-color: transparent\">S<\/strong><span style=\"background-color: transparent\">) avec une dominante dans les math\u00e9matiques ainsi qu\u2019en physique, chimie, sciences de la vie et de la terre (<\/span><strong style=\"background-color: transparent\">SVT<\/strong><span style=\"background-color: transparent\">)<\/span><\/li>\n<\/ul>\n<p>Les s\u00e9ries ES, L, et S ont \u00e9t\u00e9 supprim\u00e9es \u00e0 compter de l&rsquo;ann\u00e9e scolaire 2020-2021 dans le cadre de <a href=\"https:\/\/www.toutsurmesfinances.com\/vie-pratique\/a\/reforme-du-bac-2021-ce-qui-va-changer-pour-les-lyceens\" target=\"_blank\" rel=\"noopener noreferrer\">la r\u00e9forme du baccalaur\u00e9at<\/a>. Cette r\u00e9forme pr\u00e9voit que 60% de la moyenne sont d\u00e9sormais issus d\u2019\u00e9preuves \u00e9crites et orales et 40% du contr\u00f4le contenu.<\/p>\n<p>Les candidats passent un \u00e9crit et un oral de fran\u00e7ais en fin de classe de premi\u00e8re. Une \u00e9preuve \u00e9crite de philosophie est obligatoire pour tous les \u00e9l\u00e8ves de terminale rebaptis\u00e9e \u00ab classe de maturit\u00e9 \u00bb. Les candidats doivent choisir, \u00e0 partir de la premi\u00e8re, deux disciplines dites \u00ab de sp\u00e9cialit\u00e9 \u00bb parmi les mati\u00e8res suivantes :<\/p>\n<ul>\n<li>math\u00e9matiques<\/li>\n<li>physique-chimie<\/li>\n<li>sciences de la vie et de la terre (SVT)<\/li>\n<li>langues et litt\u00e9ratures \u00e9trang\u00e8res<\/li>\n<li>sciences \u00e9conomiques et sociales (SES)<\/li>\n<li>sciences de l\u2019ing\u00e9nieur<\/li>\n<li>histoire-g\u00e9ographie<\/li>\n<li>g\u00e9opolitique et sciences politiques<\/li>\n<li>humanit\u00e9s<\/li>\n<li>litt\u00e9rature et philosophie<\/li>\n<li>arts<\/li>\n<li>num\u00e9rique et sciences informatiques.<\/li>\n<\/ul>\n<p>Les deux sp\u00e9cialit\u00e9s choisies donnent lieu, chacune, \u00e0 une \u00e9preuve \u00e9crite. Comme avant la r\u00e9forme, les candidats ont la possibilit\u00e9 d\u2019opter pour une ou deux \u00e9preuves facultatives, \u00e9galement appel\u00e9es \u00ab options \u00bb.<\/p>\n<p>Les lyc\u00e9ens de terminale passent dor\u00e9navant un grand oral de 20 minutes devant un jury compos\u00e9 de trois personnes. Cette \u00e9preuve se d\u00e9roule en deux parties : la pr\u00e9sentation du projet (adoss\u00e9 \u00e0 une ou deux disciplines de sp\u00e9cialit\u00e9 choisies par l&rsquo;\u00e9l\u00e8ve) de 5 minutes et un \u00ab \u00e9change \u00bb de 15 minutes avec le jury \u00e0 partir de ce projet.<\/p>\n<p>Le contr\u00f4le contenu devait \u00eatre compos\u00e9 \u00e0 90% par les notes des \u00e9valuations communes (EC) pass\u00e9es en premi\u00e8re et terminale (avec copies anonymis\u00e9es et correction par d\u2019autres professeurs) et 10% par les notes du bulletin scolaire. Ce sont uniquement les moyennes trimestrielles de premi\u00e8re et de terminale qui sont prises en compte. Une nouvelle mati\u00e8re, l&rsquo;\u00e9ducation morale et civique (EMC), s&rsquo;ajoute aux disciplines de contr\u00f4le continu.<\/p>\n<p>Le nouveau bac g\u00e9n\u00e9ral a \u00e9t\u00e9 mis en place \u00e0 partir de 2021, c\u2019est-\u00e0-dire pour les \u00e9l\u00e8ves entr\u00e9s en classe de seconde \u00e0 compter de la rentr\u00e9e 2018-2019.<\/p>\n<h3><span class=\"ez-toc-section\" id=\"Le_bac_technologique\"><\/span>Le bac technologique<span class=\"ez-toc-section-end\"><\/span><\/h3>\n<p>Le baccalaur\u00e9at technologique associe enseignement g\u00e9n\u00e9ral et technologie. Il se pr\u00e9pare apr\u00e8s la classe de seconde g\u00e9n\u00e9rale, hormis pour les bacs sciences et technologies de l&rsquo;h\u00f4tellerie et de la restauration (STHR) et techniques de la musique et de la danse (TMD) accessibles uniquement \u00e0 partir d\u2019une seconde sp\u00e9cifique. Il existe huit s\u00e9ries de \u00ab bac techno \u00bb :<\/p>\n<ul>\n<li>sciences et technologies du management et de la gestion (<strong>STMG<\/strong>) avec quatre sp\u00e9cialit\u00e9s : Gestion et finance, Mercatique (marketing), Ressources humaines et communication, Syst\u00e8mes d&rsquo;information et de gestion<\/li>\n<li>sciences et technologies du design et des arts appliqu\u00e9s (<strong style=\"background-color: transparent\">STD2A<\/strong><span style=\"background-color: transparent\">) avec une dominante culture g\u00e9n\u00e9rale et artistique ainsi que le d\u00e9veloppement de la cr\u00e9ativit\u00e9 personnelle, la connaissance et la ma\u00eetrise de techniques d&rsquo;expression et d&rsquo;outils technologiques<\/span><\/li>\n<li>sciences et technologies de l&rsquo;industrie et du d\u00e9veloppement durable (<strong style=\"background-color: transparent\">STI2D<\/strong><span style=\"background-color: transparent\">) avec quatre sp\u00e9cialit\u00e9s : Architecture et construction (AC), Energies et environnement (EE), Innovation technologique et \u00e9co-conception (ITEC), Syst\u00e8mes d&rsquo;information et num\u00e9rique (SIN)<\/span><\/li>\n<li>sciences et technologies de laboratoire (<strong style=\"background-color: transparent\">STL<\/strong><span style=\"background-color: transparent\">) avec deux sp\u00e9cialit\u00e9s : Biotechnologies, Sciences physiques et chimiques en laboratoire<\/span><\/li>\n<li>sciences et technologies de la sant\u00e9 et du social (<strong style=\"background-color: transparent\">ST2S<\/strong><span style=\"background-color: transparent\">) avec des dominantes sur la biologie humaine, la connaissance psychologique des individus et des groupes, l&rsquo;\u00e9tude des faits sociaux et des probl\u00e8mes de sant\u00e9, les institutions sanitaires et sociales<\/span><\/li>\n<li>sciences et technologies de l&rsquo;agronomie et du vivant (<strong style=\"background-color: transparent\">STAV<\/strong><span style=\"background-color: transparent\">) avec quatre sp\u00e9cialit\u00e9s : Agronomie, Alimentation, Environnement, Territoires<\/span><\/li>\n<li>technique de la musique et de la danse (<strong style=\"background-color: transparent\">TMD<\/strong><span style=\"background-color: transparent\">) avec deux options : instrument ou danse<\/span><\/li>\n<li>sciences et technologies de l&rsquo;h\u00f4tellerie et de la restauration (<strong style=\"background-color: transparent\">STHR<\/strong><span style=\"background-color: transparent\">) avec des dominantes sur les sciences et technologies des services (STS) et les sciences et technologies culinaires (STC)<\/span><\/li>\n<\/ul>\n<h3><span class=\"ez-toc-section\" id=\"Le_bac_professionnel\"><\/span>Le bac professionnel<span class=\"ez-toc-section-end\"><\/span><\/h3>\n<p>Le baccalaur\u00e9at professionnel se pr\u00e9pare en trois ans, d\u00e8s la classe de seconde. Ce dipl\u00f4me national peut s\u2019obtenir par la voie scolaire \u00ab classique \u00bb (enseignement en lyc\u00e9e professionnel), par l\u2019apprentissage (une partie de la formation effectu\u00e9e en entreprise), par la formation continue professionnelle (pour les salari\u00e9s, les demandeurs d\u2019emploi et les personnes en reconversion), en candidat individuel (\u00e0 condition de justifier d\u2019au moins trois ans d\u2019exp\u00e9riences professionnelles).<\/p>\n<p>Au lieu de passer l\u2019examen, il est possible d\u2019\u00eatre dipl\u00f4m\u00e9 via la validation des acquis de l\u2019exp\u00e9rience (<strong>VAE<\/strong>). Pour acc\u00e9der \u00e0 une VAE, le candidat doit avoir occup\u00e9 pendant au moins un an un poste d\u2019employ\u00e9 ou d\u2019ouvrier qualifi\u00e9 dans un domaine professionnel en rapport avec la sp\u00e9cialit\u00e9 vis\u00e9e. On d\u00e9nombre plus de 90 sp\u00e9cialit\u00e9s en \u00ab bac pro \u00bb.<\/p>\n<h2><span class=\"ez-toc-section\" id=\"Inscription_bac_2025\"><\/span>Inscription bac 2025<span class=\"ez-toc-section-end\"><\/span><\/h2>\n<h3><span class=\"ez-toc-section\" id=\"Dates_dinscription_au_bac_2025\"><\/span>Dates d\u2019inscription au bac 2025<span class=\"ez-toc-section-end\"><\/span><\/h3>\n<p>Les dates d\u2019inscription au baccalaur\u00e9at sont fix\u00e9es par chaque rectorat. Elles ont lieu g\u00e9n\u00e9ralement \u00e0 l\u2019automne (d\u2019octobre \u00e0 mi-d\u00e9cembre 2024 pour le bac 2025). Les lyc\u00e9ens n\u2019ont aucune d\u00e9marche \u00e0 effectuer. C\u2019est leur \u00e9tablissement qui se charge de les inscrire. Il leur est juste demand\u00e9 le moment voulu de fournir :<\/p>\n<ul>\n<li>une copie de l\u2019attestation ou du r\u00e9c\u00e9piss\u00e9 de recensement d\u00e9livr\u00e9 par leur mairie<\/li>\n<li>ou une copie du certificat de participation \u00e0 la journ\u00e9e d\u00e9fense et citoyennet\u00e9 (<strong>JEC<\/strong>).<\/li>\n<\/ul>\n<h3><span class=\"ez-toc-section\" id=\"Dates_dinscription_au_bac_2025_pour_les_candidats_libres\"><\/span>Dates d\u2019inscription au bac 2025 pour les candidats libres<span class=\"ez-toc-section-end\"><\/span><\/h3>\n<p>Les candidats libres doivent s\u2019inscrire directement aupr\u00e8s de la division des examens et concours (<strong>DEC<\/strong>) du rectorat de leur acad\u00e9mie ou, s\u2019ils habitent en Ile-de-France, aupr\u00e8s du Service interacad\u00e9mique des examens et concours (<strong>SIEC<\/strong>) d\u2019Arcueil. Il leur est conseill\u00e9 d\u2019entamer leurs d\u00e9marches d\u00e8s la rentr\u00e9e (septembre 2024 pour le bac 2025).<\/p>\n<h3><span class=\"ez-toc-section\" id=\"Demande_damenagement\"><\/span>Demande d\u2019am\u00e9nagement<span class=\"ez-toc-section-end\"><\/span><\/h3>\n<p>Pour b\u00e9n\u00e9ficier d\u2019un am\u00e9nagement sp\u00e9cifique des conditions d\u2019examen (tiers-temps suppl\u00e9mentaire, \u00e9quipement informatique, assistance d\u2019une personne tierce&#8230;), les candidats souffrant d\u2019un handicap doivent adresser leur demande \u00e0 l\u2019un des m\u00e9decins d\u00e9sign\u00e9s par la Commission des droits et de l\u2019autonomie des personnes handicap\u00e9es (<strong>CDAPH<\/strong>). La requ\u00eate doit \u00eatre r\u00e9alis\u00e9e au plus tard deux mois avant la premi\u00e8re \u00e9preuve via un formulaire de demande d&rsquo;am\u00e9nagement d&rsquo;\u00e9preuves aux examens.<\/p>\n<h2><span class=\"ez-toc-section\" id=\"Convocation_bac_2025\"><\/span>Convocation bac 2025<span class=\"ez-toc-section-end\"><\/span><\/h2>\n<p>Pour les candidats scolaris\u00e9s, ce sont les \u00e9tablissements (le plus souvent, le professeur de fran\u00e7ais pour les \u00e9preuves anticip\u00e9es ou le professeur principal pour les \u00e9preuves de terminale) qui fournissent les convocations au plus tard 15 jours avant le d\u00e9but des examens. Les candidats libres re\u00e7oivent, eux, les documents par courrier \u00e0 l\u2019adresse qu\u2019ils ont renseign\u00e9e.<\/p>\n<p>Le jour J, les candidats doivent se pr\u00e9senter 30 minutes avant l\u2019\u00e9preuve, munis de leur lettre de convocation et d\u2019un justificatif d\u2019identit\u00e9 (carte nationale d\u2019identit\u00e9, passeport, permis de conduire). Il faut pr\u00e9senter le document original (pas de copie).<\/p>\n<p>En cas de perte ou de vol de la pi\u00e8ce d\u2019identit\u00e9, le candidat doit produire une attestation de d\u00e9claration de perte ou de vol effectu\u00e9e aupr\u00e8s d\u2019un commissariat de police. Si le jeune a oubli\u00e9 son justificatif d\u2019identit\u00e9 ou sa convocation, il doit demander \u00e0 voir le chef de l\u2019\u00e9tablissement dans lequel se d\u00e9roule l\u2019examen. G\u00e9n\u00e9ralement, le proviseur autorise la participation du candidat \u00e9tourdi \u00e0 l\u2019examen \u00e0 condition qu\u2019il apporte le document le lendemain.<\/p>\n<h2><span class=\"ez-toc-section\" id=\"Dates_dexamens_bac_2025\"><\/span>Dates d\u2019examens bac 2025<span class=\"ez-toc-section-end\"><\/span><\/h2>\n<h3><span class=\"ez-toc-section\" id=\"Les_dates_du_bac_de_francais\"><\/span>Les dates du bac de fran\u00e7ais<span class=\"ez-toc-section-end\"><\/span><\/h3>\n<ul>\n<li>le 13 juin 2025 : \u00e9preuves \u00e9crites<\/li>\n<li>du 24 juin au 5 juillet 2024 : \u00e9preuves orales<\/li>\n<\/ul>\n<p>Les \u00e9preuves \u00e9crites et orales du bac de fran\u00e7ais ont lieu eu classe de premi\u00e8re.<\/p>\n<h3><span class=\"ez-toc-section\" id=\"Les_dates_du_bac_general\"><\/span>Les dates du bac g\u00e9n\u00e9ral<span class=\"ez-toc-section-end\"><\/span><\/h3>\n<ul>\n<li>le 18 juin 2024 : \u00e9preuve \u00e9crite de philosophie<\/li>\n<li>les 19, 20 et 21 juin 2024 : les \u00e9preuves de sp\u00e9cialit\u00e9<\/li>\n<li>du 24 juin au 3 juillet 2024 : \u00e9preuves du grand oral<\/li>\n<\/ul>\n<h3><span class=\"ez-toc-section\" id=\"Les_dates_du_bac_techno\"><\/span>Les dates du bac techno<span class=\"ez-toc-section-end\"><\/span><\/h3>\n<p>Les \u00e9preuves du bac technologique pour 2024 sont identiques \u00e0 celles du bac g\u00e9n\u00e9ral 2024.<\/p>\n<ul>\n<li>le 18 juin 2024 : \u00e9preuve \u00e9crite de philosophie<\/li>\n<li>les 19, 20 et 21 juin 2024 : les \u00e9preuves de sp\u00e9cialit\u00e9<\/li>\n<li>du 24 juin au 3 juillet 2024 : \u00e9preuves du grand oral<\/li>\n<\/ul>\n<p>Toutes les autres \u00e9preuves de sp\u00e9cialit\u00e9 propres \u00e0 cette section seront \u00e9valu\u00e9es sur la base du contr\u00f4le continu.<\/p>\n<div class=\"td-paragraph-padding-1\">\n<p><strong>\u00c0 savoir :<\/strong> si les fili\u00e8res technologiques n&rsquo;ont pas \u00e9t\u00e9 supprim\u00e9es, le contr\u00f4le continu compte d\u00e9sormais pour 40% de la note finale du bac techno, comme c&rsquo;est le cas pour le nouveau bac g\u00e9n\u00e9ral.<\/p>\n<\/div>\n<h3><span class=\"ez-toc-section\" id=\"Les_dates_des_epreuves_generales_du_bac_pro\"><\/span>Les dates des \u00e9preuves g\u00e9n\u00e9rales du bac pro<span class=\"ez-toc-section-end\"><\/span><\/h3>\n<p>Les \u00e9preuves du bac professionnel ont eu lieu du 13 au 23 juin 2023. Les \u00e9preuves \u00e9crites du domaine g\u00e9n\u00e9ral auront lieu aux dates suivantes :<\/p>\n<ul>\n<li>le 11 juin 2024 : \u00e9preuves \u00e9crites de langue A<\/li>\n<li>le 14 juin 2024 : \u00e9preuves \u00e9crites de langue B<\/li>\n<li>le 18\u00a0juin 2024\u00a0 : \u00e9preuves \u00e9crites de fran\u00e7ais, d\u2019histoire-g\u00e9ographie et d&rsquo;enseignement moral et civique (EMC)<\/li>\n<li>le 19\u00a0juin 2024 : \u00e9preuves \u00e9crites de pr\u00e9vention, sant\u00e9 et environnement et d\u2019\u00e9conomie-droit et d\u2019\u00e9conomie-gestion<\/li>\n<li>le 20 juin 2024 : \u00e9preuves d&rsquo;arts appliqu\u00e9s et de cultures artistiques.<\/li>\n<\/ul>\n<h3><span class=\"ez-toc-section\" id=\"Les_dates_des_epreuves_a_letranger\"><\/span>Les dates des \u00e9preuves \u00e0 l&rsquo;\u00e9tranger<span class=\"ez-toc-section-end\"><\/span><\/h3>\n<p>Outre les territoires m\u00e9tropolitains et d&rsquo;outre-mer, les \u00e9preuves des baccalaur\u00e9ats g\u00e9n\u00e9ral et technologique sont organis\u00e9s dans 93 pays. Les \u00e9preuves se d\u00e9roulent dans 153 centres d\u2019examen ouverts dans les \u00e9tablissements de l\u2019Agence pour l\u2019enseignement fran\u00e7ais \u00e0 l\u2019\u00e9tranger (<strong>AEFE<\/strong>) et de la mission la\u00efque fran\u00e7aise. \u00c0 noter : les dates des \u00e9preuves organis\u00e9es au Maroc sont align\u00e9es sur celles de France m\u00e9tropolitaine.<\/p>\n<h2><span class=\"ez-toc-section\" id=\"Les_matieres_et_coefficients_du_bac_general\"><\/span>Les mati\u00e8res et coefficients du bac g\u00e9n\u00e9ral<span class=\"ez-toc-section-end\"><\/span><\/h2>\n<h3><span class=\"ez-toc-section\" id=\"Le_controle_continu_40_de_la_note_finale\"><\/span>Le contr\u00f4le continu (40% de la note finale)<span class=\"ez-toc-section-end\"><\/span><\/h3>\n<h4><span class=\"ez-toc-section\" id=\"Pour_le_bac_2024\"><\/span>Pour le bac 2024<span class=\"ez-toc-section-end\"><\/span><\/h4>\n<div id=\"tablepress-96-scroll-wrapper\" class=\"tablepress-scroll-wrapper\">\n\n<table id=\"tablepress-96\" class=\"tablepress tablepress-id-96 tablepress-responsive\">\n<thead>\n<tr class=\"row-1 odd\">\n\t<th colspan=\"2\" class=\"column-1\">Coefficients contr\u00f4le continu classe de terminale 2023<\/th>\n<\/tr>\n<\/thead>\n<tfoot>\n<tr class=\"row-9 odd\">\n\t<th colspan=\"2\" class=\"column-1\">Source : minist\u00e8re de l'Education nationale<\/th>\n<\/tr>\n<\/tfoot>\n<tbody class=\"row-hover\">\n<tr class=\"row-2 even\">\n\t<td class=\"column-1\">Histoire-g\u00e9ographie<\/td><td class=\"column-2\">3<\/td>\n<\/tr>\n<tr class=\"row-3 odd\">\n\t<td class=\"column-1\">Enseignement scientifique<\/td><td class=\"column-2\">3<\/td>\n<\/tr>\n<tr class=\"row-4 even\">\n\t<td class=\"column-1\">LVA<\/td><td class=\"column-2\">3<\/td>\n<\/tr>\n<tr class=\"row-5 odd\">\n\t<td class=\"column-1\">LVB<\/td><td class=\"column-2\">3<\/td>\n<\/tr>\n<tr class=\"row-6 even\">\n\t<td class=\"column-1\">EMC<\/td><td class=\"column-2\">1<\/td>\n<\/tr>\n<tr class=\"row-7 odd\">\n\t<td class=\"column-1\">EPS<\/td><td class=\"column-2\">3<\/td>\n<\/tr>\n<tr class=\"row-8 even\">\n\t<td class=\"column-1\">Sp\u00e9cialit\u00e9 1<\/td><td class=\"column-2\">8<\/td>\n<\/tr>\n<\/tbody>\n<\/table>\n\n<\/div><!-- #tablepress-96 from cache -->\n<p>&nbsp;<\/p>\n<div id=\"tablepress-98-scroll-wrapper\" class=\"tablepress-scroll-wrapper\">\n\n<table id=\"tablepress-98\" class=\"tablepress tablepress-id-98 tablepress-responsive\">\n<thead>\n<tr class=\"row-1 odd\">\n\t<th colspan=\"2\" class=\"column-1\">Coefficients contr\u00f4le continu classe terminale 2023<\/th>\n<\/tr>\n<\/thead>\n<tfoot>\n<tr class=\"row-9 odd\">\n\t<th colspan=\"2\" class=\"column-1\">Source : minist\u00e8re de l'Education nationale<\/th>\n<\/tr>\n<\/tfoot>\n<tbody class=\"row-hover\">\n<tr class=\"row-2 even\">\n\t<td class=\"column-1\">Histoire-g\u00e9ographie<\/td><td class=\"column-2\">3<\/td>\n<\/tr>\n<tr class=\"row-3 odd\">\n\t<td class=\"column-1\">Enseignement scientifique<\/td><td class=\"column-2\">3<\/td>\n<\/tr>\n<tr class=\"row-4 even\">\n\t<td class=\"column-1\">Math\u00e9matiques<\/td><td class=\"column-2\">3<\/td>\n<\/tr>\n<tr class=\"row-5 odd\">\n\t<td class=\"column-1\">LVA<\/td><td class=\"column-2\">3<\/td>\n<\/tr>\n<tr class=\"row-6 even\">\n\t<td class=\"column-1\">LVB<\/td><td class=\"column-2\">3<\/td>\n<\/tr>\n<tr class=\"row-7 odd\">\n\t<td class=\"column-1\">EMC<\/td><td class=\"column-2\">1<\/td>\n<\/tr>\n<tr class=\"row-8 even\">\n\t<td class=\"column-1\">EPS<\/td><td class=\"column-2\">3<\/td>\n<\/tr>\n<\/tbody>\n<\/table>\n\n<\/div><!-- #tablepress-98 from cache -->\n<h3><span class=\"ez-toc-section\" id=\"Les_epreuves_ecrites_et_orales_60_de_la_note_finale\"><\/span>Les \u00e9preuves \u00e9crites et orales (60% de la note finale)<span class=\"ez-toc-section-end\"><\/span><\/h3>\n<h4><span class=\"ez-toc-section\" id=\"Pour_le_bac_2024-2\"><\/span>Pour le bac 2024<span class=\"ez-toc-section-end\"><\/span><\/h4>\n<div id=\"tablepress-100-scroll-wrapper\" class=\"tablepress-scroll-wrapper\">\n\n<table id=\"tablepress-100\" class=\"tablepress tablepress-id-100 tablepress-responsive\">\n<thead>\n<tr class=\"row-1 odd\">\n\t<th colspan=\"2\" class=\"column-1\">Coefficients bac de fran\u00e7ais 2023<\/th>\n<\/tr>\n<\/thead>\n<tfoot>\n<tr class=\"row-4 even\">\n\t<th colspan=\"2\" class=\"column-1\">Source : minist\u00e8re de l'Education nationale<\/th>\n<\/tr>\n<\/tfoot>\n<tbody class=\"row-hover\">\n<tr class=\"row-2 even\">\n\t<td class=\"column-1\">Fran\u00e7ais \u00e9crit<\/td><td class=\"column-2\">5<\/td>\n<\/tr>\n<tr class=\"row-3 odd\">\n\t<td class=\"column-1\">Fran\u00e7ais oral<\/td><td class=\"column-2\">5<\/td>\n<\/tr>\n<\/tbody>\n<\/table>\n\n<\/div><!-- #tablepress-100 from cache -->\n<p>&nbsp;<\/p>\n<div id=\"tablepress-102-scroll-wrapper\" class=\"tablepress-scroll-wrapper\">\n\n<table id=\"tablepress-102\" class=\"tablepress tablepress-id-102 tablepress-responsive\">\n<thead>\n<tr class=\"row-1 odd\">\n\t<th colspan=\"2\" class=\"column-1\">Coefficients bac g\u00e9n\u00e9ral 2023<\/th>\n<\/tr>\n<\/thead>\n<tfoot>\n<tr class=\"row-6 even\">\n\t<th colspan=\"2\" class=\"column-1\">Source : minist\u00e8re de l'Education nationale <\/th>\n<\/tr>\n<\/tfoot>\n<tbody class=\"row-hover\">\n<tr class=\"row-2 even\">\n\t<td class=\"column-1\">Sp\u00e9cialit\u00e9 2<\/td><td class=\"column-2\">16<\/td>\n<\/tr>\n<tr class=\"row-3 odd\">\n\t<td class=\"column-1\">Sp\u00e9cialit\u00e9 3<\/td><td class=\"column-2\">16<\/td>\n<\/tr>\n<tr class=\"row-4 even\">\n\t<td class=\"column-1\">Philosophie<\/td><td class=\"column-2\">8<\/td>\n<\/tr>\n<tr class=\"row-5 odd\">\n\t<td class=\"column-1\">Grand oral<\/td><td class=\"column-2\">10<\/td>\n<\/tr>\n<\/tbody>\n<\/table>\n\n<\/div><!-- #tablepress-102 from cache -->\n<h3><span class=\"ez-toc-section\" id=\"Les_epreuves_facultatives\"><\/span>Les \u00e9preuves facultatives<span class=\"ez-toc-section-end\"><\/span><\/h3>\n<p>Comme leur appellation l\u2019indique, les \u00e9preuves facultatives sont optionnelles. Le candidat peut en choisir deux au maximum. Le coefficient est de 1 sachant que seuls les points au-dessus de la moyenne (10\/20) sont comptabilis\u00e9s. Les options propos\u00e9es d\u00e9pendent des \u00e9tablissements. A cause du Covid-19, les \u00e9preuves facultatives ont \u00e9t\u00e9 annul\u00e9es et remplac\u00e9es par la moyenne obtenue en contr\u00f4le continu dans ces mati\u00e8res.<\/p>\n<p>Liste des \u00e9preuves facultatives :<\/p>\n<ul>\n<li>langue vivante C<\/li>\n<li>arts<\/li>\n<li>\u00e9ducation physique et sportive (EPS)<\/li>\n<li>langues et cultures de l\u2019antiquit\u00e9<\/li>\n<li>math\u00e9matiques expertes<\/li>\n<li>math\u00e9matiques compl\u00e9mentaires<\/li>\n<li>droit et grands enjeux du monde contemporain<\/li>\n<\/ul>\n<h2><span class=\"ez-toc-section\" id=\"Les_dates_des_resultats_au_bac_2024\"><\/span>Les dates des r\u00e9sultats au bac 2024<span class=\"ez-toc-section-end\"><\/span><\/h2>\n<p>Les r\u00e9sultats du baccalaur\u00e9at g\u00e9n\u00e9ral, technologique et professionnel ont \u00e9t\u00e9 annonc\u00e9s le<strong> 8 juillet 2024<\/strong>. Les candidats peuvent les consulter, en renseignant leur num\u00e9ro de matricule mentionn\u00e9 sur leur convocation, sur Internet en se connectant au site <a href=\"http:\/\/www.education.gouv.fr\/\" target=\"_blank\" rel=\"nofollow noopener noreferrer\">education.gouv.fr<\/a>.<\/p>\n<p>Toutefois, ce sont les r\u00e9sultats affich\u00e9s dans les centres d\u2019examen et figurant dans le relev\u00e9 de notes envoy\u00e9 par courrier qui font foi.<\/p>\n<h2><span class=\"ez-toc-section\" id=\"Mentions_bac_2024\"><\/span>Mentions bac 2024<span class=\"ez-toc-section-end\"><\/span><\/h2>\n<p>Les mentions \u00ab assez bien \u00bb (<strong>AB<\/strong>), \u00ab bien \u00bb (<strong>B<\/strong>) et \u00ab tr\u00e8s bien \u00bb (<strong>TB<\/strong>) sont attribu\u00e9es, en fonction de la moyenne g\u00e9n\u00e9rale obtenue, uniquement aux candidats ayant r\u00e9ussi le baccalaur\u00e9at au premier groupe d&rsquo;\u00e9preuves. Ceux ayant d\u00e9croch\u00e9 leur bac au second groupe d\u2019\u00e9preuve (ou \u00ab oraux de rattrapage) ne peuvent pas avoir une mention.<\/p>\n<ul>\n<li>Pour obtenir une mention AB, la moyenne doit \u00eatre \u00e9gale ou sup\u00e9rieure \u00e0 12\/20<\/li>\n<li>Pour obtenir une mention B, la moyenne doit \u00eatre \u00e9gale ou sup\u00e9rieure \u00e0 14\/20<\/li>\n<li>Pour obtenir une mention TB, la moyenne doit \u00eatre \u00e9gale ou sup\u00e9rieure \u00e0 16\/20.<\/li>\n<\/ul>\n<h2><span class=\"ez-toc-section\" id=\"Dates_du_rattrapage_bac_2024\"><\/span>Dates du rattrapage bac 2024<span class=\"ez-toc-section-end\"><\/span><\/h2>\n<p>Les candidats ayant obtenu une moyenne comprise entre 8\/20 et 9.99\/20 au bac sont autoris\u00e9s \u00e0 passer les \u00e9preuves orales du second groupe. Ces \u00ab oraux de rattrapage \u00bb auront lieu <strong>entre le 9 et le 11 juillet 2024.<\/strong><\/p>\n","protected":false},"excerpt":{"rendered":"<p>Le baccalaur\u00e9at constitue le s\u00e9same indispensable pour acc\u00e9der aux \u00e9tudes sup\u00e9rieures. En 2024, les \u00e9preuves de sp\u00e9cialit\u00e9 du bac g\u00e9n\u00e9ral auront lieu en juin, et non plus en mars.<\/p>\n","protected":false},"author":13713,"featured_media":10153,"comment_status":"closed","ping_status":"closed","sticky":false,"template":"","format":"standard","meta":{"footnotes":""},"categories":[19],"tags":[],"class_list":["post-289","post","type-post","status-publish","format-standard","has-post-thumbnail","hentry","category-formalites"],"acf":[],"yoast_head":"<!-- This site is optimized with the Yoast SEO plugin v24.9 - https:\/\/yoast.com\/wordpress\/plugins\/seo\/ -->\n<title>Bac 2025 : dates des \u00e9preuves, r\u00e9sultats, rattrapage, d\u00e9marches, r\u00e9forme<\/title>\n<meta name=\"description\" content=\"Le baccalaur\u00e9at constitue le s\u00e9same indispensable pour acc\u00e9der aux \u00e9tudes sup\u00e9rieures. Les informations \u00e0 conna\u00eetre pour la session 2025.\" \/>\n<meta name=\"robots\" content=\"index, follow, max-snippet:-1, max-image-preview:large, max-video-preview:-1\" \/>\n<link rel=\"canonical\" href=\"https:\/\/www.toutsurmesfinances.com\/vie-pratique\/a\/baccalaureat-calendrier-epreuves-et-coefficients-inscription-et-demarches-du-bac\" \/>\n<meta property=\"og:locale\" content=\"fr_FR\" \/>\n<meta property=\"og:type\" content=\"article\" \/>\n<meta property=\"og:title\" content=\"Bac 2025 : dates des \u00e9preuves, r\u00e9sultats, rattrapage, d\u00e9marches, r\u00e9forme\" \/>\n<meta property=\"og:description\" content=\"Le baccalaur\u00e9at constitue le s\u00e9same indispensable pour acc\u00e9der aux \u00e9tudes sup\u00e9rieures. Les informations \u00e0 conna\u00eetre pour la session 2025.\" \/>\n<meta property=\"og:url\" content=\"https:\/\/www.toutsurmesfinances.com\/vie-pratique\/a\/baccalaureat-calendrier-epreuves-et-coefficients-inscription-et-demarches-du-bac\" \/>\n<meta property=\"og:site_name\" content=\"Vie pratique\" \/>\n<meta property=\"article:published_time\" content=\"2018-02-16T15:31:16+00:00\" \/>\n<meta property=\"article:modified_time\" content=\"2024-09-17T20:46:10+00:00\" \/>\n<meta property=\"og:image\" content=\"https:\/\/www.toutsurmesfinances.com\/vie-pratique\/wp-content\/uploads\/sites\/9\/2018\/02\/Bac-examen.jpg\" \/>\n\t<meta property=\"og:image:width\" content=\"823\" \/>\n\t<meta property=\"og:image:height\" content=\"463\" \/>\n\t<meta property=\"og:image:type\" content=\"image\/jpeg\" \/>\n<meta name=\"author\" content=\"Jean-Philippe Dubosc\" \/>\n<meta name=\"twitter:card\" content=\"summary_large_image\" \/>\n<meta name=\"twitter:creator\" content=\"@Toutsur\" \/>\n<meta name=\"twitter:site\" content=\"@Toutsur\" \/>\n<meta name=\"twitter:label1\" content=\"\u00c9crit par\" \/>\n\t<meta name=\"twitter:data1\" content=\"Jean-Philippe Dubosc\" \/>\n\t<meta name=\"twitter:label2\" content=\"Dur\u00e9e de lecture estim\u00e9e\" \/>\n\t<meta name=\"twitter:data2\" content=\"13 minutes\" \/>\n<script type=\"application\/ld+json\" class=\"yoast-schema-graph\">{\"@context\":\"https:\/\/schema.org\",\"@graph\":[{\"@type\":\"Article\",\"@id\":\"https:\/\/www.toutsurmesfinances.com\/vie-pratique\/a\/baccalaureat-calendrier-epreuves-et-coefficients-inscription-et-demarches-du-bac#article\",\"isPartOf\":{\"@id\":\"https:\/\/www.toutsurmesfinances.com\/vie-pratique\/a\/baccalaureat-calendrier-epreuves-et-coefficients-inscription-et-demarches-du-bac\"},\"author\":{\"name\":\"Jean-Philippe Dubosc\",\"@id\":\"https:\/\/www.toutsurmesfinances.com\/vie-pratique\/#\/schema\/person\/addc9e9b3978fa7947ead71bab57694c\"},\"headline\":\"Baccalaur\u00e9at 2025 : inscription, d\u00e9marches, calendrier et \u00e9preuves du bac\",\"dateModified\":\"2024-09-17T20:46:10+00:00\",\"mainEntityOfPage\":{\"@id\":\"https:\/\/www.toutsurmesfinances.com\/vie-pratique\/a\/baccalaureat-calendrier-epreuves-et-coefficients-inscription-et-demarches-du-bac\"},\"wordCount\":2565,\"publisher\":{\"@id\":\"https:\/\/www.toutsurmesfinances.com\/vie-pratique\/#organization\"},\"image\":{\"@id\":\"https:\/\/www.toutsurmesfinances.com\/vie-pratique\/a\/baccalaureat-calendrier-epreuves-et-coefficients-inscription-et-demarches-du-bac#primaryimage\"},\"thumbnailUrl\":\"https:\/\/www.toutsurmesfinances.com\/vie-pratique\/wp-content\/uploads\/sites\/9\/2018\/02\/Bac-examen.jpg\",\"articleSection\":[\"Formalit\u00e9s\"],\"inLanguage\":\"fr-FR\"},{\"@type\":\"WebPage\",\"@id\":\"https:\/\/www.toutsurmesfinances.com\/vie-pratique\/a\/baccalaureat-calendrier-epreuves-et-coefficients-inscription-et-demarches-du-bac\",\"url\":\"https:\/\/www.toutsurmesfinances.com\/vie-pratique\/a\/baccalaureat-calendrier-epreuves-et-coefficients-inscription-et-demarches-du-bac\",\"name\":\"Bac 2025 : dates des \u00e9preuves, r\u00e9sultats, rattrapage, d\u00e9marches, r\u00e9forme\",\"isPartOf\":{\"@id\":\"https:\/\/www.toutsurmesfinances.com\/vie-pratique\/#website\"},\"primaryImageOfPage\":{\"@id\":\"https:\/\/www.toutsurmesfinances.com\/vie-pratique\/a\/baccalaureat-calendrier-epreuves-et-coefficients-inscription-et-demarches-du-bac#primaryimage\"},\"image\":{\"@id\":\"https:\/\/www.toutsurmesfinances.com\/vie-pratique\/a\/baccalaureat-calendrier-epreuves-et-coefficients-inscription-et-demarches-du-bac#primaryimage\"},\"thumbnailUrl\":\"https:\/\/www.toutsurmesfinances.com\/vie-pratique\/wp-content\/uploads\/sites\/9\/2018\/02\/Bac-examen.jpg\",\"dateModified\":\"2024-09-17T20:46:10+00:00\",\"description\":\"Le baccalaur\u00e9at constitue le s\u00e9same indispensable pour acc\u00e9der aux \u00e9tudes sup\u00e9rieures. Les informations \u00e0 conna\u00eetre pour la session 2025.\",\"breadcrumb\":{\"@id\":\"https:\/\/www.toutsurmesfinances.com\/vie-pratique\/a\/baccalaureat-calendrier-epreuves-et-coefficients-inscription-et-demarches-du-bac#breadcrumb\"},\"inLanguage\":\"fr-FR\",\"potentialAction\":[{\"@type\":\"ReadAction\",\"target\":[\"https:\/\/www.toutsurmesfinances.com\/vie-pratique\/a\/baccalaureat-calendrier-epreuves-et-coefficients-inscription-et-demarches-du-bac\"]}]},{\"@type\":\"ImageObject\",\"inLanguage\":\"fr-FR\",\"@id\":\"https:\/\/www.toutsurmesfinances.com\/vie-pratique\/a\/baccalaureat-calendrier-epreuves-et-coefficients-inscription-et-demarches-du-bac#primaryimage\",\"url\":\"https:\/\/www.toutsurmesfinances.com\/vie-pratique\/wp-content\/uploads\/sites\/9\/2018\/02\/Bac-examen.jpg\",\"contentUrl\":\"https:\/\/www.toutsurmesfinances.com\/vie-pratique\/wp-content\/uploads\/sites\/9\/2018\/02\/Bac-examen.jpg\",\"width\":823,\"height\":463,\"caption\":\"Good-looking male student writing an exam\"},{\"@type\":\"BreadcrumbList\",\"@id\":\"https:\/\/www.toutsurmesfinances.com\/vie-pratique\/a\/baccalaureat-calendrier-epreuves-et-coefficients-inscription-et-demarches-du-bac#breadcrumb\",\"itemListElement\":[{\"@type\":\"ListItem\",\"position\":1,\"name\":\"Accueil\",\"item\":\"https:\/\/www.toutsurmesfinances.com\/vie-pratique\/\"},{\"@type\":\"ListItem\",\"position\":2,\"name\":\"Formalit\u00e9s\",\"item\":\"https:\/\/www.toutsurmesfinances.com\/vie-pratique\/c\/formalites\"},{\"@type\":\"ListItem\",\"position\":3,\"name\":\"Baccalaur\u00e9at 2025 : inscription, d\u00e9marches, calendrier et \u00e9preuves du bac\"}]},{\"@type\":\"WebSite\",\"@id\":\"https:\/\/www.toutsurmesfinances.com\/vie-pratique\/#website\",\"url\":\"https:\/\/www.toutsurmesfinances.com\/vie-pratique\/\",\"name\":\"Vie pratique\",\"description\":\"\",\"publisher\":{\"@id\":\"https:\/\/www.toutsurmesfinances.com\/vie-pratique\/#organization\"},\"potentialAction\":[{\"@type\":\"SearchAction\",\"target\":{\"@type\":\"EntryPoint\",\"urlTemplate\":\"https:\/\/www.toutsurmesfinances.com\/vie-pratique\/?s={search_term_string}\"},\"query-input\":{\"@type\":\"PropertyValueSpecification\",\"valueRequired\":true,\"valueName\":\"search_term_string\"}}],\"inLanguage\":\"fr-FR\"},{\"@type\":\"Organization\",\"@id\":\"https:\/\/www.toutsurmesfinances.com\/vie-pratique\/#organization\",\"name\":\"Tout Sur Mes Finances\",\"url\":\"https:\/\/www.toutsurmesfinances.com\/vie-pratique\/\",\"logo\":{\"@type\":\"ImageObject\",\"inLanguage\":\"fr-FR\",\"@id\":\"https:\/\/www.toutsurmesfinances.com\/vie-pratique\/#\/schema\/logo\/image\/\",\"url\":\"https:\/\/www.toutsurmesfinances.com\/vie-pratique\/wp-content\/uploads\/sites\/9\/2021\/01\/favicon.png\",\"contentUrl\":\"https:\/\/www.toutsurmesfinances.com\/vie-pratique\/wp-content\/uploads\/sites\/9\/2021\/01\/favicon.png\",\"width\":512,\"height\":512,\"caption\":\"Tout Sur Mes Finances\"},\"image\":{\"@id\":\"https:\/\/www.toutsurmesfinances.com\/vie-pratique\/#\/schema\/logo\/image\/\"},\"sameAs\":[\"https:\/\/x.com\/Toutsur\"]},{\"@type\":\"Person\",\"@id\":\"https:\/\/www.toutsurmesfinances.com\/vie-pratique\/#\/schema\/person\/addc9e9b3978fa7947ead71bab57694c\",\"name\":\"Jean-Philippe Dubosc\",\"image\":{\"@type\":\"ImageObject\",\"inLanguage\":\"fr-FR\",\"@id\":\"https:\/\/www.toutsurmesfinances.com\/vie-pratique\/#\/schema\/person\/image\/\",\"url\":\"https:\/\/secure.gravatar.com\/avatar\/a3cba30cdda1afe79f6ebffc6e952291?s=96&d=mm&r=g\",\"contentUrl\":\"https:\/\/secure.gravatar.com\/avatar\/a3cba30cdda1afe79f6ebffc6e952291?s=96&d=mm&r=g\",\"caption\":\"Jean-Philippe Dubosc\"},\"description\":\"Jean-Philippe Dubosc est r\u00e9dacteur en chef de ToutSurMesFinances.com et sp\u00e9cialiste des questions de retraite obligatoire et d\u2019\u00e9pargne. Pr\u00e9sent au sein du m\u00e9dia depuis plus de 13 ans, il analyse les r\u00e9formes, les dispositifs r\u00e9glementaires et les strat\u00e9gies de d\u00e9part \u00e0 la retraite, avec une approche fond\u00e9e sur une lecture rigoureuse des textes et une connaissance approfondie des diff\u00e9rents r\u00e9gimes de retraite.\",\"sameAs\":[\"https:\/\/www.toutsurmesfinances.com\/author\/jpdubosc\",\"https:\/\/fr.linkedin.com\/in\/jpdubosc\"]}]}<\/script>\n<!-- \/ Yoast SEO plugin. -->","yoast_head_json":{"title":"Bac 2025 : dates des \u00e9preuves, r\u00e9sultats, rattrapage, d\u00e9marches, r\u00e9forme","description":"Le baccalaur\u00e9at constitue le s\u00e9same indispensable pour acc\u00e9der aux \u00e9tudes sup\u00e9rieures. Les informations \u00e0 conna\u00eetre pour la session 2025.","robots":{"index":"index","follow":"follow","max-snippet":"max-snippet:-1","max-image-preview":"max-image-preview:large","max-video-preview":"max-video-preview:-1"},"canonical":"https:\/\/www.toutsurmesfinances.com\/vie-pratique\/a\/baccalaureat-calendrier-epreuves-et-coefficients-inscription-et-demarches-du-bac","og_locale":"fr_FR","og_type":"article","og_title":"Bac 2025 : dates des \u00e9preuves, r\u00e9sultats, rattrapage, d\u00e9marches, r\u00e9forme","og_description":"Le baccalaur\u00e9at constitue le s\u00e9same indispensable pour acc\u00e9der aux \u00e9tudes sup\u00e9rieures. Les informations \u00e0 conna\u00eetre pour la session 2025.","og_url":"https:\/\/www.toutsurmesfinances.com\/vie-pratique\/a\/baccalaureat-calendrier-epreuves-et-coefficients-inscription-et-demarches-du-bac","og_site_name":"Vie pratique","article_published_time":"2018-02-16T15:31:16+00:00","article_modified_time":"2024-09-17T20:46:10+00:00","og_image":[{"width":823,"height":463,"url":"https:\/\/www.toutsurmesfinances.com\/vie-pratique\/wp-content\/uploads\/sites\/9\/2018\/02\/Bac-examen.jpg","type":"image\/jpeg"}],"author":"Jean-Philippe Dubosc","twitter_card":"summary_large_image","twitter_creator":"@Toutsur","twitter_site":"@Toutsur","twitter_misc":{"\u00c9crit par":"Jean-Philippe Dubosc","Dur\u00e9e de lecture estim\u00e9e":"13 minutes"},"schema":{"@context":"https:\/\/schema.org","@graph":[{"@type":"Article","@id":"https:\/\/www.toutsurmesfinances.com\/vie-pratique\/a\/baccalaureat-calendrier-epreuves-et-coefficients-inscription-et-demarches-du-bac#article","isPartOf":{"@id":"https:\/\/www.toutsurmesfinances.com\/vie-pratique\/a\/baccalaureat-calendrier-epreuves-et-coefficients-inscription-et-demarches-du-bac"},"author":{"name":"Jean-Philippe Dubosc","@id":"https:\/\/www.toutsurmesfinances.com\/vie-pratique\/#\/schema\/person\/addc9e9b3978fa7947ead71bab57694c"},"headline":"Baccalaur\u00e9at 2025 : inscription, d\u00e9marches, calendrier et \u00e9preuves du bac","dateModified":"2024-09-17T20:46:10+00:00","mainEntityOfPage":{"@id":"https:\/\/www.toutsurmesfinances.com\/vie-pratique\/a\/baccalaureat-calendrier-epreuves-et-coefficients-inscription-et-demarches-du-bac"},"wordCount":2565,"publisher":{"@id":"https:\/\/www.toutsurmesfinances.com\/vie-pratique\/#organization"},"image":{"@id":"https:\/\/www.toutsurmesfinances.com\/vie-pratique\/a\/baccalaureat-calendrier-epreuves-et-coefficients-inscription-et-demarches-du-bac#primaryimage"},"thumbnailUrl":"https:\/\/www.toutsurmesfinances.com\/vie-pratique\/wp-content\/uploads\/sites\/9\/2018\/02\/Bac-examen.jpg","articleSection":["Formalit\u00e9s"],"inLanguage":"fr-FR"},{"@type":"WebPage","@id":"https:\/\/www.toutsurmesfinances.com\/vie-pratique\/a\/baccalaureat-calendrier-epreuves-et-coefficients-inscription-et-demarches-du-bac","url":"https:\/\/www.toutsurmesfinances.com\/vie-pratique\/a\/baccalaureat-calendrier-epreuves-et-coefficients-inscription-et-demarches-du-bac","name":"Bac 2025 : dates des \u00e9preuves, r\u00e9sultats, rattrapage, d\u00e9marches, r\u00e9forme","isPartOf":{"@id":"https:\/\/www.toutsurmesfinances.com\/vie-pratique\/#website"},"primaryImageOfPage":{"@id":"https:\/\/www.toutsurmesfinances.com\/vie-pratique\/a\/baccalaureat-calendrier-epreuves-et-coefficients-inscription-et-demarches-du-bac#primaryimage"},"image":{"@id":"https:\/\/www.toutsurmesfinances.com\/vie-pratique\/a\/baccalaureat-calendrier-epreuves-et-coefficients-inscription-et-demarches-du-bac#primaryimage"},"thumbnailUrl":"https:\/\/www.toutsurmesfinances.com\/vie-pratique\/wp-content\/uploads\/sites\/9\/2018\/02\/Bac-examen.jpg","dateModified":"2024-09-17T20:46:10+00:00","description":"Le baccalaur\u00e9at constitue le s\u00e9same indispensable pour acc\u00e9der aux \u00e9tudes sup\u00e9rieures. Les informations \u00e0 conna\u00eetre pour la session 2025.","breadcrumb":{"@id":"https:\/\/www.toutsurmesfinances.com\/vie-pratique\/a\/baccalaureat-calendrier-epreuves-et-coefficients-inscription-et-demarches-du-bac#breadcrumb"},"inLanguage":"fr-FR","potentialAction":[{"@type":"ReadAction","target":["https:\/\/www.toutsurmesfinances.com\/vie-pratique\/a\/baccalaureat-calendrier-epreuves-et-coefficients-inscription-et-demarches-du-bac"]}]},{"@type":"ImageObject","inLanguage":"fr-FR","@id":"https:\/\/www.toutsurmesfinances.com\/vie-pratique\/a\/baccalaureat-calendrier-epreuves-et-coefficients-inscription-et-demarches-du-bac#primaryimage","url":"https:\/\/www.toutsurmesfinances.com\/vie-pratique\/wp-content\/uploads\/sites\/9\/2018\/02\/Bac-examen.jpg","contentUrl":"https:\/\/www.toutsurmesfinances.com\/vie-pratique\/wp-content\/uploads\/sites\/9\/2018\/02\/Bac-examen.jpg","width":823,"height":463,"caption":"Good-looking male student writing an exam"},{"@type":"BreadcrumbList","@id":"https:\/\/www.toutsurmesfinances.com\/vie-pratique\/a\/baccalaureat-calendrier-epreuves-et-coefficients-inscription-et-demarches-du-bac#breadcrumb","itemListElement":[{"@type":"ListItem","position":1,"name":"Accueil","item":"https:\/\/www.toutsurmesfinances.com\/vie-pratique\/"},{"@type":"ListItem","position":2,"name":"Formalit\u00e9s","item":"https:\/\/www.toutsurmesfinances.com\/vie-pratique\/c\/formalites"},{"@type":"ListItem","position":3,"name":"Baccalaur\u00e9at 2025 : inscription, d\u00e9marches, calendrier et \u00e9preuves du bac"}]},{"@type":"WebSite","@id":"https:\/\/www.toutsurmesfinances.com\/vie-pratique\/#website","url":"https:\/\/www.toutsurmesfinances.com\/vie-pratique\/","name":"Vie pratique","description":"","publisher":{"@id":"https:\/\/www.toutsurmesfinances.com\/vie-pratique\/#organization"},"potentialAction":[{"@type":"SearchAction","target":{"@type":"EntryPoint","urlTemplate":"https:\/\/www.toutsurmesfinances.com\/vie-pratique\/?s={search_term_string}"},"query-input":{"@type":"PropertyValueSpecification","valueRequired":true,"valueName":"search_term_string"}}],"inLanguage":"fr-FR"},{"@type":"Organization","@id":"https:\/\/www.toutsurmesfinances.com\/vie-pratique\/#organization","name":"Tout Sur Mes Finances","url":"https:\/\/www.toutsurmesfinances.com\/vie-pratique\/","logo":{"@type":"ImageObject","inLanguage":"fr-FR","@id":"https:\/\/www.toutsurmesfinances.com\/vie-pratique\/#\/schema\/logo\/image\/","url":"https:\/\/www.toutsurmesfinances.com\/vie-pratique\/wp-content\/uploads\/sites\/9\/2021\/01\/favicon.png","contentUrl":"https:\/\/www.toutsurmesfinances.com\/vie-pratique\/wp-content\/uploads\/sites\/9\/2021\/01\/favicon.png","width":512,"height":512,"caption":"Tout Sur Mes Finances"},"image":{"@id":"https:\/\/www.toutsurmesfinances.com\/vie-pratique\/#\/schema\/logo\/image\/"},"sameAs":["https:\/\/x.com\/Toutsur"]},{"@type":"Person","@id":"https:\/\/www.toutsurmesfinances.com\/vie-pratique\/#\/schema\/person\/addc9e9b3978fa7947ead71bab57694c","name":"Jean-Philippe Dubosc","image":{"@type":"ImageObject","inLanguage":"fr-FR","@id":"https:\/\/www.toutsurmesfinances.com\/vie-pratique\/#\/schema\/person\/image\/","url":"https:\/\/secure.gravatar.com\/avatar\/a3cba30cdda1afe79f6ebffc6e952291?s=96&d=mm&r=g","contentUrl":"https:\/\/secure.gravatar.com\/avatar\/a3cba30cdda1afe79f6ebffc6e952291?s=96&d=mm&r=g","caption":"Jean-Philippe Dubosc"},"description":"Jean-Philippe Dubosc est r\u00e9dacteur en chef de ToutSurMesFinances.com et sp\u00e9cialiste des questions de retraite obligatoire et d\u2019\u00e9pargne. Pr\u00e9sent au sein du m\u00e9dia depuis plus de 13 ans, il analyse les r\u00e9formes, les dispositifs r\u00e9glementaires et les strat\u00e9gies de d\u00e9part \u00e0 la retraite, avec une approche fond\u00e9e sur une lecture rigoureuse des textes et une connaissance approfondie des diff\u00e9rents r\u00e9gimes de retraite.","sameAs":["https:\/\/www.toutsurmesfinances.com\/author\/jpdubosc","https:\/\/fr.linkedin.com\/in\/jpdubosc"]}]}},"_links":{"self":[{"href":"https:\/\/www.toutsurmesfinances.com\/vie-pratique\/wp-json\/wp\/v2\/posts\/289","targetHints":{"allow":["GET"]}}],"collection":[{"href":"https:\/\/www.toutsurmesfinances.com\/vie-pratique\/wp-json\/wp\/v2\/posts"}],"about":[{"href":"https:\/\/www.toutsurmesfinances.com\/vie-pratique\/wp-json\/wp\/v2\/types\/post"}],"author":[{"embeddable":true,"href":"https:\/\/www.toutsurmesfinances.com\/vie-pratique\/wp-json\/wp\/v2\/users\/13713"}],"replies":[{"embeddable":true,"href":"https:\/\/www.toutsurmesfinances.com\/vie-pratique\/wp-json\/wp\/v2\/comments?post=289"}],"version-history":[{"count":5,"href":"https:\/\/www.toutsurmesfinances.com\/vie-pratique\/wp-json\/wp\/v2\/posts\/289\/revisions"}],"predecessor-version":[{"id":10941,"href":"https:\/\/www.toutsurmesfinances.com\/vie-pratique\/wp-json\/wp\/v2\/posts\/289\/revisions\/10941"}],"wp:featuredmedia":[{"embeddable":true,"href":"https:\/\/www.toutsurmesfinances.com\/vie-pratique\/wp-json\/wp\/v2\/media\/10153"}],"wp:attachment":[{"href":"https:\/\/www.toutsurmesfinances.com\/vie-pratique\/wp-json\/wp\/v2\/media?parent=289"}],"wp:term":[{"taxonomy":"category","embeddable":true,"href":"https:\/\/www.toutsurmesfinances.com\/vie-pratique\/wp-json\/wp\/v2\/categories?post=289"},{"taxonomy":"post_tag","embeddable":true,"href":"https:\/\/www.toutsurmesfinances.com\/vie-pratique\/wp-json\/wp\/v2\/tags?post=289"}],"curies":[{"name":"wp","href":"https:\/\/api.w.org\/{rel}","templated":true}]}}