{"id":301,"date":"2018-05-28T10:36:32","date_gmt":"2018-05-28T08:36:32","guid":{"rendered":"https:\/\/www.toutsurmesfinances.com\/vie-pratique\/a\/dates-d-ouverture-et-de-fermeture-de-la-peche-reglementation"},"modified":"2026-03-12T12:00:55","modified_gmt":"2026-03-12T11:00:55","slug":"dates-d-ouverture-et-de-fermeture-de-la-peche-reglementation","status":"publish","type":"post","link":"https:\/\/www.toutsurmesfinances.com\/vie-pratique\/a\/dates-d-ouverture-et-de-fermeture-de-la-peche-reglementation","title":{"rendered":"P\u00eache 2026 : le calendrier et les r\u00e8gles \u00e0 conna\u00eetre"},"content":{"rendered":"<h2><span class=\"ez-toc-section\" id=\"Dates_douverture_et_de_fermeture_de_la_peche_2026\"><\/span>Dates d\u2019ouverture et de fermeture de la p\u00eache 2026<span class=\"ez-toc-section-end\"><\/span><\/h2>\n<p>Les dates d\u2019ouverture et de fermeture sont fix\u00e9es par le pr\u00e9fet. Plusieurs crit\u00e8res d\u00e9terminent ces dates :<\/p>\n<ul>\n<li>la nature des cours d\u2019eau<\/li>\n<li>les cat\u00e9gories de poissons<\/li>\n<li>les particularit\u00e9s locales<\/li>\n<\/ul>\n<h3><span class=\"ez-toc-section\" id=\"Dates_pour_la_peche_en_cours_deau_de_1ere_categorie\"><\/span>Dates pour la p\u00eache en cours d\u2019eau de 1<sup>\u00e8re<\/sup> cat\u00e9gorie<span class=\"ez-toc-section-end\"><\/span><\/h3>\n<p>En 2026, le calendrier de p\u00eache est ainsi fix\u00e9 dans les cours d\u2019eau de premi\u00e8re cat\u00e9gorie (rivi\u00e8res, plans d&rsquo;eau et lacs) :<\/p>\n<ul>\n<li><strong>Ouverture :<\/strong> samedi 14 mars 2026 ;<\/li>\n<li><strong>Fermeture : <\/strong>dimanche 20 septembre 2026.<\/li>\n<\/ul>\n<p>Ces dates concernent notamment la truite fario, l\u2019ombre commun et la plupart des esp\u00e8ces pr\u00e9sentes dans ces cours d\u2019eau. La p\u00eache au brochet dans les eaux de 1<sup>\u00e8re<\/sup> cat\u00e9gorie ne sera autoris\u00e9e qu\u2019\u00e0 compter du vendredi 24 avril 2026. Tout brochet captur\u00e9 entre le 14 mars et le 24 avril 2025 doit imp\u00e9rativement \u00eatre remis \u00e0 l\u2019eau.<\/p>\n<p>En g\u00e9n\u00e9ral, l\u2019ouverture est fix\u00e9e le deuxi\u00e8me samedi de mars et la fermeture le troisi\u00e8me dimanche de septembre. Ces dates d\u2019ouverture et de fermetures sont nationales, sous r\u00e9serve d&rsquo;adaptations locales par arr\u00eat\u00e9 pr\u00e9fectoral.<\/p>\n<h3><span class=\"ez-toc-section\" id=\"Dates_pour_la_peche_en_cours_deau_de_2eme_categorie\"><\/span>Dates pour la p\u00eache en cours d\u2019eau de 2<sup>\u00e8me<\/sup> cat\u00e9gorie<span class=\"ez-toc-section-end\"><\/span><\/h3>\n<p>Dans les cours d\u2019eau de 2<sup>\u00e8me<\/sup>cat\u00e9gorie (canaux, plans d\u2019eaux n\u2019appartenant pas \u00e0 la 1<sup>\u00e8re<\/sup>\u00a0cat\u00e9gorie), la p\u00eache est en principe ouverte toute l\u2019ann\u00e9e.<strong><br \/>\n<\/strong><\/p>\n<p>Toutefois, des restrictions s\u2019appliquent selon les esp\u00e8ces. Le calendrier 2026 est ainsi fix\u00e9\u00a0:<\/p>\n<ul>\n<li><strong>P\u00eache de l\u2019ombre commun : <\/strong>du 3<sup>\u00e8me<\/sup>\u00a0samedi de mai (16 mai 2026) au jeudi 31 d\u00e9cembre 2026, inclus ;<\/li>\n<li><strong>p\u00eache des salmonid\u00e9s (truite fario, omble, omble chevalier, cristivomer, truite arc-en-ciel dans les cours d\u2019eau class\u00e9s) : <\/strong>du 2<sup>\u00e8me<\/sup> samedi de mars (14 mars 2026) au 3<sup>\u00e8me<\/sup> dimanche de septembre (20 septembre 2026). Ce calendrier est identique \u00e0 celui pour la p\u00eache dans les cours d\u2019eau de 1\u00e8re cat\u00e9gorie ;<\/li>\n<li><strong>p\u00eache au brochet : <\/strong>du premier jour de janvier (jeudi 1<sup>er<\/sup> janvier 2026) au dernier dimanche de janvier (25 janvier 2026), puis du dernier samedi d\u2019avril (25 avril 2026) au dernier jour de l\u2019ann\u00e9e (jeudi 31 d\u00e9cembre 2026), inclus.<\/li>\n<\/ul>\n<p>Les dates peuvent \u00eatre modifi\u00e9es localement par le pr\u00e9fet, qui peut restreindre les p\u00e9riodes ou interdire certaines techniques.<\/p>\n<p style=\"background-color: #e5e5e5\"><strong>\u00c0 SAVOIR :<\/strong> pendant la p\u00e9riode de fermeture de la p\u00eache au brochet (entre le 26 janvier et le 24 avril 2026, cette ann\u00e9e), tout mode de p\u00eache susceptible de capturer un brochet de mani\u00e8re non accidentelle est interdit &#8211; leurres souples imitant des poissons, cuill\u00e8res, streamers, poissons nageurs, p\u00eache au vif ou au mort. Seule la p\u00eache au ver pos\u00e9 reste autoris\u00e9e.<\/p>\n<h3><span class=\"ez-toc-section\" id=\"Dates_pour_la_peche_des_carnassiers\"><\/span>Dates pour la p\u00eache des carnassiers<span class=\"ez-toc-section-end\"><\/span><\/h3>\n<p>En 2026, les poissons carnassiers (<span style=\"background-color: transparent;letter-spacing: 0em\">brochet, <\/span><span style=\"background-color: transparent;letter-spacing: 0em\">sandre, <\/span><span style=\"background-color: transparent;letter-spacing: 0em\">black-bass, <\/span><span style=\"background-color: transparent;letter-spacing: 0em\">perche)\u00a0<\/span>sont soumis \u00e0 des p\u00e9riodes de fermeture pour prot\u00e9ger leur reproduction.<\/p>\n<p><strong>Calendrier de p\u00eache du brochet\u00a0:<\/strong><\/p>\n<p>La r\u00e9glementation, adopt\u00e9e via le d\u00e9cret du 23 avril 2019, fixe les dates d\u2019autorisation de p\u00eache du brochet comme suit :<\/p>\n<ul>\n<li>\u00a0<strong>cours d\u2019eau de 1<sup>\u00e8re<\/sup>\u00a0cat\u00e9gorie :\u00a0<\/strong>du dernier samedi d\u2019avril (25 avril 2026) au 3<sup>\u00e8me<\/sup> dimanche de septembre (20 septembre 2026)<br \/>\n<strong>ATTENTION :<\/strong>\u00a0tout brochet p\u00each\u00e9 entre le 2<sup>\u00e8me<\/sup>\u00a0samedi de mars (14 mars 2026) et le dernier vendredi d\u2019avril (24 avril 2026) doit obligatoirement \u00eatre remis \u00e0 l\u2019eau<\/li>\n<li><strong>cours d\u2019eau de 2\u00e8me cat\u00e9gorie :<\/strong>du 1<sup>er<\/sup> janvier au dernier dimanche de janvier (26 janvier 2026), puis du dernier samedi du mois d\u2019avril (25 avril 2026) au 31 d\u00e9cembre de l\u2019ann\u00e9e en cours, inclus.<\/li>\n<\/ul>\n<p>Pour \u00e9viter de d\u00e9ranger les brochets pendant la p\u00e9riode de reproduction, toutes techniques de p\u00eache susceptibles de capturer un brochet non accidentellement est interdite durant la p\u00e9riode de fermeture de la p\u00eache (c\u2019est constitutif d\u2019une infraction p\u00e9nale).<\/p>\n<p>Quelle que soit la nature du cours d\u2019eau (1<sup>\u00e8re<\/sup>\u00a0cat\u00e9gorie et\u00a02<sup>\u00e8me<\/sup> cat\u00e9gorie), les brochets p\u00each\u00e9s durant la p\u00e9riode autoris\u00e9e doivent forc\u00e9ment afficher une taille minimum de 50 centim\u00e8tres. Quant au quota, il est fix\u00e9 \u00e0 deux brochets maximum par jour et par p\u00eacheur dans les eaux.<\/p>\n<p><strong>Calendrier de p\u00eache du sandre\u00a0(cours d\u2019eau de 2<sup>\u00e8me<\/sup> cat\u00e9gorie) :\u00a0<\/strong><\/p>\n<p>Ouverture du jeudi 1<sup>er<\/sup> janvier 2026 au samedi 31 janvier 2026, puis du samedi 25 avril 2026 au jeudi 31 d\u00e9cembre 2026.<\/p>\n<p><strong>Calendrier de p\u00eache du black-bass (cours d\u2019eau de 2<sup>\u00e8me<\/sup> cat\u00e9gorie) :<\/strong><\/p>\n<p>Ouverture du jeudi 1<sup>er<\/sup>\u00a0janvier 2026 au vendredi 24 avril 2026, puis\u00a0du mercredi 1<sup>er<\/sup> juillet 2026 au jeudi 31 d\u00e9cembre 2026.<\/p>\n<p><strong>Calendrier de p\u00eache du perche :<\/strong><\/p>\n<p>Ouverture\u00a0du jeudi 1<sup>er<\/sup> janvier 2026 au dimanche 25 janvier 2026, puis\u00a0du samedi 25 avril 2026 au jeudi 31 d\u00e9cembre 2026.<\/p>\n<h3><span class=\"ez-toc-section\" id=\"Dates_pour_la_peche_en_mer\"><\/span>Dates pour la p\u00eache en mer<span class=\"ez-toc-section-end\"><\/span><\/h3>\n<p>Il n&rsquo;existe pas de calendrier national d&rsquo;ouverture et de fermeture pour la p\u00eache de loisir en mer, contrairement \u00e0 la p\u00eache en eau douce. La pratique est libre toute l&rsquo;ann\u00e9e depuis le bord (plage), un bateau ou en plong\u00e9e.<\/p>\n<p>Toutefois, la p\u00eache en mer reste soumise \u00e0 de nombreuses r\u00e8gles sp\u00e9cifiques selon les esp\u00e8ces, les zones et les techniques utilis\u00e9es <em>(lire plus loin)<\/em>.<\/p>\n<h2><span class=\"ez-toc-section\" id=\"La_reglementation_pour_la_pratique_de_la_peche\"><\/span>La r\u00e9glementation pour la pratique de la p\u00eache<span class=\"ez-toc-section-end\"><\/span><\/h2>\n<p>La r\u00e9glementation diff\u00e8re selon que la p\u00eache est pratiqu\u00e9e en eau douce ou en mer. Il est conseill\u00e9 de se rapprocher de la f\u00e9d\u00e9ration de p\u00eache de son d\u00e9partement pour conna\u00eetre les r\u00e8gles locales.<\/p>\n<h3><span class=\"ez-toc-section\" id=\"Pour_la_peche_en_eau_douce\"><\/span>Pour la p\u00eache en eau douce<span class=\"ez-toc-section-end\"><\/span><\/h3>\n<p>La pratique de la p\u00eache en eau douce n\u00e9cessite obligatoirement de respecter plusieurs conditions :<\/p>\n<ul>\n<li>adh\u00e9rer \u00e0 une association de p\u00eache en eau douce ;<\/li>\n<li>payer une redevance en fonction du type de p\u00eache pratiqu\u00e9e (aux engins, aux filets ou \u00e0 la ligne)<\/li>\n<li>obtenir une licence aupr\u00e8s de la direction d\u00e9partementale et des territoires (DDTE). Le montant de la licence est fix\u00e9 chaque ann\u00e9e par le Pr\u00e9fet. Il varie donc d\u2019un d\u00e9partement \u00e0 l\u2019autre<\/li>\n<\/ul>\n<p>L\u2019ensemble de ces d\u00e9marches permet d\u2019obtenir ce que l\u2019on appelle la carte de p\u00eache. Elle peut \u00eatre command\u00e9e sur le site <a href=\"https:\/\/www.cartedepeche.fr\/\" target=\"_blank\" rel=\"nofollow noopener noreferrer\">cartedepeche.fr<\/a> ou demand\u00e9e aupr\u00e8s de d\u00e9positaires agr\u00e9\u00e9s comme un bureau de tabac, un magasin d\u2019articles de p\u00eache ou encore une association. Cette carte est obligatoire pour la pratique de la p\u00eache. En cas de non-respect de cette obligation, le contrevenant devra payer une amende.<\/p>\n<p style=\"background-color: #e5e5e5\"><strong>\u00c0 SAVOIR :<\/strong> les personnes qui pratiquent uniquement la p\u00eache \u00e0 la ligne doivent adh\u00e9rer \u00e0 une association agr\u00e9\u00e9e de p\u00eache et de protection du milieu aquatique (AAPPMA) et payer une redevance. Elles ne doivent pas obligatoirement d\u00e9tenir une licence.<\/p>\n<h4><span class=\"ez-toc-section\" id=\"Prix_de_la_carte_de_peche_en_2026\"><\/span>Prix de la carte de p\u00eache en 2026<span class=\"ez-toc-section-end\"><\/span><\/h4>\n<p>Pour 2026, les tarifs des cartes de p\u00eache augmentent l\u00e9g\u00e8rement par rapport \u00e0 2025. Il sont ainsi fix\u00e9s\u00a0:<\/p>\n<ul>\n<li><strong>Carte interf\u00e9d\u00e9rale :<\/strong> 114 euros pour p\u00eacher en eau douce toute l\u2019ann\u00e9e dans les 91 d\u00e9partements r\u00e9ciprocitaires, jusqu&rsquo;\u00e0 quatre cannes (contre 112 euros en 2025) ;<\/li>\n<li><strong>Carte personne majeure :<\/strong> 87 euros, pour p\u00eacher toute l\u2019ann\u00e9e en 1<sup>\u00e8re<\/sup> et 2<sup>\u00e8me<\/sup> cat\u00e9gorie, \u00e0 une seule ligne, tous modes de p\u00eache (au lieu de 86 euros en 2025)\u00a0;<\/li>\n<li><strong>Carte d\u00e9couverte femme :<\/strong> 42 euros pour la carte annuelle r\u00e9serv\u00e9e aux femmes de plus de 18 ans, valable dans les 91 d\u00e9partements r\u00e9ciprocitaires, \u00e0 une canne (versus 41 euros en 2025)<\/li>\n<li><strong>Carte personne mineure (moins de 18 ans) :<\/strong> 27 euros pour la carte annuelle, valable en 1<sup>\u00e8re<\/sup> et 2<sup>\u00e8me<\/sup> cat\u00e9gorie (vs 26 euros en 2025) ;<\/li>\n<li><strong>Carte hebdomadaire :<\/strong> 36,50 euros pour p\u00eacher pendant 7 jours cons\u00e9cutifs au sein d\u2019une structure agr\u00e9\u00e9e (au lieu de 36 euros en 2025) ;<\/li>\n<li><strong>Carte journali\u00e8re :<\/strong> 18 euros pour p\u00eacher pendant une journ\u00e9e au sein d\u2019une structure agr\u00e9\u00e9e (versus 17,20 euros en 2025).<\/li>\n<\/ul>\n<p>Le prix de la carte p\u00eache est compos\u00e9 de :<\/p>\n<ul>\n<li>la cotisation p\u00eache en milieu aquatique (CPMA)<\/li>\n<li>la cotisation \u00e0 la f\u00e9d\u00e9ration d\u00e9partementale de p\u00eache ou \u00e0 une association locale<\/li>\n<li>la redevance en milieu aquatique<\/li>\n<\/ul>\n<p>Le montant annuel de la redevance varie en fonction du type de p\u00eache pratiqu\u00e9e et est fix\u00e9 chaque ann\u00e9e par le Pr\u00e9fet.<\/p>\n<p>Les montants de la carte de p\u00eache peuvent varier l\u00e9g\u00e8rement selon les f\u00e9d\u00e9rations d\u00e9partementales. Il est conseill\u00e9 de v\u00e9rifier sur le site officiel de la carte de p\u00eache (cartedepeche.fr) ou aupr\u00e8s de sa f\u00e9d\u00e9ration locale.<\/p>\n<p style=\"background-color: #e5e5e5\"><strong>\u00c0 SAVOIR :<\/strong> les sommes vers\u00e9es pour obtenir la carte de p\u00eache permettent de financer de actions de pr\u00e9servation du milieu aquatique, des \u00e9coles de p\u00eaches ou encore des actions de pr\u00e9vention de la protection des esp\u00e8ces aquatiques.<\/p>\n<h4><span class=\"ez-toc-section\" id=\"Les_horaires_autorises\"><\/span>Les horaires autoris\u00e9s<span class=\"ez-toc-section-end\"><\/span><\/h4>\n<p>En plus du calendrier d\u2019ouverture et de fermeture, il faut respecter les tranches horaires de la journ\u00e9e pendant laquelle la p\u00eache est autoris\u00e9e : une demi-heure (30 minutes) avant le lever du soleil et jusqu\u2019\u00e0 une demi-heure (30 minutes) apr\u00e8s son coucher.<\/p>\n<p>\u00c0 certaines p\u00e9riodes, le pr\u00e9fet peut autoriser la p\u00eache de nuit, par arr\u00eat\u00e9. Cette permission est limit\u00e9e dans le temps et ne concerne que la p\u00eache \u00e0 la carpe.<\/p>\n<h4><span class=\"ez-toc-section\" id=\"Les_restrictions_geographiques\"><\/span>Les restrictions g\u00e9ographiques<span class=\"ez-toc-section-end\"><\/span><\/h4>\n<p>La p\u00eache au niveau des barrages et des \u00e9cluses est interdite. Cette interdiction est prolong\u00e9e sur une distance de 200 m\u00e8tres en aval, sauf pour la p\u00eache \u00e0 la ligne.<\/p>\n<h3><span class=\"ez-toc-section\" id=\"Pour_la_peche_en_mer\"><\/span>Pour la p\u00eache en mer<span class=\"ez-toc-section-end\"><\/span><\/h3>\n<p>La p\u00eache en mer ne n\u00e9cessite pas de carte ni de permis payant. Toutefois, elle est soumise \u00e0 une r\u00e9glementation stricte sur les tailles de capture, les quotas et les zones autoris\u00e9es.<\/p>\n<h4><span class=\"ez-toc-section\" id=\"Pour_la_peche_a_pied\"><\/span>Pour la p\u00eache \u00e0 pied<span class=\"ez-toc-section-end\"><\/span><\/h4>\n<p>Aucune formalit\u00e9 n\u2019est n\u00e9cessaire pour la p\u00eache \u00e0 pied. Elle est autoris\u00e9e toute l\u2019ann\u00e9e sur la partie du littoral qui est couverte \u00e0 mar\u00e9e haute et d\u00e9couverte \u00e0 mar\u00e9e basse, que l\u2019on appelle l\u2019estran. Seuls certains outils sont autoris\u00e9s : ligne tenue \u00e0 la main, r\u00e2teau, \u00e9puisette\u2026<\/p>\n<p>En fonction des r\u00e9gions, les r\u00e8gles peuvent diff\u00e9rer concernant la nature, la taille et la quantit\u00e9 de poissons ou de crustac\u00e9s qu\u2019il est possible de p\u00eacher.<\/p>\n<h4><span class=\"ez-toc-section\" id=\"Pour_la_peche_a_bord_dun_bateau\"><\/span>Pour la p\u00eache \u00e0 bord d\u2019un bateau<span class=\"ez-toc-section-end\"><\/span><\/h4>\n<p>La p\u00eache, lorsqu&rsquo;elle est pratiqu\u00e9e \u00e0 bord d\u2019un bateau, est tr\u00e8s r\u00e9glement\u00e9e. Il faut poss\u00e9der un titre de navigation et n\u2019utiliser que certains outils (lignes agr\u00e9es, casiers, \u00e9puisettes&#8230;) En fonction des esp\u00e8ces, il est interdit de p\u00eacher des poissons en dessous d\u2019une certaine taille ou d\u2019un certain poids.<\/p>\n<p><strong>Nouvelle obligation :<br \/>\n<\/strong>Depuis le 12 f\u00e9vrier 2026, tout p\u00eacheur de loisir en mer de 16 ans et plus qui cible certaines esp\u00e8ces \u00ab sensibles soumises \u00e0 mesures de gestion \u00bb doit s&rsquo;enregistrer annuellement (gratuitement) et d\u00e9clarer ses captures le jour m\u00eame via l&rsquo;application mobile RecFishing. Les poissons cibl\u00e9s en 2026 incluent le lieu jaune, le bar, le thon rouge, la dorade rose et la dorade coryph\u00e8ne, principalement en Atlantique, dans la Manche et en M\u00e9diterran\u00e9e.<\/p>\n<h4><span class=\"ez-toc-section\" id=\"Pour_la_peche_sous-marine\"><\/span>Pour la p\u00eache sous-marine<span class=\"ez-toc-section-end\"><\/span><\/h4>\n<p>La p\u00eache sous-marine est interdite aux personnes \u00e2g\u00e9es de moins de 16 ans. Elle doit avoir lieu entre le lever et le coucher du soleil. Il existe plusieurs interdictions :<\/p>\n<ul>\n<li>s\u2019approcher \u00e0 moins de 150 m\u00e8tres des navires de p\u00eache<\/li>\n<li>capturer des animaux marins pris dans les engins ou filets ayant \u00e9t\u00e9 install\u00e9s par d\u2019autres p\u00eacheurs<\/li>\n<li>utiliser une fo\u00ebne ou un appareil sp\u00e9cial pour capturer les crustac\u00e9s<\/li>\n<li>plonger avec des bouteilles<\/li>\n<\/ul>\n","protected":false},"excerpt":{"rendered":"<p>La p\u00eache est un loisir ouvert \u00e0 tous. Il existe toutefois un calendrier pr\u00e9cis et des r\u00e8gles \u00e0 respecter qui varient en fonction des cours d\u2019eau o\u00f9 elle est pratiqu\u00e9e et du type de poissons p\u00each\u00e9. Toutes les dates officielles et la r\u00e9glementation \u00e0 conna\u00eetre avant de jeter sa ligne en 2026 .<\/p>\n","protected":false},"author":13714,"featured_media":22464,"comment_status":"closed","ping_status":"closed","sticky":false,"template":"","format":"standard","meta":{"footnotes":""},"categories":[19],"tags":[],"class_list":["post-301","post","type-post","status-publish","format-standard","has-post-thumbnail","hentry","category-formalites"],"acf":[],"yoast_head":"<!-- This site is optimized with the Yoast SEO plugin v24.9 - https:\/\/yoast.com\/wordpress\/plugins\/seo\/ -->\n<title>Dates d\u2019ouverture et de fermeture de la p\u00eache 2026, r\u00e9glementation<\/title>\n<meta name=\"description\" content=\"La p\u00eache est un loisir ouvert \u00e0 tous. Il existe toutefois un calendrier pr\u00e9cis et des r\u00e8gles strictes \u00e0 respecter, qui varient en fonction des cours d\u2019eau.\" \/>\n<meta name=\"robots\" content=\"index, follow, max-snippet:-1, max-image-preview:large, max-video-preview:-1\" \/>\n<link rel=\"canonical\" href=\"https:\/\/www.toutsurmesfinances.com\/vie-pratique\/a\/dates-d-ouverture-et-de-fermeture-de-la-peche-reglementation\" \/>\n<meta property=\"og:locale\" content=\"fr_FR\" \/>\n<meta property=\"og:type\" content=\"article\" \/>\n<meta property=\"og:title\" content=\"Dates d\u2019ouverture et de fermeture de la p\u00eache 2026, r\u00e9glementation\" \/>\n<meta property=\"og:description\" content=\"La p\u00eache est un loisir ouvert \u00e0 tous. Il existe toutefois un calendrier pr\u00e9cis et des r\u00e8gles strictes \u00e0 respecter, qui varient en fonction des cours d\u2019eau.\" \/>\n<meta property=\"og:url\" content=\"https:\/\/www.toutsurmesfinances.com\/vie-pratique\/a\/dates-d-ouverture-et-de-fermeture-de-la-peche-reglementation\" \/>\n<meta property=\"og:site_name\" content=\"Vie pratique\" \/>\n<meta property=\"article:published_time\" content=\"2018-05-28T08:36:32+00:00\" \/>\n<meta property=\"article:modified_time\" content=\"2026-03-12T11:00:55+00:00\" \/>\n<meta property=\"og:image\" content=\"https:\/\/www.toutsurmesfinances.com\/vie-pratique\/wp-content\/uploads\/sites\/9\/2025\/04\/image-viepratique-formalites.jpg\" \/>\n\t<meta property=\"og:image:width\" content=\"600\" \/>\n\t<meta property=\"og:image:height\" content=\"400\" \/>\n\t<meta property=\"og:image:type\" content=\"image\/jpeg\" \/>\n<meta name=\"author\" content=\"Adeline Lorence\" \/>\n<meta name=\"twitter:card\" content=\"summary_large_image\" \/>\n<meta name=\"twitter:creator\" content=\"@Toutsur\" \/>\n<meta name=\"twitter:site\" content=\"@Toutsur\" \/>\n<meta name=\"twitter:label1\" content=\"\u00c9crit par\" \/>\n\t<meta name=\"twitter:data1\" content=\"Adeline Lorence\" \/>\n\t<meta name=\"twitter:label2\" content=\"Dur\u00e9e de lecture estim\u00e9e\" \/>\n\t<meta name=\"twitter:data2\" content=\"10 minutes\" \/>\n<script type=\"application\/ld+json\" class=\"yoast-schema-graph\">{\"@context\":\"https:\/\/schema.org\",\"@graph\":[{\"@type\":\"Article\",\"@id\":\"https:\/\/www.toutsurmesfinances.com\/vie-pratique\/a\/dates-d-ouverture-et-de-fermeture-de-la-peche-reglementation#article\",\"isPartOf\":{\"@id\":\"https:\/\/www.toutsurmesfinances.com\/vie-pratique\/a\/dates-d-ouverture-et-de-fermeture-de-la-peche-reglementation\"},\"author\":{\"name\":\"Adeline Lorence\",\"@id\":\"https:\/\/www.toutsurmesfinances.com\/vie-pratique\/#\/schema\/person\/3c3eee2dc2da3ef518c8abf33735981b\"},\"headline\":\"P\u00eache 2026 : le calendrier et les r\u00e8gles \u00e0 conna\u00eetre\",\"dateModified\":\"2026-03-12T11:00:55+00:00\",\"mainEntityOfPage\":{\"@id\":\"https:\/\/www.toutsurmesfinances.com\/vie-pratique\/a\/dates-d-ouverture-et-de-fermeture-de-la-peche-reglementation\"},\"wordCount\":1924,\"publisher\":{\"@id\":\"https:\/\/www.toutsurmesfinances.com\/vie-pratique\/#organization\"},\"image\":{\"@id\":\"https:\/\/www.toutsurmesfinances.com\/vie-pratique\/a\/dates-d-ouverture-et-de-fermeture-de-la-peche-reglementation#primaryimage\"},\"thumbnailUrl\":\"https:\/\/www.toutsurmesfinances.com\/vie-pratique\/wp-content\/uploads\/sites\/9\/2025\/04\/image-viepratique-formalites.jpg\",\"articleSection\":[\"Formalit\u00e9s\"],\"inLanguage\":\"fr-FR\"},{\"@type\":\"WebPage\",\"@id\":\"https:\/\/www.toutsurmesfinances.com\/vie-pratique\/a\/dates-d-ouverture-et-de-fermeture-de-la-peche-reglementation\",\"url\":\"https:\/\/www.toutsurmesfinances.com\/vie-pratique\/a\/dates-d-ouverture-et-de-fermeture-de-la-peche-reglementation\",\"name\":\"Dates d\u2019ouverture et de fermeture de la p\u00eache 2026, r\u00e9glementation\",\"isPartOf\":{\"@id\":\"https:\/\/www.toutsurmesfinances.com\/vie-pratique\/#website\"},\"primaryImageOfPage\":{\"@id\":\"https:\/\/www.toutsurmesfinances.com\/vie-pratique\/a\/dates-d-ouverture-et-de-fermeture-de-la-peche-reglementation#primaryimage\"},\"image\":{\"@id\":\"https:\/\/www.toutsurmesfinances.com\/vie-pratique\/a\/dates-d-ouverture-et-de-fermeture-de-la-peche-reglementation#primaryimage\"},\"thumbnailUrl\":\"https:\/\/www.toutsurmesfinances.com\/vie-pratique\/wp-content\/uploads\/sites\/9\/2025\/04\/image-viepratique-formalites.jpg\",\"dateModified\":\"2026-03-12T11:00:55+00:00\",\"description\":\"La p\u00eache est un loisir ouvert \u00e0 tous. Il existe toutefois un calendrier pr\u00e9cis et des r\u00e8gles strictes \u00e0 respecter, qui varient en fonction des cours d\u2019eau.\",\"breadcrumb\":{\"@id\":\"https:\/\/www.toutsurmesfinances.com\/vie-pratique\/a\/dates-d-ouverture-et-de-fermeture-de-la-peche-reglementation#breadcrumb\"},\"inLanguage\":\"fr-FR\",\"potentialAction\":[{\"@type\":\"ReadAction\",\"target\":[\"https:\/\/www.toutsurmesfinances.com\/vie-pratique\/a\/dates-d-ouverture-et-de-fermeture-de-la-peche-reglementation\"]}]},{\"@type\":\"ImageObject\",\"inLanguage\":\"fr-FR\",\"@id\":\"https:\/\/www.toutsurmesfinances.com\/vie-pratique\/a\/dates-d-ouverture-et-de-fermeture-de-la-peche-reglementation#primaryimage\",\"url\":\"https:\/\/www.toutsurmesfinances.com\/vie-pratique\/wp-content\/uploads\/sites\/9\/2025\/04\/image-viepratique-formalites.jpg\",\"contentUrl\":\"https:\/\/www.toutsurmesfinances.com\/vie-pratique\/wp-content\/uploads\/sites\/9\/2025\/04\/image-viepratique-formalites.jpg\",\"width\":600,\"height\":400},{\"@type\":\"BreadcrumbList\",\"@id\":\"https:\/\/www.toutsurmesfinances.com\/vie-pratique\/a\/dates-d-ouverture-et-de-fermeture-de-la-peche-reglementation#breadcrumb\",\"itemListElement\":[{\"@type\":\"ListItem\",\"position\":1,\"name\":\"Accueil\",\"item\":\"https:\/\/www.toutsurmesfinances.com\/vie-pratique\/\"},{\"@type\":\"ListItem\",\"position\":2,\"name\":\"Formalit\u00e9s\",\"item\":\"https:\/\/www.toutsurmesfinances.com\/vie-pratique\/c\/formalites\"},{\"@type\":\"ListItem\",\"position\":3,\"name\":\"P\u00eache 2026 : le calendrier et les r\u00e8gles \u00e0 conna\u00eetre\"}]},{\"@type\":\"WebSite\",\"@id\":\"https:\/\/www.toutsurmesfinances.com\/vie-pratique\/#website\",\"url\":\"https:\/\/www.toutsurmesfinances.com\/vie-pratique\/\",\"name\":\"Vie pratique\",\"description\":\"\",\"publisher\":{\"@id\":\"https:\/\/www.toutsurmesfinances.com\/vie-pratique\/#organization\"},\"potentialAction\":[{\"@type\":\"SearchAction\",\"target\":{\"@type\":\"EntryPoint\",\"urlTemplate\":\"https:\/\/www.toutsurmesfinances.com\/vie-pratique\/?s={search_term_string}\"},\"query-input\":{\"@type\":\"PropertyValueSpecification\",\"valueRequired\":true,\"valueName\":\"search_term_string\"}}],\"inLanguage\":\"fr-FR\"},{\"@type\":\"Organization\",\"@id\":\"https:\/\/www.toutsurmesfinances.com\/vie-pratique\/#organization\",\"name\":\"Tout Sur Mes Finances\",\"url\":\"https:\/\/www.toutsurmesfinances.com\/vie-pratique\/\",\"logo\":{\"@type\":\"ImageObject\",\"inLanguage\":\"fr-FR\",\"@id\":\"https:\/\/www.toutsurmesfinances.com\/vie-pratique\/#\/schema\/logo\/image\/\",\"url\":\"https:\/\/www.toutsurmesfinances.com\/vie-pratique\/wp-content\/uploads\/sites\/9\/2021\/01\/favicon.png\",\"contentUrl\":\"https:\/\/www.toutsurmesfinances.com\/vie-pratique\/wp-content\/uploads\/sites\/9\/2021\/01\/favicon.png\",\"width\":512,\"height\":512,\"caption\":\"Tout Sur Mes Finances\"},\"image\":{\"@id\":\"https:\/\/www.toutsurmesfinances.com\/vie-pratique\/#\/schema\/logo\/image\/\"},\"sameAs\":[\"https:\/\/x.com\/Toutsur\"]},{\"@type\":\"Person\",\"@id\":\"https:\/\/www.toutsurmesfinances.com\/vie-pratique\/#\/schema\/person\/3c3eee2dc2da3ef518c8abf33735981b\",\"name\":\"Adeline Lorence\",\"image\":{\"@type\":\"ImageObject\",\"inLanguage\":\"fr-FR\",\"@id\":\"https:\/\/www.toutsurmesfinances.com\/vie-pratique\/#\/schema\/person\/image\/\",\"url\":\"https:\/\/secure.gravatar.com\/avatar\/351b77a4b23cd6ccc633a001c93d4356?s=96&d=mm&r=g\",\"contentUrl\":\"https:\/\/secure.gravatar.com\/avatar\/351b77a4b23cd6ccc633a001c93d4356?s=96&d=mm&r=g\",\"caption\":\"Adeline Lorence\"},\"description\":\"Adeline Lorence est journaliste sp\u00e9cialis\u00e9e dans les th\u00e9matiques sociales. Elle a \u00e9t\u00e9 r\u00e9dactrice chez ToutSurMesFinances de 2014 \u00e0 2018, en traitant principalement des sujets li\u00e9s \u00e0 la retraite, au grand \u00e2ge (EHPAD, aide \u00e0 domicile) et plus largement aux questions sociales.\",\"sameAs\":[\"https:\/\/www.toutsurmesfinances.com\/author\/adeline\",\"https:\/\/www.linkedin.com\/in\/adeline-lorence-cordon-ab1735b6\/\"]}]}<\/script>\n<!-- \/ Yoast SEO plugin. -->","yoast_head_json":{"title":"Dates d\u2019ouverture et de fermeture de la p\u00eache 2026, r\u00e9glementation","description":"La p\u00eache est un loisir ouvert \u00e0 tous. Il existe toutefois un calendrier pr\u00e9cis et des r\u00e8gles strictes \u00e0 respecter, qui varient en fonction des cours d\u2019eau.","robots":{"index":"index","follow":"follow","max-snippet":"max-snippet:-1","max-image-preview":"max-image-preview:large","max-video-preview":"max-video-preview:-1"},"canonical":"https:\/\/www.toutsurmesfinances.com\/vie-pratique\/a\/dates-d-ouverture-et-de-fermeture-de-la-peche-reglementation","og_locale":"fr_FR","og_type":"article","og_title":"Dates d\u2019ouverture et de fermeture de la p\u00eache 2026, r\u00e9glementation","og_description":"La p\u00eache est un loisir ouvert \u00e0 tous. Il existe toutefois un calendrier pr\u00e9cis et des r\u00e8gles strictes \u00e0 respecter, qui varient en fonction des cours d\u2019eau.","og_url":"https:\/\/www.toutsurmesfinances.com\/vie-pratique\/a\/dates-d-ouverture-et-de-fermeture-de-la-peche-reglementation","og_site_name":"Vie pratique","article_published_time":"2018-05-28T08:36:32+00:00","article_modified_time":"2026-03-12T11:00:55+00:00","og_image":[{"width":600,"height":400,"url":"https:\/\/www.toutsurmesfinances.com\/vie-pratique\/wp-content\/uploads\/sites\/9\/2025\/04\/image-viepratique-formalites.jpg","type":"image\/jpeg"}],"author":"Adeline Lorence","twitter_card":"summary_large_image","twitter_creator":"@Toutsur","twitter_site":"@Toutsur","twitter_misc":{"\u00c9crit par":"Adeline Lorence","Dur\u00e9e de lecture estim\u00e9e":"10 minutes"},"schema":{"@context":"https:\/\/schema.org","@graph":[{"@type":"Article","@id":"https:\/\/www.toutsurmesfinances.com\/vie-pratique\/a\/dates-d-ouverture-et-de-fermeture-de-la-peche-reglementation#article","isPartOf":{"@id":"https:\/\/www.toutsurmesfinances.com\/vie-pratique\/a\/dates-d-ouverture-et-de-fermeture-de-la-peche-reglementation"},"author":{"name":"Adeline Lorence","@id":"https:\/\/www.toutsurmesfinances.com\/vie-pratique\/#\/schema\/person\/3c3eee2dc2da3ef518c8abf33735981b"},"headline":"P\u00eache 2026 : le calendrier et les r\u00e8gles \u00e0 conna\u00eetre","dateModified":"2026-03-12T11:00:55+00:00","mainEntityOfPage":{"@id":"https:\/\/www.toutsurmesfinances.com\/vie-pratique\/a\/dates-d-ouverture-et-de-fermeture-de-la-peche-reglementation"},"wordCount":1924,"publisher":{"@id":"https:\/\/www.toutsurmesfinances.com\/vie-pratique\/#organization"},"image":{"@id":"https:\/\/www.toutsurmesfinances.com\/vie-pratique\/a\/dates-d-ouverture-et-de-fermeture-de-la-peche-reglementation#primaryimage"},"thumbnailUrl":"https:\/\/www.toutsurmesfinances.com\/vie-pratique\/wp-content\/uploads\/sites\/9\/2025\/04\/image-viepratique-formalites.jpg","articleSection":["Formalit\u00e9s"],"inLanguage":"fr-FR"},{"@type":"WebPage","@id":"https:\/\/www.toutsurmesfinances.com\/vie-pratique\/a\/dates-d-ouverture-et-de-fermeture-de-la-peche-reglementation","url":"https:\/\/www.toutsurmesfinances.com\/vie-pratique\/a\/dates-d-ouverture-et-de-fermeture-de-la-peche-reglementation","name":"Dates d\u2019ouverture et de fermeture de la p\u00eache 2026, r\u00e9glementation","isPartOf":{"@id":"https:\/\/www.toutsurmesfinances.com\/vie-pratique\/#website"},"primaryImageOfPage":{"@id":"https:\/\/www.toutsurmesfinances.com\/vie-pratique\/a\/dates-d-ouverture-et-de-fermeture-de-la-peche-reglementation#primaryimage"},"image":{"@id":"https:\/\/www.toutsurmesfinances.com\/vie-pratique\/a\/dates-d-ouverture-et-de-fermeture-de-la-peche-reglementation#primaryimage"},"thumbnailUrl":"https:\/\/www.toutsurmesfinances.com\/vie-pratique\/wp-content\/uploads\/sites\/9\/2025\/04\/image-viepratique-formalites.jpg","dateModified":"2026-03-12T11:00:55+00:00","description":"La p\u00eache est un loisir ouvert \u00e0 tous. Il existe toutefois un calendrier pr\u00e9cis et des r\u00e8gles strictes \u00e0 respecter, qui varient en fonction des cours d\u2019eau.","breadcrumb":{"@id":"https:\/\/www.toutsurmesfinances.com\/vie-pratique\/a\/dates-d-ouverture-et-de-fermeture-de-la-peche-reglementation#breadcrumb"},"inLanguage":"fr-FR","potentialAction":[{"@type":"ReadAction","target":["https:\/\/www.toutsurmesfinances.com\/vie-pratique\/a\/dates-d-ouverture-et-de-fermeture-de-la-peche-reglementation"]}]},{"@type":"ImageObject","inLanguage":"fr-FR","@id":"https:\/\/www.toutsurmesfinances.com\/vie-pratique\/a\/dates-d-ouverture-et-de-fermeture-de-la-peche-reglementation#primaryimage","url":"https:\/\/www.toutsurmesfinances.com\/vie-pratique\/wp-content\/uploads\/sites\/9\/2025\/04\/image-viepratique-formalites.jpg","contentUrl":"https:\/\/www.toutsurmesfinances.com\/vie-pratique\/wp-content\/uploads\/sites\/9\/2025\/04\/image-viepratique-formalites.jpg","width":600,"height":400},{"@type":"BreadcrumbList","@id":"https:\/\/www.toutsurmesfinances.com\/vie-pratique\/a\/dates-d-ouverture-et-de-fermeture-de-la-peche-reglementation#breadcrumb","itemListElement":[{"@type":"ListItem","position":1,"name":"Accueil","item":"https:\/\/www.toutsurmesfinances.com\/vie-pratique\/"},{"@type":"ListItem","position":2,"name":"Formalit\u00e9s","item":"https:\/\/www.toutsurmesfinances.com\/vie-pratique\/c\/formalites"},{"@type":"ListItem","position":3,"name":"P\u00eache 2026 : le calendrier et les r\u00e8gles \u00e0 conna\u00eetre"}]},{"@type":"WebSite","@id":"https:\/\/www.toutsurmesfinances.com\/vie-pratique\/#website","url":"https:\/\/www.toutsurmesfinances.com\/vie-pratique\/","name":"Vie pratique","description":"","publisher":{"@id":"https:\/\/www.toutsurmesfinances.com\/vie-pratique\/#organization"},"potentialAction":[{"@type":"SearchAction","target":{"@type":"EntryPoint","urlTemplate":"https:\/\/www.toutsurmesfinances.com\/vie-pratique\/?s={search_term_string}"},"query-input":{"@type":"PropertyValueSpecification","valueRequired":true,"valueName":"search_term_string"}}],"inLanguage":"fr-FR"},{"@type":"Organization","@id":"https:\/\/www.toutsurmesfinances.com\/vie-pratique\/#organization","name":"Tout Sur Mes Finances","url":"https:\/\/www.toutsurmesfinances.com\/vie-pratique\/","logo":{"@type":"ImageObject","inLanguage":"fr-FR","@id":"https:\/\/www.toutsurmesfinances.com\/vie-pratique\/#\/schema\/logo\/image\/","url":"https:\/\/www.toutsurmesfinances.com\/vie-pratique\/wp-content\/uploads\/sites\/9\/2021\/01\/favicon.png","contentUrl":"https:\/\/www.toutsurmesfinances.com\/vie-pratique\/wp-content\/uploads\/sites\/9\/2021\/01\/favicon.png","width":512,"height":512,"caption":"Tout Sur Mes Finances"},"image":{"@id":"https:\/\/www.toutsurmesfinances.com\/vie-pratique\/#\/schema\/logo\/image\/"},"sameAs":["https:\/\/x.com\/Toutsur"]},{"@type":"Person","@id":"https:\/\/www.toutsurmesfinances.com\/vie-pratique\/#\/schema\/person\/3c3eee2dc2da3ef518c8abf33735981b","name":"Adeline Lorence","image":{"@type":"ImageObject","inLanguage":"fr-FR","@id":"https:\/\/www.toutsurmesfinances.com\/vie-pratique\/#\/schema\/person\/image\/","url":"https:\/\/secure.gravatar.com\/avatar\/351b77a4b23cd6ccc633a001c93d4356?s=96&d=mm&r=g","contentUrl":"https:\/\/secure.gravatar.com\/avatar\/351b77a4b23cd6ccc633a001c93d4356?s=96&d=mm&r=g","caption":"Adeline Lorence"},"description":"Adeline Lorence est journaliste sp\u00e9cialis\u00e9e dans les th\u00e9matiques sociales. Elle a \u00e9t\u00e9 r\u00e9dactrice chez ToutSurMesFinances de 2014 \u00e0 2018, en traitant principalement des sujets li\u00e9s \u00e0 la retraite, au grand \u00e2ge (EHPAD, aide \u00e0 domicile) et plus largement aux questions sociales.","sameAs":["https:\/\/www.toutsurmesfinances.com\/author\/adeline","https:\/\/www.linkedin.com\/in\/adeline-lorence-cordon-ab1735b6\/"]}]}},"_links":{"self":[{"href":"https:\/\/www.toutsurmesfinances.com\/vie-pratique\/wp-json\/wp\/v2\/posts\/301","targetHints":{"allow":["GET"]}}],"collection":[{"href":"https:\/\/www.toutsurmesfinances.com\/vie-pratique\/wp-json\/wp\/v2\/posts"}],"about":[{"href":"https:\/\/www.toutsurmesfinances.com\/vie-pratique\/wp-json\/wp\/v2\/types\/post"}],"author":[{"embeddable":true,"href":"https:\/\/www.toutsurmesfinances.com\/vie-pratique\/wp-json\/wp\/v2\/users\/13714"}],"replies":[{"embeddable":true,"href":"https:\/\/www.toutsurmesfinances.com\/vie-pratique\/wp-json\/wp\/v2\/comments?post=301"}],"version-history":[{"count":3,"href":"https:\/\/www.toutsurmesfinances.com\/vie-pratique\/wp-json\/wp\/v2\/posts\/301\/revisions"}],"predecessor-version":[{"id":22736,"href":"https:\/\/www.toutsurmesfinances.com\/vie-pratique\/wp-json\/wp\/v2\/posts\/301\/revisions\/22736"}],"wp:featuredmedia":[{"embeddable":true,"href":"https:\/\/www.toutsurmesfinances.com\/vie-pratique\/wp-json\/wp\/v2\/media\/22464"}],"wp:attachment":[{"href":"https:\/\/www.toutsurmesfinances.com\/vie-pratique\/wp-json\/wp\/v2\/media?parent=301"}],"wp:term":[{"taxonomy":"category","embeddable":true,"href":"https:\/\/www.toutsurmesfinances.com\/vie-pratique\/wp-json\/wp\/v2\/categories?post=301"},{"taxonomy":"post_tag","embeddable":true,"href":"https:\/\/www.toutsurmesfinances.com\/vie-pratique\/wp-json\/wp\/v2\/tags?post=301"}],"curies":[{"name":"wp","href":"https:\/\/api.w.org\/{rel}","templated":true}]}}