{"id":340,"date":"2018-08-16T15:35:12","date_gmt":"2018-08-16T13:35:12","guid":{"rendered":"https:\/\/www.toutsurmesfinances.com\/vie-pratique\/a\/snu-tout-savoir-sur-le-futur-service-national-universel"},"modified":"2025-03-19T18:04:00","modified_gmt":"2025-03-19T17:04:00","slug":"snu-tout-savoir-sur-le-futur-service-national-universel","status":"publish","type":"post","link":"https:\/\/www.toutsurmesfinances.com\/vie-pratique\/a\/snu-tout-savoir-sur-le-futur-service-national-universel","title":{"rendered":"SNU : tout savoir sur le service national universel"},"content":{"rendered":"<h2><span class=\"ez-toc-section\" id=\"Service_national_universel_cest_quoi\"><\/span>Service national universel, c\u2019est quoi ?<span class=\"ez-toc-section-end\"><\/span><\/h2>\n<p>Au cours de la campagne \u00e0 l\u2019\u00e9lection pr\u00e9sidentielle de 2017,<strong> Emmanuel Macron<\/strong> a promis le r\u00e9tablissement d&rsquo;un<em> \u00ab service national obligatoire et universel \u00bb<\/em> dans le but d\u2019accro\u00eetre la mixit\u00e9 sociale et la coh\u00e9sion r\u00e9publicaine des jeunes Fran\u00e7ais avant leur entr\u00e9e dans la vie active.<\/p>\n<p>Arriv\u00e9 \u00e0 l\u2019\u00c9lys\u00e9e, le chef de l\u2019\u00c9tat a demand\u00e9 \u00e0 un groupe de travail d\u2019examiner les conditions dans lesquelles pourrait \u00eatre mis en place le dispositif, rebaptis\u00e9 \u00ab service national universel \u00bb ou<strong> SNU<\/strong>. Ce groupe, pr\u00e9sid\u00e9 par le g\u00e9n\u00e9ral de brigade <strong>Daniel M\u00e9naouine\u00a0<\/strong>et constitu\u00e9 de six personnalit\u00e9s (*), a remis fin avril 2018 un rapport au gouvernement.<\/p>\n<p>Sur la base de ce document, le premier ministre de l&rsquo;\u00e9poque, <strong>\u00c9douard Philippe<\/strong>, a pr\u00e9sent\u00e9 les grands contours du SNU lors du Conseil des ministres du 27 juin 2018. Le service national universel comprend deux phases.<\/p>\n<h3><span class=\"ez-toc-section\" id=\"Premiere_phase_obligatoire\"><\/span>Premi\u00e8re phase obligatoire<span class=\"ez-toc-section-end\"><\/span><\/h3>\n<p>Une premi\u00e8re phase obligatoire d\u2019un mois est effectu\u00e9e durant les vacances scolaires au plus t\u00f4t \u00e0 la fin de la classe de troisi\u00e8me et au plus tard avant l\u2019entr\u00e9e en premi\u00e8re. Cette phase est elle-m\u00eame divis\u00e9e en deux temps : une p\u00e9riode \u00ab de coh\u00e9sion \u00bb de 15 jours en h\u00e9bergement collectif qui permettra le<em> \u00ab brassage social \u00bb<\/em> et le <em>\u00ab partage des valeurs de la R\u00e9publique \u00bb<\/em>, suivie d\u2019une autre p\u00e9riode de 12 jours cons\u00e9cutifs (ou 84 heures r\u00e9parties au cours de l&rsquo;ann\u00e9e) de \u00ab mission d&rsquo;int\u00e9r\u00eat g\u00e9n\u00e9ral \u00bb r\u00e9alis\u00e9e en petits groupes et pas forc\u00e9ment en internat.<\/p>\n<p>Les jeunes portent une tenue SNU, dont le design est issu d&rsquo;un concours organis\u00e9 aupr\u00e8s de lyc\u00e9es. Les activit\u00e9s sont organis\u00e9es autour de sept th\u00e9matiques : d\u00e9fense, s\u00e9curit\u00e9 et r\u00e9silience nationales ; citoyennet\u00e9 et institutions nationales et europ\u00e9ennes ; autonomie, connaissance des services publics et acc\u00e8s aux droits ; d\u00e9veloppement durable et transition \u00e9cologique ; activit\u00e9s physiques et sportives et de coh\u00e9sion ; culture et patrimoine ; d\u00e9couverte de l\u2019engagement.<\/p>\n<p>La journ\u00e9e commence par un lev\u00e9e de drapeau au chant de la Marseillaise. La matin\u00e9e et l&rsquo;apr\u00e8s-midi sont consacr\u00e9es aux activit\u00e9s collectives. Les jeunes sont notamment form\u00e9s aux gestes qui sauvent, aux r\u00e9actions \u00e0 avoir en cas d&rsquo;attentat ou de catastrophe naturelle et recevront des modules sur l&rsquo;environnement ou les valeurs de la R\u00e9publique. Un module de self-d\u00e9fense et d&rsquo;auto-d\u00e9fense est propos\u00e9 aux jeunes filles.<\/p>\n<p>Un programme d&rsquo;accompagnement \u00e0 l&rsquo;insertion sociale et professionnelle est propos\u00e9 \u00e0 travers un d\u00e9pistage de l&rsquo;illettrisme, un bilan de sant\u00e9 et un bilan de comp\u00e9tences. Un temps libre est pr\u00e9vu en fin de journ\u00e9e, ainsi qu&rsquo;un moment \u00ab de d\u00e9mocratie interne \u00bb (\u00e9changes). Le coucher est fix\u00e9 \u00e0 22h30.<\/p>\n<p>Les jeunes sont accompagn\u00e9s par des \u00e9ducateurs sp\u00e9cialis\u00e9s, des militaires r\u00e9servistes ou retrait\u00e9s, des professeurs missionn\u00e9s pour le SNU, disposant <em>a minima<\/em> du brevet d\u2019aptitude aux fonctions d\u2019animateur (BAFA) ou d\u2019un dipl\u00f4me \u00e9quivalent. Le taux d&rsquo;encadrement est d&rsquo;un adulte pour 6 jeunes en moyenne. Au total, 450 cadres devraient \u00e9voluer en permanence dans les centres SNU.<\/p>\n<h3><span class=\"ez-toc-section\" id=\"Seconde_phase_facultative\"><\/span>Seconde phase facultative<span class=\"ez-toc-section-end\"><\/span><\/h3>\n<p>Une seconde phase facultative d\u2019une dur\u00e9e de 3 \u00e0 12 mois peut \u00eatre effectu\u00e9e avant l&rsquo;\u00e2ge de 25 ans. Cette p\u00e9riode d\u2019engagement, qui peut \u00eatre r\u00e9alis\u00e9e dans le cadre des dispositifs de volontariat existants (dont le service civique), doit porter, au choix du volontaire, sur quatre th\u00e9matiques pour la campagne 2024:<\/p>\n<ul>\n<li><strong>sports et Jeux Olympiques et Paralympiques (JOP)<\/strong><\/li>\n<li><strong>d\u00e9fense et m\u00e9moire <\/strong><\/li>\n<li><strong>environnement<\/strong><\/li>\n<li><strong>r\u00e9silience et pr\u00e9vention des risques.<\/strong><\/li>\n<\/ul>\n<p>C&rsquo;est le jeune qui choisit son organisme accueillant qui peut \u00eatre un service public, une collectivit\u00e9, une association, la gendarmerie ou les pompiers.<\/p>\n<p>\u00c0 l&rsquo;issue du programme, le volontaire se voit offrir une premi\u00e8re inscription au code de la route. Un certificat de participation au SNU lui est remis lors d&rsquo;une c\u00e9r\u00e9monie en pr\u00e9fecture.<\/p>\n<h2><span class=\"ez-toc-section\" id=\"Le_SNU_pour_qui\"><\/span>Le SNU, pour qui ?<span class=\"ez-toc-section-end\"><\/span><\/h2>\n<p>Le service national universel concerne les jeunes de 17 \u00e0 25 ans. Il s\u2019adresse aussi bien aux gar\u00e7ons qu\u2019aux filles, aux jeunes scolaris\u00e9s et non scolaris\u00e9s (la scolarit\u00e9 n\u2019est plus obligatoire apr\u00e8s 16 ans). Le SNU s\u2019applique ainsi aux \u00e9l\u00e8ves de classe de troisi\u00e8me, de seconde quelle que soit la fili\u00e8re (g\u00e9n\u00e9rale, technologique, professionnelle), en brevet d\u2019\u00e9tudes professionnelles (BEP), en certificat d\u2019aptitude professionnelle (CAP), aux apprentis, mais aussi aux \u00ab d\u00e9crocheurs \u00bb sortis du syst\u00e8me scolaire.<\/p>\n<p>L\u2019objectif du SNU est justement de faire se rencontrer l\u2019ensemble des jeunes de la m\u00eame g\u00e9n\u00e9ration issus de tous les milieux sociaux, de toutes les origines ethniques et\/ou religieuses et de tous les niveaux scolaires. \u00c0 terme, le dispositif a vocation \u00e0 toucher environ 800.000 appel\u00e9s par an (soit une g\u00e9n\u00e9ration).<\/p>\n<p>Selon le minist\u00e8re de l&rsquo;Education nationale et de la Jeunesse, 40.000 volontaires ont particip\u00e9 au SNU en 2023. Leur nombre a atteint <strong>80.000<\/strong> <strong>jeunes<\/strong> <strong>en 2024<\/strong>, d&rsquo;apr\u00e8s le minist\u00e8re.<\/p>\n<p>La phase obligatoire du futur service national universel est effectu\u00e9e aux alentours de 16 ans. La phase facultative est, elle, accessible jusqu\u2019au 25\u00e8me anniversaire du jeune.<\/p>\n<h2><span class=\"ez-toc-section\" id=\"Le_SNU_est-il_obligatoire\"><\/span>Le SNU est-il obligatoire ?<span class=\"ez-toc-section-end\"><\/span><\/h2>\n<p>Seule la premi\u00e8re phase du service national universel est obligatoire. \u00c0 l\u2019image de l\u2019actuelle journ\u00e9e d\u00e9fense et citoyennet\u00e9 (<strong>JDC<\/strong>) effectu\u00e9e vers l\u2019\u00e2ge de 16 ans, la pr\u00e9sentation d\u2019un certificat de participation \u00e0 la phase I du SNU pourrait \u00eatre exig\u00e9e pour pouvoir passer les \u00e9preuves du<a href=\"https:\/\/www.toutsurmesfinances.com\/vie-pratique\/a\/baccalaureat-calendrier-epreuves-et-coefficients-inscription-et-demarches-du-bac\" target=\"_blank\" rel=\"noopener noreferrer\"> baccalaur\u00e9at<\/a>, du BEP, du permis de conduire et s\u2019inscrire aux concours administratifs. La phase II du SNU n&rsquo;est, quant \u00e0 elle, pas obligatoire.<\/p>\n<p>Lors de la campagne pr\u00e9sidentielle de 2022, Emmanuel Macron avait promis une g\u00e9n\u00e9ralisation aux 800.000 jeunes d&rsquo;une g\u00e9n\u00e9ration. Finalement, le gouvernement avait d\u00e9cid\u00e9 en juin 2023 l\u2019organisation de s\u00e9jours sur le temps scolaire, en seconde, pour des classes \u00ab volontaires \u00bb.\u00a0En ao\u00fbt 2023, Gabriel Attal, alors ministre de l&rsquo;\u00c9ducation nationale, avait d\u00e9clar\u00e9 que les \u00e9l\u00e8ves de seconde pourrait effectuer un SNU \u00e0 la fin de juin 2024, sur la p\u00e9riode de stage qu&rsquo;il a instaur\u00e9e.<\/p>\n<p>Dans son discours de politique g\u00e9n\u00e9rale, Gabriel Attal, devenu alors premier ministre, avait annonc\u00e9, le 30 janvier 2024, le lancement le lancement des \u00ab travaux \u00bb en vue d&rsquo;une g\u00e9n\u00e9ralisation SNU \u00ab \u00e0 la rentr\u00e9e 2026 \u00bb. Quinze jours auparavant (le 16 janvier 2024), Emmanuel Macron avait annonc\u00e9 une g\u00e9n\u00e9ralisation du service national universel en classe de seconde, sans pr\u00e9ciser de date d&rsquo;entr\u00e9e en vigueur de la mesure.<\/p>\n<p>Mais dans un rapport rendu public le 13 septembre 2024, la Cour des comptes adress\u00e9 un bilan s\u00e9v\u00e8re du Service national universel. Le texte \u00e9pingle \u00ab un dispositif sans pilotage budg\u00e9taire \u00bb et dont le co\u00fbt est \u00ab largement sous-estim\u00e9 \u00bb. Selon le rapport, le co\u00fbt de fonctionnement du dispositif g\u00e9n\u00e9ralis\u00e9 est estim\u00e9 entre 3,5 et 5 milliards d&rsquo;euros par an. Un rapport de la Commission des Finances du S\u00e9nat, rendu public le 8 mars 2023, avait, de son c\u00f4t\u00e9, estim\u00e9 que rendre le SNU obligatoire n\u00e9cessiterait le recrutement de 15.000 \u00e0 50.000 encadrants et co\u00fbterait plus de 2 milliards d&rsquo;euros par an.<\/p>\n<p>Le 15 mars 2025, Emmanuel Macron a annonc\u00e9, dans un entretien accord\u00e9 \u00e0 la presse r\u00e9gionale, une prochaine \u00ab grande refonte \u00bb du service national universel, pour lui de \u00ab correspondre aux besoins de la nation et aux priorit\u00e9s identifi\u00e9es \u00bb. Le chef de l&rsquo;\u00c9tat, d\u00e9favorable \u00e0 un retour du service militaire obligatoire, juge que le SNU pourrait \u00eatre r\u00e9orient\u00e9 pour mieux r\u00e9pondre aux enjeux de d\u00e9fense et de souverainet\u00e9 nationale, dans un contexte de crises g\u00e9opolitiques internationales.<\/p>\n<h2><span class=\"ez-toc-section\" id=\"Inscription_SNU_2025\"><\/span>Inscription SNU 2025<span class=\"ez-toc-section-end\"><\/span><\/h2>\n<p>La plateforme <a href=\"https:\/\/moncompte.snu.gouv.fr\/preinscription\" target=\"_blank\" rel=\"nofollow noopener noreferrer\">moncompte.SNU<\/a> permet de s&rsquo;inscrire en ligne. Un appel au volontariat est organis\u00e9 dans les lyc\u00e9es, les centres de formation des apprentis (<strong>CFA<\/strong>), les missions locales pour toucher les d\u00e9crocheurs scolaires et les maisons d\u00e9partementales des personnes handicap\u00e9es (<strong>MDPH<\/strong>) pour recruter des jeunes en situation de handicap. Pour s&rsquo;inscrire, le jeune doit disposer d&rsquo;une pi\u00e8ce d&rsquo;identit\u00e9 (carte nationale d&rsquo;identit\u00e9 ou passeport) et, s&rsquo;il est mineur, de l&rsquo;accord d&rsquo;au moins un de ses repr\u00e9sentants l\u00e9gaux (parents, tuteur&#8230;).<\/p>\n<p>Pour la campagne 2025, les inscriptions sont ouvertes depuis le 6 novembre 2024. Quatre s\u00e9jours de coh\u00e9sion sont propos\u00e9s (au lieu de trois les autres ann\u00e9es), hors temps scolaires :<\/p>\n<h3><span class=\"ez-toc-section\" id=\"Premier_sejour_2025\"><\/span>Premier s\u00e9jour 2025<span class=\"ez-toc-section-end\"><\/span><\/h3>\n<ul>\n<li>vacances d&rsquo;hiver 2025 (selon la zone de cong\u00e9s scolaires) :<br \/>\n&#8211; du lundi 10 f\u00e9vrier au vendredi 21 f\u00e9vrier pour la zone B<br \/>\n&#8211; du lundi 17 f\u00e9vrier au vendredi 28 f\u00e9vrier pour la zone C<br \/>\n&#8211; du lundi 24 f\u00e9vrier au vendredi 7 mars pour la zone A<\/li>\n<\/ul>\n<h3><span class=\"ez-toc-section\" id=\"Deuxieme_sejour_2025\"><\/span>Deuxi\u00e8me s\u00e9jour 2025<span class=\"ez-toc-section-end\"><\/span><\/h3>\n<ul>\n<li>vacances de printemps 2025 (selon la zone de cong\u00e9s scolaires) :<br \/>\n&#8211; du lundi 7 avril au vendredi 18 avril pour la zone B<br \/>\n&#8211; u lundi 14 avril au vendredi 25 avril pour la zone C<br \/>\n&#8211; du mardi 22 avril au vendredi 2 mai pour la zone A<\/li>\n<\/ul>\n<h3><span class=\"ez-toc-section\" id=\"Troisieme_sejour_2025\"><\/span>Troisi\u00e8me s\u00e9jour 2025<span class=\"ez-toc-section-end\"><\/span><\/h3>\n<ul>\n<li>du 16 au 27 juin 2025 (toutes zones confondues)<\/li>\n<\/ul>\n<h3><span class=\"ez-toc-section\" id=\"Quatrieme_sejour_2025\"><\/span>Quatri\u00e8me s\u00e9jour 2025<span class=\"ez-toc-section-end\"><\/span><\/h3>\n<ul>\n<li>du 4 au 15 juillet 2025 (toutes zones confondues)<\/li>\n<\/ul>\n<p>\u00c0 noter : les jeunes non scolaris\u00e9s, en apprentissage, en emploi ou dans d&rsquo;autres situations sont \u00e9galement concern\u00e9s par ces quatre sessions.<\/p>\n<p><em>(*) L\u2019ancienne secr\u00e9taire d\u2019\u00c9tat aux victimes <strong>Juliette M\u00e9adel<\/strong>, le conseiller d\u2019\u00c9tat <strong>Thierry Tuot<\/strong>, le pr\u00e9fet <strong>Kl\u00e9ber Arhoul<\/strong>, la d\u00e9l\u00e9gu\u00e9e g\u00e9n\u00e9rale de la F\u00e9d\u00e9ration de la formation professionnelle <strong>Emmanuelle P\u00e9r\u00e8s<\/strong>, la pr\u00e9sidente de l\u2019association CitizenCorps <strong>Marion Chapulut<\/strong> et le consultant en ressources humaines <strong>Guy Lavocat<\/strong>.<\/em><\/p>\n","protected":false},"excerpt":{"rendered":"<p>Instaur\u00e9 en 2019, le service national universel est un dispositif visant \u00e0 favoriser le \u00ab brassage social \u00bb et le partage des \u00ab valeurs r\u00e9publicaines \u00bb chez les jeunes. En 2024, 80.000 volontaires de 17 \u00e0 25 ans ont particip\u00e9 \u00e0 l&rsquo;un des quatre s\u00e9jours de coh\u00e9sion organis\u00e9s hors temps scolaire. Le pr\u00e9sident Emmanuel Macron s&rsquo;est prononc\u00e9, en mars 2025, pour une \u00ab\u00a0grande refonte du SNU\u00a0\u00bb.<\/p>\n","protected":false},"author":13713,"featured_media":339,"comment_status":"closed","ping_status":"closed","sticky":false,"template":"","format":"standard","meta":{"footnotes":""},"categories":[19],"tags":[],"class_list":["post-340","post","type-post","status-publish","format-standard","has-post-thumbnail","hentry","category-formalites"],"acf":[],"yoast_head":"<!-- This site is optimized with the Yoast SEO plugin v24.9 - https:\/\/yoast.com\/wordpress\/plugins\/seo\/ -->\n<title>Service national universel 2025 : d\u00e9finition, \u00e2ge, obligation, mise en place<\/title>\n<meta name=\"description\" content=\"Promis par Emmanuel Macron, le SNU est un dispositif visant \u00e0 favoriser le \u00ab brassage social \u00bb et le partage des \u00ab valeurs r\u00e9publicaines \u00bb chez les jeunes.\" \/>\n<meta name=\"robots\" content=\"index, follow, max-snippet:-1, max-image-preview:large, max-video-preview:-1\" \/>\n<link rel=\"canonical\" href=\"https:\/\/www.toutsurmesfinances.com\/vie-pratique\/a\/snu-tout-savoir-sur-le-futur-service-national-universel\" \/>\n<meta property=\"og:locale\" content=\"fr_FR\" \/>\n<meta property=\"og:type\" content=\"article\" \/>\n<meta property=\"og:title\" content=\"Service national universel 2025 : d\u00e9finition, \u00e2ge, obligation, mise en place\" \/>\n<meta property=\"og:description\" content=\"Promis par Emmanuel Macron, le SNU est un dispositif visant \u00e0 favoriser le \u00ab brassage social \u00bb et le partage des \u00ab valeurs r\u00e9publicaines \u00bb chez les jeunes.\" \/>\n<meta property=\"og:url\" content=\"https:\/\/www.toutsurmesfinances.com\/vie-pratique\/a\/snu-tout-savoir-sur-le-futur-service-national-universel\" \/>\n<meta property=\"og:site_name\" content=\"Vie pratique\" \/>\n<meta property=\"article:published_time\" content=\"2018-08-16T13:35:12+00:00\" \/>\n<meta property=\"article:modified_time\" content=\"2025-03-19T17:04:00+00:00\" \/>\n<meta property=\"og:image\" content=\"https:\/\/www.toutsurmesfinances.com\/vie-pratique\/wp-content\/uploads\/sites\/9\/2018\/08\/service-national-unifie.jpg\" \/>\n\t<meta property=\"og:image:width\" content=\"823\" \/>\n\t<meta property=\"og:image:height\" content=\"463\" \/>\n\t<meta property=\"og:image:type\" content=\"image\/jpeg\" \/>\n<meta name=\"author\" content=\"Jean-Philippe Dubosc\" \/>\n<meta name=\"twitter:card\" content=\"summary_large_image\" \/>\n<meta name=\"twitter:creator\" content=\"@Toutsur\" \/>\n<meta name=\"twitter:site\" content=\"@Toutsur\" \/>\n<meta name=\"twitter:label1\" content=\"\u00c9crit par\" \/>\n\t<meta name=\"twitter:data1\" content=\"Jean-Philippe Dubosc\" \/>\n\t<meta name=\"twitter:label2\" content=\"Dur\u00e9e de lecture estim\u00e9e\" \/>\n\t<meta name=\"twitter:data2\" content=\"8 minutes\" \/>\n<script type=\"application\/ld+json\" class=\"yoast-schema-graph\">{\"@context\":\"https:\/\/schema.org\",\"@graph\":[{\"@type\":\"Article\",\"@id\":\"https:\/\/www.toutsurmesfinances.com\/vie-pratique\/a\/snu-tout-savoir-sur-le-futur-service-national-universel#article\",\"isPartOf\":{\"@id\":\"https:\/\/www.toutsurmesfinances.com\/vie-pratique\/a\/snu-tout-savoir-sur-le-futur-service-national-universel\"},\"author\":{\"name\":\"Jean-Philippe Dubosc\",\"@id\":\"https:\/\/www.toutsurmesfinances.com\/vie-pratique\/#\/schema\/person\/addc9e9b3978fa7947ead71bab57694c\"},\"headline\":\"SNU : tout savoir sur le service national universel\",\"dateModified\":\"2025-03-19T17:04:00+00:00\",\"mainEntityOfPage\":{\"@id\":\"https:\/\/www.toutsurmesfinances.com\/vie-pratique\/a\/snu-tout-savoir-sur-le-futur-service-national-universel\"},\"wordCount\":1645,\"publisher\":{\"@id\":\"https:\/\/www.toutsurmesfinances.com\/vie-pratique\/#organization\"},\"image\":{\"@id\":\"https:\/\/www.toutsurmesfinances.com\/vie-pratique\/a\/snu-tout-savoir-sur-le-futur-service-national-universel#primaryimage\"},\"thumbnailUrl\":\"https:\/\/www.toutsurmesfinances.com\/vie-pratique\/wp-content\/uploads\/sites\/9\/2018\/08\/service-national-unifie.jpg\",\"articleSection\":[\"Formalit\u00e9s\"],\"inLanguage\":\"fr-FR\"},{\"@type\":\"WebPage\",\"@id\":\"https:\/\/www.toutsurmesfinances.com\/vie-pratique\/a\/snu-tout-savoir-sur-le-futur-service-national-universel\",\"url\":\"https:\/\/www.toutsurmesfinances.com\/vie-pratique\/a\/snu-tout-savoir-sur-le-futur-service-national-universel\",\"name\":\"Service national universel 2025 : d\u00e9finition, \u00e2ge, obligation, mise en place\",\"isPartOf\":{\"@id\":\"https:\/\/www.toutsurmesfinances.com\/vie-pratique\/#website\"},\"primaryImageOfPage\":{\"@id\":\"https:\/\/www.toutsurmesfinances.com\/vie-pratique\/a\/snu-tout-savoir-sur-le-futur-service-national-universel#primaryimage\"},\"image\":{\"@id\":\"https:\/\/www.toutsurmesfinances.com\/vie-pratique\/a\/snu-tout-savoir-sur-le-futur-service-national-universel#primaryimage\"},\"thumbnailUrl\":\"https:\/\/www.toutsurmesfinances.com\/vie-pratique\/wp-content\/uploads\/sites\/9\/2018\/08\/service-national-unifie.jpg\",\"dateModified\":\"2025-03-19T17:04:00+00:00\",\"description\":\"Promis par Emmanuel Macron, le SNU est un dispositif visant \u00e0 favoriser le \u00ab brassage social \u00bb et le partage des \u00ab valeurs r\u00e9publicaines \u00bb chez les jeunes.\",\"breadcrumb\":{\"@id\":\"https:\/\/www.toutsurmesfinances.com\/vie-pratique\/a\/snu-tout-savoir-sur-le-futur-service-national-universel#breadcrumb\"},\"inLanguage\":\"fr-FR\",\"potentialAction\":[{\"@type\":\"ReadAction\",\"target\":[\"https:\/\/www.toutsurmesfinances.com\/vie-pratique\/a\/snu-tout-savoir-sur-le-futur-service-national-universel\"]}]},{\"@type\":\"ImageObject\",\"inLanguage\":\"fr-FR\",\"@id\":\"https:\/\/www.toutsurmesfinances.com\/vie-pratique\/a\/snu-tout-savoir-sur-le-futur-service-national-universel#primaryimage\",\"url\":\"https:\/\/www.toutsurmesfinances.com\/vie-pratique\/wp-content\/uploads\/sites\/9\/2018\/08\/service-national-unifie.jpg\",\"contentUrl\":\"https:\/\/www.toutsurmesfinances.com\/vie-pratique\/wp-content\/uploads\/sites\/9\/2018\/08\/service-national-unifie.jpg\",\"width\":823,\"height\":463,\"caption\":\"Le service national universel pourrait entrer en vigueur d\u00e8s 2019\"},{\"@type\":\"BreadcrumbList\",\"@id\":\"https:\/\/www.toutsurmesfinances.com\/vie-pratique\/a\/snu-tout-savoir-sur-le-futur-service-national-universel#breadcrumb\",\"itemListElement\":[{\"@type\":\"ListItem\",\"position\":1,\"name\":\"Accueil\",\"item\":\"https:\/\/www.toutsurmesfinances.com\/vie-pratique\/\"},{\"@type\":\"ListItem\",\"position\":2,\"name\":\"Formalit\u00e9s\",\"item\":\"https:\/\/www.toutsurmesfinances.com\/vie-pratique\/c\/formalites\"},{\"@type\":\"ListItem\",\"position\":3,\"name\":\"SNU : tout savoir sur le service national universel\"}]},{\"@type\":\"WebSite\",\"@id\":\"https:\/\/www.toutsurmesfinances.com\/vie-pratique\/#website\",\"url\":\"https:\/\/www.toutsurmesfinances.com\/vie-pratique\/\",\"name\":\"Vie pratique\",\"description\":\"\",\"publisher\":{\"@id\":\"https:\/\/www.toutsurmesfinances.com\/vie-pratique\/#organization\"},\"potentialAction\":[{\"@type\":\"SearchAction\",\"target\":{\"@type\":\"EntryPoint\",\"urlTemplate\":\"https:\/\/www.toutsurmesfinances.com\/vie-pratique\/?s={search_term_string}\"},\"query-input\":{\"@type\":\"PropertyValueSpecification\",\"valueRequired\":true,\"valueName\":\"search_term_string\"}}],\"inLanguage\":\"fr-FR\"},{\"@type\":\"Organization\",\"@id\":\"https:\/\/www.toutsurmesfinances.com\/vie-pratique\/#organization\",\"name\":\"Tout Sur Mes Finances\",\"url\":\"https:\/\/www.toutsurmesfinances.com\/vie-pratique\/\",\"logo\":{\"@type\":\"ImageObject\",\"inLanguage\":\"fr-FR\",\"@id\":\"https:\/\/www.toutsurmesfinances.com\/vie-pratique\/#\/schema\/logo\/image\/\",\"url\":\"https:\/\/www.toutsurmesfinances.com\/vie-pratique\/wp-content\/uploads\/sites\/9\/2021\/01\/favicon.png\",\"contentUrl\":\"https:\/\/www.toutsurmesfinances.com\/vie-pratique\/wp-content\/uploads\/sites\/9\/2021\/01\/favicon.png\",\"width\":512,\"height\":512,\"caption\":\"Tout Sur Mes Finances\"},\"image\":{\"@id\":\"https:\/\/www.toutsurmesfinances.com\/vie-pratique\/#\/schema\/logo\/image\/\"},\"sameAs\":[\"https:\/\/x.com\/Toutsur\"]},{\"@type\":\"Person\",\"@id\":\"https:\/\/www.toutsurmesfinances.com\/vie-pratique\/#\/schema\/person\/addc9e9b3978fa7947ead71bab57694c\",\"name\":\"Jean-Philippe Dubosc\",\"image\":{\"@type\":\"ImageObject\",\"inLanguage\":\"fr-FR\",\"@id\":\"https:\/\/www.toutsurmesfinances.com\/vie-pratique\/#\/schema\/person\/image\/\",\"url\":\"https:\/\/secure.gravatar.com\/avatar\/a3cba30cdda1afe79f6ebffc6e952291?s=96&d=mm&r=g\",\"contentUrl\":\"https:\/\/secure.gravatar.com\/avatar\/a3cba30cdda1afe79f6ebffc6e952291?s=96&d=mm&r=g\",\"caption\":\"Jean-Philippe Dubosc\"},\"description\":\"Jean-Philippe Dubosc est r\u00e9dacteur en chef de ToutSurMesFinances.com et sp\u00e9cialiste des questions de retraite obligatoire et d\u2019\u00e9pargne. Pr\u00e9sent au sein du m\u00e9dia depuis plus de 13 ans, il analyse les r\u00e9formes, les dispositifs r\u00e9glementaires et les strat\u00e9gies de d\u00e9part \u00e0 la retraite, avec une approche fond\u00e9e sur une lecture rigoureuse des textes et une connaissance approfondie des diff\u00e9rents r\u00e9gimes de retraite.\",\"sameAs\":[\"https:\/\/www.toutsurmesfinances.com\/author\/jpdubosc\",\"https:\/\/fr.linkedin.com\/in\/jpdubosc\"]}]}<\/script>\n<!-- \/ Yoast SEO plugin. -->","yoast_head_json":{"title":"Service national universel 2025 : d\u00e9finition, \u00e2ge, obligation, mise en place","description":"Promis par Emmanuel Macron, le SNU est un dispositif visant \u00e0 favoriser le \u00ab brassage social \u00bb et le partage des \u00ab valeurs r\u00e9publicaines \u00bb chez les jeunes.","robots":{"index":"index","follow":"follow","max-snippet":"max-snippet:-1","max-image-preview":"max-image-preview:large","max-video-preview":"max-video-preview:-1"},"canonical":"https:\/\/www.toutsurmesfinances.com\/vie-pratique\/a\/snu-tout-savoir-sur-le-futur-service-national-universel","og_locale":"fr_FR","og_type":"article","og_title":"Service national universel 2025 : d\u00e9finition, \u00e2ge, obligation, mise en place","og_description":"Promis par Emmanuel Macron, le SNU est un dispositif visant \u00e0 favoriser le \u00ab brassage social \u00bb et le partage des \u00ab valeurs r\u00e9publicaines \u00bb chez les jeunes.","og_url":"https:\/\/www.toutsurmesfinances.com\/vie-pratique\/a\/snu-tout-savoir-sur-le-futur-service-national-universel","og_site_name":"Vie pratique","article_published_time":"2018-08-16T13:35:12+00:00","article_modified_time":"2025-03-19T17:04:00+00:00","og_image":[{"width":823,"height":463,"url":"https:\/\/www.toutsurmesfinances.com\/vie-pratique\/wp-content\/uploads\/sites\/9\/2018\/08\/service-national-unifie.jpg","type":"image\/jpeg"}],"author":"Jean-Philippe Dubosc","twitter_card":"summary_large_image","twitter_creator":"@Toutsur","twitter_site":"@Toutsur","twitter_misc":{"\u00c9crit par":"Jean-Philippe Dubosc","Dur\u00e9e de lecture estim\u00e9e":"8 minutes"},"schema":{"@context":"https:\/\/schema.org","@graph":[{"@type":"Article","@id":"https:\/\/www.toutsurmesfinances.com\/vie-pratique\/a\/snu-tout-savoir-sur-le-futur-service-national-universel#article","isPartOf":{"@id":"https:\/\/www.toutsurmesfinances.com\/vie-pratique\/a\/snu-tout-savoir-sur-le-futur-service-national-universel"},"author":{"name":"Jean-Philippe Dubosc","@id":"https:\/\/www.toutsurmesfinances.com\/vie-pratique\/#\/schema\/person\/addc9e9b3978fa7947ead71bab57694c"},"headline":"SNU : tout savoir sur le service national universel","dateModified":"2025-03-19T17:04:00+00:00","mainEntityOfPage":{"@id":"https:\/\/www.toutsurmesfinances.com\/vie-pratique\/a\/snu-tout-savoir-sur-le-futur-service-national-universel"},"wordCount":1645,"publisher":{"@id":"https:\/\/www.toutsurmesfinances.com\/vie-pratique\/#organization"},"image":{"@id":"https:\/\/www.toutsurmesfinances.com\/vie-pratique\/a\/snu-tout-savoir-sur-le-futur-service-national-universel#primaryimage"},"thumbnailUrl":"https:\/\/www.toutsurmesfinances.com\/vie-pratique\/wp-content\/uploads\/sites\/9\/2018\/08\/service-national-unifie.jpg","articleSection":["Formalit\u00e9s"],"inLanguage":"fr-FR"},{"@type":"WebPage","@id":"https:\/\/www.toutsurmesfinances.com\/vie-pratique\/a\/snu-tout-savoir-sur-le-futur-service-national-universel","url":"https:\/\/www.toutsurmesfinances.com\/vie-pratique\/a\/snu-tout-savoir-sur-le-futur-service-national-universel","name":"Service national universel 2025 : d\u00e9finition, \u00e2ge, obligation, mise en place","isPartOf":{"@id":"https:\/\/www.toutsurmesfinances.com\/vie-pratique\/#website"},"primaryImageOfPage":{"@id":"https:\/\/www.toutsurmesfinances.com\/vie-pratique\/a\/snu-tout-savoir-sur-le-futur-service-national-universel#primaryimage"},"image":{"@id":"https:\/\/www.toutsurmesfinances.com\/vie-pratique\/a\/snu-tout-savoir-sur-le-futur-service-national-universel#primaryimage"},"thumbnailUrl":"https:\/\/www.toutsurmesfinances.com\/vie-pratique\/wp-content\/uploads\/sites\/9\/2018\/08\/service-national-unifie.jpg","dateModified":"2025-03-19T17:04:00+00:00","description":"Promis par Emmanuel Macron, le SNU est un dispositif visant \u00e0 favoriser le \u00ab brassage social \u00bb et le partage des \u00ab valeurs r\u00e9publicaines \u00bb chez les jeunes.","breadcrumb":{"@id":"https:\/\/www.toutsurmesfinances.com\/vie-pratique\/a\/snu-tout-savoir-sur-le-futur-service-national-universel#breadcrumb"},"inLanguage":"fr-FR","potentialAction":[{"@type":"ReadAction","target":["https:\/\/www.toutsurmesfinances.com\/vie-pratique\/a\/snu-tout-savoir-sur-le-futur-service-national-universel"]}]},{"@type":"ImageObject","inLanguage":"fr-FR","@id":"https:\/\/www.toutsurmesfinances.com\/vie-pratique\/a\/snu-tout-savoir-sur-le-futur-service-national-universel#primaryimage","url":"https:\/\/www.toutsurmesfinances.com\/vie-pratique\/wp-content\/uploads\/sites\/9\/2018\/08\/service-national-unifie.jpg","contentUrl":"https:\/\/www.toutsurmesfinances.com\/vie-pratique\/wp-content\/uploads\/sites\/9\/2018\/08\/service-national-unifie.jpg","width":823,"height":463,"caption":"Le service national universel pourrait entrer en vigueur d\u00e8s 2019"},{"@type":"BreadcrumbList","@id":"https:\/\/www.toutsurmesfinances.com\/vie-pratique\/a\/snu-tout-savoir-sur-le-futur-service-national-universel#breadcrumb","itemListElement":[{"@type":"ListItem","position":1,"name":"Accueil","item":"https:\/\/www.toutsurmesfinances.com\/vie-pratique\/"},{"@type":"ListItem","position":2,"name":"Formalit\u00e9s","item":"https:\/\/www.toutsurmesfinances.com\/vie-pratique\/c\/formalites"},{"@type":"ListItem","position":3,"name":"SNU : tout savoir sur le service national universel"}]},{"@type":"WebSite","@id":"https:\/\/www.toutsurmesfinances.com\/vie-pratique\/#website","url":"https:\/\/www.toutsurmesfinances.com\/vie-pratique\/","name":"Vie pratique","description":"","publisher":{"@id":"https:\/\/www.toutsurmesfinances.com\/vie-pratique\/#organization"},"potentialAction":[{"@type":"SearchAction","target":{"@type":"EntryPoint","urlTemplate":"https:\/\/www.toutsurmesfinances.com\/vie-pratique\/?s={search_term_string}"},"query-input":{"@type":"PropertyValueSpecification","valueRequired":true,"valueName":"search_term_string"}}],"inLanguage":"fr-FR"},{"@type":"Organization","@id":"https:\/\/www.toutsurmesfinances.com\/vie-pratique\/#organization","name":"Tout Sur Mes Finances","url":"https:\/\/www.toutsurmesfinances.com\/vie-pratique\/","logo":{"@type":"ImageObject","inLanguage":"fr-FR","@id":"https:\/\/www.toutsurmesfinances.com\/vie-pratique\/#\/schema\/logo\/image\/","url":"https:\/\/www.toutsurmesfinances.com\/vie-pratique\/wp-content\/uploads\/sites\/9\/2021\/01\/favicon.png","contentUrl":"https:\/\/www.toutsurmesfinances.com\/vie-pratique\/wp-content\/uploads\/sites\/9\/2021\/01\/favicon.png","width":512,"height":512,"caption":"Tout Sur Mes Finances"},"image":{"@id":"https:\/\/www.toutsurmesfinances.com\/vie-pratique\/#\/schema\/logo\/image\/"},"sameAs":["https:\/\/x.com\/Toutsur"]},{"@type":"Person","@id":"https:\/\/www.toutsurmesfinances.com\/vie-pratique\/#\/schema\/person\/addc9e9b3978fa7947ead71bab57694c","name":"Jean-Philippe Dubosc","image":{"@type":"ImageObject","inLanguage":"fr-FR","@id":"https:\/\/www.toutsurmesfinances.com\/vie-pratique\/#\/schema\/person\/image\/","url":"https:\/\/secure.gravatar.com\/avatar\/a3cba30cdda1afe79f6ebffc6e952291?s=96&d=mm&r=g","contentUrl":"https:\/\/secure.gravatar.com\/avatar\/a3cba30cdda1afe79f6ebffc6e952291?s=96&d=mm&r=g","caption":"Jean-Philippe Dubosc"},"description":"Jean-Philippe Dubosc est r\u00e9dacteur en chef de ToutSurMesFinances.com et sp\u00e9cialiste des questions de retraite obligatoire et d\u2019\u00e9pargne. Pr\u00e9sent au sein du m\u00e9dia depuis plus de 13 ans, il analyse les r\u00e9formes, les dispositifs r\u00e9glementaires et les strat\u00e9gies de d\u00e9part \u00e0 la retraite, avec une approche fond\u00e9e sur une lecture rigoureuse des textes et une connaissance approfondie des diff\u00e9rents r\u00e9gimes de retraite.","sameAs":["https:\/\/www.toutsurmesfinances.com\/author\/jpdubosc","https:\/\/fr.linkedin.com\/in\/jpdubosc"]}]}},"_links":{"self":[{"href":"https:\/\/www.toutsurmesfinances.com\/vie-pratique\/wp-json\/wp\/v2\/posts\/340","targetHints":{"allow":["GET"]}}],"collection":[{"href":"https:\/\/www.toutsurmesfinances.com\/vie-pratique\/wp-json\/wp\/v2\/posts"}],"about":[{"href":"https:\/\/www.toutsurmesfinances.com\/vie-pratique\/wp-json\/wp\/v2\/types\/post"}],"author":[{"embeddable":true,"href":"https:\/\/www.toutsurmesfinances.com\/vie-pratique\/wp-json\/wp\/v2\/users\/13713"}],"replies":[{"embeddable":true,"href":"https:\/\/www.toutsurmesfinances.com\/vie-pratique\/wp-json\/wp\/v2\/comments?post=340"}],"version-history":[{"count":4,"href":"https:\/\/www.toutsurmesfinances.com\/vie-pratique\/wp-json\/wp\/v2\/posts\/340\/revisions"}],"predecessor-version":[{"id":11109,"href":"https:\/\/www.toutsurmesfinances.com\/vie-pratique\/wp-json\/wp\/v2\/posts\/340\/revisions\/11109"}],"wp:featuredmedia":[{"embeddable":true,"href":"https:\/\/www.toutsurmesfinances.com\/vie-pratique\/wp-json\/wp\/v2\/media\/339"}],"wp:attachment":[{"href":"https:\/\/www.toutsurmesfinances.com\/vie-pratique\/wp-json\/wp\/v2\/media?parent=340"}],"wp:term":[{"taxonomy":"category","embeddable":true,"href":"https:\/\/www.toutsurmesfinances.com\/vie-pratique\/wp-json\/wp\/v2\/categories?post=340"},{"taxonomy":"post_tag","embeddable":true,"href":"https:\/\/www.toutsurmesfinances.com\/vie-pratique\/wp-json\/wp\/v2\/tags?post=340"}],"curies":[{"name":"wp","href":"https:\/\/api.w.org\/{rel}","templated":true}]}}