{"id":8072,"date":"2021-07-07T17:49:02","date_gmt":"2021-07-07T15:49:02","guid":{"rendered":"https:\/\/www.toutsurmesfinances.com\/vie-pratique\/?p=8072"},"modified":"2025-02-12T11:14:03","modified_gmt":"2025-02-12T10:14:03","slug":"presidentielle-dates-candidats-sondages","status":"publish","type":"post","link":"https:\/\/www.toutsurmesfinances.com\/vie-pratique\/a\/presidentielle-dates-candidats-sondages","title":{"rendered":"Pr\u00e9sidentielle 2027 : dates, candidats, r\u00e9sultats, sondages"},"content":{"rendered":"<h2><span class=\"ez-toc-section\" id=\"Presidentielle_2027_a_quelles_dates_ont_lieu_les_elections\"><\/span>Pr\u00e9sidentielle 2027 : \u00e0 quelles dates ont lieu les \u00e9lections ?<span class=\"ez-toc-section-end\"><\/span><\/h2>\n<p>Les dates officielles de l\u2019\u00e9lection pr\u00e9sidentielle de 2027 ne sont pas encore connues. Le calendrier est pr\u00e9vu par la Constitution : l\u2019\u00e9lection du nouveau pr\u00e9sident ou de la premi\u00e8re pr\u00e9sidente aura lieu au moins 20 jours et au maximum 35 jours au plus avant l\u2019expiration des pouvoirs d&rsquo;Emmanuel Macron, dont le second quinquennat se terminera le 13 mai 2027.<\/p>\n<p>Selon l&rsquo;article L55 du Code \u00e9lectoral, le scrutin a toujours lieu un dimanche.<\/p>\n<p>Les dates de l\u2019\u00e9lection pr\u00e9sidentielle de 2022 ont annonc\u00e9es \u00e0 l&rsquo;issue du Conseil des ministres du 13 juillet 2021. Le scrutin pr\u00e9sidentiel &#8211; le douzi\u00e8me organis\u00e9 sous la V<sup>\u00e8me<\/sup> R\u00e9publique, et le onzi\u00e8me au suffrage universel &#8211; a eu lieu :<\/p>\n<ul>\n<li>le dimanche 10 avril 2022, pour le premier tour<\/li>\n<li>le dimanche 24 avril 2022, pour le second tour (aucun candidat n&rsquo;ayant remport\u00e9 la majorit\u00e9 absolue des suffrages exprim\u00e9s au premier tour)<\/li>\n<\/ul>\n<p>Ce calendrier \u00e9tait diff\u00e9rent pour les territoires d&rsquo;Outre-mer. En Guadeloupe, en Martinique, en Guyane, \u00e0 Saint-Pierre-et-Miquelon, \u00e0 Saint-Barth\u00e9lemy, \u00e0 Saint-Martin et en Polyn\u00e9sie fran\u00e7aise, les \u00e9lecteurs ont vot\u00e9 le samedi (9 avril 2022 pour le premier tour, et 23 avril 2022 pour le second tour), et ce, pour tenir compte du d\u00e9calage horaire.<\/p>\n<p>Ces dates ont \u00e9t\u00e9 officialis\u00e9es par la publication d&rsquo;un d\u00e9cret de convocation des \u00e9lecteurs <a href=\"https:\/\/www.legifrance.gouv.fr\/jorf\/id\/JORFTEXT000045076426\" target=\"_blank\" rel=\"nofollow noopener noreferrer\">paru au <em>Journal Officiel<\/em> du 27 janvier 2022<\/a>.<\/p>\n<p>Le ministre de l&rsquo;Int\u00e9rieur, G\u00e9rald Darmanin, avait consult\u00e9 l&rsquo;ensemble des formations politiques pour discuter des deux options qui \u00e9taient \u00e9voqu\u00e9es autour du calendrier \u00e9lectoral : les dates finalement retenues, et les dates du 17 avril 2022 pour le premier tour et du 1er mai 2022 pour le second. Cette deuxi\u00e8me option, qui int\u00e9grait la tenue du scrutin le jour de la f\u00eate du Travail (le 1er mai, un jour f\u00e9ri\u00e9 traditionnellement marqu\u00e9 par de nombreuses manifestations), avait finalement \u00e9t\u00e9 \u00e9cart\u00e9e.<\/p>\n<p>Selon le calendrier d\u00e9finitif, les \u00e9lections l\u00e9gislatives qui suivront l&rsquo;\u00e9lection pr\u00e9sidentielle auront lieu :<\/p>\n<ul>\n<li>le<strong> dimanche 12 juin 2022<\/strong> pour le premier tour<\/li>\n<li>le <strong>dimanche 19 juin 2022<\/strong> pour le second tour<\/li>\n<\/ul>\n<p>C\u2019est <a href=\"https:\/\/www.legifrance.gouv.fr\/loda\/article_lc\/LEGIARTI000006527466\" target=\"_blank\" rel=\"nofollow noopener noreferrer\">l&rsquo;article 7 de la Constitution du 4 octobre 1958<\/a> qui encadre le calendrier de l\u2019\u00e9lection pr\u00e9sidentielle en France. \u00ab\u00a0L&rsquo;\u00e9lection du nouveau pr\u00e9sident a lieu vingt jours au moins et trente-cinq jours au plus avant l&rsquo;expiration des pouvoirs du pr\u00e9sident en exercice\u00a0\u00bb, dispose le texte.<\/p>\n<p>Selon une publication de l&rsquo;Insee <a href=\"https:\/\/www.insee.fr\/fr\/statistiques\/6322895\" target=\"_blank\" rel=\"nofollow noopener noreferrer\">en date du 24 mars 2022<\/a>, pr\u00e8s de 48,7 millions d&rsquo;\u00e9lecteurs \u00e9taient inscrits pour l&rsquo;\u00e9lection pr\u00e9sidentielle de 2022.<\/p>\n<p>Pour rappel, l\u2019actuel chef de l\u2019\u00c9tat, Emmanuel Macron, avait pris ses fonctions le 14 mai 2017. En cons\u00e9quence, son mandat s\u2019ach\u00e8vera au plus tard le 13 mai 2022. C\u2019est \u00e0 cette date, qui marque la fin officielle de son premier quinquennat, que d\u00e9butera son second mandat.<\/p>\n<p>En 2017, le premier tour de la pr\u00e9sidentielle s\u2019\u00e9tait d\u00e9roul\u00e9 le dimanche 23 avril 2017 et le second tour, le dimanche 7 mai 2017.<\/p>\n<p><strong>ATTENTION :<\/strong> le calendrier de l\u2019\u00e9lection pr\u00e9sidentielle est susceptible d\u2019\u00eatre boulevers\u00e9 en cas de d\u00e9c\u00e8s ou de d\u00e9mission du pr\u00e9sident de la R\u00e9publique en exercice (cf. article 7 alin\u00e9a 4 de la Constitution). Une situation qui ne s\u2019est pr\u00e9sent\u00e9e qu\u2019une seule fois depuis 1958, avec la mort de Georges Pompidou en avril 1974, peu de temps avant la fin de son mandat.<strong><br \/>\n<\/strong><\/p>\n<p><strong>\u00c0 LIRE AUSSI :<\/strong> <a href=\"https:\/\/www.toutsurmesfinances.com\/vie-pratique\/a\/vote-par-procuration-definition-demarches-resiliation\">Vote par procuration, mode d&#8217;emploi<\/a><\/p>\n<h2><span class=\"ez-toc-section\" id=\"Presidentielle_2022_les_resultats_du_scrutin\"><\/span>Pr\u00e9sidentielle 2022 : les r\u00e9sultats du scrutin<span class=\"ez-toc-section-end\"><\/span><\/h2>\n<p><strong>Emmanuel Macron<\/strong>, pr\u00e9sident de la R\u00e9publique sortant et candidat (La R\u00e9publique en Marche) \u00e0 sa r\u00e9\u00e9lection, a remport\u00e9 l&rsquo;\u00e9lection pr\u00e9sidentielle de 2022. Au second tour, organis\u00e9 le 24 avril 2022, il a obtenu\u00a0 58,54% des suffrages exprim\u00e9s, selon les chiffres du minist\u00e8re de l\u2019Int\u00e9rieur. Sa rivale, <strong>Marine Le Pen<\/strong> (Rassemblement national), recueilli 41,46% des suffrages exprim\u00e9s. Emmanuel Macron est le premier pr\u00e9sident sortant r\u00e9\u00e9lu hors cohabitation dans l&rsquo;histoire de la V\u00e8me R\u00e9publique.<\/p>\n<p>Au premier\u00a0 tour, <strong>Emmanuel Macron<\/strong> est arriv\u00e9 en t\u00eate le 10 avril 2022. Le pr\u00e9sident sortant a recueilli 27,84% des suffrages exprim\u00e9s. Il a devanc\u00e9 la candidate du RN <strong>Marine Le Pen<\/strong> (23,15%).\u00a0Le candidat de la France Insoumise (LFI), <strong>Jean-Luc M\u00e9lenchon<\/strong>, s&rsquo;est octroy\u00e9 la troisi\u00e8me position \u00e0 moins de 2% des deux qualifi\u00e9s, recueillant 21,91% des suffrages exprim\u00e9s. Les neuf autres pr\u00e9tendants sont arriv\u00e9s loin derri\u00e8re, \u00e0 moins de 10%.<\/p>\n<p>Le scrutin a une nouvelle fois \u00e9t\u00e9 boud\u00e9 par les \u00e9lecteurs. Le taux d&rsquo;abstention est tr\u00e8s \u00e9lev\u00e9, puisque plus d&rsquo;un quart d&rsquo;entre eux ne se sont pas rendus aux urnes au premier et au second tour. Le taux d&rsquo;abstention a atteint 26,31% le 10 avril et 28,01% le 24 avril, selon les donn\u00e9es d\u00e9finitives du minist\u00e8re de l&rsquo;Int\u00e9rieur.<\/p>\n<p>Le tableau ci-dessous indique les r\u00e9sultats de l&rsquo;\u00e9lection pr\u00e9sidentielle fran\u00e7aise de 2022, tels que valid\u00e9s par le Conseil constitutionnel pour le\u00a0<a href=\"https:\/\/www.legifrance.gouv.fr\/jorf\/id\/JORFTEXT000045570394\" target=\"_blank\" rel=\"nofollow noopener noreferrer\">premier tour<\/a> et le <a href=\"https:\/\/www.legifrance.gouv.fr\/jorf\/id\/JORFTEXT000045682724\" target=\"_blank\" rel=\"nofollow noopener noreferrer\">second tour<\/a> :<\/p>\n<div id=\"tablepress-105-scroll-wrapper\" class=\"tablepress-scroll-wrapper\">\n\n<table id=\"tablepress-105\" class=\"tablepress tablepress-id-105 tablepress-responsive\">\n<thead>\n<tr class=\"row-1 odd\">\n\t<th colspan=\"5\" class=\"column-1\"><strong>R\u00e9sultats de l'\u00e9lection pr\u00e9sidentielle fran\u00e7aise de 2022<\/strong><\/th>\n<\/tr>\n<\/thead>\n<tfoot>\n<tr class=\"row-22 even\">\n\t<th colspan=\"5\" class=\"column-1\"><em>Source\u00a0: minist\u00e8re de l\u2019Int\u00e9rieur<\/em><\/th>\n<\/tr>\n<\/tfoot>\n<tbody class=\"row-hover\">\n<tr class=\"row-2 even\">\n\t<td rowspan=\"2\" class=\"column-1\"><strong>Candidats<br \/>\n<em>(parti politique)<\/em><\/strong><\/td><td colspan=\"2\" class=\"column-2\"><strong>Premier tour<br \/>\n<\/strong>(10 avril 2022)<\/td><td colspan=\"2\" class=\"column-4\"><strong>Second tour<\/strong><br \/>\n(24 avril 2022)<\/td>\n<\/tr>\n<tr class=\"row-3 odd\">\n\t<td class=\"column-2\">Voix<\/td><td class=\"column-3\">% exprim\u00e9s<\/td><td class=\"column-4\">Voix<\/td><td class=\"column-5\">% exprim\u00e9s<\/td>\n<\/tr>\n<tr class=\"row-4 even\">\n\t<td class=\"column-1\"><strong>Emmanuel Macron<br \/>\n<em>(La R\u00e9publique En Marche)<\/em><\/strong><\/td><td class=\"column-2\">9.783.058<\/td><td class=\"column-3\">27,85%<\/td><td class=\"column-4\">18.768.639 (\u00c9LU)<\/td><td class=\"column-5\">58,55%<\/td>\n<\/tr>\n<tr class=\"row-5 odd\">\n\t<td class=\"column-1\"><strong>Marine Le Pen<br \/>\n<em>(Rassemblement national)<\/em><\/strong><\/td><td class=\"column-2\">8.133.828<\/td><td class=\"column-3\">23,15%<\/td><td class=\"column-4\">13.288.686\t<\/td><td class=\"column-5\">41,45%<\/td>\n<\/tr>\n<tr class=\"row-6 even\">\n\t<td class=\"column-1\">Jean-Luc M\u00e9lenchon<br \/>\n<em>(La France insoumise)<\/em><\/td><td class=\"column-2\">7.712.520<\/td><td colspan=\"3\" class=\"column-3\">21,95%<\/td>\n<\/tr>\n<tr class=\"row-7 odd\">\n\t<td class=\"column-1\">\u00c9ric Zemmour<em>(Reconqu\u00eate!)<\/em><\/td><td class=\"column-2\">2.485.226<\/td><td class=\"column-3\">7,07%<\/td>\n<\/tr>\n<tr class=\"row-8 even\">\n\t<td class=\"column-1\">Val\u00e9rie P\u00e9cresse<em>(Les R\u00e9publicains)<\/em><\/td><td class=\"column-2\">1.679.001<\/td><td colspan=\"3\" class=\"column-3\">4,78%<\/td>\n<\/tr>\n<tr class=\"row-9 odd\">\n\t<td class=\"column-1\">Yannick Jadot<em>(Europe \u00c9cologie - Les Verts)<\/em><\/td><td class=\"column-2\">1.627.853<\/td><td colspan=\"3\" class=\"column-3\">4,63%<\/td>\n<\/tr>\n<tr class=\"row-10 even\">\n\t<td class=\"column-1\">Jean Lassalle<br \/>\n<em>(R\u00e9sistons!)<\/em><\/td><td class=\"column-2\">1.101.387<\/td><td colspan=\"3\" class=\"column-3\">3,13%<\/td>\n<\/tr>\n<tr class=\"row-11 odd\">\n\t<td class=\"column-1\">Fabien Roussel<em>(Parti communiste fran\u00e7ais)<\/em><\/td><td class=\"column-2\">802.422<\/td><td colspan=\"3\" class=\"column-3\">2,28%<\/td>\n<\/tr>\n<tr class=\"row-12 even\">\n\t<td class=\"column-1\">Nicolas Dupont-Aignan<br \/>\n<em>(Debout la France)<\/em><\/td><td class=\"column-2\">725.176<\/td><td colspan=\"3\" class=\"column-3\">2,06%<\/td>\n<\/tr>\n<tr class=\"row-13 odd\">\n\t<td class=\"column-1\">Anne Hidalgo <em>(Parti socialiste)<\/em><\/td><td class=\"column-2\">616.478<\/td><td colspan=\"3\" class=\"column-3\">1,74%<\/td>\n<\/tr>\n<tr class=\"row-14 even\">\n\t<td class=\"column-1\">Philippe Poutou<br \/>\n<em>(Nouveau Parti anticapitaliste)<\/em><\/td><td class=\"column-2\">268.904<\/td><td colspan=\"3\" class=\"column-3\">0,76%<\/td>\n<\/tr>\n<tr class=\"row-15 odd\">\n\t<td class=\"column-1\">Nathalie Arthaud<br \/>\n<em>(Lutte ouvri\u00e8re)<\/em><\/td><td class=\"column-2\">197.094<\/td><td colspan=\"3\" class=\"column-3\">0,56%<\/td>\n<\/tr>\n<tr class=\"row-16 even\">\n\t<td class=\"column-1\">Suffrages exprim\u00e9s<\/td><td class=\"column-2\">35.132.947<\/td><td class=\"column-3\">97,82%<\/td><td class=\"column-4\">32.057.325<\/td><td class=\"column-5\">91,34%<\/td>\n<\/tr>\n<tr class=\"row-17 odd\">\n\t<td class=\"column-1\">Votes blancs<\/td><td class=\"column-2\">543.609<\/td><td class=\"column-3\">1,51%<\/td><td class=\"column-4\">2.233.904<\/td><td class=\"column-5\">6,37%<\/td>\n<\/tr>\n<tr class=\"row-18 even\">\n\t<td class=\"column-1\">Votes nuls<\/td><td class=\"column-2\">247.151<\/td><td class=\"column-3\">0,67%<\/td><td class=\"column-4\">805.249<\/td><td class=\"column-5\">2,29%<\/td>\n<\/tr>\n<tr class=\"row-19 odd\">\n\t<td class=\"column-1\"><strong>Total<\/strong><\/td><td class=\"column-2\"><strong>35.923.707<\/strong><\/td><td class=\"column-3\"><strong>100%<\/strong><\/td><td class=\"column-4\"><strong>35.096.478<\/strong><\/td><td class=\"column-5\"><strong>100%<\/strong><\/td>\n<\/tr>\n<tr class=\"row-20 even\">\n\t<td class=\"column-1\">Abstention<\/td><td class=\"column-2\">12.824.135<\/td><td class=\"column-3\">26,31%<\/td><td class=\"column-4\">13.656.109<\/td><td class=\"column-5\">28,01%<\/td>\n<\/tr>\n<tr class=\"row-21 odd\">\n\t<td class=\"column-1\">Inscrits \/ Participation<\/td><td class=\"column-2\">48.747.876<\/td><td class=\"column-3\">73,69%<\/td><td class=\"column-4\">48.752.339<\/td><td class=\"column-5\">71,99%<\/td>\n<\/tr>\n<\/tbody>\n<\/table>\n\n<\/div><!-- #tablepress-105 from cache -->\n<h2><span class=\"ez-toc-section\" id=\"Presidentielle_2022_12_candidats_qualifies_grace_aux_500_parrainages\"><\/span><strong>Pr\u00e9sidentielle 2022 : 12 candidats qualifi\u00e9s gr\u00e2ce aux 500 parrainages<\/strong><span class=\"ez-toc-section-end\"><\/span><\/h2>\n<p>Ce sont finalement 12 candidats qui se sont retrouv\u00e9s sur la ligne de d\u00e9part au premier tour de l\u2019\u00e9lection pr\u00e9sidentielle en 2022. Le pr\u00e9sident du Conseil constitutionnel, Laurent Fabius, a rendu publique, le 7 mars 2022, la liste des candidats ayant r\u00e9ussi \u00e0 recueillir les 500 parrainages n\u00e9cessaires pour se pr\u00e9senter au scrutin.<\/p>\n<p>Les 12 candidats qualifi\u00e9s pour le premier tour \u00e9taient, par ordre alphab\u00e9tique (l\u2019ordre diff\u00e8re de celui arr\u00eat\u00e9, apr\u00e8s tirage au sort, par le Conseil constitutionnel) :<\/p>\n<ul>\n<li><strong>Nathalie Arthaud<\/strong>, candidate Lutte Ouvri\u00e8re (576 parrainages valid\u00e9s)<\/li>\n<li><strong>Nicolas Dupont-Aignan<\/strong>, candidat de Debout la France (600 parrainages valid\u00e9s)<\/li>\n<li><strong>Anne Hidalgo<\/strong>, candidate socialiste (1.440\u00a0parrainages valid\u00e9s)<\/li>\n<li><strong>Yannick Jadot<\/strong>, candidat \u00e9cologiste (712 parrainages valid\u00e9s)<\/li>\n<li><strong>Jean Lassalle<\/strong>, candidat du mouvement \u00ab R\u00e9sistons \u00bb (642 parrainages valid\u00e9s)<\/li>\n<li><strong>Marine Le Pen<\/strong>, candidate du Rassemblement national (662 parrainages valid\u00e9s)<\/li>\n<li><strong>Emmanuel Macron<\/strong>, candidat de La R\u00e9publique en Marche (2.098 parrainages valid\u00e9s) &#8211; <a href=\"https:\/\/www.toutsurmesfinances.com\/argent\/a\/le-programme-d-emmanuel-macron-pour-2017\">Voir son programme 2022 \u00ab\u00a0finances personnelles\u00a0\u00bb<\/a><\/li>\n<li><strong>Jean-Luc M\u00e9lenchon<\/strong>, candidat de La France insoumise (906 parrainages valid\u00e9s) &#8211; <a href=\"https:\/\/www.toutsurmesfinances.com\/argent\/a\/presidentielle-2017-smic-retraites-fiscalite-le-programme-de-melenchon\">Voir son programme 2022 \u00ab\u00a0finances personnelles\u00a0\u00bb<\/a><\/li>\n<li><strong>Val\u00e9rie P\u00e9cresse<\/strong>, candidate Les R\u00e9publicains (2.636 parrainages valid\u00e9s)<\/li>\n<li><strong>Philippe Poutou<\/strong>, candidat du Nouveau Parti Anticapitaliste (596 parrainages valid\u00e9s)<\/li>\n<li><strong>Fabien Roussel<\/strong>, candidat du Parti communiste fran\u00e7ais (626 parrainages valid\u00e9s)<\/li>\n<li><strong>\u00c9ric Zemmour<\/strong>, candidat de Reconqu\u00eate ! (741 parrainages valid\u00e9s) &#8211; <a href=\"https:\/\/www.toutsurmesfinances.com\/argent\/a\/eric-zemmour-programme\">Voir son programme \u00ab\u00a0finances personnelles\u00a0\u00bb<\/a><\/li>\n<\/ul>\n<p>Cette liste d\u00e9finitive a fait l\u2019objet d\u2019une publication au<em> Journal Officiel<\/em> de la R\u00e9publique fran\u00e7aise <a href=\"https:\/\/www.legifrance.gouv.fr\/jorf\/id\/JORFTEXT000045309532\" target=\"_blank\" rel=\"nofollow noopener noreferrer\">dat\u00e9 du 8 mars 2022<\/a>.<\/p>\n<p>Pour \u00eatre en capacit\u00e9 de se pr\u00e9senter \u00e0 l\u2019\u00e9lection pr\u00e9sidentielle, les candidats doivent obligatoirement rassembler au moins 500 parrainages (les fameuses \u00ab 500 signatures \u00bb) d\u2019\u00e9lus locaux r\u00e9partis dans 30 d\u00e9partements ou territoires d\u2019Outre-mer diff\u00e9rents, sans que plus du dixi\u00e8me de ces 500 signatures (soit 50) proviennent d&rsquo;un m\u00eame d\u00e9partement ou territoire. \u00ab Nous en avons re\u00e7u 13.672, dont 13.427 ont \u00e9t\u00e9 valid\u00e9s \u00bb, a expliqu\u00e9 Laurent Fabius lors de la pr\u00e9sentation officielle des candidates et candidats qualifi\u00e9s pour le premier tour.<\/p>\n<h2><span class=\"ez-toc-section\" id=\"Candidats_qui_sest_declare_a_la_presidentielle_2022\"><\/span>Candidats : qui s&rsquo;est d\u00e9clar\u00e9 \u00e0 la pr\u00e9sidentielle 2022 ?<strong><br \/>\n<\/strong><span class=\"ez-toc-section-end\"><\/span><\/h2>\n<h3><span class=\"ez-toc-section\" id=\"Les_candidats_officiellement_declares\"><\/span><strong>Les candidats officiellement d\u00e9clar\u00e9s<\/strong><span class=\"ez-toc-section-end\"><\/span><\/h3>\n<p>Un certain nombre de leaders politiques, ainsi que des personnes issues de la soci\u00e9t\u00e9 civile, avaient annonc\u00e9 officiellement leur intention de se lancer dans la course \u00e0 l&rsquo;\u00e9lection pr\u00e9sidentielle de 2022.<\/p>\n<p>Le premier politique \u00e0 s\u2019\u00eatre d\u00e9clar\u00e9 a \u00e9t\u00e9 Fran\u00e7ois Asselineau : d\u00e8s avril 2019, le pr\u00e9sident fondateur de l\u2019Union populaire r\u00e9publicaine (UPR), partisan du retrait de la France de l&rsquo;Union europ\u00e9enne (Frexit), a annonc\u00e9 son envie de se pr\u00e9senter.<\/p>\n<p>Les candidats qui s&rsquo;\u00e9taient officiellement d\u00e9clar\u00e9s pour briguer la pr\u00e9sidence de la R\u00e9publique en 2022 sont, par ordre alphab\u00e9tique :<\/p>\n<ul>\n<li><strong>Daniel ADAM<\/strong>, candidat pour Le Peuple Pr\u00e9sident<\/li>\n<li><strong>Nathalie ARTHAUD<\/strong>, porte-parole de Lutte ouvri\u00e8re (LO), d\u00e9sign\u00e9e candidate \u00e0 l\u2019issue du congr\u00e8s de son parti en d\u00e9cembre 2020<\/li>\n<li><strong>Fran\u00e7ois ASSELINEAU<\/strong>, pr\u00e9sident de l&rsquo;Union populaire r\u00e9publicaine (UPR, souverainiste), candidat d\u00e9clar\u00e9 depuis avril 2019<\/li>\n<li><strong>Nagib AZERGUI<\/strong>, fondateur de l&rsquo;Union des d\u00e9mocrates musulmans fran\u00e7ais\u00a0\u00bb (UDMF), candidat depuis novembre 2021<\/li>\n<li><strong>Michel BARNIER<\/strong>, ancien commissaire europ\u00e9en et membre des R\u00e9publicains (LR), candidat d\u00e9clar\u00e9 \u00e0 une primaire ouverte de la droite et du centre<\/li>\n<li><strong>Delphine BATHO<\/strong>, pr\u00e9sidente du parti G\u00e9n\u00e9ration \u00c9cologie, candidate \u00e0 la primaire \u00e9cologiste<\/li>\n<li><strong>Yvan BENEDETTI<\/strong>, \u00a0candidat se pr\u00e9sentant comme \u00ab un des principaux repr\u00e9sentants du nationalisme en France \u00bb<\/li>\n<li><strong>Xavier BERTRAND<\/strong>, pr\u00e9sident ex-Les R\u00e9publicains (LR) de la r\u00e9gion Haut-de-France, candidat d\u00e9clar\u00e9 depuis mars 2021<\/li>\n<li><strong>Jean-Marie BIGARD<\/strong>, humoriste<\/li>\n<li><strong>Benjamin Victor BOUCHER<\/strong>, employ\u00e9 de parapharmacie, candidat du mouvement citoyen Union essentielle<\/li>\n<li><strong>Marie CAU<\/strong>, maire de Tilloy-lez-Marchiennes (Nord), candidate d\u00e9clar\u00e9e depuis mars 2021<\/li>\n<li><strong>Arnaud CHICHE<\/strong>, m\u00e9decin anesth\u00e9siste-r\u00e9animateur \u00e0 l&rsquo;h\u00f4pital d&rsquo;H\u00e9nin-Beaumont (Pas-de-Calais) et pr\u00e9sident du collectif \u00ab Sant\u00e9 en danger \u00bb<\/li>\n<li><strong>\u00c9ric CIOTTI<\/strong>, d\u00e9put\u00e9 Les R\u00e9publicains (LR) des Alpes-Maritimes, candidat d\u00e9clar\u00e9 \u00e0 une primaire ouverte de la droite et du centre (finaliste du congr\u00e8s LR)<\/li>\n<li><strong>\u00c9ric DROUET<\/strong>, un des pionniers du mouvement des Gilets jaunes, candidat d\u00e9clar\u00e9 depuis octobre 2020<\/li>\n<li><strong>Nicolas DUPONT-AIGNAN<\/strong>, pr\u00e9sident de Debout la France, candidat d\u00e9clar\u00e9 depuis septembre 2020<\/li>\n<li><strong>Clara EGGER<\/strong>, candidate du mouvement Espoir R\u00e9f\u00e9rendum d&rsquo;initiative citoyenne (RIC) 2022, candidate d\u00e9clar\u00e9e depuis avril 2021<\/li>\n<li><strong>Philippe FURLAN<\/strong>, ing\u00e9nieur informaticien,\u00a0 se pr\u00e9sente comme un \u00ab simple citoyen pragmatique passionn\u00e9, humaniste et pacifiste \u00bb<\/li>\n<li><strong>Jean-Marc GOVERNATORI<\/strong>, copr\u00e9sident de Cap \u00e9cologie, candidat \u00e0 la primaire \u00e9cologiste (\u00e9limin\u00e9 au premier tour), puis candidat d\u00e9clar\u00e9 depuis janvier 2022<\/li>\n<li><strong>Fabrice GRIMAL<\/strong>, candidat du parti La Concorde citoyenne<\/li>\n<li><strong>Anne HIDALGO<\/strong>, maire socialiste (PS) de Paris, candidate d\u00e9clar\u00e9e depuis septembre 2021 (investie par le Parti socialiste le 14 octobre 2021)<\/li>\n<li><strong>Georges KUZMANOVIC, <\/strong>ancien membre de la\u00a0France Insoumise<em>,<\/em> pr\u00e9sident du parti \u00ab R\u00e9publique souveraine \u00bb<\/li>\n<li><strong>Yannick JADOT<\/strong>, eurod\u00e9put\u00e9 Europe \u00c9cologie-Les Verts (EELV), candidat \u00e0 la primaire \u00e9cologiste (qu&rsquo;il a remport\u00e9e)<\/li>\n<li><strong>Philippe JUVIN<\/strong>, m\u00e9decin et maire Les R\u00e9publicains (LR) de La Garenne-Colombes (92), candidat d\u00e9clar\u00e9 \u00e0 une primaire \u00e0 droite<\/li>\n<li><strong>Fadi KASSEM, s<\/strong>ecr\u00e9taire national du P\u00f4le de renaissance communiste en France\u00a0(PRCF)<\/li>\n<li><strong>Anasse KAZIB<\/strong>, cheminot militant \u00e0 R\u00e9volution permanente (marxiste), candidat d\u00e9clar\u00e9 depuis avril 2021<\/li>\n<li><strong>Gaspard KOENIG<\/strong>, essayiste et philosophe, fondateur du mouvement politique \u00ab Simple \u00bb, candidat depuis janvier 2022<\/li>\n<li><strong>Luc LAFORESTS<\/strong>, ing\u00e9nieur informaticien, fondateur de \u00ab Une perspective, la 6e R\u00e9publique \u00bb (1P6R)<\/li>\n<li><strong>Alexandre LANGLOIS<\/strong>, ancien gardien de la paix, candidat d\u00e9clar\u00e9 depuis juin 2021<\/li>\n<li><strong>Pierre LARROUTUROU<\/strong>, eurod\u00e9put\u00e9 et fondateur du parti Nouvelle donne, candidat d\u00e9clar\u00e9 depuis juillet 2021<\/li>\n<li><strong>Jean LASSALLE<\/strong>, pr\u00e9sident du mouvement \u00ab R\u00e9sistons \u00bb, candidat d\u00e9clar\u00e9 depuis mars 2021<\/li>\n<li><strong>Gilles LAZARINI<\/strong>, du Parti politique pour la paix et la protection de la plan\u00e8te (P5), candidat d\u00e9clar\u00e9 depuis juin 2020<\/li>\n<li><strong>St\u00e9phane LE FOLL<\/strong>, maire du Mans, battu par Anne Hidalgo lors du congr\u00e8s pour l&rsquo;investiture du candidat du PS<\/li>\n<li><strong>Marine LE PEN<\/strong>, pr\u00e9sidente du Rassemblement national (RN), candidate d\u00e9clar\u00e9 depuis janvier 2020<\/li>\n<li><strong>Emmanuel MACRON<\/strong>, pr\u00e9sident de la R\u00e9publique sortant, candidat de La R\u00e9publique en Marche, d\u00e9clar\u00e9 en mars 2022<\/li>\n<li><strong>Antoine MARTINEZ<\/strong>, g\u00e9n\u00e9ral de l\u2019arm\u00e9e de l\u2019air \u00e0 la retraite et pr\u00e9sident de Volontaires pour la France, candidat d\u00e9clar\u00e9 depuis juillet 2020<\/li>\n<li><strong>Jean-Marie MATAGNE<\/strong>, pr\u00e9sident de l&rsquo;association Action des citoyens contre le d\u00e9sarmement nucl\u00e9aire (ACDN), candidat depuis novembre 2021<\/li>\n<li><strong>Philippe MAZUEL<\/strong>, ancien adjoint au maire d\u2019Abbeville (Somme), fondateur du parti pro-europ\u00e9en de centre-gauche (Pace), candidat depuis octobre 2021<\/li>\n<li><strong>Jean-Luc M\u00c9LENCHON<\/strong>, leader de La France insoumise (LFI), candidat d\u00e9clar\u00e9 depuis novembre 2020<\/li>\n<li><strong>Nicolas MIGUET<\/strong>, fondateur et pr\u00e9sident du Rassemblement des contribuables fran\u00e7ais<\/li>\n<li><strong>Arnaud MONTEBOURG<\/strong>, ancien ministre de l&rsquo;\u00c9conomie, du Redressement productif et du Num\u00e9rique, candidat d\u00e9clar\u00e9 depuis septembre 2021<\/li>\n<li><strong>Jacline MOURAUD<\/strong>, militante Gilet jaune et pr\u00e9sidente du parti Les \u00c9mergents (\u00ab droite sociale \u00bb), candidate d\u00e9clar\u00e9e depuis d\u00e9cembre 2020<\/li>\n<li><strong>Denis PAYRE<\/strong>, entrepreneur, candidat d\u00e9clar\u00e9 \u00e0 une primaire ouverte de la droite et du centre<\/li>\n<li><strong>Val\u00e9rie P\u00c9CRESSE<\/strong>, pr\u00e9sidente ex-Les R\u00e9publicains (LR) de la r\u00e9gion \u00cele-de-France, candidate d\u00e9clar\u00e9e \u00e0 une primaire ouverte de la droite et du centre (d\u00e9sign\u00e9e candidate \u00e0 l&rsquo;issue du congr\u00e8s LR)<\/li>\n<li><strong>Florian PHILIPPOT<\/strong>, pr\u00e9sident du parti souverainiste \u00ab Les Patriotes \u00bb<\/li>\n<li><strong>Georges PIGNOL<\/strong>, sans \u00e9tiquette<\/li>\n<li><strong>\u00c9ric PIOLLE<\/strong>, maire Europe \u00c9cologie-Les Verts (EELV) de Grenoble, candidat \u00e0 la primaire \u00e9cologiste<\/li>\n<li><strong>Jean-Fr\u00e9d\u00e9ric POISSON<\/strong>, pr\u00e9sident de Via, la voix du peuple (ex-Parti chr\u00e9tien d\u00e9mocrate), candidat d\u00e9clar\u00e9 depuis juillet 2020<\/li>\n<li><strong>Philippe POUTOU<\/strong>, porte-parole du Nouveau parti anticapitaliste (NPA), d\u00e9sign\u00e9 candidat \u00e0 l\u2019issue d\u2019une conf\u00e9rence nationale de son parti en juin 2021<\/li>\n<li><strong>Bruno RETAILLEAU<\/strong>, pr\u00e9sident du groupe Les R\u00e9publicains (LR), qui s&rsquo;\u00e9tait port\u00e9 candidat \u00e0 une primaire ouverte de la droite et du centre<\/li>\n<li><strong>St\u00e9phanie RIVOAL<\/strong>, ex-pr\u00e9sidente d&rsquo;Action contre la faim, candidate d\u00e9clar\u00e9e en d\u00e9cembre 2021 sous la banni\u00e8re du mouvement \u00ab Agissons \u00bb<\/li>\n<li><strong>Martin ROCCA<\/strong>, \u00e9tudiant<\/li>\n<li><strong>Sandrine ROUSSEAU<\/strong>, ancienne porte-parole d\u2019Europe \u00c9cologie-Les Verts (EELV), candidate \u00e0 la primaire \u00e9cologiste<\/li>\n<li><strong>Fabien ROUSSEL<\/strong>, secr\u00e9taire national du Parti communiste fran\u00e7ais (PCF), d\u00e9sign\u00e9 candidat par un vote des adh\u00e9rents du parti en mai 2021<\/li>\n<li><strong>Rafik SMATI<\/strong>, pr\u00e9sident du mouvement Objectif France, candidat d\u00e9clar\u00e9 depuis janvier 2022<\/li>\n<li><strong>Joachim SON-FORGET<\/strong>, d\u00e9put\u00e9 des Fran\u00e7ais de Suisse et de Lichtenstein, candidat d\u00e9clar\u00e9 depuis f\u00e9vrier 2020<\/li>\n<li><strong>Christiane TAUBIRA<\/strong>, ancienne garde de Sceaux sous Fran\u00e7ois Hollande, candidate d\u00e9clar\u00e9e depuis janvier 2022 et victorieuse de la primaire populaire<\/li>\n<li><strong>St\u00e9phane TAUTHUI<\/strong>, conseiller municipal divers droite \u00e0 Malakoff (Hauts-de-Seine), candidat d\u00e9clar\u00e9 depuis novembre 2021<\/li>\n<li><strong>H\u00e9l\u00e8ne THOUY<\/strong>, co-pr\u00e9sidente du Parti animaliste, candidate d\u00e9clar\u00e9e depuis juillet 2021<\/li>\n<li><strong>Hadama TRAOR\u00c9<\/strong>, militant associatif, candidat d\u00e9clar\u00e9 depuis juin 2020<\/li>\n<li><strong>Gildas VIEIRA<\/strong>, candidat du mouvement \u00ab La France Autrement \u00bb, d\u00e9clar\u00e9 depuis ao\u00fbt 2021<\/li>\n<li><strong>Antoine WAECHTER<\/strong>, Mouvement \u00e9cologiste ind\u00e9pendant (MEI), candidat d\u00e9clar\u00e9 depuis septembre 2021<\/li>\n<li><strong>Laurent WAUQUIEZ<\/strong>, pr\u00e9sident Les R\u00e9publicains (LR) de la r\u00e9gion Auvergne-Rh\u00f4ne-Alpes, qui s&rsquo;\u00e9tait d\u00e9clar\u00e9 candidat \u00e0 une primaire ouverte de la droite et du centre<\/li>\n<li><strong>St\u00e9phane WENDLINGER<\/strong>, professeur de math\u00e9matiques, \u00ab candidat citoyen et ind\u00e9pendant \u00bb<\/li>\n<li><strong>Cl\u00e9ment WITTMANN, <\/strong>candidat \u00ab \u00e9cologiste, pacifiste, et objecteur de croissance \u00bb<\/li>\n<li><strong>\u00c9ric ZEMMOUR<\/strong>, ancien journaliste et pol\u00e9miste, candidat d\u00e9clar\u00e9 depuis novembre 2022<\/li>\n<\/ul>\n<h3><span class=\"ez-toc-section\" id=\"Presidentielle_2022_les_candidats_hors_course\"><\/span>Pr\u00e9sidentielle 2022 : les candidats hors course<span class=\"ez-toc-section-end\"><\/span><\/h3>\n<p>Certaines personnes qui avaient d\u00e9clar\u00e9 leur candidature \u00e0 la pr\u00e9sidentielle n&rsquo;ont finalement pu pr\u00e9tendre \u00e0 participer au scrutin de 2022, notamment parce qu&rsquo;elles n&rsquo;ont \u00e9t\u00e9 s\u00e9lectionn\u00e9es \u00e0 l&rsquo;issue d&rsquo;un processus de d\u00e9signation de type primaire (pour les \u00e9cologistes) ou congr\u00e8s (pour Les R\u00e9publicains). Ont \u00e9t\u00e9 concern\u00e9s :<\/p>\n<ul>\n<li><strong>Michel BARNIER<\/strong>, ancien commissaire europ\u00e9en et membre des R\u00e9publicains (LR) : \u00e9limin\u00e9 au premier tour du congr\u00e8s LR<\/li>\n<li><strong>Delphine BATHO<\/strong>, pr\u00e9sidente du parti G\u00e9n\u00e9ration \u00c9cologie : \u00e9limin\u00e9e au premier tour de la primaire \u00e9cologiste<\/li>\n<li><strong>Xavier BERTRAND<\/strong>, pr\u00e9sident ex-Les R\u00e9publicains (LR) de la r\u00e9gion Haut-de-France : \u00e9limin\u00e9 au premier tour du congr\u00e8s LR<\/li>\n<li><strong>Philippe JUVIN<\/strong>, m\u00e9decin et maire Les R\u00e9publicains (LR) de La Garenne-Colombes (92) : \u00e9limin\u00e9 au premier tour du congr\u00e8s LR<\/li>\n<li><strong>St\u00e9phane LE FOLL<\/strong>, maire du Mans : \u00e9limin\u00e9 lors du congr\u00e8s pour l&rsquo;investiture du candidat du PS<\/li>\n<li><strong>\u00c9ric PIOLLE<\/strong>, maire Europe \u00c9cologie-Les Verts (EELV) de Grenoble : \u00e9limin\u00e9 au premier tour de la primaire \u00e9cologiste<\/li>\n<li><strong>Sandrine ROUSSEAU<\/strong>, ancienne porte-parole d\u2019Europe \u00c9cologie-Les Verts (EELV) : battue au second tour de la primaire \u00e9cologiste<\/li>\n<\/ul>\n<h3><span class=\"ez-toc-section\" id=\"Les_candidats_qui_ont_renonce_a_se_presenter_a_la_presidentielle_de_2022\"><\/span>Les candidats qui ont renonc\u00e9 \u00e0 se pr\u00e9senter \u00e0 la pr\u00e9sidentielle de 2022<span class=\"ez-toc-section-end\"><\/span><\/h3>\n<p>Plusieurs personnalit\u00e9s, qui avaient d\u00e9clar\u00e9 vouloir se lancer dans la course \u00e0 l&rsquo;\u00e9lection pr\u00e9sidentielle du printemps 2022, ont finalement renonc\u00e9 d&rsquo;elles-m\u00eames \u00e0 concourir. Les candidats qui se sont d\u00e9sist\u00e9s sont, par ordre alphab\u00e9tique :<\/p>\n<ul>\n<li><strong>Arnaud MONTEBOURG<\/strong>, ancien ministre de l&rsquo;\u00c9conomie, du Redressement productif et du Num\u00e9rique, a retir\u00e9 sa candidature en janvier 2022<\/li>\n<li><strong>Jacline MOURAUD<\/strong>, militante Gilet jaune et pr\u00e9sidente du parti Les \u00c9mergents (\u00ab droite sociale \u00bb), ralli\u00e9e \u00e0 \u00c9ric Zemmour<\/li>\n<li><strong>R\u00e9gis OLLIVIER<\/strong>, ancien lieutenant-colonel dans l&rsquo;arm\u00e9e<\/li>\n<li><strong>Denis PAYRE<\/strong>, entrepreneur, non qualifi\u00e9 pour la primaire ouverte de la droite et du centre<\/li>\n<li><strong>Florian PHILIPPOT<\/strong>, pr\u00e9sident du parti souverainiste \u00ab Les Patriotes \u00bb, n&rsquo;avait recueilli qu&rsquo;un seul parrainage<\/li>\n<li><strong>Jean-Fr\u00e9d\u00e9ric POISSON<\/strong>, pr\u00e9sident de Via, la voix du peuple (ex-Parti chr\u00e9tien d\u00e9mocrate), ralli\u00e9 \u00e0 \u00c9ric Zemmour<\/li>\n<li><strong>Bruno RETAILLEAU<\/strong>, pr\u00e9sident du groupe Les R\u00e9publicains (LR)<\/li>\n<li><strong>Christiane TAUBIRA<\/strong>, ancienne garde de Sceaux sous Fran\u00e7ois Hollande, candidate d\u00e9clar\u00e9e depuis janvier 2022 et victorieuse de la primaire populaire : n&rsquo;a pas r\u00e9ussi \u00e0 recueillir 500 parrainages)<\/li>\n<li><strong>Laurent WAUQUIEZ<\/strong>, pr\u00e9sident Les R\u00e9publicains (LR) de la r\u00e9gion Auvergne-Rh\u00f4ne-Alpes, qui s&rsquo;\u00e9tait d\u00e9clar\u00e9 candidat \u00e0 une primaire ouverte de la droite et du centre<\/li>\n<li><strong>Jean-Marie BIGARD<\/strong>, humoriste<\/li>\n<\/ul>\n<h2><span class=\"ez-toc-section\" id=\"Presidentielle_2022_qui_est_passe_par_la_case_primaire\"><\/span>Pr\u00e9sidentielle 2022 : qui est pass\u00e9 par la case primaire ?<span class=\"ez-toc-section-end\"><\/span><\/h2>\n<h3><span class=\"ez-toc-section\" id=\"Primaire_ecologiste_Yannick_Jadot_lemporte_face_a_Sandrine_Rousseau\"><\/span>Primaire \u00e9cologiste : Yannick Jadot l&#8217;emporte face \u00e0<strong>\u00a0<\/strong>Sandrine Rousseau<strong><br \/>\n<\/strong><span class=\"ez-toc-section-end\"><\/span><\/h3>\n<p>C\u2019est au terme d\u2019une primaire qu&rsquo;a \u00e9t\u00e9 d\u00e9sign\u00e9 celui qui a port\u00e9 officiellement les couleurs des \u00e9cologistes lors de l\u2019\u00e9lection pr\u00e9sidentielle de 2022. Au deuxi\u00e8me tour d&rsquo;un scrutin organis\u00e9 en ligne entre le 25 et le 28 septembre 2021, l\u2019eurod\u00e9put\u00e9 Yannick Jadot l&rsquo;a emport\u00e9 d&rsquo;une courte t\u00eate (avec 51,03% des voix) face \u00e0 sa rivale Sandrine Rousseau (48,97% des suffrages), candidate revendiqu\u00e9e \u00e9cof\u00e9ministe. Les deux finalistes \u00e9taient arriv\u00e9s dans un mouchoir de poche au premier tour de la primaire.<\/p>\n<p>Le tableau ci-dessous donne les r\u00e9sultats au terme des deux tours de la primaire \u00e9cologiste :<\/p>\n<div id=\"tablepress-79-scroll-wrapper\" class=\"tablepress-scroll-wrapper\">\n\n<table id=\"tablepress-79\" class=\"tablepress tablepress-id-79 tablepress-responsive\">\n<thead>\n<tr class=\"row-1 odd\">\n\t<th colspan=\"5\" class=\"column-1\"><strong>Pr\u00e9sidentielle 20221\u00a0: les r\u00e9sultats de la primaire \u00e9cologiste<\/strong><\/th>\n<\/tr>\n<\/thead>\n<tfoot>\n<tr class=\"row-9 odd\">\n\t<th colspan=\"5\" class=\"column-1\"><em>Source\u00a0: https:\/\/www.eelv.fr<\/em><\/th>\n<\/tr>\n<\/tfoot>\n<tbody class=\"row-hover\">\n<tr class=\"row-2 even\">\n\t<td rowspan=\"2\" class=\"column-1\"><strong>CANDIDAT<\/strong><\/td><td colspan=\"2\" class=\"column-2\"><strong>Premier tour<\/strong><br \/>\n(du 16 au 19 septembre 2021)<\/td><td colspan=\"2\" class=\"column-4\"><strong>Second tour<\/strong><br \/>\n(du 25 au 28<br \/>\nseptembre 2021)<\/td>\n<\/tr>\n<tr class=\"row-3 odd\">\n\t<td class=\"column-2\"><strong>Voix<\/strong><\/td><td class=\"column-3\"><strong>%<\/strong><\/td><td class=\"column-4\"><strong>Voix<\/strong><\/td><td class=\"column-5\"><strong>%<\/strong><\/td>\n<\/tr>\n<tr class=\"row-4 even\">\n\t<td class=\"column-1\"><strong>Yannick Jadot, eurod\u00e9put\u00e9 Europe \u00c9cologie-Les Verts (EELV)<\/strong><\/td><td class=\"column-2\">29.543<\/td><td class=\"column-3\">27,70% (Qualifi\u00e9)<\/td><td class=\"column-4\">52.210<\/td><td class=\"column-5\">\u00a0<strong>51,03% (VAINQUEUR)<\/strong><\/td>\n<\/tr>\n<tr class=\"row-5 odd\">\n\t<td class=\"column-1\"><strong>Sandrine Rousseau, ancienne porte-parole d\u2019EELV<\/strong><\/td><td class=\"column-2\">26.801<\/td><td class=\"column-3\">25,14% (Qualifi\u00e9)<\/td><td class=\"column-4\">50.098<\/td><td class=\"column-5\">\u00a048,97%<\/td>\n<\/tr>\n<tr class=\"row-6 even\">\n\t<td class=\"column-1\"><strong>Delphine Batho, d\u00e9put\u00e9e des Deux-S\u00e8vres, pr\u00e9sidente de G\u00e9n\u00e9ration \u00c9cologie<\/strong><\/td><td class=\"column-2\">23.801<\/td><td class=\"column-3\">22,32% (\u00c9limin\u00e9)<\/td><td class=\"column-4\">-<\/td><td class=\"column-5\">-<\/td>\n<\/tr>\n<tr class=\"row-7 odd\">\n\t<td class=\"column-1\"><strong>\u00c9ric Piolle, maire EELV de Grenoble<\/strong><\/td><td class=\"column-2\">23.767<\/td><td class=\"column-3\">22,29% (\u00c9limin\u00e9)<\/td><td class=\"column-4\">-<\/td><td class=\"column-5\">-<\/td>\n<\/tr>\n<tr class=\"row-8 even\">\n\t<td class=\"column-1\"><strong>Jean-Marc Governatori, copr\u00e9sident de Cap \u00e9cologie<\/strong><\/td><td class=\"column-2\">2.501<\/td><td class=\"column-3\">2,35% (\u00c9limin\u00e9)<\/td><td class=\"column-4\">-<\/td><td class=\"column-5\">-<\/td>\n<\/tr>\n<\/tbody>\n<\/table>\n\n<\/div><!-- #tablepress-79 from cache -->\n<p>&nbsp;<\/p>\n<p>Le calendrier de la primaire \u00e9cologiste \u00e9tait le suivant :<\/p>\n<ul>\n<li><strong>du 16 au 19 septembre 2021<\/strong> : premier tour<\/li>\n<li><strong>du 25 au 28 septembre 2021<\/strong> : second tour<\/li>\n<\/ul>\n<p>Ils \u00e9taient cinq \u00e0 avoir obtenu le droit de concourir \u00e0 la primaire \u00e9cologiste. Si la d\u00e9put\u00e9e Delphine Batho, l\u2019eurod\u00e9put\u00e9 Yannick Jadot, le maire de Grenoble \u00c9ric Piolle et l\u2019ancienne num\u00e9ro deux d\u2019Europe Ecologie-Les Verts (EELV) Sandrine Rousseau avaient dans un premier temps obtenu suffisamment de parrainages pour se pr\u00e9senter, cela n&rsquo;avait pas \u00e9t\u00e9 le cas du candidat centriste Jean-Marc Governatori. Celui-ci (seul candidat \u00e0 ne pas \u00eatre issu de la gauche) avait finalement \u00e9t\u00e9 r\u00e9int\u00e9gr\u00e9 dans la course \u00e0 la primaire, apr\u00e8s un recours en justice.<\/p>\n<p>La primaire \u00e9cologiste \u00e9tait organis\u00e9e autour d\u2019un p\u00f4le \u00e9cologiste qui regroupait cinq formations :<\/p>\n<ul>\n<li>Europe-Ecologie-Les Verts (EELV)<\/li>\n<li>G\u00e9n\u00e9ration. s (le parti cr\u00e9\u00e9 en 2017 par Beno\u00eet Hamon)<\/li>\n<li>G\u00e9n\u00e9ration \u00e9cologie<\/li>\n<li>Cap \u00e9cologie (n\u00e9 de la fusion en f\u00e9vrier 2021 de Cap21 et l&rsquo;Alliance \u00e9cologiste ind\u00e9pendante)<\/li>\n<li>le Mouvement des progressistes<\/li>\n<\/ul>\n<p>Pour pouvoir voter lors de la primaire, les adh\u00e9rents et les sympathisants de ces cinq formations (pas d\u2019obligation d\u2019\u00eatre encart\u00e9s) devaient signer une charte de valeurs et s\u2019acquitter d\u2019une participation de 2 euros avant le 12 septembre 2021. Au final, la primaire a rassembl\u00e9 plus de 104.000 votants sur 122.670 inscrits.<\/p>\n<p>Pour rappel, la primaire \u00e9cologiste de 2016 avait \u00e9t\u00e9 remport\u00e9e par Yannick Jadot. Ce dernier avait finalement d\u00e9cid\u00e9 de s\u2019allier \u00e0 Beno\u00eet Hamon, candidat du Parti socialiste \u00e0 la pr\u00e9sidentielle de 2017.<strong><br \/>\n<\/strong><\/p>\n<p><strong>\u00c0 NOTER :<\/strong> Antoine Waechter, qui se pr\u00e9sente \u00e0 sous l\u2019\u00e9tiquette du Mouvement \u00e9cologiste ind\u00e9pendant (MEI) en 2022, a choisi de ne pas participer \u00e0 la primaire \u00e9cologiste.<\/p>\n<h3><span class=\"ez-toc-section\" id=\"Pas_de_primaire_ouverte_mais_un_congres_pour_designer_Valerie_Pecresse_candidate_de_la_droite\"><\/span>Pas de primaire ouverte, mais un congr\u00e8s pour d\u00e9signer Val\u00e9rie P\u00e9cresse candidate de la droite<strong><br \/>\n<\/strong><span class=\"ez-toc-section-end\"><\/span><\/h3>\n<p>C\u2019est finalement \u00e0 l\u2019issue d&rsquo;un congr\u00e8s des seuls adh\u00e9rents du parti Les R\u00e9publicains (LR) qu&rsquo;a \u00e9t\u00e9 d\u00e9sign\u00e9, le 4 d\u00e9cembre 2021, le candidat de la droite et du centre pour la pr\u00e9sidentielle de 2022.<\/p>\n<p>\u00c0 l&rsquo;issue du second tour de scrutin, organis\u00e9 les 3 et 4 d\u00e9cembre 2021, c&rsquo;est la pr\u00e9sidente LR de la r\u00e9gion \u00cele-de-France Val\u00e9rie P\u00e9cresse qui a \u00e9t\u00e9 investie. Elle a remport\u00e9 60,95% des suffrages, contre 39,05% pour le d\u00e9put\u00e9 LR des Alpes-Maritimes \u00c9ric Ciotti.<\/p>\n<p>Au terme du 1er tour, qui s&rsquo;est tenu les 1er et 2 d\u00e9cembre 2021, \u00c9ric Ciotti avait devanc\u00e9 de peu Val\u00e9rie P\u00e9cresse (25,59% des suffrages contre 25%).\u00a0Les trois autres candidats &#8211; l\u2019ancien commissaire europ\u00e9en Michel Barnier, le pr\u00e9sident de la r\u00e9gion des Hauts-de-France Xavier Bertrand, et le m\u00e9decin urgentiste et maire LR de la Garenne-Colombes (Hauts-de-Seine)\u00a0 Philippe Juvin &#8211; ont \u00e9t\u00e9 \u00e9limin\u00e9s.<\/p>\n<p>Le tableau ci-dessous donne les r\u00e9sultats au terme du congr\u00e8s LR :<\/p>\n<div id=\"tablepress-90-scroll-wrapper\" class=\"tablepress-scroll-wrapper\">\n\n<table id=\"tablepress-90\" class=\"tablepress tablepress-id-90 tablepress-responsive\">\n<thead>\n<tr class=\"row-1 odd\">\n\t<th colspan=\"5\" class=\"column-1\"><strong>Pr\u00e9sidentielle 20221\u00a0:  les r\u00e9sultats du congr\u00e8s LR<\/strong><\/th>\n<\/tr>\n<\/thead>\n<tfoot>\n<tr class=\"row-9 odd\">\n\t<th colspan=\"5\" class=\"column-1\"><em>Source\u00a0: https:\/\/republicains.fr\/<\/em><\/th>\n<\/tr>\n<\/tfoot>\n<tbody class=\"row-hover\">\n<tr class=\"row-2 even\">\n\t<td rowspan=\"2\" class=\"column-1\"><strong>CANDIDAT<\/strong><\/td><td colspan=\"2\" class=\"column-2\"><strong>Premier tour<\/strong><br \/>\n(1er et 2 d\u00e9cembre 2021)<\/td><td colspan=\"2\" class=\"column-4\"><strong>Second tour<\/strong><br \/>\n(3 et 4 d\u00e9cembre 2021)<\/td>\n<\/tr>\n<tr class=\"row-3 odd\">\n\t<td class=\"column-2\"><strong>Voix<\/strong><\/td><td class=\"column-3\"><strong>%<\/strong><\/td><td class=\"column-4\"><strong>Voix<\/strong><\/td><td class=\"column-5\"><strong>%<\/strong><\/td>\n<\/tr>\n<tr class=\"row-4 even\">\n\t<td class=\"column-1\"><strong>\u00c9ric Ciotti, d\u00e9put\u00e9 LR des Alpes-Maritimes<\/strong><\/td><td class=\"column-2\">28.844<\/td><td class=\"column-3\">25,59% (Qualifi\u00e9)<\/td><td class=\"column-4\">44.412<\/td><td class=\"column-5\">39,05%<\/td>\n<\/tr>\n<tr class=\"row-5 odd\">\n\t<td class=\"column-1\"><strong>Val\u00e9rie P\u00e9cresse, pr\u00e9sidente LR de la r\u00e9gion \u00cele-de-France<\/strong><\/td><td class=\"column-2\">28.179<\/td><td class=\"column-3\">25,00% (Qualifi\u00e9e)<\/td><td class=\"column-4\">69.326<\/td><td class=\"column-5\"><strong>60,95%<br \/>\n(VAINQUEUR)<\/strong><\/td>\n<\/tr>\n<tr class=\"row-6 even\">\n\t<td class=\"column-1\"><strong>Michel Barnier, ancien commissaire europ\u00e9en et membre de LR<\/strong><\/td><td class=\"column-2\">26.970<\/td><td class=\"column-3\">23,92% (\u00c9limin\u00e9)<\/td><td class=\"column-4\">-<\/td><td class=\"column-5\">-<\/td>\n<\/tr>\n<tr class=\"row-7 odd\">\n\t<td class=\"column-1\"><strong>Xavier Bertrand, pr\u00e9sident LR de la r\u00e9gion Haut-de-France,<\/strong><\/td><td class=\"column-2\">25.213<\/td><td class=\"column-3\">22,36% (\u00c9limin\u00e9)<\/td><td class=\"column-4\">-<\/td><td class=\"column-5\">-<\/td>\n<\/tr>\n<tr class=\"row-8 even\">\n\t<td class=\"column-1\"><strong>Philippe Juvin, m\u00e9decin urgentiste et maire LR de la Garenne-Colombes (92)<\/strong><\/td><td class=\"column-2\">3.532<\/td><td class=\"column-3\">3,13% (\u00c9limin\u00e9)<\/td><td class=\"column-4\">-<\/td><td class=\"column-5\">-<\/td>\n<\/tr>\n<\/tbody>\n<\/table>\n\n<\/div><!-- #tablepress-90 from cache -->\n<p>&nbsp;<\/p>\n<p>Les adh\u00e9rents du parti LR avaient rejet\u00e9 l\u2019option de la primaire lors d&rsquo;un vote organis\u00e9 le 25 septembre 2021. Lors de ce scrutin, ils s\u2019\u00e9taient prononc\u00e9s \u00e0 58% pour la d\u00e9signation du candidat de la droite et du centre par les seuls adh\u00e9rents de LR. Le sc\u00e9nario d&rsquo;une primaire ouverte aux sympathisants de la droite et du centre avait recueilli 40% des suffrages (les autres s\u2019\u00e9tant sont abstenus).<\/p>\n<p>Xavier Bertrand, qui avait dans un premier temps exclu tout d\u00e9partage \u00e9lectoral avec ses concurrents de droite par le biais d\u2019un scrutin interne, s&rsquo;\u00e9tait finalement ralli\u00e9 \u00e0 cette option le 11 octobre 2021.<\/p>\n<h3 data-test-locator=\"headline\"><span class=\"ez-toc-section\" id=\"Anne_Hidalgo_investie_candidate_du_Parti_socialiste_par_les_militants\"><\/span>Anne Hidalgo investie candidate du Parti socialiste par les militants<span class=\"ez-toc-section-end\"><\/span><\/h3>\n<p>C&rsquo;est par un vote des militants socialiste &#8211; et non par une primaire, qualifi\u00e9e de \u00ab v\u00e9ritable machine \u00e0 diviser \u00bb par le pr\u00e9sident du Parti socialiste Olivier Faure &#8211; qu&rsquo;Anne Hidalgo a \u00e9t\u00e9 investie en vue de la pr\u00e9sidentielle de 2022.<\/p>\n<p>Largement favorite, la maire de Paris l&rsquo;a emport\u00e9 avec pr\u00e8s de 72% des voix face \u00e0 son rival, le maire du Mans Stephane Le Foll. Ce dernier a, par la suite, d\u00e9clar\u00e9 qu\u2019il ne ferait pas campagne aupr\u00e8s d&rsquo;Anne Hidalgo.<\/p>\n<h2><span class=\"ez-toc-section\" id=\"Sondages_les_intentions_de_vote_pour_la_presidentielle_2022\"><\/span>Sondages : les intentions de vote pour la pr\u00e9sidentielle 2022<span class=\"ez-toc-section-end\"><\/span><\/h2>\n<p>Comme lors de chaque scrutin pr\u00e9sidentiel, les instituts de sondage interrogent les Fran\u00e7ais bien en amont pour conna\u00eetre les intentions de vote des sond\u00e9s en vue de la pr\u00e9sidentielle. Les r\u00e9sultats donnent simplement une photographie, au moment o\u00f9 l\u2019enqu\u00eate a \u00e9t\u00e9 r\u00e9alis\u00e9e, des pr\u00e9f\u00e9rences affich\u00e9es par les individus constituant le panel en faveur de tel ou tel candidat.<\/p>\n<p>Parmi les instituts de sondage qui ont r\u00e9alis\u00e9 des \u00e9tudes d\u2019intention de vote en 2022, figuraient notamment :<\/p>\n<ul>\n<li>l\u2019Ifop (<a href=\"https:\/\/www.ifop.com\/opinion\/actualite-politique\" target=\"_blank\" rel=\"nofollow noopener noreferrer\">https:\/\/www.ifop.com\/opinion\/actualite-politique<\/a>)<\/li>\n<li>Elabe (<a href=\"https:\/\/elabe.fr\/tag\/presidentielle-2022\" target=\"_blank\" rel=\"nofollow noopener noreferrer\">https:\/\/elabe.fr\/tag\/presidentielle-2022<\/a>)<\/li>\n<li>Harris Interactive (<a href=\"http:\/\/harris-fr.harrisdevsite.com\" target=\"_blank\" rel=\"nofollow noopener noreferrer\">http:\/\/harris-fr.harrisdevsite.com<\/a>)<\/li>\n<li>OpinionWay (<a href=\"https:\/\/www.opinion-way.com\/fr\/sondage-d-opinion\/sondages-publies\/politique.html\" target=\"_blank\" rel=\"nofollow noopener noreferrer\">https:\/\/www.opinion-way.com\/fr\/sondage-d-opinion\/sondages-publies\/politique.html<\/a>)<\/li>\n<\/ul>\n<h2><span class=\"ez-toc-section\" id=\"Retour_sur_les_resultats_de_la_presidentielle_2017\"><\/span>Retour sur les r\u00e9sultats de la pr\u00e9sidentielle 2017<span class=\"ez-toc-section-end\"><\/span><\/h2>\n<p>En 2017, l\u2019\u00e9lection pr\u00e9sidentielle avait consacr\u00e9 la victoire d\u2019Emmanuel Macron. Le candidat de La R\u00e9publique en Marche (LREM) avait remport\u00e9 le second tour du scrutin avec 66,10% des suffrages exprim\u00e9. Il \u00e9tait oppos\u00e9 \u00e0 la candidate du Front national (depuis rebaptis\u00e9 Rassemblement national), Marine Le Pen, qui avait recueilli 33,90% des voix.<\/p>\n<p>Emmanuel Macron est le huiti\u00e8me pr\u00e9sident de la R\u00e9publique fran\u00e7aise depuis 1958, et le 25\u00e8me si l\u2019on remonte \u00e0 l\u2019\u00e9lection de Louis-Napol\u00e9on Bonaparte, premier \u00e0 occuper cette fonction. Il a succ\u00e9d\u00e9 \u00e0 Fran\u00e7ois Hollande, qui avait d\u00e9cid\u00e9 de ne pas se pr\u00e9senter \u00e0 sa propre succession (un sch\u00e9ma in\u00e9dit sous la V\u00e8me R\u00e9publique).<\/p>\n<p>Le tableau ci-dessous rappelle les r\u00e9sultats des candidats \u00e0 l\u2019\u00e9lection pr\u00e9sidentielle de 2017, au premier et au second tour :<\/p>\n<div id=\"tablepress-76-scroll-wrapper\" class=\"tablepress-scroll-wrapper\">\n\n<table id=\"tablepress-76\" class=\"tablepress tablepress-id-76 tablepress-responsive\">\n<thead>\n<tr class=\"row-1 odd\">\n\t<th colspan=\"5\" class=\"column-1\"><strong>R\u00e9sultats de l'\u00e9lection pr\u00e9sidentielle fran\u00e7aise de 2017<\/strong><\/th>\n<\/tr>\n<\/thead>\n<tfoot>\n<tr class=\"row-21 odd\">\n\t<th colspan=\"5\" class=\"column-1\"><em>Source\u00a0: minist\u00e8re de l\u2019Int\u00e9rieur<\/em><\/th>\n<\/tr>\n<\/tfoot>\n<tbody class=\"row-hover\">\n<tr class=\"row-2 even\">\n\t<td rowspan=\"2\" class=\"column-1\"><br \/>\n<strong>Candidats<br \/>\n<em>(parti politique)<\/em><\/strong><\/td><td colspan=\"2\" class=\"column-2\"><strong>Premier tour<br \/>\n<\/strong>(23 avril 2017)<\/td><td colspan=\"2\" class=\"column-4\"><strong>Second tour<\/strong><br \/>\n(7 mai 2017)<\/td>\n<\/tr>\n<tr class=\"row-3 odd\">\n\t<td class=\"column-2\">Voix<\/td><td class=\"column-3\">%<\/td><td class=\"column-4\">Voix<\/td><td class=\"column-5\">%<\/td>\n<\/tr>\n<tr class=\"row-4 even\">\n\t<td class=\"column-1\">Emmanuel Macron<br \/>\n<em>(En Marche)<\/em><\/td><td class=\"column-2\">8.656.346<\/td><td class=\"column-3\">24,01%<\/td><td class=\"column-4\">20.743.128<\/td><td class=\"column-5\">66,10%<\/td>\n<\/tr>\n<tr class=\"row-5 odd\">\n\t<td class=\"column-1\">Marine Le Pen<br \/>\n<em>(Front national)<\/em><\/td><td class=\"column-2\">7.678.491<\/td><td class=\"column-3\">21,30%<\/td><td class=\"column-4\">10.638.475<\/td><td class=\"column-5\">33,90%<\/td>\n<\/tr>\n<tr class=\"row-6 even\">\n\t<td class=\"column-1\">Fran\u00e7ois Fillon<br \/>\n<em>(Les R\u00e9publicains)<\/em><\/td><td class=\"column-2\">7.212.995<\/td><td class=\"column-3\">20,01%<\/td><td colspan=\"2\" class=\"column-4\">\u00a0<\/td>\n<\/tr>\n<tr class=\"row-7 odd\">\n\t<td class=\"column-1\">Jean-Luc M\u00e9lenchon<br \/>\n<em>(La France insoumise)<\/em><\/td><td class=\"column-2\">7.059.951<\/td><td class=\"column-3\">19,58%<\/td><td class=\"column-4\"><\/td><td class=\"column-5\"><\/td>\n<\/tr>\n<tr class=\"row-8 even\">\n\t<td class=\"column-1\">Beno\u00eet Hamon<br \/>\n<em>(Parti socialiste)<\/em><\/td><td class=\"column-2\">2.291.288<\/td><td class=\"column-3\">6,36%<\/td><td class=\"column-4\"><\/td><td class=\"column-5\"><\/td>\n<\/tr>\n<tr class=\"row-9 odd\">\n\t<td class=\"column-1\">Nicolas Dupont-Aignan<br \/>\n<em>(Debout la France)<\/em><\/td><td class=\"column-2\">1.695.000<\/td><td class=\"column-3\">4,70%<\/td><td class=\"column-4\"><\/td><td class=\"column-5\"><\/td>\n<\/tr>\n<tr class=\"row-10 even\">\n\t<td class=\"column-1\">Jean Lassalle<br \/>\n<em>(R\u00e9sistons)<\/em><\/td><td class=\"column-2\">435.301<\/td><td class=\"column-3\">1,21%<\/td><td class=\"column-4\"><\/td><td class=\"column-5\"><\/td>\n<\/tr>\n<tr class=\"row-11 odd\">\n\t<td class=\"column-1\">Philippe Poutou<br \/>\n<em>(Nouveau Parti anticapitaliste)<\/em><\/td><td class=\"column-2\">394.505<\/td><td class=\"column-3\">1,09%<\/td><td class=\"column-4\"><\/td><td class=\"column-5\"><\/td>\n<\/tr>\n<tr class=\"row-12 even\">\n\t<td class=\"column-1\">Fran\u00e7ois Asselineau<br \/>\n<em>(Union populaire r\u00e9publicaine)<\/em><\/td><td class=\"column-2\">332.547<\/td><td class=\"column-3\">0,92%<\/td><td class=\"column-4\"><\/td><td class=\"column-5\"><\/td>\n<\/tr>\n<tr class=\"row-13 odd\">\n\t<td class=\"column-1\">Nathalie Arthaud<br \/>\n<em>(Lutte ouvri\u00e8re)<\/em><\/td><td class=\"column-2\">232.384<\/td><td class=\"column-3\">0,64%<\/td><td class=\"column-4\"><\/td><td class=\"column-5\"><\/td>\n<\/tr>\n<tr class=\"row-14 even\">\n\t<td class=\"column-1\">Jacques Cheminade<br \/>\n<em>(Solidarit\u00e9 et progr\u00e8s)<\/em><\/td><td class=\"column-2\">65.586<\/td><td class=\"column-3\">0,18%<\/td><td class=\"column-4\"><\/td><td class=\"column-5\"><\/td>\n<\/tr>\n<tr class=\"row-15 odd\">\n\t<td class=\"column-1\">Suffrages exprim\u00e9s<\/td><td class=\"column-2\">36.054.394<\/td><td class=\"column-3\">97,45%<\/td><td class=\"column-4\">31.381.603<\/td><td class=\"column-5\">88,48%<\/td>\n<\/tr>\n<tr class=\"row-16 even\">\n\t<td class=\"column-1\">Votes blancs<\/td><td class=\"column-2\">659.997<\/td><td class=\"column-3\">1,78%<\/td><td class=\"column-4\">3.021.499<\/td><td class=\"column-5\">8,52%<\/td>\n<\/tr>\n<tr class=\"row-17 odd\">\n\t<td class=\"column-1\">Votes nuls<\/td><td class=\"column-2\">289.337<\/td><td class=\"column-3\">0,77%<\/td><td class=\"column-4\">1.064.225<\/td><td class=\"column-5\">3,00%<\/td>\n<\/tr>\n<tr class=\"row-18 even\">\n\t<td class=\"column-1\"><strong>Total<\/strong><\/td><td class=\"column-2\"><strong>37.003.728<\/strong><\/td><td class=\"column-3\"><strong>100%<\/strong><\/td><td class=\"column-4\"><strong>35.467.327<\/strong><\/td><td class=\"column-5\"><strong>100%<\/strong><\/td>\n<\/tr>\n<tr class=\"row-19 odd\">\n\t<td class=\"column-1\">Abstention<\/td><td class=\"column-2\">10.578.455<\/td><td class=\"column-3\">22,23%<\/td><td class=\"column-4\">12.101.366<\/td><td class=\"column-5\">25,44%<\/td>\n<\/tr>\n<tr class=\"row-20 even\">\n\t<td class=\"column-1\">Inscrits \/ Participation<\/td><td class=\"column-2\">47.582.183<\/td><td class=\"column-3\">77,77%<\/td><td class=\"column-4\">47.568.693<\/td><td class=\"column-5\">74,56%<\/td>\n<\/tr>\n<\/tbody>\n<\/table>\n\n<\/div><!-- #tablepress-76 from cache -->\n","protected":false},"excerpt":{"rendered":"<p>Les \u00e9lecteurs fran\u00e7ais \u00e9taient invit\u00e9s \u00e0 se rendre aux urnes les 10 et 24 avril 2022 pour \u00e9lire le pr\u00e9sident de la R\u00e9publique. Le chef de l&rsquo;\u00c9tat sortant (LREM) Emmanuel Macron a \u00e9t\u00e9 r\u00e9\u00e9lu face \u00e0 Marine Le Pen (RN), avec 58,54% des voix contre 41,46% \u00e0 sa rivale. Dates du scrutin, candidats en lice, sondages d\u2019intention de vote, r\u00e9sultats\u2026 Tout sur l&rsquo;\u00e9lection 2022 du pr\u00e9sident de la R\u00e9publique.<\/p>\n","protected":false},"author":13719,"featured_media":8093,"comment_status":"closed","ping_status":"closed","sticky":false,"template":"","format":"standard","meta":{"footnotes":""},"categories":[19],"tags":[],"class_list":["post-8072","post","type-post","status-publish","format-standard","has-post-thumbnail","hentry","category-formalites"],"acf":[],"yoast_head":"<!-- This site is optimized with the Yoast SEO plugin v24.9 - https:\/\/yoast.com\/wordpress\/plugins\/seo\/ -->\n<title>\u00c9lection pr\u00e9sidentielle 2027 : dates, candidats, r\u00e9sultats, sondages<\/title>\n<meta name=\"description\" content=\"Les \u00e9lecteurs fran\u00e7ais seront invit\u00e9s \u00e0 voter en 2027 pour d\u00e9signer le pr\u00e9sident de la R\u00e9publique, apr\u00e8s le second mandat d&#039;Emmanuel Macron.\" \/>\n<meta name=\"robots\" content=\"index, follow, max-snippet:-1, max-image-preview:large, max-video-preview:-1\" \/>\n<link rel=\"canonical\" href=\"https:\/\/www.toutsurmesfinances.com\/vie-pratique\/a\/presidentielle-dates-candidats-sondages\" \/>\n<meta property=\"og:locale\" content=\"fr_FR\" \/>\n<meta property=\"og:type\" content=\"article\" \/>\n<meta property=\"og:title\" content=\"\u00c9lection pr\u00e9sidentielle 2027 : dates, candidats, r\u00e9sultats, sondages\" \/>\n<meta property=\"og:description\" content=\"Les \u00e9lecteurs fran\u00e7ais seront invit\u00e9s \u00e0 voter en 2027 pour d\u00e9signer le pr\u00e9sident de la R\u00e9publique, apr\u00e8s le second mandat d&#039;Emmanuel Macron.\" \/>\n<meta property=\"og:url\" content=\"https:\/\/www.toutsurmesfinances.com\/vie-pratique\/a\/presidentielle-dates-candidats-sondages\" \/>\n<meta property=\"og:site_name\" content=\"Vie pratique\" \/>\n<meta property=\"article:published_time\" content=\"2021-07-07T15:49:02+00:00\" \/>\n<meta property=\"article:modified_time\" content=\"2025-02-12T10:14:03+00:00\" \/>\n<meta property=\"og:image\" content=\"https:\/\/www.toutsurmesfinances.com\/vie-pratique\/wp-content\/uploads\/sites\/9\/2021\/07\/FFF.jpg\" \/>\n\t<meta property=\"og:image:width\" content=\"823\" \/>\n\t<meta property=\"og:image:height\" content=\"463\" \/>\n\t<meta property=\"og:image:type\" content=\"image\/jpeg\" \/>\n<meta name=\"author\" content=\"Loic Farge\" \/>\n<meta name=\"twitter:card\" content=\"summary_large_image\" \/>\n<meta name=\"twitter:creator\" content=\"@Toutsur\" \/>\n<meta name=\"twitter:site\" content=\"@Toutsur\" \/>\n<meta name=\"twitter:label1\" content=\"\u00c9crit par\" \/>\n\t<meta name=\"twitter:data1\" content=\"Loic Farge\" \/>\n\t<meta name=\"twitter:label2\" content=\"Dur\u00e9e de lecture estim\u00e9e\" \/>\n\t<meta name=\"twitter:data2\" content=\"19 minutes\" \/>\n<script type=\"application\/ld+json\" class=\"yoast-schema-graph\">{\"@context\":\"https:\/\/schema.org\",\"@graph\":[{\"@type\":\"Article\",\"@id\":\"https:\/\/www.toutsurmesfinances.com\/vie-pratique\/a\/presidentielle-dates-candidats-sondages#article\",\"isPartOf\":{\"@id\":\"https:\/\/www.toutsurmesfinances.com\/vie-pratique\/a\/presidentielle-dates-candidats-sondages\"},\"author\":{\"name\":\"Loic Farge\",\"@id\":\"https:\/\/www.toutsurmesfinances.com\/vie-pratique\/#\/schema\/person\/441d2f49b49f36caada20af210ea82db\"},\"headline\":\"Pr\u00e9sidentielle 2027 : dates, candidats, r\u00e9sultats, sondages\",\"dateModified\":\"2025-02-12T10:14:03+00:00\",\"mainEntityOfPage\":{\"@id\":\"https:\/\/www.toutsurmesfinances.com\/vie-pratique\/a\/presidentielle-dates-candidats-sondages\"},\"wordCount\":3856,\"publisher\":{\"@id\":\"https:\/\/www.toutsurmesfinances.com\/vie-pratique\/#organization\"},\"image\":{\"@id\":\"https:\/\/www.toutsurmesfinances.com\/vie-pratique\/a\/presidentielle-dates-candidats-sondages#primaryimage\"},\"thumbnailUrl\":\"https:\/\/www.toutsurmesfinances.com\/vie-pratique\/wp-content\/uploads\/sites\/9\/2021\/07\/FFF.jpg\",\"articleSection\":[\"Formalit\u00e9s\"],\"inLanguage\":\"fr-FR\"},{\"@type\":\"WebPage\",\"@id\":\"https:\/\/www.toutsurmesfinances.com\/vie-pratique\/a\/presidentielle-dates-candidats-sondages\",\"url\":\"https:\/\/www.toutsurmesfinances.com\/vie-pratique\/a\/presidentielle-dates-candidats-sondages\",\"name\":\"\u00c9lection pr\u00e9sidentielle 2027 : dates, candidats, r\u00e9sultats, sondages\",\"isPartOf\":{\"@id\":\"https:\/\/www.toutsurmesfinances.com\/vie-pratique\/#website\"},\"primaryImageOfPage\":{\"@id\":\"https:\/\/www.toutsurmesfinances.com\/vie-pratique\/a\/presidentielle-dates-candidats-sondages#primaryimage\"},\"image\":{\"@id\":\"https:\/\/www.toutsurmesfinances.com\/vie-pratique\/a\/presidentielle-dates-candidats-sondages#primaryimage\"},\"thumbnailUrl\":\"https:\/\/www.toutsurmesfinances.com\/vie-pratique\/wp-content\/uploads\/sites\/9\/2021\/07\/FFF.jpg\",\"dateModified\":\"2025-02-12T10:14:03+00:00\",\"description\":\"Les \u00e9lecteurs fran\u00e7ais seront invit\u00e9s \u00e0 voter en 2027 pour d\u00e9signer le pr\u00e9sident de la R\u00e9publique, apr\u00e8s le second mandat d'Emmanuel Macron.\",\"breadcrumb\":{\"@id\":\"https:\/\/www.toutsurmesfinances.com\/vie-pratique\/a\/presidentielle-dates-candidats-sondages#breadcrumb\"},\"inLanguage\":\"fr-FR\",\"potentialAction\":[{\"@type\":\"ReadAction\",\"target\":[\"https:\/\/www.toutsurmesfinances.com\/vie-pratique\/a\/presidentielle-dates-candidats-sondages\"]}]},{\"@type\":\"ImageObject\",\"inLanguage\":\"fr-FR\",\"@id\":\"https:\/\/www.toutsurmesfinances.com\/vie-pratique\/a\/presidentielle-dates-candidats-sondages#primaryimage\",\"url\":\"https:\/\/www.toutsurmesfinances.com\/vie-pratique\/wp-content\/uploads\/sites\/9\/2021\/07\/FFF.jpg\",\"contentUrl\":\"https:\/\/www.toutsurmesfinances.com\/vie-pratique\/wp-content\/uploads\/sites\/9\/2021\/07\/FFF.jpg\",\"width\":823,\"height\":463},{\"@type\":\"BreadcrumbList\",\"@id\":\"https:\/\/www.toutsurmesfinances.com\/vie-pratique\/a\/presidentielle-dates-candidats-sondages#breadcrumb\",\"itemListElement\":[{\"@type\":\"ListItem\",\"position\":1,\"name\":\"Accueil\",\"item\":\"https:\/\/www.toutsurmesfinances.com\/vie-pratique\/\"},{\"@type\":\"ListItem\",\"position\":2,\"name\":\"Formalit\u00e9s\",\"item\":\"https:\/\/www.toutsurmesfinances.com\/vie-pratique\/c\/formalites\"},{\"@type\":\"ListItem\",\"position\":3,\"name\":\"Pr\u00e9sidentielle 2027 : dates, candidats, r\u00e9sultats, sondages\"}]},{\"@type\":\"WebSite\",\"@id\":\"https:\/\/www.toutsurmesfinances.com\/vie-pratique\/#website\",\"url\":\"https:\/\/www.toutsurmesfinances.com\/vie-pratique\/\",\"name\":\"Vie pratique\",\"description\":\"\",\"publisher\":{\"@id\":\"https:\/\/www.toutsurmesfinances.com\/vie-pratique\/#organization\"},\"potentialAction\":[{\"@type\":\"SearchAction\",\"target\":{\"@type\":\"EntryPoint\",\"urlTemplate\":\"https:\/\/www.toutsurmesfinances.com\/vie-pratique\/?s={search_term_string}\"},\"query-input\":{\"@type\":\"PropertyValueSpecification\",\"valueRequired\":true,\"valueName\":\"search_term_string\"}}],\"inLanguage\":\"fr-FR\"},{\"@type\":\"Organization\",\"@id\":\"https:\/\/www.toutsurmesfinances.com\/vie-pratique\/#organization\",\"name\":\"Tout Sur Mes Finances\",\"url\":\"https:\/\/www.toutsurmesfinances.com\/vie-pratique\/\",\"logo\":{\"@type\":\"ImageObject\",\"inLanguage\":\"fr-FR\",\"@id\":\"https:\/\/www.toutsurmesfinances.com\/vie-pratique\/#\/schema\/logo\/image\/\",\"url\":\"https:\/\/www.toutsurmesfinances.com\/vie-pratique\/wp-content\/uploads\/sites\/9\/2021\/01\/favicon.png\",\"contentUrl\":\"https:\/\/www.toutsurmesfinances.com\/vie-pratique\/wp-content\/uploads\/sites\/9\/2021\/01\/favicon.png\",\"width\":512,\"height\":512,\"caption\":\"Tout Sur Mes Finances\"},\"image\":{\"@id\":\"https:\/\/www.toutsurmesfinances.com\/vie-pratique\/#\/schema\/logo\/image\/\"},\"sameAs\":[\"https:\/\/x.com\/Toutsur\"]},{\"@type\":\"Person\",\"@id\":\"https:\/\/www.toutsurmesfinances.com\/vie-pratique\/#\/schema\/person\/441d2f49b49f36caada20af210ea82db\",\"name\":\"Loic Farge\",\"image\":{\"@type\":\"ImageObject\",\"inLanguage\":\"fr-FR\",\"@id\":\"https:\/\/www.toutsurmesfinances.com\/vie-pratique\/#\/schema\/person\/image\/\",\"url\":\"https:\/\/secure.gravatar.com\/avatar\/d6ba1a4c295f842490f4602774c31c1d?s=96&d=mm&r=g\",\"contentUrl\":\"https:\/\/secure.gravatar.com\/avatar\/d6ba1a4c295f842490f4602774c31c1d?s=96&d=mm&r=g\",\"caption\":\"Loic Farge\"},\"description\":\"Lo\u00efc Farge est journaliste sp\u00e9cialis\u00e9 en immobilier. Il travaille chez\u00a0ToutSurMesFinances.com\u00a0depuis pr\u00e8s de 10 ans. Il couvre l\u2019ensemble des th\u00e9matiques li\u00e9es \u00e0 l\u2019immobilier : march\u00e9, financement, r\u00e9glementation, fiscalit\u00e9 et investissement locatif.\",\"sameAs\":[\"https:\/\/www.toutsurmesfinances.com\/author\/loic\",\"https:\/\/www.linkedin.com\/in\/loc-farge-4b742725\/\"]}]}<\/script>\n<!-- \/ Yoast SEO plugin. -->","yoast_head_json":{"title":"\u00c9lection pr\u00e9sidentielle 2027 : dates, candidats, r\u00e9sultats, sondages","description":"Les \u00e9lecteurs fran\u00e7ais seront invit\u00e9s \u00e0 voter en 2027 pour d\u00e9signer le pr\u00e9sident de la R\u00e9publique, apr\u00e8s le second mandat d'Emmanuel Macron.","robots":{"index":"index","follow":"follow","max-snippet":"max-snippet:-1","max-image-preview":"max-image-preview:large","max-video-preview":"max-video-preview:-1"},"canonical":"https:\/\/www.toutsurmesfinances.com\/vie-pratique\/a\/presidentielle-dates-candidats-sondages","og_locale":"fr_FR","og_type":"article","og_title":"\u00c9lection pr\u00e9sidentielle 2027 : dates, candidats, r\u00e9sultats, sondages","og_description":"Les \u00e9lecteurs fran\u00e7ais seront invit\u00e9s \u00e0 voter en 2027 pour d\u00e9signer le pr\u00e9sident de la R\u00e9publique, apr\u00e8s le second mandat d'Emmanuel Macron.","og_url":"https:\/\/www.toutsurmesfinances.com\/vie-pratique\/a\/presidentielle-dates-candidats-sondages","og_site_name":"Vie pratique","article_published_time":"2021-07-07T15:49:02+00:00","article_modified_time":"2025-02-12T10:14:03+00:00","og_image":[{"width":823,"height":463,"url":"https:\/\/www.toutsurmesfinances.com\/vie-pratique\/wp-content\/uploads\/sites\/9\/2021\/07\/FFF.jpg","type":"image\/jpeg"}],"author":"Loic Farge","twitter_card":"summary_large_image","twitter_creator":"@Toutsur","twitter_site":"@Toutsur","twitter_misc":{"\u00c9crit par":"Loic Farge","Dur\u00e9e de lecture estim\u00e9e":"19 minutes"},"schema":{"@context":"https:\/\/schema.org","@graph":[{"@type":"Article","@id":"https:\/\/www.toutsurmesfinances.com\/vie-pratique\/a\/presidentielle-dates-candidats-sondages#article","isPartOf":{"@id":"https:\/\/www.toutsurmesfinances.com\/vie-pratique\/a\/presidentielle-dates-candidats-sondages"},"author":{"name":"Loic Farge","@id":"https:\/\/www.toutsurmesfinances.com\/vie-pratique\/#\/schema\/person\/441d2f49b49f36caada20af210ea82db"},"headline":"Pr\u00e9sidentielle 2027 : dates, candidats, r\u00e9sultats, sondages","dateModified":"2025-02-12T10:14:03+00:00","mainEntityOfPage":{"@id":"https:\/\/www.toutsurmesfinances.com\/vie-pratique\/a\/presidentielle-dates-candidats-sondages"},"wordCount":3856,"publisher":{"@id":"https:\/\/www.toutsurmesfinances.com\/vie-pratique\/#organization"},"image":{"@id":"https:\/\/www.toutsurmesfinances.com\/vie-pratique\/a\/presidentielle-dates-candidats-sondages#primaryimage"},"thumbnailUrl":"https:\/\/www.toutsurmesfinances.com\/vie-pratique\/wp-content\/uploads\/sites\/9\/2021\/07\/FFF.jpg","articleSection":["Formalit\u00e9s"],"inLanguage":"fr-FR"},{"@type":"WebPage","@id":"https:\/\/www.toutsurmesfinances.com\/vie-pratique\/a\/presidentielle-dates-candidats-sondages","url":"https:\/\/www.toutsurmesfinances.com\/vie-pratique\/a\/presidentielle-dates-candidats-sondages","name":"\u00c9lection pr\u00e9sidentielle 2027 : dates, candidats, r\u00e9sultats, sondages","isPartOf":{"@id":"https:\/\/www.toutsurmesfinances.com\/vie-pratique\/#website"},"primaryImageOfPage":{"@id":"https:\/\/www.toutsurmesfinances.com\/vie-pratique\/a\/presidentielle-dates-candidats-sondages#primaryimage"},"image":{"@id":"https:\/\/www.toutsurmesfinances.com\/vie-pratique\/a\/presidentielle-dates-candidats-sondages#primaryimage"},"thumbnailUrl":"https:\/\/www.toutsurmesfinances.com\/vie-pratique\/wp-content\/uploads\/sites\/9\/2021\/07\/FFF.jpg","dateModified":"2025-02-12T10:14:03+00:00","description":"Les \u00e9lecteurs fran\u00e7ais seront invit\u00e9s \u00e0 voter en 2027 pour d\u00e9signer le pr\u00e9sident de la R\u00e9publique, apr\u00e8s le second mandat d'Emmanuel Macron.","breadcrumb":{"@id":"https:\/\/www.toutsurmesfinances.com\/vie-pratique\/a\/presidentielle-dates-candidats-sondages#breadcrumb"},"inLanguage":"fr-FR","potentialAction":[{"@type":"ReadAction","target":["https:\/\/www.toutsurmesfinances.com\/vie-pratique\/a\/presidentielle-dates-candidats-sondages"]}]},{"@type":"ImageObject","inLanguage":"fr-FR","@id":"https:\/\/www.toutsurmesfinances.com\/vie-pratique\/a\/presidentielle-dates-candidats-sondages#primaryimage","url":"https:\/\/www.toutsurmesfinances.com\/vie-pratique\/wp-content\/uploads\/sites\/9\/2021\/07\/FFF.jpg","contentUrl":"https:\/\/www.toutsurmesfinances.com\/vie-pratique\/wp-content\/uploads\/sites\/9\/2021\/07\/FFF.jpg","width":823,"height":463},{"@type":"BreadcrumbList","@id":"https:\/\/www.toutsurmesfinances.com\/vie-pratique\/a\/presidentielle-dates-candidats-sondages#breadcrumb","itemListElement":[{"@type":"ListItem","position":1,"name":"Accueil","item":"https:\/\/www.toutsurmesfinances.com\/vie-pratique\/"},{"@type":"ListItem","position":2,"name":"Formalit\u00e9s","item":"https:\/\/www.toutsurmesfinances.com\/vie-pratique\/c\/formalites"},{"@type":"ListItem","position":3,"name":"Pr\u00e9sidentielle 2027 : dates, candidats, r\u00e9sultats, sondages"}]},{"@type":"WebSite","@id":"https:\/\/www.toutsurmesfinances.com\/vie-pratique\/#website","url":"https:\/\/www.toutsurmesfinances.com\/vie-pratique\/","name":"Vie pratique","description":"","publisher":{"@id":"https:\/\/www.toutsurmesfinances.com\/vie-pratique\/#organization"},"potentialAction":[{"@type":"SearchAction","target":{"@type":"EntryPoint","urlTemplate":"https:\/\/www.toutsurmesfinances.com\/vie-pratique\/?s={search_term_string}"},"query-input":{"@type":"PropertyValueSpecification","valueRequired":true,"valueName":"search_term_string"}}],"inLanguage":"fr-FR"},{"@type":"Organization","@id":"https:\/\/www.toutsurmesfinances.com\/vie-pratique\/#organization","name":"Tout Sur Mes Finances","url":"https:\/\/www.toutsurmesfinances.com\/vie-pratique\/","logo":{"@type":"ImageObject","inLanguage":"fr-FR","@id":"https:\/\/www.toutsurmesfinances.com\/vie-pratique\/#\/schema\/logo\/image\/","url":"https:\/\/www.toutsurmesfinances.com\/vie-pratique\/wp-content\/uploads\/sites\/9\/2021\/01\/favicon.png","contentUrl":"https:\/\/www.toutsurmesfinances.com\/vie-pratique\/wp-content\/uploads\/sites\/9\/2021\/01\/favicon.png","width":512,"height":512,"caption":"Tout Sur Mes Finances"},"image":{"@id":"https:\/\/www.toutsurmesfinances.com\/vie-pratique\/#\/schema\/logo\/image\/"},"sameAs":["https:\/\/x.com\/Toutsur"]},{"@type":"Person","@id":"https:\/\/www.toutsurmesfinances.com\/vie-pratique\/#\/schema\/person\/441d2f49b49f36caada20af210ea82db","name":"Loic Farge","image":{"@type":"ImageObject","inLanguage":"fr-FR","@id":"https:\/\/www.toutsurmesfinances.com\/vie-pratique\/#\/schema\/person\/image\/","url":"https:\/\/secure.gravatar.com\/avatar\/d6ba1a4c295f842490f4602774c31c1d?s=96&d=mm&r=g","contentUrl":"https:\/\/secure.gravatar.com\/avatar\/d6ba1a4c295f842490f4602774c31c1d?s=96&d=mm&r=g","caption":"Loic Farge"},"description":"Lo\u00efc Farge est journaliste sp\u00e9cialis\u00e9 en immobilier. Il travaille chez\u00a0ToutSurMesFinances.com\u00a0depuis pr\u00e8s de 10 ans. Il couvre l\u2019ensemble des th\u00e9matiques li\u00e9es \u00e0 l\u2019immobilier : march\u00e9, financement, r\u00e9glementation, fiscalit\u00e9 et investissement locatif.","sameAs":["https:\/\/www.toutsurmesfinances.com\/author\/loic","https:\/\/www.linkedin.com\/in\/loc-farge-4b742725\/"]}]}},"_links":{"self":[{"href":"https:\/\/www.toutsurmesfinances.com\/vie-pratique\/wp-json\/wp\/v2\/posts\/8072","targetHints":{"allow":["GET"]}}],"collection":[{"href":"https:\/\/www.toutsurmesfinances.com\/vie-pratique\/wp-json\/wp\/v2\/posts"}],"about":[{"href":"https:\/\/www.toutsurmesfinances.com\/vie-pratique\/wp-json\/wp\/v2\/types\/post"}],"author":[{"embeddable":true,"href":"https:\/\/www.toutsurmesfinances.com\/vie-pratique\/wp-json\/wp\/v2\/users\/13719"}],"replies":[{"embeddable":true,"href":"https:\/\/www.toutsurmesfinances.com\/vie-pratique\/wp-json\/wp\/v2\/comments?post=8072"}],"version-history":[{"count":4,"href":"https:\/\/www.toutsurmesfinances.com\/vie-pratique\/wp-json\/wp\/v2\/posts\/8072\/revisions"}],"predecessor-version":[{"id":11045,"href":"https:\/\/www.toutsurmesfinances.com\/vie-pratique\/wp-json\/wp\/v2\/posts\/8072\/revisions\/11045"}],"wp:featuredmedia":[{"embeddable":true,"href":"https:\/\/www.toutsurmesfinances.com\/vie-pratique\/wp-json\/wp\/v2\/media\/8093"}],"wp:attachment":[{"href":"https:\/\/www.toutsurmesfinances.com\/vie-pratique\/wp-json\/wp\/v2\/media?parent=8072"}],"wp:term":[{"taxonomy":"category","embeddable":true,"href":"https:\/\/www.toutsurmesfinances.com\/vie-pratique\/wp-json\/wp\/v2\/categories?post=8072"},{"taxonomy":"post_tag","embeddable":true,"href":"https:\/\/www.toutsurmesfinances.com\/vie-pratique\/wp-json\/wp\/v2\/tags?post=8072"}],"curies":[{"name":"wp","href":"https:\/\/api.w.org\/{rel}","templated":true}]}}