{"id":9176,"date":"2022-04-28T12:24:24","date_gmt":"2022-04-28T10:24:24","guid":{"rendered":"https:\/\/www.toutsurmesfinances.com\/vie-pratique\/?p=9176"},"modified":"2024-07-08T09:51:56","modified_gmt":"2024-07-08T07:51:56","slug":"elections-legislatives-dates-candidats-resultats-sondages","status":"publish","type":"post","link":"https:\/\/www.toutsurmesfinances.com\/vie-pratique\/a\/elections-legislatives-dates-candidats-resultats-sondages","title":{"rendered":"\u00c9lections l\u00e9gislatives anticip\u00e9es 2024 : dates, candidats, r\u00e9sultats, sondages"},"content":{"rendered":"<h2><span class=\"ez-toc-section\" id=\"Elections_legislatives_a_quoi_ca_sert\"><\/span>\u00c9lections l\u00e9gislatives : \u00e0 quoi \u00e7a sert ?<span class=\"ez-toc-section-end\"><\/span><\/h2>\n<p>En France, les \u00e9lections l\u00e9gislatives sont des \u00e9lections au suffrage universel direct qui visent \u00e0 <strong>d\u00e9signer les d\u00e9put\u00e9s<\/strong>. Le vote, qui a lieu tous les cinq ans (sauf dissolution de l\u2019Assembl\u00e9e nationale) dans les semaines qui suivent l\u2019<a href=\"https:\/\/www.toutsurmesfinances.com\/vie-pratique\/a\/presidentielle-dates-candidats-sondages\">\u00e9lection pr\u00e9sidentielle<\/a>, renouvelle dans son int\u00e9gralit\u00e9 l\u2019Assembl\u00e9e (celle-ci formant avec le S\u00e9nat le Parlement).<\/p>\n<p><strong>\u00c0 NOTER :<\/strong> il faut distinguer l\u2019\u00e9lection l\u00e9gislative \u00ab traditionnelle \u00bb d\u2019une \u00e9lection l\u00e9gislative partielle. Celle-ci est organis\u00e9e lorsqu&rsquo;un d\u00e9put\u00e9, \u00e9lu pour un mandat de cinq ans, ne peut plus si\u00e9ger ou voit son \u00e9lection invalid\u00e9e. Parmi les cas de vacance du si\u00e8ge n\u00e9cessitant une nouvelle \u00e9lection figurent une d\u00e9mission pour convenance personnelle, une d\u00e9mission d&rsquo;office en cas de non-respect des r\u00e8gles de financement de la campagne \u00e9lectorale o\u00bbu encore une d\u00e9ch\u00e9ance du mandat \u00e0 la suite d&rsquo;une in\u00e9ligibilit\u00e9.<\/p>\n<p>Les d\u00e9put\u00e9s, <strong>au nombre de 577<\/strong>, sont \u00e9lus au scrutin uninominal majoritaire \u00e0 deux tours <em>(explications plus bas &gt; Mode de scrutin)<\/em> par les \u00e9lecteurs inscrits sur les listes \u00e9lectorales. Chaque d\u00e9put\u00e9, bien qu&rsquo;\u00e9lu dans un cadre g\u00e9ographique d\u00e9termin\u00e9 &#8211; la <strong>circonscription<\/strong>, qui correspond en g\u00e9n\u00e9ral \u00e0 une subdivision d&rsquo;un d\u00e9partement ou d&rsquo;une collectivit\u00e9 d&rsquo;Outre-mer -, repr\u00e9sente la Nation toute enti\u00e8re.<\/p>\n<p>\u00ab\u00a0La souverainet\u00e9 nationale appartient au peuple qui l\u2019exerce par ses repr\u00e9sentants et par la voie du r\u00e9f\u00e9rendum\u00a0\u00bb, \u00e9nonce l\u2019article 3 de la Constitution de la V\u00e8me R\u00e9publique, en date du 4 octobre 1958.<\/p>\n<p>Les d\u00e9put\u00e9s participent \u00e0 l\u2019expression de la volont\u00e9 g\u00e9n\u00e9rale, mais sont aussi, <em>de facto<\/em>, les repr\u00e9sentants dans l\u2019h\u00e9micycle de leur circonscription. Ainsi, le d\u00e9put\u00e9 peut non seulement se faire l\u2019\u00e9cho des pr\u00e9occupations (\u00e0 dimension l\u00e9gislative) de ses \u00e9lecteurs \u00e0 l\u2019Assembl\u00e9e nationale, mais il a aussi vocation \u00e0 intervenir aupr\u00e8s des pouvoirs publics pour r\u00e9clamer la mise en place de certaines politiques (notamment \u00e9conomiques, sociales et culturelles) au niveau de sa circonscription.<\/p>\n<p>Quelles sont les missions d\u2019un d\u00e9put\u00e9 ? Son r\u00f4le principal vise \u00e0 <strong>participer au travail l\u00e9gislatif<\/strong> (vote de la loi et d\u00e9p\u00f4t de propositions de loi). Il a \u00e9galement un pouvoir de <strong>contr\u00f4le de l\u2019action du gouvernement<\/strong>.<\/p>\n<h2><span class=\"ez-toc-section\" id=\"Legislatives_2024_quelles_dates_des_elections\"><\/span>L\u00e9gislatives 2024 : quelles dates des \u00e9lections ?<span class=\"ez-toc-section-end\"><\/span><\/h2>\n<p>Quel \u00e9tait le calendrier des \u00e9lections l\u00e9gislatives de 2024 ? Un d\u00e9cret \u00ab portant convocation des \u00e9lecteurs pour l&rsquo;\u00e9lection des d\u00e9put\u00e9s \u00bb, <a href=\"https:\/\/www.legifrance.gouv.fr\/jorf\/id\/JORFTEXT000049689654\" target=\"_blank\" rel=\"nofollow noopener noreferrer\">paru au <em>Journal Officiel<\/em> du 10 juin 2024<\/a>, a ent\u00e9rin\u00e9 les dates-cl\u00e9s du scrutin \u00e0 l&rsquo;issue duquel ont \u00e9t\u00e9 d\u00e9sign\u00e9s les 577 d\u00e9put\u00e9s de la XVII\u00e8me l\u00e9gislature de la Cinqui\u00e8me R\u00e9publique.<\/p>\n<p>Traditionnellement, le d\u00e9cret fixant les dates du scrutin pr\u00e9cise que \u00ab les \u00e9lections ont lieu le septi\u00e8me dimanche qui suit la publication du d\u00e9cret convoquant les \u00e9lecteurs \u00bb. Ce n&rsquo;\u00e9tait pas mentionn\u00e9 dans le d\u00e9cret paru le 10 juin 2024. L&rsquo;appel au vote des Fran\u00e7ais a fait suite, cette fois-ci, \u00e0 la dissolution de l&rsquo;Assembl\u00e9e nationale annonc\u00e9e par Emmanuel Macron au soir des r\u00e9sultats des \u00e9lections europ\u00e9ennes du 9 juin 2024, marqu\u00e9es par la victoire du Rassemblement national (RN). Ce sont donc des l\u00e9gislatives anticip\u00e9es qui \u00e9taient programm\u00e9es en 2024.<\/p>\n<p>Les \u00e9lections l\u00e9gislatives anticip\u00e9es 2024 \u00e9taient pr\u00e9vues :<\/p>\n<ul>\n<li>le <strong>dimanche 30 juin 2024<\/strong>, pour le premier tour<\/li>\n<li>le <strong>dimanche 7 juillet 2024<\/strong>, pour le second tour (dans le cas o\u00f9 un candidat n\u2019aurait pas recueilli, dans sa circonscription, la majorit\u00e9 absolue des suffrages exprim\u00e9s et un nombre de voix \u00e9gal au quart des \u00e9lecteurs inscrits au premier tour)<\/li>\n<\/ul>\n<p><strong>IMPORTANT :<\/strong> pour tenir compte de l\u2019\u00e9loignement g\u00e9ographique, les \u00e9lecteurs ultra-marins et les Fran\u00e7ais de l\u2019\u00e9tranger votent avec un temps de d\u00e9calage. Traditionnellement, le premier tour s&rsquo;y d\u00e9roule avec une semaine d\u2019avance par rapport \u00e0 ceux de m\u00e9tropole. Mais comme le calendrier des l\u00e9gislatives \u00e9tait particuli\u00e8rement contraint en 2024, les \u00e9lecteurs concern\u00e9s ont \u00e9t\u00e9 convoqu\u00e9s, par d\u00e9rogation, <span style=\"background-color: transparent\">le <\/span><strong style=\"background-color: transparent\">samedi 29 juin 2024<\/strong><span style=\"background-color: transparent\"> pour le premier tour. Il s&rsquo;agissait des \u00e9lecteurs qui votent \u00e0 Saint-Pierre-et-Miquelon, \u00e0 Saint-Barth\u00e9lemy, \u00e0 Saint-Martin, en Guadeloupe, en Martinique, en Guyane, en Polyn\u00e9sie fran\u00e7aise et dans les bureaux de vote ouverts par les ambassades et postes consulaires situ\u00e9s sur le continent am\u00e9ricain.<\/span><\/p>\n<p>Pour le second tour, les \u00e9lecteurs des d\u00e9partements et collectivit\u00e9s d&rsquo;Outre-mer et les Fran\u00e7ais de l\u2019\u00e9tranger \u00e9taient appel\u00e9s aux urnes d\u00e8s le samedi pr\u00e9c\u00e9dant l&rsquo;\u00e9lection pour ce m\u00eame second tour en m\u00e9tropole. La date du scrutin 2024 \u00e9tait donc fix\u00e9e au <strong>samedi 6 juillet<\/strong> pour les \u00e9lecteurs qui votaient pour le second tour en Guadeloupe, en Guyane, en Martinique, \u00e0 Saint-Barth\u00e9lemy, \u00e0 Saint-Martin, \u00e0 Saint-Pierre-et-Miquelon, en Polyn\u00e9sie fran\u00e7aise et dans les bureaux de vote ouverts par les ambassades et postes consulaires situ\u00e9s sur le continent am\u00e9ricain et dans les Cara\u00efbes.<\/p>\n<p>Contrairement \u00e0 l&rsquo;\u00e9lection pr\u00e9sidentielle, l&rsquo;entre-deux-tours des l\u00e9gislatives ne dure donc globalement qu&rsquo;une semaine (et non deux).<\/p>\n<p>Les bureaux de vote sont ouverts entre 8 heures et 18 heures (heures l\u00e9gales locales). Un arr\u00eat\u00e9 peut toutefois autoriser certaines grandes villes \u00e0 retarder leur de fermeture des bureaux, qui doivent \u00eatre clos au plus tard \u00e0 20 heures.<\/p>\n<p>Les modalit\u00e9s relatives \u00e0 l\u2019\u00e9lection des d\u00e9put\u00e9s fran\u00e7ais sont inscrites dans le Code \u00e9lectoral (<a href=\"https:\/\/www.legifrance.gouv.fr\/codes\/section_lc\/LEGITEXT000006070239\/LEGISCTA000006134754\/#LEGISCTA000006134754\" target=\"_blank\" rel=\"nofollow noopener noreferrer\">article L.O.119 \u00e0 L.190<\/a>).<\/p>\n<h2><span class=\"ez-toc-section\" id=\"Legislatives_2024_modalites_de_vote_et_delection\"><\/span>L\u00e9gislatives 2024, modalit\u00e9s de vote et d\u2019\u00e9lection<span class=\"ez-toc-section-end\"><\/span><\/h2>\n<h3><span class=\"ez-toc-section\" id=\"Qui_vote_a_loccasion_des_elections_legislatives\"><\/span>Qui vote \u00e0 l\u2019occasion des \u00e9lections l\u00e9gislatives ?<span class=\"ez-toc-section-end\"><\/span><\/h3>\n<p>Ce sont les \u00e9lecteurs fran\u00e7ais qui \u00e9lisent les d\u00e9put\u00e9s au suffrage universel direct \u00e0 l&rsquo;occasion des \u00e9lections l\u00e9gislatives. Pour pouvoir voter, plusieurs r\u00e8gles s\u2019imposent :<\/p>\n<ul>\n<li>\u00eatre majeur (\u00e2g\u00e9 de 18 ans et plus)<\/li>\n<li>justifier de la nationalit\u00e9 fran\u00e7aise<\/li>\n<li>disposer de ses droits civils et politiques<\/li>\n<li>\u00eatre inscrit sur les listes \u00e9lectorales<\/li>\n<\/ul>\n<p>D\u2019apr\u00e8s l\u2019Insee, ce sont pr\u00e8s de 49,5 millions d&rsquo;\u00e9lecteurs qui ont ainsi \u00e9t\u00e9 appel\u00e9s aux urnes pour d\u00e9signer les 577 parlementaires de l&rsquo;Assembl\u00e9e nationale \u00e0 l&rsquo;occasion des \u00e9lections l\u00e9gislatives anticip\u00e9es de 2024.<\/p>\n<p>Les personnes pas encore inscrites sur les listes \u00e9lectorales, mais qui souhaitent participer au scrutin l\u00e9gislatif, ont la possibilit\u00e9 de s&rsquo;inscrire en respectant un certain d\u00e9lai. Les dates limite \u00e0 respecter pour voter varient en fonction du lieu du vote et de la proc\u00e9dure utilis\u00e9e pour s&rsquo;inscrire sur les listes \u00e9lectorales.<\/p>\n<p><strong>ATTENTION :<\/strong> les personnes qui n\u2019\u00e9taient pas inscrites sur les listes \u00e9lectorales avant lundi 10 juin 2024, date de publication du d\u00e9cret pr\u00e9sidentiel relatif \u00e0 l&rsquo;organisation d&rsquo;\u00e9lections l\u00e9gislatives anticip\u00e9es, n&rsquo;ont pas pu pas voter \u00e0 l&rsquo;occasion du scrutin programm\u00e9 les 30 juin et 7 juillet 2024. Les Fran\u00e7ais qui avaient atteint le cap des 18 ans d\u2019ici au 30 juin 2024 \u00e9taient \u00e9galement concern\u00e9s par le gel des listes \u00e9lectorales, et ce, en d\u00e9pit de leur inscription automatique. \u00ab En revanche, toutes les personnes qui se sont inscrites entre le 3 mai (date limite d\u2019inscription pour les \u00e9lections europ\u00e9ennes) et le d\u00e9cret du 9 juin sont bien inscrites pour les \u00e9lections l\u00e9gislatives \u00bb<em>,<\/em> a pr\u00e9cis\u00e9 le minist\u00e8re de l&rsquo;Int\u00e9rieur.<\/p>\n<p>Toutefois, le d\u00e9lai d&rsquo;inscription (en temps normal, il est possible de s\u2019inscrire sur les listes \u00e9lectorales au plus tard le sixi\u00e8me vendredi qui pr\u00e9c\u00e8de le premier tour de l\u2019\u00e9lection) est raccourci au dixi\u00e8me jour avant le premier tour dans certains cas tr\u00e8s particuliers, en vertu de l\u2019article L. 30 du code \u00e9lectoral : jeune de 18 ans sans recensement citoyen, d\u00e9m\u00e9nagement r\u00e9cent, acquisition r\u00e9cente de la nationalit\u00e9 fran\u00e7aise, droit de vote r\u00e9cemment recouvr\u00e9. Cette d\u00e9rogation couraient pour les l\u00e9gislatives anticip\u00e9es de 2024, en respectant une date limite (le 19 ou le 20 juin 2024).<\/p>\n<p>Pour une inscription en ligne dans la situation normale, les dates butoir (au plus tard) \u00e9taient :<\/p>\n<ul>\n<li>le <strong>mercredi 1er mai 2024<\/strong>, pour les \u00e9lecteurs de m\u00e9tropole<\/li>\n<li>le <strong>mercredi 1er mai 2024<\/strong>, pour les \u00e9lecteurs qui votent en Guadeloupe, en Guyane, en Martinique, \u00e0 Saint-Barth\u00e9lemy, \u00e0 Saint-Martin, \u00e0 Saint-Pierre-et-Miquelon, \u00e0 La R\u00e9union et \u00e0 Mayotte<\/li>\n<li>le <strong>mercredi 1er mai 2024<\/strong>, pour les \u00e9lecteur qui votent en Polyn\u00e9sie fran\u00e7aise<\/li>\n<\/ul>\n<p>La proc\u00e9dure s&rsquo;effectue via le t\u00e9l\u00e9service disponible sur Service-Public.fr, sur pr\u00e9sentation d&rsquo;un justificatif d&rsquo;identit\u00e9 et d&rsquo;un justificatif de domicile num\u00e9ris\u00e9s, ainsi que du formulaire d\u2019inscription d\u00fbment rempli (formulaire <strong>Cerfa n\u00b012669*02<\/strong>).<\/p>\n<p>Pour les personnes qui s&rsquo;inscrivent en remplissant un formulaire papier, celui-ci devait \u00eatre d\u00e9pos\u00e9 en mairie ou par courrier adress\u00e9 \u00e0 sa mairie avant une date limite. Pour les l\u00e9gislatives de 2024, elles devaient s&rsquo;inscrire au plus tard :<\/p>\n<ul>\n<li>le <strong>vendredi 3 mai 2024,<\/strong>\u00a0pour les \u00e9lecteurs qui votaient en m\u00e9tropole<\/li>\n<li>le<strong> vendredi 3 mai 2024,<\/strong>\u00a0pour les \u00e9lecteurs en Guadeloupe, en Guyane, en Martinique, \u00e0 Saint-Barth\u00e9lemy, \u00e0 Saint-Martin, \u00e0 Saint-Pierre-et-Miquelon, \u00e0 La R\u00e9union et \u00e0 Mayotte<\/li>\n<li>le <strong>vendredi 3 mai 2024<\/strong>, pour les \u00e9lecteur en Polyn\u00e9sie fran\u00e7aise<\/li>\n<\/ul>\n<p>L\u00e0 encore, une pi\u00e8ce d&rsquo;identit\u00e9, un justificatif de domicile et le formulaire Cerfa sont exig\u00e9s.<\/p>\n<p><strong>Les Fran\u00e7ais qui r\u00e9sident \u00e0 l\u2019\u00e9tranger<\/strong> peuvent s\u2019inscrire (si ce n\u2019est d\u00e9j\u00e0 fait) sur une liste \u00e9lectorale pour participer aux \u00e9lections l\u00e9gislatives. Pour cela, elles doivent fournir la preuve de leur r\u00e9sidence habituelle dans la circonscription consulaire. Qu\u2019elle se fasse en ligne (par le biais du registre des Fran\u00e7ais \u00e9tablis hors de France, accessible avec un compte Service-Public.fr ou via France Connect) ou en se rendant directement \u00e0 l&rsquo;ambassade ou au consulat\u00a0 du pays de r\u00e9sidence, la proc\u00e9dure doit respecter un d\u00e9lai. Celui-ci \u00e9tait fix\u00e9 au <strong>1er mai 2024 <\/strong>pour le dernier scrutin en date.<\/p>\n<p>Un \u00e9lecteur inscrit, qui se trouve dans l\u2019impossibilit\u00e9 de se d\u00e9placer pour aller voter aux l\u00e9gislatives, peut opter pour le vote par <a href=\"https:\/\/www.toutsurmesfinances.com\/vie-pratique\/a\/vote-par-procuration-definition-demarches-resiliation\">procuration<\/a>, en confiant cette mission \u00e0 l\u2019un de vos proches, un voisin ou toute autre personne de confiance.<\/p>\n<h3><span class=\"ez-toc-section\" id=\"Quelles_conditions_pour_se_presenter_aux_legislatives\"><\/span>Quelles conditions pour se pr\u00e9senter aux l\u00e9gislatives ?<span class=\"ez-toc-section-end\"><\/span><\/h3>\n<p>Pour pr\u00e9tendre \u00e0 un si\u00e8ge de d\u00e9put\u00e9, un candidat doit justifier qu&rsquo;il est \u00e2g\u00e9 de 18 ans r\u00e9volus et qu&rsquo;il dispose bien de la qualit\u00e9 d&rsquo;\u00e9lecteur.<\/p>\n<p>L&rsquo;acte de candidature consiste en <strong>une d\u00e9claration (Cerfa n\u00b016110*02)<\/strong> qui, pour \u00eatre valable, doit contenir les mentions suivantes :<\/p>\n<ul>\n<li>les nom, pr\u00e9nom(s), sexe, date et lieu de naissance, domicile et profession du candidat<\/li>\n<li>ces m\u00eames informations pour la personne appel\u00e9e \u00e0 remplacer le candidat en cas de vacance de si\u00e8ge<\/li>\n<li>la d\u00e9signation de la circonscription dans laquelle il est fait acte de candidature<\/li>\n<li>la signature manuscrite originale du candidat<\/li>\n<\/ul>\n<p>Le document, accompagn\u00e9 des pi\u00e8ces justificatives figurant en annexe du formulaire imprimable, doit \u00eatre d\u00e9poser dans un temps imparti en pr\u00e9fecture. En ce qui concerne le scrutin l\u00e9gislatif anticip\u00e9 de 2024, les pr\u00e9tendants au Palais Bourbon pouvaient remettre leur candidature <strong>entre le mercredi 12 juin et le dimanche 16 juin 2024, \u00e0 18 heures au plus tard<\/strong>.<\/p>\n<p>Les candidats qualifi\u00e9s pour le second tour du scrutin (ils doivent, pour cela, avoir r\u00e9colt\u00e9 les voix d&rsquo;au moins 12,5% des inscrits) pouvaient confirmer leur candidature \u00e0 partir de la proclamation des r\u00e9sultats au soir du premier tour,<strong> jusqu&rsquo;au 2 juillet 2024 \u00e0 18 heures<\/strong>.<\/p>\n<h3><span class=\"ez-toc-section\" id=\"Le_mode_de_scrutin_des_elections_legislatives\"><\/span>Le mode de scrutin des \u00e9lections l\u00e9gislatives<span class=\"ez-toc-section-end\"><\/span><\/h3>\n<p>L\u2019article L123 du Code p\u00e9nale dispose que les d\u00e9put\u00e9s sont \u00e9lus au scrutin uninominal (il s&rsquo;agit de d\u00e9signer une personne, et non une liste) majoritaire (donc non proportionnel) \u00e0 deux tours. Il s\u2019agit d\u2019un scrutin national, mais organis\u00e9 au niveau local.<\/p>\n<p>Les \u00e9lections se d\u00e9roulent dans 577 circonscriptions, qui \u00e9lisent chacune un d\u00e9put\u00e9. C\u2019est dans chacun de ces 577 territoires distincts, regroupant environ 125.000 habitants chacun, que s\u2019affrontent des candidats appartenant \u00e0 diff\u00e9rentes formations politiques. Un d\u00e9put\u00e9 suppl\u00e9mentaire est attribu\u00e9 dans une circonscription pour chaque tranche suppl\u00e9mentaire de 125.000 habitants. En revanche, les d\u00e9partements de moins de 125.000 habitants ne disposent que d\u2019un seul d\u00e9put\u00e9.<\/p>\n<p>En dehors des <strong>d\u00e9put\u00e9s \u00e9lus dans les d\u00e9partements<\/strong> divis\u00e9s en autant de circonscriptions \u00e9lectorales qu\u2019il y a de si\u00e8ges \u00e0 pourvoir, <strong>six d\u00e9put\u00e9s le sont dans les collectivit\u00e9s d\u2019Outre-mer<\/strong> :<\/p>\n<ul>\n<li>trois en Polyn\u00e9sie fran\u00e7aise<\/li>\n<li>un \u00e0 Wallis-et-Futuna<\/li>\n<li>un \u00e0 Saint-Pierre-et-Miquelon<\/li>\n<li>un \u00e0 Saint-Barth\u00e9lemy et \u00e0 Saint-Martin<\/li>\n<\/ul>\n<p>De plus,<strong> deux d\u00e9put\u00e9s sont \u00e9lus en Nouvelle-Cal\u00e9donie<\/strong>. Enfin, depuis 2012, <strong>les Fran\u00e7ais de l\u2019\u00e9tranger sont repr\u00e9sent\u00e9s par onze d\u00e9put\u00e9s<\/strong> \u00e0 l\u2019Assembl\u00e9e nationale :<\/p>\n<ul>\n<li>six en Europe<\/li>\n<li>deux en Am\u00e9rique<\/li>\n<li>deux en Afrique<\/li>\n<li>un en Asie<\/li>\n<\/ul>\n<p>Le tableau ci-dessous fixe la liste des pays composant les onze circonscriptions \u00e9lectorales des Fran\u00e7ais de l\u2019\u00e9tranger :<\/p>\n<div id=\"tablepress-108-scroll-wrapper\" class=\"tablepress-scroll-wrapper\">\n\n<table id=\"tablepress-108\" class=\"tablepress tablepress-id-108 tablepress-responsive\">\n<thead>\n<tr class=\"row-1 odd\">\n\t<th colspan=\"3\" class=\"column-1\"><strong>\u00c9lections l\u00e9gislatives\u00a0: les onze circonscriptions des Fran\u00e7ais de l\u2019\u00e9tranger<\/strong><\/th>\n<\/tr>\n<\/thead>\n<tbody class=\"row-hover\">\n<tr class=\"row-2 even\">\n\t<td rowspan=\"6\" class=\"column-1\"><br \/>\n<br \/>\n<br \/>\n<br \/>\n<br \/>\n<br \/>\n<br \/>\n<br \/>\n<strong>Europe<\/strong><\/td><td class=\"column-2\">3<sup>\u00e8me<\/sup> circonscription<\/td><td class=\"column-3\">Danemark, Estonie, Finlande, Irlande, Islande, Lettonie, Lituanie, Norv\u00e8ge, Royaume-Uni, Su\u00e8de<\/td>\n<\/tr>\n<tr class=\"row-3 odd\">\n\t<td class=\"column-2\">4<sup>\u00e8me<\/sup> circonscription<\/td><td class=\"column-3\">Belgique, Luxembourg, Pays-Bas<\/td>\n<\/tr>\n<tr class=\"row-4 even\">\n\t<td class=\"column-2\">5<sup>\u00e8me<\/sup> circonscription<\/td><td class=\"column-3\">Andorre, Espagne, Monaco, Portugal<\/td>\n<\/tr>\n<tr class=\"row-5 odd\">\n\t<td class=\"column-2\">6<sup>\u00e8me<\/sup> circonscription<\/td><td class=\"column-3\">Liechtenstein, Suisse<\/td>\n<\/tr>\n<tr class=\"row-6 even\">\n\t<td class=\"column-2\"><br \/>\n7<sup>\u00e8me<\/sup> circonscription<\/td><td class=\"column-3\">Albanie, Allemagne, Autriche, Bosnie-Herz\u00e9govine, Bulgarie, Croatie, Hongrie, ancienne R\u00e9publique yougoslave de Mac\u00e9doine, Pologne, Roumanie, Serbie, Mont\u00e9n\u00e9gro, Kosovo, Slov\u00e9nie, R\u00e9publique tch\u00e8que, Slovaquie<\/td>\n<\/tr>\n<tr class=\"row-7 odd\">\n\t<td class=\"column-2\">8<sup>\u00e8me<\/sup> circonscription<\/td><td class=\"column-3\">Chypre, Gr\u00e8ce, Isra\u00ebl, Italie, Malte, Saint-Marin, Saint-Si\u00e8ge, Turquie<\/td>\n<\/tr>\n<tr class=\"row-8 even\">\n\t<td rowspan=\"2\" class=\"column-1\"><br \/>\n<br \/>\n<br \/>\n<br \/>\n<strong>Am\u00e9rique<\/strong><\/td><td class=\"column-2\">1<sup>\u00e8re<\/sup> circonscription<\/td><td class=\"column-3\">Canada, \u00c9tats-Unis<\/td>\n<\/tr>\n<tr class=\"row-9 odd\">\n\t<td class=\"column-2\"><br \/>\n<br \/>\n<br \/>\n2<sup>\u00e8me<\/sup> circonscription<\/td><td class=\"column-3\">Antigua-et-Barbuda, Argentine, Bahamas, Barbade, Belize, Bolivie, Br\u00e9sil, Chili, Colombie, Costa Rica, Cuba, Dominique, \u00c9quateur, Grenade, Guatemala, Guyana, Ha\u00efti, Honduras, Jama\u00efque, Mexique, Nicaragua, Panama, Paraguay, P\u00e9rou, R\u00e9publique dominicaine, Saint-Christophe-et-Ni\u00e9v\u00e8s, Sainte-Lucie, Saint-Vincent-et-les-Grenadines, Salvador, Suriname, Trinit\u00e9-et-Tobago, Uruguay, Venezuela<\/td>\n<\/tr>\n<tr class=\"row-10 even\">\n\t<td rowspan=\"2\" class=\"column-1\"><br \/>\n<br \/>\n<br \/>\n<br \/>\n<br \/>\n<br \/>\n<br \/>\n<br \/>\n<strong>Afrique<\/strong><\/td><td class=\"column-2\">9<sup>\u00e8me<\/sup> circonscription<\/td><td class=\"column-3\">Alg\u00e9rie, Burkina, Cap-Vert, C\u00f4te d\u2019Ivoire, Gambie, Guin\u00e9e, Guin\u00e9e-Bissau, Leone, Liberia, Libye, Mali, Maroc, Mauritanie, Niger, S\u00e9n\u00e9gal, Sierra, Tunisie<\/td>\n<\/tr>\n<tr class=\"row-11 odd\">\n\t<td class=\"column-2\"><br \/>\n<br \/>\n<br \/>\n<br \/>\n10<sup>\u00e8me<\/sup> circonscription<\/td><td class=\"column-3\">Afrique du Sud, Angola, Arabie saoudite, Bahre\u00efn, B\u00e9nin, Bostwana, Burundi, Cameroun, Comores, Congo, Djibouti, Egypte, \u00c9mirats arabes unis, \u00c9rythr\u00e9e, \u00c9thiopie, Gabon, Ghana, Guin\u00e9e \u00e9quatoriale, Irak, Jordanie, Kenya, Kowe\u00eft, Lesotho, Liban, Madagascar, Malawi, Maurice, Mozambique, Namibie, Nig\u00e9ria, Oman, Ouganda, Qatar, R\u00e9publique centrafricaine, R\u00e9publique d\u00e9mocratique du Congo, Rwanda, Sao Tom\u00e9-et-Principe, Seychelles, Somalie, Soudan, Soudan du Sud, Swaziland, Syrie, Tanzanie, Tchad, Togo, Y\u00e9men, Zambie, Zimbabwe<\/td>\n<\/tr>\n<tr class=\"row-12 even\">\n\t<td class=\"column-1\"><br \/>\n<br \/>\n<br \/>\n<br \/>\n<strong>Asie<\/strong><\/td><td class=\"column-2\"><br \/>\n<br \/>\n<br \/>\n11<sup>\u00e8me<\/sup> circonscription<\/td><td class=\"column-3\">Afghanistan, Arm\u00e9nie, Australie, Azerba\u00efdjan, Bangladesh, Bi\u00e9lorussie, Birmanie, Brunei, Cambodge, Chine, Cor\u00e9e du Sud, Fidji, G\u00e9orgie, Inde, Indon\u00e9sie, Iran, Japon, Kazakhstan, Kirghizstan, Kiribati, Laos, Malaisie, Maldives, Marshall, Micron\u00e9sie, Moldavie, Mongolie, Nauru, N\u00e9pal, Nouvelle-Z\u00e9lande, Ouzb\u00e9kistan, Pakistan, Palaos, Papouasie-Nouvelle-Guin\u00e9e, Philippines, Russie, Salomon, Samoa, Singapour, Sri Lanka, Tadjikistan, Tha\u00eflande, Timor oriental, Tonga, Turkm\u00e9nistan, Tuvalu, Ukraine, Vanuatu, Vietnam<\/td>\n<\/tr>\n<\/tbody>\n<\/table>\n\n<\/div><!-- #tablepress-108 from cache -->\n<p>&nbsp;<\/p>\n<p>Un arr\u00eat\u00e9, diffus\u00e9 au <em>Journal Officiel<\/em>, fixe la liste des candidats au premier tour de l&rsquo;\u00e9lection des d\u00e9put\u00e9s \u00e9lus par les Fran\u00e7ais \u00e9tablis hors de France. Pour les l\u00e9gislatives de 2024, il s&rsquo;agissait d&rsquo;un arr\u00eat\u00e9 <a href=\"https:\/\/www.legifrance.gouv.fr\/jorf\/id\/JORFTEXT000049734192\" target=\"_blank\" rel=\"nofollow noopener noreferrer\">paru au <em>Journal Officiel<\/em> du 17 juin 2024<\/a>.<\/p>\n<p>C\u00f4t\u00e9 r\u00e9sultats, plusieurs cas de figurent se profilent.<\/p>\n<p><strong>*<\/strong> Si un candidat obtient la <strong>majorit\u00e9 absolue (50% ou plus)<\/strong> des suffrages exprim\u00e9s et que le nombre de voix obtenues est \u00e9gal \u00e0 <strong>25% des \u00e9lecteurs inscrits<\/strong>, il gagne d\u00e8s le premier tour (article L126 du Code \u00e9lectoral). Un second tour n&rsquo;est donc pas utile.<\/p>\n<p><strong>*<\/strong> <strong>Si aucun candidat ne l&#8217;emporte au premier tour<\/strong>, un second tour doit \u00eatre disput\u00e9. Seuls peuvent y participer les pr\u00e9tendants ayant rassembl\u00e9 au premier tour un nombre de voix au moins \u00e9gal \u00e0 12,5% des inscrits sur les listes \u00e9lectorales. \u00c0 noter que plus l&rsquo;abstention est forte, plus le seuil de qualification est \u00e9lev\u00e9.<\/p>\n<p>Le second tour n&rsquo;oppose pas forc\u00e9ment que deux candidats. S&rsquo;ils remplissent les conditions, ils peuvent \u00eatre trois (on parle de \u00ab triangulaire \u00bb), voire &#8211; et c&rsquo;est plus rare &#8211; quatre (c&rsquo;est une \u00ab quadrangulaire \u00bb). Dans une strat\u00e9gie purement \u00e9lectorale &#8211; de mani\u00e8re \u00e0 faire barrage \u00e0 leur concurrent commun, le plus souvent -, il arrive qu&rsquo;un candidat se d\u00e9siste au profit d&rsquo;un autre soit dont il est politiquement proche, soit au titre de ce que l\u2019on appelle le \u00ab front r\u00e9publicain \u00bb (pour faire barrage \u00e0 un candidat RN, par exemple).<\/p>\n<p><strong>*<\/strong> En revanche, <strong>si un seul candidat remplit la condition d&rsquo;obtention de 12,5% des inscrits<\/strong>, le candidat ayant obtenu le plus grand nombre de suffrages apr\u00e8s lui peut se maintenir au second tour, indique l&rsquo;article L162 du Code \u00e9lectoral. Quid <strong>si aucun candidat n&rsquo;atteint les 12,5%<\/strong> ? \u00ab Les deux candidats ayant obtenu le plus grand nombre de suffrages au premier tour peuvent se maintenir au second \u00bb, \u00e9nonce ce m\u00eame article.<\/p>\n<p>Quoi qu\u2019il en soit, pour \u00eatre \u00e9lu au second tour, <strong>la majorit\u00e9 relative suffit<\/strong> (article L126 du Code \u00e9lectoral). Autrement dit, le candidat ayant obtenu le plus grand nombre de suffrages l\u2019emporte. En cas d\u2019\u00e9galit\u00e9 de suffrages, c&rsquo;est le plus \u00e2g\u00e9 des candidats qui est \u00e9lu.<\/p>\n<p><strong>IMPORTANT\u00a0:<\/strong> en r\u00e9alit\u00e9, c\u2019est un bin\u00f4me qui est envoy\u00e9 \u00e0 l\u2019Assembl\u00e9e par chaque circonscription. En m\u00eame temps que chaque d\u00e9put\u00e9, est \u00e9lu (sur le m\u00eame bulletin de vote) son suppl\u00e9ant. Ce dernier est charg\u00e9 de le remplacer lorsque son mandat prend fin dans des circonstances pr\u00e9cises (nomination temporaire de plus de six mois confi\u00e9e par le gouvernement, nomination au Conseil constitutionnel ou d\u00e9c\u00e8s, mais pas d\u00e9mission).<\/p>\n<h2><span class=\"ez-toc-section\" id=\"Les_partis_et_les_candidats_en_lice_pour_les_legislatives_anticipees_de_2024\"><\/span>Les partis et les candidats en lice pour les l\u00e9gislatives anticip\u00e9es de 2024<span class=\"ez-toc-section-end\"><\/span><\/h2>\n<p>Le d\u00e9p\u00f4t des candidatures pour le premier tour des \u00e9lections l\u00e9gislatives a pris fin le dimanche 16 juin 2024 \u00e0 18 heures. Les candidats des partis en lice dans les 577 circonscriptions \u00e9taient au nombre de 4.010 (en recul de 36% par rapport \u00e0 2022, ils \u00e9taient 6.293 candidats \u00e0 l&rsquo;\u00e9poque).<\/p>\n<p>Au terme des tractations, quatre principaux blocs ont \u00e9merg\u00e9 :<\/p>\n<ul>\n<li><strong>une alliance entre le Rassemblement national (RN) et Les R\u00e9publicains (LR)<\/strong> : le parti de Jordan Bardella, arriv\u00e9 largement en t\u00eate des europ\u00e9ennes du 9 juin 2024, a tendu des mains pour parvenir \u00e0 une \u00e9ventuelle alliance des droites \u00ab patriotes \u00bb. Si un accord a \u00e9t\u00e9 conclu avec une parti des R\u00e9publicains (alliance qui a fractur\u00e9 le parti de la droite R\u00e9publicaine), Reconqu\u00eate a coup\u00e9 court aux discussions en vue d&rsquo;un rapprochement avec Reconqu\u00eate, le parti d&rsquo;\u00c9ric Zemmour<\/li>\n<li><strong>un \u00ab Front populaire \u00bb<\/strong>, qui a annonc\u00e9 le 13 juin 2024 avoir \u00ab scell\u00e9 \u00bb un accord de programme de gouvernement au sein de la gauche pour faire face \u00e0 la menace de l&rsquo;extr\u00eame droite. Le mouvement, qui rassemble le Parti socialiste (PS, associ\u00e9 \u00e0 G\u00e9n\u00e9ration. s), La France insoumise (LFI, associ\u00e9e au Nouveau Parti anticapitaliste), Europe \u00c9cologie-Les Verts (EELV) et le Parti communiste fran\u00e7ais (PCF), r\u00e9sonne comme un retour de la Nupes. Rapha\u00ebl Glucksmann, premier \u00e0 gauche au soir des europ\u00e9ennes avec sa liste PS-Place publique, n&rsquo;a pas souhait\u00e9 pas faire partie d\u2019un \u00ab nouveau front populaire \u00bb aux conditions pos\u00e9es par LFI insoumise. de Jean-Luc M\u00e9lenchon<\/li>\n<li>un<strong>\u00a0\u00ab champ r\u00e9publicain \u00bb<\/strong> \u00e0 l&rsquo;initiative de la majorit\u00e9 pr\u00e9sidentielle, qui souhaite faire barrage \u00e0 LFI comme au Rassemblement national. Renaissance a trouv\u00e9 des accords avec ses alli\u00e9s (MoDem et Horizons en t\u00eate) pour ne pas pr\u00e9senter de concurrents face aux sortants des autres partis, en dehors des extr\u00eames<\/li>\n<li>les <strong>R\u00e9publicains (LR) qui n&rsquo;ont accept\u00e9 aucune alliance avec Renaissance, ni le RN<\/strong><\/li>\n<\/ul>\n<p>Selon selon le minist\u00e8re de l&rsquo;Int\u00e9rieur, au premier tour, les candidats aux l\u00e9gislatives de 2024 se sont enregistr\u00e9s parmi 14 partis ou groupements politiques, list\u00e9s dans un arr\u00eat\u00e9 <a href=\"https:\/\/www.legifrance.gouv.fr\/jorf\/id\/JORFTEXT000049734182\" target=\"_blank\" rel=\"nofollow noopener noreferrer\">publi\u00e9 dans le <em>Journal Officiel<\/em> du 17 juin 2024<\/a>. Les partis ou formations politiques auxquels les 4.100 candidats \u00e9taient rattach\u00e9s sont les suivants :<\/p>\n<ul>\n<li>Alliance centriste<\/li>\n<li>Debout la France<\/li>\n<li>Ensemble pour la R\u00e9publique<\/li>\n<li>Horizons<\/li>\n<li>La France insoumise (LFI)<\/li>\n<li>Les \u00c9cologistes &#8211; Europe Ecologie Les Verts<\/li>\n<li>Les R\u00e9publicains<\/li>\n<li>Lutte ouvri\u00e8re<\/li>\n<li>Nouveau Parti Anticapitaliste (NPA) &#8211; R\u00e9volutionnaires<\/li>\n<li>Parti Socialiste<\/li>\n<li>Rassemblement national<\/li>\n<li>RECONQU\u00caTE!<\/li>\n<li>R\u00e9gions et Peuples Solidaires<\/li>\n<li>UDI &#8211; Union des D\u00e9mocrates et Ind\u00e9pendants<\/li>\n<\/ul>\n<p>La campagne \u00e9lectorale officielle pour le premier tour des \u00e9lections l\u00e9gislatives anticip\u00e9es de 2024 avait d\u00e9marr\u00e9 le 17 juin 2024 et s&rsquo;est termin\u00e9e le 29 juin 2024 \u00e0 minuit. La campagne pour le second tour, qui a d\u00e9but\u00e9 le 1er juillet 2024, s&rsquo;est interrompue le 5 juillet \u00e0 minuit.<\/p>\n<p>Plus de 210 candidats qualifi\u00e9s pour le second tour des \u00e9lections l\u00e9gislatives ont annonc\u00e9 leur d\u00e9sistement pour contrer le Rassemblement national.<\/p>\n<p><strong>&gt; Lire aussi :<\/strong>\u00a0<a style=\"background-color: transparent\" href=\"https:\/\/www.toutsurmesfinances.com\/argent\/a\/legislatives-anticipees-2024-pouvoir-d-achat-les-programme-des-principales-listes\">L\u00e9gislatives anticip\u00e9es : pouvoir d&rsquo;achat, demandez les programmes !<\/a><\/p>\n<h2><span class=\"ez-toc-section\" id=\"Elections_legislatives_2024_regles_pour_se_qualifier_majorite_absolue\"><\/span>\u00c9lections l\u00e9gislatives 2024 : r\u00e8gles pour se qualifier, majorit\u00e9 absolue<span class=\"ez-toc-section-end\"><\/span><\/h2>\n<p>C\u2019est \u00e0 l\u2019issue du premier tour (pour les candidats qui ont rempli les conditions pour \u00eatre \u00e9lus) et du second tour (qui voient s\u2019affronter plusieurs candidats dans les circonscriptions concern\u00e9s) que l\u2019on conna\u00eet la r\u00e9partition des si\u00e8ges au sein de la nouvelle Assembl\u00e9e nationale.<\/p>\n<p>La majorit\u00e9 absolue est obtenue avec <strong>289 si\u00e8ges<\/strong> \u00e0 l\u2019Assembl\u00e9e nationale.<\/p>\n<p>Pour qu\u2019une formation politique dispose d\u2019un groupe au Palais-Bourbon, il lui faut remporter au moins quinze si\u00e8ges \u00e0 l\u2019issue du second tour du scrutin l\u00e9gislatif. On peut lire sur le site de l\u2019Assembl\u00e9e nationale que \u00ab les groupes politiques constituent l\u2019expression organis\u00e9e des partis et formations politiques au sein de l\u2019Assembl\u00e9e \u00bb.<\/p>\n<p>Les d\u00e9put\u00e9s peuvent \u00e9galement \u00eatre \u00ab apparent\u00e9s \u00bb \u00e0 un groupe. Dans ce cas, est-il pr\u00e9cis\u00e9, ils ne sont pas comptabilis\u00e9s parmi les quinze \u00e9lus n\u00e9cessaires pour former un groupe, \u00ab mais ils sont inclus dans l\u2019effectif du groupe pour tous les autres aspects de la vie parlementaire \u00bb. De leur c\u00f4t\u00e9, les d\u00e9put\u00e9s qui ne souhaitent adh\u00e9rer \u00e0 aucun groupe sont compt\u00e9s comme \u00ab non-inscrits \u00bb.<\/p>\n<h3><span class=\"ez-toc-section\" id=\"Legislatives_2024_les_resultats_chez_les_Francais_de_letranger\"><\/span>L\u00e9gislatives 2024 : les r\u00e9sultats chez les Fran\u00e7ais de l&rsquo;\u00e9tranger<span class=\"ez-toc-section-end\"><\/span><\/h3>\n<p>Le minist\u00e8re de l&rsquo;Europe et des Affaires \u00e9trang\u00e8res a communiqu\u00e9 les r\u00e9sultats du <strong>premier tour<\/strong> des \u00e9lections l\u00e9gislatives anticip\u00e9es de 2024 des Fran\u00e7ais de l\u2019\u00e9tranger :<\/p>\n<ul>\n<li>1\u00e8re circonscription : <a href=\"https:\/\/www.diplomatie.gouv.fr\/IMG\/pdf\/totaux_circo_1_t1_vpi_cle4885bd.pdf\" target=\"_blank\" rel=\"nofollow noopener noreferrer\">les r\u00e9sultats du premier tour<\/a><\/li>\n<li>2\u00e8me circonscription : <a href=\"https:\/\/www.diplomatie.gouv.fr\/IMG\/pdf\/totaux_circo_2_t1_vpi_cle42d2f1.pdf\" target=\"_blank\" rel=\"nofollow noopener noreferrer\">les r\u00e9sultats du premier tour<\/a><\/li>\n<li>3\u00e8me circonscription : <a href=\"https:\/\/www.diplomatie.gouv.fr\/IMG\/pdf\/totaux_circo_3_t1_vpi_cle4ca265.pdf\" target=\"_blank\" rel=\"nofollow noopener noreferrer\">les r\u00e9sultats du premier tour<\/a><\/li>\n<li>4\u00e8me circonscription : l<a href=\"https:\/\/www.diplomatie.gouv.fr\/IMG\/pdf\/totaux_circo_4_t1_vpi_cle411f64.pdf\" target=\"_blank\" rel=\"nofollow noopener noreferrer\">es r\u00e9sultats du premier tour<\/a><\/li>\n<li>5\u00e8me circonscription : <a href=\"https:\/\/www.diplomatie.gouv.fr\/IMG\/pdf\/totaux_circo_6_t1_vpi_cle44396c.pdf\" target=\"_blank\" rel=\"nofollow noopener noreferrer\">les r\u00e9sultats du premier tour<\/a><\/li>\n<li>6\u00e8me circonscription : <a href=\"https:\/\/www.diplomatie.gouv.fr\/IMG\/pdf\/totaux_circo_7_t1_vpi_cle4b63f4.pdf\" target=\"_blank\" rel=\"nofollow noopener noreferrer\">les r\u00e9sultats du premier tour<\/a><\/li>\n<li>7\u00e8me circonscription : <a href=\"https:\/\/www.diplomatie.gouv.fr\/IMG\/pdf\/totaux_circo_8_t1_vpi_cle4dd7f7.pdf\" target=\"_blank\" rel=\"nofollow noopener noreferrer\">les r\u00e9sultats du premier tour<\/a><\/li>\n<li>8\u00e8me circonscription : <a href=\"https:\/\/www.diplomatie.gouv.fr\/IMG\/pdf\/totaux_circo_8_t1_vpi_cle4dd7f7.pdf\" target=\"_blank\" rel=\"nofollow noopener noreferrer\">les r\u00e9sultats du premier tour<\/a><\/li>\n<li>9\u00e8me circonscription : <a href=\"https:\/\/www.diplomatie.gouv.fr\/IMG\/pdf\/totaux_circo_9_t1_vpi_cle4ce49f.pdf\" target=\"_blank\" rel=\"nofollow noopener noreferrer\">les r\u00e9sultats du premier tour<\/a><\/li>\n<li>10\u00e8me circonscription : <a href=\"https:\/\/www.diplomatie.gouv.fr\/IMG\/pdf\/totaux_circo_10_t1_vpi_cle0788c9.pdf\" target=\"_blank\" rel=\"nofollow noopener noreferrer\">les r\u00e9sultats du premier tour<\/a><\/li>\n<li>11\u00e8me circonscription : <a href=\"https:\/\/www.diplomatie.gouv.fr\/IMG\/pdf\/totaux_circo_11_t1_vpi_cle015f2c-1.pdf\" target=\"_blank\" rel=\"nofollow noopener noreferrer\">les r\u00e9sultats du premier tour<\/a><\/li>\n<\/ul>\n<p>Les r\u00e9sultats du second tour des \u00e9lections l\u00e9gislatives anticip\u00e9es de 2024 des Fran\u00e7ais de l\u2019\u00e9tranger sont les suivants :<\/p>\n<ul>\n<li>1\u00e8re circonscription : <a href=\"https:\/\/www.diplomatie.gouv.fr\/IMG\/pdf\/bilan_resultats_leg_t2_-_circo_1_cle0cc86a.pdf\" target=\"_blank\" rel=\"nofollow noopener noreferrer\">les r\u00e9sultats du second tour<\/a><\/li>\n<li>2\u00e8me circonscription : <a href=\"https:\/\/www.diplomatie.gouv.fr\/IMG\/pdf\/bilan_resultats_leg_t2_-_circo_2_cle016cb6.pdf\" target=\"_blank\" rel=\"nofollow noopener noreferrer\">les r\u00e9sultats du second tour<\/a><\/li>\n<li>3\u00e8me circonscription : <a href=\"https:\/\/www.diplomatie.gouv.fr\/IMG\/pdf\/bilan_resultats_leg_t2_-_circo_3_cle0285b7.pdf\" target=\"_blank\" rel=\"nofollow noopener noreferrer\">les r\u00e9sultats du second tour<\/a><\/li>\n<li>4\u00e8me circonscription : <a href=\"https:\/\/www.diplomatie.gouv.fr\/IMG\/pdf\/bilan_resultats_leg_t2_-_circo_4_cle0d43e2.pdf\" target=\"_blank\" rel=\"nofollow noopener noreferrer\">les r\u00e9sultats du second tour<\/a><\/li>\n<li>5\u00e8me circonscription : <a href=\"https:\/\/www.diplomatie.gouv.fr\/IMG\/pdf\/bilan_resultats_leg_t2_-_circo_5_cle0cdc11.pdf\" target=\"_blank\" rel=\"nofollow noopener noreferrer\">les r\u00e9sultats du second tour<\/a><\/li>\n<li>6\u00e8me circonscription : <a href=\"https:\/\/www.diplomatie.gouv.fr\/IMG\/pdf\/bilan_resultats_leg_t2_-_circo_6_cle0d5f2c.pdf\" target=\"_blank\" rel=\"nofollow noopener noreferrer\">les r\u00e9sultats du second tour<\/a><\/li>\n<li>7\u00e8me circonscription : <a href=\"https:\/\/www.diplomatie.gouv.fr\/IMG\/pdf\/bilan_resultats_leg_t2_-_circo_7_cle0c42b2.pdf\" target=\"_blank\" rel=\"nofollow noopener noreferrer\">les r\u00e9sultats du second tour<\/a><\/li>\n<li>8\u00e8me circonscription : <a href=\"https:\/\/www.diplomatie.gouv.fr\/IMG\/pdf\/bilan_resultats_leg_2eme_tour_-_circo_8_cle825a51.pdf\" target=\"_blank\" rel=\"nofollow noopener noreferrer\">les r\u00e9sultats du second tour<\/a><\/li>\n<li>9\u00e8me circonscription : <a href=\"https:\/\/www.diplomatie.gouv.fr\/IMG\/pdf\/bilan_leg_t2_-_circo_9_cle0dc5b1.pdf\" target=\"_blank\" rel=\"nofollow noopener noreferrer\">les r\u00e9sultats du second tour<\/a><\/li>\n<li>10\u00e8me circonscription : <a href=\"https:\/\/www.diplomatie.gouv.fr\/IMG\/pdf\/bilan_resultats_leg_t2_-_circo_10_cle85a1b6.pdf\" target=\"_blank\" rel=\"nofollow noopener noreferrer\">les r\u00e9sultats du second tour<\/a><\/li>\n<li>11\u00e8me circonscription : <a href=\"https:\/\/www.diplomatie.gouv.fr\/IMG\/pdf\/bilan_resultats_leg_t2_-_circo_11_cle8dc54b.pdf\" target=\"_blank\" rel=\"nofollow noopener noreferrer\">les r\u00e9sultats du second tour<\/a><\/li>\n<\/ul>\n<p>La liste des candidats au premier tour de l&rsquo;\u00e9lection des d\u00e9put\u00e9s \u00e9lus par les Fran\u00e7ais \u00e9tablis hors de France a \u00e9t\u00e9 <a href=\"https:\/\/www.legifrance.gouv.fr\/jorf\/id\/JORFTEXT000049734192\" target=\"_blank\" rel=\"nofollow noopener noreferrer\">publi\u00e9e dans le <em>Journal Officiel<\/em> en date du 17 juin 2024<\/a>.<\/p>\n<h3><span class=\"ez-toc-section\" id=\"Legislatives_2024_le_resultat_final_des_scrutin_des_30_mai_et_7_juillet\"><\/span>L\u00e9gislatives 2024 : le r\u00e9sultat final des scrutin des 30 mai et 7 juillet<span class=\"ez-toc-section-end\"><\/span><\/h3>\n<p>Le tableau ci-dessous donne les r\u00e9sultats d\u00e9finitifs du premier tour et du deuxi\u00e8me tour des \u00e9lections l\u00e9gislatives anticip\u00e9es du 30 juin 2024, tels que communiqu\u00e9s par le minist\u00e8re de l&rsquo;Int\u00e9rieur :<\/p>\n<div id=\"tablepress-159-scroll-wrapper\" class=\"tablepress-scroll-wrapper\">\n\n<table id=\"tablepress-159\" class=\"tablepress tablepress-id-159 tablepress-responsive\">\n<thead>\n<tr class=\"row-1 odd\">\n\t<th class=\"column-1\"><\/th><th colspan=\"7\" class=\"column-2\"><strong>R\u00e9sultats des \u00e9lections l\u00e9gislatives de juin 2024 en France<\/strong><\/th>\n<\/tr>\n<\/thead>\n<tfoot>\n<tr class=\"row-35 odd\">\n\t<th colspan=\"8\" class=\"column-1\"><em>Source : minist\u00e8re de l\u2019Int\u00e9rieur<\/em><\/th>\n<\/tr>\n<\/tfoot>\n<tbody class=\"row-hover\">\n<tr class=\"row-2 even\">\n\t<td rowspan=\"2\" class=\"column-1\"><strong>\u00c9tiquette politique<\/strong><\/td><td colspan=\"3\" class=\"column-2\"><strong>Premier tour (30 juin 2024)<\/strong><\/td><td colspan=\"3\" class=\"column-5\"><strong>Second tour (7 juillet 2024)<\/strong><\/td><td rowspan=\"2\" class=\"column-8\"><strong>Total de si\u00e8ges<\/strong><\/td>\n<\/tr>\n<tr class=\"row-3 odd\">\n\t<td class=\"column-2\"><strong>Voix<\/strong><\/td><td class=\"column-3\"><strong>% exprim\u00e9s<\/strong><\/td><td class=\"column-4\"><strong>Si\u00e8ges<\/strong><\/td><td class=\"column-5\"><strong>Voix<\/strong><\/td><td class=\"column-6\"><strong>% exprim\u00e9s<\/strong><\/td><td class=\"column-7\"><strong>Si\u00e8ges<\/strong><\/td>\n<\/tr>\n<tr class=\"row-4 even\">\n\t<td class=\"column-1\">Rassemblement national<\/td><td class=\"column-2\">9.379.092<\/td><td class=\"column-3\">29,26%<\/td><td class=\"column-4\">37<\/td><td class=\"column-5\">8.744.080<\/td><td class=\"column-6\">32,05%<\/td><td class=\"column-7\">88<\/td><td class=\"column-8\">125<\/td>\n<\/tr>\n<tr class=\"row-5 odd\">\n\t<td class=\"column-1\">Nouveau Front Populaire (Union de la gauche)<\/td><td class=\"column-2\">8.995.226<\/td><td class=\"column-3\">28,06%<\/td><td class=\"column-4\">32<\/td><td class=\"column-5\">7.004.725<\/td><td class=\"column-6\">25,68%<\/td><td class=\"column-7\">146<\/td><td class=\"column-8\">178<\/td>\n<\/tr>\n<tr class=\"row-6 even\">\n\t<td class=\"column-1\">Ensemble pour la R\u00e9publique ! (majorit\u00e9 pr\u00e9sidentielle)<\/td><td class=\"column-2\">6.425.707<\/td><td class=\"column-3\">20,04%<\/td><td class=\"column-4\">2<\/td><td class=\"column-5\">6.313.808<\/td><td class=\"column-6\">23,15%<\/td><td class=\"column-7\">148<\/td><td class=\"column-8\">150<\/td>\n<\/tr>\n<tr class=\"row-7 odd\">\n\t<td class=\"column-1\">Les R\u00e9publicains<\/td><td class=\"column-2\">2.106.166<\/td><td class=\"column-3\">6,57%<\/td><td class=\"column-4\">1<\/td><td class=\"column-5\">1.474.650<\/td><td class=\"column-6\">5,41%<\/td><td class=\"column-7\">38<\/td><td class=\"column-8\">39<\/td>\n<\/tr>\n<tr class=\"row-8 even\">\n\t<td class=\"column-1\">Union de l'extr\u00eame droite<\/td><td class=\"column-2\">1.268.2822<\/td><td class=\"column-3\">3,96%<\/td><td class=\"column-4\">1<\/td><td class=\"column-5\">1.364\u202f.964<\/td><td class=\"column-6\">5%<\/td><td class=\"column-7\">16<\/td><td class=\"column-8\">17<\/td>\n<\/tr>\n<tr class=\"row-9 odd\">\n\t<td class=\"column-1\">Divers droite<\/td><td class=\"column-2\">1.154.785<\/td><td class=\"column-3\">3,60%<\/td><td class=\"column-4\">2<\/td><td class=\"column-5\">980.818<\/td><td class=\"column-6\">3,59%<\/td><td class=\"column-7\">25<\/td><td class=\"column-8\">27<\/td>\n<\/tr>\n<tr class=\"row-10 even\">\n\t<td class=\"column-1\">Divers gauche<\/td><td class=\"column-2\">490.898<\/td><td class=\"column-3\">1,53%<\/td><td class=\"column-4\">0<\/td><td class=\"column-5\">401.\u202f063<\/td><td class=\"column-6\">1,47%<\/td><td class=\"column-7\">12<\/td><td class=\"column-8\">12<\/td>\n<\/tr>\n<tr class=\"row-11 odd\">\n\t<td class=\"column-1\">Divers centre<\/td><td class=\"column-2\">391.423<\/td><td class=\"column-3\">1,22%<\/td><td class=\"column-4\">0<\/td><td class=\"column-5\">177.167<\/td><td class=\"column-6\">0,65%<\/td><td class=\"column-7\">6<\/td><td class=\"column-8\">6<\/td>\n<\/tr>\n<tr class=\"row-12 even\">\n\t<td class=\"column-1\">Extr\u00eame gauche<\/td><td class=\"column-2\">366.594<\/td><td class=\"column-3\">1,14%<\/td><td class=\"column-4\">0<\/td><td class=\"column-5\">-<\/td><td class=\"column-6\">-<\/td><td class=\"column-7\">-<\/td><td class=\"column-8\">0<\/td>\n<\/tr>\n<tr class=\"row-13 odd\">\n\t<td class=\"column-1\">R\u00e9gionaliste<\/td><td class=\"column-2\">310.727<\/td><td class=\"column-3\">0,97%<\/td><td class=\"column-4\">0<\/td><td class=\"column-5\">288.202<\/td><td class=\"column-6\">1,06%<\/td><td class=\"column-7\">9<\/td><td class=\"column-8\">9<\/td>\n<\/tr>\n<tr class=\"row-14 even\">\n\t<td class=\"column-1\">Reconqu\u00eate !<\/td><td class=\"column-2\">238.934<\/td><td class=\"column-3\">0,75%<\/td><td class=\"column-4\">0<\/td><td class=\"column-5\">-<\/td><td class=\"column-6\">-<\/td><td class=\"column-7\">0<\/td><td class=\"column-8\">0<\/td>\n<\/tr>\n<tr class=\"row-15 odd\">\n\t<td class=\"column-1\">Horizons<\/td><td class=\"column-2\">231.667<\/td><td class=\"column-3\">0,72%<\/td><td class=\"column-4\">0<\/td><td class=\"column-5\">258.139<\/td><td class=\"column-6\">0,95%<\/td><td class=\"column-7\">6<\/td><td class=\"column-8\">6<\/td>\n<\/tr>\n<tr class=\"row-16 even\">\n\t<td class=\"column-1\">\u00c9cologistes<\/td><td class=\"column-2\">182.478<\/td><td class=\"column-3\">0,57%<\/td><td class=\"column-4\">0<\/td><td class=\"column-5\">37.808<\/td><td class=\"column-6\">0,14%<\/td><td class=\"column-7\">1<\/td><td class=\"column-8\">1<\/td>\n<\/tr>\n<tr class=\"row-17 odd\">\n\t<td class=\"column-1\">Union des D\u00e9mocrates et Ind\u00e9pendants<\/td><td class=\"column-2\">163.072<\/td><td class=\"column-3\">0,51%<\/td><td class=\"column-4\">0<\/td><td class=\"column-5\">119\u202f.672<\/td><td class=\"column-6\">0,44%<\/td><td class=\"column-7\">3<\/td><td class=\"column-8\">3<\/td>\n<\/tr>\n<tr class=\"row-18 even\">\n\t<td class=\"column-1\">Divers<\/td><td class=\"column-2\">142.871<\/td><td class=\"column-3\">0,45%<\/td><td class=\"column-4\">0<\/td><td class=\"column-5\">38\u202f.025<\/td><td class=\"column-6\">0,14%<\/td><td class=\"column-7\">1<\/td><td class=\"column-8\">1<\/td>\n<\/tr>\n<tr class=\"row-19 odd\">\n\t<td class=\"column-1\">Droite souverainiste<\/td><td class=\"column-2\">90.110<\/td><td class=\"column-3\">0,28%<\/td><td class=\"column-4\">0<\/td><td class=\"column-5\">18\u202f.672<\/td><td class=\"column-6\">0,07%<\/td><td class=\"column-7\">0<\/td><td class=\"column-8\">0<\/td>\n<\/tr>\n<tr class=\"row-20 even\">\n\t<td class=\"column-1\">Extr\u00eame droite<\/td><td class=\"column-2\">59.679<\/td><td class=\"column-3\">0,19%<\/td><td class=\"column-4\">1<\/td><td class=\"column-5\">23.\u202f217<\/td><td class=\"column-6\">0,09%<\/td><td class=\"column-7\">0<\/td><td class=\"column-8\">1<\/td>\n<\/tr>\n<tr class=\"row-21 odd\">\n\t<td class=\"column-1\">Parti socialiste<\/td><td class=\"column-2\">29.242<\/td><td class=\"column-3\">0,09%<\/td><td class=\"column-4\">0<\/td><td class=\"column-5\">26.\u202f343<\/td><td class=\"column-6\">0,10%<\/td><td class=\"column-7\">2<\/td><td class=\"column-8\">2<\/td>\n<\/tr>\n<tr class=\"row-22 even\">\n\t<td class=\"column-1\">Parti radical de gauche<\/td><td class=\"column-2\">12.434<\/td><td class=\"column-3\">0,04%<\/td><td class=\"column-4\">0<\/td><td class=\"column-5\">-<\/td><td class=\"column-6\">-<\/td><td class=\"column-7\">0<\/td><td class=\"column-8\">0<\/td>\n<\/tr>\n<tr class=\"row-23 odd\">\n\t<td class=\"column-1\">France insoumise (FI)<\/td><td class=\"column-2\">12.224<\/td><td class=\"column-3\">0,04%<\/td><td class=\"column-4\">0<\/td><td class=\"column-5\">8.\u202f361<\/td><td class=\"column-6\">0,03%<\/td><td class=\"column-7\">0<\/td><td class=\"column-8\">0<\/td>\n<\/tr>\n<tr class=\"row-24 even\">\n\t<td class=\"column-1\">Parti communiste fran\u00e7ais<\/td><td class=\"column-2\">3.125<\/td><td class=\"column-3\">0,01%<\/td><td class=\"column-4\">0<\/td><td class=\"column-5\">-<\/td><td class=\"column-6\">-<\/td><td class=\"column-7\">0<\/td><td class=\"column-8\">0<\/td>\n<\/tr>\n<tr class=\"row-25 odd\">\n\t<td class=\"column-1\">Les \u00c9cologistes<\/td><td class=\"column-2\">2.668<\/td><td class=\"column-3\">0,01%<\/td><td class=\"column-4\">0<\/td><td class=\"column-5\">-<\/td><td class=\"column-6\">-<\/td><td class=\"column-7\">0<\/td><td class=\"column-8\">0<\/td>\n<\/tr>\n<tr class=\"row-26 even\">\n\t<td class=\"column-1\"><strong>Total des si\u00e8ges<\/strong><\/td><td class=\"column-2\">-<\/td><td class=\"column-3\">-<\/td><td class=\"column-4\"><strong>76 si\u00e8ges distribu\u00e9s<\/strong><\/td><td class=\"column-5\">-<\/td><td class=\"column-6\">-<\/td><td class=\"column-7\">501<\/td><td class=\"column-8\">\u00a0<strong>577 si\u00e8ges distribu\u00e9s<\/strong><\/td>\n<\/tr>\n<tr class=\"row-27 odd\">\n\t<td class=\"column-1\"><\/td><td colspan=\"3\" class=\"column-2\"><strong>Premier tour (30 juin 2024)<\/strong><\/td><td colspan=\"4\" class=\"column-5\"><strong>Second tour (7 juillet 2024)<\/strong><\/td>\n<\/tr>\n<tr class=\"row-28 even\">\n\t<td class=\"column-1\"><\/td><td class=\"column-2\"><strong>Nombre<\/strong><\/td><td class=\"column-3\"><strong>% des inscrits<\/strong><\/td><td class=\"column-4\"><strong>% des votants<\/strong><\/td><td class=\"column-5\"><strong>Nombre<\/strong><\/td><td class=\"column-6\"><strong>% des inscrits<\/strong><\/td><td class=\"column-7\"><strong>% des votants<\/strong><\/td><td class=\"column-8\">-<\/td>\n<\/tr>\n<tr class=\"row-29 odd\">\n\t<td class=\"column-1\">Inscrits<\/td><td class=\"column-2\">49.332.709<\/td><td class=\"column-3\">-<\/td><td class=\"column-4\">-<\/td><td class=\"column-5\">43.328.508<\/td><td class=\"column-6\">\u00a0-<\/td><td class=\"column-7\">-<\/td><td class=\"column-8\">-<\/td>\n<\/tr>\n<tr class=\"row-30 even\">\n\t<td class=\"column-1\">Abstention<\/td><td class=\"column-2\">16.424.052<\/td><td class=\"column-3\">33,29% des inscrits<\/td><td class=\"column-4\">\u00a0-<\/td><td class=\"column-5\">14.460.749<\/td><td class=\"column-6\">33,37%<\/td><td class=\"column-7\">\u00a0-<\/td><td class=\"column-8\">\u00a0-<\/td>\n<\/tr>\n<tr class=\"row-31 odd\">\n\t<td class=\"column-1\">Votants<\/td><td class=\"column-2\">32.908.657<\/td><td class=\"column-3\">66,71%<\/td><td class=\"column-4\">-<\/td><td class=\"column-5\">28.867.759<\/td><td class=\"column-6\">66,63%<\/td><td class=\"column-7\">-<\/td><td class=\"column-8\">-<\/td>\n<\/tr>\n<tr class=\"row-32 even\">\n\t<td class=\"column-1\">Votes blancs<\/td><td class=\"column-2\">582.908<\/td><td class=\"column-3\">1,18%<\/td><td class=\"column-4\">1,77%<\/td><td class=\"column-5\">1.195.089<\/td><td class=\"column-6\">2,76%<\/td><td class=\"column-7\">4,14%<\/td><td class=\"column-8\">-<\/td>\n<\/tr>\n<tr class=\"row-33 odd\">\n\t<td class=\"column-1\">Votes nuls<\/td><td class=\"column-2\">267.803<\/td><td class=\"column-3\">0,54%<\/td><td class=\"column-4\">0,81%<\/td><td class=\"column-5\">392.957<\/td><td class=\"column-6\">0,91<\/td><td class=\"column-7\">1,36%<\/td><td class=\"column-8\">-<\/td>\n<\/tr>\n<tr class=\"row-34 even\">\n\t<td class=\"column-1\">Suffrages exprim\u00e9s<\/td><td class=\"column-2\">32.057.946<\/td><td class=\"column-3\">64,98%<\/td><td class=\"column-4\">97,41%<\/td><td class=\"column-5\">27.279.713<\/td><td class=\"column-6\">62,96%<\/td><td class=\"column-7\">94,50%<\/td><td class=\"column-8\">-<\/td>\n<\/tr>\n<\/tbody>\n<\/table>\n\n<\/div><!-- #tablepress-159 from cache -->\n<p>&nbsp;<\/p>\n<p>Pour retrouver les r\u00e9sultats des deux tours dans votre circonscription (commune par commune), rendez-vous sur la <a href=\"https:\/\/www.resultats-elections.interieur.gouv.fr\/legislatives2024\" target=\"_blank\" rel=\"nofollow noopener noreferrer\">carte interactive<\/a>\u00a0mise \u00e0 disposition sur le site Internet du minist\u00e8re de l\u2019Int\u00e9rieur.<\/p>\n<p>C&rsquo;est le Nouveau Front populaire qui a remport\u00e9, contre toute attente, les \u00e9lections l\u00e9gislatives, le 7 juillet 2024. L&rsquo;alliance des partis de gauche d\u00e9croch\u00e9 182 si\u00e8ges. Elle devance le camp pr\u00e9sidentiel, r\u00e9uni sous la banni\u00e8re Ensemble, qui obtient 163 si\u00e8ges.<\/p>\n<p>Le Rassemblement national (RN) et ses alli\u00e9s, grands favoris des sondages, obtiennent143 si\u00e8ges et se placent en troisi\u00e8me position.<\/p>\n<p>Les R\u00e9publicains \u00ab canal historique \u00bb\u00a0obtient 68 si\u00e8ges.<\/p>\n<p>Aucun des principaux blocs n&rsquo;obtient, au final, de majorit\u00e9 absolue.<\/p>\n<h2><span class=\"ez-toc-section\" id=\"Sondages_les_intentions_de_vote_pour_les_legislatives_2024\"><\/span>Sondages : les intentions de vote pour les l\u00e9gislatives 2024<span class=\"ez-toc-section-end\"><\/span><\/h2>\n<p>\u00c0 l\u2019instar des pr\u00e9c\u00e9dents scrutins l\u00e9gislatifs, les instituts de sondages r\u00e9alisent des sondages aupr\u00e8s des Fran\u00e7ais pour les interroger sur leurs intentions de vote. Ces barom\u00e8tres et autres enqu\u00eates d\u2019opinion permettent de proc\u00e9der \u00e0 des projections en si\u00e8ge de la future Assembl\u00e9e nationale.<\/p>\n<p>Ces projections sont toutefois \u00e0 prendre avec des pincettes, dans la mesure o\u00f9 l\u2019on a en fait affaire \u00e0 577 \u00e9lections (autant que de circonscriptions), mais aussi du fait que les r\u00e9sultats des \u00e9lections l\u00e9gislatives d\u00e9pendant eu final des alliances nou\u00e9es en amont par les formations politiques.<\/p>\n<p>Parmi les instituts de sondage qui proc\u00e8dent \u00e0 des enqu\u00eates d\u2019opinion, figurent entre autres\u00a0:<\/p>\n<ul>\n<li>Harris Interactive (<a href=\"https:\/\/harris-interactive.fr\/actualite\/sondages-publies\" target=\"_blank\" rel=\"nofollow noopener noreferrer\">https:\/\/harris-interactive.fr\/actualite\/sondages-publies<\/a>)<\/li>\n<li>OpinionWay (<a href=\"https:\/\/www.opinion-way.com\/fr\/sondage-d-opinion\/sondages-publies\/politique.html\" target=\"_blank\" rel=\"nofollow noopener noreferrer\">https:\/\/www.opinion-way.com\/fr\/sondage-d-opinion\/sondages-publies\/politique.html<\/a>)<\/li>\n<li>l\u2019Ifop (<a href=\"https:\/\/www.ifop.com\/opinion\/actualite-politique\" target=\"_blank\" rel=\"nofollow noopener noreferrer\">https:\/\/www.ifop.com\/opinion\/actualite-politique<\/a>)<\/li>\n<li>BVA (<a href=\"https:\/\/www.bva-group.com\/search\/l%C3%A9gislatives\" target=\"_blank\" rel=\"nofollow noopener noreferrer\">https:\/\/www.bva-group.com\/search\/l%C3%A9gislatives<\/a>)<\/li>\n<\/ul>\n<h2><span class=\"ez-toc-section\" id=\"2022_2017_retour_sur_les_resultats_des_precedentes_elections_legislatives\"><\/span>2022, 2017 : retour sur les r\u00e9sultats des pr\u00e9c\u00e9dentes \u00e9lections l\u00e9gislatives<span class=\"ez-toc-section-end\"><\/span><\/h2>\n<h3><span class=\"ez-toc-section\" id=\"2022_pas_de_majorite_pour_la_coalition_presidentielle\"><\/span>2022 : pas de majorit\u00e9 pour la coalition pr\u00e9sidentielle<span class=\"ez-toc-section-end\"><\/span><\/h3>\n<p>Au terme du second tour du scrutin l\u00e9gislatif de 2022, organis\u00e9 le 19 juin (le premier tour ayant eu lieu le 12 juin) et marqu\u00e9 par un <strong>niveau record d\u2019abstention<\/strong> (52,49% des inscrits au premier tour, 53,77% au second tour), la coalition pr\u00e9sidentielle est arriv\u00e9e en t\u00eate, mais sans parvenir \u00e0 remporter la majorit\u00e9 absolue \u00e0 l\u2019Assembl\u00e9e nationale (fix\u00e9e \u00e0 289 si\u00e8ges). Au final, Ensemble ! \u2013 qui regroupait Renaissance (ex-LREM), le MoDem et Horizons \u2013 a obtenu 245 d\u00e9put\u00e9s.<\/p>\n<p>Suivait la gauche unie dans la Nouvelle Union populaire \u00e9cologique et sociale (Nupes), emmen\u00e9e par le chef des Insoumis Jean-Luc M\u00e9lenchon, qui a empoch\u00e9 131 si\u00e8ges. De son c\u00f4t\u00e9, le Rassemblement national de Marine Le Pen a enregistr\u00e9 une perc\u00e9e historique, avec 89 si\u00e8ges (contre huit seulement \u00e0 l\u2019issue des l\u00e9gislatives de 2017).<\/p>\n<p>Les R\u00e9publicains, pour leur part, sont arriv\u00e9s \u00e0 faire \u00e9lire 61 d\u00e9put\u00e9s, tandis que leur alli\u00e9s de l\u2019Union des D\u00e9mocrates et des Ind\u00e9pendants (UDI) en comptabilisent trois. \u00c0 noter \u00e9galement l\u2019\u00e9lection de 22 d\u00e9put\u00e9s divers gauche, qui avaient refus\u00e9 de se pr\u00e9senter sous la banni\u00e8re Nupes. Enfin, les derniers \u00e9lus se r\u00e9partissent entre Divers (1 d\u00e9put\u00e9), R\u00e9gionaliste (10 d\u00e9put\u00e9s), Divers centre (4 d\u00e9put\u00e9s), Divers droite (10 d\u00e9put\u00e9s) et Droite souverainiste (1 d\u00e9put\u00e9).<\/p>\n<p>Le tableau ci-dessous donne les r\u00e9sultats globaux des l\u00e9gislatives 2022 :<\/p>\n<div id=\"tablepress-110-scroll-wrapper\" class=\"tablepress-scroll-wrapper\">\n\n<table id=\"tablepress-110\" class=\"tablepress tablepress-id-110 tablepress-responsive\">\n<thead>\n<tr class=\"row-1 odd\">\n\t<th class=\"column-1\"><\/th><th colspan=\"7\" class=\"column-2\"><strong>R\u00e9sultats des \u00e9lections l\u00e9gislatives de juin 2022 en France<\/strong><\/th>\n<\/tr>\n<\/thead>\n<tfoot>\n<tr class=\"row-27 odd\">\n\t<th colspan=\"8\" class=\"column-1\"><em>Source : minist\u00e8re de l\u2019Int\u00e9rieur<\/em><\/th>\n<\/tr>\n<\/tfoot>\n<tbody class=\"row-hover\">\n<tr class=\"row-2 even\">\n\t<td rowspan=\"2\" class=\"column-1\"><br \/>\n<strong>\u00c9tiquette politique<\/strong><\/td><td colspan=\"3\" class=\"column-2\"><strong>Premier tour<\/strong><\/td><td colspan=\"3\" class=\"column-5\"><strong>Second tour<\/strong><\/td><td rowspan=\"2\" class=\"column-8\"><strong>Total de si\u00e8ges<\/strong><\/td>\n<\/tr>\n<tr class=\"row-3 odd\">\n\t<td class=\"column-2\"><strong>Voix<\/strong><\/td><td class=\"column-3\"><strong>% exprim\u00e9s<\/strong><\/td><td class=\"column-4\"><strong>Si\u00e8ges<\/strong><\/td><td class=\"column-5\"><strong>Voix<\/strong><\/td><td class=\"column-6\"><strong>% exprim\u00e9s<\/strong><\/td><td class=\"column-7\"><strong>Si\u00e8ges<\/strong><\/td>\n<\/tr>\n<tr class=\"row-4 even\">\n\t<td class=\"column-1\">Divers extr\u00eame gauche<\/td><td class=\"column-2\">266.371<\/td><td class=\"column-3\">1,17%<\/td><td class=\"column-4\">0<\/td><td class=\"column-5\">11.229<\/td><td class=\"column-6\">0,05%<\/td><td class=\"column-7\">0<\/td><td class=\"column-8\"><strong>0<\/strong><\/td>\n<\/tr>\n<tr class=\"row-5 odd\">\n\t<td class=\"column-1\">Parti radical de gauche<\/td><td class=\"column-2\">126.707<\/td><td class=\"column-3\">0,56%<\/td><td class=\"column-4\">0<\/td><td class=\"column-5\">-<\/td><td class=\"column-6\">-<\/td><td class=\"column-7\">0<\/td><td class=\"column-8\"><strong>0<\/strong><\/td>\n<\/tr>\n<tr class=\"row-6 even\">\n\t<td class=\"column-1\">Nouvelle union populaire \u00e9cologique et sociale (Nupes)<\/td><td class=\"column-2\">5.836.202<\/td><td class=\"column-3\">25,66%<\/td><td class=\"column-4\">4<\/td><td class=\"column-5\">6.556.198<\/td><td class=\"column-6\">31,60%<\/td><td class=\"column-7\">127<\/td><td class=\"column-8\"><strong>131<\/strong><\/td>\n<\/tr>\n<tr class=\"row-7 odd\">\n\t<td class=\"column-1\">Divers gauche<\/td><td class=\"column-2\">713.641<\/td><td class=\"column-3\">3,14%<\/td><td class=\"column-4\">0<\/td><td class=\"column-5\">443.282<\/td><td class=\"column-6\">2,14%<\/td><td class=\"column-7\">22<\/td><td class=\"column-8\"><strong>22<\/strong><\/td>\n<\/tr>\n<tr class=\"row-8 even\">\n\t<td class=\"column-1\">\u00c9cologistes<\/td><td class=\"column-2\">608.179<\/td><td class=\"column-3\">2,67%<\/td><td class=\"column-4\">0<\/td><td class=\"column-5\">-<\/td><td class=\"column-6\">-<\/td><td class=\"column-7\">0<\/td><td class=\"column-8\"><strong>0<\/strong><\/td>\n<\/tr>\n<tr class=\"row-9 odd\">\n\t<td class=\"column-1\">Divers<\/td><td class=\"column-2\">192.630<\/td><td class=\"column-3\">0,85%<\/td><td class=\"column-4\">0<\/td><td class=\"column-5\">18.295<\/td><td class=\"column-6\">0,09%<\/td><td class=\"column-7\">1<\/td><td class=\"column-8\"><strong>1<\/strong><\/td>\n<\/tr>\n<tr class=\"row-10 even\">\n\t<td class=\"column-1\">R\u00e9gionaliste<\/td><td class=\"column-2\">291.392<\/td><td class=\"column-3\">1,28%<\/td><td class=\"column-4\">0<\/td><td class=\"column-5\">264.779<\/td><td class=\"column-6\">1,28%<\/td><td class=\"column-7\">10<\/td><td class=\"column-8\"><strong>10<\/strong><\/td>\n<\/tr>\n<tr class=\"row-11 odd\">\n\t<td class=\"column-1\">Ensemble ! (Majorit\u00e9 pr\u00e9sidentielle)<\/td><td class=\"column-2\">5.857.561<\/td><td class=\"column-3\">25,75%<\/td><td class=\"column-4\">1<\/td><td class=\"column-5\">8.002.419<\/td><td class=\"column-6\">38,57%<\/td><td class=\"column-7\">244<\/td><td class=\"column-8\"><strong>245<\/strong><\/td>\n<\/tr>\n<tr class=\"row-12 even\">\n\t<td class=\"column-1\">Divers centre<\/td><td class=\"column-2\">283.613<\/td><td class=\"column-3\">1,25%<\/td><td class=\"column-4\">0<\/td><td class=\"column-5\">99.145<\/td><td class=\"column-6\">0,48%<\/td><td class=\"column-7\">4<\/td><td class=\"column-8\"><strong>4<\/strong><\/td>\n<\/tr>\n<tr class=\"row-13 odd\">\n\t<td class=\"column-1\">Union des D\u00e9mocrates et des Ind\u00e9pendants (UDI)<\/td><td class=\"column-2\">198.055<\/td><td class=\"column-3\">0,87%<\/td><td class=\"column-4\">0<\/td><td class=\"column-5\">64.443<\/td><td class=\"column-6\">0,31%<\/td><td class=\"column-7\">3<\/td><td class=\"column-8\"><strong>3<\/strong><\/td>\n<\/tr>\n<tr class=\"row-14 even\">\n\t<td class=\"column-1\">Les R\u00e9publicains<\/td><td class=\"column-2\">2.370.811<\/td><td class=\"column-3\">10,42%<\/td><td class=\"column-4\">0<\/td><td class=\"column-5\">1.447.838<\/td><td class=\"column-6\">6,98%<\/td><td class=\"column-7\">61<\/td><td class=\"column-8\"><strong>61<\/strong><\/td>\n<\/tr>\n<tr class=\"row-15 odd\">\n\t<td class=\"column-1\">Divers droite<\/td><td class=\"column-2\">530.775<\/td><td class=\"column-3\">2,33%<\/td><td class=\"column-4\">0<\/td><td class=\"column-5\">231.071<\/td><td class=\"column-6\">1,11%<\/td><td class=\"column-7\">10<\/td><td class=\"column-8\"><strong>10<\/strong><\/td>\n<\/tr>\n<tr class=\"row-16 even\">\n\t<td class=\"column-1\">Droite souverainiste<\/td><td class=\"column-2\">249.610<\/td><td class=\"column-3\">1,10%<\/td><td class=\"column-4\">0<\/td><td class=\"column-5\">19.306<\/td><td class=\"column-6\">0,09%<\/td><td class=\"column-7\">1<\/td><td class=\"column-8\"><strong>1<\/strong><\/td>\n<\/tr>\n<tr class=\"row-17 odd\">\n\t<td class=\"column-1\">Reconqu\u00eate !<\/td><td class=\"column-2\">964.868<\/td><td class=\"column-3\">4,24%<\/td><td class=\"column-4\">0<\/td><td class=\"column-5\">-<\/td><td class=\"column-6\">-<\/td><td class=\"column-7\">0<\/td><td class=\"column-8\"><strong>0<\/strong><\/td>\n<\/tr>\n<tr class=\"row-18 even\">\n\t<td class=\"column-1\">Rassemblement National<\/td><td class=\"column-2\">4.248.626<\/td><td class=\"column-3\">18,68%<\/td><td class=\"column-4\">0<\/td><td class=\"column-5\">3.589.465<\/td><td class=\"column-6\">17,30%<\/td><td class=\"column-7\">89<\/td><td class=\"column-8\"><strong>89<\/strong><\/td>\n<\/tr>\n<tr class=\"row-19 odd\">\n\t<td class=\"column-1\">Divers extr\u00eame droite<\/td><td class=\"column-2\">6.457<\/td><td class=\"column-3\">0,03%<\/td><td class=\"column-4\">0<\/td><td class=\"column-5\">-<\/td><td class=\"column-6\">-<\/td><td class=\"column-7\">0<\/td><td class=\"column-8\"><strong>0<\/strong><\/td>\n<\/tr>\n<tr class=\"row-20 even\">\n\t<td colspan=\"8\" class=\"column-1\">\u00a0<\/td>\n<\/tr>\n<tr class=\"row-21 odd\">\n\t<td class=\"column-1\">Suffrages exprim\u00e9s<\/td><td class=\"column-2\">22.745.498<\/td><td class=\"column-3\">97,80%<\/td><td class=\"column-4\">\u00a0<\/td><td class=\"column-5\">20.747.470<\/td><td class=\"column-6\">92,36%<\/td><td colspan=\"2\" class=\"column-7\">\u00a0<\/td>\n<\/tr>\n<tr class=\"row-22 even\">\n\t<td class=\"column-1\">Votes blancs<\/td><td class=\"column-2\">360.844<\/td><td class=\"column-3\">1,55%<\/td><td class=\"column-4\">1.235.844<\/td><td class=\"column-5\">5,50%<\/td><td class=\"column-6\"><\/td><td class=\"column-7\"><\/td><td class=\"column-8\"><\/td>\n<\/tr>\n<tr class=\"row-23 odd\">\n\t<td class=\"column-1\">Votes nuls<\/td><td class=\"column-2\">151.166<\/td><td class=\"column-3\">0,65%<\/td><td class=\"column-4\">480.962<\/td><td class=\"column-5\">2,14%<\/td><td class=\"column-6\"><\/td><td class=\"column-7\"><\/td><td class=\"column-8\"><\/td>\n<\/tr>\n<tr class=\"row-24 even\">\n\t<td class=\"column-1\"><strong>Total<\/strong><\/td><td class=\"column-2\"><strong>23.257.508<\/strong><\/td><td class=\"column-3\"><strong>100%<\/strong><\/td><td class=\"column-4\"><strong>5<\/strong><\/td><td class=\"column-5\"><strong>22.464.276<\/strong><\/td><td class=\"column-6\"><strong>100%<\/strong><\/td><td class=\"column-7\"><strong>572<\/strong><\/td><td class=\"column-8\">\u00a0<strong>577<\/strong><\/td>\n<\/tr>\n<tr class=\"row-25 odd\">\n\t<td class=\"column-1\">Abstention<\/td><td class=\"column-2\">25.696.476<\/td><td class=\"column-3\">52,49% des inscrits<\/td><td class=\"column-4\">\u00a0<\/td><td class=\"column-5\">26.125.084<\/td><td class=\"column-6\">53,77% des inscrits<\/td><td class=\"column-7\">\u00a0<\/td><td class=\"column-8\">\u00a0<\/td>\n<\/tr>\n<tr class=\"row-26 even\">\n\t<td class=\"column-1\">Inscrits \/ Participation<\/td><td class=\"column-2\">48.953.984<\/td><td class=\"column-3\">47,51%<\/td><td class=\"column-4\">48.589.360<\/td><td class=\"column-5\">46,23%<\/td><td class=\"column-6\">\u00a0<\/td><td class=\"column-7\"><\/td><td class=\"column-8\"><\/td>\n<\/tr>\n<\/tbody>\n<\/table>\n\n<\/div><!-- #tablepress-110 from cache -->\n<p>&nbsp;<\/p>\n<p>Pour retrouver les r\u00e9sultats dans votre circonscription (commune par commune), rendez-vous sur la <a href=\"https:\/\/www.archives-resultats-elections.interieur.gouv.fr\/resultats\/legislatives-2022\/index.php\" target=\"_blank\" rel=\"nofollow noopener noreferrer\">carte interactive<\/a> mise \u00e0 disposition sur le site Internet du minist\u00e8re de l&rsquo;Int\u00e9rieur.<\/p>\n<p>Pour rappel, le tableau ci-dessous donne les r\u00e9sultats des l\u00e9gislatives 2022 chez les Fran\u00e7ais de l\u2019\u00e9tranger :<\/p>\n<div id=\"tablepress-109-scroll-wrapper\" class=\"tablepress-scroll-wrapper\">\n\n<table id=\"tablepress-109\" class=\"tablepress tablepress-id-109 tablepress-responsive\">\n<thead>\n<tr class=\"row-1 odd\">\n\t<th colspan=\"3\" class=\"column-1\"><strong>\u00c9lections l\u00e9gislatives 2022 : les r\u00e9sultats pour les Fran\u00e7ais de l\u2019\u00e9tranger<\/strong><\/th>\n<\/tr>\n<\/thead>\n<tfoot>\n<tr class=\"row-14 even\">\n\t<th colspan=\"3\" class=\"column-1\"><em>Source\u00a0: minist\u00e8re de l\u2019Europe et des Affaires \u00e9trang\u00e8res<\/em><\/th>\n<\/tr>\n<\/tfoot>\n<tbody class=\"row-hover\">\n<tr class=\"row-2 even\">\n\t<td class=\"column-1\"><strong>Circonscriptions<\/strong><\/td><td class=\"column-2\"><strong>Premier tour (qualifi\u00e9s)<\/strong><\/td><td class=\"column-3\"><strong>Second tour<\/strong><\/td>\n<\/tr>\n<tr class=\"row-3 odd\">\n\t<td class=\"column-1\"><br \/>\n<strong>1<sup>\u00e8re<\/sup> circonscription (Am\u00e9rique)<\/strong><\/td><td class=\"column-2\">Roland Lescure (Ensemble\u00a0!)\u00a0: 35,49% des suffrages exprim\u00e9s<br \/>\n<br \/>\nFlorence Roger (Nupes)\u00a0: 33,07% des suffrages exprim\u00e9s<br \/>\n<br \/>\n<a href=\"https:\/\/www.diplomatie.gouv.fr\/IMG\/pdf\/leg_2022_t1_-_resultats_circo_1_-_6_juin_2022_cle0caf87.pdf\" target=\"_blank\">Voir les r\u00e9sultats<\/a><\/td><td class=\"column-3\"><strong>Roland Lescure (Ensemble\u00a0!)\u00a0: 55,63% (\u00c9LU)<\/strong><br \/>\n<br \/>\nFlorence Roger (Nupes)\u00a0: 44,37% des suffrages exprim\u00e9s<br \/>\n<br \/>\n<a href=\"https:\/\/www.diplomatie.gouv.fr\/IMG\/pdf\/resultats_leg_t2_-_circo_1_cle4e1675.pdf\" target=\"_blank\">Voir les r\u00e9sultats<\/a><\/td>\n<\/tr>\n<tr class=\"row-4 even\">\n\t<td class=\"column-1\"><br \/>\n<strong>2<sup>\u00e8me<\/sup> circonscription (Am\u00e9rique)<\/strong><\/td><td class=\"column-2\">\u00c9l\u00e9onore Caroit (Ensemble\u00a0!)\u00a0: 33,99% des suffrages exprim\u00e9s<br \/>\n<br \/>\nChristian Rodriguez\u00a0(Nupes) : 27,72% des suffrages exprim\u00e9s<br \/>\n<br \/>\n<a href=\"https:\/\/www.diplomatie.gouv.fr\/IMG\/pdf\/leg_2022_t1_-_resultats_circo_2_-_6_juin_2022_cle01e5fa.pdf\" target=\"_blank\">Voir les r\u00e9sultats<\/a><\/td><td class=\"column-3\"><strong>\u00c9l\u00e9onore Caroit (Ensemble\u00a0!)\u00a0: 57,42% des suffrages exprim\u00e9s (\u00c9LUE)<\/strong><br \/>\n<br \/>\nChristian Rodriguez\u00a0(Nupes) : 27,72% des suffrages exprim\u00e9s<br \/>\n<br \/>\n<a href=\"https:\/\/www.diplomatie.gouv.fr\/IMG\/pdf\/resultats_leg_t2_-_circo_2_cle4933e6.pdf\" target=\"_blank\">Voir les r\u00e9sultats<\/a><\/td>\n<\/tr>\n<tr class=\"row-5 odd\">\n\t<td class=\"column-1\"><br \/>\n<strong>3<sup>\u00e8me<\/sup> circonscription (Europe)<\/strong><\/td><td class=\"column-2\">Alexandre Holroyd (Ensemble\u00a0!)\u00a0: 38,20% des suffrages exprim\u00e9s<br \/>\n<br \/>\nCharlotte Minvielle (Nupes)\u00a0: 31,20% des suffrages exprim\u00e9s<br \/>\n<br \/>\n<a href=\"https:\/\/www.diplomatie.gouv.fr\/IMG\/pdf\/leg_2022_t1_-_resultats_circo_3_-_6_juin_2022_cle022161.pdf\" target=\"_blank\">Voir les r\u00e9sultats<\/a><\/td><td class=\"column-3\"><strong>Alexandre Holroyd (Ensemble\u00a0!)\u00a0: 55,80% des suffrages exprim\u00e9s (\u00c9LU)<\/strong><br \/>\n<br \/>\nCharlotte Minvielle (Nupes)\u00a0: 44,20% des suffrages exprim\u00e9s<br \/>\n<br \/>\n<a href=\"https:\/\/www.diplomatie.gouv.fr\/IMG\/pdf\/resultats_leg_t2_-_circo_3_cle4c14a8.pdf\" target=\"_blank\">Voir les r\u00e9sultats<\/a><\/td>\n<\/tr>\n<tr class=\"row-6 even\">\n\t<td class=\"column-1\"><br \/>\n<strong>4<sup>\u00e8me<\/sup> circonscription (Europe)<\/strong><\/td><td class=\"column-2\">Pieyre-Alexandre Anglade (Ensemble\u00a0!)\u00a0: 38,54% des suffrages exprim\u00e9s<br \/>\n<br \/>\nC\u00e9cilia Gondard (Nupes)\u00a0: 32,14% des suffrages exprim\u00e9s<br \/>\n<br \/>\n<a href=\"https:\/\/www.diplomatie.gouv.fr\/IMG\/pdf\/leg_2022_t1_-_resultats_circo_4_-_6_juin_2022_cle01b97a.pdf\" target=\"_blank\">Voir les r\u00e9sultats<\/a><\/td><td class=\"column-3\"><strong>Pieyre-Alexandre Anglade (Ensemble\u00a0!)\u00a0: 55,15% des suffrages exprim\u00e9s (\u00c9LU)<\/strong><br \/>\n<br \/>\nC\u00e9cilia Gondard (Nupes)\u00a0: 44,85% des suffrages exprim\u00e9s<br \/>\n<br \/>\n<a href=\"https:\/\/www.diplomatie.gouv.fr\/IMG\/pdf\/resultats_leg_t2_-_circo_4_cle411b69.pdf\" target=\"_blank\">Voir les r\u00e9sultats<\/a><\/td>\n<\/tr>\n<tr class=\"row-7 odd\">\n\t<td class=\"column-1\"><br \/>\n<strong>5<sup>\u00e8me<\/sup> circonscription (Europe)<\/strong><\/td><td class=\"column-2\">Renaud Le Berre (Nupes)\u00a0: 27,55% des suffrages exprim\u00e9s<br \/>\n<br \/>\nSt\u00e9phane Vojetta (Ensemble\u00a0!)\u00a0: 24,30%<br \/>\n<br \/>\n<a href=\"https:\/\/www.diplomatie.gouv.fr\/IMG\/pdf\/leg_2022_t1_-_resultats_circo_5_-_6_juin_2022_cle0b5a4c.pdf\" target=\"_blank\">Voir les r\u00e9sultats<\/a><\/td><td class=\"column-3\"><strong>St\u00e9phane Vojetta (Ensemble\u00a0!)\u00a0: 57,26% des suffrage exprim\u00e9s (\u00c9LU)<\/strong><br \/>\n<br \/>\nRenaud Le Berre (Nupes)\u00a0: 42,74% des suffrages exprim\u00e9s<br \/>\n<br \/>\n<a href=\"https:\/\/www.diplomatie.gouv.fr\/IMG\/pdf\/resultats_leg_t2_-_circo_5_cle412f1e.pdf\" target=\"_blank\">Voir les r\u00e9sultats<\/a><\/td>\n<\/tr>\n<tr class=\"row-8 even\">\n\t<td class=\"column-1\"><br \/>\n<strong>6<sup>\u00e8me<\/sup> circonscription (Europe)<\/strong><\/td><td class=\"column-2\">Marc Ferracci (Ensemble\u00a0!)\u00a0: 36,08% des suffrages exprim\u00e9s<br \/>\n<br \/>\nMagali Mangin (Nupes)\u00a0: 20,05% des suffrages exprim\u00e9s<br \/>\n<br \/>\n<a href=\"https:\/\/www.diplomatie.gouv.fr\/IMG\/pdf\/leg_2022_t1_-_resultats_circo_6_-_6_juin_2022_cle05c48f.pdf\" target=\"_blank\">Voir les r\u00e9sultats<\/a><\/td><td class=\"column-3\"><strong>Marc Ferracci (Ensemble\u00a0!)\u00a0: 64,97% des suffrages exprim\u00e9s (\u00c9LU)<\/strong><br \/>\n<br \/>\nMagali Mangin (Nupes)\u00a0: 35,03% des suffrages exprim\u00e9s<br \/>\n<br \/>\n<a href=\"https:\/\/www.diplomatie.gouv.fr\/IMG\/pdf\/resultats_leg_t2_-_circo_6_cle43e7d7.pdf\" target=\"_blank\">Voir les r\u00e9sultats<\/a><\/td>\n<\/tr>\n<tr class=\"row-9 odd\">\n\t<td class=\"column-1\"><br \/>\n<strong>7<sup>\u00e8me<\/sup> circonscription (Europe)<\/strong><\/td><td class=\"column-2\">Fr\u00e9d\u00e9ric Petit (Ensemble\u00a0!)\u00a0: 34,27% des suffrages exprim\u00e9s<br \/>\n<br \/>\nAsma Rharmaoui-Claquin (Nupes)\u00a0: 25,83% des suffrages exprim\u00e9s<br \/>\n<br \/>\n<a href=\"https:\/\/www.diplomatie.gouv.fr\/IMG\/pdf\/leg_2022_t1_-_resultats_circo_7_-_6_juin_2022_cle05e39b.pdf\" target=\"_blank\">Voir les r\u00e9sultats<\/a><\/td><td class=\"column-3\"><strong>Fr\u00e9d\u00e9ric Petit (Ensemble\u00a0!)\u00a0: 60,21% des suffrages exprim\u00e9s (\u00c9LU)<\/strong><br \/>\n<br \/>\nAsma Rharmaoui-Claquin (Nupes)\u00a0: 39,79% des suffrages exprim\u00e9s<br \/>\n<br \/>\n<a href=\"https:\/\/www.diplomatie.gouv.fr\/IMG\/pdf\/resultats_leg_t2_-_circo_7_cle429ba9.pdf\" target=\"_blank\">Voir les r\u00e9sultats<\/a><\/td>\n<\/tr>\n<tr class=\"row-10 even\">\n\t<td class=\"column-1\"><br \/>\n<strong>8<sup>\u00e8me<\/sup> circonscription (Europe)<\/strong><\/td><td class=\"column-2\">Meyer Habib (UDI)\u00a0: 28,50% des suffrages exprim\u00e9s<br \/>\n<br \/>\nDeborah Abisror-de Lieme (Ensemble\u00a0!)\u00a0: 27,44% des suffrages exprim\u00e9s<br \/>\n<br \/>\n<a href=\"https:\/\/www.diplomatie.gouv.fr\/IMG\/pdf\/leg_2022_t1_-_resultats_circo_8_-_6_juin_2022_cle042351.pdf\" target=\"_blank\">Voir les r\u00e9sultats<\/a><\/td><td class=\"column-3\"><strong>Meyer Habib (UDI)\u00a0: 50,58% des suffrages exprim\u00e9s (\u00c9LU)<\/strong><br \/>\n<br \/>\nDeborah Abisror-de Lieme (Ensemble\u00a0!)\u00a0: 49,42% des suffrages exprim\u00e9s<br \/>\n<br \/>\n<a href=\"https:\/\/www.diplomatie.gouv.fr\/IMG\/pdf\/resultats_leg_2eme_tour_-_circo_8_cle8164eb.pdf\" target=\"_blank\">Voir les r\u00e9sultats<\/a><\/td>\n<\/tr>\n<tr class=\"row-11 odd\">\n\t<td class=\"column-1\"><br \/>\n<strong>9<sup>\u00e8me<\/sup> circonscription (Am\u00e9rique)<\/strong><\/td><td class=\"column-2\">Karim Ben Cheikh (Nupes)\u00a0: 38,95% des suffrages exprim\u00e9s<br \/>\n<br \/>\nElisabeth Moreno (Ensemble\u00a0!)\u00a0: 27,33% des suffrages exprim\u00e9s<br \/>\n<br \/>\n<a href=\"https:\/\/www.diplomatie.gouv.fr\/IMG\/pdf\/leg_2022_t1_-_resultats_circo_9_-_6_juin_2022_cle034511.pdf\" target=\"_blank\">Voir les r\u00e9sultats<\/a><\/td><td class=\"column-3\"><strong>Karim Ben Cheikh (Nupes)\u00a0: 54,07% des suffrages exprim\u00e9s (\u00c9LU)<\/strong><br \/>\n<br \/>\nElisabeth Moreno (Ensemble\u00a0!)\u00a0: 45,93% des suffrages exprim\u00e9s<br \/>\n<br \/>\n<a href=\"https:\/\/www.diplomatie.gouv.fr\/IMG\/pdf\/resultats_leg_t2_-_circo_9_cle4254fc.pdf\" target=\"_blank\">Voir les r\u00e9sultats<\/a><\/td>\n<\/tr>\n<tr class=\"row-12 even\">\n\t<td class=\"column-1\"><br \/>\n<strong>10<sup>\u00e8me<\/sup> circonscription (Afrique)<\/strong><\/td><td class=\"column-2\">Am\u00e9lia Lakrafi (Ensemble\u00a0!)\u00a0: 32,21% des suffrages exprim\u00e9s<br \/>\n<br \/>\nChantal Moussa (Nupes)\u00a0: 22,17% des suffrages exprim\u00e9s<br \/>\n<br \/>\n<a href=\"https:\/\/www.diplomatie.gouv.fr\/IMG\/pdf\/leg_2022_t1_-_resultats_circo_10_-_6_juin_2022_cle472279.pdf\" target=\"_blank\">Voir les r\u00e9sultats<\/a><\/td><td class=\"column-3\"><strong>Am\u00e9lia Lakrafi (Ensemble\u00a0!)\u00a0: 63,58% des suffrages exprim\u00e9s (\u00c9LUE)<\/strong><br \/>\n<br \/>\nChantal Moussa (Nupes)\u00a0: 36,42% des suffrages exprim\u00e9s<br \/>\n<br \/>\n<a href=\"https:\/\/www.diplomatie.gouv.fr\/IMG\/pdf\/resultats_leg_t2_-_circo_10_cle08481b.pdf\" target=\"_blank\">Voir les r\u00e9sultats<\/a><br \/>\n<\/td>\n<\/tr>\n<tr class=\"row-13 odd\">\n\t<td class=\"column-1\"><br \/>\n<strong>11<sup>\u00e8me<\/sup> circonscription (Asie)<\/strong><\/td><td class=\"column-2\">Anne Genetet (Ensemble\u00a0!)\u00a0: 37,62% des suffrages exprim\u00e9s<br \/>\n<br \/>\nDominique Vidal (Nupes)\u00a0: 24,45% des suffrages exprim\u00e9s<br \/>\n<br \/>\n<a href=\"https:\/\/www.diplomatie.gouv.fr\/IMG\/pdf\/leg_2022_t1_-_resultats_circo_11_-_6_juin_2022_cle4c19ff.pdf\" target=\"_blank\">Voir les r\u00e9sultats<\/a><\/td><td class=\"column-3\"><strong>Anne Genetet (Ensemble\u00a0!)\u00a0: 61,73% des suffrages exprim\u00e9s (\u00c9LUE)<\/strong><br \/>\n<br \/>\nDominique Vidal (Nupes)\u00a0: 38,27% des suffrages exprim\u00e9s<br \/>\n<br \/>\n<a href=\"https:\/\/www.diplomatie.gouv.fr\/IMG\/pdf\/resultats_leg_t2_-_circo_11_cle049798.pdf\" target=\"_blank\">Voir les r\u00e9sultats<\/a><\/td>\n<\/tr>\n<\/tbody>\n<\/table>\n\n<\/div><!-- #tablepress-109 from cache -->\n<p>&nbsp;<\/p>\n<h3><span class=\"ez-toc-section\" id=\"2017_majorite_absolue_pour_le_parti_presidentielle\"><\/span>2017 : majorit\u00e9 absolue pour le parti pr\u00e9sidentielle<span class=\"ez-toc-section-end\"><\/span><\/h3>\n<p>\u00c0 l\u2019issue des \u00e9lections l\u00e9gislatives de 2017 (organis\u00e9es les 11 et 18 juin 2017), organis\u00e9es alors qu\u2019Emmanuel Macron venait d\u2019\u00eatre \u00e9lu \u00e0 la pr\u00e9sidence de la R\u00e9publique pour un premier mandat, la formation du nouveau chef de l\u2019\u00c9tat avait obtenu la majorit\u00e9 absolue.<\/p>\n<p>Dans un scrutin marqu\u00e9 par un <strong>taux d\u2019abstention record<\/strong> pour les l\u00e9gislatives en France (autour de 57,4% au premier tour), la majorit\u00e9 pr\u00e9sidentielle avait obtenu 350 si\u00e8ges : 308 pour La R\u00e9publique en Marche (LREM) et 42 pour le Mouvement D\u00e9mocrate (MoDem) de Fran\u00e7ois Bayrou.<\/p>\n<p>Les R\u00e9publicains (LR), deuxi\u00e8me force de la l\u00e9gislature 2017-2022, avait remport\u00e9 112 si\u00e8ges. Toujours \u00e0 droite, l\u2019Union des D\u00e9mocrates et Ind\u00e9pendants (UDI) en avait empoch\u00e9 18, tandis que six allaient aux Divers droite.<\/p>\n<p>La gauche \u00e9tait arriv\u00e9 loin derri\u00e8re, puisque le Parti socialiste disposait de seulement 30 si\u00e8ges. Les Divers gauche s\u2019en \u00e9tait adjug\u00e9e 11, le Parti radical de gauche (11) et Europe \u00c9cologie &#8211; Les Verts (EELV), un. Avec 17 si\u00e8ges, la France Insoumise (LFI) de Jean-Luc M\u00e9lenchon disposait d\u2019un groupe au Palais-Bourbon. Le Parti communiste (PCF), qui avait obtenu dix si\u00e8ges, a par la suite constitu\u00e9 un groupe avec cinq d\u00e9put\u00e9s ultramarins \u00e9lus Divers gauche.<\/p>\n<p>Le Front national (renomm\u00e9 depuis Rassemblement national) avait obtenu huit d\u00e9put\u00e9s, quand l\u2019extr\u00eame droite en avait un, tout comme Debout la France.<\/p>\n<p>Le tableau ci-dessous rappelle les r\u00e9sultats des deux tours des \u00e9lections l\u00e9gislatives de 2017 :<\/p>\n<div id=\"tablepress-107-scroll-wrapper\" class=\"tablepress-scroll-wrapper\">\n\n<table id=\"tablepress-107\" class=\"tablepress tablepress-id-107 tablepress-responsive\">\n<thead>\n<tr class=\"row-1 odd\">\n\t<th colspan=\"8\" class=\"column-1\"><strong>R\u00e9sultats des \u00e9lections l\u00e9gislatives de juin 2017 en France<\/strong><\/th>\n<\/tr>\n<\/thead>\n<tfoot>\n<tr class=\"row-28 even\">\n\t<th colspan=\"8\" class=\"column-1\"><em>Source : minist\u00e8re de l\u2019Int\u00e9rieur<\/em><\/th>\n<\/tr>\n<\/tfoot>\n<tbody class=\"row-hover\">\n<tr class=\"row-2 even\">\n\t<td rowspan=\"2\" class=\"column-1\"><strong>\u00c9tiquette politique<\/strong><\/td><td colspan=\"3\" class=\"column-2\"><strong>Premier tour<\/strong><\/td><td colspan=\"3\" class=\"column-5\"><strong>Second tour<\/strong><\/td><td rowspan=\"2\" class=\"column-8\"><strong>Total de si\u00e8ges<\/strong><\/td>\n<\/tr>\n<tr class=\"row-3 odd\">\n\t<td class=\"column-2\"><strong>Voix<\/strong><\/td><td class=\"column-3\"><strong>%<\/strong><\/td><td class=\"column-4\"><strong>Si\u00e8ges<\/strong><\/td><td class=\"column-5\"><strong>Voix<\/strong><\/td><td class=\"column-6\"><strong>%<\/strong><\/td><td class=\"column-7\"><strong>Si\u00e8ges<\/strong><\/td>\n<\/tr>\n<tr class=\"row-4 even\">\n\t<td class=\"column-1\">La R\u00e9publique En Marche (LREM)<\/td><td class=\"column-2\">6.391.269<\/td><td class=\"column-3\">28,21%<\/td><td class=\"column-4\">2<\/td><td class=\"column-5\">7.826.245<\/td><td class=\"column-6\">43,06%<\/td><td class=\"column-7\">306<\/td><td class=\"column-8\"><strong>308<\/strong><\/td>\n<\/tr>\n<tr class=\"row-5 odd\">\n\t<td class=\"column-1\">Les R\u00e9publicains (LR)<\/td><td class=\"column-2\">3.573.427<\/td><td class=\"column-3\">15,77%<\/td><td class=\"column-4\">0<\/td><td class=\"column-5\">4.040.203<\/td><td class=\"column-6\">22,23%<\/td><td class=\"column-7\">112<\/td><td class=\"column-8\"><strong>112<\/strong><\/td>\n<\/tr>\n<tr class=\"row-6 even\">\n\t<td class=\"column-1\">Front national (FN)<\/td><td class=\"column-2\">2.990.454<\/td><td class=\"column-3\">13,20%<\/td><td class=\"column-4\">0<\/td><td class=\"column-5\">1.590.869<\/td><td class=\"column-6\">8,75%<\/td><td class=\"column-7\">8<\/td><td class=\"column-8\"><strong>8<\/strong><\/td>\n<\/tr>\n<tr class=\"row-7 odd\">\n\t<td class=\"column-1\">La France insoumise (LFI)<\/td><td class=\"column-2\">2.497.622<\/td><td class=\"column-3\">11,03%<\/td><td class=\"column-4\">0<\/td><td class=\"column-5\">883.573<\/td><td class=\"column-6\">4,86%<\/td><td class=\"column-7\">17<\/td><td class=\"column-8\"><strong>17<\/strong><\/td>\n<\/tr>\n<tr class=\"row-8 even\">\n\t<td class=\"column-1\">Parti socialiste (PS)<\/td><td class=\"column-2\">1.685.677<\/td><td class=\"column-3\">7,44%<\/td><td class=\"column-4\">0<\/td><td class=\"column-5\">1.032.842<\/td><td class=\"column-6\">5,68%<\/td><td class=\"column-7\">30<\/td><td class=\"column-8\"><strong>30<\/strong><\/td>\n<\/tr>\n<tr class=\"row-9 odd\">\n\t<td class=\"column-1\">\u00c9cologiste<\/td><td class=\"column-2\">973.527<\/td><td class=\"column-3\">4,30%<\/td><td class=\"column-4\">0<\/td><td class=\"column-5\">23.197<\/td><td class=\"column-6\">0,13%<\/td><td class=\"column-7\">1<\/td><td class=\"column-8\"><strong>1<\/strong><\/td>\n<\/tr>\n<tr class=\"row-10 even\">\n\t<td class=\"column-1\">Mouvement d\u00e9mocrate (MoDem)<\/td><td class=\"column-2\">932.227<\/td><td class=\"column-3\">4,12%<\/td><td class=\"column-4\">0<\/td><td class=\"column-5\">1.100.656<\/td><td class=\"column-6\">6,06%<\/td><td class=\"column-7\">42<\/td><td class=\"column-8\"><strong>42<\/strong><\/td>\n<\/tr>\n<tr class=\"row-11 odd\">\n\t<td class=\"column-1\">Union des d\u00e9mocrates et ind\u00e9pendants (UDI)<\/td><td class=\"column-2\">687.225<\/td><td class=\"column-3\">3,03%<\/td><td class=\"column-4\">1<\/td><td class=\"column-5\">551.784<\/td><td class=\"column-6\">3,04%<\/td><td class=\"column-7\">17<\/td><td class=\"column-8\"><strong>18<\/strong><\/td>\n<\/tr>\n<tr class=\"row-12 even\">\n\t<td class=\"column-1\">Divers droite<\/td><td class=\"column-2\">625.345<\/td><td class=\"column-3\">2,76%<\/td><td class=\"column-4\">0<\/td><td class=\"column-5\">306.074<\/td><td class=\"column-6\">1,68%<\/td><td class=\"column-7\">6<\/td><td class=\"column-8\"><strong>6<\/strong><\/td>\n<\/tr>\n<tr class=\"row-13 odd\">\n\t<td class=\"column-1\">Parti communiste fran\u00e7ais (PCF)<\/td><td class=\"column-2\">615.487<\/td><td class=\"column-3\">2,72%<\/td><td class=\"column-4\">0<\/td><td class=\"column-5\">217.833<\/td><td class=\"column-6\">1,20%<\/td><td class=\"column-7\">10<\/td><td class=\"column-8\"><strong>10<\/strong><\/td>\n<\/tr>\n<tr class=\"row-14 even\">\n\t<td class=\"column-1\">Divers<\/td><td class=\"column-2\">500.309<\/td><td class=\"column-3\">2,21%<\/td><td class=\"column-4\">0<\/td><td class=\"column-5\">100.574<\/td><td class=\"column-6\">0,55%<\/td><td class=\"column-7\">3<\/td><td class=\"column-8\"><strong>3<\/strong><\/td>\n<\/tr>\n<tr class=\"row-15 odd\">\n\t<td class=\"column-1\">Divers gauche<\/td><td class=\"column-2\">362.281<\/td><td class=\"column-3\">1,60%<\/td><td class=\"column-4\">1<\/td><td class=\"column-5\">263.488<\/td><td class=\"column-6\">1,45%<\/td><td class=\"column-7\">11<\/td><td class=\"column-8\"><strong>12<\/strong><\/td>\n<\/tr>\n<tr class=\"row-16 even\">\n\t<td class=\"column-1\">Debout la France (DLF)<\/td><td class=\"column-2\">265.420<\/td><td class=\"column-3\">1,17%<\/td><td class=\"column-4\">0<\/td><td class=\"column-5\">17.344<\/td><td class=\"column-6\">0,10%<\/td><td class=\"column-7\">1<\/td><td class=\"column-8\"><strong>1<\/strong><\/td>\n<\/tr>\n<tr class=\"row-17 odd\">\n\t<td class=\"column-1\">R\u00e9gionaliste<\/td><td class=\"column-2\">204.049<\/td><td class=\"column-3\">0,90%<\/td><td class=\"column-4\">0<\/td><td class=\"column-5\">137.490<\/td><td class=\"column-6\">0,76%<\/td><td class=\"column-7\">5<\/td><td class=\"column-8\"><strong>5<\/strong><\/td>\n<\/tr>\n<tr class=\"row-18 even\">\n\t<td class=\"column-1\">Extr\u00eame gauche<\/td><td class=\"column-2\">175.214<\/td><td class=\"column-3\">0,77%<\/td><td class=\"column-4\">0<\/td><td class=\"column-5\">-<\/td><td class=\"column-6\">-<\/td><td class=\"column-7\">0<\/td><td class=\"column-8\"><strong>0<\/strong><\/td>\n<\/tr>\n<tr class=\"row-19 odd\">\n\t<td class=\"column-1\">Parti radical de gauche (PRG)<\/td><td class=\"column-2\">106.311<\/td><td class=\"column-3\">0,47%<\/td><td class=\"column-4\">0<\/td><td class=\"column-5\">64.860<\/td><td class=\"column-6\">0,36%<\/td><td class=\"column-7\">3<\/td><td class=\"column-8\"><strong>3<\/strong><\/td>\n<\/tr>\n<tr class=\"row-20 even\">\n\t<td class=\"column-1\">Extr\u00eame droite<\/td><td class=\"column-2\">68.320<\/td><td class=\"column-3\">0,30%<\/td><td class=\"column-4\">0<\/td><td class=\"column-5\">19.034<\/td><td class=\"column-6\">0,10<\/td><td class=\"column-7\">1<\/td><td class=\"column-8\"><strong>1<\/strong><\/td>\n<\/tr>\n<tr class=\"row-21 odd\">\n\t<td class=\"column-1\">\u00a0<\/td><td class=\"column-2\">\u00a0<\/td><td class=\"column-3\">\u00a0<\/td><td class=\"column-4\">\u00a0<\/td><td class=\"column-5\">\u00a0<\/td><td class=\"column-6\">\u00a0<\/td><td class=\"column-7\">\u00a0<\/td><td class=\"column-8\">\u00a0<\/td>\n<\/tr>\n<tr class=\"row-22 even\">\n\t<td class=\"column-1\">Suffrages exprim\u00e9s<\/td><td class=\"column-2\">22.654.164<\/td><td colspan=\"2\" class=\"column-3\">97,78%<\/td><td class=\"column-5\">18.176.066<\/td><td class=\"column-6\">90,14%<\/td><td class=\"column-7\">\u00a0<\/td><td class=\"column-8\">\u00a0<\/td>\n<\/tr>\n<tr class=\"row-23 odd\">\n\t<td class=\"column-1\">Votes blancs<\/td><td class=\"column-2\">357.018<\/td><td colspan=\"2\" class=\"column-3\">1,54%<\/td><td class=\"column-5\">1.409.784<\/td><td class=\"column-6\">6,99%<\/td><td class=\"column-7\"><\/td><td class=\"column-8\"><\/td>\n<\/tr>\n<tr class=\"row-24 even\">\n\t<td class=\"column-1\">Votes nuls<\/td><td class=\"column-2\">156.326<\/td><td colspan=\"2\" class=\"column-3\">0,67%<\/td><td class=\"column-5\">578.765<\/td><td class=\"column-6\">2,87%<\/td><td class=\"column-7\"><\/td><td class=\"column-8\"><\/td>\n<\/tr>\n<tr class=\"row-25 odd\">\n\t<td class=\"column-1\"><strong>Total<\/strong><\/td><td class=\"column-2\"><strong>23.167.508<\/strong><\/td><td class=\"column-3\"><strong>100%<\/strong><\/td><td rowspan=\"3\" class=\"column-4\"><strong>4<\/strong><\/td><td class=\"column-5\"><strong>20.164.615<\/strong><\/td><td class=\"column-6\"><strong>100%<\/strong><\/td><td class=\"column-7\"><strong>573<\/strong><\/td><td class=\"column-8\"><strong>577<\/strong><\/td>\n<\/tr>\n<tr class=\"row-26 even\">\n\t<td class=\"column-1\">Abstention<\/td><td class=\"column-2\">24.403.480<\/td><td class=\"column-3\">51,30%<\/td><td class=\"column-5\">27.128.488<\/td><td class=\"column-6\">57,36%<\/td><td colspan=\"2\" class=\"column-7\">\u00a0<\/td>\n<\/tr>\n<tr class=\"row-27 odd\">\n\t<td class=\"column-1\">Inscrits \/ Participation<\/td><td class=\"column-2\">47.570.988<\/td><td class=\"column-3\">48,70%<\/td><td class=\"column-5\">47.293.103<\/td><td class=\"column-6\">42,64%<\/td><td class=\"column-7\"><\/td><td class=\"column-8\"><\/td>\n<\/tr>\n<\/tbody>\n<\/table>\n\n<\/div><!-- #tablepress-107 from cache -->\n<p>&nbsp;<\/p>\n<p>Tous les r\u00e9sultats des l\u00e9gislatives de 2017, commune par commune, sont sur le site du minist\u00e8re de l&rsquo;Int\u00e9rieur : voir la <a href=\"https:\/\/www.archives-resultats-elections.interieur.gouv.fr\/resultats\/legislatives-2017\/index.php\" target=\"_blank\" rel=\"nofollow noopener noreferrer\">carte interactive<\/a>.<\/p>\n","protected":false},"excerpt":{"rendered":"<p>Tous les cinq ans, les Fran\u00e7ais sont invit\u00e9s \u00e0 voter pour les l\u00e9gislatives pour d\u00e9signer les 577 d\u00e9put\u00e9s qui les repr\u00e9sentent \u00e0 l\u2019Assembl\u00e9e nationale. Apr\u00e8s les \u00e9lections europ\u00e9ennes 2024, remport\u00e9es par le Rassemblement national, Emmanuel Macron a annonc\u00e9 la dissolution de l&rsquo;Assembl\u00e9e et l&rsquo;organisation d&rsquo;\u00e9lections l\u00e9gislatives anticip\u00e9es. Le scrutin, organis\u00e9 les 30 juin et 7 juillet, a \u00e9t\u00e9 marqu\u00e9 au final par la victoire du Nouveau Front Populaire. Calendrier, partis et candidats en lice, sondages, r\u00e9sultats\u2026 Tout sur les \u00e9lections l\u00e9gislatives anticip\u00e9es 2024.<\/p>\n","protected":false},"author":13719,"featured_media":9186,"comment_status":"closed","ping_status":"closed","sticky":false,"template":"","format":"standard","meta":{"footnotes":""},"categories":[19],"tags":[],"class_list":["post-9176","post","type-post","status-publish","format-standard","has-post-thumbnail","hentry","category-formalites"],"acf":[],"yoast_head":"<!-- This site is optimized with the Yoast SEO plugin v24.9 - https:\/\/yoast.com\/wordpress\/plugins\/seo\/ -->\n<title>\u00c9lections l\u00e9gislatives anticip\u00e9es 2024 : dates, partis, candidats, sondages<\/title>\n<meta name=\"description\" content=\"Tous les cinq ans, les Fran\u00e7ais sont invit\u00e9s \u00e0 voter lors des l\u00e9gislatives pour d\u00e9signer les 577 d\u00e9put\u00e9s qui les repr\u00e9sentent \u00e0 l&#039;Assembl\u00e9e nationale.\" \/>\n<meta name=\"robots\" content=\"index, follow, max-snippet:-1, max-image-preview:large, max-video-preview:-1\" \/>\n<link rel=\"canonical\" href=\"https:\/\/www.toutsurmesfinances.com\/vie-pratique\/a\/elections-legislatives-dates-candidats-resultats-sondages\" \/>\n<meta property=\"og:locale\" content=\"fr_FR\" \/>\n<meta property=\"og:type\" content=\"article\" \/>\n<meta property=\"og:title\" content=\"\u00c9lections l\u00e9gislatives anticip\u00e9es 2024 : dates, partis, candidats, sondages\" \/>\n<meta property=\"og:description\" content=\"Tous les cinq ans, les Fran\u00e7ais sont invit\u00e9s \u00e0 voter lors des l\u00e9gislatives pour d\u00e9signer les 577 d\u00e9put\u00e9s qui les repr\u00e9sentent \u00e0 l&#039;Assembl\u00e9e nationale.\" \/>\n<meta property=\"og:url\" content=\"https:\/\/www.toutsurmesfinances.com\/vie-pratique\/a\/elections-legislatives-dates-candidats-resultats-sondages\" \/>\n<meta property=\"og:site_name\" content=\"Vie pratique\" \/>\n<meta property=\"article:published_time\" content=\"2022-04-28T10:24:24+00:00\" \/>\n<meta property=\"article:modified_time\" content=\"2024-07-08T07:51:56+00:00\" \/>\n<meta property=\"og:image\" content=\"https:\/\/www.toutsurmesfinances.com\/vie-pratique\/wp-content\/uploads\/sites\/9\/2022\/04\/legislatives-montage.png\" \/>\n\t<meta property=\"og:image:width\" content=\"823\" \/>\n\t<meta property=\"og:image:height\" content=\"463\" \/>\n\t<meta property=\"og:image:type\" content=\"image\/png\" \/>\n<meta name=\"author\" content=\"Loic Farge\" \/>\n<meta name=\"twitter:card\" content=\"summary_large_image\" \/>\n<meta name=\"twitter:creator\" content=\"@Toutsur\" \/>\n<meta name=\"twitter:site\" content=\"@Toutsur\" \/>\n<meta name=\"twitter:label1\" content=\"\u00c9crit par\" \/>\n\t<meta name=\"twitter:data1\" content=\"Loic Farge\" \/>\n\t<meta name=\"twitter:label2\" content=\"Dur\u00e9e de lecture estim\u00e9e\" \/>\n\t<meta name=\"twitter:data2\" content=\"22 minutes\" \/>\n<script type=\"application\/ld+json\" class=\"yoast-schema-graph\">{\"@context\":\"https:\/\/schema.org\",\"@graph\":[{\"@type\":\"Article\",\"@id\":\"https:\/\/www.toutsurmesfinances.com\/vie-pratique\/a\/elections-legislatives-dates-candidats-resultats-sondages#article\",\"isPartOf\":{\"@id\":\"https:\/\/www.toutsurmesfinances.com\/vie-pratique\/a\/elections-legislatives-dates-candidats-resultats-sondages\"},\"author\":{\"name\":\"Loic Farge\",\"@id\":\"https:\/\/www.toutsurmesfinances.com\/vie-pratique\/#\/schema\/person\/441d2f49b49f36caada20af210ea82db\"},\"headline\":\"\u00c9lections l\u00e9gislatives anticip\u00e9es 2024 : dates, candidats, r\u00e9sultats, sondages\",\"dateModified\":\"2024-07-08T07:51:56+00:00\",\"mainEntityOfPage\":{\"@id\":\"https:\/\/www.toutsurmesfinances.com\/vie-pratique\/a\/elections-legislatives-dates-candidats-resultats-sondages\"},\"wordCount\":4530,\"publisher\":{\"@id\":\"https:\/\/www.toutsurmesfinances.com\/vie-pratique\/#organization\"},\"image\":{\"@id\":\"https:\/\/www.toutsurmesfinances.com\/vie-pratique\/a\/elections-legislatives-dates-candidats-resultats-sondages#primaryimage\"},\"thumbnailUrl\":\"https:\/\/www.toutsurmesfinances.com\/vie-pratique\/wp-content\/uploads\/sites\/9\/2022\/04\/legislatives-montage.png\",\"articleSection\":[\"Formalit\u00e9s\"],\"inLanguage\":\"fr-FR\"},{\"@type\":\"WebPage\",\"@id\":\"https:\/\/www.toutsurmesfinances.com\/vie-pratique\/a\/elections-legislatives-dates-candidats-resultats-sondages\",\"url\":\"https:\/\/www.toutsurmesfinances.com\/vie-pratique\/a\/elections-legislatives-dates-candidats-resultats-sondages\",\"name\":\"\u00c9lections l\u00e9gislatives anticip\u00e9es 2024 : dates, partis, candidats, sondages\",\"isPartOf\":{\"@id\":\"https:\/\/www.toutsurmesfinances.com\/vie-pratique\/#website\"},\"primaryImageOfPage\":{\"@id\":\"https:\/\/www.toutsurmesfinances.com\/vie-pratique\/a\/elections-legislatives-dates-candidats-resultats-sondages#primaryimage\"},\"image\":{\"@id\":\"https:\/\/www.toutsurmesfinances.com\/vie-pratique\/a\/elections-legislatives-dates-candidats-resultats-sondages#primaryimage\"},\"thumbnailUrl\":\"https:\/\/www.toutsurmesfinances.com\/vie-pratique\/wp-content\/uploads\/sites\/9\/2022\/04\/legislatives-montage.png\",\"dateModified\":\"2024-07-08T07:51:56+00:00\",\"description\":\"Tous les cinq ans, les Fran\u00e7ais sont invit\u00e9s \u00e0 voter lors des l\u00e9gislatives pour d\u00e9signer les 577 d\u00e9put\u00e9s qui les repr\u00e9sentent \u00e0 l'Assembl\u00e9e nationale.\",\"breadcrumb\":{\"@id\":\"https:\/\/www.toutsurmesfinances.com\/vie-pratique\/a\/elections-legislatives-dates-candidats-resultats-sondages#breadcrumb\"},\"inLanguage\":\"fr-FR\",\"potentialAction\":[{\"@type\":\"ReadAction\",\"target\":[\"https:\/\/www.toutsurmesfinances.com\/vie-pratique\/a\/elections-legislatives-dates-candidats-resultats-sondages\"]}]},{\"@type\":\"ImageObject\",\"inLanguage\":\"fr-FR\",\"@id\":\"https:\/\/www.toutsurmesfinances.com\/vie-pratique\/a\/elections-legislatives-dates-candidats-resultats-sondages#primaryimage\",\"url\":\"https:\/\/www.toutsurmesfinances.com\/vie-pratique\/wp-content\/uploads\/sites\/9\/2022\/04\/legislatives-montage.png\",\"contentUrl\":\"https:\/\/www.toutsurmesfinances.com\/vie-pratique\/wp-content\/uploads\/sites\/9\/2022\/04\/legislatives-montage.png\",\"width\":823,\"height\":463},{\"@type\":\"BreadcrumbList\",\"@id\":\"https:\/\/www.toutsurmesfinances.com\/vie-pratique\/a\/elections-legislatives-dates-candidats-resultats-sondages#breadcrumb\",\"itemListElement\":[{\"@type\":\"ListItem\",\"position\":1,\"name\":\"Accueil\",\"item\":\"https:\/\/www.toutsurmesfinances.com\/vie-pratique\/\"},{\"@type\":\"ListItem\",\"position\":2,\"name\":\"Formalit\u00e9s\",\"item\":\"https:\/\/www.toutsurmesfinances.com\/vie-pratique\/c\/formalites\"},{\"@type\":\"ListItem\",\"position\":3,\"name\":\"\u00c9lections l\u00e9gislatives anticip\u00e9es 2024 : dates, candidats, r\u00e9sultats, sondages\"}]},{\"@type\":\"WebSite\",\"@id\":\"https:\/\/www.toutsurmesfinances.com\/vie-pratique\/#website\",\"url\":\"https:\/\/www.toutsurmesfinances.com\/vie-pratique\/\",\"name\":\"Vie pratique\",\"description\":\"\",\"publisher\":{\"@id\":\"https:\/\/www.toutsurmesfinances.com\/vie-pratique\/#organization\"},\"potentialAction\":[{\"@type\":\"SearchAction\",\"target\":{\"@type\":\"EntryPoint\",\"urlTemplate\":\"https:\/\/www.toutsurmesfinances.com\/vie-pratique\/?s={search_term_string}\"},\"query-input\":{\"@type\":\"PropertyValueSpecification\",\"valueRequired\":true,\"valueName\":\"search_term_string\"}}],\"inLanguage\":\"fr-FR\"},{\"@type\":\"Organization\",\"@id\":\"https:\/\/www.toutsurmesfinances.com\/vie-pratique\/#organization\",\"name\":\"Tout Sur Mes Finances\",\"url\":\"https:\/\/www.toutsurmesfinances.com\/vie-pratique\/\",\"logo\":{\"@type\":\"ImageObject\",\"inLanguage\":\"fr-FR\",\"@id\":\"https:\/\/www.toutsurmesfinances.com\/vie-pratique\/#\/schema\/logo\/image\/\",\"url\":\"https:\/\/www.toutsurmesfinances.com\/vie-pratique\/wp-content\/uploads\/sites\/9\/2021\/01\/favicon.png\",\"contentUrl\":\"https:\/\/www.toutsurmesfinances.com\/vie-pratique\/wp-content\/uploads\/sites\/9\/2021\/01\/favicon.png\",\"width\":512,\"height\":512,\"caption\":\"Tout Sur Mes Finances\"},\"image\":{\"@id\":\"https:\/\/www.toutsurmesfinances.com\/vie-pratique\/#\/schema\/logo\/image\/\"},\"sameAs\":[\"https:\/\/x.com\/Toutsur\"]},{\"@type\":\"Person\",\"@id\":\"https:\/\/www.toutsurmesfinances.com\/vie-pratique\/#\/schema\/person\/441d2f49b49f36caada20af210ea82db\",\"name\":\"Loic Farge\",\"image\":{\"@type\":\"ImageObject\",\"inLanguage\":\"fr-FR\",\"@id\":\"https:\/\/www.toutsurmesfinances.com\/vie-pratique\/#\/schema\/person\/image\/\",\"url\":\"https:\/\/secure.gravatar.com\/avatar\/d6ba1a4c295f842490f4602774c31c1d?s=96&d=mm&r=g\",\"contentUrl\":\"https:\/\/secure.gravatar.com\/avatar\/d6ba1a4c295f842490f4602774c31c1d?s=96&d=mm&r=g\",\"caption\":\"Loic Farge\"},\"description\":\"Lo\u00efc Farge est journaliste sp\u00e9cialis\u00e9 en immobilier. Il travaille chez\u00a0ToutSurMesFinances.com\u00a0depuis pr\u00e8s de 10 ans. Il couvre l\u2019ensemble des th\u00e9matiques li\u00e9es \u00e0 l\u2019immobilier : march\u00e9, financement, r\u00e9glementation, fiscalit\u00e9 et investissement locatif.\",\"sameAs\":[\"https:\/\/www.toutsurmesfinances.com\/author\/loic\",\"https:\/\/www.linkedin.com\/in\/loc-farge-4b742725\/\"]}]}<\/script>\n<!-- \/ Yoast SEO plugin. -->","yoast_head_json":{"title":"\u00c9lections l\u00e9gislatives anticip\u00e9es 2024 : dates, partis, candidats, sondages","description":"Tous les cinq ans, les Fran\u00e7ais sont invit\u00e9s \u00e0 voter lors des l\u00e9gislatives pour d\u00e9signer les 577 d\u00e9put\u00e9s qui les repr\u00e9sentent \u00e0 l'Assembl\u00e9e nationale.","robots":{"index":"index","follow":"follow","max-snippet":"max-snippet:-1","max-image-preview":"max-image-preview:large","max-video-preview":"max-video-preview:-1"},"canonical":"https:\/\/www.toutsurmesfinances.com\/vie-pratique\/a\/elections-legislatives-dates-candidats-resultats-sondages","og_locale":"fr_FR","og_type":"article","og_title":"\u00c9lections l\u00e9gislatives anticip\u00e9es 2024 : dates, partis, candidats, sondages","og_description":"Tous les cinq ans, les Fran\u00e7ais sont invit\u00e9s \u00e0 voter lors des l\u00e9gislatives pour d\u00e9signer les 577 d\u00e9put\u00e9s qui les repr\u00e9sentent \u00e0 l'Assembl\u00e9e nationale.","og_url":"https:\/\/www.toutsurmesfinances.com\/vie-pratique\/a\/elections-legislatives-dates-candidats-resultats-sondages","og_site_name":"Vie pratique","article_published_time":"2022-04-28T10:24:24+00:00","article_modified_time":"2024-07-08T07:51:56+00:00","og_image":[{"width":823,"height":463,"url":"https:\/\/www.toutsurmesfinances.com\/vie-pratique\/wp-content\/uploads\/sites\/9\/2022\/04\/legislatives-montage.png","type":"image\/png"}],"author":"Loic Farge","twitter_card":"summary_large_image","twitter_creator":"@Toutsur","twitter_site":"@Toutsur","twitter_misc":{"\u00c9crit par":"Loic Farge","Dur\u00e9e de lecture estim\u00e9e":"22 minutes"},"schema":{"@context":"https:\/\/schema.org","@graph":[{"@type":"Article","@id":"https:\/\/www.toutsurmesfinances.com\/vie-pratique\/a\/elections-legislatives-dates-candidats-resultats-sondages#article","isPartOf":{"@id":"https:\/\/www.toutsurmesfinances.com\/vie-pratique\/a\/elections-legislatives-dates-candidats-resultats-sondages"},"author":{"name":"Loic Farge","@id":"https:\/\/www.toutsurmesfinances.com\/vie-pratique\/#\/schema\/person\/441d2f49b49f36caada20af210ea82db"},"headline":"\u00c9lections l\u00e9gislatives anticip\u00e9es 2024 : dates, candidats, r\u00e9sultats, sondages","dateModified":"2024-07-08T07:51:56+00:00","mainEntityOfPage":{"@id":"https:\/\/www.toutsurmesfinances.com\/vie-pratique\/a\/elections-legislatives-dates-candidats-resultats-sondages"},"wordCount":4530,"publisher":{"@id":"https:\/\/www.toutsurmesfinances.com\/vie-pratique\/#organization"},"image":{"@id":"https:\/\/www.toutsurmesfinances.com\/vie-pratique\/a\/elections-legislatives-dates-candidats-resultats-sondages#primaryimage"},"thumbnailUrl":"https:\/\/www.toutsurmesfinances.com\/vie-pratique\/wp-content\/uploads\/sites\/9\/2022\/04\/legislatives-montage.png","articleSection":["Formalit\u00e9s"],"inLanguage":"fr-FR"},{"@type":"WebPage","@id":"https:\/\/www.toutsurmesfinances.com\/vie-pratique\/a\/elections-legislatives-dates-candidats-resultats-sondages","url":"https:\/\/www.toutsurmesfinances.com\/vie-pratique\/a\/elections-legislatives-dates-candidats-resultats-sondages","name":"\u00c9lections l\u00e9gislatives anticip\u00e9es 2024 : dates, partis, candidats, sondages","isPartOf":{"@id":"https:\/\/www.toutsurmesfinances.com\/vie-pratique\/#website"},"primaryImageOfPage":{"@id":"https:\/\/www.toutsurmesfinances.com\/vie-pratique\/a\/elections-legislatives-dates-candidats-resultats-sondages#primaryimage"},"image":{"@id":"https:\/\/www.toutsurmesfinances.com\/vie-pratique\/a\/elections-legislatives-dates-candidats-resultats-sondages#primaryimage"},"thumbnailUrl":"https:\/\/www.toutsurmesfinances.com\/vie-pratique\/wp-content\/uploads\/sites\/9\/2022\/04\/legislatives-montage.png","dateModified":"2024-07-08T07:51:56+00:00","description":"Tous les cinq ans, les Fran\u00e7ais sont invit\u00e9s \u00e0 voter lors des l\u00e9gislatives pour d\u00e9signer les 577 d\u00e9put\u00e9s qui les repr\u00e9sentent \u00e0 l'Assembl\u00e9e nationale.","breadcrumb":{"@id":"https:\/\/www.toutsurmesfinances.com\/vie-pratique\/a\/elections-legislatives-dates-candidats-resultats-sondages#breadcrumb"},"inLanguage":"fr-FR","potentialAction":[{"@type":"ReadAction","target":["https:\/\/www.toutsurmesfinances.com\/vie-pratique\/a\/elections-legislatives-dates-candidats-resultats-sondages"]}]},{"@type":"ImageObject","inLanguage":"fr-FR","@id":"https:\/\/www.toutsurmesfinances.com\/vie-pratique\/a\/elections-legislatives-dates-candidats-resultats-sondages#primaryimage","url":"https:\/\/www.toutsurmesfinances.com\/vie-pratique\/wp-content\/uploads\/sites\/9\/2022\/04\/legislatives-montage.png","contentUrl":"https:\/\/www.toutsurmesfinances.com\/vie-pratique\/wp-content\/uploads\/sites\/9\/2022\/04\/legislatives-montage.png","width":823,"height":463},{"@type":"BreadcrumbList","@id":"https:\/\/www.toutsurmesfinances.com\/vie-pratique\/a\/elections-legislatives-dates-candidats-resultats-sondages#breadcrumb","itemListElement":[{"@type":"ListItem","position":1,"name":"Accueil","item":"https:\/\/www.toutsurmesfinances.com\/vie-pratique\/"},{"@type":"ListItem","position":2,"name":"Formalit\u00e9s","item":"https:\/\/www.toutsurmesfinances.com\/vie-pratique\/c\/formalites"},{"@type":"ListItem","position":3,"name":"\u00c9lections l\u00e9gislatives anticip\u00e9es 2024 : dates, candidats, r\u00e9sultats, sondages"}]},{"@type":"WebSite","@id":"https:\/\/www.toutsurmesfinances.com\/vie-pratique\/#website","url":"https:\/\/www.toutsurmesfinances.com\/vie-pratique\/","name":"Vie pratique","description":"","publisher":{"@id":"https:\/\/www.toutsurmesfinances.com\/vie-pratique\/#organization"},"potentialAction":[{"@type":"SearchAction","target":{"@type":"EntryPoint","urlTemplate":"https:\/\/www.toutsurmesfinances.com\/vie-pratique\/?s={search_term_string}"},"query-input":{"@type":"PropertyValueSpecification","valueRequired":true,"valueName":"search_term_string"}}],"inLanguage":"fr-FR"},{"@type":"Organization","@id":"https:\/\/www.toutsurmesfinances.com\/vie-pratique\/#organization","name":"Tout Sur Mes Finances","url":"https:\/\/www.toutsurmesfinances.com\/vie-pratique\/","logo":{"@type":"ImageObject","inLanguage":"fr-FR","@id":"https:\/\/www.toutsurmesfinances.com\/vie-pratique\/#\/schema\/logo\/image\/","url":"https:\/\/www.toutsurmesfinances.com\/vie-pratique\/wp-content\/uploads\/sites\/9\/2021\/01\/favicon.png","contentUrl":"https:\/\/www.toutsurmesfinances.com\/vie-pratique\/wp-content\/uploads\/sites\/9\/2021\/01\/favicon.png","width":512,"height":512,"caption":"Tout Sur Mes Finances"},"image":{"@id":"https:\/\/www.toutsurmesfinances.com\/vie-pratique\/#\/schema\/logo\/image\/"},"sameAs":["https:\/\/x.com\/Toutsur"]},{"@type":"Person","@id":"https:\/\/www.toutsurmesfinances.com\/vie-pratique\/#\/schema\/person\/441d2f49b49f36caada20af210ea82db","name":"Loic Farge","image":{"@type":"ImageObject","inLanguage":"fr-FR","@id":"https:\/\/www.toutsurmesfinances.com\/vie-pratique\/#\/schema\/person\/image\/","url":"https:\/\/secure.gravatar.com\/avatar\/d6ba1a4c295f842490f4602774c31c1d?s=96&d=mm&r=g","contentUrl":"https:\/\/secure.gravatar.com\/avatar\/d6ba1a4c295f842490f4602774c31c1d?s=96&d=mm&r=g","caption":"Loic Farge"},"description":"Lo\u00efc Farge est journaliste sp\u00e9cialis\u00e9 en immobilier. Il travaille chez\u00a0ToutSurMesFinances.com\u00a0depuis pr\u00e8s de 10 ans. Il couvre l\u2019ensemble des th\u00e9matiques li\u00e9es \u00e0 l\u2019immobilier : march\u00e9, financement, r\u00e9glementation, fiscalit\u00e9 et investissement locatif.","sameAs":["https:\/\/www.toutsurmesfinances.com\/author\/loic","https:\/\/www.linkedin.com\/in\/loc-farge-4b742725\/"]}]}},"_links":{"self":[{"href":"https:\/\/www.toutsurmesfinances.com\/vie-pratique\/wp-json\/wp\/v2\/posts\/9176","targetHints":{"allow":["GET"]}}],"collection":[{"href":"https:\/\/www.toutsurmesfinances.com\/vie-pratique\/wp-json\/wp\/v2\/posts"}],"about":[{"href":"https:\/\/www.toutsurmesfinances.com\/vie-pratique\/wp-json\/wp\/v2\/types\/post"}],"author":[{"embeddable":true,"href":"https:\/\/www.toutsurmesfinances.com\/vie-pratique\/wp-json\/wp\/v2\/users\/13719"}],"replies":[{"embeddable":true,"href":"https:\/\/www.toutsurmesfinances.com\/vie-pratique\/wp-json\/wp\/v2\/comments?post=9176"}],"version-history":[{"count":3,"href":"https:\/\/www.toutsurmesfinances.com\/vie-pratique\/wp-json\/wp\/v2\/posts\/9176\/revisions"}],"predecessor-version":[{"id":10879,"href":"https:\/\/www.toutsurmesfinances.com\/vie-pratique\/wp-json\/wp\/v2\/posts\/9176\/revisions\/10879"}],"wp:featuredmedia":[{"embeddable":true,"href":"https:\/\/www.toutsurmesfinances.com\/vie-pratique\/wp-json\/wp\/v2\/media\/9186"}],"wp:attachment":[{"href":"https:\/\/www.toutsurmesfinances.com\/vie-pratique\/wp-json\/wp\/v2\/media?parent=9176"}],"wp:term":[{"taxonomy":"category","embeddable":true,"href":"https:\/\/www.toutsurmesfinances.com\/vie-pratique\/wp-json\/wp\/v2\/categories?post=9176"},{"taxonomy":"post_tag","embeddable":true,"href":"https:\/\/www.toutsurmesfinances.com\/vie-pratique\/wp-json\/wp\/v2\/tags?post=9176"}],"curies":[{"name":"wp","href":"https:\/\/api.w.org\/{rel}","templated":true}]}}