{"id":9650,"date":"2022-11-17T17:02:26","date_gmt":"2022-11-17T16:02:26","guid":{"rendered":"https:\/\/www.toutsurmesfinances.com\/vie-pratique\/?p=9650"},"modified":"2023-11-20T12:02:06","modified_gmt":"2023-11-20T11:02:06","slug":"coupure-de-courant-ou-delestage-cet-hiver","status":"publish","type":"post","link":"https:\/\/www.toutsurmesfinances.com\/vie-pratique\/a\/coupure-de-courant-ou-delestage-cet-hiver","title":{"rendered":"Coupure de courant ou d\u00e9lestage cet hiver 2023-2024 en France : risque, d\u00e9roulement, explications"},"content":{"rendered":"<h2><span class=\"ez-toc-section\" id=\"Quel_risque_de_coupure_delectricite_en_France_pour_lhiver_2023-2024\"><\/span>Quel risque de coupure d\u2019\u00e9lectricit\u00e9 en France pour l\u2019hiver 2023-2024 ?<span class=\"ez-toc-section-end\"><\/span><\/h2>\n<h3>Y a-t-il des pr\u00e9visions de coupure et, si oui, quand sont-elles pr\u00e9vues ?<\/h3>\n<p>Le <strong>risque de coupures programm\u00e9es sur le r\u00e9seau \u00e9lectrique, pour l\u2019hiver 2023-2024, est faible<\/strong>.<\/p>\n<p><strong>Les pr\u00e9visions de coupures sont communiqu\u00e9es la veille,<\/strong> sachant qu&rsquo;au dernier moment, ces coupures peuvent ne pas se produire s&rsquo;il fait un peu plus chaud que pr\u00e9vu et si la mobilisation des particuliers, des entreprises et des administrations publiques au travers des \u00e9cogestes est au rendez-vous. Les pr\u00e9visions de coupures interviennent apr\u00e8s l&rsquo;\u00e9mission d&rsquo;un signal Ecowatt rouge (voir les explications sur les signaux Ecowatt plus loin dans cet article).<\/p>\n<p>Pour l&rsquo;heure, les signaux Ecowatt sont au vert pour les jours \u00e0 venir, ce qui signifie qu&rsquo;il n&rsquo;y a aucun risque de coupure programm\u00e9e \u00e0 court terme. Selon RTE, l\u2019entreprise gestionnaire du r\u00e9seau d\u2019\u00e9lectricit\u00e9 en France, charg\u00e9e d\u2019assurer l\u2019\u00e9quilibre entre l\u2019offre et la demande de courant, la situation se pr\u00e9sente mieux que l&rsquo;hiver dernier, ce qui laisse supposer que probabilit\u00e9 de recours au signal Ecowatt rouge est tr\u00e8s faible pour cet hiver, gr\u00e2ce aux efforts de sobri\u00e9t\u00e9 des Fran\u00e7ais, sachant qu&rsquo;aucun signal n&rsquo;a \u00e9t\u00e9 \u00e9mis l&rsquo;hiver dernier alors que la situation en mati\u00e8re d&rsquo;approvisionnement \u00e9nerg\u00e9tique du pays \u00e9tait beaucoup plus probl\u00e9matique.<\/p>\n<p>En effet, la consommation d&rsquo;\u00e9lectricit\u00e9 est en baisse de 8% en septembre 2023, par rapport \u00e0 la moyenne 2014-2019.<\/p>\n<p>Dans son analyse publi\u00e9e le 8 novembre, <strong>RTE a fix\u00e9 le niveau de risque \u00e0 1\/5 pour le mois de novembre et \u00e0 2\/5 pour le reste de l&rsquo;hiver. <\/strong>La probabilit\u00e9 d\u2019activation du signal Ecowatt rouge pour l&rsquo;hiver n&rsquo;est m\u00eame pas \u00e9voqu\u00e9e, l&rsquo;hypoth\u00e8se de devoir recourir \u00e0 des coupures partielles et programm\u00e9es appara\u00eet faible.<\/p>\n<p>Dans ces conditions, on peut \u00e0 ce stade exclure le risque d\u2019un \u00ab black-out \u00bb, d\u2019une coupure g\u00e9n\u00e9rale d&rsquo;\u00e9lectricit\u00e9 pour tous les Fran\u00e7ais, qui serait synonyme \u00ab d\u2019\u00e9croulement \u00bb, de perte de contr\u00f4le du syst\u00e8me \u00e9lectrique et de paralysie du pays.<\/p>\n<h3>Sur quels crit\u00e8res interviendraient ces coupures ?<\/h3>\n<p>Les coupures d\u2019\u00e9lectricit\u00e9 pour les m\u00e9nages seraient susceptible de survenir cet hiver en cas de d\u00e9s\u00e9quilibre entre l\u2019offre et la demande d\u2019\u00e9lectricit\u00e9, dans une configuration combinant les \u00e9v\u00e9nements suivants :<\/p>\n<ul>\n<li>diminution impr\u00e9vue de la disponibilot\u00e9 des r\u00e9acteurs nucl\u00e9aires d&rsquo;EDF<\/li>\n<li>hiver tr\u00e8s froid ou vague de froid exceptionnelle<\/li>\n<li>insuffisance des imports issus du r\u00e9seau \u00e9lectrique des pays voisins<\/li>\n<li>trois jours apr\u00e8s l\u2019\u00e9mission d\u2019un signal Ecowatt rouge<\/li>\n<li>retournement de la situation sur le front de la sobri\u00e9t\u00e9 alors que mesures permettant de <a href=\"https:\/\/www.toutsurmesfinances.com\/vie-pratique\/a\/les-astuces-pour-faire-des-economies-delectricite-a-domicile\">limiter la consommation d\u2019\u00e9lectricit\u00e9 <\/a>semblent porter leurs fruits<\/li>\n<\/ul>\n<p>Or le cumul de ces al\u00e9as d\u00e9favorables n&rsquo;est pas \u00e0 l&rsquo;ordre du jour.<\/p>\n<p>La configuration m\u00e9t\u00e9orologique apparait comme l\u2019un des d\u00e9terminants majeurs de la demande d\u2019\u00e9lectricit\u00e9. Or selon les tendances \u00e0 trois mois publi\u00e9es le 27 octobre par M\u00e9t\u00e9o France, correspondant \u00e0 la p\u00e9riode courant de novembre 2023 \u00e0 janvier 2024, le sc\u00e9nario le plus probable pour le trimestre est le <em>\u00ab passage de perturbations atlantiques, plus fr\u00e9quentes que la normale sur l\u2019ouest de l\u2019Europe \u00bb<\/em>, conduisant \u00e0 <em>\u00ab des temp\u00e9ratures plus chaudes que la normale sur toutes les r\u00e9gions \u00bb<\/em> de France m\u00e9tropolitaine. Les probabilit\u00e9s de sc\u00e9nario de temp\u00e9ratures affich\u00e9es par M\u00e9t\u00e9o France sont les suivantes :<\/p>\n<ul>\n<li>sc\u00e9nario le plus probable (50%) : temp\u00e9ratures plus chaudes que les normales de saison<\/li>\n<li>30% de chances de conna\u00eetre un hiver conforme aux normales de saison<\/li>\n<li>une chance sur cinq (20%) d\u2019\u00e9prouver un hiver plus froid que les normales de saison<\/li>\n<\/ul>\n<p>Pour rappel, les coupures constituent un ultime recours, le dernier niveau des mesures de sauvegarde pour faire face \u00e0 une p\u00e9nurie d\u2019\u00e9lectricit\u00e9. En d\u2019autres termes,<strong> les coupures locales et limit\u00e9es dans le temps sont une extr\u00e9mit\u00e9 envisag\u00e9e, mais la probabilit\u00e9 qu\u2019elles se produisent est encore plus faible qu&rsquo;au cours de l&rsquo;hiver 2022-2023<\/strong>.<\/p>\n<h2><span class=\"ez-toc-section\" id=\"Delestage_electrique_coupures_delectricite_definition_et_principe\"><\/span>D\u00e9lestage \u00e9lectrique \/ coupures d\u2019\u00e9lectricit\u00e9 : d\u00e9finition et principe<span class=\"ez-toc-section-end\"><\/span><\/h2>\n<h3>D\u00e9lestage \u00e9lectrique : le principe<\/h3>\n<p>La \u00ab proc\u00e9dure de d\u00e9lestage \u00bb consiste \u00e0 proc\u00e9der \u00e0 des coupures programm\u00e9es, temporaires et localis\u00e9es de l\u2019alimentation \u00e9lectrique d&rsquo;une partie des consommateurs, pour \u00e9viter le black-out du r\u00e9seau \u00e9lectrique fran\u00e7ais.<\/p>\n<p>Le d\u00e9lestage est une mesure pr\u00e9ventive permettant d\u2019\u00e9viter le risque de black-out. C&rsquo;est l\u2019ultime moyen de sauvegarde mis en \u0153uvre pour \u00e9quilibrer l\u2019offre et la demande d\u2019\u00e9lectricit\u00e9, en cas d\u2019effet insuffisant des autres dispositions d\u2019urgence prises au pr\u00e9alable (voir rubrique \u00ab\u00a0Les mesures prises pour \u00e9viter les coupures\u00a0\u00bb).<\/p>\n<h3>Coupures d\u2019\u00e9lectricit\u00e9 programm\u00e9es : fonctionnement<\/h3>\n<p><strong>Le d\u00e9lestage consiste \u00e0 couper volontairement, de fa\u00e7on organis\u00e9e et programm\u00e9e, le courant dans une portion de chaque d\u00e9partement de France m\u00e9tropolitaine, pour une dur\u00e9e limit\u00e9e (2 heures maximum)<\/strong>, en \u00e9pargnant les usagers prioritaires arr\u00eat\u00e9s par chaque pr\u00e9fet de d\u00e9partement.<\/p>\n<p>Le d\u00e9lestage est op\u00e9r\u00e9 par Enedis, gestionnaire du r\u00e9seau de distribution sur 95% du territoire, et par les entreprises locales de distribution d&rsquo;\u00e9lectricit\u00e9 (ELD) pour les 5% du territoire restants, qui proc\u00e8dent \u00e0 des coupures temporaires de certains consommateurs.<\/p>\n<p>Autrement dit, un d\u00e9lestage ne concerne pas tout le territoire simultan\u00e9ment (un faible pourcentage) ni tous les foyers en m\u00eame temps. On parle de d\u00e9lestage tournant car un secteur ne pourra pas subir deux d\u00e9lestage successifs.<\/p>\n<p>Les \u00e9ventuelles coupures programm\u00e9es <em>\u00ab ne devraient pas concerner plus de 4 millions de clients simultan\u00e9ment \u00bb<\/em>, d&rsquo;apr\u00e8s la circulaire adress\u00e9e le 30 novembre 2022 par la Premi\u00e8re ministre aux pr\u00e9fets.<\/p>\n<h3>Proc\u00e9dure de mise en \u0153uvre des coupures programm\u00e9es \u00e9tape par \u00e9tape<\/h3>\n<p>La proc\u00e9dure de mise en \u0153uvre et d\u2019information des coupures programm\u00e9es est la suivante :<\/p>\n<ul>\n<li>\u00e0 J-3 : annonce par RTE et le minist\u00e8re de la transition \u00e9cologique d\u2019une vigilance renforc\u00e9e, de la possibilit\u00e9 d\u2019un recours au d\u00e9lestage, campagne d\u2019information par les pouvoirs publics, envoi des notifications de pr\u00e9-alerte aux utilisateurs de l\u2019application Ecowatt, information particuli\u00e8re aux patients \u00e0 haut risque vital (PHRV) ou \u00e0 leurs repr\u00e9sentants<\/li>\n<li>\u00e0 J-2 : confirmation par RTE de la pr\u00e9vision d&rsquo;un signal Ecowatt rouge<\/li>\n<li>\u00e0 J-1, vers 15 heures : confirmation par RTE et Enedis de la possibilit\u00e9 de coupures le lendemain, communiqu\u00e9 de presse de RTE et Enedis comprenant la carte des d\u00e9partements potentiellement concern\u00e9s, actualisation de la carte des d\u00e9partements concern\u00e9s sur le site Monecowatt.fr<br \/>\nrelance faite aux patients \u00e0 haut risque vital (PHRV) ou \u00e0 leurs repr\u00e9sentants (visite d&rsquo;Enedis \u00e0 domicile en l&rsquo;absence de r\u00e9ponse)<\/li>\n<li>\u00e0 J-1, vers 17 heures : mise en ligne des adresses concern\u00e9es sur le site Internet coupures temporaires d&rsquo;Enedis<\/li>\n<li>\u00e0 J-1, vers 21h30 : actualisation par Enedis des zones g\u00e9ographiques, liste des communes et arrondissements concern\u00e9s par les coupures temporaires<\/li>\n<li>le jour J : envoi des alertes aux utilisateurs de l\u2019application Ecowatt quelques heures avant la survenance d\u2019un cr\u00e9neau rouge, activation des coupures par les 30 agences r\u00e9gionales d\u2019Enedis par tranches de 2 heures maximum par client<\/li>\n<\/ul>\n<h2><span class=\"ez-toc-section\" id=\"Coupure_de_la_chauffe_des_ballons_deau_chaude_du_4_novembre_2023_au_1er_avril_2024\"><\/span>Coupure de la chauffe des ballons d\u2019eau chaude du 4 novembre 2023 au 1er avril 2024<span class=\"ez-toc-section-end\"><\/span><\/h2>\n<p>Comme au cours de l&rsquo;hiver dernier, depuis le 4 novembre et jusqu\u2019au 1er avril 2024, les 4,2 millions de particuliers ayant souscrit \u00e0 un tarif \u00ab heures pleines\/heures creuses \u00bb (HP\/HC) dont une partie des heures creuses se situent dans une plage horaire comprise entre 12 et 14 heures, font l\u2019objet d\u2019un \u00ab d\u00e9calage de chauffe \u00bb des ballons d\u2019eau chaude, sans action individuelle de leur part. Les chauffe-eau ne sont ainsi pas actionn\u00e9s durant cette plage des heures creuses dites m\u00e9ridiennes : la production d\u2019eau-chaude sanitaire est report\u00e9e pendant la plage nocturne du tarif HP\/HC, entre 22 heures et 6 heures du matin. Cette mesure a \u00e9t\u00e9 prise en application d&rsquo;un arr\u00eat\u00e9 minist\u00e9riel du 6 septembre 2023.<\/p>\n<p>Le gestionnaire du r\u00e9seau de distribution d\u2019\u00e9lectricit\u00e9 pr\u00e9cise que cette mesure sera sans effet ni <em>\u00ab sur le confort des clients, ni sur leur facture \u00bb<\/em>. En outre, un client peut \u00ab en cas de n\u00e9cessit\u00e9 \u00bb, s\u2019il le souhaite, \u00ab enclencher manuellement le ballon d\u2019eau chaude entre 12 heures et 14 heures \u00bb.<\/p>\n<p>Cette mesure vise \u00e0 diminuer le pic de consommation \u00e9lectrique \u00e0 l\u2019heure du d\u00e9jeuner. Selon Enedis, ce dispositif de d\u00e9calage durant la nuit permet d\u2019\u00e9conomiser l\u2019\u00e9quivalent de 2,5 gigawatts, soit l\u2019\u00e9quivalent de la consommation de Paris.<\/p>\n<p>Pour rappel, les pics de consommation quotidienne se situent entre 8 et 13 heures le matin et entre 18 et 20 heures le soir.<\/p>\n<h2><span class=\"ez-toc-section\" id=\"Qui_serait_concerne_par_une_coupure_delectricite_qui_y_echappe\"><\/span>Qui serait concern\u00e9 par une coupure d\u2019\u00e9lectricit\u00e9, qui y \u00e9chappe ?<span class=\"ez-toc-section-end\"><\/span><\/h2>\n<h3>Les particuliers concern\u00e9s par les coupures programm\u00e9es<\/h3>\n<p>En cas de recours au dispositif de d\u00e9lestage, <strong>tous les particuliers seront potentiellement concern\u00e9s par les coupures<\/strong>, \u00e0 l\u2019exception des abonn\u00e9s d\u00e9pendant des lignes \u00e9lectriques servant \u00e0 alimenter les abonn\u00e9s prioritaires (h\u00f4pitaux, forces de l\u2019ordre, prisons), qui ne seront pas soumis aux d\u00e9lestages.<\/p>\n<p>Selon le gouvernement, environ 40% des Fran\u00e7ais se trouvent sur des lignes alimentant des sites prioritaires et \u00e9chapperont ainsi aux coupures. <strong>60% des foyers sont donc potentiellement concern\u00e9s par les d\u00e9lestages<\/strong>.<\/p>\n<p>Le fait de disposer ou non d&rsquo;un compteur Linky n&rsquo;a aucune influence : m\u00eame en ayant conserv\u00e9 un ancien compteur, on peut \u00eatre concern\u00e9 par une coupure programm\u00e9e.<\/p>\n<p><strong>Les particuliers ne sont, en principe, pas \u00e9ligibles aux listes des usagers prioritaires<\/strong>.<\/p>\n<h3>Les entreprises, infrastructures et institutions concern\u00e9s<\/h3>\n<p>Une liste des usagers prioritaires, \u00e9chappant aux d\u00e9lestages programm\u00e9s, est arr\u00eat\u00e9e par chaque pr\u00e9fet de d\u00e9partement. La liste est \u00e9tablie en application d&rsquo;un arr\u00eat\u00e9 du 5 juillet 1990.<\/p>\n<p>Cet arr\u00eat\u00e9 fixant les consignes g\u00e9n\u00e9rales de d\u00e9lestages en France pr\u00e9voit de maintenir l&rsquo;alimentation en \u00e9nergie \u00e9lectrique aux cat\u00e9gories d\u2019usagers suivantes :<\/p>\n<ul>\n<li>h\u00f4pitaux, cliniques et laboratoires<\/li>\n<li>installations de signalisation et d&rsquo;\u00e9clairage de la voie publique <em>\u00ab jug\u00e9es indispensables \u00e0 la s\u00e9curit\u00e9 \u00bb<\/em><\/li>\n<li>certaines installations industrielles,<em> \u00ab particuli\u00e8rement celles d&rsquo;entre elles qui int\u00e9ressent la d\u00e9fense nationale \u00bb<\/em>.<\/li>\n<\/ul>\n<p>La liste des usagers prioritaires et les consommateurs se trouvant sur la m\u00eame ligne \u00e9lectrique ne doivent pas totalis\u00e9 plus de 38% de la consommation d\u2019\u00e9lectricit\u00e9 par d\u00e9partement.<\/p>\n<p>Pour des raisons de confidentialit\u00e9 et de s\u00e9curit\u00e9 nationale, la liste des usag\u00e9s prioritaires n&rsquo;est pas rendue publique. On peut tout de m\u00eame citer, parmi les usagers prioritaires, les sites et infrastructures suivants :<\/p>\n<ul>\n<li>les services d\u2019urgence<\/li>\n<li>les services d\u00e9partementaux d\u2019incendie et de secours (SDIS)<\/li>\n<li>\u00a0les commissariats de police<\/li>\n<li>les brigades de gendarmerie<\/li>\n<li>les centres p\u00e9nitentiaires<\/li>\n<li>les sites indispensables \u00e0 la gestion du r\u00e9seau \u00e9lectrique (centres de crise d\u2019EDF, de RTE, d\u2019Enedis).<\/li>\n<\/ul>\n<p>La plupart des entreprises seront donc concern\u00e9es par les d\u00e9lestages, sauf si elles se situent sur la ligne de courant alimentant un abonn\u00e9 prioritaire. Les entreprises ayant les moyens ont pris les devant en investissant dans des groupes \u00e9lectrog\u00e8nes, pour prendre le relais et alimenter leurs sites en \u00e9lectricit\u00e9 le temps d&rsquo;un d\u00e9lestage.<\/p>\n<p>Le gouvernement a indiqu\u00e9, le 30 novembre, que les institutions et infrastructures suivantes seraient potentiellement concern\u00e9es par les coupures :<\/p>\n<ul>\n<li>\u00e9tablissements scolaires<\/li>\n<li>universit\u00e9s<\/li>\n<li>\u00e9clairage public<\/li>\n<\/ul>\n<p>S&rsquo;agissant des \u00e9coles, le gouvernement recommande une fermeture de celles-ci en cas de d\u00e9lestage le lendemain matin pour des raisons de confort et de s\u00e9curit\u00e9 (absence de chauffage et de syst\u00e8me d&rsquo;alarme fonctionnels).<\/p>\n<h3>PHRV\u00a0: dispositif particulier d\u2019information en cas de coupure pour certains malades<\/h3>\n<p>Certains malades hospitalis\u00e9s \u00e0 domicile b\u00e9n\u00e9ficient d\u2019un service d&rsquo;information particulier en cas de coupure de courant, lorsqu\u2019ils ont le statut de <strong>patient ou malade \u00e0 haut risque vital (PHRV ou MHRV)<\/strong> et qu\u2019ils sont identifi\u00e9s comme tel par Enedis. Ils ne sont, en revanche, <strong>pas exclus des plans de d\u00e9lestage pr\u00e9vus par RTE<\/strong>.<\/p>\n<p>Autrement dit, ces personnes sont potentiellement soumises au risque de coupure comme tout autre usager, mais b\u00e9n\u00e9ficient d\u2019un dispositif de communication sp\u00e9cifique en cas d\u2019\u00e9mission d\u2019un signal Ecowatt rouge, synonyme de forte tension sur l\u2019approvisionnement en \u00e9lectricit\u00e9.<\/p>\n<p>Le statut PHRV permet, en cas de coupure programm\u00e9e, d\u2019\u00eatre pr\u00e9venu par courrier 3 \u00e0 5 jours \u00e0 l&rsquo;avance de la date et de l\u2019heure pr\u00e9visionnelles de la coupure, permettant au malade ou \u00e0 ses proches de s\u2019organiser. A J-1, chaque patient PHRV est de nouveau contact\u00e9. En l&rsquo;absence de r\u00e9ponse, un salari\u00e9 Enedis se rend sur place pour informer le patient.<\/p>\n<p>Il est alors essentiel de disposer d\u2019un appareil autonome d\u2019alimentation en \u00e9lectricit\u00e9 (groupe \u00e9lectrog\u00e8ne, batteries par exemple) pour faire fonctionner l\u2019appareillage pendant la coupure. Les pr\u00e9fets ont pour consigne d&rsquo;assurer, sur indication de l\u2019Agence r\u00e9gionale de sant\u00e9 (ARS), <em>\u00ab l\u2019organisation des \u00e9ventuels d\u00e9placements de ces personnes \u00bb<\/em>.<\/p>\n<p>Entrent dans cette cat\u00e9gorie :<\/p>\n<ul>\n<li>les patients sous respirateur artificiel ayant une autonomie inf\u00e9rieure ou \u00e9gale \u00e0 quatre heures par jour (sous respirateur plus de 20 heures par jour)<\/li>\n<li>les enfants sous nutrition parent\u00e9rale (aliment\u00e9s par voie intraveineuse)<\/li>\n<\/ul>\n<p>Selon le gouvernement, 3805 PHRV \u00e9taient recens\u00e9s au 8 novembre dernier, selon le gouvernement.<\/p>\n<p>Pour b\u00e9n\u00e9ficier du statut PHRV, le patient ou son repr\u00e9sentant l\u00e9gal doit effectuer chaque ann\u00e9e les d\u00e9marches suivantes :<\/p>\n<ul>\n<li>\u00eatre diagnostiqu\u00e9 comme tel par un professionnel de sant\u00e9<\/li>\n<li>faire une demande en remplissant le formulaire Cerfa \u00ab Demande d\u2019information particuli\u00e8re en cas de coupure de courant \u00e9lectrique \u00bb n\u00b010401*02<\/li>\n<li>faire remplir un certificat m\u00e9dical sp\u00e9cifique par son m\u00e9decin traitant<\/li>\n<li>envoyer le formulaire et le certificat \u00e0 l\u2019Agence r\u00e9gionale de sant\u00e9 (ARS) par e-mail ou par courrier<\/li>\n<\/ul>\n<p>La demande doit \u00eatre renouvel\u00e9e chaque ann\u00e9e.<\/p>\n<h2><span class=\"ez-toc-section\" id=\"Deroulement_et_duree_dun_plan_de_delestage_electrique\"><\/span>D\u00e9roulement et dur\u00e9e d\u2019un plan de d\u00e9lestage \u00e9lectrique<span class=\"ez-toc-section-end\"><\/span><\/h2>\n<h3>\u00c0 quelles heures les coupures d\u2019\u00e9lectricit\u00e9 peuvent-elles intervenir ?<\/h3>\n<p>Si elles doivent se produire, <strong>les coupures d\u2019\u00e9lectricit\u00e9 interviendraient<\/strong> en p\u00e9riode de pointe de consommation aux horaires suivants :<\/p>\n<ul>\n<li><strong>le matin entre 8 et 13 heures<\/strong><\/li>\n<li><strong>le soir entre 18 et 20 heures<\/strong><\/li>\n<li>tr\u00e8s rarement le soir apr\u00e8s 20 heures<\/li>\n<li>jamais la nuit, <em>\u00ab sauf situation exceptionnelle \u00bb<\/em><\/li>\n<li><strong>jamais le week-end<\/strong><\/li>\n<\/ul>\n<p>Les coupures programm\u00e9es doivent se d\u00e9rouler par tranches de deux heures maximum par foyer.<\/p>\n<p>C&rsquo;est donc en dehors des tranches horaires 8-13 heures et 18-20 heures qu&rsquo;il faut, autant que possible, reporter l&rsquo;usage des appareils \u00e9lectriques les plus \u00e9nergivores, tels que, en cuisine, le four \u00e9lectrique, les plaques de cuisson, les bouilloires ou les grille-pain.<\/p>\n<h3>Quels sont les zones ou d\u00e9partements qui peuvent \u00eatre coup\u00e9s ?<\/h3>\n<p>Les coupures n&rsquo;interviendraient pas sur tout le territoire fran\u00e7ais simultan\u00e9ment.<\/p>\n<p>Les plans de d\u00e9lestage pr\u00e9voient des coupures programm\u00e9es :<\/p>\n<ul>\n<li>dans un nombre plus ou moins important de d\u00e9partements selon l&rsquo;ampleur des besoins<\/li>\n<li>dans des zones \u00ab non contigu\u00ebs \u00bb d&rsquo;un m\u00eame d\u00e9partement, par petites poches de 2.000 clients en moyenne (particuliers et professionnels) aliment\u00e9s par une m\u00eame ligne \u00e9lectrique<\/li>\n<li>\u00e0 l&rsquo;exclusion des lignes \u00e9lectriques alimentant les sites et clients prioritaires, arr\u00eat\u00e9s par les pr\u00e9fets de d\u00e9partements<\/li>\n<\/ul>\n<p>Selon la densit\u00e9 de clients connect\u00e9s \u00e0 la ligne, la coupure simultan\u00e9ment peut concerner un quartier, une commune enti\u00e8re ou plusieurs communes.<\/p>\n<p>On parle de coupures tournantes car une zone concern\u00e9e par une coupure programm\u00e9e ne pourra pas \u00eatre de nouveau vis\u00e9e par la coupure suivante. Un maximum de 4 millions de clients devraient \u00eatre concern\u00e9s en m\u00eame temps par un d\u00e9lestage, selon une circulaire adress\u00e9e par la Premi\u00e8re ministre aux pr\u00e9fets le 30 novembre 2022 pour organiser les \u00e9ventuelles coupures.<\/p>\n<p><strong>La Corse n&rsquo;est pas concern\u00e9e par les d\u00e9lestages<\/strong>, car elle dispose de son propre outil de production d&rsquo;\u00e9lectricit\u00e9 et est reli\u00e9e au r\u00e9seau \u00e9lectrique italien.<\/p>\n<p>Les zones situ\u00e9es sur des lignes \u00e9lectriques servant \u00e0 alimenter en courant des sites prioritaires ne seront pas concern\u00e9es par les coupures programm\u00e9es. Ces zones repr\u00e9sentent environ 40% des foyers, selon le gouvernement.<\/p>\n<h3>Faut-il relancer son disjoncteur apr\u00e8s une coupure ?<\/h3>\n<p>Les coupures actionn\u00e9es par les techniciens d&rsquo;Enedis sur 95% du territoire ou des Entreprises locales de distribution (ELD) sur les 5% restant, le seront au d\u00e9part des lignes sur le r\u00e9seau \u00e9lectrique moyenne tension et non compteur par compteur.<\/p>\n<p>Il n&rsquo;est donc pas n\u00e9cessaire de relancer son disjoncteur en position\u202fMarche (ou \u00ab I \u00bb), la remise en service intervenant \u00e0 l&rsquo;\u00e9chelle de la ligne \u00e9lectrique (et donc d&rsquo;un quartier entier ou de plusieurs communes en zone rurale).<\/p>\n<h2><span class=\"ez-toc-section\" id=\"Comment_etre_informe_en_cas_de_coupure\"><\/span>Comment \u00eatre inform\u00e9 en cas de coupure ?<span class=\"ez-toc-section-end\"><\/span><\/h2>\n<p>Pour savoir si on est potentiellement concern\u00e9 par un d\u00e9lestage, il existe plusieurs moyens :<\/p>\n<ul>\n<li>s&rsquo;inscrire \u00e0 l&rsquo;alerte vigilance coupure par SMS sur <a href=\"https:\/\/www.monecowatt.fr\/\" target=\"_blank\" rel=\"nofollow noopener noreferrer\">Monecowatt.fr<\/a><\/li>\n<li>t\u00e9l\u00e9charger l\u2019application mobile Ecowatt sur Google Play (Android) ou l\u2019App Store (Apple) et accepter les notifications d\u2019alerte<\/li>\n<li>saisir son adresse sur le site <a href=\"https:\/\/coupures-temporaires.enedis.fr\/\" target=\"_blank\" rel=\"nofollow noopener noreferrer\">\u00ab coupures-temporaires \u00bb d&rsquo;Enedis<\/a><\/li>\n<li>suivre les radios et cha\u00eenes d&rsquo;information<\/li>\n<li>sortir de chez soi pour v\u00e9rifier si le voisinage est \u00e9galement priv\u00e9 d\u2019\u00e9lectricit\u00e9<\/li>\n<\/ul>\n<p>La veille d&rsquo;une potentielle coupure, tout abonn\u00e9 pourra se rendre sur le site Internet d&rsquo;Enedis pour savoir s&rsquo;il est concern\u00e9 ou pas par le d\u00e9lestage.<\/p>\n<p>Les personnes ne disposant pas de connexion \u00e0 Internet peuvent appeler Enedis au <span id=\"page1R_mcid42\" class=\"markedContent\"><span dir=\"ltr\" role=\"presentation\">09 70 82 00 70<\/span><\/span><span id=\"page1R_mcid43\" class=\"markedContent\"><\/span><span id=\"page1R_mcid44\" class=\"markedContent\"> <span dir=\"ltr\" role=\"presentation\">(serveur vocal interactif).<\/span><\/span><\/p>\n<h2><span class=\"ez-toc-section\" id=\"Ecowatt_rouge_orange_vert_suivi_de_lalimentation_en_electricite_en_France\"><\/span>Ecowatt rouge, orange, vert : suivi de l\u2019alimentation en \u00e9lectricit\u00e9 en France<span class=\"ez-toc-section-end\"><\/span><\/h2>\n<p>Ecowatt est l\u2019indicateur de la situation du syst\u00e8me \u00e9lectrique fran\u00e7ais, de son niveau de contrainte, \u00e9tabli par RTE, gestionnaire du r\u00e9seau d\u2019\u00e9lectricit\u00e9 en France, au niveau national (pas de diff\u00e9rentiation selon les r\u00e9gions). C\u2019est aussi un syst\u00e8me d\u2019alerte de la population, des entreprises et des collectivit\u00e9s locale, permettant d\u2019avertir de la n\u00e9cessit\u00e9 de diminuer sa consommation d\u2019\u00e9lectricit\u00e9, quand le signal orange ou rouge est d\u00e9clench\u00e9.<\/p>\n<p>Il existe trois types de signaux Ecowatt :<\/p>\n<ul>\n<li>L\u2019alerte Ecowatt rouge, synonyme de tr\u00e8s forte tension sur le r\u00e9seau \u00e9lectrique, signifie que \u00ab des coupures sont in\u00e9vitables si nous ne baissons pas notre consommation \u00bb, indique Xavier Piechaczyk, pr\u00e9sident du directoire de RTE. C\u2019est un signal de risque fort de d\u00e9lestage ;<\/li>\n<li>Ecowatt orange est un signal de tension sur le r\u00e9seau \u00e9lectrique, sans risque de coupure et un appel aux \u00e9cogestes pour \u00e9loigner ce risque ; une diminution de la tension de 5% et l\u2019interruption des activit\u00e9s industrielles \u00e9lectro-intensives ne sont pas exclues ;<\/li>\n<li>le signal Ecowatt vert signifie que la situation est normale et la consommation adapt\u00e9e \u00e0 la production d\u2019\u00e9lectricit\u00e9<\/li>\n<\/ul>\n<p>Ecowatt annoncera un signal orange ou rouge trois jours \u00e0 l\u2019avance (J-3) ainsi qu\u2019\u00e0 l\u2019approche d\u2019un cr\u00e9neau orange ou rouge durant les heures qui pr\u00e9c\u00e8dent.<\/p>\n<p>Les signaux Ecowatt seront diffus\u00e9s (liste non exhaustive) :<\/p>\n<ul>\n<li>par les grands distributeurs d\u2019\u00e9lectricit\u00e9<\/li>\n<li>par de nombreux m\u00e9dias<\/li>\n<li>par des enseignes de grande distribution<\/li>\n<li>par La Poste<\/li>\n<li>par des agences immobili\u00e8res<\/li>\n<li>par SMS pour les personnes inscrites via le site Monecowatt.fr<\/li>\n<\/ul>\n<p>En cas de d\u00e9clenchement de l\u2019alerte Ecowatt rouge, la consommation pr\u00e9visionnelle d\u2019\u00e9lectricit\u00e9 ne pourra pas \u00eatre couverte par la production fran\u00e7aise disponible compl\u00e9t\u00e9e par les importations d\u2019\u00e9lectricit\u00e9. Sans baisse volontaire de la consommation lors de l\u2019\u00e9mission d\u2019une alerte Ecowatt rouge, RTE indique devoir se trouver contrainte de proc\u00e9der \u00e0 des coupures.<\/p>\n<p>Chaque particulier peut s\u2019abonner au service Ecowatt pour recevoir des alertes par SMS ou e-mail sur le site monecowatt.fr et t\u00e9l\u00e9charger l\u2019application Ecowatt pour smartphone.<\/p>\n<h2><span class=\"ez-toc-section\" id=\"Comment_se_preparer_a_une_coupure_de_courant_chez_soi\"><\/span>Comment se pr\u00e9parer \u00e0 une coupure de courant chez soi ?<span class=\"ez-toc-section-end\"><\/span><\/h2>\n<p>Pour minimiser les d\u00e9sagr\u00e9ments d\u2019une coupure organis\u00e9e par les pouvoirs publics, on peut anticiper en prenant les pr\u00e9cautions suivantes (liste de conseils non exhaustive) :<\/p>\n<ul>\n<li>avoir sous la main un syst\u00e8me d\u2019\u00e9clairage nomade : lanterne LED, lampe-torche, lampe frontale<\/li>\n<li>pr\u00e9parer un lot de bougies<\/li>\n<li>disposer d\u2019un chauffage d\u2019appoint<\/li>\n<li>allumer un feu de chemin\u00e9e ou un po\u00eale \u00e0 bois<\/li>\n<li>disposer d\u2019un syst\u00e8me de cuisson d\u2019appoint : r\u00e9chaud \u00e0 gaz, cuiseur solaire en cas de coupure en journ\u00e9e<\/li>\n<li>laisser son portail \u00e9lectrique ouvert<\/li>\n<li>mettre sa porte de garage en position ferm\u00e9e<\/li>\n<li>recharger son ordinateur et son t\u00e9l\u00e9phone portable \u00e0 l\u2019avance<\/li>\n<li>pr\u00e9venir ses proches \u00e2g\u00e9s ou d\u00e9pendants<\/li>\n<li>se rendre chez ses proches \u00e2g\u00e9s ou en situation de d\u00e9pendance pour les accompagner pendant la coupure<\/li>\n<\/ul>\n<p>En outre, pendant la coupure, les pr\u00e9cautions suivantes peuvent \u00eatre prises (liste non exhaustive) :<\/p>\n<ul>\n<li>\u00e9viter au maximum les d\u00e9placements en voiture<\/li>\n<li>\u00e9viter de prendre l&rsquo;ascenseur<\/li>\n<li>\u00e9viter d&rsquo;ouvrir les fen\u00eatres (pour conserver la chaleur dans le logement)<\/li>\n<li>\u00e9viter d&rsquo;ouvrir le r\u00e9frig\u00e9rateur (en l&rsquo;absence de courant, l&rsquo;appareil ne pourra cr\u00e9er de froid)<\/li>\n<li>appeler le 112 en cas de n\u00e9cessit\u00e9 d&rsquo;appeler un num\u00e9ro de secours<\/li>\n<\/ul>\n<h2><span class=\"ez-toc-section\" id=\"Est-ce_que_je_pourrai_passer_des_appels_telephoniques_et_contacter_les_services_durgence_en_cas_de_delestage\"><\/span>Est-ce que je pourrai passer des appels t\u00e9l\u00e9phoniques et contacter les services d\u2019urgence en cas de d\u00e9lestage ?<span class=\"ez-toc-section-end\"><\/span><\/h2>\n<p>La population risquant d&rsquo;\u00eatre dans l&rsquo;impossibilit\u00e9 d\u2019\u00e9mettre des appels t\u00e9l\u00e9phoniques, les antennes-relais des r\u00e9seaux t\u00e9l\u00e9phoniques n&rsquo;\u00e9tant g\u00e9n\u00e9ralement pas en capacit\u00e9 de supporter les coupures, faute d&rsquo;\u00e9quipements en groupes \u00e9lectrog\u00e8nes ou batteries.<\/p>\n<p>Par cons\u00e9quent, en cas de d\u00e9lestage, il n&rsquo;est pas certain que les num\u00e9ros d&rsquo;urgence \u00e0 deux chiffres (15 pour le Samu, 17 pour la police \/ gendarmerie, 18 pour les sapeurs-pompiers) soient joignables.<\/p>\n<p>L&rsquo;op\u00e9rateur Orange a communiqu\u00e9 le 9 d\u00e9cembre dernier sur les cons\u00e9quences des coupures temporaires sur ses r\u00e9seaux.Le groupe fait d&rsquo;abord savoir qu&rsquo;il dispose du seul r\u00e9seau de t\u00e9l\u00e9phonie mobile en France \u00e0 disposer de batteries de secours sur ses antennes.<\/p>\n<p>Dans les zones concern\u00e9es par les d\u00e9lestages, Orange fait savoir qu&rsquo;une coupure de plus de 20 minutes fera tomber le service. Autrement dit, en cas de coupure, les appels et envois de SMS seront possibles dans les 20 premi\u00e8res minutes sur les 120 minutes que dureront les \u00e9ventuelles coupures. Au-del\u00e0 de ces 20 minutes <em>\u00ab et sur tout le temps de la coupure, t\u00e9l\u00e9phoner, envoyer des SMS ou utiliser toute application n\u00e9cessitant une connexion internet sera impossible \u00bb<\/em>. Une fois la coupure termin\u00e9e, 80 \u00e0 85 % des antennes mobiles seront remises en route automatiquement, les antennes restantes n\u00e9cessitant l\u2019intervention d\u2019un technicien. Le retour \u00e0 la normale pourrait donc \u00eatre progressif dans certains secteurs.<\/p>\n<p>Orange pr\u00e9vient en outre que pendant les coupures, il n&rsquo;y aura pas d&rsquo;acc\u00e8s \u00e0 Internet, ni d&rsquo;utilisation du wifi possible, ni, dans la plupart des cas, d&rsquo;appels possibles depuis un t\u00e9l\u00e9phone fixe (sauf dans le cas d&rsquo;un ancien t\u00e9l\u00e9phone branch\u00e9 sur une prise \u00ab T \u00bb).<\/p>\n<h2><span class=\"ez-toc-section\" id=\"Quel_numero_durgence_appeler_en_cas_de_coupure\"><\/span>Quel num\u00e9ro d&rsquo;urgence appeler en cas de coupure ?<span class=\"ez-toc-section-end\"><\/span><\/h2>\n<p>Le gouvernement va <strong>recommander l&rsquo;appel du 112 pendant les coupures \u00e9ventuelles<\/strong>, le num\u00e9ro d\u2019appel d\u2019urgence europ\u00e9en, accessible sur poste fixe ou mobile. Ce num\u00e9ro court est en effet interop\u00e9rable, donc joignable m\u00eame si l&rsquo;antenne-relais fonctionnelle \u00e0 proximit\u00e9 est celle d&rsquo;un autre op\u00e9rateur que le sien.<\/p>\n<p>Une cartographie des zones blanches du 112 (zones non couvertes) est en cours d&rsquo;\u00e9tablissement pour permettre aux pr\u00e9fets de d\u00e9partements de se pr\u00e9parer.<\/p>\n<h2><span class=\"ez-toc-section\" id=\"Les_mesures_prises_pour_eviter_les_coupures\"><\/span>Les mesures prises pour \u00e9viter les coupures<span class=\"ez-toc-section-end\"><\/span><\/h2>\n<p>Plusieurs mesures d\u2019urgence sont pr\u00e9vues par RTE pour \u00e9viter la mise en \u0153uvre des plans de d\u00e9lestage \u00e9lectrique :<\/p>\n<ul>\n<li>recours au signal Ecowatt rouge pour inviter les collectivit\u00e9s publiques, les entreprises et les m\u00e9nages \u00e0 diminuer volontairement leur consommation \u00e9lectrique par des \u00e9cogestes<\/li>\n<li>\u00ab interruptibilit\u00e9 \u00bb des industriels gros consommateurs d\u2019\u00e9nergie : interruption de leur alimentation en \u00e9lectricit\u00e9 en contrepartie d\u2019une r\u00e9mun\u00e9ration<\/li>\n<li>diminution de la tension de 5% sur r\u00e9seau \u00e0 haute de tension pour r\u00e9duire la puissance consomm\u00e9e par les diff\u00e9rents appareils \u00e9lectriques (chauffage, \u00e9clairage, plaques de cuisson, etc.).<\/li>\n<\/ul>\n<p>Pour \u00e9viter le d\u00e9lestage un jour faisant l\u2019objet de l\u2019\u00e9mission d\u2019un signal Ecowatt rouge, la consommation \u00e9lectrique en France doit diminuer :<\/p>\n<ul>\n<li>de 1 \u00e0 5% en cas d\u2019hiver normal<\/li>\n<li>jusqu\u2019\u00e0 15% en cas de vague de froid<\/li>\n<\/ul>\n","protected":false},"excerpt":{"rendered":"<p>Les risques de coupures de courant, aussi appel\u00e9s d\u00e9lestages tournants, sont faibles pour cet hiver, principalement en raison de la reprise de la production d\u2019\u00e9lectricit\u00e9 d\u2019origine nucl\u00e9aire par rapport \u00e0 l&rsquo;an pass\u00e9 et \u00e0 une baisse de la consommation d&rsquo;\u00e9lectricit\u00e9. Probabilit\u00e9s de coupures, causes, d\u00e9roulement et horaires des d\u00e9lestages, exceptions, fonctionnement de l\u2019alerte Ecowatt\u2026 Toutes les explications.  <\/p>\n","protected":false},"author":13709,"featured_media":9690,"comment_status":"closed","ping_status":"closed","sticky":false,"template":"","format":"standard","meta":{"footnotes":""},"categories":[19],"tags":[],"class_list":["post-9650","post","type-post","status-publish","format-standard","has-post-thumbnail","hentry","category-formalites"],"acf":[],"yoast_head":"<!-- This site is optimized with the Yoast SEO plugin v24.9 - https:\/\/yoast.com\/wordpress\/plugins\/seo\/ -->\n<title>Coupure \u00e9lectricit\u00e9 hiver 2023-2024 : qui est concern\u00e9, d\u00e9roulement, d\u00e9marches<\/title>\n<meta name=\"description\" content=\"Les risques de coupures de courant, ou d\u00e9lestages tournants, sont faibles cet hiver, gr\u00e2ce \u00e0 la baisse de la consommation d\u2019\u00e9lectricit\u00e9.\" \/>\n<meta name=\"robots\" content=\"index, follow, max-snippet:-1, max-image-preview:large, max-video-preview:-1\" \/>\n<link rel=\"canonical\" href=\"https:\/\/www.toutsurmesfinances.com\/vie-pratique\/a\/coupure-de-courant-ou-delestage-cet-hiver\" \/>\n<meta property=\"og:locale\" content=\"fr_FR\" \/>\n<meta property=\"og:type\" content=\"article\" \/>\n<meta property=\"og:title\" content=\"Coupure \u00e9lectricit\u00e9 hiver 2023-2024 : qui est concern\u00e9, d\u00e9roulement, d\u00e9marches\" \/>\n<meta property=\"og:description\" content=\"Les risques de coupures de courant, ou d\u00e9lestages tournants, sont faibles cet hiver, gr\u00e2ce \u00e0 la baisse de la consommation d\u2019\u00e9lectricit\u00e9.\" \/>\n<meta property=\"og:url\" content=\"https:\/\/www.toutsurmesfinances.com\/vie-pratique\/a\/coupure-de-courant-ou-delestage-cet-hiver\" \/>\n<meta property=\"og:site_name\" content=\"Vie pratique\" \/>\n<meta property=\"article:published_time\" content=\"2022-11-17T16:02:26+00:00\" \/>\n<meta property=\"article:modified_time\" content=\"2023-11-20T11:02:06+00:00\" \/>\n<meta property=\"og:image\" content=\"https:\/\/www.toutsurmesfinances.com\/vie-pratique\/wp-content\/uploads\/sites\/9\/2022\/11\/electricite-coupure-montage.jpg\" \/>\n\t<meta property=\"og:image:width\" content=\"823\" \/>\n\t<meta property=\"og:image:height\" content=\"463\" \/>\n\t<meta property=\"og:image:type\" content=\"image\/jpeg\" \/>\n<meta name=\"author\" content=\"Olivier Brunet\" \/>\n<meta name=\"twitter:card\" content=\"summary_large_image\" \/>\n<meta name=\"twitter:creator\" content=\"@Toutsur\" \/>\n<meta name=\"twitter:site\" content=\"@Toutsur\" \/>\n<meta name=\"twitter:label1\" content=\"\u00c9crit par\" \/>\n\t<meta name=\"twitter:data1\" content=\"Olivier Brunet\" \/>\n\t<meta name=\"twitter:label2\" content=\"Dur\u00e9e de lecture estim\u00e9e\" \/>\n\t<meta name=\"twitter:data2\" content=\"20 minutes\" \/>\n<script type=\"application\/ld+json\" class=\"yoast-schema-graph\">{\"@context\":\"https:\/\/schema.org\",\"@graph\":[{\"@type\":\"Article\",\"@id\":\"https:\/\/www.toutsurmesfinances.com\/vie-pratique\/a\/coupure-de-courant-ou-delestage-cet-hiver#article\",\"isPartOf\":{\"@id\":\"https:\/\/www.toutsurmesfinances.com\/vie-pratique\/a\/coupure-de-courant-ou-delestage-cet-hiver\"},\"author\":{\"name\":\"Olivier Brunet\",\"@id\":\"https:\/\/www.toutsurmesfinances.com\/vie-pratique\/#\/schema\/person\/f3692b3163890cd1408bd0dc68a1b55a\"},\"headline\":\"Coupure de courant ou d\u00e9lestage cet hiver 2023-2024 en France : risque, d\u00e9roulement, explications\",\"dateModified\":\"2023-11-20T11:02:06+00:00\",\"mainEntityOfPage\":{\"@id\":\"https:\/\/www.toutsurmesfinances.com\/vie-pratique\/a\/coupure-de-courant-ou-delestage-cet-hiver\"},\"wordCount\":4103,\"publisher\":{\"@id\":\"https:\/\/www.toutsurmesfinances.com\/vie-pratique\/#organization\"},\"image\":{\"@id\":\"https:\/\/www.toutsurmesfinances.com\/vie-pratique\/a\/coupure-de-courant-ou-delestage-cet-hiver#primaryimage\"},\"thumbnailUrl\":\"https:\/\/www.toutsurmesfinances.com\/vie-pratique\/wp-content\/uploads\/sites\/9\/2022\/11\/electricite-coupure-montage.jpg\",\"articleSection\":[\"Formalit\u00e9s\"],\"inLanguage\":\"fr-FR\"},{\"@type\":\"WebPage\",\"@id\":\"https:\/\/www.toutsurmesfinances.com\/vie-pratique\/a\/coupure-de-courant-ou-delestage-cet-hiver\",\"url\":\"https:\/\/www.toutsurmesfinances.com\/vie-pratique\/a\/coupure-de-courant-ou-delestage-cet-hiver\",\"name\":\"Coupure \u00e9lectricit\u00e9 hiver 2023-2024 : qui est concern\u00e9, d\u00e9roulement, d\u00e9marches\",\"isPartOf\":{\"@id\":\"https:\/\/www.toutsurmesfinances.com\/vie-pratique\/#website\"},\"primaryImageOfPage\":{\"@id\":\"https:\/\/www.toutsurmesfinances.com\/vie-pratique\/a\/coupure-de-courant-ou-delestage-cet-hiver#primaryimage\"},\"image\":{\"@id\":\"https:\/\/www.toutsurmesfinances.com\/vie-pratique\/a\/coupure-de-courant-ou-delestage-cet-hiver#primaryimage\"},\"thumbnailUrl\":\"https:\/\/www.toutsurmesfinances.com\/vie-pratique\/wp-content\/uploads\/sites\/9\/2022\/11\/electricite-coupure-montage.jpg\",\"dateModified\":\"2023-11-20T11:02:06+00:00\",\"description\":\"Les risques de coupures de courant, ou d\u00e9lestages tournants, sont faibles cet hiver, gr\u00e2ce \u00e0 la baisse de la consommation d\u2019\u00e9lectricit\u00e9.\",\"breadcrumb\":{\"@id\":\"https:\/\/www.toutsurmesfinances.com\/vie-pratique\/a\/coupure-de-courant-ou-delestage-cet-hiver#breadcrumb\"},\"inLanguage\":\"fr-FR\",\"potentialAction\":[{\"@type\":\"ReadAction\",\"target\":[\"https:\/\/www.toutsurmesfinances.com\/vie-pratique\/a\/coupure-de-courant-ou-delestage-cet-hiver\"]}]},{\"@type\":\"ImageObject\",\"inLanguage\":\"fr-FR\",\"@id\":\"https:\/\/www.toutsurmesfinances.com\/vie-pratique\/a\/coupure-de-courant-ou-delestage-cet-hiver#primaryimage\",\"url\":\"https:\/\/www.toutsurmesfinances.com\/vie-pratique\/wp-content\/uploads\/sites\/9\/2022\/11\/electricite-coupure-montage.jpg\",\"contentUrl\":\"https:\/\/www.toutsurmesfinances.com\/vie-pratique\/wp-content\/uploads\/sites\/9\/2022\/11\/electricite-coupure-montage.jpg\",\"width\":823,\"height\":463},{\"@type\":\"BreadcrumbList\",\"@id\":\"https:\/\/www.toutsurmesfinances.com\/vie-pratique\/a\/coupure-de-courant-ou-delestage-cet-hiver#breadcrumb\",\"itemListElement\":[{\"@type\":\"ListItem\",\"position\":1,\"name\":\"Accueil\",\"item\":\"https:\/\/www.toutsurmesfinances.com\/vie-pratique\/\"},{\"@type\":\"ListItem\",\"position\":2,\"name\":\"Formalit\u00e9s\",\"item\":\"https:\/\/www.toutsurmesfinances.com\/vie-pratique\/c\/formalites\"},{\"@type\":\"ListItem\",\"position\":3,\"name\":\"Coupure de courant ou d\u00e9lestage cet hiver 2023-2024 en France : risque, d\u00e9roulement, explications\"}]},{\"@type\":\"WebSite\",\"@id\":\"https:\/\/www.toutsurmesfinances.com\/vie-pratique\/#website\",\"url\":\"https:\/\/www.toutsurmesfinances.com\/vie-pratique\/\",\"name\":\"Vie pratique\",\"description\":\"\",\"publisher\":{\"@id\":\"https:\/\/www.toutsurmesfinances.com\/vie-pratique\/#organization\"},\"potentialAction\":[{\"@type\":\"SearchAction\",\"target\":{\"@type\":\"EntryPoint\",\"urlTemplate\":\"https:\/\/www.toutsurmesfinances.com\/vie-pratique\/?s={search_term_string}\"},\"query-input\":{\"@type\":\"PropertyValueSpecification\",\"valueRequired\":true,\"valueName\":\"search_term_string\"}}],\"inLanguage\":\"fr-FR\"},{\"@type\":\"Organization\",\"@id\":\"https:\/\/www.toutsurmesfinances.com\/vie-pratique\/#organization\",\"name\":\"Tout Sur Mes Finances\",\"url\":\"https:\/\/www.toutsurmesfinances.com\/vie-pratique\/\",\"logo\":{\"@type\":\"ImageObject\",\"inLanguage\":\"fr-FR\",\"@id\":\"https:\/\/www.toutsurmesfinances.com\/vie-pratique\/#\/schema\/logo\/image\/\",\"url\":\"https:\/\/www.toutsurmesfinances.com\/vie-pratique\/wp-content\/uploads\/sites\/9\/2021\/01\/favicon.png\",\"contentUrl\":\"https:\/\/www.toutsurmesfinances.com\/vie-pratique\/wp-content\/uploads\/sites\/9\/2021\/01\/favicon.png\",\"width\":512,\"height\":512,\"caption\":\"Tout Sur Mes Finances\"},\"image\":{\"@id\":\"https:\/\/www.toutsurmesfinances.com\/vie-pratique\/#\/schema\/logo\/image\/\"},\"sameAs\":[\"https:\/\/x.com\/Toutsur\"]},{\"@type\":\"Person\",\"@id\":\"https:\/\/www.toutsurmesfinances.com\/vie-pratique\/#\/schema\/person\/f3692b3163890cd1408bd0dc68a1b55a\",\"name\":\"Olivier Brunet\",\"image\":{\"@type\":\"ImageObject\",\"inLanguage\":\"fr-FR\",\"@id\":\"https:\/\/www.toutsurmesfinances.com\/vie-pratique\/#\/schema\/person\/image\/\",\"url\":\"https:\/\/secure.gravatar.com\/avatar\/59a19214b7bb3163a27d873fa61f9a80?s=96&d=mm&r=g\",\"contentUrl\":\"https:\/\/secure.gravatar.com\/avatar\/59a19214b7bb3163a27d873fa61f9a80?s=96&d=mm&r=g\",\"caption\":\"Olivier Brunet\"},\"description\":\"Olivier Brunet est cofondateur de\u00a0ToutSurMesFinances.com\u00a0et r\u00e9dacteur en chef sp\u00e9cialis\u00e9 en placements et fiscalit\u00e9\u00a0des particuliers. Pr\u00e9sent\u00a0au sein du\u00a0m\u00e9dia\u00a0depuis sa cr\u00e9ation, il en est l\u2019un des piliers \u00e9ditoriaux. Il analyse les strat\u00e9gies d\u2019investissement,\u00a0suit\u00a0les \u00e9volutions fiscales et les\u00a0probl\u00e9matiques\u00a0patrimoniales\u00a0avec une vision long terme, forg\u00e9e par des ann\u00e9es de pratique et de suivi des march\u00e9s.\u00a0\",\"sameAs\":[\"https:\/\/www.toutsurmesfinances.com\/author\/olivier\",\"https:\/\/www.linkedin.com\/in\/obrunet\/\"]}]}<\/script>\n<!-- \/ Yoast SEO plugin. -->","yoast_head_json":{"title":"Coupure \u00e9lectricit\u00e9 hiver 2023-2024 : qui est concern\u00e9, d\u00e9roulement, d\u00e9marches","description":"Les risques de coupures de courant, ou d\u00e9lestages tournants, sont faibles cet hiver, gr\u00e2ce \u00e0 la baisse de la consommation d\u2019\u00e9lectricit\u00e9.","robots":{"index":"index","follow":"follow","max-snippet":"max-snippet:-1","max-image-preview":"max-image-preview:large","max-video-preview":"max-video-preview:-1"},"canonical":"https:\/\/www.toutsurmesfinances.com\/vie-pratique\/a\/coupure-de-courant-ou-delestage-cet-hiver","og_locale":"fr_FR","og_type":"article","og_title":"Coupure \u00e9lectricit\u00e9 hiver 2023-2024 : qui est concern\u00e9, d\u00e9roulement, d\u00e9marches","og_description":"Les risques de coupures de courant, ou d\u00e9lestages tournants, sont faibles cet hiver, gr\u00e2ce \u00e0 la baisse de la consommation d\u2019\u00e9lectricit\u00e9.","og_url":"https:\/\/www.toutsurmesfinances.com\/vie-pratique\/a\/coupure-de-courant-ou-delestage-cet-hiver","og_site_name":"Vie pratique","article_published_time":"2022-11-17T16:02:26+00:00","article_modified_time":"2023-11-20T11:02:06+00:00","og_image":[{"width":823,"height":463,"url":"https:\/\/www.toutsurmesfinances.com\/vie-pratique\/wp-content\/uploads\/sites\/9\/2022\/11\/electricite-coupure-montage.jpg","type":"image\/jpeg"}],"author":"Olivier Brunet","twitter_card":"summary_large_image","twitter_creator":"@Toutsur","twitter_site":"@Toutsur","twitter_misc":{"\u00c9crit par":"Olivier Brunet","Dur\u00e9e de lecture estim\u00e9e":"20 minutes"},"schema":{"@context":"https:\/\/schema.org","@graph":[{"@type":"Article","@id":"https:\/\/www.toutsurmesfinances.com\/vie-pratique\/a\/coupure-de-courant-ou-delestage-cet-hiver#article","isPartOf":{"@id":"https:\/\/www.toutsurmesfinances.com\/vie-pratique\/a\/coupure-de-courant-ou-delestage-cet-hiver"},"author":{"name":"Olivier Brunet","@id":"https:\/\/www.toutsurmesfinances.com\/vie-pratique\/#\/schema\/person\/f3692b3163890cd1408bd0dc68a1b55a"},"headline":"Coupure de courant ou d\u00e9lestage cet hiver 2023-2024 en France : risque, d\u00e9roulement, explications","dateModified":"2023-11-20T11:02:06+00:00","mainEntityOfPage":{"@id":"https:\/\/www.toutsurmesfinances.com\/vie-pratique\/a\/coupure-de-courant-ou-delestage-cet-hiver"},"wordCount":4103,"publisher":{"@id":"https:\/\/www.toutsurmesfinances.com\/vie-pratique\/#organization"},"image":{"@id":"https:\/\/www.toutsurmesfinances.com\/vie-pratique\/a\/coupure-de-courant-ou-delestage-cet-hiver#primaryimage"},"thumbnailUrl":"https:\/\/www.toutsurmesfinances.com\/vie-pratique\/wp-content\/uploads\/sites\/9\/2022\/11\/electricite-coupure-montage.jpg","articleSection":["Formalit\u00e9s"],"inLanguage":"fr-FR"},{"@type":"WebPage","@id":"https:\/\/www.toutsurmesfinances.com\/vie-pratique\/a\/coupure-de-courant-ou-delestage-cet-hiver","url":"https:\/\/www.toutsurmesfinances.com\/vie-pratique\/a\/coupure-de-courant-ou-delestage-cet-hiver","name":"Coupure \u00e9lectricit\u00e9 hiver 2023-2024 : qui est concern\u00e9, d\u00e9roulement, d\u00e9marches","isPartOf":{"@id":"https:\/\/www.toutsurmesfinances.com\/vie-pratique\/#website"},"primaryImageOfPage":{"@id":"https:\/\/www.toutsurmesfinances.com\/vie-pratique\/a\/coupure-de-courant-ou-delestage-cet-hiver#primaryimage"},"image":{"@id":"https:\/\/www.toutsurmesfinances.com\/vie-pratique\/a\/coupure-de-courant-ou-delestage-cet-hiver#primaryimage"},"thumbnailUrl":"https:\/\/www.toutsurmesfinances.com\/vie-pratique\/wp-content\/uploads\/sites\/9\/2022\/11\/electricite-coupure-montage.jpg","dateModified":"2023-11-20T11:02:06+00:00","description":"Les risques de coupures de courant, ou d\u00e9lestages tournants, sont faibles cet hiver, gr\u00e2ce \u00e0 la baisse de la consommation d\u2019\u00e9lectricit\u00e9.","breadcrumb":{"@id":"https:\/\/www.toutsurmesfinances.com\/vie-pratique\/a\/coupure-de-courant-ou-delestage-cet-hiver#breadcrumb"},"inLanguage":"fr-FR","potentialAction":[{"@type":"ReadAction","target":["https:\/\/www.toutsurmesfinances.com\/vie-pratique\/a\/coupure-de-courant-ou-delestage-cet-hiver"]}]},{"@type":"ImageObject","inLanguage":"fr-FR","@id":"https:\/\/www.toutsurmesfinances.com\/vie-pratique\/a\/coupure-de-courant-ou-delestage-cet-hiver#primaryimage","url":"https:\/\/www.toutsurmesfinances.com\/vie-pratique\/wp-content\/uploads\/sites\/9\/2022\/11\/electricite-coupure-montage.jpg","contentUrl":"https:\/\/www.toutsurmesfinances.com\/vie-pratique\/wp-content\/uploads\/sites\/9\/2022\/11\/electricite-coupure-montage.jpg","width":823,"height":463},{"@type":"BreadcrumbList","@id":"https:\/\/www.toutsurmesfinances.com\/vie-pratique\/a\/coupure-de-courant-ou-delestage-cet-hiver#breadcrumb","itemListElement":[{"@type":"ListItem","position":1,"name":"Accueil","item":"https:\/\/www.toutsurmesfinances.com\/vie-pratique\/"},{"@type":"ListItem","position":2,"name":"Formalit\u00e9s","item":"https:\/\/www.toutsurmesfinances.com\/vie-pratique\/c\/formalites"},{"@type":"ListItem","position":3,"name":"Coupure de courant ou d\u00e9lestage cet hiver 2023-2024 en France : risque, d\u00e9roulement, explications"}]},{"@type":"WebSite","@id":"https:\/\/www.toutsurmesfinances.com\/vie-pratique\/#website","url":"https:\/\/www.toutsurmesfinances.com\/vie-pratique\/","name":"Vie pratique","description":"","publisher":{"@id":"https:\/\/www.toutsurmesfinances.com\/vie-pratique\/#organization"},"potentialAction":[{"@type":"SearchAction","target":{"@type":"EntryPoint","urlTemplate":"https:\/\/www.toutsurmesfinances.com\/vie-pratique\/?s={search_term_string}"},"query-input":{"@type":"PropertyValueSpecification","valueRequired":true,"valueName":"search_term_string"}}],"inLanguage":"fr-FR"},{"@type":"Organization","@id":"https:\/\/www.toutsurmesfinances.com\/vie-pratique\/#organization","name":"Tout Sur Mes Finances","url":"https:\/\/www.toutsurmesfinances.com\/vie-pratique\/","logo":{"@type":"ImageObject","inLanguage":"fr-FR","@id":"https:\/\/www.toutsurmesfinances.com\/vie-pratique\/#\/schema\/logo\/image\/","url":"https:\/\/www.toutsurmesfinances.com\/vie-pratique\/wp-content\/uploads\/sites\/9\/2021\/01\/favicon.png","contentUrl":"https:\/\/www.toutsurmesfinances.com\/vie-pratique\/wp-content\/uploads\/sites\/9\/2021\/01\/favicon.png","width":512,"height":512,"caption":"Tout Sur Mes Finances"},"image":{"@id":"https:\/\/www.toutsurmesfinances.com\/vie-pratique\/#\/schema\/logo\/image\/"},"sameAs":["https:\/\/x.com\/Toutsur"]},{"@type":"Person","@id":"https:\/\/www.toutsurmesfinances.com\/vie-pratique\/#\/schema\/person\/f3692b3163890cd1408bd0dc68a1b55a","name":"Olivier Brunet","image":{"@type":"ImageObject","inLanguage":"fr-FR","@id":"https:\/\/www.toutsurmesfinances.com\/vie-pratique\/#\/schema\/person\/image\/","url":"https:\/\/secure.gravatar.com\/avatar\/59a19214b7bb3163a27d873fa61f9a80?s=96&d=mm&r=g","contentUrl":"https:\/\/secure.gravatar.com\/avatar\/59a19214b7bb3163a27d873fa61f9a80?s=96&d=mm&r=g","caption":"Olivier Brunet"},"description":"Olivier Brunet est cofondateur de\u00a0ToutSurMesFinances.com\u00a0et r\u00e9dacteur en chef sp\u00e9cialis\u00e9 en placements et fiscalit\u00e9\u00a0des particuliers. Pr\u00e9sent\u00a0au sein du\u00a0m\u00e9dia\u00a0depuis sa cr\u00e9ation, il en est l\u2019un des piliers \u00e9ditoriaux. Il analyse les strat\u00e9gies d\u2019investissement,\u00a0suit\u00a0les \u00e9volutions fiscales et les\u00a0probl\u00e9matiques\u00a0patrimoniales\u00a0avec une vision long terme, forg\u00e9e par des ann\u00e9es de pratique et de suivi des march\u00e9s.\u00a0","sameAs":["https:\/\/www.toutsurmesfinances.com\/author\/olivier","https:\/\/www.linkedin.com\/in\/obrunet\/"]}]}},"_links":{"self":[{"href":"https:\/\/www.toutsurmesfinances.com\/vie-pratique\/wp-json\/wp\/v2\/posts\/9650","targetHints":{"allow":["GET"]}}],"collection":[{"href":"https:\/\/www.toutsurmesfinances.com\/vie-pratique\/wp-json\/wp\/v2\/posts"}],"about":[{"href":"https:\/\/www.toutsurmesfinances.com\/vie-pratique\/wp-json\/wp\/v2\/types\/post"}],"author":[{"embeddable":true,"href":"https:\/\/www.toutsurmesfinances.com\/vie-pratique\/wp-json\/wp\/v2\/users\/13709"}],"replies":[{"embeddable":true,"href":"https:\/\/www.toutsurmesfinances.com\/vie-pratique\/wp-json\/wp\/v2\/comments?post=9650"}],"version-history":[{"count":3,"href":"https:\/\/www.toutsurmesfinances.com\/vie-pratique\/wp-json\/wp\/v2\/posts\/9650\/revisions"}],"predecessor-version":[{"id":10653,"href":"https:\/\/www.toutsurmesfinances.com\/vie-pratique\/wp-json\/wp\/v2\/posts\/9650\/revisions\/10653"}],"wp:featuredmedia":[{"embeddable":true,"href":"https:\/\/www.toutsurmesfinances.com\/vie-pratique\/wp-json\/wp\/v2\/media\/9690"}],"wp:attachment":[{"href":"https:\/\/www.toutsurmesfinances.com\/vie-pratique\/wp-json\/wp\/v2\/media?parent=9650"}],"wp:term":[{"taxonomy":"category","embeddable":true,"href":"https:\/\/www.toutsurmesfinances.com\/vie-pratique\/wp-json\/wp\/v2\/categories?post=9650"},{"taxonomy":"post_tag","embeddable":true,"href":"https:\/\/www.toutsurmesfinances.com\/vie-pratique\/wp-json\/wp\/v2\/tags?post=9650"}],"curies":[{"name":"wp","href":"https:\/\/api.w.org\/{rel}","templated":true}]}}